{"id":1277,"date":"2024-05-04T15:31:58","date_gmt":"2024-05-04T12:31:58","guid":{"rendered":"https:\/\/kuzeyinsesi.com\/index.php\/2024\/05\/04\/tore-turkiye-din-isleri-yuksek-kurulu-uyesi-yildirimi-kabul-etti\/"},"modified":"2024-05-04T15:31:58","modified_gmt":"2024-05-04T12:31:58","slug":"tore-turkiye-din-isleri-yuksek-kurulu-uyesi-yildirimi-kabul-etti","status":"publish","type":"post","link":"https:\/\/kuzeyinsesi.org\/index.php\/2024\/05\/04\/tore-turkiye-din-isleri-yuksek-kurulu-uyesi-yildirimi-kabul-etti\/","title":{"rendered":"T\u00f6re, T\u00fcrkiye Din \u0130\u015fleri Y\u00fcksek Kurulu \u00dcyesi Y\u0131ld\u0131r\u0131m\u2019\u0131 kabul etti"},"content":{"rendered":"<div>\n<div class=\"mariselle-image-container center\">\n                                            <\/div>\n<p>Cumhurba\u015fkan\u0131 Vekili, Cumhuriyet Meclisi Ba\u015fkan\u0131 Zorlu T\u00f6re, T\u00fcrkiye Din \u0130\u015fleri Y\u00fcksek Kurulu \u00dcyesi, Ankara \u0130lahiyat Fak\u00fcltesi \u00d6\u011fretim G\u00f6revlisi Prof. Dr. Enbiya Y\u0131ld\u0131r\u0131m ve beraberindeki heyeti kabul etti.<\/p>\n<p>Meclisten verilen bilgiye g\u00f6re, Meclis \u015eeref Salonu\u2019ndaki kabulde konu\u015fan T\u00f6re, T\u00fcrk d\u00fcnyas\u0131 ve \u0130slam co\u011frafyas\u0131n\u0131n \u00f6ncelikleri oldu\u011funa i\u015faret ederek \u0130slam\u2019\u0131n insanl\u0131\u011f\u0131 kucaklayan bir din oldu\u011funu s\u00f6yledi.<\/p>\n<p>T\u00f6re, milli ve manevi de\u011ferleri b\u00fct\u00fcnl\u00fck i\u00e7inde ele al\u0131p \u00e7a\u011fda\u015f de\u011ferlerle gen\u00e7lere \u00f6\u011fretmenin \u00f6nemine de\u011finerek, \u00f6zellikle sosyal medyan\u0131n gen\u00e7leri bu de\u011ferlerden yoksun b\u0131rakmaya \u00e7al\u0131\u015ft\u0131\u011f\u0131n\u0131 vurgulad\u0131.<\/p>\n<p>Son d\u00f6nemlerde baz\u0131 \u00fclkelerde Kuran-\u0131 Kerim\u2019e ve camilere kar\u015f\u0131 d\u00fc\u015fmanl\u0131klar sergilendi\u011finin g\u00f6r\u00fcld\u00fc\u011f\u00fcn\u00fc ifade eden T\u00f6re, baz\u0131 b\u00f6lgelerde bunun devlet politikas\u0131 olarak desteklendi\u011fini belirtti.<\/p>\n<p>B\u00fct\u00fcn dinlere sayg\u0131 duydu\u011funu belirten T\u00f6re, \u00e7at\u0131\u015fmay\u0131 de\u011fil dinler aras\u0131 diyalo\u011fu desteklediklerini s\u00f6yledi.<\/p>\n<p>T\u00f6re, globalle\u015fen d\u00fcnyada din alimlerinin b\u00fcy\u00fck sorumlulu\u011fu oldu\u011funu ifade ederek bar\u0131\u015f\u0131, huzuru ve g\u00fcvenli\u011fi \u00f6n plana \u00e7\u0131karmak gerekti\u011fini kaydetti.<\/p>\n<p>T\u00fcrkiye Din \u0130\u015fleri Y\u00fcksek  Kurulu \u00dcyesi Prof. Dr.  Enbiya Y\u0131ld\u0131r\u0131m da konu\u015fmas\u0131nda, geleneklere uygun \u015fekilde sa\u011fl\u0131kl\u0131 bir din e\u011fitimi verilmesinin \u00f6nemine de\u011findi.<\/p>\n<\/p><\/div>\n<p><script async\n                    defer\n                    crossorigin=\"anonymous\"\n                    src=\"https:\/\/connect.facebook.net\/tr_TR\/sdk.js#xfbml=1&#038;version=v3.3\"\n            ><\/script><\/p>\n","protected":false},"excerpt":{"rendered":"<p>Cumhurba\u015fkan\u0131 Vekili, Cumhuriyet Meclisi Ba\u015fkan\u0131 Zorlu T\u00f6re, T\u00fcrkiye Din \u0130\u015fleri Y\u00fcksek Kurulu \u00dcyesi, Ankara \u0130lahiyat Fak\u00fcltesi \u00d6\u011fretim G\u00f6revlisi Prof. Dr. Enbiya Y\u0131ld\u0131r\u0131m ve beraberindeki heyeti kabul etti. Meclisten verilen bilgiye g\u00f6re, Meclis \u015eeref Salonu\u2019ndaki kabulde konu\u015fan T\u00f6re, T\u00fcrk d\u00fcnyas\u0131 ve \u0130slam co\u011frafyas\u0131n\u0131n \u00f6ncelikleri oldu\u011funa i\u015faret ederek \u0130slam\u2019\u0131n insanl\u0131\u011f\u0131 kucaklayan bir din oldu\u011funu s\u00f6yledi. T\u00f6re, milli [&hellip;]<\/p>\n","protected":false},"author":1,"featured_media":1278,"comment_status":"open","ping_status":"open","sticky":false,"template":"","format":"standard","meta":{"jnews-multi-image_gallery":[],"jnews_single_post":[],"jnews_primary_category":[],"jnews_social_meta":[],"jnews_override_counter":[],"footnotes":""},"categories":[5],"tags":[],"class_list":["post-1277","post","type-post","status-publish","format-standard","has-post-thumbnail","hentry","category-turkiye"],"yoast_head":"<!-- This site is optimized with the Yoast SEO plugin v27.5 - https:\/\/yoast.com\/product\/yoast-seo-wordpress\/ -->\n<title>T\u00f6re, T\u00fcrkiye Din \u0130\u015fleri Y\u00fcksek Kurulu \u00dcyesi Y\u0131ld\u0131r\u0131m\u2019\u0131 kabul etti - Kuzeyin Sesi<\/title>\n<meta name=\"robots\" content=\"index, follow, max-snippet:-1, max-image-preview:large, max-video-preview:-1\" \/>\n<link rel=\"canonical\" href=\"https:\/\/kuzeyinsesi.org\/index.php\/2024\/05\/04\/tore-turkiye-din-isleri-yuksek-kurulu-uyesi-yildirimi-kabul-etti\/\" \/>\n<meta property=\"og:locale\" content=\"tr_TR\" \/>\n<meta property=\"og:type\" content=\"article\" \/>\n<meta property=\"og:title\" content=\"T\u00f6re, T\u00fcrkiye Din \u0130\u015fleri Y\u00fcksek Kurulu \u00dcyesi Y\u0131ld\u0131r\u0131m\u2019\u0131 kabul etti - Kuzeyin Sesi\" \/>\n<meta property=\"og:description\" content=\"Cumhurba\u015fkan\u0131 Vekili, Cumhuriyet Meclisi Ba\u015fkan\u0131 Zorlu T\u00f6re, T\u00fcrkiye Din \u0130\u015fleri Y\u00fcksek Kurulu \u00dcyesi, Ankara \u0130lahiyat Fak\u00fcltesi \u00d6\u011fretim G\u00f6revlisi Prof. Dr. Enbiya Y\u0131ld\u0131r\u0131m ve beraberindeki heyeti kabul etti. Meclisten verilen bilgiye g\u00f6re, Meclis \u015eeref Salonu\u2019ndaki kabulde konu\u015fan T\u00f6re, T\u00fcrk d\u00fcnyas\u0131 ve \u0130slam co\u011frafyas\u0131n\u0131n \u00f6ncelikleri oldu\u011funa i\u015faret ederek \u0130slam\u2019\u0131n insanl\u0131\u011f\u0131 kucaklayan bir din oldu\u011funu s\u00f6yledi. T\u00f6re, milli [&hellip;]\" \/>\n<meta property=\"og:url\" content=\"https:\/\/kuzeyinsesi.org\/index.php\/2024\/05\/04\/tore-turkiye-din-isleri-yuksek-kurulu-uyesi-yildirimi-kabul-etti\/\" \/>\n<meta property=\"og:site_name\" content=\"Kuzeyin Sesi\" \/>\n<meta property=\"article:publisher\" content=\"https:\/\/www.facebook.com\/kuzeyinsesii\" \/>\n<meta property=\"article:published_time\" content=\"2024-05-04T12:31:58+00:00\" \/>\n<meta property=\"og:image\" content=\"https:\/\/kuzeyinsesi.org\/wp-content\/uploads\/2024\/05\/fiql.jpg\" \/>\n\t<meta property=\"og:image:width\" content=\"1800\" \/>\n\t<meta property=\"og:image:height\" content=\"821\" \/>\n\t<meta property=\"og:image:type\" content=\"image\/jpeg\" \/>\n<meta name=\"author\" content=\"Kuzeyin Sesi\" \/>\n<meta name=\"twitter:card\" content=\"summary_large_image\" \/>\n<meta name=\"twitter:creator\" content=\"@kuzeyinsesii\" \/>\n<meta name=\"twitter:site\" content=\"@kuzeyinsesii\" \/>\n<meta name=\"twitter:label1\" content=\"Yazan:\" \/>\n\t<meta name=\"twitter:data1\" content=\"Kuzeyin Sesi\" \/>\n\t<meta name=\"twitter:label2\" content=\"Tahmini okuma s\u00fcresi\" \/>\n\t<meta name=\"twitter:data2\" content=\"1 dakika\" \/>\n<script type=\"application\/ld+json\" class=\"yoast-schema-graph\">{\"@context\":\"https:\\\/\\\/schema.org\",\"@graph\":[{\"@type\":\"Article\",\"@id\":\"https:\\\/\\\/kuzeyinsesi.org\\\/index.php\\\/2024\\\/05\\\/04\\\/tore-turkiye-din-isleri-yuksek-kurulu-uyesi-yildirimi-kabul-etti\\\/#article\",\"isPartOf\":{\"@id\":\"https:\\\/\\\/kuzeyinsesi.org\\\/index.php\\\/2024\\\/05\\\/04\\\/tore-turkiye-din-isleri-yuksek-kurulu-uyesi-yildirimi-kabul-etti\\\/\"},\"author\":{\"name\":\"Kuzeyin Sesi\",\"@id\":\"https:\\\/\\\/kuzeyinsesi.org\\\/#\\\/schema\\\/person\\\/9f859689cdf01485597712386e37f5aa\"},\"headline\":\"T\u00f6re, T\u00fcrkiye Din \u0130\u015fleri Y\u00fcksek Kurulu \u00dcyesi Y\u0131ld\u0131r\u0131m\u2019\u0131 kabul etti\",\"datePublished\":\"2024-05-04T12:31:58+00:00\",\"mainEntityOfPage\":{\"@id\":\"https:\\\/\\\/kuzeyinsesi.org\\\/index.php\\\/2024\\\/05\\\/04\\\/tore-turkiye-din-isleri-yuksek-kurulu-uyesi-yildirimi-kabul-etti\\\/\"},\"wordCount\":252,\"commentCount\":0,\"image\":{\"@id\":\"https:\\\/\\\/kuzeyinsesi.org\\\/index.php\\\/2024\\\/05\\\/04\\\/tore-turkiye-din-isleri-yuksek-kurulu-uyesi-yildirimi-kabul-etti\\\/#primaryimage\"},\"thumbnailUrl\":\"https:\\\/\\\/kuzeyinsesi.org\\\/wp-content\\\/uploads\\\/2024\\\/05\\\/fiql.jpg\",\"articleSection\":[\"T\u00fcrkiye\"],\"inLanguage\":\"tr\",\"potentialAction\":[{\"@type\":\"CommentAction\",\"name\":\"Comment\",\"target\":[\"https:\\\/\\\/kuzeyinsesi.org\\\/index.php\\\/2024\\\/05\\\/04\\\/tore-turkiye-din-isleri-yuksek-kurulu-uyesi-yildirimi-kabul-etti\\\/#respond\"]}]},{\"@type\":\"WebPage\",\"@id\":\"https:\\\/\\\/kuzeyinsesi.org\\\/index.php\\\/2024\\\/05\\\/04\\\/tore-turkiye-din-isleri-yuksek-kurulu-uyesi-yildirimi-kabul-etti\\\/\",\"url\":\"https:\\\/\\\/kuzeyinsesi.org\\\/index.php\\\/2024\\\/05\\\/04\\\/tore-turkiye-din-isleri-yuksek-kurulu-uyesi-yildirimi-kabul-etti\\\/\",\"name\":\"T\u00f6re, T\u00fcrkiye Din \u0130\u015fleri Y\u00fcksek Kurulu \u00dcyesi Y\u0131ld\u0131r\u0131m\u2019\u0131 kabul etti - Kuzeyin Sesi\",\"isPartOf\":{\"@id\":\"https:\\\/\\\/kuzeyinsesi.org\\\/#website\"},\"primaryImageOfPage\":{\"@id\":\"https:\\\/\\\/kuzeyinsesi.org\\\/index.php\\\/2024\\\/05\\\/04\\\/tore-turkiye-din-isleri-yuksek-kurulu-uyesi-yildirimi-kabul-etti\\\/#primaryimage\"},\"image\":{\"@id\":\"https:\\\/\\\/kuzeyinsesi.org\\\/index.php\\\/2024\\\/05\\\/04\\\/tore-turkiye-din-isleri-yuksek-kurulu-uyesi-yildirimi-kabul-etti\\\/#primaryimage\"},\"thumbnailUrl\":\"https:\\\/\\\/kuzeyinsesi.org\\\/wp-content\\\/uploads\\\/2024\\\/05\\\/fiql.jpg\",\"datePublished\":\"2024-05-04T12:31:58+00:00\",\"author\":{\"@id\":\"https:\\\/\\\/kuzeyinsesi.org\\\/#\\\/schema\\\/person\\\/9f859689cdf01485597712386e37f5aa\"},\"breadcrumb\":{\"@id\":\"https:\\\/\\\/kuzeyinsesi.org\\\/index.php\\\/2024\\\/05\\\/04\\\/tore-turkiye-din-isleri-yuksek-kurulu-uyesi-yildirimi-kabul-etti\\\/#breadcrumb\"},\"inLanguage\":\"tr\",\"potentialAction\":[{\"@type\":\"ReadAction\",\"target\":[\"https:\\\/\\\/kuzeyinsesi.org\\\/index.php\\\/2024\\\/05\\\/04\\\/tore-turkiye-din-isleri-yuksek-kurulu-uyesi-yildirimi-kabul-etti\\\/\"]}]},{\"@type\":\"ImageObject\",\"inLanguage\":\"tr\",\"@id\":\"https:\\\/\\\/kuzeyinsesi.org\\\/index.php\\\/2024\\\/05\\\/04\\\/tore-turkiye-din-isleri-yuksek-kurulu-uyesi-yildirimi-kabul-etti\\\/#primaryimage\",\"url\":\"https:\\\/\\\/kuzeyinsesi.org\\\/wp-content\\\/uploads\\\/2024\\\/05\\\/fiql.jpg\",\"contentUrl\":\"https:\\\/\\\/kuzeyinsesi.org\\\/wp-content\\\/uploads\\\/2024\\\/05\\\/fiql.jpg\",\"width\":1800,\"height\":821},{\"@type\":\"BreadcrumbList\",\"@id\":\"https:\\\/\\\/kuzeyinsesi.org\\\/index.php\\\/2024\\\/05\\\/04\\\/tore-turkiye-din-isleri-yuksek-kurulu-uyesi-yildirimi-kabul-etti\\\/#breadcrumb\",\"itemListElement\":[{\"@type\":\"ListItem\",\"position\":1,\"name\":\"Anasayfa\",\"item\":\"https:\\\/\\\/kuzeyinsesi.org\\\/\"},{\"@type\":\"ListItem\",\"position\":2,\"name\":\"T\u00f6re, T\u00fcrkiye Din \u0130\u015fleri Y\u00fcksek Kurulu \u00dcyesi Y\u0131ld\u0131r\u0131m\u2019\u0131 kabul etti\"}]},{\"@type\":\"WebSite\",\"@id\":\"https:\\\/\\\/kuzeyinsesi.org\\\/#website\",\"url\":\"https:\\\/\\\/kuzeyinsesi.org\\\/\",\"name\":\"Kuzeyin Sesi\",\"description\":\"Do\u011fru Haberin Adresi\",\"potentialAction\":[{\"@type\":\"SearchAction\",\"target\":{\"@type\":\"EntryPoint\",\"urlTemplate\":\"https:\\\/\\\/kuzeyinsesi.org\\\/?s={search_term_string}\"},\"query-input\":{\"@type\":\"PropertyValueSpecification\",\"valueRequired\":true,\"valueName\":\"search_term_string\"}}],\"inLanguage\":\"tr\"},{\"@type\":\"Person\",\"@id\":\"https:\\\/\\\/kuzeyinsesi.org\\\/#\\\/schema\\\/person\\\/9f859689cdf01485597712386e37f5aa\",\"name\":\"Kuzeyin Sesi\",\"image\":{\"@type\":\"ImageObject\",\"inLanguage\":\"tr\",\"@id\":\"https:\\\/\\\/secure.gravatar.com\\\/avatar\\\/bab33852abfd8b282518d6ed81826833d77c3c882d9ab608add591ccace47a44?s=96&d=mm&r=g\",\"url\":\"https:\\\/\\\/secure.gravatar.com\\\/avatar\\\/bab33852abfd8b282518d6ed81826833d77c3c882d9ab608add591ccace47a44?s=96&d=mm&r=g\",\"contentUrl\":\"https:\\\/\\\/secure.gravatar.com\\\/avatar\\\/bab33852abfd8b282518d6ed81826833d77c3c882d9ab608add591ccace47a44?s=96&d=mm&r=g\",\"caption\":\"Kuzeyin Sesi\"},\"sameAs\":[\"https:\\\/\\\/kuzeyinsesi.org\"],\"url\":\"https:\\\/\\\/kuzeyinsesi.org\\\/index.php\\\/author\\\/guven\\\/\"}]}<\/script>\n<!-- \/ Yoast SEO plugin. -->","yoast_head_json":{"title":"T\u00f6re, T\u00fcrkiye Din \u0130\u015fleri Y\u00fcksek Kurulu \u00dcyesi Y\u0131ld\u0131r\u0131m\u2019\u0131 kabul etti - Kuzeyin Sesi","robots":{"index":"index","follow":"follow","max-snippet":"max-snippet:-1","max-image-preview":"max-image-preview:large","max-video-preview":"max-video-preview:-1"},"canonical":"https:\/\/kuzeyinsesi.org\/index.php\/2024\/05\/04\/tore-turkiye-din-isleri-yuksek-kurulu-uyesi-yildirimi-kabul-etti\/","og_locale":"tr_TR","og_type":"article","og_title":"T\u00f6re, T\u00fcrkiye Din \u0130\u015fleri Y\u00fcksek Kurulu \u00dcyesi Y\u0131ld\u0131r\u0131m\u2019\u0131 kabul etti - Kuzeyin Sesi","og_description":"Cumhurba\u015fkan\u0131 Vekili, Cumhuriyet Meclisi Ba\u015fkan\u0131 Zorlu T\u00f6re, T\u00fcrkiye Din \u0130\u015fleri Y\u00fcksek Kurulu \u00dcyesi, Ankara \u0130lahiyat Fak\u00fcltesi \u00d6\u011fretim G\u00f6revlisi Prof. Dr. Enbiya Y\u0131ld\u0131r\u0131m ve beraberindeki heyeti kabul etti. Meclisten verilen bilgiye g\u00f6re, Meclis \u015eeref Salonu\u2019ndaki kabulde konu\u015fan T\u00f6re, T\u00fcrk d\u00fcnyas\u0131 ve \u0130slam co\u011frafyas\u0131n\u0131n \u00f6ncelikleri oldu\u011funa i\u015faret ederek \u0130slam\u2019\u0131n insanl\u0131\u011f\u0131 kucaklayan bir din oldu\u011funu s\u00f6yledi. T\u00f6re, milli [&hellip;]","og_url":"https:\/\/kuzeyinsesi.org\/index.php\/2024\/05\/04\/tore-turkiye-din-isleri-yuksek-kurulu-uyesi-yildirimi-kabul-etti\/","og_site_name":"Kuzeyin Sesi","article_publisher":"https:\/\/www.facebook.com\/kuzeyinsesii","article_published_time":"2024-05-04T12:31:58+00:00","og_image":[{"width":1800,"height":821,"url":"https:\/\/kuzeyinsesi.org\/wp-content\/uploads\/2024\/05\/fiql.jpg","type":"image\/jpeg"}],"author":"Kuzeyin Sesi","twitter_card":"summary_large_image","twitter_creator":"@kuzeyinsesii","twitter_site":"@kuzeyinsesii","twitter_misc":{"Yazan:":"Kuzeyin Sesi","Tahmini okuma s\u00fcresi":"1 dakika"},"schema":{"@context":"https:\/\/schema.org","@graph":[{"@type":"Article","@id":"https:\/\/kuzeyinsesi.org\/index.php\/2024\/05\/04\/tore-turkiye-din-isleri-yuksek-kurulu-uyesi-yildirimi-kabul-etti\/#article","isPartOf":{"@id":"https:\/\/kuzeyinsesi.org\/index.php\/2024\/05\/04\/tore-turkiye-din-isleri-yuksek-kurulu-uyesi-yildirimi-kabul-etti\/"},"author":{"name":"Kuzeyin Sesi","@id":"https:\/\/kuzeyinsesi.org\/#\/schema\/person\/9f859689cdf01485597712386e37f5aa"},"headline":"T\u00f6re, T\u00fcrkiye Din \u0130\u015fleri Y\u00fcksek Kurulu \u00dcyesi Y\u0131ld\u0131r\u0131m\u2019\u0131 kabul etti","datePublished":"2024-05-04T12:31:58+00:00","mainEntityOfPage":{"@id":"https:\/\/kuzeyinsesi.org\/index.php\/2024\/05\/04\/tore-turkiye-din-isleri-yuksek-kurulu-uyesi-yildirimi-kabul-etti\/"},"wordCount":252,"commentCount":0,"image":{"@id":"https:\/\/kuzeyinsesi.org\/index.php\/2024\/05\/04\/tore-turkiye-din-isleri-yuksek-kurulu-uyesi-yildirimi-kabul-etti\/#primaryimage"},"thumbnailUrl":"https:\/\/kuzeyinsesi.org\/wp-content\/uploads\/2024\/05\/fiql.jpg","articleSection":["T\u00fcrkiye"],"inLanguage":"tr","potentialAction":[{"@type":"CommentAction","name":"Comment","target":["https:\/\/kuzeyinsesi.org\/index.php\/2024\/05\/04\/tore-turkiye-din-isleri-yuksek-kurulu-uyesi-yildirimi-kabul-etti\/#respond"]}]},{"@type":"WebPage","@id":"https:\/\/kuzeyinsesi.org\/index.php\/2024\/05\/04\/tore-turkiye-din-isleri-yuksek-kurulu-uyesi-yildirimi-kabul-etti\/","url":"https:\/\/kuzeyinsesi.org\/index.php\/2024\/05\/04\/tore-turkiye-din-isleri-yuksek-kurulu-uyesi-yildirimi-kabul-etti\/","name":"T\u00f6re, T\u00fcrkiye Din \u0130\u015fleri Y\u00fcksek Kurulu \u00dcyesi Y\u0131ld\u0131r\u0131m\u2019\u0131 kabul etti - Kuzeyin Sesi","isPartOf":{"@id":"https:\/\/kuzeyinsesi.org\/#website"},"primaryImageOfPage":{"@id":"https:\/\/kuzeyinsesi.org\/index.php\/2024\/05\/04\/tore-turkiye-din-isleri-yuksek-kurulu-uyesi-yildirimi-kabul-etti\/#primaryimage"},"image":{"@id":"https:\/\/kuzeyinsesi.org\/index.php\/2024\/05\/04\/tore-turkiye-din-isleri-yuksek-kurulu-uyesi-yildirimi-kabul-etti\/#primaryimage"},"thumbnailUrl":"https:\/\/kuzeyinsesi.org\/wp-content\/uploads\/2024\/05\/fiql.jpg","datePublished":"2024-05-04T12:31:58+00:00","author":{"@id":"https:\/\/kuzeyinsesi.org\/#\/schema\/person\/9f859689cdf01485597712386e37f5aa"},"breadcrumb":{"@id":"https:\/\/kuzeyinsesi.org\/index.php\/2024\/05\/04\/tore-turkiye-din-isleri-yuksek-kurulu-uyesi-yildirimi-kabul-etti\/#breadcrumb"},"inLanguage":"tr","potentialAction":[{"@type":"ReadAction","target":["https:\/\/kuzeyinsesi.org\/index.php\/2024\/05\/04\/tore-turkiye-din-isleri-yuksek-kurulu-uyesi-yildirimi-kabul-etti\/"]}]},{"@type":"ImageObject","inLanguage":"tr","@id":"https:\/\/kuzeyinsesi.org\/index.php\/2024\/05\/04\/tore-turkiye-din-isleri-yuksek-kurulu-uyesi-yildirimi-kabul-etti\/#primaryimage","url":"https:\/\/kuzeyinsesi.org\/wp-content\/uploads\/2024\/05\/fiql.jpg","contentUrl":"https:\/\/kuzeyinsesi.org\/wp-content\/uploads\/2024\/05\/fiql.jpg","width":1800,"height":821},{"@type":"BreadcrumbList","@id":"https:\/\/kuzeyinsesi.org\/index.php\/2024\/05\/04\/tore-turkiye-din-isleri-yuksek-kurulu-uyesi-yildirimi-kabul-etti\/#breadcrumb","itemListElement":[{"@type":"ListItem","position":1,"name":"Anasayfa","item":"https:\/\/kuzeyinsesi.org\/"},{"@type":"ListItem","position":2,"name":"T\u00f6re, T\u00fcrkiye Din \u0130\u015fleri Y\u00fcksek Kurulu \u00dcyesi Y\u0131ld\u0131r\u0131m\u2019\u0131 kabul etti"}]},{"@type":"WebSite","@id":"https:\/\/kuzeyinsesi.org\/#website","url":"https:\/\/kuzeyinsesi.org\/","name":"Kuzeyin Sesi","description":"Do\u011fru Haberin Adresi","potentialAction":[{"@type":"SearchAction","target":{"@type":"EntryPoint","urlTemplate":"https:\/\/kuzeyinsesi.org\/?s={search_term_string}"},"query-input":{"@type":"PropertyValueSpecification","valueRequired":true,"valueName":"search_term_string"}}],"inLanguage":"tr"},{"@type":"Person","@id":"https:\/\/kuzeyinsesi.org\/#\/schema\/person\/9f859689cdf01485597712386e37f5aa","name":"Kuzeyin Sesi","image":{"@type":"ImageObject","inLanguage":"tr","@id":"https:\/\/secure.gravatar.com\/avatar\/bab33852abfd8b282518d6ed81826833d77c3c882d9ab608add591ccace47a44?s=96&d=mm&r=g","url":"https:\/\/secure.gravatar.com\/avatar\/bab33852abfd8b282518d6ed81826833d77c3c882d9ab608add591ccace47a44?s=96&d=mm&r=g","contentUrl":"https:\/\/secure.gravatar.com\/avatar\/bab33852abfd8b282518d6ed81826833d77c3c882d9ab608add591ccace47a44?s=96&d=mm&r=g","caption":"Kuzeyin Sesi"},"sameAs":["https:\/\/kuzeyinsesi.org"],"url":"https:\/\/kuzeyinsesi.org\/index.php\/author\/guven\/"}]}},"_links":{"self":[{"href":"https:\/\/kuzeyinsesi.org\/index.php\/wp-json\/wp\/v2\/posts\/1277","targetHints":{"allow":["GET"]}}],"collection":[{"href":"https:\/\/kuzeyinsesi.org\/index.php\/wp-json\/wp\/v2\/posts"}],"about":[{"href":"https:\/\/kuzeyinsesi.org\/index.php\/wp-json\/wp\/v2\/types\/post"}],"author":[{"embeddable":true,"href":"https:\/\/kuzeyinsesi.org\/index.php\/wp-json\/wp\/v2\/users\/1"}],"replies":[{"embeddable":true,"href":"https:\/\/kuzeyinsesi.org\/index.php\/wp-json\/wp\/v2\/comments?post=1277"}],"version-history":[{"count":0,"href":"https:\/\/kuzeyinsesi.org\/index.php\/wp-json\/wp\/v2\/posts\/1277\/revisions"}],"wp:featuredmedia":[{"embeddable":true,"href":"https:\/\/kuzeyinsesi.org\/index.php\/wp-json\/wp\/v2\/media\/1278"}],"wp:attachment":[{"href":"https:\/\/kuzeyinsesi.org\/index.php\/wp-json\/wp\/v2\/media?parent=1277"}],"wp:term":[{"taxonomy":"category","embeddable":true,"href":"https:\/\/kuzeyinsesi.org\/index.php\/wp-json\/wp\/v2\/categories?post=1277"},{"taxonomy":"post_tag","embeddable":true,"href":"https:\/\/kuzeyinsesi.org\/index.php\/wp-json\/wp\/v2\/tags?post=1277"}],"curies":[{"name":"wp","href":"https:\/\/api.w.org\/{rel}","templated":true}]}}