{"id":1265,"date":"2024-05-04T15:04:06","date_gmt":"2024-05-04T12:04:06","guid":{"rendered":"https:\/\/kuzeyinsesi.com\/index.php\/2024\/05\/04\/metehan-kavsaginda-alt-gecit-calismalari\/"},"modified":"2024-05-04T15:04:06","modified_gmt":"2024-05-04T12:04:06","slug":"metehan-kavsaginda-alt-gecit-calismalari","status":"publish","type":"post","link":"https:\/\/kuzeyinsesi.org\/index.php\/2024\/05\/04\/metehan-kavsaginda-alt-gecit-calismalari\/","title":{"rendered":"Metehan kav\u015fa\u011f\u0131nda alt ge\u00e7it \u00e7al\u0131\u015fmalar\u0131"},"content":{"rendered":"<div>\n<div class=\"mariselle-image-container center\">\n                                            <\/div>\n<p>\u00a0<\/p>\n<p style=\"font-weight: 300;\"><span style=\"font-weight: 300 !important;\">Lefko\u015fa Dereboyu trafik \u0131\u015f\u0131klar\u0131 ile Metehan d\u00f6nel kav\u015fa\u011f\u0131 aras\u0131ndaki trafik ak\u0131\u015f\u0131, alt ge\u00e7it yap\u0131m\u0131 nedeniyle 12.00\u2019den itibaren servis yolundan sa\u011flan\u0131yor.<\/span><\/p>\n<p style=\"font-weight: 300;\">Trafik Dairesi\u2019nden yap\u0131lan a\u00e7\u0131klamada, bu yolu kullanacak s\u00fcr\u00fcc\u00fclerin can ve mal g\u00fcvenli\u011fi a\u00e7\u0131s\u0131ndan dikkatli ve yava\u015f seyretmeleri istendi.<\/p>\n<p>\u00a0<\/p>\n<div class=\"mariselle-image-container center\">\n                <img decoding=\"async\" width=\"2480\" height=\"1656\" class=\"lazy-image\" alt=\"\" sizes=\"(max-width: 2480px) 100vw, 2480px\" src=\"https:\/\/brtk.net\/wp-content\/uploads\/2024\/05\/04\/kermiya-yol-calismasi-1-so.jpg?ver=3d28d2ffd2c17bba09bd290a4f0f7d89\" srcset=\"https:\/\/brtk.net\/wp-content\/uploads\/2024\/05\/04\/kermiya-yol-calismasi-1-so.jpg?ver=3d28d2ffd2c17bba09bd290a4f0f7d89 2480w, https:\/\/brtk.net\/wp-content\/uploads\/2024\/05\/04\/kermiya-yol-calismasi-1-so-300x200.jpg?ver=4a01d396526015d8ab54af25eafd8026 300w, https:\/\/brtk.net\/wp-content\/uploads\/2024\/05\/04\/kermiya-yol-calismasi-1-so-1024x684.jpg?ver=4a01d396526015d8ab54af25eafd8026 1024w, https:\/\/brtk.net\/wp-content\/uploads\/2024\/05\/04\/kermiya-yol-calismasi-1-so-768x513.jpg?ver=8d7b012687589ce23e198e2b1363e583 768w, https:\/\/brtk.net\/wp-content\/uploads\/2024\/05\/04\/kermiya-yol-calismasi-1-so-1536x1026.jpg?ver=983a2e7c752249b728de15b7e5b419a9 1536w, https:\/\/brtk.net\/wp-content\/uploads\/2024\/05\/04\/kermiya-yol-calismasi-1-so-2048x1368.jpg?ver=471463f72401d31b4c1795482883b3fe 2048w\"\/>                            <\/div>\n<p>\u00a0<\/p>\n<p style=\"font-weight: 300;\">Lefko\u015fa Mehmet Akif Caddesi (Dereboyu) trafik \u0131\u015f\u0131klar\u0131 ile Metehan d\u00f6nel kav\u015fa\u011f\u0131 aras\u0131 \u00e7ift \u015ferit yoldaki trafik ak\u0131\u015f\u0131, Cumhurba\u015fkanl\u0131\u011f\u0131, Cumhuriyet Meclisi ve Millet Bah\u00e7esi yap\u0131m i\u015fleri kapsam\u0131nda yap\u0131lacak alt ge\u00e7it nedeniyle olu\u015fturulan servis yolundan kontroll\u00fc devam edecek.<\/p>\n<p>\u00a0<\/p>\n<p>\u00a0<\/p>\n<p>\u00a0<\/p>\n<\/p><\/div>\n<p><script async\n                    defer\n                    crossorigin=\"anonymous\"\n                    src=\"https:\/\/connect.facebook.net\/tr_TR\/sdk.js#xfbml=1&#038;version=v3.3\"\n            ><\/script><\/p>\n","protected":false},"excerpt":{"rendered":"<p>\u00a0 Lefko\u015fa Dereboyu trafik \u0131\u015f\u0131klar\u0131 ile Metehan d\u00f6nel kav\u015fa\u011f\u0131 aras\u0131ndaki trafik ak\u0131\u015f\u0131, alt ge\u00e7it yap\u0131m\u0131 nedeniyle 12.00\u2019den itibaren servis yolundan sa\u011flan\u0131yor. Trafik Dairesi\u2019nden yap\u0131lan a\u00e7\u0131klamada, bu yolu kullanacak s\u00fcr\u00fcc\u00fclerin can ve mal g\u00fcvenli\u011fi a\u00e7\u0131s\u0131ndan dikkatli ve yava\u015f seyretmeleri istendi. \u00a0 \u00a0 Lefko\u015fa Mehmet Akif Caddesi (Dereboyu) trafik \u0131\u015f\u0131klar\u0131 ile Metehan d\u00f6nel kav\u015fa\u011f\u0131 aras\u0131 \u00e7ift \u015ferit [&hellip;]<\/p>\n","protected":false},"author":1,"featured_media":1266,"comment_status":"open","ping_status":"open","sticky":false,"template":"","format":"standard","meta":{"jnews-multi-image_gallery":[],"jnews_single_post":[],"jnews_primary_category":[],"jnews_social_meta":[],"jnews_override_counter":[],"footnotes":""},"categories":[1],"tags":[],"class_list":["post-1265","post","type-post","status-publish","format-standard","has-post-thumbnail","hentry","category-kibris"],"yoast_head":"<!-- This site is optimized with the Yoast SEO plugin v27.5 - https:\/\/yoast.com\/product\/yoast-seo-wordpress\/ -->\n<title>Metehan kav\u015fa\u011f\u0131nda alt ge\u00e7it \u00e7al\u0131\u015fmalar\u0131 - Kuzeyin Sesi<\/title>\n<meta name=\"robots\" content=\"index, follow, max-snippet:-1, max-image-preview:large, max-video-preview:-1\" \/>\n<link rel=\"canonical\" href=\"https:\/\/kuzeyinsesi.org\/index.php\/2024\/05\/04\/metehan-kavsaginda-alt-gecit-calismalari\/\" \/>\n<meta property=\"og:locale\" content=\"tr_TR\" \/>\n<meta property=\"og:type\" content=\"article\" \/>\n<meta property=\"og:title\" content=\"Metehan kav\u015fa\u011f\u0131nda alt ge\u00e7it \u00e7al\u0131\u015fmalar\u0131 - Kuzeyin Sesi\" \/>\n<meta property=\"og:description\" content=\"\u00a0 Lefko\u015fa Dereboyu trafik \u0131\u015f\u0131klar\u0131 ile Metehan d\u00f6nel kav\u015fa\u011f\u0131 aras\u0131ndaki trafik ak\u0131\u015f\u0131, alt ge\u00e7it yap\u0131m\u0131 nedeniyle 12.00\u2019den itibaren servis yolundan sa\u011flan\u0131yor. Trafik Dairesi\u2019nden yap\u0131lan a\u00e7\u0131klamada, bu yolu kullanacak s\u00fcr\u00fcc\u00fclerin can ve mal g\u00fcvenli\u011fi a\u00e7\u0131s\u0131ndan dikkatli ve yava\u015f seyretmeleri istendi. \u00a0 \u00a0 Lefko\u015fa Mehmet Akif Caddesi (Dereboyu) trafik \u0131\u015f\u0131klar\u0131 ile Metehan d\u00f6nel kav\u015fa\u011f\u0131 aras\u0131 \u00e7ift \u015ferit [&hellip;]\" \/>\n<meta property=\"og:url\" content=\"https:\/\/kuzeyinsesi.org\/index.php\/2024\/05\/04\/metehan-kavsaginda-alt-gecit-calismalari\/\" \/>\n<meta property=\"og:site_name\" content=\"Kuzeyin Sesi\" \/>\n<meta property=\"article:publisher\" content=\"https:\/\/www.facebook.com\/kuzeyinsesii\" \/>\n<meta property=\"article:published_time\" content=\"2024-05-04T12:04:06+00:00\" \/>\n<meta property=\"og:image\" content=\"https:\/\/kuzeyinsesi.org\/wp-content\/uploads\/2024\/05\/kermiya-yol-calismasi-1-so.jpg\" \/>\n\t<meta property=\"og:image:width\" content=\"2480\" \/>\n\t<meta property=\"og:image:height\" content=\"1656\" \/>\n\t<meta property=\"og:image:type\" content=\"image\/jpeg\" \/>\n<meta name=\"author\" content=\"Kuzeyin Sesi\" \/>\n<meta name=\"twitter:card\" content=\"summary_large_image\" \/>\n<meta name=\"twitter:creator\" content=\"@kuzeyinsesii\" \/>\n<meta name=\"twitter:site\" content=\"@kuzeyinsesii\" \/>\n<meta name=\"twitter:label1\" content=\"Yazan:\" \/>\n\t<meta name=\"twitter:data1\" content=\"Kuzeyin Sesi\" \/>\n\t<meta name=\"twitter:label2\" content=\"Tahmini okuma s\u00fcresi\" \/>\n\t<meta name=\"twitter:data2\" content=\"1 dakika\" \/>\n<script type=\"application\/ld+json\" class=\"yoast-schema-graph\">{\"@context\":\"https:\\\/\\\/schema.org\",\"@graph\":[{\"@type\":\"Article\",\"@id\":\"https:\\\/\\\/kuzeyinsesi.org\\\/index.php\\\/2024\\\/05\\\/04\\\/metehan-kavsaginda-alt-gecit-calismalari\\\/#article\",\"isPartOf\":{\"@id\":\"https:\\\/\\\/kuzeyinsesi.org\\\/index.php\\\/2024\\\/05\\\/04\\\/metehan-kavsaginda-alt-gecit-calismalari\\\/\"},\"author\":{\"name\":\"Kuzeyin Sesi\",\"@id\":\"https:\\\/\\\/kuzeyinsesi.org\\\/#\\\/schema\\\/person\\\/9f859689cdf01485597712386e37f5aa\"},\"headline\":\"Metehan kav\u015fa\u011f\u0131nda alt ge\u00e7it \u00e7al\u0131\u015fmalar\u0131\",\"datePublished\":\"2024-05-04T12:04:06+00:00\",\"mainEntityOfPage\":{\"@id\":\"https:\\\/\\\/kuzeyinsesi.org\\\/index.php\\\/2024\\\/05\\\/04\\\/metehan-kavsaginda-alt-gecit-calismalari\\\/\"},\"wordCount\":112,\"commentCount\":0,\"image\":{\"@id\":\"https:\\\/\\\/kuzeyinsesi.org\\\/index.php\\\/2024\\\/05\\\/04\\\/metehan-kavsaginda-alt-gecit-calismalari\\\/#primaryimage\"},\"thumbnailUrl\":\"https:\\\/\\\/kuzeyinsesi.org\\\/wp-content\\\/uploads\\\/2024\\\/05\\\/kermiya-yol-calismasi-1-so.jpg\",\"articleSection\":[\"K\u0131br\u0131s\"],\"inLanguage\":\"tr\",\"potentialAction\":[{\"@type\":\"CommentAction\",\"name\":\"Comment\",\"target\":[\"https:\\\/\\\/kuzeyinsesi.org\\\/index.php\\\/2024\\\/05\\\/04\\\/metehan-kavsaginda-alt-gecit-calismalari\\\/#respond\"]}]},{\"@type\":\"WebPage\",\"@id\":\"https:\\\/\\\/kuzeyinsesi.org\\\/index.php\\\/2024\\\/05\\\/04\\\/metehan-kavsaginda-alt-gecit-calismalari\\\/\",\"url\":\"https:\\\/\\\/kuzeyinsesi.org\\\/index.php\\\/2024\\\/05\\\/04\\\/metehan-kavsaginda-alt-gecit-calismalari\\\/\",\"name\":\"Metehan kav\u015fa\u011f\u0131nda alt ge\u00e7it \u00e7al\u0131\u015fmalar\u0131 - Kuzeyin Sesi\",\"isPartOf\":{\"@id\":\"https:\\\/\\\/kuzeyinsesi.org\\\/#website\"},\"primaryImageOfPage\":{\"@id\":\"https:\\\/\\\/kuzeyinsesi.org\\\/index.php\\\/2024\\\/05\\\/04\\\/metehan-kavsaginda-alt-gecit-calismalari\\\/#primaryimage\"},\"image\":{\"@id\":\"https:\\\/\\\/kuzeyinsesi.org\\\/index.php\\\/2024\\\/05\\\/04\\\/metehan-kavsaginda-alt-gecit-calismalari\\\/#primaryimage\"},\"thumbnailUrl\":\"https:\\\/\\\/kuzeyinsesi.org\\\/wp-content\\\/uploads\\\/2024\\\/05\\\/kermiya-yol-calismasi-1-so.jpg\",\"datePublished\":\"2024-05-04T12:04:06+00:00\",\"author\":{\"@id\":\"https:\\\/\\\/kuzeyinsesi.org\\\/#\\\/schema\\\/person\\\/9f859689cdf01485597712386e37f5aa\"},\"breadcrumb\":{\"@id\":\"https:\\\/\\\/kuzeyinsesi.org\\\/index.php\\\/2024\\\/05\\\/04\\\/metehan-kavsaginda-alt-gecit-calismalari\\\/#breadcrumb\"},\"inLanguage\":\"tr\",\"potentialAction\":[{\"@type\":\"ReadAction\",\"target\":[\"https:\\\/\\\/kuzeyinsesi.org\\\/index.php\\\/2024\\\/05\\\/04\\\/metehan-kavsaginda-alt-gecit-calismalari\\\/\"]}]},{\"@type\":\"ImageObject\",\"inLanguage\":\"tr\",\"@id\":\"https:\\\/\\\/kuzeyinsesi.org\\\/index.php\\\/2024\\\/05\\\/04\\\/metehan-kavsaginda-alt-gecit-calismalari\\\/#primaryimage\",\"url\":\"https:\\\/\\\/kuzeyinsesi.org\\\/wp-content\\\/uploads\\\/2024\\\/05\\\/kermiya-yol-calismasi-1-so.jpg\",\"contentUrl\":\"https:\\\/\\\/kuzeyinsesi.org\\\/wp-content\\\/uploads\\\/2024\\\/05\\\/kermiya-yol-calismasi-1-so.jpg\",\"width\":2480,\"height\":1656},{\"@type\":\"BreadcrumbList\",\"@id\":\"https:\\\/\\\/kuzeyinsesi.org\\\/index.php\\\/2024\\\/05\\\/04\\\/metehan-kavsaginda-alt-gecit-calismalari\\\/#breadcrumb\",\"itemListElement\":[{\"@type\":\"ListItem\",\"position\":1,\"name\":\"Anasayfa\",\"item\":\"https:\\\/\\\/kuzeyinsesi.org\\\/\"},{\"@type\":\"ListItem\",\"position\":2,\"name\":\"Metehan kav\u015fa\u011f\u0131nda alt ge\u00e7it \u00e7al\u0131\u015fmalar\u0131\"}]},{\"@type\":\"WebSite\",\"@id\":\"https:\\\/\\\/kuzeyinsesi.org\\\/#website\",\"url\":\"https:\\\/\\\/kuzeyinsesi.org\\\/\",\"name\":\"Kuzeyin Sesi\",\"description\":\"Do\u011fru Haberin Adresi\",\"potentialAction\":[{\"@type\":\"SearchAction\",\"target\":{\"@type\":\"EntryPoint\",\"urlTemplate\":\"https:\\\/\\\/kuzeyinsesi.org\\\/?s={search_term_string}\"},\"query-input\":{\"@type\":\"PropertyValueSpecification\",\"valueRequired\":true,\"valueName\":\"search_term_string\"}}],\"inLanguage\":\"tr\"},{\"@type\":\"Person\",\"@id\":\"https:\\\/\\\/kuzeyinsesi.org\\\/#\\\/schema\\\/person\\\/9f859689cdf01485597712386e37f5aa\",\"name\":\"Kuzeyin Sesi\",\"image\":{\"@type\":\"ImageObject\",\"inLanguage\":\"tr\",\"@id\":\"https:\\\/\\\/secure.gravatar.com\\\/avatar\\\/bab33852abfd8b282518d6ed81826833d77c3c882d9ab608add591ccace47a44?s=96&d=mm&r=g\",\"url\":\"https:\\\/\\\/secure.gravatar.com\\\/avatar\\\/bab33852abfd8b282518d6ed81826833d77c3c882d9ab608add591ccace47a44?s=96&d=mm&r=g\",\"contentUrl\":\"https:\\\/\\\/secure.gravatar.com\\\/avatar\\\/bab33852abfd8b282518d6ed81826833d77c3c882d9ab608add591ccace47a44?s=96&d=mm&r=g\",\"caption\":\"Kuzeyin Sesi\"},\"sameAs\":[\"https:\\\/\\\/kuzeyinsesi.org\"],\"url\":\"https:\\\/\\\/kuzeyinsesi.org\\\/index.php\\\/author\\\/guven\\\/\"}]}<\/script>\n<!-- \/ Yoast SEO plugin. -->","yoast_head_json":{"title":"Metehan kav\u015fa\u011f\u0131nda alt ge\u00e7it \u00e7al\u0131\u015fmalar\u0131 - Kuzeyin Sesi","robots":{"index":"index","follow":"follow","max-snippet":"max-snippet:-1","max-image-preview":"max-image-preview:large","max-video-preview":"max-video-preview:-1"},"canonical":"https:\/\/kuzeyinsesi.org\/index.php\/2024\/05\/04\/metehan-kavsaginda-alt-gecit-calismalari\/","og_locale":"tr_TR","og_type":"article","og_title":"Metehan kav\u015fa\u011f\u0131nda alt ge\u00e7it \u00e7al\u0131\u015fmalar\u0131 - Kuzeyin Sesi","og_description":"\u00a0 Lefko\u015fa Dereboyu trafik \u0131\u015f\u0131klar\u0131 ile Metehan d\u00f6nel kav\u015fa\u011f\u0131 aras\u0131ndaki trafik ak\u0131\u015f\u0131, alt ge\u00e7it yap\u0131m\u0131 nedeniyle 12.00\u2019den itibaren servis yolundan sa\u011flan\u0131yor. Trafik Dairesi\u2019nden yap\u0131lan a\u00e7\u0131klamada, bu yolu kullanacak s\u00fcr\u00fcc\u00fclerin can ve mal g\u00fcvenli\u011fi a\u00e7\u0131s\u0131ndan dikkatli ve yava\u015f seyretmeleri istendi. \u00a0 \u00a0 Lefko\u015fa Mehmet Akif Caddesi (Dereboyu) trafik \u0131\u015f\u0131klar\u0131 ile Metehan d\u00f6nel kav\u015fa\u011f\u0131 aras\u0131 \u00e7ift \u015ferit [&hellip;]","og_url":"https:\/\/kuzeyinsesi.org\/index.php\/2024\/05\/04\/metehan-kavsaginda-alt-gecit-calismalari\/","og_site_name":"Kuzeyin Sesi","article_publisher":"https:\/\/www.facebook.com\/kuzeyinsesii","article_published_time":"2024-05-04T12:04:06+00:00","og_image":[{"width":2480,"height":1656,"url":"https:\/\/kuzeyinsesi.org\/wp-content\/uploads\/2024\/05\/kermiya-yol-calismasi-1-so.jpg","type":"image\/jpeg"}],"author":"Kuzeyin Sesi","twitter_card":"summary_large_image","twitter_creator":"@kuzeyinsesii","twitter_site":"@kuzeyinsesii","twitter_misc":{"Yazan:":"Kuzeyin Sesi","Tahmini okuma s\u00fcresi":"1 dakika"},"schema":{"@context":"https:\/\/schema.org","@graph":[{"@type":"Article","@id":"https:\/\/kuzeyinsesi.org\/index.php\/2024\/05\/04\/metehan-kavsaginda-alt-gecit-calismalari\/#article","isPartOf":{"@id":"https:\/\/kuzeyinsesi.org\/index.php\/2024\/05\/04\/metehan-kavsaginda-alt-gecit-calismalari\/"},"author":{"name":"Kuzeyin Sesi","@id":"https:\/\/kuzeyinsesi.org\/#\/schema\/person\/9f859689cdf01485597712386e37f5aa"},"headline":"Metehan kav\u015fa\u011f\u0131nda alt ge\u00e7it \u00e7al\u0131\u015fmalar\u0131","datePublished":"2024-05-04T12:04:06+00:00","mainEntityOfPage":{"@id":"https:\/\/kuzeyinsesi.org\/index.php\/2024\/05\/04\/metehan-kavsaginda-alt-gecit-calismalari\/"},"wordCount":112,"commentCount":0,"image":{"@id":"https:\/\/kuzeyinsesi.org\/index.php\/2024\/05\/04\/metehan-kavsaginda-alt-gecit-calismalari\/#primaryimage"},"thumbnailUrl":"https:\/\/kuzeyinsesi.org\/wp-content\/uploads\/2024\/05\/kermiya-yol-calismasi-1-so.jpg","articleSection":["K\u0131br\u0131s"],"inLanguage":"tr","potentialAction":[{"@type":"CommentAction","name":"Comment","target":["https:\/\/kuzeyinsesi.org\/index.php\/2024\/05\/04\/metehan-kavsaginda-alt-gecit-calismalari\/#respond"]}]},{"@type":"WebPage","@id":"https:\/\/kuzeyinsesi.org\/index.php\/2024\/05\/04\/metehan-kavsaginda-alt-gecit-calismalari\/","url":"https:\/\/kuzeyinsesi.org\/index.php\/2024\/05\/04\/metehan-kavsaginda-alt-gecit-calismalari\/","name":"Metehan kav\u015fa\u011f\u0131nda alt ge\u00e7it \u00e7al\u0131\u015fmalar\u0131 - Kuzeyin Sesi","isPartOf":{"@id":"https:\/\/kuzeyinsesi.org\/#website"},"primaryImageOfPage":{"@id":"https:\/\/kuzeyinsesi.org\/index.php\/2024\/05\/04\/metehan-kavsaginda-alt-gecit-calismalari\/#primaryimage"},"image":{"@id":"https:\/\/kuzeyinsesi.org\/index.php\/2024\/05\/04\/metehan-kavsaginda-alt-gecit-calismalari\/#primaryimage"},"thumbnailUrl":"https:\/\/kuzeyinsesi.org\/wp-content\/uploads\/2024\/05\/kermiya-yol-calismasi-1-so.jpg","datePublished":"2024-05-04T12:04:06+00:00","author":{"@id":"https:\/\/kuzeyinsesi.org\/#\/schema\/person\/9f859689cdf01485597712386e37f5aa"},"breadcrumb":{"@id":"https:\/\/kuzeyinsesi.org\/index.php\/2024\/05\/04\/metehan-kavsaginda-alt-gecit-calismalari\/#breadcrumb"},"inLanguage":"tr","potentialAction":[{"@type":"ReadAction","target":["https:\/\/kuzeyinsesi.org\/index.php\/2024\/05\/04\/metehan-kavsaginda-alt-gecit-calismalari\/"]}]},{"@type":"ImageObject","inLanguage":"tr","@id":"https:\/\/kuzeyinsesi.org\/index.php\/2024\/05\/04\/metehan-kavsaginda-alt-gecit-calismalari\/#primaryimage","url":"https:\/\/kuzeyinsesi.org\/wp-content\/uploads\/2024\/05\/kermiya-yol-calismasi-1-so.jpg","contentUrl":"https:\/\/kuzeyinsesi.org\/wp-content\/uploads\/2024\/05\/kermiya-yol-calismasi-1-so.jpg","width":2480,"height":1656},{"@type":"BreadcrumbList","@id":"https:\/\/kuzeyinsesi.org\/index.php\/2024\/05\/04\/metehan-kavsaginda-alt-gecit-calismalari\/#breadcrumb","itemListElement":[{"@type":"ListItem","position":1,"name":"Anasayfa","item":"https:\/\/kuzeyinsesi.org\/"},{"@type":"ListItem","position":2,"name":"Metehan kav\u015fa\u011f\u0131nda alt ge\u00e7it \u00e7al\u0131\u015fmalar\u0131"}]},{"@type":"WebSite","@id":"https:\/\/kuzeyinsesi.org\/#website","url":"https:\/\/kuzeyinsesi.org\/","name":"Kuzeyin Sesi","description":"Do\u011fru Haberin Adresi","potentialAction":[{"@type":"SearchAction","target":{"@type":"EntryPoint","urlTemplate":"https:\/\/kuzeyinsesi.org\/?s={search_term_string}"},"query-input":{"@type":"PropertyValueSpecification","valueRequired":true,"valueName":"search_term_string"}}],"inLanguage":"tr"},{"@type":"Person","@id":"https:\/\/kuzeyinsesi.org\/#\/schema\/person\/9f859689cdf01485597712386e37f5aa","name":"Kuzeyin Sesi","image":{"@type":"ImageObject","inLanguage":"tr","@id":"https:\/\/secure.gravatar.com\/avatar\/bab33852abfd8b282518d6ed81826833d77c3c882d9ab608add591ccace47a44?s=96&d=mm&r=g","url":"https:\/\/secure.gravatar.com\/avatar\/bab33852abfd8b282518d6ed81826833d77c3c882d9ab608add591ccace47a44?s=96&d=mm&r=g","contentUrl":"https:\/\/secure.gravatar.com\/avatar\/bab33852abfd8b282518d6ed81826833d77c3c882d9ab608add591ccace47a44?s=96&d=mm&r=g","caption":"Kuzeyin Sesi"},"sameAs":["https:\/\/kuzeyinsesi.org"],"url":"https:\/\/kuzeyinsesi.org\/index.php\/author\/guven\/"}]}},"_links":{"self":[{"href":"https:\/\/kuzeyinsesi.org\/index.php\/wp-json\/wp\/v2\/posts\/1265","targetHints":{"allow":["GET"]}}],"collection":[{"href":"https:\/\/kuzeyinsesi.org\/index.php\/wp-json\/wp\/v2\/posts"}],"about":[{"href":"https:\/\/kuzeyinsesi.org\/index.php\/wp-json\/wp\/v2\/types\/post"}],"author":[{"embeddable":true,"href":"https:\/\/kuzeyinsesi.org\/index.php\/wp-json\/wp\/v2\/users\/1"}],"replies":[{"embeddable":true,"href":"https:\/\/kuzeyinsesi.org\/index.php\/wp-json\/wp\/v2\/comments?post=1265"}],"version-history":[{"count":0,"href":"https:\/\/kuzeyinsesi.org\/index.php\/wp-json\/wp\/v2\/posts\/1265\/revisions"}],"wp:featuredmedia":[{"embeddable":true,"href":"https:\/\/kuzeyinsesi.org\/index.php\/wp-json\/wp\/v2\/media\/1266"}],"wp:attachment":[{"href":"https:\/\/kuzeyinsesi.org\/index.php\/wp-json\/wp\/v2\/media?parent=1265"}],"wp:term":[{"taxonomy":"category","embeddable":true,"href":"https:\/\/kuzeyinsesi.org\/index.php\/wp-json\/wp\/v2\/categories?post=1265"},{"taxonomy":"post_tag","embeddable":true,"href":"https:\/\/kuzeyinsesi.org\/index.php\/wp-json\/wp\/v2\/tags?post=1265"}],"curies":[{"name":"wp","href":"https:\/\/api.w.org\/{rel}","templated":true}]}}