{"id":12637,"date":"2024-10-31T15:11:33","date_gmt":"2024-10-31T13:11:33","guid":{"rendered":"https:\/\/kuzeyinsesi.org\/index.php\/2024\/10\/31\/uluslararasi-kuzey-kibris-muzik-festivali-kapsaminda-yarin-aksam-ian-maksin-ve-taliya-hafiz-konser-verecek\/"},"modified":"2024-10-31T15:11:33","modified_gmt":"2024-10-31T13:11:33","slug":"uluslararasi-kuzey-kibris-muzik-festivali-kapsaminda-yarin-aksam-ian-maksin-ve-taliya-hafiz-konser-verecek","status":"publish","type":"post","link":"https:\/\/kuzeyinsesi.org\/index.php\/2024\/10\/31\/uluslararasi-kuzey-kibris-muzik-festivali-kapsaminda-yarin-aksam-ian-maksin-ve-taliya-hafiz-konser-verecek\/","title":{"rendered":"Uluslararas\u0131 Kuzey K\u0131br\u0131s M\u00fczik Festivali kapsam\u0131nda yar\u0131n ak\u015fam Ian Maksin ve Taliya Hafiz konser verecek"},"content":{"rendered":"<div>\n<div class=\"mariselle-image-container center\">\n                                            <\/div>\n<p>Kuzey K\u0131br\u0131s M\u00fczik Derne\u011fi taraf\u0131ndan d\u00fczenlenen 22.Uluslararas\u0131 Kuzey K\u0131br\u0131s M\u00fczik Festivali kapsam\u0131nda yar\u0131n ak\u015fam \u201cIan Maksin &amp; Taliya Haf\u0131z\u201d konser verecek. <\/p>\n<p>Dernek\u2019ten yap\u0131lan yaz\u0131l\u0131 a\u00e7\u0131klamaya g\u00f6re, 30 dilde \u015fark\u0131 s\u00f6yleyen \u00e7ellist, besteci ve \u00e7ok dilli vokalist Ian Maksin, \u201cGezgin \u00c7ellonun M\u00fczi\u011fi Konseri\u201d d\u00fcnya turnesi kapsam\u0131nda vokalist, s\u00f6z yazar\u0131, piyanist, besteci ve yap\u0131mc\u0131 Taliya Hafiz ile Bellapais Manast\u0131r\u0131\u2019nda sahne alacak. Konser saat 20.30\u2019da ba\u015flayacak.<\/p>\n<p>Bu y\u0131l Turizm ve K\u00fclt\u00fcr Bakanl\u0131\u011f\u0131, Deniz Plaza, Rocks Hotel, Bellapais Gardens, Kybele ve Huzur A\u011fa\u00e7 katk\u0131lar\u0131yla d\u00fczenlenen festival, 4 Kas\u0131m Pazartesi ak\u015fam\u0131 Magnetic Faces Trio Konseri ile devam edecek.<\/p>\n<p>T\u00fcm konser biletleri Deniz Plazalardan, Bellapais Manast\u0131r\u0131 Bilet Ofisi ve Online olarak Biletfest.com ile Gisekibris.com\u2019dan temin edilebilir.<\/p>\n<\/p><\/div>\n<p><script async\n                    defer\n                    crossorigin=\"anonymous\"\n                    src=\"https:\/\/connect.facebook.net\/tr_TR\/sdk.js#xfbml=1&#038;version=v3.3\"\n            ><\/script><\/p>\n","protected":false},"excerpt":{"rendered":"<p>Kuzey K\u0131br\u0131s M\u00fczik Derne\u011fi taraf\u0131ndan d\u00fczenlenen 22.Uluslararas\u0131 Kuzey K\u0131br\u0131s M\u00fczik Festivali kapsam\u0131nda yar\u0131n ak\u015fam \u201cIan Maksin &amp; Taliya Haf\u0131z\u201d konser verecek. Dernek\u2019ten yap\u0131lan yaz\u0131l\u0131 a\u00e7\u0131klamaya g\u00f6re, 30 dilde \u015fark\u0131 s\u00f6yleyen \u00e7ellist, besteci ve \u00e7ok dilli vokalist Ian Maksin, \u201cGezgin \u00c7ellonun M\u00fczi\u011fi Konseri\u201d d\u00fcnya turnesi kapsam\u0131nda vokalist, s\u00f6z yazar\u0131, piyanist, besteci ve yap\u0131mc\u0131 Taliya Hafiz ile [&hellip;]<\/p>\n","protected":false},"author":1,"featured_media":12638,"comment_status":"open","ping_status":"open","sticky":false,"template":"","format":"standard","meta":{"jnews-multi-image_gallery":[],"jnews_single_post":[],"jnews_primary_category":[],"jnews_social_meta":[],"jnews_override_counter":[],"footnotes":""},"categories":[6],"tags":[],"class_list":["post-12637","post","type-post","status-publish","format-standard","has-post-thumbnail","hentry","category-yasam"],"yoast_head":"<!-- This site is optimized with the Yoast SEO plugin v27.4 - https:\/\/yoast.com\/product\/yoast-seo-wordpress\/ -->\n<title>Uluslararas\u0131 Kuzey K\u0131br\u0131s M\u00fczik Festivali kapsam\u0131nda yar\u0131n ak\u015fam Ian Maksin ve Taliya Hafiz konser verecek - Kuzeyin Sesi<\/title>\n<meta name=\"robots\" content=\"index, follow, max-snippet:-1, max-image-preview:large, max-video-preview:-1\" \/>\n<link rel=\"canonical\" href=\"https:\/\/kuzeyinsesi.org\/index.php\/2024\/10\/31\/uluslararasi-kuzey-kibris-muzik-festivali-kapsaminda-yarin-aksam-ian-maksin-ve-taliya-hafiz-konser-verecek\/\" \/>\n<meta property=\"og:locale\" content=\"tr_TR\" \/>\n<meta property=\"og:type\" content=\"article\" \/>\n<meta property=\"og:title\" content=\"Uluslararas\u0131 Kuzey K\u0131br\u0131s M\u00fczik Festivali kapsam\u0131nda yar\u0131n ak\u015fam Ian Maksin ve Taliya Hafiz konser verecek - Kuzeyin Sesi\" \/>\n<meta property=\"og:description\" content=\"Kuzey K\u0131br\u0131s M\u00fczik Derne\u011fi taraf\u0131ndan d\u00fczenlenen 22.Uluslararas\u0131 Kuzey K\u0131br\u0131s M\u00fczik Festivali kapsam\u0131nda yar\u0131n ak\u015fam \u201cIan Maksin &amp; Taliya Haf\u0131z\u201d konser verecek. Dernek\u2019ten yap\u0131lan yaz\u0131l\u0131 a\u00e7\u0131klamaya g\u00f6re, 30 dilde \u015fark\u0131 s\u00f6yleyen \u00e7ellist, besteci ve \u00e7ok dilli vokalist Ian Maksin, \u201cGezgin \u00c7ellonun M\u00fczi\u011fi Konseri\u201d d\u00fcnya turnesi kapsam\u0131nda vokalist, s\u00f6z yazar\u0131, piyanist, besteci ve yap\u0131mc\u0131 Taliya Hafiz ile [&hellip;]\" \/>\n<meta property=\"og:url\" content=\"https:\/\/kuzeyinsesi.org\/index.php\/2024\/10\/31\/uluslararasi-kuzey-kibris-muzik-festivali-kapsaminda-yarin-aksam-ian-maksin-ve-taliya-hafiz-konser-verecek\/\" \/>\n<meta property=\"og:site_name\" content=\"Kuzeyin Sesi\" \/>\n<meta property=\"article:publisher\" content=\"https:\/\/www.facebook.com\/kuzeyinsesii\" \/>\n<meta property=\"article:published_time\" content=\"2024-10-31T13:11:33+00:00\" \/>\n<meta property=\"og:image\" content=\"https:\/\/brtk.net\/wp-content\/uploads\/2024\/10\/31\/1-kasim-konser-.jpeg?ver=ca3555ea763f2e897f61679c6b52b6e7\" \/>\n<meta name=\"author\" content=\"Kuzeyin Sesi\" \/>\n<meta name=\"twitter:card\" content=\"summary_large_image\" \/>\n<meta name=\"twitter:creator\" content=\"@kuzeyinsesii\" \/>\n<meta name=\"twitter:site\" content=\"@kuzeyinsesii\" \/>\n<meta name=\"twitter:label1\" content=\"Yazan:\" \/>\n\t<meta name=\"twitter:data1\" content=\"Kuzeyin Sesi\" \/>\n\t<meta name=\"twitter:label2\" content=\"Tahmini okuma s\u00fcresi\" \/>\n\t<meta name=\"twitter:data2\" content=\"1 dakika\" \/>\n<script type=\"application\/ld+json\" class=\"yoast-schema-graph\">{\"@context\":\"https:\\\/\\\/schema.org\",\"@graph\":[{\"@type\":\"Article\",\"@id\":\"https:\\\/\\\/kuzeyinsesi.org\\\/index.php\\\/2024\\\/10\\\/31\\\/uluslararasi-kuzey-kibris-muzik-festivali-kapsaminda-yarin-aksam-ian-maksin-ve-taliya-hafiz-konser-verecek\\\/#article\",\"isPartOf\":{\"@id\":\"https:\\\/\\\/kuzeyinsesi.org\\\/index.php\\\/2024\\\/10\\\/31\\\/uluslararasi-kuzey-kibris-muzik-festivali-kapsaminda-yarin-aksam-ian-maksin-ve-taliya-hafiz-konser-verecek\\\/\"},\"author\":{\"name\":\"Kuzeyin Sesi\",\"@id\":\"https:\\\/\\\/kuzeyinsesi.org\\\/#\\\/schema\\\/person\\\/9f859689cdf01485597712386e37f5aa\"},\"headline\":\"Uluslararas\u0131 Kuzey K\u0131br\u0131s M\u00fczik Festivali kapsam\u0131nda yar\u0131n ak\u015fam Ian Maksin ve Taliya Hafiz konser verecek\",\"datePublished\":\"2024-10-31T13:11:33+00:00\",\"mainEntityOfPage\":{\"@id\":\"https:\\\/\\\/kuzeyinsesi.org\\\/index.php\\\/2024\\\/10\\\/31\\\/uluslararasi-kuzey-kibris-muzik-festivali-kapsaminda-yarin-aksam-ian-maksin-ve-taliya-hafiz-konser-verecek\\\/\"},\"wordCount\":171,\"commentCount\":0,\"image\":{\"@id\":\"https:\\\/\\\/kuzeyinsesi.org\\\/index.php\\\/2024\\\/10\\\/31\\\/uluslararasi-kuzey-kibris-muzik-festivali-kapsaminda-yarin-aksam-ian-maksin-ve-taliya-hafiz-konser-verecek\\\/#primaryimage\"},\"thumbnailUrl\":\"https:\\\/\\\/kuzeyinsesi.org\\\/wp-content\\\/uploads\\\/2024\\\/10\\\/1-kasim-konser-.jpeg\",\"articleSection\":[\"Ya\u015fam\"],\"inLanguage\":\"tr\",\"potentialAction\":[{\"@type\":\"CommentAction\",\"name\":\"Comment\",\"target\":[\"https:\\\/\\\/kuzeyinsesi.org\\\/index.php\\\/2024\\\/10\\\/31\\\/uluslararasi-kuzey-kibris-muzik-festivali-kapsaminda-yarin-aksam-ian-maksin-ve-taliya-hafiz-konser-verecek\\\/#respond\"]}]},{\"@type\":\"WebPage\",\"@id\":\"https:\\\/\\\/kuzeyinsesi.org\\\/index.php\\\/2024\\\/10\\\/31\\\/uluslararasi-kuzey-kibris-muzik-festivali-kapsaminda-yarin-aksam-ian-maksin-ve-taliya-hafiz-konser-verecek\\\/\",\"url\":\"https:\\\/\\\/kuzeyinsesi.org\\\/index.php\\\/2024\\\/10\\\/31\\\/uluslararasi-kuzey-kibris-muzik-festivali-kapsaminda-yarin-aksam-ian-maksin-ve-taliya-hafiz-konser-verecek\\\/\",\"name\":\"Uluslararas\u0131 Kuzey K\u0131br\u0131s M\u00fczik Festivali kapsam\u0131nda yar\u0131n ak\u015fam Ian Maksin ve Taliya Hafiz konser verecek - Kuzeyin Sesi\",\"isPartOf\":{\"@id\":\"https:\\\/\\\/kuzeyinsesi.org\\\/#website\"},\"primaryImageOfPage\":{\"@id\":\"https:\\\/\\\/kuzeyinsesi.org\\\/index.php\\\/2024\\\/10\\\/31\\\/uluslararasi-kuzey-kibris-muzik-festivali-kapsaminda-yarin-aksam-ian-maksin-ve-taliya-hafiz-konser-verecek\\\/#primaryimage\"},\"image\":{\"@id\":\"https:\\\/\\\/kuzeyinsesi.org\\\/index.php\\\/2024\\\/10\\\/31\\\/uluslararasi-kuzey-kibris-muzik-festivali-kapsaminda-yarin-aksam-ian-maksin-ve-taliya-hafiz-konser-verecek\\\/#primaryimage\"},\"thumbnailUrl\":\"https:\\\/\\\/kuzeyinsesi.org\\\/wp-content\\\/uploads\\\/2024\\\/10\\\/1-kasim-konser-.jpeg\",\"datePublished\":\"2024-10-31T13:11:33+00:00\",\"author\":{\"@id\":\"https:\\\/\\\/kuzeyinsesi.org\\\/#\\\/schema\\\/person\\\/9f859689cdf01485597712386e37f5aa\"},\"breadcrumb\":{\"@id\":\"https:\\\/\\\/kuzeyinsesi.org\\\/index.php\\\/2024\\\/10\\\/31\\\/uluslararasi-kuzey-kibris-muzik-festivali-kapsaminda-yarin-aksam-ian-maksin-ve-taliya-hafiz-konser-verecek\\\/#breadcrumb\"},\"inLanguage\":\"tr\",\"potentialAction\":[{\"@type\":\"ReadAction\",\"target\":[\"https:\\\/\\\/kuzeyinsesi.org\\\/index.php\\\/2024\\\/10\\\/31\\\/uluslararasi-kuzey-kibris-muzik-festivali-kapsaminda-yarin-aksam-ian-maksin-ve-taliya-hafiz-konser-verecek\\\/\"]}]},{\"@type\":\"ImageObject\",\"inLanguage\":\"tr\",\"@id\":\"https:\\\/\\\/kuzeyinsesi.org\\\/index.php\\\/2024\\\/10\\\/31\\\/uluslararasi-kuzey-kibris-muzik-festivali-kapsaminda-yarin-aksam-ian-maksin-ve-taliya-hafiz-konser-verecek\\\/#primaryimage\",\"url\":\"https:\\\/\\\/kuzeyinsesi.org\\\/wp-content\\\/uploads\\\/2024\\\/10\\\/1-kasim-konser-.jpeg\",\"contentUrl\":\"https:\\\/\\\/kuzeyinsesi.org\\\/wp-content\\\/uploads\\\/2024\\\/10\\\/1-kasim-konser-.jpeg\",\"width\":1080,\"height\":1080},{\"@type\":\"BreadcrumbList\",\"@id\":\"https:\\\/\\\/kuzeyinsesi.org\\\/index.php\\\/2024\\\/10\\\/31\\\/uluslararasi-kuzey-kibris-muzik-festivali-kapsaminda-yarin-aksam-ian-maksin-ve-taliya-hafiz-konser-verecek\\\/#breadcrumb\",\"itemListElement\":[{\"@type\":\"ListItem\",\"position\":1,\"name\":\"Anasayfa\",\"item\":\"https:\\\/\\\/kuzeyinsesi.org\\\/\"},{\"@type\":\"ListItem\",\"position\":2,\"name\":\"Uluslararas\u0131 Kuzey K\u0131br\u0131s M\u00fczik Festivali kapsam\u0131nda yar\u0131n ak\u015fam Ian Maksin ve Taliya Hafiz konser verecek\"}]},{\"@type\":\"WebSite\",\"@id\":\"https:\\\/\\\/kuzeyinsesi.org\\\/#website\",\"url\":\"https:\\\/\\\/kuzeyinsesi.org\\\/\",\"name\":\"Kuzeyin Sesi\",\"description\":\"Do\u011fru Haberin Adresi\",\"potentialAction\":[{\"@type\":\"SearchAction\",\"target\":{\"@type\":\"EntryPoint\",\"urlTemplate\":\"https:\\\/\\\/kuzeyinsesi.org\\\/?s={search_term_string}\"},\"query-input\":{\"@type\":\"PropertyValueSpecification\",\"valueRequired\":true,\"valueName\":\"search_term_string\"}}],\"inLanguage\":\"tr\"},{\"@type\":\"Person\",\"@id\":\"https:\\\/\\\/kuzeyinsesi.org\\\/#\\\/schema\\\/person\\\/9f859689cdf01485597712386e37f5aa\",\"name\":\"Kuzeyin Sesi\",\"image\":{\"@type\":\"ImageObject\",\"inLanguage\":\"tr\",\"@id\":\"https:\\\/\\\/secure.gravatar.com\\\/avatar\\\/bab33852abfd8b282518d6ed81826833d77c3c882d9ab608add591ccace47a44?s=96&d=mm&r=g\",\"url\":\"https:\\\/\\\/secure.gravatar.com\\\/avatar\\\/bab33852abfd8b282518d6ed81826833d77c3c882d9ab608add591ccace47a44?s=96&d=mm&r=g\",\"contentUrl\":\"https:\\\/\\\/secure.gravatar.com\\\/avatar\\\/bab33852abfd8b282518d6ed81826833d77c3c882d9ab608add591ccace47a44?s=96&d=mm&r=g\",\"caption\":\"Kuzeyin Sesi\"},\"sameAs\":[\"https:\\\/\\\/kuzeyinsesi.org\"],\"url\":\"https:\\\/\\\/kuzeyinsesi.org\\\/index.php\\\/author\\\/guven\\\/\"}]}<\/script>\n<!-- \/ Yoast SEO plugin. -->","yoast_head_json":{"title":"Uluslararas\u0131 Kuzey K\u0131br\u0131s M\u00fczik Festivali kapsam\u0131nda yar\u0131n ak\u015fam Ian Maksin ve Taliya Hafiz konser verecek - Kuzeyin Sesi","robots":{"index":"index","follow":"follow","max-snippet":"max-snippet:-1","max-image-preview":"max-image-preview:large","max-video-preview":"max-video-preview:-1"},"canonical":"https:\/\/kuzeyinsesi.org\/index.php\/2024\/10\/31\/uluslararasi-kuzey-kibris-muzik-festivali-kapsaminda-yarin-aksam-ian-maksin-ve-taliya-hafiz-konser-verecek\/","og_locale":"tr_TR","og_type":"article","og_title":"Uluslararas\u0131 Kuzey K\u0131br\u0131s M\u00fczik Festivali kapsam\u0131nda yar\u0131n ak\u015fam Ian Maksin ve Taliya Hafiz konser verecek - Kuzeyin Sesi","og_description":"Kuzey K\u0131br\u0131s M\u00fczik Derne\u011fi taraf\u0131ndan d\u00fczenlenen 22.Uluslararas\u0131 Kuzey K\u0131br\u0131s M\u00fczik Festivali kapsam\u0131nda yar\u0131n ak\u015fam \u201cIan Maksin &amp; Taliya Haf\u0131z\u201d konser verecek. Dernek\u2019ten yap\u0131lan yaz\u0131l\u0131 a\u00e7\u0131klamaya g\u00f6re, 30 dilde \u015fark\u0131 s\u00f6yleyen \u00e7ellist, besteci ve \u00e7ok dilli vokalist Ian Maksin, \u201cGezgin \u00c7ellonun M\u00fczi\u011fi Konseri\u201d d\u00fcnya turnesi kapsam\u0131nda vokalist, s\u00f6z yazar\u0131, piyanist, besteci ve yap\u0131mc\u0131 Taliya Hafiz ile [&hellip;]","og_url":"https:\/\/kuzeyinsesi.org\/index.php\/2024\/10\/31\/uluslararasi-kuzey-kibris-muzik-festivali-kapsaminda-yarin-aksam-ian-maksin-ve-taliya-hafiz-konser-verecek\/","og_site_name":"Kuzeyin Sesi","article_publisher":"https:\/\/www.facebook.com\/kuzeyinsesii","article_published_time":"2024-10-31T13:11:33+00:00","og_image":[{"url":"https:\/\/brtk.net\/wp-content\/uploads\/2024\/10\/31\/1-kasim-konser-.jpeg?ver=ca3555ea763f2e897f61679c6b52b6e7","type":"","width":"","height":""}],"author":"Kuzeyin Sesi","twitter_card":"summary_large_image","twitter_creator":"@kuzeyinsesii","twitter_site":"@kuzeyinsesii","twitter_misc":{"Yazan:":"Kuzeyin Sesi","Tahmini okuma s\u00fcresi":"1 dakika"},"schema":{"@context":"https:\/\/schema.org","@graph":[{"@type":"Article","@id":"https:\/\/kuzeyinsesi.org\/index.php\/2024\/10\/31\/uluslararasi-kuzey-kibris-muzik-festivali-kapsaminda-yarin-aksam-ian-maksin-ve-taliya-hafiz-konser-verecek\/#article","isPartOf":{"@id":"https:\/\/kuzeyinsesi.org\/index.php\/2024\/10\/31\/uluslararasi-kuzey-kibris-muzik-festivali-kapsaminda-yarin-aksam-ian-maksin-ve-taliya-hafiz-konser-verecek\/"},"author":{"name":"Kuzeyin Sesi","@id":"https:\/\/kuzeyinsesi.org\/#\/schema\/person\/9f859689cdf01485597712386e37f5aa"},"headline":"Uluslararas\u0131 Kuzey K\u0131br\u0131s M\u00fczik Festivali kapsam\u0131nda yar\u0131n ak\u015fam Ian Maksin ve Taliya Hafiz konser verecek","datePublished":"2024-10-31T13:11:33+00:00","mainEntityOfPage":{"@id":"https:\/\/kuzeyinsesi.org\/index.php\/2024\/10\/31\/uluslararasi-kuzey-kibris-muzik-festivali-kapsaminda-yarin-aksam-ian-maksin-ve-taliya-hafiz-konser-verecek\/"},"wordCount":171,"commentCount":0,"image":{"@id":"https:\/\/kuzeyinsesi.org\/index.php\/2024\/10\/31\/uluslararasi-kuzey-kibris-muzik-festivali-kapsaminda-yarin-aksam-ian-maksin-ve-taliya-hafiz-konser-verecek\/#primaryimage"},"thumbnailUrl":"https:\/\/kuzeyinsesi.org\/wp-content\/uploads\/2024\/10\/1-kasim-konser-.jpeg","articleSection":["Ya\u015fam"],"inLanguage":"tr","potentialAction":[{"@type":"CommentAction","name":"Comment","target":["https:\/\/kuzeyinsesi.org\/index.php\/2024\/10\/31\/uluslararasi-kuzey-kibris-muzik-festivali-kapsaminda-yarin-aksam-ian-maksin-ve-taliya-hafiz-konser-verecek\/#respond"]}]},{"@type":"WebPage","@id":"https:\/\/kuzeyinsesi.org\/index.php\/2024\/10\/31\/uluslararasi-kuzey-kibris-muzik-festivali-kapsaminda-yarin-aksam-ian-maksin-ve-taliya-hafiz-konser-verecek\/","url":"https:\/\/kuzeyinsesi.org\/index.php\/2024\/10\/31\/uluslararasi-kuzey-kibris-muzik-festivali-kapsaminda-yarin-aksam-ian-maksin-ve-taliya-hafiz-konser-verecek\/","name":"Uluslararas\u0131 Kuzey K\u0131br\u0131s M\u00fczik Festivali kapsam\u0131nda yar\u0131n ak\u015fam Ian Maksin ve Taliya Hafiz konser verecek - Kuzeyin Sesi","isPartOf":{"@id":"https:\/\/kuzeyinsesi.org\/#website"},"primaryImageOfPage":{"@id":"https:\/\/kuzeyinsesi.org\/index.php\/2024\/10\/31\/uluslararasi-kuzey-kibris-muzik-festivali-kapsaminda-yarin-aksam-ian-maksin-ve-taliya-hafiz-konser-verecek\/#primaryimage"},"image":{"@id":"https:\/\/kuzeyinsesi.org\/index.php\/2024\/10\/31\/uluslararasi-kuzey-kibris-muzik-festivali-kapsaminda-yarin-aksam-ian-maksin-ve-taliya-hafiz-konser-verecek\/#primaryimage"},"thumbnailUrl":"https:\/\/kuzeyinsesi.org\/wp-content\/uploads\/2024\/10\/1-kasim-konser-.jpeg","datePublished":"2024-10-31T13:11:33+00:00","author":{"@id":"https:\/\/kuzeyinsesi.org\/#\/schema\/person\/9f859689cdf01485597712386e37f5aa"},"breadcrumb":{"@id":"https:\/\/kuzeyinsesi.org\/index.php\/2024\/10\/31\/uluslararasi-kuzey-kibris-muzik-festivali-kapsaminda-yarin-aksam-ian-maksin-ve-taliya-hafiz-konser-verecek\/#breadcrumb"},"inLanguage":"tr","potentialAction":[{"@type":"ReadAction","target":["https:\/\/kuzeyinsesi.org\/index.php\/2024\/10\/31\/uluslararasi-kuzey-kibris-muzik-festivali-kapsaminda-yarin-aksam-ian-maksin-ve-taliya-hafiz-konser-verecek\/"]}]},{"@type":"ImageObject","inLanguage":"tr","@id":"https:\/\/kuzeyinsesi.org\/index.php\/2024\/10\/31\/uluslararasi-kuzey-kibris-muzik-festivali-kapsaminda-yarin-aksam-ian-maksin-ve-taliya-hafiz-konser-verecek\/#primaryimage","url":"https:\/\/kuzeyinsesi.org\/wp-content\/uploads\/2024\/10\/1-kasim-konser-.jpeg","contentUrl":"https:\/\/kuzeyinsesi.org\/wp-content\/uploads\/2024\/10\/1-kasim-konser-.jpeg","width":1080,"height":1080},{"@type":"BreadcrumbList","@id":"https:\/\/kuzeyinsesi.org\/index.php\/2024\/10\/31\/uluslararasi-kuzey-kibris-muzik-festivali-kapsaminda-yarin-aksam-ian-maksin-ve-taliya-hafiz-konser-verecek\/#breadcrumb","itemListElement":[{"@type":"ListItem","position":1,"name":"Anasayfa","item":"https:\/\/kuzeyinsesi.org\/"},{"@type":"ListItem","position":2,"name":"Uluslararas\u0131 Kuzey K\u0131br\u0131s M\u00fczik Festivali kapsam\u0131nda yar\u0131n ak\u015fam Ian Maksin ve Taliya Hafiz konser verecek"}]},{"@type":"WebSite","@id":"https:\/\/kuzeyinsesi.org\/#website","url":"https:\/\/kuzeyinsesi.org\/","name":"Kuzeyin Sesi","description":"Do\u011fru Haberin Adresi","potentialAction":[{"@type":"SearchAction","target":{"@type":"EntryPoint","urlTemplate":"https:\/\/kuzeyinsesi.org\/?s={search_term_string}"},"query-input":{"@type":"PropertyValueSpecification","valueRequired":true,"valueName":"search_term_string"}}],"inLanguage":"tr"},{"@type":"Person","@id":"https:\/\/kuzeyinsesi.org\/#\/schema\/person\/9f859689cdf01485597712386e37f5aa","name":"Kuzeyin Sesi","image":{"@type":"ImageObject","inLanguage":"tr","@id":"https:\/\/secure.gravatar.com\/avatar\/bab33852abfd8b282518d6ed81826833d77c3c882d9ab608add591ccace47a44?s=96&d=mm&r=g","url":"https:\/\/secure.gravatar.com\/avatar\/bab33852abfd8b282518d6ed81826833d77c3c882d9ab608add591ccace47a44?s=96&d=mm&r=g","contentUrl":"https:\/\/secure.gravatar.com\/avatar\/bab33852abfd8b282518d6ed81826833d77c3c882d9ab608add591ccace47a44?s=96&d=mm&r=g","caption":"Kuzeyin Sesi"},"sameAs":["https:\/\/kuzeyinsesi.org"],"url":"https:\/\/kuzeyinsesi.org\/index.php\/author\/guven\/"}]}},"_links":{"self":[{"href":"https:\/\/kuzeyinsesi.org\/index.php\/wp-json\/wp\/v2\/posts\/12637","targetHints":{"allow":["GET"]}}],"collection":[{"href":"https:\/\/kuzeyinsesi.org\/index.php\/wp-json\/wp\/v2\/posts"}],"about":[{"href":"https:\/\/kuzeyinsesi.org\/index.php\/wp-json\/wp\/v2\/types\/post"}],"author":[{"embeddable":true,"href":"https:\/\/kuzeyinsesi.org\/index.php\/wp-json\/wp\/v2\/users\/1"}],"replies":[{"embeddable":true,"href":"https:\/\/kuzeyinsesi.org\/index.php\/wp-json\/wp\/v2\/comments?post=12637"}],"version-history":[{"count":0,"href":"https:\/\/kuzeyinsesi.org\/index.php\/wp-json\/wp\/v2\/posts\/12637\/revisions"}],"wp:featuredmedia":[{"embeddable":true,"href":"https:\/\/kuzeyinsesi.org\/index.php\/wp-json\/wp\/v2\/media\/12638"}],"wp:attachment":[{"href":"https:\/\/kuzeyinsesi.org\/index.php\/wp-json\/wp\/v2\/media?parent=12637"}],"wp:term":[{"taxonomy":"category","embeddable":true,"href":"https:\/\/kuzeyinsesi.org\/index.php\/wp-json\/wp\/v2\/categories?post=12637"},{"taxonomy":"post_tag","embeddable":true,"href":"https:\/\/kuzeyinsesi.org\/index.php\/wp-json\/wp\/v2\/tags?post=12637"}],"curies":[{"name":"wp","href":"https:\/\/api.w.org\/{rel}","templated":true}]}}