{"id":12627,"date":"2024-10-31T14:08:42","date_gmt":"2024-10-31T12:08:42","guid":{"rendered":"https:\/\/kuzeyinsesi.org\/index.php\/2024\/10\/31\/13-uluslararasi-karikatur-yarismasi-sergisi-bulgaristanda-acildi\/"},"modified":"2024-10-31T14:08:42","modified_gmt":"2024-10-31T12:08:42","slug":"13-uluslararasi-karikatur-yarismasi-sergisi-bulgaristanda-acildi","status":"publish","type":"post","link":"https:\/\/kuzeyinsesi.org\/index.php\/2024\/10\/31\/13-uluslararasi-karikatur-yarismasi-sergisi-bulgaristanda-acildi\/","title":{"rendered":"13. Uluslararas\u0131 Karikat\u00fcr Yar\u0131\u015fmas\u0131 Sergisi Bulgaristan\u2019da a\u00e7\u0131ld\u0131"},"content":{"rendered":"<div>\n<div class=\"mariselle-image-container center\">\n                                            <\/div>\n<p>Girne Belediyesi ve K\u0131br\u0131s T\u00fcrk Karikat\u00fcrc\u00fcler Derne\u011fi taraf\u0131ndan d\u00fczenlenen 13. Uluslararas\u0131 Karikat\u00fcr Yar\u0131\u015fmas\u0131 Sergisi (13th International Cartoon Contest Kyrenia-Cyprus 2024), Bulgaristan\u2019\u0131n Gabrovo \u015fehrindeki Uluslararas\u0131 Mizah ve Hiciv M\u00fczesi\u2019nde a\u00e7\u0131ld\u0131. <\/p>\n<p>Girne Belediyesi\u2019nden yap\u0131lan a\u00e7\u0131klamaya g\u00f6re, sergi bu y\u0131l \u2018Zeytin Mizah \u015eenli\u011fi \u2013 Uluslararas\u0131 Karikat\u00fcr Yar\u0131\u015fmas\u0131\u2019nda \u00f6d\u00fcl kazanan ve sergilenen karikat\u00fcrlerden olu\u015fuyor.<\/p>\n<p>Sergi a\u00e7\u0131l\u0131\u015f\u0131na, Girne Belediyesi Meclisi \u00dcyesi ve K\u00fclt\u00fcr Sanat Komitesi Ba\u015fkan\u0131 Ziya Egemen Sencer ile Zeytin Mizah \u015eenli\u011fi D\u00fczenleme Komitesi \u00dcyesi Karikat\u00fcrist Zafer Tutkulu, \u2018Uluslararas\u0131 Mizah ve Hiciv M\u00fczesi\u2019nin davetlisi olarak kat\u0131ld\u0131.<\/p>\n<p>Uluslararas\u0131 Mizah ve Hiciv M\u00fczesi Halkla \u0130li\u015fkiler Uzman\u0131 Svetlana Mihailova taraf\u0131ndan a\u00e7\u0131l\u0131\u015f\u0131 yap\u0131lan sergide, M\u00fcze M\u00fcd\u00fcr Yard\u0131mc\u0131s\u0131 Nela Rachevits, D\u00fcnya Karikat\u00fcrc\u00fc \u00d6rg\u00fctleri Federasyonu (FECO \u2013 BULGARIA) Ba\u015fkan\u0131 Ivailo Tsvetkov ve Girne Belediyesi Meclis \u00dcyesi Ziya Egeme Sencer birer konu\u015fma yapt\u0131.<\/p>\n<p>Sergide ayr\u0131ca, \u201cUluslararas\u0131 Zeytin Karikat\u00fcrleri Yar\u0131\u015fmas\u0131\u2019n\u0131n Tarih\u00e7esi ve Renkli Karikat\u00fcrden Siyah \u2013 Beyaz Karikat\u00fcre Ge\u00e7i\u015f Nedenleri\u201d konulu sunum yaz\u0131s\u0131 H\u00fcseyin \u00c7akmak taraf\u0131ndan yap\u0131ld\u0131.<\/p>\n<p>T\u00f6rende, \u201cSerbest\u201d konulu b\u00f6l\u00fcmde birincilik \u00f6d\u00fcl\u00fc kazanan Bulgar karikat\u00fcr sanat\u00e7\u0131s\u0131 Ivailo Tsvetkov\u2019a, \u00f6d\u00fcl\u00fc Ziya Egemen Sencer taraf\u0131ndan takdim edildi.<\/p>\n<p>Toplamda 50 karikat\u00fcr\u00fcn sergilendi\u011fi \u201c13th International Cartoon Contest Kyrenia \u2013 Cyprus 2024\u201d sergisi, 28 \u015eubat 2025 tarihine kadar Uluslararas\u0131 Mizah ve Hiciv M\u00fczesi\u2019nde ziyaret edilebilecek.<\/p>\n<\/p><\/div>\n<p><script async\n                    defer\n                    crossorigin=\"anonymous\"\n                    src=\"https:\/\/connect.facebook.net\/tr_TR\/sdk.js#xfbml=1&#038;version=v3.3\"\n            ><\/script><\/p>\n","protected":false},"excerpt":{"rendered":"<p>Girne Belediyesi ve K\u0131br\u0131s T\u00fcrk Karikat\u00fcrc\u00fcler Derne\u011fi taraf\u0131ndan d\u00fczenlenen 13. Uluslararas\u0131 Karikat\u00fcr Yar\u0131\u015fmas\u0131 Sergisi (13th International Cartoon Contest Kyrenia-Cyprus 2024), Bulgaristan\u2019\u0131n Gabrovo \u015fehrindeki Uluslararas\u0131 Mizah ve Hiciv M\u00fczesi\u2019nde a\u00e7\u0131ld\u0131. Girne Belediyesi\u2019nden yap\u0131lan a\u00e7\u0131klamaya g\u00f6re, sergi bu y\u0131l \u2018Zeytin Mizah \u015eenli\u011fi \u2013 Uluslararas\u0131 Karikat\u00fcr Yar\u0131\u015fmas\u0131\u2019nda \u00f6d\u00fcl kazanan ve sergilenen karikat\u00fcrlerden olu\u015fuyor. Sergi a\u00e7\u0131l\u0131\u015f\u0131na, Girne Belediyesi Meclisi [&hellip;]<\/p>\n","protected":false},"author":1,"featured_media":12628,"comment_status":"open","ping_status":"open","sticky":false,"template":"","format":"standard","meta":{"jnews-multi-image_gallery":[],"jnews_single_post":[],"jnews_primary_category":[],"jnews_social_meta":[],"jnews_override_counter":[],"footnotes":""},"categories":[6],"tags":[],"class_list":["post-12627","post","type-post","status-publish","format-standard","has-post-thumbnail","hentry","category-yasam"],"yoast_head":"<!-- This site is optimized with the Yoast SEO plugin v27.4 - https:\/\/yoast.com\/product\/yoast-seo-wordpress\/ -->\n<title>13. Uluslararas\u0131 Karikat\u00fcr Yar\u0131\u015fmas\u0131 Sergisi Bulgaristan\u2019da a\u00e7\u0131ld\u0131 - Kuzeyin Sesi<\/title>\n<meta name=\"robots\" content=\"index, follow, max-snippet:-1, max-image-preview:large, max-video-preview:-1\" \/>\n<link rel=\"canonical\" href=\"https:\/\/kuzeyinsesi.org\/index.php\/2024\/10\/31\/13-uluslararasi-karikatur-yarismasi-sergisi-bulgaristanda-acildi\/\" \/>\n<meta property=\"og:locale\" content=\"tr_TR\" \/>\n<meta property=\"og:type\" content=\"article\" \/>\n<meta property=\"og:title\" content=\"13. Uluslararas\u0131 Karikat\u00fcr Yar\u0131\u015fmas\u0131 Sergisi Bulgaristan\u2019da a\u00e7\u0131ld\u0131 - Kuzeyin Sesi\" \/>\n<meta property=\"og:description\" content=\"Girne Belediyesi ve K\u0131br\u0131s T\u00fcrk Karikat\u00fcrc\u00fcler Derne\u011fi taraf\u0131ndan d\u00fczenlenen 13. Uluslararas\u0131 Karikat\u00fcr Yar\u0131\u015fmas\u0131 Sergisi (13th International Cartoon Contest Kyrenia-Cyprus 2024), Bulgaristan\u2019\u0131n Gabrovo \u015fehrindeki Uluslararas\u0131 Mizah ve Hiciv M\u00fczesi\u2019nde a\u00e7\u0131ld\u0131. Girne Belediyesi\u2019nden yap\u0131lan a\u00e7\u0131klamaya g\u00f6re, sergi bu y\u0131l \u2018Zeytin Mizah \u015eenli\u011fi \u2013 Uluslararas\u0131 Karikat\u00fcr Yar\u0131\u015fmas\u0131\u2019nda \u00f6d\u00fcl kazanan ve sergilenen karikat\u00fcrlerden olu\u015fuyor. Sergi a\u00e7\u0131l\u0131\u015f\u0131na, Girne Belediyesi Meclisi [&hellip;]\" \/>\n<meta property=\"og:url\" content=\"https:\/\/kuzeyinsesi.org\/index.php\/2024\/10\/31\/13-uluslararasi-karikatur-yarismasi-sergisi-bulgaristanda-acildi\/\" \/>\n<meta property=\"og:site_name\" content=\"Kuzeyin Sesi\" \/>\n<meta property=\"article:publisher\" content=\"https:\/\/www.facebook.com\/kuzeyinsesii\" \/>\n<meta property=\"article:published_time\" content=\"2024-10-31T12:08:42+00:00\" \/>\n<meta property=\"og:image\" content=\"https:\/\/brtk.net\/wp-content\/uploads\/2024\/10\/31\/girne-belediyesi-karikatur-sergi-13-1.jpg?ver=8c6ba5cf1e40889a872b64f059fa0c69\" \/>\n<meta name=\"author\" content=\"Kuzeyin Sesi\" \/>\n<meta name=\"twitter:card\" content=\"summary_large_image\" \/>\n<meta name=\"twitter:creator\" content=\"@kuzeyinsesii\" \/>\n<meta name=\"twitter:site\" content=\"@kuzeyinsesii\" \/>\n<meta name=\"twitter:label1\" content=\"Yazan:\" \/>\n\t<meta name=\"twitter:data1\" content=\"Kuzeyin Sesi\" \/>\n\t<meta name=\"twitter:label2\" content=\"Tahmini okuma s\u00fcresi\" \/>\n\t<meta name=\"twitter:data2\" content=\"1 dakika\" \/>\n<script type=\"application\/ld+json\" class=\"yoast-schema-graph\">{\"@context\":\"https:\\\/\\\/schema.org\",\"@graph\":[{\"@type\":\"Article\",\"@id\":\"https:\\\/\\\/kuzeyinsesi.org\\\/index.php\\\/2024\\\/10\\\/31\\\/13-uluslararasi-karikatur-yarismasi-sergisi-bulgaristanda-acildi\\\/#article\",\"isPartOf\":{\"@id\":\"https:\\\/\\\/kuzeyinsesi.org\\\/index.php\\\/2024\\\/10\\\/31\\\/13-uluslararasi-karikatur-yarismasi-sergisi-bulgaristanda-acildi\\\/\"},\"author\":{\"name\":\"Kuzeyin Sesi\",\"@id\":\"https:\\\/\\\/kuzeyinsesi.org\\\/#\\\/schema\\\/person\\\/9f859689cdf01485597712386e37f5aa\"},\"headline\":\"13. Uluslararas\u0131 Karikat\u00fcr Yar\u0131\u015fmas\u0131 Sergisi Bulgaristan\u2019da a\u00e7\u0131ld\u0131\",\"datePublished\":\"2024-10-31T12:08:42+00:00\",\"mainEntityOfPage\":{\"@id\":\"https:\\\/\\\/kuzeyinsesi.org\\\/index.php\\\/2024\\\/10\\\/31\\\/13-uluslararasi-karikatur-yarismasi-sergisi-bulgaristanda-acildi\\\/\"},\"wordCount\":268,\"commentCount\":0,\"image\":{\"@id\":\"https:\\\/\\\/kuzeyinsesi.org\\\/index.php\\\/2024\\\/10\\\/31\\\/13-uluslararasi-karikatur-yarismasi-sergisi-bulgaristanda-acildi\\\/#primaryimage\"},\"thumbnailUrl\":\"https:\\\/\\\/kuzeyinsesi.org\\\/wp-content\\\/uploads\\\/2024\\\/10\\\/girne-belediyesi-karikatur-sergi-13-1.jpg\",\"articleSection\":[\"Ya\u015fam\"],\"inLanguage\":\"tr\",\"potentialAction\":[{\"@type\":\"CommentAction\",\"name\":\"Comment\",\"target\":[\"https:\\\/\\\/kuzeyinsesi.org\\\/index.php\\\/2024\\\/10\\\/31\\\/13-uluslararasi-karikatur-yarismasi-sergisi-bulgaristanda-acildi\\\/#respond\"]}]},{\"@type\":\"WebPage\",\"@id\":\"https:\\\/\\\/kuzeyinsesi.org\\\/index.php\\\/2024\\\/10\\\/31\\\/13-uluslararasi-karikatur-yarismasi-sergisi-bulgaristanda-acildi\\\/\",\"url\":\"https:\\\/\\\/kuzeyinsesi.org\\\/index.php\\\/2024\\\/10\\\/31\\\/13-uluslararasi-karikatur-yarismasi-sergisi-bulgaristanda-acildi\\\/\",\"name\":\"13. Uluslararas\u0131 Karikat\u00fcr Yar\u0131\u015fmas\u0131 Sergisi Bulgaristan\u2019da a\u00e7\u0131ld\u0131 - Kuzeyin Sesi\",\"isPartOf\":{\"@id\":\"https:\\\/\\\/kuzeyinsesi.org\\\/#website\"},\"primaryImageOfPage\":{\"@id\":\"https:\\\/\\\/kuzeyinsesi.org\\\/index.php\\\/2024\\\/10\\\/31\\\/13-uluslararasi-karikatur-yarismasi-sergisi-bulgaristanda-acildi\\\/#primaryimage\"},\"image\":{\"@id\":\"https:\\\/\\\/kuzeyinsesi.org\\\/index.php\\\/2024\\\/10\\\/31\\\/13-uluslararasi-karikatur-yarismasi-sergisi-bulgaristanda-acildi\\\/#primaryimage\"},\"thumbnailUrl\":\"https:\\\/\\\/kuzeyinsesi.org\\\/wp-content\\\/uploads\\\/2024\\\/10\\\/girne-belediyesi-karikatur-sergi-13-1.jpg\",\"datePublished\":\"2024-10-31T12:08:42+00:00\",\"author\":{\"@id\":\"https:\\\/\\\/kuzeyinsesi.org\\\/#\\\/schema\\\/person\\\/9f859689cdf01485597712386e37f5aa\"},\"breadcrumb\":{\"@id\":\"https:\\\/\\\/kuzeyinsesi.org\\\/index.php\\\/2024\\\/10\\\/31\\\/13-uluslararasi-karikatur-yarismasi-sergisi-bulgaristanda-acildi\\\/#breadcrumb\"},\"inLanguage\":\"tr\",\"potentialAction\":[{\"@type\":\"ReadAction\",\"target\":[\"https:\\\/\\\/kuzeyinsesi.org\\\/index.php\\\/2024\\\/10\\\/31\\\/13-uluslararasi-karikatur-yarismasi-sergisi-bulgaristanda-acildi\\\/\"]}]},{\"@type\":\"ImageObject\",\"inLanguage\":\"tr\",\"@id\":\"https:\\\/\\\/kuzeyinsesi.org\\\/index.php\\\/2024\\\/10\\\/31\\\/13-uluslararasi-karikatur-yarismasi-sergisi-bulgaristanda-acildi\\\/#primaryimage\",\"url\":\"https:\\\/\\\/kuzeyinsesi.org\\\/wp-content\\\/uploads\\\/2024\\\/10\\\/girne-belediyesi-karikatur-sergi-13-1.jpg\",\"contentUrl\":\"https:\\\/\\\/kuzeyinsesi.org\\\/wp-content\\\/uploads\\\/2024\\\/10\\\/girne-belediyesi-karikatur-sergi-13-1.jpg\",\"width\":2048,\"height\":1470},{\"@type\":\"BreadcrumbList\",\"@id\":\"https:\\\/\\\/kuzeyinsesi.org\\\/index.php\\\/2024\\\/10\\\/31\\\/13-uluslararasi-karikatur-yarismasi-sergisi-bulgaristanda-acildi\\\/#breadcrumb\",\"itemListElement\":[{\"@type\":\"ListItem\",\"position\":1,\"name\":\"Anasayfa\",\"item\":\"https:\\\/\\\/kuzeyinsesi.org\\\/\"},{\"@type\":\"ListItem\",\"position\":2,\"name\":\"13. Uluslararas\u0131 Karikat\u00fcr Yar\u0131\u015fmas\u0131 Sergisi Bulgaristan\u2019da a\u00e7\u0131ld\u0131\"}]},{\"@type\":\"WebSite\",\"@id\":\"https:\\\/\\\/kuzeyinsesi.org\\\/#website\",\"url\":\"https:\\\/\\\/kuzeyinsesi.org\\\/\",\"name\":\"Kuzeyin Sesi\",\"description\":\"Do\u011fru Haberin Adresi\",\"potentialAction\":[{\"@type\":\"SearchAction\",\"target\":{\"@type\":\"EntryPoint\",\"urlTemplate\":\"https:\\\/\\\/kuzeyinsesi.org\\\/?s={search_term_string}\"},\"query-input\":{\"@type\":\"PropertyValueSpecification\",\"valueRequired\":true,\"valueName\":\"search_term_string\"}}],\"inLanguage\":\"tr\"},{\"@type\":\"Person\",\"@id\":\"https:\\\/\\\/kuzeyinsesi.org\\\/#\\\/schema\\\/person\\\/9f859689cdf01485597712386e37f5aa\",\"name\":\"Kuzeyin Sesi\",\"image\":{\"@type\":\"ImageObject\",\"inLanguage\":\"tr\",\"@id\":\"https:\\\/\\\/secure.gravatar.com\\\/avatar\\\/bab33852abfd8b282518d6ed81826833d77c3c882d9ab608add591ccace47a44?s=96&d=mm&r=g\",\"url\":\"https:\\\/\\\/secure.gravatar.com\\\/avatar\\\/bab33852abfd8b282518d6ed81826833d77c3c882d9ab608add591ccace47a44?s=96&d=mm&r=g\",\"contentUrl\":\"https:\\\/\\\/secure.gravatar.com\\\/avatar\\\/bab33852abfd8b282518d6ed81826833d77c3c882d9ab608add591ccace47a44?s=96&d=mm&r=g\",\"caption\":\"Kuzeyin Sesi\"},\"sameAs\":[\"https:\\\/\\\/kuzeyinsesi.org\"],\"url\":\"https:\\\/\\\/kuzeyinsesi.org\\\/index.php\\\/author\\\/guven\\\/\"}]}<\/script>\n<!-- \/ Yoast SEO plugin. -->","yoast_head_json":{"title":"13. Uluslararas\u0131 Karikat\u00fcr Yar\u0131\u015fmas\u0131 Sergisi Bulgaristan\u2019da a\u00e7\u0131ld\u0131 - Kuzeyin Sesi","robots":{"index":"index","follow":"follow","max-snippet":"max-snippet:-1","max-image-preview":"max-image-preview:large","max-video-preview":"max-video-preview:-1"},"canonical":"https:\/\/kuzeyinsesi.org\/index.php\/2024\/10\/31\/13-uluslararasi-karikatur-yarismasi-sergisi-bulgaristanda-acildi\/","og_locale":"tr_TR","og_type":"article","og_title":"13. Uluslararas\u0131 Karikat\u00fcr Yar\u0131\u015fmas\u0131 Sergisi Bulgaristan\u2019da a\u00e7\u0131ld\u0131 - Kuzeyin Sesi","og_description":"Girne Belediyesi ve K\u0131br\u0131s T\u00fcrk Karikat\u00fcrc\u00fcler Derne\u011fi taraf\u0131ndan d\u00fczenlenen 13. Uluslararas\u0131 Karikat\u00fcr Yar\u0131\u015fmas\u0131 Sergisi (13th International Cartoon Contest Kyrenia-Cyprus 2024), Bulgaristan\u2019\u0131n Gabrovo \u015fehrindeki Uluslararas\u0131 Mizah ve Hiciv M\u00fczesi\u2019nde a\u00e7\u0131ld\u0131. Girne Belediyesi\u2019nden yap\u0131lan a\u00e7\u0131klamaya g\u00f6re, sergi bu y\u0131l \u2018Zeytin Mizah \u015eenli\u011fi \u2013 Uluslararas\u0131 Karikat\u00fcr Yar\u0131\u015fmas\u0131\u2019nda \u00f6d\u00fcl kazanan ve sergilenen karikat\u00fcrlerden olu\u015fuyor. Sergi a\u00e7\u0131l\u0131\u015f\u0131na, Girne Belediyesi Meclisi [&hellip;]","og_url":"https:\/\/kuzeyinsesi.org\/index.php\/2024\/10\/31\/13-uluslararasi-karikatur-yarismasi-sergisi-bulgaristanda-acildi\/","og_site_name":"Kuzeyin Sesi","article_publisher":"https:\/\/www.facebook.com\/kuzeyinsesii","article_published_time":"2024-10-31T12:08:42+00:00","og_image":[{"url":"https:\/\/brtk.net\/wp-content\/uploads\/2024\/10\/31\/girne-belediyesi-karikatur-sergi-13-1.jpg?ver=8c6ba5cf1e40889a872b64f059fa0c69","type":"","width":"","height":""}],"author":"Kuzeyin Sesi","twitter_card":"summary_large_image","twitter_creator":"@kuzeyinsesii","twitter_site":"@kuzeyinsesii","twitter_misc":{"Yazan:":"Kuzeyin Sesi","Tahmini okuma s\u00fcresi":"1 dakika"},"schema":{"@context":"https:\/\/schema.org","@graph":[{"@type":"Article","@id":"https:\/\/kuzeyinsesi.org\/index.php\/2024\/10\/31\/13-uluslararasi-karikatur-yarismasi-sergisi-bulgaristanda-acildi\/#article","isPartOf":{"@id":"https:\/\/kuzeyinsesi.org\/index.php\/2024\/10\/31\/13-uluslararasi-karikatur-yarismasi-sergisi-bulgaristanda-acildi\/"},"author":{"name":"Kuzeyin Sesi","@id":"https:\/\/kuzeyinsesi.org\/#\/schema\/person\/9f859689cdf01485597712386e37f5aa"},"headline":"13. Uluslararas\u0131 Karikat\u00fcr Yar\u0131\u015fmas\u0131 Sergisi Bulgaristan\u2019da a\u00e7\u0131ld\u0131","datePublished":"2024-10-31T12:08:42+00:00","mainEntityOfPage":{"@id":"https:\/\/kuzeyinsesi.org\/index.php\/2024\/10\/31\/13-uluslararasi-karikatur-yarismasi-sergisi-bulgaristanda-acildi\/"},"wordCount":268,"commentCount":0,"image":{"@id":"https:\/\/kuzeyinsesi.org\/index.php\/2024\/10\/31\/13-uluslararasi-karikatur-yarismasi-sergisi-bulgaristanda-acildi\/#primaryimage"},"thumbnailUrl":"https:\/\/kuzeyinsesi.org\/wp-content\/uploads\/2024\/10\/girne-belediyesi-karikatur-sergi-13-1.jpg","articleSection":["Ya\u015fam"],"inLanguage":"tr","potentialAction":[{"@type":"CommentAction","name":"Comment","target":["https:\/\/kuzeyinsesi.org\/index.php\/2024\/10\/31\/13-uluslararasi-karikatur-yarismasi-sergisi-bulgaristanda-acildi\/#respond"]}]},{"@type":"WebPage","@id":"https:\/\/kuzeyinsesi.org\/index.php\/2024\/10\/31\/13-uluslararasi-karikatur-yarismasi-sergisi-bulgaristanda-acildi\/","url":"https:\/\/kuzeyinsesi.org\/index.php\/2024\/10\/31\/13-uluslararasi-karikatur-yarismasi-sergisi-bulgaristanda-acildi\/","name":"13. Uluslararas\u0131 Karikat\u00fcr Yar\u0131\u015fmas\u0131 Sergisi Bulgaristan\u2019da a\u00e7\u0131ld\u0131 - Kuzeyin Sesi","isPartOf":{"@id":"https:\/\/kuzeyinsesi.org\/#website"},"primaryImageOfPage":{"@id":"https:\/\/kuzeyinsesi.org\/index.php\/2024\/10\/31\/13-uluslararasi-karikatur-yarismasi-sergisi-bulgaristanda-acildi\/#primaryimage"},"image":{"@id":"https:\/\/kuzeyinsesi.org\/index.php\/2024\/10\/31\/13-uluslararasi-karikatur-yarismasi-sergisi-bulgaristanda-acildi\/#primaryimage"},"thumbnailUrl":"https:\/\/kuzeyinsesi.org\/wp-content\/uploads\/2024\/10\/girne-belediyesi-karikatur-sergi-13-1.jpg","datePublished":"2024-10-31T12:08:42+00:00","author":{"@id":"https:\/\/kuzeyinsesi.org\/#\/schema\/person\/9f859689cdf01485597712386e37f5aa"},"breadcrumb":{"@id":"https:\/\/kuzeyinsesi.org\/index.php\/2024\/10\/31\/13-uluslararasi-karikatur-yarismasi-sergisi-bulgaristanda-acildi\/#breadcrumb"},"inLanguage":"tr","potentialAction":[{"@type":"ReadAction","target":["https:\/\/kuzeyinsesi.org\/index.php\/2024\/10\/31\/13-uluslararasi-karikatur-yarismasi-sergisi-bulgaristanda-acildi\/"]}]},{"@type":"ImageObject","inLanguage":"tr","@id":"https:\/\/kuzeyinsesi.org\/index.php\/2024\/10\/31\/13-uluslararasi-karikatur-yarismasi-sergisi-bulgaristanda-acildi\/#primaryimage","url":"https:\/\/kuzeyinsesi.org\/wp-content\/uploads\/2024\/10\/girne-belediyesi-karikatur-sergi-13-1.jpg","contentUrl":"https:\/\/kuzeyinsesi.org\/wp-content\/uploads\/2024\/10\/girne-belediyesi-karikatur-sergi-13-1.jpg","width":2048,"height":1470},{"@type":"BreadcrumbList","@id":"https:\/\/kuzeyinsesi.org\/index.php\/2024\/10\/31\/13-uluslararasi-karikatur-yarismasi-sergisi-bulgaristanda-acildi\/#breadcrumb","itemListElement":[{"@type":"ListItem","position":1,"name":"Anasayfa","item":"https:\/\/kuzeyinsesi.org\/"},{"@type":"ListItem","position":2,"name":"13. Uluslararas\u0131 Karikat\u00fcr Yar\u0131\u015fmas\u0131 Sergisi Bulgaristan\u2019da a\u00e7\u0131ld\u0131"}]},{"@type":"WebSite","@id":"https:\/\/kuzeyinsesi.org\/#website","url":"https:\/\/kuzeyinsesi.org\/","name":"Kuzeyin Sesi","description":"Do\u011fru Haberin Adresi","potentialAction":[{"@type":"SearchAction","target":{"@type":"EntryPoint","urlTemplate":"https:\/\/kuzeyinsesi.org\/?s={search_term_string}"},"query-input":{"@type":"PropertyValueSpecification","valueRequired":true,"valueName":"search_term_string"}}],"inLanguage":"tr"},{"@type":"Person","@id":"https:\/\/kuzeyinsesi.org\/#\/schema\/person\/9f859689cdf01485597712386e37f5aa","name":"Kuzeyin Sesi","image":{"@type":"ImageObject","inLanguage":"tr","@id":"https:\/\/secure.gravatar.com\/avatar\/bab33852abfd8b282518d6ed81826833d77c3c882d9ab608add591ccace47a44?s=96&d=mm&r=g","url":"https:\/\/secure.gravatar.com\/avatar\/bab33852abfd8b282518d6ed81826833d77c3c882d9ab608add591ccace47a44?s=96&d=mm&r=g","contentUrl":"https:\/\/secure.gravatar.com\/avatar\/bab33852abfd8b282518d6ed81826833d77c3c882d9ab608add591ccace47a44?s=96&d=mm&r=g","caption":"Kuzeyin Sesi"},"sameAs":["https:\/\/kuzeyinsesi.org"],"url":"https:\/\/kuzeyinsesi.org\/index.php\/author\/guven\/"}]}},"_links":{"self":[{"href":"https:\/\/kuzeyinsesi.org\/index.php\/wp-json\/wp\/v2\/posts\/12627","targetHints":{"allow":["GET"]}}],"collection":[{"href":"https:\/\/kuzeyinsesi.org\/index.php\/wp-json\/wp\/v2\/posts"}],"about":[{"href":"https:\/\/kuzeyinsesi.org\/index.php\/wp-json\/wp\/v2\/types\/post"}],"author":[{"embeddable":true,"href":"https:\/\/kuzeyinsesi.org\/index.php\/wp-json\/wp\/v2\/users\/1"}],"replies":[{"embeddable":true,"href":"https:\/\/kuzeyinsesi.org\/index.php\/wp-json\/wp\/v2\/comments?post=12627"}],"version-history":[{"count":0,"href":"https:\/\/kuzeyinsesi.org\/index.php\/wp-json\/wp\/v2\/posts\/12627\/revisions"}],"wp:featuredmedia":[{"embeddable":true,"href":"https:\/\/kuzeyinsesi.org\/index.php\/wp-json\/wp\/v2\/media\/12628"}],"wp:attachment":[{"href":"https:\/\/kuzeyinsesi.org\/index.php\/wp-json\/wp\/v2\/media?parent=12627"}],"wp:term":[{"taxonomy":"category","embeddable":true,"href":"https:\/\/kuzeyinsesi.org\/index.php\/wp-json\/wp\/v2\/categories?post=12627"},{"taxonomy":"post_tag","embeddable":true,"href":"https:\/\/kuzeyinsesi.org\/index.php\/wp-json\/wp\/v2\/tags?post=12627"}],"curies":[{"name":"wp","href":"https:\/\/api.w.org\/{rel}","templated":true}]}}