{"id":12621,"date":"2024-10-31T13:07:20","date_gmt":"2024-10-31T11:07:20","guid":{"rendered":"https:\/\/kuzeyinsesi.org\/index.php\/2024\/10\/31\/choby-ilk-albumunu-yayinladi\/"},"modified":"2024-10-31T13:07:20","modified_gmt":"2024-10-31T11:07:20","slug":"choby-ilk-albumunu-yayinladi","status":"publish","type":"post","link":"https:\/\/kuzeyinsesi.org\/index.php\/2024\/10\/31\/choby-ilk-albumunu-yayinladi\/","title":{"rendered":"\u201cChoby\u201d  ilk alb\u00fcm\u00fcn\u00fc yay\u0131nlad\u0131"},"content":{"rendered":"<div>\n<div class=\"mariselle-image-container center\">\n                                            <\/div>\n<p>Ya\u015fam\u0131n\u0131 \u0130ngiltere\u2019de s\u00fcrd\u00fcren ve sanat\u00e7\u0131 ismi olarak Choby\u2019i kullanan Ahmet \u00c7oban, ilk alb\u00fcm\u00fcn\u00fc yay\u0131nlad\u0131. 22 ya\u015f\u0131ndaki gen\u00e7 m\u00fczisyen ve d\u00f6rt \u0130ngilizce, bir tane ise T\u00fcrk\u00e7e \u015fark\u0131 bulunuyor. \u0130ngilizce \u015fark\u0131lar\u0131n s\u00f6z ve m\u00fczi\u011fi Choby\u2019e aitken, S\u0131la 4 klasi\u011fi Zeytinden A\u015f\u0131 m\u0131s\u0131n\u2019a da cover yap\u0131ld\u0131. \u015eark\u0131lar\u0131n mix, produksiyon ve aranjman\u0131 da Choby, masterleri ise Do\u011fu Zaifoglu tarafindan yap\u0131ld\u0131. <\/p>\n<p>Bayrak Fm M\u00fczik Haber \u0130leti\u015fim:<br \/>[email\u00a0protected]<\/p>\n<\/p><\/div>\n<p><script async\n                    defer\n                    crossorigin=\"anonymous\"\n                    src=\"https:\/\/connect.facebook.net\/tr_TR\/sdk.js#xfbml=1&#038;version=v3.3\"\n            ><\/script><\/p>\n","protected":false},"excerpt":{"rendered":"<p>Ya\u015fam\u0131n\u0131 \u0130ngiltere\u2019de s\u00fcrd\u00fcren ve sanat\u00e7\u0131 ismi olarak Choby\u2019i kullanan Ahmet \u00c7oban, ilk alb\u00fcm\u00fcn\u00fc yay\u0131nlad\u0131. 22 ya\u015f\u0131ndaki gen\u00e7 m\u00fczisyen ve d\u00f6rt \u0130ngilizce, bir tane ise T\u00fcrk\u00e7e \u015fark\u0131 bulunuyor. \u0130ngilizce \u015fark\u0131lar\u0131n s\u00f6z ve m\u00fczi\u011fi Choby\u2019e aitken, S\u0131la 4 klasi\u011fi Zeytinden A\u015f\u0131 m\u0131s\u0131n\u2019a da cover yap\u0131ld\u0131. \u015eark\u0131lar\u0131n mix, produksiyon ve aranjman\u0131 da Choby, masterleri ise Do\u011fu Zaifoglu tarafindan [&hellip;]<\/p>\n","protected":false},"author":1,"featured_media":12622,"comment_status":"open","ping_status":"open","sticky":false,"template":"","format":"standard","meta":{"jnews-multi-image_gallery":[],"jnews_single_post":[],"jnews_primary_category":[],"jnews_social_meta":[],"jnews_override_counter":[],"footnotes":""},"categories":[6],"tags":[],"class_list":["post-12621","post","type-post","status-publish","format-standard","has-post-thumbnail","hentry","category-yasam"],"yoast_head":"<!-- This site is optimized with the Yoast SEO plugin v27.4 - https:\/\/yoast.com\/product\/yoast-seo-wordpress\/ -->\n<title>\u201cChoby\u201d ilk alb\u00fcm\u00fcn\u00fc yay\u0131nlad\u0131 - Kuzeyin Sesi<\/title>\n<meta name=\"robots\" content=\"index, follow, max-snippet:-1, max-image-preview:large, max-video-preview:-1\" \/>\n<link rel=\"canonical\" href=\"https:\/\/kuzeyinsesi.org\/index.php\/2024\/10\/31\/choby-ilk-albumunu-yayinladi\/\" \/>\n<meta property=\"og:locale\" content=\"tr_TR\" \/>\n<meta property=\"og:type\" content=\"article\" \/>\n<meta property=\"og:title\" content=\"\u201cChoby\u201d ilk alb\u00fcm\u00fcn\u00fc yay\u0131nlad\u0131 - Kuzeyin Sesi\" \/>\n<meta property=\"og:description\" content=\"Ya\u015fam\u0131n\u0131 \u0130ngiltere\u2019de s\u00fcrd\u00fcren ve sanat\u00e7\u0131 ismi olarak Choby\u2019i kullanan Ahmet \u00c7oban, ilk alb\u00fcm\u00fcn\u00fc yay\u0131nlad\u0131. 22 ya\u015f\u0131ndaki gen\u00e7 m\u00fczisyen ve d\u00f6rt \u0130ngilizce, bir tane ise T\u00fcrk\u00e7e \u015fark\u0131 bulunuyor. \u0130ngilizce \u015fark\u0131lar\u0131n s\u00f6z ve m\u00fczi\u011fi Choby\u2019e aitken, S\u0131la 4 klasi\u011fi Zeytinden A\u015f\u0131 m\u0131s\u0131n\u2019a da cover yap\u0131ld\u0131. \u015eark\u0131lar\u0131n mix, produksiyon ve aranjman\u0131 da Choby, masterleri ise Do\u011fu Zaifoglu tarafindan [&hellip;]\" \/>\n<meta property=\"og:url\" content=\"https:\/\/kuzeyinsesi.org\/index.php\/2024\/10\/31\/choby-ilk-albumunu-yayinladi\/\" \/>\n<meta property=\"og:site_name\" content=\"Kuzeyin Sesi\" \/>\n<meta property=\"article:publisher\" content=\"https:\/\/www.facebook.com\/kuzeyinsesii\" \/>\n<meta property=\"article:published_time\" content=\"2024-10-31T11:07:20+00:00\" \/>\n<meta property=\"og:image\" content=\"https:\/\/brtk.net\/wp-content\/uploads\/2024\/10\/31\/FB_IMG_1730365745324.jpg?ver=6dc6aa5ad37ca826ea6c88e4b77c05d7\" \/>\n<meta name=\"author\" content=\"Kuzeyin Sesi\" \/>\n<meta name=\"twitter:card\" content=\"summary_large_image\" \/>\n<meta name=\"twitter:creator\" content=\"@kuzeyinsesii\" \/>\n<meta name=\"twitter:site\" content=\"@kuzeyinsesii\" \/>\n<meta name=\"twitter:label1\" content=\"Yazan:\" \/>\n\t<meta name=\"twitter:data1\" content=\"Kuzeyin Sesi\" \/>\n<script type=\"application\/ld+json\" class=\"yoast-schema-graph\">{\"@context\":\"https:\\\/\\\/schema.org\",\"@graph\":[{\"@type\":\"Article\",\"@id\":\"https:\\\/\\\/kuzeyinsesi.org\\\/index.php\\\/2024\\\/10\\\/31\\\/choby-ilk-albumunu-yayinladi\\\/#article\",\"isPartOf\":{\"@id\":\"https:\\\/\\\/kuzeyinsesi.org\\\/index.php\\\/2024\\\/10\\\/31\\\/choby-ilk-albumunu-yayinladi\\\/\"},\"author\":{\"name\":\"Kuzeyin Sesi\",\"@id\":\"https:\\\/\\\/kuzeyinsesi.org\\\/#\\\/schema\\\/person\\\/9f859689cdf01485597712386e37f5aa\"},\"headline\":\"\u201cChoby\u201d ilk alb\u00fcm\u00fcn\u00fc yay\u0131nlad\u0131\",\"datePublished\":\"2024-10-31T11:07:20+00:00\",\"mainEntityOfPage\":{\"@id\":\"https:\\\/\\\/kuzeyinsesi.org\\\/index.php\\\/2024\\\/10\\\/31\\\/choby-ilk-albumunu-yayinladi\\\/\"},\"wordCount\":100,\"commentCount\":0,\"image\":{\"@id\":\"https:\\\/\\\/kuzeyinsesi.org\\\/index.php\\\/2024\\\/10\\\/31\\\/choby-ilk-albumunu-yayinladi\\\/#primaryimage\"},\"thumbnailUrl\":\"https:\\\/\\\/kuzeyinsesi.org\\\/wp-content\\\/uploads\\\/2024\\\/10\\\/InShot_20241031_123025449.jpg\",\"articleSection\":[\"Ya\u015fam\"],\"inLanguage\":\"tr\",\"potentialAction\":[{\"@type\":\"CommentAction\",\"name\":\"Comment\",\"target\":[\"https:\\\/\\\/kuzeyinsesi.org\\\/index.php\\\/2024\\\/10\\\/31\\\/choby-ilk-albumunu-yayinladi\\\/#respond\"]}]},{\"@type\":\"WebPage\",\"@id\":\"https:\\\/\\\/kuzeyinsesi.org\\\/index.php\\\/2024\\\/10\\\/31\\\/choby-ilk-albumunu-yayinladi\\\/\",\"url\":\"https:\\\/\\\/kuzeyinsesi.org\\\/index.php\\\/2024\\\/10\\\/31\\\/choby-ilk-albumunu-yayinladi\\\/\",\"name\":\"\u201cChoby\u201d ilk alb\u00fcm\u00fcn\u00fc yay\u0131nlad\u0131 - Kuzeyin Sesi\",\"isPartOf\":{\"@id\":\"https:\\\/\\\/kuzeyinsesi.org\\\/#website\"},\"primaryImageOfPage\":{\"@id\":\"https:\\\/\\\/kuzeyinsesi.org\\\/index.php\\\/2024\\\/10\\\/31\\\/choby-ilk-albumunu-yayinladi\\\/#primaryimage\"},\"image\":{\"@id\":\"https:\\\/\\\/kuzeyinsesi.org\\\/index.php\\\/2024\\\/10\\\/31\\\/choby-ilk-albumunu-yayinladi\\\/#primaryimage\"},\"thumbnailUrl\":\"https:\\\/\\\/kuzeyinsesi.org\\\/wp-content\\\/uploads\\\/2024\\\/10\\\/InShot_20241031_123025449.jpg\",\"datePublished\":\"2024-10-31T11:07:20+00:00\",\"author\":{\"@id\":\"https:\\\/\\\/kuzeyinsesi.org\\\/#\\\/schema\\\/person\\\/9f859689cdf01485597712386e37f5aa\"},\"breadcrumb\":{\"@id\":\"https:\\\/\\\/kuzeyinsesi.org\\\/index.php\\\/2024\\\/10\\\/31\\\/choby-ilk-albumunu-yayinladi\\\/#breadcrumb\"},\"inLanguage\":\"tr\",\"potentialAction\":[{\"@type\":\"ReadAction\",\"target\":[\"https:\\\/\\\/kuzeyinsesi.org\\\/index.php\\\/2024\\\/10\\\/31\\\/choby-ilk-albumunu-yayinladi\\\/\"]}]},{\"@type\":\"ImageObject\",\"inLanguage\":\"tr\",\"@id\":\"https:\\\/\\\/kuzeyinsesi.org\\\/index.php\\\/2024\\\/10\\\/31\\\/choby-ilk-albumunu-yayinladi\\\/#primaryimage\",\"url\":\"https:\\\/\\\/kuzeyinsesi.org\\\/wp-content\\\/uploads\\\/2024\\\/10\\\/InShot_20241031_123025449.jpg\",\"contentUrl\":\"https:\\\/\\\/kuzeyinsesi.org\\\/wp-content\\\/uploads\\\/2024\\\/10\\\/InShot_20241031_123025449.jpg\",\"width\":1920,\"height\":1079},{\"@type\":\"BreadcrumbList\",\"@id\":\"https:\\\/\\\/kuzeyinsesi.org\\\/index.php\\\/2024\\\/10\\\/31\\\/choby-ilk-albumunu-yayinladi\\\/#breadcrumb\",\"itemListElement\":[{\"@type\":\"ListItem\",\"position\":1,\"name\":\"Anasayfa\",\"item\":\"https:\\\/\\\/kuzeyinsesi.org\\\/\"},{\"@type\":\"ListItem\",\"position\":2,\"name\":\"\u201cChoby\u201d ilk alb\u00fcm\u00fcn\u00fc yay\u0131nlad\u0131\"}]},{\"@type\":\"WebSite\",\"@id\":\"https:\\\/\\\/kuzeyinsesi.org\\\/#website\",\"url\":\"https:\\\/\\\/kuzeyinsesi.org\\\/\",\"name\":\"Kuzeyin Sesi\",\"description\":\"Do\u011fru Haberin Adresi\",\"potentialAction\":[{\"@type\":\"SearchAction\",\"target\":{\"@type\":\"EntryPoint\",\"urlTemplate\":\"https:\\\/\\\/kuzeyinsesi.org\\\/?s={search_term_string}\"},\"query-input\":{\"@type\":\"PropertyValueSpecification\",\"valueRequired\":true,\"valueName\":\"search_term_string\"}}],\"inLanguage\":\"tr\"},{\"@type\":\"Person\",\"@id\":\"https:\\\/\\\/kuzeyinsesi.org\\\/#\\\/schema\\\/person\\\/9f859689cdf01485597712386e37f5aa\",\"name\":\"Kuzeyin Sesi\",\"image\":{\"@type\":\"ImageObject\",\"inLanguage\":\"tr\",\"@id\":\"https:\\\/\\\/secure.gravatar.com\\\/avatar\\\/bab33852abfd8b282518d6ed81826833d77c3c882d9ab608add591ccace47a44?s=96&d=mm&r=g\",\"url\":\"https:\\\/\\\/secure.gravatar.com\\\/avatar\\\/bab33852abfd8b282518d6ed81826833d77c3c882d9ab608add591ccace47a44?s=96&d=mm&r=g\",\"contentUrl\":\"https:\\\/\\\/secure.gravatar.com\\\/avatar\\\/bab33852abfd8b282518d6ed81826833d77c3c882d9ab608add591ccace47a44?s=96&d=mm&r=g\",\"caption\":\"Kuzeyin Sesi\"},\"sameAs\":[\"https:\\\/\\\/kuzeyinsesi.org\"],\"url\":\"https:\\\/\\\/kuzeyinsesi.org\\\/index.php\\\/author\\\/guven\\\/\"}]}<\/script>\n<!-- \/ Yoast SEO plugin. -->","yoast_head_json":{"title":"\u201cChoby\u201d ilk alb\u00fcm\u00fcn\u00fc yay\u0131nlad\u0131 - Kuzeyin Sesi","robots":{"index":"index","follow":"follow","max-snippet":"max-snippet:-1","max-image-preview":"max-image-preview:large","max-video-preview":"max-video-preview:-1"},"canonical":"https:\/\/kuzeyinsesi.org\/index.php\/2024\/10\/31\/choby-ilk-albumunu-yayinladi\/","og_locale":"tr_TR","og_type":"article","og_title":"\u201cChoby\u201d ilk alb\u00fcm\u00fcn\u00fc yay\u0131nlad\u0131 - Kuzeyin Sesi","og_description":"Ya\u015fam\u0131n\u0131 \u0130ngiltere\u2019de s\u00fcrd\u00fcren ve sanat\u00e7\u0131 ismi olarak Choby\u2019i kullanan Ahmet \u00c7oban, ilk alb\u00fcm\u00fcn\u00fc yay\u0131nlad\u0131. 22 ya\u015f\u0131ndaki gen\u00e7 m\u00fczisyen ve d\u00f6rt \u0130ngilizce, bir tane ise T\u00fcrk\u00e7e \u015fark\u0131 bulunuyor. \u0130ngilizce \u015fark\u0131lar\u0131n s\u00f6z ve m\u00fczi\u011fi Choby\u2019e aitken, S\u0131la 4 klasi\u011fi Zeytinden A\u015f\u0131 m\u0131s\u0131n\u2019a da cover yap\u0131ld\u0131. \u015eark\u0131lar\u0131n mix, produksiyon ve aranjman\u0131 da Choby, masterleri ise Do\u011fu Zaifoglu tarafindan [&hellip;]","og_url":"https:\/\/kuzeyinsesi.org\/index.php\/2024\/10\/31\/choby-ilk-albumunu-yayinladi\/","og_site_name":"Kuzeyin Sesi","article_publisher":"https:\/\/www.facebook.com\/kuzeyinsesii","article_published_time":"2024-10-31T11:07:20+00:00","og_image":[{"url":"https:\/\/brtk.net\/wp-content\/uploads\/2024\/10\/31\/FB_IMG_1730365745324.jpg?ver=6dc6aa5ad37ca826ea6c88e4b77c05d7","type":"","width":"","height":""}],"author":"Kuzeyin Sesi","twitter_card":"summary_large_image","twitter_creator":"@kuzeyinsesii","twitter_site":"@kuzeyinsesii","twitter_misc":{"Yazan:":"Kuzeyin Sesi"},"schema":{"@context":"https:\/\/schema.org","@graph":[{"@type":"Article","@id":"https:\/\/kuzeyinsesi.org\/index.php\/2024\/10\/31\/choby-ilk-albumunu-yayinladi\/#article","isPartOf":{"@id":"https:\/\/kuzeyinsesi.org\/index.php\/2024\/10\/31\/choby-ilk-albumunu-yayinladi\/"},"author":{"name":"Kuzeyin Sesi","@id":"https:\/\/kuzeyinsesi.org\/#\/schema\/person\/9f859689cdf01485597712386e37f5aa"},"headline":"\u201cChoby\u201d ilk alb\u00fcm\u00fcn\u00fc yay\u0131nlad\u0131","datePublished":"2024-10-31T11:07:20+00:00","mainEntityOfPage":{"@id":"https:\/\/kuzeyinsesi.org\/index.php\/2024\/10\/31\/choby-ilk-albumunu-yayinladi\/"},"wordCount":100,"commentCount":0,"image":{"@id":"https:\/\/kuzeyinsesi.org\/index.php\/2024\/10\/31\/choby-ilk-albumunu-yayinladi\/#primaryimage"},"thumbnailUrl":"https:\/\/kuzeyinsesi.org\/wp-content\/uploads\/2024\/10\/InShot_20241031_123025449.jpg","articleSection":["Ya\u015fam"],"inLanguage":"tr","potentialAction":[{"@type":"CommentAction","name":"Comment","target":["https:\/\/kuzeyinsesi.org\/index.php\/2024\/10\/31\/choby-ilk-albumunu-yayinladi\/#respond"]}]},{"@type":"WebPage","@id":"https:\/\/kuzeyinsesi.org\/index.php\/2024\/10\/31\/choby-ilk-albumunu-yayinladi\/","url":"https:\/\/kuzeyinsesi.org\/index.php\/2024\/10\/31\/choby-ilk-albumunu-yayinladi\/","name":"\u201cChoby\u201d ilk alb\u00fcm\u00fcn\u00fc yay\u0131nlad\u0131 - Kuzeyin Sesi","isPartOf":{"@id":"https:\/\/kuzeyinsesi.org\/#website"},"primaryImageOfPage":{"@id":"https:\/\/kuzeyinsesi.org\/index.php\/2024\/10\/31\/choby-ilk-albumunu-yayinladi\/#primaryimage"},"image":{"@id":"https:\/\/kuzeyinsesi.org\/index.php\/2024\/10\/31\/choby-ilk-albumunu-yayinladi\/#primaryimage"},"thumbnailUrl":"https:\/\/kuzeyinsesi.org\/wp-content\/uploads\/2024\/10\/InShot_20241031_123025449.jpg","datePublished":"2024-10-31T11:07:20+00:00","author":{"@id":"https:\/\/kuzeyinsesi.org\/#\/schema\/person\/9f859689cdf01485597712386e37f5aa"},"breadcrumb":{"@id":"https:\/\/kuzeyinsesi.org\/index.php\/2024\/10\/31\/choby-ilk-albumunu-yayinladi\/#breadcrumb"},"inLanguage":"tr","potentialAction":[{"@type":"ReadAction","target":["https:\/\/kuzeyinsesi.org\/index.php\/2024\/10\/31\/choby-ilk-albumunu-yayinladi\/"]}]},{"@type":"ImageObject","inLanguage":"tr","@id":"https:\/\/kuzeyinsesi.org\/index.php\/2024\/10\/31\/choby-ilk-albumunu-yayinladi\/#primaryimage","url":"https:\/\/kuzeyinsesi.org\/wp-content\/uploads\/2024\/10\/InShot_20241031_123025449.jpg","contentUrl":"https:\/\/kuzeyinsesi.org\/wp-content\/uploads\/2024\/10\/InShot_20241031_123025449.jpg","width":1920,"height":1079},{"@type":"BreadcrumbList","@id":"https:\/\/kuzeyinsesi.org\/index.php\/2024\/10\/31\/choby-ilk-albumunu-yayinladi\/#breadcrumb","itemListElement":[{"@type":"ListItem","position":1,"name":"Anasayfa","item":"https:\/\/kuzeyinsesi.org\/"},{"@type":"ListItem","position":2,"name":"\u201cChoby\u201d ilk alb\u00fcm\u00fcn\u00fc yay\u0131nlad\u0131"}]},{"@type":"WebSite","@id":"https:\/\/kuzeyinsesi.org\/#website","url":"https:\/\/kuzeyinsesi.org\/","name":"Kuzeyin Sesi","description":"Do\u011fru Haberin Adresi","potentialAction":[{"@type":"SearchAction","target":{"@type":"EntryPoint","urlTemplate":"https:\/\/kuzeyinsesi.org\/?s={search_term_string}"},"query-input":{"@type":"PropertyValueSpecification","valueRequired":true,"valueName":"search_term_string"}}],"inLanguage":"tr"},{"@type":"Person","@id":"https:\/\/kuzeyinsesi.org\/#\/schema\/person\/9f859689cdf01485597712386e37f5aa","name":"Kuzeyin Sesi","image":{"@type":"ImageObject","inLanguage":"tr","@id":"https:\/\/secure.gravatar.com\/avatar\/bab33852abfd8b282518d6ed81826833d77c3c882d9ab608add591ccace47a44?s=96&d=mm&r=g","url":"https:\/\/secure.gravatar.com\/avatar\/bab33852abfd8b282518d6ed81826833d77c3c882d9ab608add591ccace47a44?s=96&d=mm&r=g","contentUrl":"https:\/\/secure.gravatar.com\/avatar\/bab33852abfd8b282518d6ed81826833d77c3c882d9ab608add591ccace47a44?s=96&d=mm&r=g","caption":"Kuzeyin Sesi"},"sameAs":["https:\/\/kuzeyinsesi.org"],"url":"https:\/\/kuzeyinsesi.org\/index.php\/author\/guven\/"}]}},"_links":{"self":[{"href":"https:\/\/kuzeyinsesi.org\/index.php\/wp-json\/wp\/v2\/posts\/12621","targetHints":{"allow":["GET"]}}],"collection":[{"href":"https:\/\/kuzeyinsesi.org\/index.php\/wp-json\/wp\/v2\/posts"}],"about":[{"href":"https:\/\/kuzeyinsesi.org\/index.php\/wp-json\/wp\/v2\/types\/post"}],"author":[{"embeddable":true,"href":"https:\/\/kuzeyinsesi.org\/index.php\/wp-json\/wp\/v2\/users\/1"}],"replies":[{"embeddable":true,"href":"https:\/\/kuzeyinsesi.org\/index.php\/wp-json\/wp\/v2\/comments?post=12621"}],"version-history":[{"count":0,"href":"https:\/\/kuzeyinsesi.org\/index.php\/wp-json\/wp\/v2\/posts\/12621\/revisions"}],"wp:featuredmedia":[{"embeddable":true,"href":"https:\/\/kuzeyinsesi.org\/index.php\/wp-json\/wp\/v2\/media\/12622"}],"wp:attachment":[{"href":"https:\/\/kuzeyinsesi.org\/index.php\/wp-json\/wp\/v2\/media?parent=12621"}],"wp:term":[{"taxonomy":"category","embeddable":true,"href":"https:\/\/kuzeyinsesi.org\/index.php\/wp-json\/wp\/v2\/categories?post=12621"},{"taxonomy":"post_tag","embeddable":true,"href":"https:\/\/kuzeyinsesi.org\/index.php\/wp-json\/wp\/v2\/tags?post=12621"}],"curies":[{"name":"wp","href":"https:\/\/api.w.org\/{rel}","templated":true}]}}