{"id":1262,"date":"2024-05-04T14:58:47","date_gmt":"2024-05-04T11:58:47","guid":{"rendered":"https:\/\/kuzeyinsesi.com\/index.php\/2024\/05\/04\/turk-hava-kuvvetlerinden-kibris-adasinin-guneyinde-egitim-ucusu\/"},"modified":"2024-05-04T14:58:47","modified_gmt":"2024-05-04T11:58:47","slug":"turk-hava-kuvvetlerinden-kibris-adasinin-guneyinde-egitim-ucusu","status":"publish","type":"post","link":"https:\/\/kuzeyinsesi.org\/index.php\/2024\/05\/04\/turk-hava-kuvvetlerinden-kibris-adasinin-guneyinde-egitim-ucusu\/","title":{"rendered":"T\u00fcrk Hava Kuvvetlerinden K\u0131br\u0131s adas\u0131n\u0131n g\u00fcneyinde e\u011fitim u\u00e7u\u015fu"},"content":{"rendered":"<div>\n<div class=\"mariselle-image-container center\">\n                                            <\/div>\n<p>T\u00fcrkiye Milli Savunma Bakanl\u0131\u011f\u0131, T\u00fcrk Hava Kuvvetleri u\u00e7aklar\u0131n\u0131n, K\u0131br\u0131s adas\u0131n\u0131n g\u00fcneyindeki uluslararas\u0131 hava sahas\u0131nda e\u011fitim u\u00e7u\u015fu ger\u00e7ekle\u015ftirdi\u011fini bildirdi.<\/p>\n<p>Bakanl\u0131\u011f\u0131n X sosyal medya hesab\u0131ndan yap\u0131lan a\u00e7\u0131klamada, \u201cHava Kuvvetleri Komutanl\u0131\u011f\u0131m\u0131za ba\u011fl\u0131 farkl\u0131 \u00fcslerden havalanan muharip ve destek u\u00e7aklar\u0131m\u0131z\u0131n kat\u0131l\u0131m\u0131yla K\u0131br\u0131s adas\u0131n\u0131n g\u00fcneyinde, Akdeniz\u2019in uluslararas\u0131 hava sahas\u0131nda e\u011fitim u\u00e7u\u015fu ger\u00e7ekle\u015ftirildi.\u201d ifadesi kullan\u0131ld\u0131.<\/p>\n<p>Payla\u015f\u0131mdaki videoda, u\u00e7aklar\u0131n kalk\u0131\u015f yapt\u0131\u011f\u0131 anlar ile Akdeniz semalar\u0131ndaki g\u00f6r\u00fcnt\u00fcleri yer ald\u0131.<\/p>\n<p>https:\/\/x.com\/tcsavunma\/status\/1786392671486902339<\/p>\n<\/p><\/div>\n<p><script async\n                    defer\n                    crossorigin=\"anonymous\"\n                    src=\"https:\/\/connect.facebook.net\/tr_TR\/sdk.js#xfbml=1&#038;version=v3.3\"\n            ><\/script><\/p>\n","protected":false},"excerpt":{"rendered":"<p>T\u00fcrkiye Milli Savunma Bakanl\u0131\u011f\u0131, T\u00fcrk Hava Kuvvetleri u\u00e7aklar\u0131n\u0131n, K\u0131br\u0131s adas\u0131n\u0131n g\u00fcneyindeki uluslararas\u0131 hava sahas\u0131nda e\u011fitim u\u00e7u\u015fu ger\u00e7ekle\u015ftirdi\u011fini bildirdi. Bakanl\u0131\u011f\u0131n X sosyal medya hesab\u0131ndan yap\u0131lan a\u00e7\u0131klamada, \u201cHava Kuvvetleri Komutanl\u0131\u011f\u0131m\u0131za ba\u011fl\u0131 farkl\u0131 \u00fcslerden havalanan muharip ve destek u\u00e7aklar\u0131m\u0131z\u0131n kat\u0131l\u0131m\u0131yla K\u0131br\u0131s adas\u0131n\u0131n g\u00fcneyinde, Akdeniz\u2019in uluslararas\u0131 hava sahas\u0131nda e\u011fitim u\u00e7u\u015fu ger\u00e7ekle\u015ftirildi.\u201d ifadesi kullan\u0131ld\u0131. Payla\u015f\u0131mdaki videoda, u\u00e7aklar\u0131n kalk\u0131\u015f yapt\u0131\u011f\u0131 anlar [&hellip;]<\/p>\n","protected":false},"author":1,"featured_media":1264,"comment_status":"open","ping_status":"open","sticky":false,"template":"","format":"standard","meta":{"jnews-multi-image_gallery":[],"jnews_single_post":[],"jnews_primary_category":[],"jnews_social_meta":[],"jnews_override_counter":[],"footnotes":""},"categories":[5],"tags":[],"class_list":["post-1262","post","type-post","status-publish","format-standard","has-post-thumbnail","hentry","category-turkiye"],"yoast_head":"<!-- This site is optimized with the Yoast SEO plugin v27.5 - https:\/\/yoast.com\/product\/yoast-seo-wordpress\/ -->\n<title>T\u00fcrk Hava Kuvvetlerinden K\u0131br\u0131s adas\u0131n\u0131n g\u00fcneyinde e\u011fitim u\u00e7u\u015fu - Kuzeyin Sesi<\/title>\n<meta name=\"robots\" content=\"index, follow, max-snippet:-1, max-image-preview:large, max-video-preview:-1\" \/>\n<link rel=\"canonical\" href=\"https:\/\/kuzeyinsesi.org\/index.php\/2024\/05\/04\/turk-hava-kuvvetlerinden-kibris-adasinin-guneyinde-egitim-ucusu\/\" \/>\n<meta property=\"og:locale\" content=\"tr_TR\" \/>\n<meta property=\"og:type\" content=\"article\" \/>\n<meta property=\"og:title\" content=\"T\u00fcrk Hava Kuvvetlerinden K\u0131br\u0131s adas\u0131n\u0131n g\u00fcneyinde e\u011fitim u\u00e7u\u015fu - Kuzeyin Sesi\" \/>\n<meta property=\"og:description\" content=\"T\u00fcrkiye Milli Savunma Bakanl\u0131\u011f\u0131, T\u00fcrk Hava Kuvvetleri u\u00e7aklar\u0131n\u0131n, K\u0131br\u0131s adas\u0131n\u0131n g\u00fcneyindeki uluslararas\u0131 hava sahas\u0131nda e\u011fitim u\u00e7u\u015fu ger\u00e7ekle\u015ftirdi\u011fini bildirdi. Bakanl\u0131\u011f\u0131n X sosyal medya hesab\u0131ndan yap\u0131lan a\u00e7\u0131klamada, \u201cHava Kuvvetleri Komutanl\u0131\u011f\u0131m\u0131za ba\u011fl\u0131 farkl\u0131 \u00fcslerden havalanan muharip ve destek u\u00e7aklar\u0131m\u0131z\u0131n kat\u0131l\u0131m\u0131yla K\u0131br\u0131s adas\u0131n\u0131n g\u00fcneyinde, Akdeniz\u2019in uluslararas\u0131 hava sahas\u0131nda e\u011fitim u\u00e7u\u015fu ger\u00e7ekle\u015ftirildi.\u201d ifadesi kullan\u0131ld\u0131. Payla\u015f\u0131mdaki videoda, u\u00e7aklar\u0131n kalk\u0131\u015f yapt\u0131\u011f\u0131 anlar [&hellip;]\" \/>\n<meta property=\"og:url\" content=\"https:\/\/kuzeyinsesi.org\/index.php\/2024\/05\/04\/turk-hava-kuvvetlerinden-kibris-adasinin-guneyinde-egitim-ucusu\/\" \/>\n<meta property=\"og:site_name\" content=\"Kuzeyin Sesi\" \/>\n<meta property=\"article:publisher\" content=\"https:\/\/www.facebook.com\/kuzeyinsesii\" \/>\n<meta property=\"article:published_time\" content=\"2024-05-04T11:58:47+00:00\" \/>\n<meta property=\"og:image\" content=\"https:\/\/kuzeyinsesi.org\/wp-content\/uploads\/2024\/05\/thumbs_b_c_56fc76e41c2e1b41981a40970de447e7.jpg\" \/>\n\t<meta property=\"og:image:width\" content=\"864\" \/>\n\t<meta property=\"og:image:height\" content=\"486\" \/>\n\t<meta property=\"og:image:type\" content=\"image\/jpeg\" \/>\n<meta name=\"author\" content=\"Kuzeyin Sesi\" \/>\n<meta name=\"twitter:card\" content=\"summary_large_image\" \/>\n<meta name=\"twitter:creator\" content=\"@kuzeyinsesii\" \/>\n<meta name=\"twitter:site\" content=\"@kuzeyinsesii\" \/>\n<meta name=\"twitter:label1\" content=\"Yazan:\" \/>\n\t<meta name=\"twitter:data1\" content=\"Kuzeyin Sesi\" \/>\n\t<meta name=\"twitter:label2\" content=\"Tahmini okuma s\u00fcresi\" \/>\n\t<meta name=\"twitter:data2\" content=\"1 dakika\" \/>\n<script type=\"application\/ld+json\" class=\"yoast-schema-graph\">{\"@context\":\"https:\\\/\\\/schema.org\",\"@graph\":[{\"@type\":\"Article\",\"@id\":\"https:\\\/\\\/kuzeyinsesi.org\\\/index.php\\\/2024\\\/05\\\/04\\\/turk-hava-kuvvetlerinden-kibris-adasinin-guneyinde-egitim-ucusu\\\/#article\",\"isPartOf\":{\"@id\":\"https:\\\/\\\/kuzeyinsesi.org\\\/index.php\\\/2024\\\/05\\\/04\\\/turk-hava-kuvvetlerinden-kibris-adasinin-guneyinde-egitim-ucusu\\\/\"},\"author\":{\"name\":\"Kuzeyin Sesi\",\"@id\":\"https:\\\/\\\/kuzeyinsesi.org\\\/#\\\/schema\\\/person\\\/9f859689cdf01485597712386e37f5aa\"},\"headline\":\"T\u00fcrk Hava Kuvvetlerinden K\u0131br\u0131s adas\u0131n\u0131n g\u00fcneyinde e\u011fitim u\u00e7u\u015fu\",\"datePublished\":\"2024-05-04T11:58:47+00:00\",\"mainEntityOfPage\":{\"@id\":\"https:\\\/\\\/kuzeyinsesi.org\\\/index.php\\\/2024\\\/05\\\/04\\\/turk-hava-kuvvetlerinden-kibris-adasinin-guneyinde-egitim-ucusu\\\/\"},\"wordCount\":134,\"commentCount\":0,\"image\":{\"@id\":\"https:\\\/\\\/kuzeyinsesi.org\\\/index.php\\\/2024\\\/05\\\/04\\\/turk-hava-kuvvetlerinden-kibris-adasinin-guneyinde-egitim-ucusu\\\/#primaryimage\"},\"thumbnailUrl\":\"https:\\\/\\\/kuzeyinsesi.org\\\/wp-content\\\/uploads\\\/2024\\\/05\\\/thumbs_b_c_56fc76e41c2e1b41981a40970de447e7.jpg\",\"articleSection\":[\"T\u00fcrkiye\"],\"inLanguage\":\"tr\",\"potentialAction\":[{\"@type\":\"CommentAction\",\"name\":\"Comment\",\"target\":[\"https:\\\/\\\/kuzeyinsesi.org\\\/index.php\\\/2024\\\/05\\\/04\\\/turk-hava-kuvvetlerinden-kibris-adasinin-guneyinde-egitim-ucusu\\\/#respond\"]}]},{\"@type\":\"WebPage\",\"@id\":\"https:\\\/\\\/kuzeyinsesi.org\\\/index.php\\\/2024\\\/05\\\/04\\\/turk-hava-kuvvetlerinden-kibris-adasinin-guneyinde-egitim-ucusu\\\/\",\"url\":\"https:\\\/\\\/kuzeyinsesi.org\\\/index.php\\\/2024\\\/05\\\/04\\\/turk-hava-kuvvetlerinden-kibris-adasinin-guneyinde-egitim-ucusu\\\/\",\"name\":\"T\u00fcrk Hava Kuvvetlerinden K\u0131br\u0131s adas\u0131n\u0131n g\u00fcneyinde e\u011fitim u\u00e7u\u015fu - Kuzeyin Sesi\",\"isPartOf\":{\"@id\":\"https:\\\/\\\/kuzeyinsesi.org\\\/#website\"},\"primaryImageOfPage\":{\"@id\":\"https:\\\/\\\/kuzeyinsesi.org\\\/index.php\\\/2024\\\/05\\\/04\\\/turk-hava-kuvvetlerinden-kibris-adasinin-guneyinde-egitim-ucusu\\\/#primaryimage\"},\"image\":{\"@id\":\"https:\\\/\\\/kuzeyinsesi.org\\\/index.php\\\/2024\\\/05\\\/04\\\/turk-hava-kuvvetlerinden-kibris-adasinin-guneyinde-egitim-ucusu\\\/#primaryimage\"},\"thumbnailUrl\":\"https:\\\/\\\/kuzeyinsesi.org\\\/wp-content\\\/uploads\\\/2024\\\/05\\\/thumbs_b_c_56fc76e41c2e1b41981a40970de447e7.jpg\",\"datePublished\":\"2024-05-04T11:58:47+00:00\",\"author\":{\"@id\":\"https:\\\/\\\/kuzeyinsesi.org\\\/#\\\/schema\\\/person\\\/9f859689cdf01485597712386e37f5aa\"},\"breadcrumb\":{\"@id\":\"https:\\\/\\\/kuzeyinsesi.org\\\/index.php\\\/2024\\\/05\\\/04\\\/turk-hava-kuvvetlerinden-kibris-adasinin-guneyinde-egitim-ucusu\\\/#breadcrumb\"},\"inLanguage\":\"tr\",\"potentialAction\":[{\"@type\":\"ReadAction\",\"target\":[\"https:\\\/\\\/kuzeyinsesi.org\\\/index.php\\\/2024\\\/05\\\/04\\\/turk-hava-kuvvetlerinden-kibris-adasinin-guneyinde-egitim-ucusu\\\/\"]}]},{\"@type\":\"ImageObject\",\"inLanguage\":\"tr\",\"@id\":\"https:\\\/\\\/kuzeyinsesi.org\\\/index.php\\\/2024\\\/05\\\/04\\\/turk-hava-kuvvetlerinden-kibris-adasinin-guneyinde-egitim-ucusu\\\/#primaryimage\",\"url\":\"https:\\\/\\\/kuzeyinsesi.org\\\/wp-content\\\/uploads\\\/2024\\\/05\\\/thumbs_b_c_56fc76e41c2e1b41981a40970de447e7.jpg\",\"contentUrl\":\"https:\\\/\\\/kuzeyinsesi.org\\\/wp-content\\\/uploads\\\/2024\\\/05\\\/thumbs_b_c_56fc76e41c2e1b41981a40970de447e7.jpg\",\"width\":864,\"height\":486},{\"@type\":\"BreadcrumbList\",\"@id\":\"https:\\\/\\\/kuzeyinsesi.org\\\/index.php\\\/2024\\\/05\\\/04\\\/turk-hava-kuvvetlerinden-kibris-adasinin-guneyinde-egitim-ucusu\\\/#breadcrumb\",\"itemListElement\":[{\"@type\":\"ListItem\",\"position\":1,\"name\":\"Anasayfa\",\"item\":\"https:\\\/\\\/kuzeyinsesi.org\\\/\"},{\"@type\":\"ListItem\",\"position\":2,\"name\":\"T\u00fcrk Hava Kuvvetlerinden K\u0131br\u0131s adas\u0131n\u0131n g\u00fcneyinde e\u011fitim u\u00e7u\u015fu\"}]},{\"@type\":\"WebSite\",\"@id\":\"https:\\\/\\\/kuzeyinsesi.org\\\/#website\",\"url\":\"https:\\\/\\\/kuzeyinsesi.org\\\/\",\"name\":\"Kuzeyin Sesi\",\"description\":\"Do\u011fru Haberin Adresi\",\"potentialAction\":[{\"@type\":\"SearchAction\",\"target\":{\"@type\":\"EntryPoint\",\"urlTemplate\":\"https:\\\/\\\/kuzeyinsesi.org\\\/?s={search_term_string}\"},\"query-input\":{\"@type\":\"PropertyValueSpecification\",\"valueRequired\":true,\"valueName\":\"search_term_string\"}}],\"inLanguage\":\"tr\"},{\"@type\":\"Person\",\"@id\":\"https:\\\/\\\/kuzeyinsesi.org\\\/#\\\/schema\\\/person\\\/9f859689cdf01485597712386e37f5aa\",\"name\":\"Kuzeyin Sesi\",\"image\":{\"@type\":\"ImageObject\",\"inLanguage\":\"tr\",\"@id\":\"https:\\\/\\\/secure.gravatar.com\\\/avatar\\\/bab33852abfd8b282518d6ed81826833d77c3c882d9ab608add591ccace47a44?s=96&d=mm&r=g\",\"url\":\"https:\\\/\\\/secure.gravatar.com\\\/avatar\\\/bab33852abfd8b282518d6ed81826833d77c3c882d9ab608add591ccace47a44?s=96&d=mm&r=g\",\"contentUrl\":\"https:\\\/\\\/secure.gravatar.com\\\/avatar\\\/bab33852abfd8b282518d6ed81826833d77c3c882d9ab608add591ccace47a44?s=96&d=mm&r=g\",\"caption\":\"Kuzeyin Sesi\"},\"sameAs\":[\"https:\\\/\\\/kuzeyinsesi.org\"],\"url\":\"https:\\\/\\\/kuzeyinsesi.org\\\/index.php\\\/author\\\/guven\\\/\"}]}<\/script>\n<!-- \/ Yoast SEO plugin. -->","yoast_head_json":{"title":"T\u00fcrk Hava Kuvvetlerinden K\u0131br\u0131s adas\u0131n\u0131n g\u00fcneyinde e\u011fitim u\u00e7u\u015fu - Kuzeyin Sesi","robots":{"index":"index","follow":"follow","max-snippet":"max-snippet:-1","max-image-preview":"max-image-preview:large","max-video-preview":"max-video-preview:-1"},"canonical":"https:\/\/kuzeyinsesi.org\/index.php\/2024\/05\/04\/turk-hava-kuvvetlerinden-kibris-adasinin-guneyinde-egitim-ucusu\/","og_locale":"tr_TR","og_type":"article","og_title":"T\u00fcrk Hava Kuvvetlerinden K\u0131br\u0131s adas\u0131n\u0131n g\u00fcneyinde e\u011fitim u\u00e7u\u015fu - Kuzeyin Sesi","og_description":"T\u00fcrkiye Milli Savunma Bakanl\u0131\u011f\u0131, T\u00fcrk Hava Kuvvetleri u\u00e7aklar\u0131n\u0131n, K\u0131br\u0131s adas\u0131n\u0131n g\u00fcneyindeki uluslararas\u0131 hava sahas\u0131nda e\u011fitim u\u00e7u\u015fu ger\u00e7ekle\u015ftirdi\u011fini bildirdi. Bakanl\u0131\u011f\u0131n X sosyal medya hesab\u0131ndan yap\u0131lan a\u00e7\u0131klamada, \u201cHava Kuvvetleri Komutanl\u0131\u011f\u0131m\u0131za ba\u011fl\u0131 farkl\u0131 \u00fcslerden havalanan muharip ve destek u\u00e7aklar\u0131m\u0131z\u0131n kat\u0131l\u0131m\u0131yla K\u0131br\u0131s adas\u0131n\u0131n g\u00fcneyinde, Akdeniz\u2019in uluslararas\u0131 hava sahas\u0131nda e\u011fitim u\u00e7u\u015fu ger\u00e7ekle\u015ftirildi.\u201d ifadesi kullan\u0131ld\u0131. Payla\u015f\u0131mdaki videoda, u\u00e7aklar\u0131n kalk\u0131\u015f yapt\u0131\u011f\u0131 anlar [&hellip;]","og_url":"https:\/\/kuzeyinsesi.org\/index.php\/2024\/05\/04\/turk-hava-kuvvetlerinden-kibris-adasinin-guneyinde-egitim-ucusu\/","og_site_name":"Kuzeyin Sesi","article_publisher":"https:\/\/www.facebook.com\/kuzeyinsesii","article_published_time":"2024-05-04T11:58:47+00:00","og_image":[{"width":864,"height":486,"url":"https:\/\/kuzeyinsesi.org\/wp-content\/uploads\/2024\/05\/thumbs_b_c_56fc76e41c2e1b41981a40970de447e7.jpg","type":"image\/jpeg"}],"author":"Kuzeyin Sesi","twitter_card":"summary_large_image","twitter_creator":"@kuzeyinsesii","twitter_site":"@kuzeyinsesii","twitter_misc":{"Yazan:":"Kuzeyin Sesi","Tahmini okuma s\u00fcresi":"1 dakika"},"schema":{"@context":"https:\/\/schema.org","@graph":[{"@type":"Article","@id":"https:\/\/kuzeyinsesi.org\/index.php\/2024\/05\/04\/turk-hava-kuvvetlerinden-kibris-adasinin-guneyinde-egitim-ucusu\/#article","isPartOf":{"@id":"https:\/\/kuzeyinsesi.org\/index.php\/2024\/05\/04\/turk-hava-kuvvetlerinden-kibris-adasinin-guneyinde-egitim-ucusu\/"},"author":{"name":"Kuzeyin Sesi","@id":"https:\/\/kuzeyinsesi.org\/#\/schema\/person\/9f859689cdf01485597712386e37f5aa"},"headline":"T\u00fcrk Hava Kuvvetlerinden K\u0131br\u0131s adas\u0131n\u0131n g\u00fcneyinde e\u011fitim u\u00e7u\u015fu","datePublished":"2024-05-04T11:58:47+00:00","mainEntityOfPage":{"@id":"https:\/\/kuzeyinsesi.org\/index.php\/2024\/05\/04\/turk-hava-kuvvetlerinden-kibris-adasinin-guneyinde-egitim-ucusu\/"},"wordCount":134,"commentCount":0,"image":{"@id":"https:\/\/kuzeyinsesi.org\/index.php\/2024\/05\/04\/turk-hava-kuvvetlerinden-kibris-adasinin-guneyinde-egitim-ucusu\/#primaryimage"},"thumbnailUrl":"https:\/\/kuzeyinsesi.org\/wp-content\/uploads\/2024\/05\/thumbs_b_c_56fc76e41c2e1b41981a40970de447e7.jpg","articleSection":["T\u00fcrkiye"],"inLanguage":"tr","potentialAction":[{"@type":"CommentAction","name":"Comment","target":["https:\/\/kuzeyinsesi.org\/index.php\/2024\/05\/04\/turk-hava-kuvvetlerinden-kibris-adasinin-guneyinde-egitim-ucusu\/#respond"]}]},{"@type":"WebPage","@id":"https:\/\/kuzeyinsesi.org\/index.php\/2024\/05\/04\/turk-hava-kuvvetlerinden-kibris-adasinin-guneyinde-egitim-ucusu\/","url":"https:\/\/kuzeyinsesi.org\/index.php\/2024\/05\/04\/turk-hava-kuvvetlerinden-kibris-adasinin-guneyinde-egitim-ucusu\/","name":"T\u00fcrk Hava Kuvvetlerinden K\u0131br\u0131s adas\u0131n\u0131n g\u00fcneyinde e\u011fitim u\u00e7u\u015fu - Kuzeyin Sesi","isPartOf":{"@id":"https:\/\/kuzeyinsesi.org\/#website"},"primaryImageOfPage":{"@id":"https:\/\/kuzeyinsesi.org\/index.php\/2024\/05\/04\/turk-hava-kuvvetlerinden-kibris-adasinin-guneyinde-egitim-ucusu\/#primaryimage"},"image":{"@id":"https:\/\/kuzeyinsesi.org\/index.php\/2024\/05\/04\/turk-hava-kuvvetlerinden-kibris-adasinin-guneyinde-egitim-ucusu\/#primaryimage"},"thumbnailUrl":"https:\/\/kuzeyinsesi.org\/wp-content\/uploads\/2024\/05\/thumbs_b_c_56fc76e41c2e1b41981a40970de447e7.jpg","datePublished":"2024-05-04T11:58:47+00:00","author":{"@id":"https:\/\/kuzeyinsesi.org\/#\/schema\/person\/9f859689cdf01485597712386e37f5aa"},"breadcrumb":{"@id":"https:\/\/kuzeyinsesi.org\/index.php\/2024\/05\/04\/turk-hava-kuvvetlerinden-kibris-adasinin-guneyinde-egitim-ucusu\/#breadcrumb"},"inLanguage":"tr","potentialAction":[{"@type":"ReadAction","target":["https:\/\/kuzeyinsesi.org\/index.php\/2024\/05\/04\/turk-hava-kuvvetlerinden-kibris-adasinin-guneyinde-egitim-ucusu\/"]}]},{"@type":"ImageObject","inLanguage":"tr","@id":"https:\/\/kuzeyinsesi.org\/index.php\/2024\/05\/04\/turk-hava-kuvvetlerinden-kibris-adasinin-guneyinde-egitim-ucusu\/#primaryimage","url":"https:\/\/kuzeyinsesi.org\/wp-content\/uploads\/2024\/05\/thumbs_b_c_56fc76e41c2e1b41981a40970de447e7.jpg","contentUrl":"https:\/\/kuzeyinsesi.org\/wp-content\/uploads\/2024\/05\/thumbs_b_c_56fc76e41c2e1b41981a40970de447e7.jpg","width":864,"height":486},{"@type":"BreadcrumbList","@id":"https:\/\/kuzeyinsesi.org\/index.php\/2024\/05\/04\/turk-hava-kuvvetlerinden-kibris-adasinin-guneyinde-egitim-ucusu\/#breadcrumb","itemListElement":[{"@type":"ListItem","position":1,"name":"Anasayfa","item":"https:\/\/kuzeyinsesi.org\/"},{"@type":"ListItem","position":2,"name":"T\u00fcrk Hava Kuvvetlerinden K\u0131br\u0131s adas\u0131n\u0131n g\u00fcneyinde e\u011fitim u\u00e7u\u015fu"}]},{"@type":"WebSite","@id":"https:\/\/kuzeyinsesi.org\/#website","url":"https:\/\/kuzeyinsesi.org\/","name":"Kuzeyin Sesi","description":"Do\u011fru Haberin Adresi","potentialAction":[{"@type":"SearchAction","target":{"@type":"EntryPoint","urlTemplate":"https:\/\/kuzeyinsesi.org\/?s={search_term_string}"},"query-input":{"@type":"PropertyValueSpecification","valueRequired":true,"valueName":"search_term_string"}}],"inLanguage":"tr"},{"@type":"Person","@id":"https:\/\/kuzeyinsesi.org\/#\/schema\/person\/9f859689cdf01485597712386e37f5aa","name":"Kuzeyin Sesi","image":{"@type":"ImageObject","inLanguage":"tr","@id":"https:\/\/secure.gravatar.com\/avatar\/bab33852abfd8b282518d6ed81826833d77c3c882d9ab608add591ccace47a44?s=96&d=mm&r=g","url":"https:\/\/secure.gravatar.com\/avatar\/bab33852abfd8b282518d6ed81826833d77c3c882d9ab608add591ccace47a44?s=96&d=mm&r=g","contentUrl":"https:\/\/secure.gravatar.com\/avatar\/bab33852abfd8b282518d6ed81826833d77c3c882d9ab608add591ccace47a44?s=96&d=mm&r=g","caption":"Kuzeyin Sesi"},"sameAs":["https:\/\/kuzeyinsesi.org"],"url":"https:\/\/kuzeyinsesi.org\/index.php\/author\/guven\/"}]}},"_links":{"self":[{"href":"https:\/\/kuzeyinsesi.org\/index.php\/wp-json\/wp\/v2\/posts\/1262","targetHints":{"allow":["GET"]}}],"collection":[{"href":"https:\/\/kuzeyinsesi.org\/index.php\/wp-json\/wp\/v2\/posts"}],"about":[{"href":"https:\/\/kuzeyinsesi.org\/index.php\/wp-json\/wp\/v2\/types\/post"}],"author":[{"embeddable":true,"href":"https:\/\/kuzeyinsesi.org\/index.php\/wp-json\/wp\/v2\/users\/1"}],"replies":[{"embeddable":true,"href":"https:\/\/kuzeyinsesi.org\/index.php\/wp-json\/wp\/v2\/comments?post=1262"}],"version-history":[{"count":0,"href":"https:\/\/kuzeyinsesi.org\/index.php\/wp-json\/wp\/v2\/posts\/1262\/revisions"}],"wp:featuredmedia":[{"embeddable":true,"href":"https:\/\/kuzeyinsesi.org\/index.php\/wp-json\/wp\/v2\/media\/1264"}],"wp:attachment":[{"href":"https:\/\/kuzeyinsesi.org\/index.php\/wp-json\/wp\/v2\/media?parent=1262"}],"wp:term":[{"taxonomy":"category","embeddable":true,"href":"https:\/\/kuzeyinsesi.org\/index.php\/wp-json\/wp\/v2\/categories?post=1262"},{"taxonomy":"post_tag","embeddable":true,"href":"https:\/\/kuzeyinsesi.org\/index.php\/wp-json\/wp\/v2\/tags?post=1262"}],"curies":[{"name":"wp","href":"https:\/\/api.w.org\/{rel}","templated":true}]}}