{"id":12369,"date":"2024-10-27T16:36:14","date_gmt":"2024-10-27T14:36:14","guid":{"rendered":"https:\/\/kuzeyinsesi.org\/index.php\/2024\/10\/27\/2-sualti-goruntu-avciligi-odul-toreni-gerceklesti\/"},"modified":"2024-10-27T16:36:14","modified_gmt":"2024-10-27T14:36:14","slug":"2-sualti-goruntu-avciligi-odul-toreni-gerceklesti","status":"publish","type":"post","link":"https:\/\/kuzeyinsesi.org\/index.php\/2024\/10\/27\/2-sualti-goruntu-avciligi-odul-toreni-gerceklesti\/","title":{"rendered":"2. Sualt\u0131 G\u00f6r\u00fcnt\u00fc Avc\u0131l\u0131\u011f\u0131 \u00f6d\u00fcl t\u00f6reni ger\u00e7ekle\u015fti"},"content":{"rendered":"<div>\n<div class=\"mariselle-image-container center\">\n                                            <\/div>\n<p> \u2018Girne Ark\u0131n Group Fest 24\u2019 kapsam\u0131nda yer alan 2. Uluslararas\u0131 Sualt\u0131 G\u00f6r\u00fcnt\u00fc Avc\u0131l\u0131\u011f\u0131 Foto\u011fraf Yar\u0131\u015fmas\u0131 \u00f6d\u00fcl t\u00f6reni ger\u00e7ekle\u015fti.<\/p>\n<p>Girne Belediyesi\u2019nden yap\u0131lan a\u00e7\u0131klamaya g\u00f6re,  Girne Belediyesi Oda Tiyatrosu\u2019nda ger\u00e7ekle\u015ftirilen t\u00f6ren kapsam\u0131nda, dereceye girenlere \u00f6d\u00fclleri verildi.<\/p>\n<p>Organizasyona katk\u0131 koyanlara ve kat\u0131l\u0131mc\u0131lara da sertifikalar\u0131n\u0131n teslim edildi\u011fi \u00f6d\u00fcl t\u00f6renine; Girne Belediyesi Meclis \u00dcyeleri Halil Oktun\u00e7 ve Hakan Y\u00fccel ile Ba\u015fkan Dan\u0131\u015fman\u0131 Mustafa \u0130lgen kat\u0131ld\u0131. \u00d6d\u00fcl t\u00f6reni \u00f6ncesinde Girne Belediyesi Meclis \u00dcyesi Hakan Y\u00fccel k\u0131sa bir konu\u015fma ger\u00e7ekle\u015ftirdi.<\/p>\n<p>2. Sualt\u0131 G\u00f6r\u00fcnt\u00fc Avc\u0131l\u0131\u011f\u0131 Yar\u0131\u015fmas\u0131 kapsam\u0131nda ger\u00e7ekle\u015ftirilecek olan foto\u011fraf sergisi 28 Ekim Pazartesi g\u00fcn\u00fc hayat bulacak. Foto\u011fraflar, 1 hafta s\u00fcreyle (mesai saatleri i\u00e7erisinde) Girne Belediyesi Yeni Hizmet Binas\u0131\u2019nda sergilenecek.<\/p>\n<\/p><\/div>\n<p><script async\n                    defer\n                    crossorigin=\"anonymous\"\n                    src=\"https:\/\/connect.facebook.net\/tr_TR\/sdk.js#xfbml=1&#038;version=v3.3\"\n            ><\/script><\/p>\n","protected":false},"excerpt":{"rendered":"<p>\u2018Girne Ark\u0131n Group Fest 24\u2019 kapsam\u0131nda yer alan 2. Uluslararas\u0131 Sualt\u0131 G\u00f6r\u00fcnt\u00fc Avc\u0131l\u0131\u011f\u0131 Foto\u011fraf Yar\u0131\u015fmas\u0131 \u00f6d\u00fcl t\u00f6reni ger\u00e7ekle\u015fti. Girne Belediyesi\u2019nden yap\u0131lan a\u00e7\u0131klamaya g\u00f6re, Girne Belediyesi Oda Tiyatrosu\u2019nda ger\u00e7ekle\u015ftirilen t\u00f6ren kapsam\u0131nda, dereceye girenlere \u00f6d\u00fclleri verildi. Organizasyona katk\u0131 koyanlara ve kat\u0131l\u0131mc\u0131lara da sertifikalar\u0131n\u0131n teslim edildi\u011fi \u00f6d\u00fcl t\u00f6renine; Girne Belediyesi Meclis \u00dcyeleri Halil Oktun\u00e7 ve Hakan Y\u00fccel ile [&hellip;]<\/p>\n","protected":false},"author":1,"featured_media":12370,"comment_status":"open","ping_status":"open","sticky":false,"template":"","format":"standard","meta":{"jnews-multi-image_gallery":[],"jnews_single_post":[],"jnews_primary_category":[],"jnews_social_meta":[],"jnews_override_counter":[],"footnotes":""},"categories":[6],"tags":[],"class_list":["post-12369","post","type-post","status-publish","format-standard","has-post-thumbnail","hentry","category-yasam"],"yoast_head":"<!-- This site is optimized with the Yoast SEO plugin v27.4 - https:\/\/yoast.com\/product\/yoast-seo-wordpress\/ -->\n<title>2. Sualt\u0131 G\u00f6r\u00fcnt\u00fc Avc\u0131l\u0131\u011f\u0131 \u00f6d\u00fcl t\u00f6reni ger\u00e7ekle\u015fti - Kuzeyin Sesi<\/title>\n<meta name=\"robots\" content=\"index, follow, max-snippet:-1, max-image-preview:large, max-video-preview:-1\" \/>\n<link rel=\"canonical\" href=\"https:\/\/kuzeyinsesi.org\/index.php\/2024\/10\/27\/2-sualti-goruntu-avciligi-odul-toreni-gerceklesti\/\" \/>\n<meta property=\"og:locale\" content=\"tr_TR\" \/>\n<meta property=\"og:type\" content=\"article\" \/>\n<meta property=\"og:title\" content=\"2. Sualt\u0131 G\u00f6r\u00fcnt\u00fc Avc\u0131l\u0131\u011f\u0131 \u00f6d\u00fcl t\u00f6reni ger\u00e7ekle\u015fti - Kuzeyin Sesi\" \/>\n<meta property=\"og:description\" content=\"\u2018Girne Ark\u0131n Group Fest 24\u2019 kapsam\u0131nda yer alan 2. Uluslararas\u0131 Sualt\u0131 G\u00f6r\u00fcnt\u00fc Avc\u0131l\u0131\u011f\u0131 Foto\u011fraf Yar\u0131\u015fmas\u0131 \u00f6d\u00fcl t\u00f6reni ger\u00e7ekle\u015fti. Girne Belediyesi\u2019nden yap\u0131lan a\u00e7\u0131klamaya g\u00f6re, Girne Belediyesi Oda Tiyatrosu\u2019nda ger\u00e7ekle\u015ftirilen t\u00f6ren kapsam\u0131nda, dereceye girenlere \u00f6d\u00fclleri verildi. Organizasyona katk\u0131 koyanlara ve kat\u0131l\u0131mc\u0131lara da sertifikalar\u0131n\u0131n teslim edildi\u011fi \u00f6d\u00fcl t\u00f6renine; Girne Belediyesi Meclis \u00dcyeleri Halil Oktun\u00e7 ve Hakan Y\u00fccel ile [&hellip;]\" \/>\n<meta property=\"og:url\" content=\"https:\/\/kuzeyinsesi.org\/index.php\/2024\/10\/27\/2-sualti-goruntu-avciligi-odul-toreni-gerceklesti\/\" \/>\n<meta property=\"og:site_name\" content=\"Kuzeyin Sesi\" \/>\n<meta property=\"article:publisher\" content=\"https:\/\/www.facebook.com\/kuzeyinsesii\" \/>\n<meta property=\"article:published_time\" content=\"2024-10-27T14:36:14+00:00\" \/>\n<meta property=\"og:image\" content=\"https:\/\/brtk.net\/wp-content\/uploads\/2024\/10\/27\/riwrswi-scaled.jpg?ver=9d634581d913db173c7280dd946014c4\" \/>\n<meta name=\"author\" content=\"Kuzeyin Sesi\" \/>\n<meta name=\"twitter:card\" content=\"summary_large_image\" \/>\n<meta name=\"twitter:creator\" content=\"@kuzeyinsesii\" \/>\n<meta name=\"twitter:site\" content=\"@kuzeyinsesii\" \/>\n<meta name=\"twitter:label1\" content=\"Yazan:\" \/>\n\t<meta name=\"twitter:data1\" content=\"Kuzeyin Sesi\" \/>\n\t<meta name=\"twitter:label2\" content=\"Tahmini okuma s\u00fcresi\" \/>\n\t<meta name=\"twitter:data2\" content=\"1 dakika\" \/>\n<script type=\"application\/ld+json\" class=\"yoast-schema-graph\">{\"@context\":\"https:\\\/\\\/schema.org\",\"@graph\":[{\"@type\":\"Article\",\"@id\":\"https:\\\/\\\/kuzeyinsesi.org\\\/index.php\\\/2024\\\/10\\\/27\\\/2-sualti-goruntu-avciligi-odul-toreni-gerceklesti\\\/#article\",\"isPartOf\":{\"@id\":\"https:\\\/\\\/kuzeyinsesi.org\\\/index.php\\\/2024\\\/10\\\/27\\\/2-sualti-goruntu-avciligi-odul-toreni-gerceklesti\\\/\"},\"author\":{\"name\":\"Kuzeyin Sesi\",\"@id\":\"https:\\\/\\\/kuzeyinsesi.org\\\/#\\\/schema\\\/person\\\/9f859689cdf01485597712386e37f5aa\"},\"headline\":\"2. Sualt\u0131 G\u00f6r\u00fcnt\u00fc Avc\u0131l\u0131\u011f\u0131 \u00f6d\u00fcl t\u00f6reni ger\u00e7ekle\u015fti\",\"datePublished\":\"2024-10-27T14:36:14+00:00\",\"mainEntityOfPage\":{\"@id\":\"https:\\\/\\\/kuzeyinsesi.org\\\/index.php\\\/2024\\\/10\\\/27\\\/2-sualti-goruntu-avciligi-odul-toreni-gerceklesti\\\/\"},\"wordCount\":163,\"commentCount\":0,\"image\":{\"@id\":\"https:\\\/\\\/kuzeyinsesi.org\\\/index.php\\\/2024\\\/10\\\/27\\\/2-sualti-goruntu-avciligi-odul-toreni-gerceklesti\\\/#primaryimage\"},\"thumbnailUrl\":\"https:\\\/\\\/kuzeyinsesi.org\\\/wp-content\\\/uploads\\\/2024\\\/10\\\/riwrswi-scaled.jpg\",\"articleSection\":[\"Ya\u015fam\"],\"inLanguage\":\"tr\",\"potentialAction\":[{\"@type\":\"CommentAction\",\"name\":\"Comment\",\"target\":[\"https:\\\/\\\/kuzeyinsesi.org\\\/index.php\\\/2024\\\/10\\\/27\\\/2-sualti-goruntu-avciligi-odul-toreni-gerceklesti\\\/#respond\"]}]},{\"@type\":\"WebPage\",\"@id\":\"https:\\\/\\\/kuzeyinsesi.org\\\/index.php\\\/2024\\\/10\\\/27\\\/2-sualti-goruntu-avciligi-odul-toreni-gerceklesti\\\/\",\"url\":\"https:\\\/\\\/kuzeyinsesi.org\\\/index.php\\\/2024\\\/10\\\/27\\\/2-sualti-goruntu-avciligi-odul-toreni-gerceklesti\\\/\",\"name\":\"2. Sualt\u0131 G\u00f6r\u00fcnt\u00fc Avc\u0131l\u0131\u011f\u0131 \u00f6d\u00fcl t\u00f6reni ger\u00e7ekle\u015fti - Kuzeyin Sesi\",\"isPartOf\":{\"@id\":\"https:\\\/\\\/kuzeyinsesi.org\\\/#website\"},\"primaryImageOfPage\":{\"@id\":\"https:\\\/\\\/kuzeyinsesi.org\\\/index.php\\\/2024\\\/10\\\/27\\\/2-sualti-goruntu-avciligi-odul-toreni-gerceklesti\\\/#primaryimage\"},\"image\":{\"@id\":\"https:\\\/\\\/kuzeyinsesi.org\\\/index.php\\\/2024\\\/10\\\/27\\\/2-sualti-goruntu-avciligi-odul-toreni-gerceklesti\\\/#primaryimage\"},\"thumbnailUrl\":\"https:\\\/\\\/kuzeyinsesi.org\\\/wp-content\\\/uploads\\\/2024\\\/10\\\/riwrswi-scaled.jpg\",\"datePublished\":\"2024-10-27T14:36:14+00:00\",\"author\":{\"@id\":\"https:\\\/\\\/kuzeyinsesi.org\\\/#\\\/schema\\\/person\\\/9f859689cdf01485597712386e37f5aa\"},\"breadcrumb\":{\"@id\":\"https:\\\/\\\/kuzeyinsesi.org\\\/index.php\\\/2024\\\/10\\\/27\\\/2-sualti-goruntu-avciligi-odul-toreni-gerceklesti\\\/#breadcrumb\"},\"inLanguage\":\"tr\",\"potentialAction\":[{\"@type\":\"ReadAction\",\"target\":[\"https:\\\/\\\/kuzeyinsesi.org\\\/index.php\\\/2024\\\/10\\\/27\\\/2-sualti-goruntu-avciligi-odul-toreni-gerceklesti\\\/\"]}]},{\"@type\":\"ImageObject\",\"inLanguage\":\"tr\",\"@id\":\"https:\\\/\\\/kuzeyinsesi.org\\\/index.php\\\/2024\\\/10\\\/27\\\/2-sualti-goruntu-avciligi-odul-toreni-gerceklesti\\\/#primaryimage\",\"url\":\"https:\\\/\\\/kuzeyinsesi.org\\\/wp-content\\\/uploads\\\/2024\\\/10\\\/riwrswi-scaled.jpg\",\"contentUrl\":\"https:\\\/\\\/kuzeyinsesi.org\\\/wp-content\\\/uploads\\\/2024\\\/10\\\/riwrswi-scaled.jpg\",\"width\":2560,\"height\":1928},{\"@type\":\"BreadcrumbList\",\"@id\":\"https:\\\/\\\/kuzeyinsesi.org\\\/index.php\\\/2024\\\/10\\\/27\\\/2-sualti-goruntu-avciligi-odul-toreni-gerceklesti\\\/#breadcrumb\",\"itemListElement\":[{\"@type\":\"ListItem\",\"position\":1,\"name\":\"Anasayfa\",\"item\":\"https:\\\/\\\/kuzeyinsesi.org\\\/\"},{\"@type\":\"ListItem\",\"position\":2,\"name\":\"2. Sualt\u0131 G\u00f6r\u00fcnt\u00fc Avc\u0131l\u0131\u011f\u0131 \u00f6d\u00fcl t\u00f6reni ger\u00e7ekle\u015fti\"}]},{\"@type\":\"WebSite\",\"@id\":\"https:\\\/\\\/kuzeyinsesi.org\\\/#website\",\"url\":\"https:\\\/\\\/kuzeyinsesi.org\\\/\",\"name\":\"Kuzeyin Sesi\",\"description\":\"Do\u011fru Haberin Adresi\",\"potentialAction\":[{\"@type\":\"SearchAction\",\"target\":{\"@type\":\"EntryPoint\",\"urlTemplate\":\"https:\\\/\\\/kuzeyinsesi.org\\\/?s={search_term_string}\"},\"query-input\":{\"@type\":\"PropertyValueSpecification\",\"valueRequired\":true,\"valueName\":\"search_term_string\"}}],\"inLanguage\":\"tr\"},{\"@type\":\"Person\",\"@id\":\"https:\\\/\\\/kuzeyinsesi.org\\\/#\\\/schema\\\/person\\\/9f859689cdf01485597712386e37f5aa\",\"name\":\"Kuzeyin Sesi\",\"image\":{\"@type\":\"ImageObject\",\"inLanguage\":\"tr\",\"@id\":\"https:\\\/\\\/secure.gravatar.com\\\/avatar\\\/bab33852abfd8b282518d6ed81826833d77c3c882d9ab608add591ccace47a44?s=96&d=mm&r=g\",\"url\":\"https:\\\/\\\/secure.gravatar.com\\\/avatar\\\/bab33852abfd8b282518d6ed81826833d77c3c882d9ab608add591ccace47a44?s=96&d=mm&r=g\",\"contentUrl\":\"https:\\\/\\\/secure.gravatar.com\\\/avatar\\\/bab33852abfd8b282518d6ed81826833d77c3c882d9ab608add591ccace47a44?s=96&d=mm&r=g\",\"caption\":\"Kuzeyin Sesi\"},\"sameAs\":[\"https:\\\/\\\/kuzeyinsesi.org\"],\"url\":\"https:\\\/\\\/kuzeyinsesi.org\\\/index.php\\\/author\\\/guven\\\/\"}]}<\/script>\n<!-- \/ Yoast SEO plugin. -->","yoast_head_json":{"title":"2. Sualt\u0131 G\u00f6r\u00fcnt\u00fc Avc\u0131l\u0131\u011f\u0131 \u00f6d\u00fcl t\u00f6reni ger\u00e7ekle\u015fti - Kuzeyin Sesi","robots":{"index":"index","follow":"follow","max-snippet":"max-snippet:-1","max-image-preview":"max-image-preview:large","max-video-preview":"max-video-preview:-1"},"canonical":"https:\/\/kuzeyinsesi.org\/index.php\/2024\/10\/27\/2-sualti-goruntu-avciligi-odul-toreni-gerceklesti\/","og_locale":"tr_TR","og_type":"article","og_title":"2. Sualt\u0131 G\u00f6r\u00fcnt\u00fc Avc\u0131l\u0131\u011f\u0131 \u00f6d\u00fcl t\u00f6reni ger\u00e7ekle\u015fti - Kuzeyin Sesi","og_description":"\u2018Girne Ark\u0131n Group Fest 24\u2019 kapsam\u0131nda yer alan 2. Uluslararas\u0131 Sualt\u0131 G\u00f6r\u00fcnt\u00fc Avc\u0131l\u0131\u011f\u0131 Foto\u011fraf Yar\u0131\u015fmas\u0131 \u00f6d\u00fcl t\u00f6reni ger\u00e7ekle\u015fti. Girne Belediyesi\u2019nden yap\u0131lan a\u00e7\u0131klamaya g\u00f6re, Girne Belediyesi Oda Tiyatrosu\u2019nda ger\u00e7ekle\u015ftirilen t\u00f6ren kapsam\u0131nda, dereceye girenlere \u00f6d\u00fclleri verildi. Organizasyona katk\u0131 koyanlara ve kat\u0131l\u0131mc\u0131lara da sertifikalar\u0131n\u0131n teslim edildi\u011fi \u00f6d\u00fcl t\u00f6renine; Girne Belediyesi Meclis \u00dcyeleri Halil Oktun\u00e7 ve Hakan Y\u00fccel ile [&hellip;]","og_url":"https:\/\/kuzeyinsesi.org\/index.php\/2024\/10\/27\/2-sualti-goruntu-avciligi-odul-toreni-gerceklesti\/","og_site_name":"Kuzeyin Sesi","article_publisher":"https:\/\/www.facebook.com\/kuzeyinsesii","article_published_time":"2024-10-27T14:36:14+00:00","og_image":[{"url":"https:\/\/brtk.net\/wp-content\/uploads\/2024\/10\/27\/riwrswi-scaled.jpg?ver=9d634581d913db173c7280dd946014c4","type":"","width":"","height":""}],"author":"Kuzeyin Sesi","twitter_card":"summary_large_image","twitter_creator":"@kuzeyinsesii","twitter_site":"@kuzeyinsesii","twitter_misc":{"Yazan:":"Kuzeyin Sesi","Tahmini okuma s\u00fcresi":"1 dakika"},"schema":{"@context":"https:\/\/schema.org","@graph":[{"@type":"Article","@id":"https:\/\/kuzeyinsesi.org\/index.php\/2024\/10\/27\/2-sualti-goruntu-avciligi-odul-toreni-gerceklesti\/#article","isPartOf":{"@id":"https:\/\/kuzeyinsesi.org\/index.php\/2024\/10\/27\/2-sualti-goruntu-avciligi-odul-toreni-gerceklesti\/"},"author":{"name":"Kuzeyin Sesi","@id":"https:\/\/kuzeyinsesi.org\/#\/schema\/person\/9f859689cdf01485597712386e37f5aa"},"headline":"2. Sualt\u0131 G\u00f6r\u00fcnt\u00fc Avc\u0131l\u0131\u011f\u0131 \u00f6d\u00fcl t\u00f6reni ger\u00e7ekle\u015fti","datePublished":"2024-10-27T14:36:14+00:00","mainEntityOfPage":{"@id":"https:\/\/kuzeyinsesi.org\/index.php\/2024\/10\/27\/2-sualti-goruntu-avciligi-odul-toreni-gerceklesti\/"},"wordCount":163,"commentCount":0,"image":{"@id":"https:\/\/kuzeyinsesi.org\/index.php\/2024\/10\/27\/2-sualti-goruntu-avciligi-odul-toreni-gerceklesti\/#primaryimage"},"thumbnailUrl":"https:\/\/kuzeyinsesi.org\/wp-content\/uploads\/2024\/10\/riwrswi-scaled.jpg","articleSection":["Ya\u015fam"],"inLanguage":"tr","potentialAction":[{"@type":"CommentAction","name":"Comment","target":["https:\/\/kuzeyinsesi.org\/index.php\/2024\/10\/27\/2-sualti-goruntu-avciligi-odul-toreni-gerceklesti\/#respond"]}]},{"@type":"WebPage","@id":"https:\/\/kuzeyinsesi.org\/index.php\/2024\/10\/27\/2-sualti-goruntu-avciligi-odul-toreni-gerceklesti\/","url":"https:\/\/kuzeyinsesi.org\/index.php\/2024\/10\/27\/2-sualti-goruntu-avciligi-odul-toreni-gerceklesti\/","name":"2. Sualt\u0131 G\u00f6r\u00fcnt\u00fc Avc\u0131l\u0131\u011f\u0131 \u00f6d\u00fcl t\u00f6reni ger\u00e7ekle\u015fti - Kuzeyin Sesi","isPartOf":{"@id":"https:\/\/kuzeyinsesi.org\/#website"},"primaryImageOfPage":{"@id":"https:\/\/kuzeyinsesi.org\/index.php\/2024\/10\/27\/2-sualti-goruntu-avciligi-odul-toreni-gerceklesti\/#primaryimage"},"image":{"@id":"https:\/\/kuzeyinsesi.org\/index.php\/2024\/10\/27\/2-sualti-goruntu-avciligi-odul-toreni-gerceklesti\/#primaryimage"},"thumbnailUrl":"https:\/\/kuzeyinsesi.org\/wp-content\/uploads\/2024\/10\/riwrswi-scaled.jpg","datePublished":"2024-10-27T14:36:14+00:00","author":{"@id":"https:\/\/kuzeyinsesi.org\/#\/schema\/person\/9f859689cdf01485597712386e37f5aa"},"breadcrumb":{"@id":"https:\/\/kuzeyinsesi.org\/index.php\/2024\/10\/27\/2-sualti-goruntu-avciligi-odul-toreni-gerceklesti\/#breadcrumb"},"inLanguage":"tr","potentialAction":[{"@type":"ReadAction","target":["https:\/\/kuzeyinsesi.org\/index.php\/2024\/10\/27\/2-sualti-goruntu-avciligi-odul-toreni-gerceklesti\/"]}]},{"@type":"ImageObject","inLanguage":"tr","@id":"https:\/\/kuzeyinsesi.org\/index.php\/2024\/10\/27\/2-sualti-goruntu-avciligi-odul-toreni-gerceklesti\/#primaryimage","url":"https:\/\/kuzeyinsesi.org\/wp-content\/uploads\/2024\/10\/riwrswi-scaled.jpg","contentUrl":"https:\/\/kuzeyinsesi.org\/wp-content\/uploads\/2024\/10\/riwrswi-scaled.jpg","width":2560,"height":1928},{"@type":"BreadcrumbList","@id":"https:\/\/kuzeyinsesi.org\/index.php\/2024\/10\/27\/2-sualti-goruntu-avciligi-odul-toreni-gerceklesti\/#breadcrumb","itemListElement":[{"@type":"ListItem","position":1,"name":"Anasayfa","item":"https:\/\/kuzeyinsesi.org\/"},{"@type":"ListItem","position":2,"name":"2. Sualt\u0131 G\u00f6r\u00fcnt\u00fc Avc\u0131l\u0131\u011f\u0131 \u00f6d\u00fcl t\u00f6reni ger\u00e7ekle\u015fti"}]},{"@type":"WebSite","@id":"https:\/\/kuzeyinsesi.org\/#website","url":"https:\/\/kuzeyinsesi.org\/","name":"Kuzeyin Sesi","description":"Do\u011fru Haberin Adresi","potentialAction":[{"@type":"SearchAction","target":{"@type":"EntryPoint","urlTemplate":"https:\/\/kuzeyinsesi.org\/?s={search_term_string}"},"query-input":{"@type":"PropertyValueSpecification","valueRequired":true,"valueName":"search_term_string"}}],"inLanguage":"tr"},{"@type":"Person","@id":"https:\/\/kuzeyinsesi.org\/#\/schema\/person\/9f859689cdf01485597712386e37f5aa","name":"Kuzeyin Sesi","image":{"@type":"ImageObject","inLanguage":"tr","@id":"https:\/\/secure.gravatar.com\/avatar\/bab33852abfd8b282518d6ed81826833d77c3c882d9ab608add591ccace47a44?s=96&d=mm&r=g","url":"https:\/\/secure.gravatar.com\/avatar\/bab33852abfd8b282518d6ed81826833d77c3c882d9ab608add591ccace47a44?s=96&d=mm&r=g","contentUrl":"https:\/\/secure.gravatar.com\/avatar\/bab33852abfd8b282518d6ed81826833d77c3c882d9ab608add591ccace47a44?s=96&d=mm&r=g","caption":"Kuzeyin Sesi"},"sameAs":["https:\/\/kuzeyinsesi.org"],"url":"https:\/\/kuzeyinsesi.org\/index.php\/author\/guven\/"}]}},"_links":{"self":[{"href":"https:\/\/kuzeyinsesi.org\/index.php\/wp-json\/wp\/v2\/posts\/12369","targetHints":{"allow":["GET"]}}],"collection":[{"href":"https:\/\/kuzeyinsesi.org\/index.php\/wp-json\/wp\/v2\/posts"}],"about":[{"href":"https:\/\/kuzeyinsesi.org\/index.php\/wp-json\/wp\/v2\/types\/post"}],"author":[{"embeddable":true,"href":"https:\/\/kuzeyinsesi.org\/index.php\/wp-json\/wp\/v2\/users\/1"}],"replies":[{"embeddable":true,"href":"https:\/\/kuzeyinsesi.org\/index.php\/wp-json\/wp\/v2\/comments?post=12369"}],"version-history":[{"count":0,"href":"https:\/\/kuzeyinsesi.org\/index.php\/wp-json\/wp\/v2\/posts\/12369\/revisions"}],"wp:featuredmedia":[{"embeddable":true,"href":"https:\/\/kuzeyinsesi.org\/index.php\/wp-json\/wp\/v2\/media\/12370"}],"wp:attachment":[{"href":"https:\/\/kuzeyinsesi.org\/index.php\/wp-json\/wp\/v2\/media?parent=12369"}],"wp:term":[{"taxonomy":"category","embeddable":true,"href":"https:\/\/kuzeyinsesi.org\/index.php\/wp-json\/wp\/v2\/categories?post=12369"},{"taxonomy":"post_tag","embeddable":true,"href":"https:\/\/kuzeyinsesi.org\/index.php\/wp-json\/wp\/v2\/tags?post=12369"}],"curies":[{"name":"wp","href":"https:\/\/api.w.org\/{rel}","templated":true}]}}