{"id":12313,"date":"2024-10-26T15:47:00","date_gmt":"2024-10-26T12:47:00","guid":{"rendered":"https:\/\/kuzeyinsesi.org\/index.php\/2024\/10\/26\/ibrahim-dalkilicin-fotograf-sergisi-acildi\/"},"modified":"2024-10-26T15:47:00","modified_gmt":"2024-10-26T12:47:00","slug":"ibrahim-dalkilicin-fotograf-sergisi-acildi","status":"publish","type":"post","link":"https:\/\/kuzeyinsesi.org\/index.php\/2024\/10\/26\/ibrahim-dalkilicin-fotograf-sergisi-acildi\/","title":{"rendered":"\u0130brahim Dalk\u0131l\u0131\u00e7\u2019\u0131n foto\u011fraf sergisi a\u00e7\u0131ld\u0131"},"content":{"rendered":"<div>\n<div class=\"mariselle-image-container none\">\n                                            <\/div>\n<p>Ark\u0131n Yarat\u0131c\u0131 Sanatlar ve Tasar\u0131m \u00dcniversitesi (ARUCAD) Rekt\u00f6r Yard\u0131mc\u0131s\u0131 Yrd. Do\u00e7. Dr. \u0130brahim Dalk\u0131l\u0131\u00e7\u2019\u0131n\u00a0 Pakistan\u2019da \u00e7ekti\u011fi \u00e7arp\u0131c\u0131 foto\u011fraflardan olu\u015fan \u201cSub:liminal\u201d isimli foto\u011fraf sergisi, d\u00fcn ARUCAD Art Space\u2019te ziyarete a\u00e7\u0131ld\u0131.<\/p>\n<p>ARUCAD\u2019dan verilen bilgiye g\u00f6re, koleksiyon, Dalk\u0131l\u0131\u00e7\u2019\u0131n Pakistan seyahatinde \u00e7ekti\u011fi, toplumsal ve bireysel ya\u015fama dair derin izler ta\u015f\u0131yan foto\u011fraflardan olu\u015fuyor.<\/p>\n<p>K\u00fcrat\u00f6rl\u00fc\u011f\u00fcn\u00fc Oya Silbery\u2019nin yapt\u0131\u011f\u0131 sergideki foto\u011fraflar, toplumsal ve siyasal a\u00e7\u0131dan ihmal edilmi\u015flik, yetersiz e\u011fitim, k\u00f6t\u00fc ekonomik ko\u015fullar ve k\u00fclt\u00fcrel yozla\u015fma gibi fakt\u00f6rlerin birey ve topluluklar \u00fczerindeki etkilerini yans\u0131t\u0131yor.<\/p>\n<p>Sergi, ARUCAD Art Space\u2019te hafta i\u00e7i 08:30-17:30, Cumartesi 08:30-13:30 saatleri aras\u0131nda ziyarete a\u00e7\u0131k olacak.<\/p>\n<\/p><\/div>\n<p><script async\n                    defer\n                    crossorigin=\"anonymous\"\n                    src=\"https:\/\/connect.facebook.net\/tr_TR\/sdk.js#xfbml=1&#038;version=v3.3\"\n            ><\/script><\/p>\n","protected":false},"excerpt":{"rendered":"<p>Ark\u0131n Yarat\u0131c\u0131 Sanatlar ve Tasar\u0131m \u00dcniversitesi (ARUCAD) Rekt\u00f6r Yard\u0131mc\u0131s\u0131 Yrd. Do\u00e7. Dr. \u0130brahim Dalk\u0131l\u0131\u00e7\u2019\u0131n\u00a0 Pakistan\u2019da \u00e7ekti\u011fi \u00e7arp\u0131c\u0131 foto\u011fraflardan olu\u015fan \u201cSub:liminal\u201d isimli foto\u011fraf sergisi, d\u00fcn ARUCAD Art Space\u2019te ziyarete a\u00e7\u0131ld\u0131. ARUCAD\u2019dan verilen bilgiye g\u00f6re, koleksiyon, Dalk\u0131l\u0131\u00e7\u2019\u0131n Pakistan seyahatinde \u00e7ekti\u011fi, toplumsal ve bireysel ya\u015fama dair derin izler ta\u015f\u0131yan foto\u011fraflardan olu\u015fuyor. K\u00fcrat\u00f6rl\u00fc\u011f\u00fcn\u00fc Oya Silbery\u2019nin yapt\u0131\u011f\u0131 sergideki foto\u011fraflar, toplumsal [&hellip;]<\/p>\n","protected":false},"author":1,"featured_media":12314,"comment_status":"open","ping_status":"open","sticky":false,"template":"","format":"standard","meta":{"jnews-multi-image_gallery":[],"jnews_single_post":[],"jnews_primary_category":[],"jnews_social_meta":[],"jnews_override_counter":[],"footnotes":""},"categories":[6],"tags":[],"class_list":["post-12313","post","type-post","status-publish","format-standard","has-post-thumbnail","hentry","category-yasam"],"yoast_head":"<!-- This site is optimized with the Yoast SEO plugin v27.4 - https:\/\/yoast.com\/product\/yoast-seo-wordpress\/ -->\n<title>\u0130brahim Dalk\u0131l\u0131\u00e7\u2019\u0131n foto\u011fraf sergisi a\u00e7\u0131ld\u0131 - Kuzeyin Sesi<\/title>\n<meta name=\"robots\" content=\"index, follow, max-snippet:-1, max-image-preview:large, max-video-preview:-1\" \/>\n<link rel=\"canonical\" href=\"https:\/\/kuzeyinsesi.org\/index.php\/2024\/10\/26\/ibrahim-dalkilicin-fotograf-sergisi-acildi\/\" \/>\n<meta property=\"og:locale\" content=\"tr_TR\" \/>\n<meta property=\"og:type\" content=\"article\" \/>\n<meta property=\"og:title\" content=\"\u0130brahim Dalk\u0131l\u0131\u00e7\u2019\u0131n foto\u011fraf sergisi a\u00e7\u0131ld\u0131 - Kuzeyin Sesi\" \/>\n<meta property=\"og:description\" content=\"Ark\u0131n Yarat\u0131c\u0131 Sanatlar ve Tasar\u0131m \u00dcniversitesi (ARUCAD) Rekt\u00f6r Yard\u0131mc\u0131s\u0131 Yrd. Do\u00e7. Dr. \u0130brahim Dalk\u0131l\u0131\u00e7\u2019\u0131n\u00a0 Pakistan\u2019da \u00e7ekti\u011fi \u00e7arp\u0131c\u0131 foto\u011fraflardan olu\u015fan \u201cSub:liminal\u201d isimli foto\u011fraf sergisi, d\u00fcn ARUCAD Art Space\u2019te ziyarete a\u00e7\u0131ld\u0131. ARUCAD\u2019dan verilen bilgiye g\u00f6re, koleksiyon, Dalk\u0131l\u0131\u00e7\u2019\u0131n Pakistan seyahatinde \u00e7ekti\u011fi, toplumsal ve bireysel ya\u015fama dair derin izler ta\u015f\u0131yan foto\u011fraflardan olu\u015fuyor. K\u00fcrat\u00f6rl\u00fc\u011f\u00fcn\u00fc Oya Silbery\u2019nin yapt\u0131\u011f\u0131 sergideki foto\u011fraflar, toplumsal [&hellip;]\" \/>\n<meta property=\"og:url\" content=\"https:\/\/kuzeyinsesi.org\/index.php\/2024\/10\/26\/ibrahim-dalkilicin-fotograf-sergisi-acildi\/\" \/>\n<meta property=\"og:site_name\" content=\"Kuzeyin Sesi\" \/>\n<meta property=\"article:publisher\" content=\"https:\/\/www.facebook.com\/kuzeyinsesii\" \/>\n<meta property=\"article:published_time\" content=\"2024-10-26T12:47:00+00:00\" \/>\n<meta property=\"og:image\" content=\"https:\/\/brtk.net\/wp-content\/uploads\/2024\/10\/26\/subliminal-fotograf-sergisi-acildi-2.jpeg?ver=6140770692a3e507b17fb4f98dcafe2e\" \/>\n<meta name=\"author\" content=\"Kuzeyin Sesi\" \/>\n<meta name=\"twitter:card\" content=\"summary_large_image\" \/>\n<meta name=\"twitter:creator\" content=\"@kuzeyinsesii\" \/>\n<meta name=\"twitter:site\" content=\"@kuzeyinsesii\" \/>\n<meta name=\"twitter:label1\" content=\"Yazan:\" \/>\n\t<meta name=\"twitter:data1\" content=\"Kuzeyin Sesi\" \/>\n\t<meta name=\"twitter:label2\" content=\"Tahmini okuma s\u00fcresi\" \/>\n\t<meta name=\"twitter:data2\" content=\"1 dakika\" \/>\n<script type=\"application\/ld+json\" class=\"yoast-schema-graph\">{\"@context\":\"https:\\\/\\\/schema.org\",\"@graph\":[{\"@type\":\"Article\",\"@id\":\"https:\\\/\\\/kuzeyinsesi.org\\\/index.php\\\/2024\\\/10\\\/26\\\/ibrahim-dalkilicin-fotograf-sergisi-acildi\\\/#article\",\"isPartOf\":{\"@id\":\"https:\\\/\\\/kuzeyinsesi.org\\\/index.php\\\/2024\\\/10\\\/26\\\/ibrahim-dalkilicin-fotograf-sergisi-acildi\\\/\"},\"author\":{\"name\":\"Kuzeyin Sesi\",\"@id\":\"https:\\\/\\\/kuzeyinsesi.org\\\/#\\\/schema\\\/person\\\/9f859689cdf01485597712386e37f5aa\"},\"headline\":\"\u0130brahim Dalk\u0131l\u0131\u00e7\u2019\u0131n foto\u011fraf sergisi a\u00e7\u0131ld\u0131\",\"datePublished\":\"2024-10-26T12:47:00+00:00\",\"mainEntityOfPage\":{\"@id\":\"https:\\\/\\\/kuzeyinsesi.org\\\/index.php\\\/2024\\\/10\\\/26\\\/ibrahim-dalkilicin-fotograf-sergisi-acildi\\\/\"},\"wordCount\":146,\"commentCount\":0,\"image\":{\"@id\":\"https:\\\/\\\/kuzeyinsesi.org\\\/index.php\\\/2024\\\/10\\\/26\\\/ibrahim-dalkilicin-fotograf-sergisi-acildi\\\/#primaryimage\"},\"thumbnailUrl\":\"https:\\\/\\\/kuzeyinsesi.org\\\/wp-content\\\/uploads\\\/2024\\\/10\\\/subliminal-fotograf-sergisi-acildi-2.jpeg\",\"articleSection\":[\"Ya\u015fam\"],\"inLanguage\":\"tr\",\"potentialAction\":[{\"@type\":\"CommentAction\",\"name\":\"Comment\",\"target\":[\"https:\\\/\\\/kuzeyinsesi.org\\\/index.php\\\/2024\\\/10\\\/26\\\/ibrahim-dalkilicin-fotograf-sergisi-acildi\\\/#respond\"]}]},{\"@type\":\"WebPage\",\"@id\":\"https:\\\/\\\/kuzeyinsesi.org\\\/index.php\\\/2024\\\/10\\\/26\\\/ibrahim-dalkilicin-fotograf-sergisi-acildi\\\/\",\"url\":\"https:\\\/\\\/kuzeyinsesi.org\\\/index.php\\\/2024\\\/10\\\/26\\\/ibrahim-dalkilicin-fotograf-sergisi-acildi\\\/\",\"name\":\"\u0130brahim Dalk\u0131l\u0131\u00e7\u2019\u0131n foto\u011fraf sergisi a\u00e7\u0131ld\u0131 - Kuzeyin Sesi\",\"isPartOf\":{\"@id\":\"https:\\\/\\\/kuzeyinsesi.org\\\/#website\"},\"primaryImageOfPage\":{\"@id\":\"https:\\\/\\\/kuzeyinsesi.org\\\/index.php\\\/2024\\\/10\\\/26\\\/ibrahim-dalkilicin-fotograf-sergisi-acildi\\\/#primaryimage\"},\"image\":{\"@id\":\"https:\\\/\\\/kuzeyinsesi.org\\\/index.php\\\/2024\\\/10\\\/26\\\/ibrahim-dalkilicin-fotograf-sergisi-acildi\\\/#primaryimage\"},\"thumbnailUrl\":\"https:\\\/\\\/kuzeyinsesi.org\\\/wp-content\\\/uploads\\\/2024\\\/10\\\/subliminal-fotograf-sergisi-acildi-2.jpeg\",\"datePublished\":\"2024-10-26T12:47:00+00:00\",\"author\":{\"@id\":\"https:\\\/\\\/kuzeyinsesi.org\\\/#\\\/schema\\\/person\\\/9f859689cdf01485597712386e37f5aa\"},\"breadcrumb\":{\"@id\":\"https:\\\/\\\/kuzeyinsesi.org\\\/index.php\\\/2024\\\/10\\\/26\\\/ibrahim-dalkilicin-fotograf-sergisi-acildi\\\/#breadcrumb\"},\"inLanguage\":\"tr\",\"potentialAction\":[{\"@type\":\"ReadAction\",\"target\":[\"https:\\\/\\\/kuzeyinsesi.org\\\/index.php\\\/2024\\\/10\\\/26\\\/ibrahim-dalkilicin-fotograf-sergisi-acildi\\\/\"]}]},{\"@type\":\"ImageObject\",\"inLanguage\":\"tr\",\"@id\":\"https:\\\/\\\/kuzeyinsesi.org\\\/index.php\\\/2024\\\/10\\\/26\\\/ibrahim-dalkilicin-fotograf-sergisi-acildi\\\/#primaryimage\",\"url\":\"https:\\\/\\\/kuzeyinsesi.org\\\/wp-content\\\/uploads\\\/2024\\\/10\\\/subliminal-fotograf-sergisi-acildi-2.jpeg\",\"contentUrl\":\"https:\\\/\\\/kuzeyinsesi.org\\\/wp-content\\\/uploads\\\/2024\\\/10\\\/subliminal-fotograf-sergisi-acildi-2.jpeg\",\"width\":2560,\"height\":1706},{\"@type\":\"BreadcrumbList\",\"@id\":\"https:\\\/\\\/kuzeyinsesi.org\\\/index.php\\\/2024\\\/10\\\/26\\\/ibrahim-dalkilicin-fotograf-sergisi-acildi\\\/#breadcrumb\",\"itemListElement\":[{\"@type\":\"ListItem\",\"position\":1,\"name\":\"Anasayfa\",\"item\":\"https:\\\/\\\/kuzeyinsesi.org\\\/\"},{\"@type\":\"ListItem\",\"position\":2,\"name\":\"\u0130brahim Dalk\u0131l\u0131\u00e7\u2019\u0131n foto\u011fraf sergisi a\u00e7\u0131ld\u0131\"}]},{\"@type\":\"WebSite\",\"@id\":\"https:\\\/\\\/kuzeyinsesi.org\\\/#website\",\"url\":\"https:\\\/\\\/kuzeyinsesi.org\\\/\",\"name\":\"Kuzeyin Sesi\",\"description\":\"Do\u011fru Haberin Adresi\",\"potentialAction\":[{\"@type\":\"SearchAction\",\"target\":{\"@type\":\"EntryPoint\",\"urlTemplate\":\"https:\\\/\\\/kuzeyinsesi.org\\\/?s={search_term_string}\"},\"query-input\":{\"@type\":\"PropertyValueSpecification\",\"valueRequired\":true,\"valueName\":\"search_term_string\"}}],\"inLanguage\":\"tr\"},{\"@type\":\"Person\",\"@id\":\"https:\\\/\\\/kuzeyinsesi.org\\\/#\\\/schema\\\/person\\\/9f859689cdf01485597712386e37f5aa\",\"name\":\"Kuzeyin Sesi\",\"image\":{\"@type\":\"ImageObject\",\"inLanguage\":\"tr\",\"@id\":\"https:\\\/\\\/secure.gravatar.com\\\/avatar\\\/bab33852abfd8b282518d6ed81826833d77c3c882d9ab608add591ccace47a44?s=96&d=mm&r=g\",\"url\":\"https:\\\/\\\/secure.gravatar.com\\\/avatar\\\/bab33852abfd8b282518d6ed81826833d77c3c882d9ab608add591ccace47a44?s=96&d=mm&r=g\",\"contentUrl\":\"https:\\\/\\\/secure.gravatar.com\\\/avatar\\\/bab33852abfd8b282518d6ed81826833d77c3c882d9ab608add591ccace47a44?s=96&d=mm&r=g\",\"caption\":\"Kuzeyin Sesi\"},\"sameAs\":[\"https:\\\/\\\/kuzeyinsesi.org\"],\"url\":\"https:\\\/\\\/kuzeyinsesi.org\\\/index.php\\\/author\\\/guven\\\/\"}]}<\/script>\n<!-- \/ Yoast SEO plugin. -->","yoast_head_json":{"title":"\u0130brahim Dalk\u0131l\u0131\u00e7\u2019\u0131n foto\u011fraf sergisi a\u00e7\u0131ld\u0131 - Kuzeyin Sesi","robots":{"index":"index","follow":"follow","max-snippet":"max-snippet:-1","max-image-preview":"max-image-preview:large","max-video-preview":"max-video-preview:-1"},"canonical":"https:\/\/kuzeyinsesi.org\/index.php\/2024\/10\/26\/ibrahim-dalkilicin-fotograf-sergisi-acildi\/","og_locale":"tr_TR","og_type":"article","og_title":"\u0130brahim Dalk\u0131l\u0131\u00e7\u2019\u0131n foto\u011fraf sergisi a\u00e7\u0131ld\u0131 - Kuzeyin Sesi","og_description":"Ark\u0131n Yarat\u0131c\u0131 Sanatlar ve Tasar\u0131m \u00dcniversitesi (ARUCAD) Rekt\u00f6r Yard\u0131mc\u0131s\u0131 Yrd. Do\u00e7. Dr. \u0130brahim Dalk\u0131l\u0131\u00e7\u2019\u0131n\u00a0 Pakistan\u2019da \u00e7ekti\u011fi \u00e7arp\u0131c\u0131 foto\u011fraflardan olu\u015fan \u201cSub:liminal\u201d isimli foto\u011fraf sergisi, d\u00fcn ARUCAD Art Space\u2019te ziyarete a\u00e7\u0131ld\u0131. ARUCAD\u2019dan verilen bilgiye g\u00f6re, koleksiyon, Dalk\u0131l\u0131\u00e7\u2019\u0131n Pakistan seyahatinde \u00e7ekti\u011fi, toplumsal ve bireysel ya\u015fama dair derin izler ta\u015f\u0131yan foto\u011fraflardan olu\u015fuyor. K\u00fcrat\u00f6rl\u00fc\u011f\u00fcn\u00fc Oya Silbery\u2019nin yapt\u0131\u011f\u0131 sergideki foto\u011fraflar, toplumsal [&hellip;]","og_url":"https:\/\/kuzeyinsesi.org\/index.php\/2024\/10\/26\/ibrahim-dalkilicin-fotograf-sergisi-acildi\/","og_site_name":"Kuzeyin Sesi","article_publisher":"https:\/\/www.facebook.com\/kuzeyinsesii","article_published_time":"2024-10-26T12:47:00+00:00","og_image":[{"url":"https:\/\/brtk.net\/wp-content\/uploads\/2024\/10\/26\/subliminal-fotograf-sergisi-acildi-2.jpeg?ver=6140770692a3e507b17fb4f98dcafe2e","type":"","width":"","height":""}],"author":"Kuzeyin Sesi","twitter_card":"summary_large_image","twitter_creator":"@kuzeyinsesii","twitter_site":"@kuzeyinsesii","twitter_misc":{"Yazan:":"Kuzeyin Sesi","Tahmini okuma s\u00fcresi":"1 dakika"},"schema":{"@context":"https:\/\/schema.org","@graph":[{"@type":"Article","@id":"https:\/\/kuzeyinsesi.org\/index.php\/2024\/10\/26\/ibrahim-dalkilicin-fotograf-sergisi-acildi\/#article","isPartOf":{"@id":"https:\/\/kuzeyinsesi.org\/index.php\/2024\/10\/26\/ibrahim-dalkilicin-fotograf-sergisi-acildi\/"},"author":{"name":"Kuzeyin Sesi","@id":"https:\/\/kuzeyinsesi.org\/#\/schema\/person\/9f859689cdf01485597712386e37f5aa"},"headline":"\u0130brahim Dalk\u0131l\u0131\u00e7\u2019\u0131n foto\u011fraf sergisi a\u00e7\u0131ld\u0131","datePublished":"2024-10-26T12:47:00+00:00","mainEntityOfPage":{"@id":"https:\/\/kuzeyinsesi.org\/index.php\/2024\/10\/26\/ibrahim-dalkilicin-fotograf-sergisi-acildi\/"},"wordCount":146,"commentCount":0,"image":{"@id":"https:\/\/kuzeyinsesi.org\/index.php\/2024\/10\/26\/ibrahim-dalkilicin-fotograf-sergisi-acildi\/#primaryimage"},"thumbnailUrl":"https:\/\/kuzeyinsesi.org\/wp-content\/uploads\/2024\/10\/subliminal-fotograf-sergisi-acildi-2.jpeg","articleSection":["Ya\u015fam"],"inLanguage":"tr","potentialAction":[{"@type":"CommentAction","name":"Comment","target":["https:\/\/kuzeyinsesi.org\/index.php\/2024\/10\/26\/ibrahim-dalkilicin-fotograf-sergisi-acildi\/#respond"]}]},{"@type":"WebPage","@id":"https:\/\/kuzeyinsesi.org\/index.php\/2024\/10\/26\/ibrahim-dalkilicin-fotograf-sergisi-acildi\/","url":"https:\/\/kuzeyinsesi.org\/index.php\/2024\/10\/26\/ibrahim-dalkilicin-fotograf-sergisi-acildi\/","name":"\u0130brahim Dalk\u0131l\u0131\u00e7\u2019\u0131n foto\u011fraf sergisi a\u00e7\u0131ld\u0131 - Kuzeyin Sesi","isPartOf":{"@id":"https:\/\/kuzeyinsesi.org\/#website"},"primaryImageOfPage":{"@id":"https:\/\/kuzeyinsesi.org\/index.php\/2024\/10\/26\/ibrahim-dalkilicin-fotograf-sergisi-acildi\/#primaryimage"},"image":{"@id":"https:\/\/kuzeyinsesi.org\/index.php\/2024\/10\/26\/ibrahim-dalkilicin-fotograf-sergisi-acildi\/#primaryimage"},"thumbnailUrl":"https:\/\/kuzeyinsesi.org\/wp-content\/uploads\/2024\/10\/subliminal-fotograf-sergisi-acildi-2.jpeg","datePublished":"2024-10-26T12:47:00+00:00","author":{"@id":"https:\/\/kuzeyinsesi.org\/#\/schema\/person\/9f859689cdf01485597712386e37f5aa"},"breadcrumb":{"@id":"https:\/\/kuzeyinsesi.org\/index.php\/2024\/10\/26\/ibrahim-dalkilicin-fotograf-sergisi-acildi\/#breadcrumb"},"inLanguage":"tr","potentialAction":[{"@type":"ReadAction","target":["https:\/\/kuzeyinsesi.org\/index.php\/2024\/10\/26\/ibrahim-dalkilicin-fotograf-sergisi-acildi\/"]}]},{"@type":"ImageObject","inLanguage":"tr","@id":"https:\/\/kuzeyinsesi.org\/index.php\/2024\/10\/26\/ibrahim-dalkilicin-fotograf-sergisi-acildi\/#primaryimage","url":"https:\/\/kuzeyinsesi.org\/wp-content\/uploads\/2024\/10\/subliminal-fotograf-sergisi-acildi-2.jpeg","contentUrl":"https:\/\/kuzeyinsesi.org\/wp-content\/uploads\/2024\/10\/subliminal-fotograf-sergisi-acildi-2.jpeg","width":2560,"height":1706},{"@type":"BreadcrumbList","@id":"https:\/\/kuzeyinsesi.org\/index.php\/2024\/10\/26\/ibrahim-dalkilicin-fotograf-sergisi-acildi\/#breadcrumb","itemListElement":[{"@type":"ListItem","position":1,"name":"Anasayfa","item":"https:\/\/kuzeyinsesi.org\/"},{"@type":"ListItem","position":2,"name":"\u0130brahim Dalk\u0131l\u0131\u00e7\u2019\u0131n foto\u011fraf sergisi a\u00e7\u0131ld\u0131"}]},{"@type":"WebSite","@id":"https:\/\/kuzeyinsesi.org\/#website","url":"https:\/\/kuzeyinsesi.org\/","name":"Kuzeyin Sesi","description":"Do\u011fru Haberin Adresi","potentialAction":[{"@type":"SearchAction","target":{"@type":"EntryPoint","urlTemplate":"https:\/\/kuzeyinsesi.org\/?s={search_term_string}"},"query-input":{"@type":"PropertyValueSpecification","valueRequired":true,"valueName":"search_term_string"}}],"inLanguage":"tr"},{"@type":"Person","@id":"https:\/\/kuzeyinsesi.org\/#\/schema\/person\/9f859689cdf01485597712386e37f5aa","name":"Kuzeyin Sesi","image":{"@type":"ImageObject","inLanguage":"tr","@id":"https:\/\/secure.gravatar.com\/avatar\/bab33852abfd8b282518d6ed81826833d77c3c882d9ab608add591ccace47a44?s=96&d=mm&r=g","url":"https:\/\/secure.gravatar.com\/avatar\/bab33852abfd8b282518d6ed81826833d77c3c882d9ab608add591ccace47a44?s=96&d=mm&r=g","contentUrl":"https:\/\/secure.gravatar.com\/avatar\/bab33852abfd8b282518d6ed81826833d77c3c882d9ab608add591ccace47a44?s=96&d=mm&r=g","caption":"Kuzeyin Sesi"},"sameAs":["https:\/\/kuzeyinsesi.org"],"url":"https:\/\/kuzeyinsesi.org\/index.php\/author\/guven\/"}]}},"_links":{"self":[{"href":"https:\/\/kuzeyinsesi.org\/index.php\/wp-json\/wp\/v2\/posts\/12313","targetHints":{"allow":["GET"]}}],"collection":[{"href":"https:\/\/kuzeyinsesi.org\/index.php\/wp-json\/wp\/v2\/posts"}],"about":[{"href":"https:\/\/kuzeyinsesi.org\/index.php\/wp-json\/wp\/v2\/types\/post"}],"author":[{"embeddable":true,"href":"https:\/\/kuzeyinsesi.org\/index.php\/wp-json\/wp\/v2\/users\/1"}],"replies":[{"embeddable":true,"href":"https:\/\/kuzeyinsesi.org\/index.php\/wp-json\/wp\/v2\/comments?post=12313"}],"version-history":[{"count":0,"href":"https:\/\/kuzeyinsesi.org\/index.php\/wp-json\/wp\/v2\/posts\/12313\/revisions"}],"wp:featuredmedia":[{"embeddable":true,"href":"https:\/\/kuzeyinsesi.org\/index.php\/wp-json\/wp\/v2\/media\/12314"}],"wp:attachment":[{"href":"https:\/\/kuzeyinsesi.org\/index.php\/wp-json\/wp\/v2\/media?parent=12313"}],"wp:term":[{"taxonomy":"category","embeddable":true,"href":"https:\/\/kuzeyinsesi.org\/index.php\/wp-json\/wp\/v2\/categories?post=12313"},{"taxonomy":"post_tag","embeddable":true,"href":"https:\/\/kuzeyinsesi.org\/index.php\/wp-json\/wp\/v2\/tags?post=12313"}],"curies":[{"name":"wp","href":"https:\/\/api.w.org\/{rel}","templated":true}]}}