{"id":1226,"date":"2024-05-02T15:58:07","date_gmt":"2024-05-02T12:58:07","guid":{"rendered":"https:\/\/kuzeyinsesi.com\/index.php\/2024\/05\/02\/eurovisioa-filistin-bayragi-ile-girmek-yasaklandi\/"},"modified":"2024-05-02T15:58:07","modified_gmt":"2024-05-02T12:58:07","slug":"eurovisioa-filistin-bayragi-ile-girmek-yasaklandi","status":"publish","type":"post","link":"https:\/\/kuzeyinsesi.org\/index.php\/2024\/05\/02\/eurovisioa-filistin-bayragi-ile-girmek-yasaklandi\/","title":{"rendered":"Eurovisio&#039;a Filistin bayra\u011f\u0131 ile girmek yasakland\u0131"},"content":{"rendered":"<p><\/p>\n<div>\n<p>&#13;<br \/>\n\tAvrupa Yay\u0131n Birli\u011fi (EBU) taraf\u0131ndan yap\u0131lan a\u00e7\u0131klamada, \u015fark\u0131 yar\u0131\u015fmas\u0131n\u0131n yap\u0131laca\u011f\u0131 Malm\u00f6 Arena&#8217;ya Filistin bayra\u011f\u0131 veya siyasi mesaj i\u00e7eren pankartla girmeye \u00e7al\u0131\u015fanlar\u0131n durdurulaca\u011f\u0131 ve ellerindeki Filistin bayra\u011f\u0131 veya pankartlar\u0131n al\u0131naca\u011f\u0131 belirtildi.<\/p>\n<p>&#13;<br \/>\n\t<a href=\"https:\/\/www.trthaber.com\/etiket\/isvec\/\" target=\"_blank\" rel=\"noopener\">\u0130sve\u00e7<\/a> Filistin Grubu&#8217;ndan yap\u0131lan a\u00e7\u0131klamada ise \u0130srail&#8217;in 11 May\u0131s&#8217;ta yap\u0131lacak Eurovision \u015eark\u0131 Yar\u0131\u015fmas\u0131&#8217;na kat\u0131l\u0131m\u0131n\u0131n Malm\u00f6 kentinde protesto edilece\u011fi aktar\u0131ld\u0131.<\/p>\n<p>&#13;<br \/>\n\tA\u00e7\u0131klamada, &#8220;Soyk\u0131r\u0131m \u00dccretsiz \u015eark\u0131 Yar\u0131\u015fmas\u0131&#8221; ismi ile yerel sanat\u00e7\u0131lar\u0131n da protestoda sahne alaca\u011f\u0131 kaydedildi.<\/p>\n<p>&#13;<br \/>\n\t\u0130sve\u00e7 devlet televizyonu SVT&#8217;nin haberine g\u00f6re, Malm\u00f6 Emniyet M\u00fcd\u00fcrl\u00fc\u011f\u00fc S\u00f6zc\u00fcs\u00fc Nils Norling, \u015fehre 100 bin g\u00f6stericinin gelece\u011fini tahmin ettiklerini s\u00f6yledi.<\/p>\n<p>&#13;<br \/>\n\tG\u00f6sterilerde olay \u00e7\u0131kmamas\u0131 i\u00e7in geni\u015f g\u00fcvenlik \u00f6nlemleri alacaklar\u0131n\u0131 belirten Norling, <a href=\"https:\/\/www.trthaber.com\/etiket\/norvec\/\" target=\"_blank\" rel=\"noopener\">Norve\u00e7<\/a> ve Danimarka&#8217;dan da <a href=\"https:\/\/www.trthaber.com\/etiket\/polis\/\" target=\"_blank\" rel=\"noopener\">polis<\/a> ekiplerinin destek i\u00e7in Malm\u00f6&#8217;ye gelece\u011fini duyurdu.<\/p>\n<\/p><\/div>\n","protected":false},"excerpt":{"rendered":"<p>&#13; Avrupa Yay\u0131n Birli\u011fi (EBU) taraf\u0131ndan yap\u0131lan a\u00e7\u0131klamada, \u015fark\u0131 yar\u0131\u015fmas\u0131n\u0131n yap\u0131laca\u011f\u0131 Malm\u00f6 Arena&#8217;ya Filistin bayra\u011f\u0131 veya siyasi mesaj i\u00e7eren pankartla girmeye \u00e7al\u0131\u015fanlar\u0131n durdurulaca\u011f\u0131 ve ellerindeki Filistin bayra\u011f\u0131 veya pankartlar\u0131n al\u0131naca\u011f\u0131 belirtildi. &#13; \u0130sve\u00e7 Filistin Grubu&#8217;ndan yap\u0131lan a\u00e7\u0131klamada ise \u0130srail&#8217;in 11 May\u0131s&#8217;ta yap\u0131lacak Eurovision \u015eark\u0131 Yar\u0131\u015fmas\u0131&#8217;na kat\u0131l\u0131m\u0131n\u0131n Malm\u00f6 kentinde protesto edilece\u011fi aktar\u0131ld\u0131. &#13; A\u00e7\u0131klamada, &#8220;Soyk\u0131r\u0131m \u00dccretsiz [&hellip;]<\/p>\n","protected":false},"author":1,"featured_media":1227,"comment_status":"open","ping_status":"open","sticky":false,"template":"","format":"standard","meta":{"jnews-multi-image_gallery":[],"jnews_single_post":[],"jnews_primary_category":[],"jnews_social_meta":[],"jnews_override_counter":[],"footnotes":""},"categories":[2],"tags":[],"class_list":["post-1226","post","type-post","status-publish","format-standard","has-post-thumbnail","hentry","category-dunya"],"yoast_head":"<!-- This site is optimized with the Yoast SEO plugin v27.5 - https:\/\/yoast.com\/product\/yoast-seo-wordpress\/ -->\n<title>Eurovisio&#039;a Filistin bayra\u011f\u0131 ile girmek yasakland\u0131 - Kuzeyin Sesi<\/title>\n<meta name=\"robots\" content=\"index, follow, max-snippet:-1, max-image-preview:large, max-video-preview:-1\" \/>\n<link rel=\"canonical\" href=\"https:\/\/kuzeyinsesi.org\/index.php\/2024\/05\/02\/eurovisioa-filistin-bayragi-ile-girmek-yasaklandi\/\" \/>\n<meta property=\"og:locale\" content=\"tr_TR\" \/>\n<meta property=\"og:type\" content=\"article\" \/>\n<meta property=\"og:title\" content=\"Eurovisio&#039;a Filistin bayra\u011f\u0131 ile girmek yasakland\u0131 - Kuzeyin Sesi\" \/>\n<meta property=\"og:description\" content=\"&#013; Avrupa Yay\u0131n Birli\u011fi (EBU) taraf\u0131ndan yap\u0131lan a\u00e7\u0131klamada, \u015fark\u0131 yar\u0131\u015fmas\u0131n\u0131n yap\u0131laca\u011f\u0131 Malm\u00f6 Arena&#8217;ya Filistin bayra\u011f\u0131 veya siyasi mesaj i\u00e7eren pankartla girmeye \u00e7al\u0131\u015fanlar\u0131n durdurulaca\u011f\u0131 ve ellerindeki Filistin bayra\u011f\u0131 veya pankartlar\u0131n al\u0131naca\u011f\u0131 belirtildi. &#013; \u0130sve\u00e7 Filistin Grubu&#8217;ndan yap\u0131lan a\u00e7\u0131klamada ise \u0130srail&#8217;in 11 May\u0131s&#8217;ta yap\u0131lacak Eurovision \u015eark\u0131 Yar\u0131\u015fmas\u0131&#8217;na kat\u0131l\u0131m\u0131n\u0131n Malm\u00f6 kentinde protesto edilece\u011fi aktar\u0131ld\u0131. &#013; A\u00e7\u0131klamada, &#8220;Soyk\u0131r\u0131m \u00dccretsiz [&hellip;]\" \/>\n<meta property=\"og:url\" content=\"https:\/\/kuzeyinsesi.org\/index.php\/2024\/05\/02\/eurovisioa-filistin-bayragi-ile-girmek-yasaklandi\/\" \/>\n<meta property=\"og:site_name\" content=\"Kuzeyin Sesi\" \/>\n<meta property=\"article:publisher\" content=\"https:\/\/www.facebook.com\/kuzeyinsesii\" \/>\n<meta property=\"article:published_time\" content=\"2024-05-02T12:58:07+00:00\" \/>\n<meta property=\"og:image\" content=\"https:\/\/kuzeyinsesi.org\/wp-content\/uploads\/2024\/05\/eurovision-aa-2179794.jpg\" \/>\n\t<meta property=\"og:image:width\" content=\"1280\" \/>\n\t<meta property=\"og:image:height\" content=\"720\" \/>\n\t<meta property=\"og:image:type\" content=\"image\/jpeg\" \/>\n<meta name=\"author\" content=\"Kuzeyin Sesi\" \/>\n<meta name=\"twitter:card\" content=\"summary_large_image\" \/>\n<meta name=\"twitter:creator\" content=\"@kuzeyinsesii\" \/>\n<meta name=\"twitter:site\" content=\"@kuzeyinsesii\" \/>\n<meta name=\"twitter:label1\" content=\"Yazan:\" \/>\n\t<meta name=\"twitter:data1\" content=\"Kuzeyin Sesi\" \/>\n\t<meta name=\"twitter:label2\" content=\"Tahmini okuma s\u00fcresi\" \/>\n\t<meta name=\"twitter:data2\" content=\"1 dakika\" \/>\n<script type=\"application\/ld+json\" class=\"yoast-schema-graph\">{\"@context\":\"https:\\\/\\\/schema.org\",\"@graph\":[{\"@type\":\"Article\",\"@id\":\"https:\\\/\\\/kuzeyinsesi.org\\\/index.php\\\/2024\\\/05\\\/02\\\/eurovisioa-filistin-bayragi-ile-girmek-yasaklandi\\\/#article\",\"isPartOf\":{\"@id\":\"https:\\\/\\\/kuzeyinsesi.org\\\/index.php\\\/2024\\\/05\\\/02\\\/eurovisioa-filistin-bayragi-ile-girmek-yasaklandi\\\/\"},\"author\":{\"name\":\"Kuzeyin Sesi\",\"@id\":\"https:\\\/\\\/kuzeyinsesi.org\\\/#\\\/schema\\\/person\\\/9f859689cdf01485597712386e37f5aa\"},\"headline\":\"Eurovisio&#039;a Filistin bayra\u011f\u0131 ile girmek yasakland\u0131\",\"datePublished\":\"2024-05-02T12:58:07+00:00\",\"mainEntityOfPage\":{\"@id\":\"https:\\\/\\\/kuzeyinsesi.org\\\/index.php\\\/2024\\\/05\\\/02\\\/eurovisioa-filistin-bayragi-ile-girmek-yasaklandi\\\/\"},\"wordCount\":162,\"commentCount\":0,\"image\":{\"@id\":\"https:\\\/\\\/kuzeyinsesi.org\\\/index.php\\\/2024\\\/05\\\/02\\\/eurovisioa-filistin-bayragi-ile-girmek-yasaklandi\\\/#primaryimage\"},\"thumbnailUrl\":\"https:\\\/\\\/kuzeyinsesi.org\\\/wp-content\\\/uploads\\\/2024\\\/05\\\/eurovision-aa-2179794.jpg\",\"articleSection\":[\"D\u00fcnya\"],\"inLanguage\":\"tr\",\"potentialAction\":[{\"@type\":\"CommentAction\",\"name\":\"Comment\",\"target\":[\"https:\\\/\\\/kuzeyinsesi.org\\\/index.php\\\/2024\\\/05\\\/02\\\/eurovisioa-filistin-bayragi-ile-girmek-yasaklandi\\\/#respond\"]}]},{\"@type\":\"WebPage\",\"@id\":\"https:\\\/\\\/kuzeyinsesi.org\\\/index.php\\\/2024\\\/05\\\/02\\\/eurovisioa-filistin-bayragi-ile-girmek-yasaklandi\\\/\",\"url\":\"https:\\\/\\\/kuzeyinsesi.org\\\/index.php\\\/2024\\\/05\\\/02\\\/eurovisioa-filistin-bayragi-ile-girmek-yasaklandi\\\/\",\"name\":\"Eurovisio&#039;a Filistin bayra\u011f\u0131 ile girmek yasakland\u0131 - Kuzeyin Sesi\",\"isPartOf\":{\"@id\":\"https:\\\/\\\/kuzeyinsesi.org\\\/#website\"},\"primaryImageOfPage\":{\"@id\":\"https:\\\/\\\/kuzeyinsesi.org\\\/index.php\\\/2024\\\/05\\\/02\\\/eurovisioa-filistin-bayragi-ile-girmek-yasaklandi\\\/#primaryimage\"},\"image\":{\"@id\":\"https:\\\/\\\/kuzeyinsesi.org\\\/index.php\\\/2024\\\/05\\\/02\\\/eurovisioa-filistin-bayragi-ile-girmek-yasaklandi\\\/#primaryimage\"},\"thumbnailUrl\":\"https:\\\/\\\/kuzeyinsesi.org\\\/wp-content\\\/uploads\\\/2024\\\/05\\\/eurovision-aa-2179794.jpg\",\"datePublished\":\"2024-05-02T12:58:07+00:00\",\"author\":{\"@id\":\"https:\\\/\\\/kuzeyinsesi.org\\\/#\\\/schema\\\/person\\\/9f859689cdf01485597712386e37f5aa\"},\"breadcrumb\":{\"@id\":\"https:\\\/\\\/kuzeyinsesi.org\\\/index.php\\\/2024\\\/05\\\/02\\\/eurovisioa-filistin-bayragi-ile-girmek-yasaklandi\\\/#breadcrumb\"},\"inLanguage\":\"tr\",\"potentialAction\":[{\"@type\":\"ReadAction\",\"target\":[\"https:\\\/\\\/kuzeyinsesi.org\\\/index.php\\\/2024\\\/05\\\/02\\\/eurovisioa-filistin-bayragi-ile-girmek-yasaklandi\\\/\"]}]},{\"@type\":\"ImageObject\",\"inLanguage\":\"tr\",\"@id\":\"https:\\\/\\\/kuzeyinsesi.org\\\/index.php\\\/2024\\\/05\\\/02\\\/eurovisioa-filistin-bayragi-ile-girmek-yasaklandi\\\/#primaryimage\",\"url\":\"https:\\\/\\\/kuzeyinsesi.org\\\/wp-content\\\/uploads\\\/2024\\\/05\\\/eurovision-aa-2179794.jpg\",\"contentUrl\":\"https:\\\/\\\/kuzeyinsesi.org\\\/wp-content\\\/uploads\\\/2024\\\/05\\\/eurovision-aa-2179794.jpg\",\"width\":1280,\"height\":720},{\"@type\":\"BreadcrumbList\",\"@id\":\"https:\\\/\\\/kuzeyinsesi.org\\\/index.php\\\/2024\\\/05\\\/02\\\/eurovisioa-filistin-bayragi-ile-girmek-yasaklandi\\\/#breadcrumb\",\"itemListElement\":[{\"@type\":\"ListItem\",\"position\":1,\"name\":\"Anasayfa\",\"item\":\"https:\\\/\\\/kuzeyinsesi.org\\\/\"},{\"@type\":\"ListItem\",\"position\":2,\"name\":\"Eurovisio&#039;a Filistin bayra\u011f\u0131 ile girmek yasakland\u0131\"}]},{\"@type\":\"WebSite\",\"@id\":\"https:\\\/\\\/kuzeyinsesi.org\\\/#website\",\"url\":\"https:\\\/\\\/kuzeyinsesi.org\\\/\",\"name\":\"Kuzeyin Sesi\",\"description\":\"Do\u011fru Haberin Adresi\",\"potentialAction\":[{\"@type\":\"SearchAction\",\"target\":{\"@type\":\"EntryPoint\",\"urlTemplate\":\"https:\\\/\\\/kuzeyinsesi.org\\\/?s={search_term_string}\"},\"query-input\":{\"@type\":\"PropertyValueSpecification\",\"valueRequired\":true,\"valueName\":\"search_term_string\"}}],\"inLanguage\":\"tr\"},{\"@type\":\"Person\",\"@id\":\"https:\\\/\\\/kuzeyinsesi.org\\\/#\\\/schema\\\/person\\\/9f859689cdf01485597712386e37f5aa\",\"name\":\"Kuzeyin Sesi\",\"image\":{\"@type\":\"ImageObject\",\"inLanguage\":\"tr\",\"@id\":\"https:\\\/\\\/secure.gravatar.com\\\/avatar\\\/bab33852abfd8b282518d6ed81826833d77c3c882d9ab608add591ccace47a44?s=96&d=mm&r=g\",\"url\":\"https:\\\/\\\/secure.gravatar.com\\\/avatar\\\/bab33852abfd8b282518d6ed81826833d77c3c882d9ab608add591ccace47a44?s=96&d=mm&r=g\",\"contentUrl\":\"https:\\\/\\\/secure.gravatar.com\\\/avatar\\\/bab33852abfd8b282518d6ed81826833d77c3c882d9ab608add591ccace47a44?s=96&d=mm&r=g\",\"caption\":\"Kuzeyin Sesi\"},\"sameAs\":[\"https:\\\/\\\/kuzeyinsesi.org\"],\"url\":\"https:\\\/\\\/kuzeyinsesi.org\\\/index.php\\\/author\\\/guven\\\/\"}]}<\/script>\n<!-- \/ Yoast SEO plugin. -->","yoast_head_json":{"title":"Eurovisio&#039;a Filistin bayra\u011f\u0131 ile girmek yasakland\u0131 - Kuzeyin Sesi","robots":{"index":"index","follow":"follow","max-snippet":"max-snippet:-1","max-image-preview":"max-image-preview:large","max-video-preview":"max-video-preview:-1"},"canonical":"https:\/\/kuzeyinsesi.org\/index.php\/2024\/05\/02\/eurovisioa-filistin-bayragi-ile-girmek-yasaklandi\/","og_locale":"tr_TR","og_type":"article","og_title":"Eurovisio&#039;a Filistin bayra\u011f\u0131 ile girmek yasakland\u0131 - Kuzeyin Sesi","og_description":"&#13; Avrupa Yay\u0131n Birli\u011fi (EBU) taraf\u0131ndan yap\u0131lan a\u00e7\u0131klamada, \u015fark\u0131 yar\u0131\u015fmas\u0131n\u0131n yap\u0131laca\u011f\u0131 Malm\u00f6 Arena&#8217;ya Filistin bayra\u011f\u0131 veya siyasi mesaj i\u00e7eren pankartla girmeye \u00e7al\u0131\u015fanlar\u0131n durdurulaca\u011f\u0131 ve ellerindeki Filistin bayra\u011f\u0131 veya pankartlar\u0131n al\u0131naca\u011f\u0131 belirtildi. &#13; \u0130sve\u00e7 Filistin Grubu&#8217;ndan yap\u0131lan a\u00e7\u0131klamada ise \u0130srail&#8217;in 11 May\u0131s&#8217;ta yap\u0131lacak Eurovision \u015eark\u0131 Yar\u0131\u015fmas\u0131&#8217;na kat\u0131l\u0131m\u0131n\u0131n Malm\u00f6 kentinde protesto edilece\u011fi aktar\u0131ld\u0131. &#13; A\u00e7\u0131klamada, &#8220;Soyk\u0131r\u0131m \u00dccretsiz [&hellip;]","og_url":"https:\/\/kuzeyinsesi.org\/index.php\/2024\/05\/02\/eurovisioa-filistin-bayragi-ile-girmek-yasaklandi\/","og_site_name":"Kuzeyin Sesi","article_publisher":"https:\/\/www.facebook.com\/kuzeyinsesii","article_published_time":"2024-05-02T12:58:07+00:00","og_image":[{"width":1280,"height":720,"url":"https:\/\/kuzeyinsesi.org\/wp-content\/uploads\/2024\/05\/eurovision-aa-2179794.jpg","type":"image\/jpeg"}],"author":"Kuzeyin Sesi","twitter_card":"summary_large_image","twitter_creator":"@kuzeyinsesii","twitter_site":"@kuzeyinsesii","twitter_misc":{"Yazan:":"Kuzeyin Sesi","Tahmini okuma s\u00fcresi":"1 dakika"},"schema":{"@context":"https:\/\/schema.org","@graph":[{"@type":"Article","@id":"https:\/\/kuzeyinsesi.org\/index.php\/2024\/05\/02\/eurovisioa-filistin-bayragi-ile-girmek-yasaklandi\/#article","isPartOf":{"@id":"https:\/\/kuzeyinsesi.org\/index.php\/2024\/05\/02\/eurovisioa-filistin-bayragi-ile-girmek-yasaklandi\/"},"author":{"name":"Kuzeyin Sesi","@id":"https:\/\/kuzeyinsesi.org\/#\/schema\/person\/9f859689cdf01485597712386e37f5aa"},"headline":"Eurovisio&#039;a Filistin bayra\u011f\u0131 ile girmek yasakland\u0131","datePublished":"2024-05-02T12:58:07+00:00","mainEntityOfPage":{"@id":"https:\/\/kuzeyinsesi.org\/index.php\/2024\/05\/02\/eurovisioa-filistin-bayragi-ile-girmek-yasaklandi\/"},"wordCount":162,"commentCount":0,"image":{"@id":"https:\/\/kuzeyinsesi.org\/index.php\/2024\/05\/02\/eurovisioa-filistin-bayragi-ile-girmek-yasaklandi\/#primaryimage"},"thumbnailUrl":"https:\/\/kuzeyinsesi.org\/wp-content\/uploads\/2024\/05\/eurovision-aa-2179794.jpg","articleSection":["D\u00fcnya"],"inLanguage":"tr","potentialAction":[{"@type":"CommentAction","name":"Comment","target":["https:\/\/kuzeyinsesi.org\/index.php\/2024\/05\/02\/eurovisioa-filistin-bayragi-ile-girmek-yasaklandi\/#respond"]}]},{"@type":"WebPage","@id":"https:\/\/kuzeyinsesi.org\/index.php\/2024\/05\/02\/eurovisioa-filistin-bayragi-ile-girmek-yasaklandi\/","url":"https:\/\/kuzeyinsesi.org\/index.php\/2024\/05\/02\/eurovisioa-filistin-bayragi-ile-girmek-yasaklandi\/","name":"Eurovisio&#039;a Filistin bayra\u011f\u0131 ile girmek yasakland\u0131 - Kuzeyin Sesi","isPartOf":{"@id":"https:\/\/kuzeyinsesi.org\/#website"},"primaryImageOfPage":{"@id":"https:\/\/kuzeyinsesi.org\/index.php\/2024\/05\/02\/eurovisioa-filistin-bayragi-ile-girmek-yasaklandi\/#primaryimage"},"image":{"@id":"https:\/\/kuzeyinsesi.org\/index.php\/2024\/05\/02\/eurovisioa-filistin-bayragi-ile-girmek-yasaklandi\/#primaryimage"},"thumbnailUrl":"https:\/\/kuzeyinsesi.org\/wp-content\/uploads\/2024\/05\/eurovision-aa-2179794.jpg","datePublished":"2024-05-02T12:58:07+00:00","author":{"@id":"https:\/\/kuzeyinsesi.org\/#\/schema\/person\/9f859689cdf01485597712386e37f5aa"},"breadcrumb":{"@id":"https:\/\/kuzeyinsesi.org\/index.php\/2024\/05\/02\/eurovisioa-filistin-bayragi-ile-girmek-yasaklandi\/#breadcrumb"},"inLanguage":"tr","potentialAction":[{"@type":"ReadAction","target":["https:\/\/kuzeyinsesi.org\/index.php\/2024\/05\/02\/eurovisioa-filistin-bayragi-ile-girmek-yasaklandi\/"]}]},{"@type":"ImageObject","inLanguage":"tr","@id":"https:\/\/kuzeyinsesi.org\/index.php\/2024\/05\/02\/eurovisioa-filistin-bayragi-ile-girmek-yasaklandi\/#primaryimage","url":"https:\/\/kuzeyinsesi.org\/wp-content\/uploads\/2024\/05\/eurovision-aa-2179794.jpg","contentUrl":"https:\/\/kuzeyinsesi.org\/wp-content\/uploads\/2024\/05\/eurovision-aa-2179794.jpg","width":1280,"height":720},{"@type":"BreadcrumbList","@id":"https:\/\/kuzeyinsesi.org\/index.php\/2024\/05\/02\/eurovisioa-filistin-bayragi-ile-girmek-yasaklandi\/#breadcrumb","itemListElement":[{"@type":"ListItem","position":1,"name":"Anasayfa","item":"https:\/\/kuzeyinsesi.org\/"},{"@type":"ListItem","position":2,"name":"Eurovisio&#039;a Filistin bayra\u011f\u0131 ile girmek yasakland\u0131"}]},{"@type":"WebSite","@id":"https:\/\/kuzeyinsesi.org\/#website","url":"https:\/\/kuzeyinsesi.org\/","name":"Kuzeyin Sesi","description":"Do\u011fru Haberin Adresi","potentialAction":[{"@type":"SearchAction","target":{"@type":"EntryPoint","urlTemplate":"https:\/\/kuzeyinsesi.org\/?s={search_term_string}"},"query-input":{"@type":"PropertyValueSpecification","valueRequired":true,"valueName":"search_term_string"}}],"inLanguage":"tr"},{"@type":"Person","@id":"https:\/\/kuzeyinsesi.org\/#\/schema\/person\/9f859689cdf01485597712386e37f5aa","name":"Kuzeyin Sesi","image":{"@type":"ImageObject","inLanguage":"tr","@id":"https:\/\/secure.gravatar.com\/avatar\/bab33852abfd8b282518d6ed81826833d77c3c882d9ab608add591ccace47a44?s=96&d=mm&r=g","url":"https:\/\/secure.gravatar.com\/avatar\/bab33852abfd8b282518d6ed81826833d77c3c882d9ab608add591ccace47a44?s=96&d=mm&r=g","contentUrl":"https:\/\/secure.gravatar.com\/avatar\/bab33852abfd8b282518d6ed81826833d77c3c882d9ab608add591ccace47a44?s=96&d=mm&r=g","caption":"Kuzeyin Sesi"},"sameAs":["https:\/\/kuzeyinsesi.org"],"url":"https:\/\/kuzeyinsesi.org\/index.php\/author\/guven\/"}]}},"_links":{"self":[{"href":"https:\/\/kuzeyinsesi.org\/index.php\/wp-json\/wp\/v2\/posts\/1226","targetHints":{"allow":["GET"]}}],"collection":[{"href":"https:\/\/kuzeyinsesi.org\/index.php\/wp-json\/wp\/v2\/posts"}],"about":[{"href":"https:\/\/kuzeyinsesi.org\/index.php\/wp-json\/wp\/v2\/types\/post"}],"author":[{"embeddable":true,"href":"https:\/\/kuzeyinsesi.org\/index.php\/wp-json\/wp\/v2\/users\/1"}],"replies":[{"embeddable":true,"href":"https:\/\/kuzeyinsesi.org\/index.php\/wp-json\/wp\/v2\/comments?post=1226"}],"version-history":[{"count":0,"href":"https:\/\/kuzeyinsesi.org\/index.php\/wp-json\/wp\/v2\/posts\/1226\/revisions"}],"wp:featuredmedia":[{"embeddable":true,"href":"https:\/\/kuzeyinsesi.org\/index.php\/wp-json\/wp\/v2\/media\/1227"}],"wp:attachment":[{"href":"https:\/\/kuzeyinsesi.org\/index.php\/wp-json\/wp\/v2\/media?parent=1226"}],"wp:term":[{"taxonomy":"category","embeddable":true,"href":"https:\/\/kuzeyinsesi.org\/index.php\/wp-json\/wp\/v2\/categories?post=1226"},{"taxonomy":"post_tag","embeddable":true,"href":"https:\/\/kuzeyinsesi.org\/index.php\/wp-json\/wp\/v2\/tags?post=1226"}],"curies":[{"name":"wp","href":"https:\/\/api.w.org\/{rel}","templated":true}]}}