{"id":12253,"date":"2024-10-25T10:45:00","date_gmt":"2024-10-25T07:45:00","guid":{"rendered":"https:\/\/kuzeyinsesi.org\/index.php\/2024\/10\/25\/29-ekim-cumhuriyet-bayraminin-kibris-turk-edebiyatina-yansimalari-konulu-panel-duzenleniyor\/"},"modified":"2024-10-25T10:45:00","modified_gmt":"2024-10-25T07:45:00","slug":"29-ekim-cumhuriyet-bayraminin-kibris-turk-edebiyatina-yansimalari-konulu-panel-duzenleniyor","status":"publish","type":"post","link":"https:\/\/kuzeyinsesi.org\/index.php\/2024\/10\/25\/29-ekim-cumhuriyet-bayraminin-kibris-turk-edebiyatina-yansimalari-konulu-panel-duzenleniyor\/","title":{"rendered":"29 Ekim Cumhuriyet Bayram\u0131\u2019n\u0131n K\u0131br\u0131s T\u00fcrk Edebiyat\u0131na Yans\u0131malar\u0131 konulu panel d\u00fczenleniyor"},"content":{"rendered":"<div>\n<div class=\"mariselle-image-container center\">\n                                            <\/div>\n<p> K\u00fclt\u00fcr Dairesi ile Yak\u0131n Do\u011fu \u00dcniversitesi K\u0131br\u0131s Ara\u015ft\u0131rmalar\u0131 Merkezi, 29 Ekim Cumhuriyet Bayram\u0131\u2019n\u0131n K\u0131br\u0131s T\u00fcrk Edebiyat\u0131na Yans\u0131malar\u0131 konulu panel d\u00fczenliyor.<\/p>\n<p> K\u00fclt\u00fcr Dairesi\u2019nden verilen bilgiye g\u00f6re,  30 Ekim \u00c7ar\u015famba, Atat\u00fcrk K\u00fclt\u00fcr Merkezi\u2019nde yer alacak panel saat 10:00\u2019da ba\u015flayacak.<\/p>\n<p>Panel konu\u015fmac\u0131lar\u0131 ara\u015ft\u0131rmac\u0131 yazar Eralp Adan\u0131r, Dr. H\u00fcseyin Ezilmez ve \u0130smail Bozkurt olacak. Oturum ba\u015fkanl\u0131\u011f\u0131n\u0131 K\u0131br\u0131s Ara\u015ft\u0131rmalar\u0131 Merkezi Ba\u015fkan\u0131 Prof. Dr. \u015eevket \u00d6znur; panelin a\u00e7\u0131l\u0131\u015f konu\u015fmas\u0131n\u0131 ise K\u00fclt\u00fcr Dairesi M\u00fcd\u00fcr\u00fc \u015eirin Zafery\u0131ld\u0131z\u0131 Zaima\u011fao\u011flu yapacak.<\/p>\n<\/p><\/div>\n<p><script async\n                    defer\n                    crossorigin=\"anonymous\"\n                    src=\"https:\/\/connect.facebook.net\/tr_TR\/sdk.js#xfbml=1&#038;version=v3.3\"\n            ><\/script><\/p>\n","protected":false},"excerpt":{"rendered":"<p>K\u00fclt\u00fcr Dairesi ile Yak\u0131n Do\u011fu \u00dcniversitesi K\u0131br\u0131s Ara\u015ft\u0131rmalar\u0131 Merkezi, 29 Ekim Cumhuriyet Bayram\u0131\u2019n\u0131n K\u0131br\u0131s T\u00fcrk Edebiyat\u0131na Yans\u0131malar\u0131 konulu panel d\u00fczenliyor. K\u00fclt\u00fcr Dairesi\u2019nden verilen bilgiye g\u00f6re, 30 Ekim \u00c7ar\u015famba, Atat\u00fcrk K\u00fclt\u00fcr Merkezi\u2019nde yer alacak panel saat 10:00\u2019da ba\u015flayacak. Panel konu\u015fmac\u0131lar\u0131 ara\u015ft\u0131rmac\u0131 yazar Eralp Adan\u0131r, Dr. H\u00fcseyin Ezilmez ve \u0130smail Bozkurt olacak. Oturum ba\u015fkanl\u0131\u011f\u0131n\u0131 K\u0131br\u0131s Ara\u015ft\u0131rmalar\u0131 Merkezi [&hellip;]<\/p>\n","protected":false},"author":1,"featured_media":12254,"comment_status":"open","ping_status":"open","sticky":false,"template":"","format":"standard","meta":{"jnews-multi-image_gallery":[],"jnews_single_post":[],"jnews_primary_category":[],"jnews_social_meta":[],"jnews_override_counter":[],"footnotes":""},"categories":[6],"tags":[],"class_list":["post-12253","post","type-post","status-publish","format-standard","has-post-thumbnail","hentry","category-yasam"],"yoast_head":"<!-- This site is optimized with the Yoast SEO plugin v27.4 - https:\/\/yoast.com\/product\/yoast-seo-wordpress\/ -->\n<title>29 Ekim Cumhuriyet Bayram\u0131\u2019n\u0131n K\u0131br\u0131s T\u00fcrk Edebiyat\u0131na Yans\u0131malar\u0131 konulu panel d\u00fczenleniyor - Kuzeyin Sesi<\/title>\n<meta name=\"robots\" content=\"index, follow, max-snippet:-1, max-image-preview:large, max-video-preview:-1\" \/>\n<link rel=\"canonical\" href=\"https:\/\/kuzeyinsesi.org\/index.php\/2024\/10\/25\/29-ekim-cumhuriyet-bayraminin-kibris-turk-edebiyatina-yansimalari-konulu-panel-duzenleniyor\/\" \/>\n<meta property=\"og:locale\" content=\"tr_TR\" \/>\n<meta property=\"og:type\" content=\"article\" \/>\n<meta property=\"og:title\" content=\"29 Ekim Cumhuriyet Bayram\u0131\u2019n\u0131n K\u0131br\u0131s T\u00fcrk Edebiyat\u0131na Yans\u0131malar\u0131 konulu panel d\u00fczenleniyor - Kuzeyin Sesi\" \/>\n<meta property=\"og:description\" content=\"K\u00fclt\u00fcr Dairesi ile Yak\u0131n Do\u011fu \u00dcniversitesi K\u0131br\u0131s Ara\u015ft\u0131rmalar\u0131 Merkezi, 29 Ekim Cumhuriyet Bayram\u0131\u2019n\u0131n K\u0131br\u0131s T\u00fcrk Edebiyat\u0131na Yans\u0131malar\u0131 konulu panel d\u00fczenliyor. K\u00fclt\u00fcr Dairesi\u2019nden verilen bilgiye g\u00f6re, 30 Ekim \u00c7ar\u015famba, Atat\u00fcrk K\u00fclt\u00fcr Merkezi\u2019nde yer alacak panel saat 10:00\u2019da ba\u015flayacak. Panel konu\u015fmac\u0131lar\u0131 ara\u015ft\u0131rmac\u0131 yazar Eralp Adan\u0131r, Dr. H\u00fcseyin Ezilmez ve \u0130smail Bozkurt olacak. Oturum ba\u015fkanl\u0131\u011f\u0131n\u0131 K\u0131br\u0131s Ara\u015ft\u0131rmalar\u0131 Merkezi [&hellip;]\" \/>\n<meta property=\"og:url\" content=\"https:\/\/kuzeyinsesi.org\/index.php\/2024\/10\/25\/29-ekim-cumhuriyet-bayraminin-kibris-turk-edebiyatina-yansimalari-konulu-panel-duzenleniyor\/\" \/>\n<meta property=\"og:site_name\" content=\"Kuzeyin Sesi\" \/>\n<meta property=\"article:publisher\" content=\"https:\/\/www.facebook.com\/kuzeyinsesii\" \/>\n<meta property=\"article:published_time\" content=\"2024-10-25T07:45:00+00:00\" \/>\n<meta property=\"og:image\" content=\"https:\/\/brtk.net\/wp-content\/uploads\/2024\/10\/25\/asf22.jpg?ver=4212b1cae62944732414956ddef7c7d5\" \/>\n<meta name=\"author\" content=\"Kuzeyin Sesi\" \/>\n<meta name=\"twitter:card\" content=\"summary_large_image\" \/>\n<meta name=\"twitter:creator\" content=\"@kuzeyinsesii\" \/>\n<meta name=\"twitter:site\" content=\"@kuzeyinsesii\" \/>\n<meta name=\"twitter:label1\" content=\"Yazan:\" \/>\n\t<meta name=\"twitter:data1\" content=\"Kuzeyin Sesi\" \/>\n\t<meta name=\"twitter:label2\" content=\"Tahmini okuma s\u00fcresi\" \/>\n\t<meta name=\"twitter:data2\" content=\"1 dakika\" \/>\n<script type=\"application\/ld+json\" class=\"yoast-schema-graph\">{\"@context\":\"https:\\\/\\\/schema.org\",\"@graph\":[{\"@type\":\"Article\",\"@id\":\"https:\\\/\\\/kuzeyinsesi.org\\\/index.php\\\/2024\\\/10\\\/25\\\/29-ekim-cumhuriyet-bayraminin-kibris-turk-edebiyatina-yansimalari-konulu-panel-duzenleniyor\\\/#article\",\"isPartOf\":{\"@id\":\"https:\\\/\\\/kuzeyinsesi.org\\\/index.php\\\/2024\\\/10\\\/25\\\/29-ekim-cumhuriyet-bayraminin-kibris-turk-edebiyatina-yansimalari-konulu-panel-duzenleniyor\\\/\"},\"author\":{\"name\":\"Kuzeyin Sesi\",\"@id\":\"https:\\\/\\\/kuzeyinsesi.org\\\/#\\\/schema\\\/person\\\/9f859689cdf01485597712386e37f5aa\"},\"headline\":\"29 Ekim Cumhuriyet Bayram\u0131\u2019n\u0131n K\u0131br\u0131s T\u00fcrk Edebiyat\u0131na Yans\u0131malar\u0131 konulu panel d\u00fczenleniyor\",\"datePublished\":\"2024-10-25T07:45:00+00:00\",\"mainEntityOfPage\":{\"@id\":\"https:\\\/\\\/kuzeyinsesi.org\\\/index.php\\\/2024\\\/10\\\/25\\\/29-ekim-cumhuriyet-bayraminin-kibris-turk-edebiyatina-yansimalari-konulu-panel-duzenleniyor\\\/\"},\"wordCount\":137,\"commentCount\":0,\"image\":{\"@id\":\"https:\\\/\\\/kuzeyinsesi.org\\\/index.php\\\/2024\\\/10\\\/25\\\/29-ekim-cumhuriyet-bayraminin-kibris-turk-edebiyatina-yansimalari-konulu-panel-duzenleniyor\\\/#primaryimage\"},\"thumbnailUrl\":\"https:\\\/\\\/kuzeyinsesi.org\\\/wp-content\\\/uploads\\\/2024\\\/10\\\/asf22.jpg\",\"articleSection\":[\"Ya\u015fam\"],\"inLanguage\":\"tr\",\"potentialAction\":[{\"@type\":\"CommentAction\",\"name\":\"Comment\",\"target\":[\"https:\\\/\\\/kuzeyinsesi.org\\\/index.php\\\/2024\\\/10\\\/25\\\/29-ekim-cumhuriyet-bayraminin-kibris-turk-edebiyatina-yansimalari-konulu-panel-duzenleniyor\\\/#respond\"]}]},{\"@type\":\"WebPage\",\"@id\":\"https:\\\/\\\/kuzeyinsesi.org\\\/index.php\\\/2024\\\/10\\\/25\\\/29-ekim-cumhuriyet-bayraminin-kibris-turk-edebiyatina-yansimalari-konulu-panel-duzenleniyor\\\/\",\"url\":\"https:\\\/\\\/kuzeyinsesi.org\\\/index.php\\\/2024\\\/10\\\/25\\\/29-ekim-cumhuriyet-bayraminin-kibris-turk-edebiyatina-yansimalari-konulu-panel-duzenleniyor\\\/\",\"name\":\"29 Ekim Cumhuriyet Bayram\u0131\u2019n\u0131n K\u0131br\u0131s T\u00fcrk Edebiyat\u0131na Yans\u0131malar\u0131 konulu panel d\u00fczenleniyor - Kuzeyin Sesi\",\"isPartOf\":{\"@id\":\"https:\\\/\\\/kuzeyinsesi.org\\\/#website\"},\"primaryImageOfPage\":{\"@id\":\"https:\\\/\\\/kuzeyinsesi.org\\\/index.php\\\/2024\\\/10\\\/25\\\/29-ekim-cumhuriyet-bayraminin-kibris-turk-edebiyatina-yansimalari-konulu-panel-duzenleniyor\\\/#primaryimage\"},\"image\":{\"@id\":\"https:\\\/\\\/kuzeyinsesi.org\\\/index.php\\\/2024\\\/10\\\/25\\\/29-ekim-cumhuriyet-bayraminin-kibris-turk-edebiyatina-yansimalari-konulu-panel-duzenleniyor\\\/#primaryimage\"},\"thumbnailUrl\":\"https:\\\/\\\/kuzeyinsesi.org\\\/wp-content\\\/uploads\\\/2024\\\/10\\\/asf22.jpg\",\"datePublished\":\"2024-10-25T07:45:00+00:00\",\"author\":{\"@id\":\"https:\\\/\\\/kuzeyinsesi.org\\\/#\\\/schema\\\/person\\\/9f859689cdf01485597712386e37f5aa\"},\"breadcrumb\":{\"@id\":\"https:\\\/\\\/kuzeyinsesi.org\\\/index.php\\\/2024\\\/10\\\/25\\\/29-ekim-cumhuriyet-bayraminin-kibris-turk-edebiyatina-yansimalari-konulu-panel-duzenleniyor\\\/#breadcrumb\"},\"inLanguage\":\"tr\",\"potentialAction\":[{\"@type\":\"ReadAction\",\"target\":[\"https:\\\/\\\/kuzeyinsesi.org\\\/index.php\\\/2024\\\/10\\\/25\\\/29-ekim-cumhuriyet-bayraminin-kibris-turk-edebiyatina-yansimalari-konulu-panel-duzenleniyor\\\/\"]}]},{\"@type\":\"ImageObject\",\"inLanguage\":\"tr\",\"@id\":\"https:\\\/\\\/kuzeyinsesi.org\\\/index.php\\\/2024\\\/10\\\/25\\\/29-ekim-cumhuriyet-bayraminin-kibris-turk-edebiyatina-yansimalari-konulu-panel-duzenleniyor\\\/#primaryimage\",\"url\":\"https:\\\/\\\/kuzeyinsesi.org\\\/wp-content\\\/uploads\\\/2024\\\/10\\\/asf22.jpg\",\"contentUrl\":\"https:\\\/\\\/kuzeyinsesi.org\\\/wp-content\\\/uploads\\\/2024\\\/10\\\/asf22.jpg\",\"width\":1600,\"height\":1541},{\"@type\":\"BreadcrumbList\",\"@id\":\"https:\\\/\\\/kuzeyinsesi.org\\\/index.php\\\/2024\\\/10\\\/25\\\/29-ekim-cumhuriyet-bayraminin-kibris-turk-edebiyatina-yansimalari-konulu-panel-duzenleniyor\\\/#breadcrumb\",\"itemListElement\":[{\"@type\":\"ListItem\",\"position\":1,\"name\":\"Anasayfa\",\"item\":\"https:\\\/\\\/kuzeyinsesi.org\\\/\"},{\"@type\":\"ListItem\",\"position\":2,\"name\":\"29 Ekim Cumhuriyet Bayram\u0131\u2019n\u0131n K\u0131br\u0131s T\u00fcrk Edebiyat\u0131na Yans\u0131malar\u0131 konulu panel d\u00fczenleniyor\"}]},{\"@type\":\"WebSite\",\"@id\":\"https:\\\/\\\/kuzeyinsesi.org\\\/#website\",\"url\":\"https:\\\/\\\/kuzeyinsesi.org\\\/\",\"name\":\"Kuzeyin Sesi\",\"description\":\"Do\u011fru Haberin Adresi\",\"potentialAction\":[{\"@type\":\"SearchAction\",\"target\":{\"@type\":\"EntryPoint\",\"urlTemplate\":\"https:\\\/\\\/kuzeyinsesi.org\\\/?s={search_term_string}\"},\"query-input\":{\"@type\":\"PropertyValueSpecification\",\"valueRequired\":true,\"valueName\":\"search_term_string\"}}],\"inLanguage\":\"tr\"},{\"@type\":\"Person\",\"@id\":\"https:\\\/\\\/kuzeyinsesi.org\\\/#\\\/schema\\\/person\\\/9f859689cdf01485597712386e37f5aa\",\"name\":\"Kuzeyin Sesi\",\"image\":{\"@type\":\"ImageObject\",\"inLanguage\":\"tr\",\"@id\":\"https:\\\/\\\/secure.gravatar.com\\\/avatar\\\/bab33852abfd8b282518d6ed81826833d77c3c882d9ab608add591ccace47a44?s=96&d=mm&r=g\",\"url\":\"https:\\\/\\\/secure.gravatar.com\\\/avatar\\\/bab33852abfd8b282518d6ed81826833d77c3c882d9ab608add591ccace47a44?s=96&d=mm&r=g\",\"contentUrl\":\"https:\\\/\\\/secure.gravatar.com\\\/avatar\\\/bab33852abfd8b282518d6ed81826833d77c3c882d9ab608add591ccace47a44?s=96&d=mm&r=g\",\"caption\":\"Kuzeyin Sesi\"},\"sameAs\":[\"https:\\\/\\\/kuzeyinsesi.org\"],\"url\":\"https:\\\/\\\/kuzeyinsesi.org\\\/index.php\\\/author\\\/guven\\\/\"}]}<\/script>\n<!-- \/ Yoast SEO plugin. -->","yoast_head_json":{"title":"29 Ekim Cumhuriyet Bayram\u0131\u2019n\u0131n K\u0131br\u0131s T\u00fcrk Edebiyat\u0131na Yans\u0131malar\u0131 konulu panel d\u00fczenleniyor - Kuzeyin Sesi","robots":{"index":"index","follow":"follow","max-snippet":"max-snippet:-1","max-image-preview":"max-image-preview:large","max-video-preview":"max-video-preview:-1"},"canonical":"https:\/\/kuzeyinsesi.org\/index.php\/2024\/10\/25\/29-ekim-cumhuriyet-bayraminin-kibris-turk-edebiyatina-yansimalari-konulu-panel-duzenleniyor\/","og_locale":"tr_TR","og_type":"article","og_title":"29 Ekim Cumhuriyet Bayram\u0131\u2019n\u0131n K\u0131br\u0131s T\u00fcrk Edebiyat\u0131na Yans\u0131malar\u0131 konulu panel d\u00fczenleniyor - Kuzeyin Sesi","og_description":"K\u00fclt\u00fcr Dairesi ile Yak\u0131n Do\u011fu \u00dcniversitesi K\u0131br\u0131s Ara\u015ft\u0131rmalar\u0131 Merkezi, 29 Ekim Cumhuriyet Bayram\u0131\u2019n\u0131n K\u0131br\u0131s T\u00fcrk Edebiyat\u0131na Yans\u0131malar\u0131 konulu panel d\u00fczenliyor. K\u00fclt\u00fcr Dairesi\u2019nden verilen bilgiye g\u00f6re, 30 Ekim \u00c7ar\u015famba, Atat\u00fcrk K\u00fclt\u00fcr Merkezi\u2019nde yer alacak panel saat 10:00\u2019da ba\u015flayacak. Panel konu\u015fmac\u0131lar\u0131 ara\u015ft\u0131rmac\u0131 yazar Eralp Adan\u0131r, Dr. H\u00fcseyin Ezilmez ve \u0130smail Bozkurt olacak. Oturum ba\u015fkanl\u0131\u011f\u0131n\u0131 K\u0131br\u0131s Ara\u015ft\u0131rmalar\u0131 Merkezi [&hellip;]","og_url":"https:\/\/kuzeyinsesi.org\/index.php\/2024\/10\/25\/29-ekim-cumhuriyet-bayraminin-kibris-turk-edebiyatina-yansimalari-konulu-panel-duzenleniyor\/","og_site_name":"Kuzeyin Sesi","article_publisher":"https:\/\/www.facebook.com\/kuzeyinsesii","article_published_time":"2024-10-25T07:45:00+00:00","og_image":[{"url":"https:\/\/brtk.net\/wp-content\/uploads\/2024\/10\/25\/asf22.jpg?ver=4212b1cae62944732414956ddef7c7d5","type":"","width":"","height":""}],"author":"Kuzeyin Sesi","twitter_card":"summary_large_image","twitter_creator":"@kuzeyinsesii","twitter_site":"@kuzeyinsesii","twitter_misc":{"Yazan:":"Kuzeyin Sesi","Tahmini okuma s\u00fcresi":"1 dakika"},"schema":{"@context":"https:\/\/schema.org","@graph":[{"@type":"Article","@id":"https:\/\/kuzeyinsesi.org\/index.php\/2024\/10\/25\/29-ekim-cumhuriyet-bayraminin-kibris-turk-edebiyatina-yansimalari-konulu-panel-duzenleniyor\/#article","isPartOf":{"@id":"https:\/\/kuzeyinsesi.org\/index.php\/2024\/10\/25\/29-ekim-cumhuriyet-bayraminin-kibris-turk-edebiyatina-yansimalari-konulu-panel-duzenleniyor\/"},"author":{"name":"Kuzeyin Sesi","@id":"https:\/\/kuzeyinsesi.org\/#\/schema\/person\/9f859689cdf01485597712386e37f5aa"},"headline":"29 Ekim Cumhuriyet Bayram\u0131\u2019n\u0131n K\u0131br\u0131s T\u00fcrk Edebiyat\u0131na Yans\u0131malar\u0131 konulu panel d\u00fczenleniyor","datePublished":"2024-10-25T07:45:00+00:00","mainEntityOfPage":{"@id":"https:\/\/kuzeyinsesi.org\/index.php\/2024\/10\/25\/29-ekim-cumhuriyet-bayraminin-kibris-turk-edebiyatina-yansimalari-konulu-panel-duzenleniyor\/"},"wordCount":137,"commentCount":0,"image":{"@id":"https:\/\/kuzeyinsesi.org\/index.php\/2024\/10\/25\/29-ekim-cumhuriyet-bayraminin-kibris-turk-edebiyatina-yansimalari-konulu-panel-duzenleniyor\/#primaryimage"},"thumbnailUrl":"https:\/\/kuzeyinsesi.org\/wp-content\/uploads\/2024\/10\/asf22.jpg","articleSection":["Ya\u015fam"],"inLanguage":"tr","potentialAction":[{"@type":"CommentAction","name":"Comment","target":["https:\/\/kuzeyinsesi.org\/index.php\/2024\/10\/25\/29-ekim-cumhuriyet-bayraminin-kibris-turk-edebiyatina-yansimalari-konulu-panel-duzenleniyor\/#respond"]}]},{"@type":"WebPage","@id":"https:\/\/kuzeyinsesi.org\/index.php\/2024\/10\/25\/29-ekim-cumhuriyet-bayraminin-kibris-turk-edebiyatina-yansimalari-konulu-panel-duzenleniyor\/","url":"https:\/\/kuzeyinsesi.org\/index.php\/2024\/10\/25\/29-ekim-cumhuriyet-bayraminin-kibris-turk-edebiyatina-yansimalari-konulu-panel-duzenleniyor\/","name":"29 Ekim Cumhuriyet Bayram\u0131\u2019n\u0131n K\u0131br\u0131s T\u00fcrk Edebiyat\u0131na Yans\u0131malar\u0131 konulu panel d\u00fczenleniyor - Kuzeyin Sesi","isPartOf":{"@id":"https:\/\/kuzeyinsesi.org\/#website"},"primaryImageOfPage":{"@id":"https:\/\/kuzeyinsesi.org\/index.php\/2024\/10\/25\/29-ekim-cumhuriyet-bayraminin-kibris-turk-edebiyatina-yansimalari-konulu-panel-duzenleniyor\/#primaryimage"},"image":{"@id":"https:\/\/kuzeyinsesi.org\/index.php\/2024\/10\/25\/29-ekim-cumhuriyet-bayraminin-kibris-turk-edebiyatina-yansimalari-konulu-panel-duzenleniyor\/#primaryimage"},"thumbnailUrl":"https:\/\/kuzeyinsesi.org\/wp-content\/uploads\/2024\/10\/asf22.jpg","datePublished":"2024-10-25T07:45:00+00:00","author":{"@id":"https:\/\/kuzeyinsesi.org\/#\/schema\/person\/9f859689cdf01485597712386e37f5aa"},"breadcrumb":{"@id":"https:\/\/kuzeyinsesi.org\/index.php\/2024\/10\/25\/29-ekim-cumhuriyet-bayraminin-kibris-turk-edebiyatina-yansimalari-konulu-panel-duzenleniyor\/#breadcrumb"},"inLanguage":"tr","potentialAction":[{"@type":"ReadAction","target":["https:\/\/kuzeyinsesi.org\/index.php\/2024\/10\/25\/29-ekim-cumhuriyet-bayraminin-kibris-turk-edebiyatina-yansimalari-konulu-panel-duzenleniyor\/"]}]},{"@type":"ImageObject","inLanguage":"tr","@id":"https:\/\/kuzeyinsesi.org\/index.php\/2024\/10\/25\/29-ekim-cumhuriyet-bayraminin-kibris-turk-edebiyatina-yansimalari-konulu-panel-duzenleniyor\/#primaryimage","url":"https:\/\/kuzeyinsesi.org\/wp-content\/uploads\/2024\/10\/asf22.jpg","contentUrl":"https:\/\/kuzeyinsesi.org\/wp-content\/uploads\/2024\/10\/asf22.jpg","width":1600,"height":1541},{"@type":"BreadcrumbList","@id":"https:\/\/kuzeyinsesi.org\/index.php\/2024\/10\/25\/29-ekim-cumhuriyet-bayraminin-kibris-turk-edebiyatina-yansimalari-konulu-panel-duzenleniyor\/#breadcrumb","itemListElement":[{"@type":"ListItem","position":1,"name":"Anasayfa","item":"https:\/\/kuzeyinsesi.org\/"},{"@type":"ListItem","position":2,"name":"29 Ekim Cumhuriyet Bayram\u0131\u2019n\u0131n K\u0131br\u0131s T\u00fcrk Edebiyat\u0131na Yans\u0131malar\u0131 konulu panel d\u00fczenleniyor"}]},{"@type":"WebSite","@id":"https:\/\/kuzeyinsesi.org\/#website","url":"https:\/\/kuzeyinsesi.org\/","name":"Kuzeyin Sesi","description":"Do\u011fru Haberin Adresi","potentialAction":[{"@type":"SearchAction","target":{"@type":"EntryPoint","urlTemplate":"https:\/\/kuzeyinsesi.org\/?s={search_term_string}"},"query-input":{"@type":"PropertyValueSpecification","valueRequired":true,"valueName":"search_term_string"}}],"inLanguage":"tr"},{"@type":"Person","@id":"https:\/\/kuzeyinsesi.org\/#\/schema\/person\/9f859689cdf01485597712386e37f5aa","name":"Kuzeyin Sesi","image":{"@type":"ImageObject","inLanguage":"tr","@id":"https:\/\/secure.gravatar.com\/avatar\/bab33852abfd8b282518d6ed81826833d77c3c882d9ab608add591ccace47a44?s=96&d=mm&r=g","url":"https:\/\/secure.gravatar.com\/avatar\/bab33852abfd8b282518d6ed81826833d77c3c882d9ab608add591ccace47a44?s=96&d=mm&r=g","contentUrl":"https:\/\/secure.gravatar.com\/avatar\/bab33852abfd8b282518d6ed81826833d77c3c882d9ab608add591ccace47a44?s=96&d=mm&r=g","caption":"Kuzeyin Sesi"},"sameAs":["https:\/\/kuzeyinsesi.org"],"url":"https:\/\/kuzeyinsesi.org\/index.php\/author\/guven\/"}]}},"_links":{"self":[{"href":"https:\/\/kuzeyinsesi.org\/index.php\/wp-json\/wp\/v2\/posts\/12253","targetHints":{"allow":["GET"]}}],"collection":[{"href":"https:\/\/kuzeyinsesi.org\/index.php\/wp-json\/wp\/v2\/posts"}],"about":[{"href":"https:\/\/kuzeyinsesi.org\/index.php\/wp-json\/wp\/v2\/types\/post"}],"author":[{"embeddable":true,"href":"https:\/\/kuzeyinsesi.org\/index.php\/wp-json\/wp\/v2\/users\/1"}],"replies":[{"embeddable":true,"href":"https:\/\/kuzeyinsesi.org\/index.php\/wp-json\/wp\/v2\/comments?post=12253"}],"version-history":[{"count":0,"href":"https:\/\/kuzeyinsesi.org\/index.php\/wp-json\/wp\/v2\/posts\/12253\/revisions"}],"wp:featuredmedia":[{"embeddable":true,"href":"https:\/\/kuzeyinsesi.org\/index.php\/wp-json\/wp\/v2\/media\/12254"}],"wp:attachment":[{"href":"https:\/\/kuzeyinsesi.org\/index.php\/wp-json\/wp\/v2\/media?parent=12253"}],"wp:term":[{"taxonomy":"category","embeddable":true,"href":"https:\/\/kuzeyinsesi.org\/index.php\/wp-json\/wp\/v2\/categories?post=12253"},{"taxonomy":"post_tag","embeddable":true,"href":"https:\/\/kuzeyinsesi.org\/index.php\/wp-json\/wp\/v2\/tags?post=12253"}],"curies":[{"name":"wp","href":"https:\/\/api.w.org\/{rel}","templated":true}]}}