{"id":1222,"date":"2024-05-02T15:11:51","date_gmt":"2024-05-02T12:11:51","guid":{"rendered":"https:\/\/kuzeyinsesi.com\/index.php\/2024\/05\/02\/cumhurbaskani-tatar-girne-19-mayis-tmkyi-ziyaret-etti\/"},"modified":"2024-05-02T15:11:51","modified_gmt":"2024-05-02T12:11:51","slug":"cumhurbaskani-tatar-girne-19-mayis-tmkyi-ziyaret-etti","status":"publish","type":"post","link":"https:\/\/kuzeyinsesi.org\/index.php\/2024\/05\/02\/cumhurbaskani-tatar-girne-19-mayis-tmkyi-ziyaret-etti\/","title":{"rendered":"Cumhurba\u015fkan\u0131 Tatar, Girne 19 May\u0131s TMK\u2019y\u0131 ziyaret etti"},"content":{"rendered":"<div>\n<div class=\"mariselle-image-container center\">\n                                            <\/div>\n<p>Cumhurba\u015fkan\u0131 Ersin Tatar, Girne 19 May\u0131s T\u00fcrk Maarif Koleji\u2019ni ziyaret ederek, \u00f6\u011fretmen ve \u00f6\u011frencilerle bir araya geldi.<\/p>\n<p>Cumhurba\u015fkanl\u0131\u011f\u0131\u2019ndan verilen bilgiye g\u00f6re, Cumhurba\u015fkan\u0131 Tatar ziyarette \u00f6\u011frencilere yapt\u0131\u011f\u0131 konu\u015fmada, K\u0131br\u0131s meselesi, K\u0131br\u0131s\u2019\u0131n jeopolitik ve jeostratejik \u00f6nemi, iki devletli \u00e7\u00f6z\u00fcm siyaseti, ekonomik geli\u015fmeler, Mavi Vatan, T\u00fcrkiye ve T\u00fcrk Devletleri Te\u015fkilat\u0131 ile ili\u015fkiler konusunda bilgiler verdi.<\/p>\n<p>Cumhurba\u015fkan\u0131 Tatar ay\u0131ca, e\u011fitim ve sosyal ya\u015fam konular\u0131nda \u00f6\u011frencilere \u00f6\u011f\u00fctlerde bulundu. \u00d6\u011frencilere kariyerleri konusunda tavsiyelerde bulunan Cumhurba\u015fkan\u0131 Tatar, onlardan gelen sorular\u0131 da yan\u0131tlad\u0131.<\/p>\n<p>Ziyarette Cumhurba\u015fkan\u0131 Tatar\u2019a, Milli E\u011fitim Bakanl\u0131\u011f\u0131 Genel Orta \u00d6\u011fretim Dairesi M\u00fcd\u00fcr\u00fc<\/p>\n<\/p><\/div>\n<p><script async\n                    defer\n                    crossorigin=\"anonymous\"\n                    src=\"https:\/\/connect.facebook.net\/tr_TR\/sdk.js#xfbml=1&#038;version=v3.3\"\n            ><\/script><\/p>\n","protected":false},"excerpt":{"rendered":"<p>Cumhurba\u015fkan\u0131 Ersin Tatar, Girne 19 May\u0131s T\u00fcrk Maarif Koleji\u2019ni ziyaret ederek, \u00f6\u011fretmen ve \u00f6\u011frencilerle bir araya geldi. Cumhurba\u015fkanl\u0131\u011f\u0131\u2019ndan verilen bilgiye g\u00f6re, Cumhurba\u015fkan\u0131 Tatar ziyarette \u00f6\u011frencilere yapt\u0131\u011f\u0131 konu\u015fmada, K\u0131br\u0131s meselesi, K\u0131br\u0131s\u2019\u0131n jeopolitik ve jeostratejik \u00f6nemi, iki devletli \u00e7\u00f6z\u00fcm siyaseti, ekonomik geli\u015fmeler, Mavi Vatan, T\u00fcrkiye ve T\u00fcrk Devletleri Te\u015fkilat\u0131 ile ili\u015fkiler konusunda bilgiler verdi. Cumhurba\u015fkan\u0131 Tatar ay\u0131ca, [&hellip;]<\/p>\n","protected":false},"author":1,"featured_media":1223,"comment_status":"open","ping_status":"open","sticky":false,"template":"","format":"standard","meta":{"jnews-multi-image_gallery":[],"jnews_single_post":[],"jnews_primary_category":[],"jnews_social_meta":[],"jnews_override_counter":[],"footnotes":""},"categories":[1],"tags":[],"class_list":["post-1222","post","type-post","status-publish","format-standard","has-post-thumbnail","hentry","category-kibris"],"yoast_head":"<!-- This site is optimized with the Yoast SEO plugin v27.5 - https:\/\/yoast.com\/product\/yoast-seo-wordpress\/ -->\n<title>Cumhurba\u015fkan\u0131 Tatar, Girne 19 May\u0131s TMK\u2019y\u0131 ziyaret etti - Kuzeyin Sesi<\/title>\n<meta name=\"robots\" content=\"index, follow, max-snippet:-1, max-image-preview:large, max-video-preview:-1\" \/>\n<link rel=\"canonical\" href=\"https:\/\/kuzeyinsesi.org\/index.php\/2024\/05\/02\/cumhurbaskani-tatar-girne-19-mayis-tmkyi-ziyaret-etti\/\" \/>\n<meta property=\"og:locale\" content=\"tr_TR\" \/>\n<meta property=\"og:type\" content=\"article\" \/>\n<meta property=\"og:title\" content=\"Cumhurba\u015fkan\u0131 Tatar, Girne 19 May\u0131s TMK\u2019y\u0131 ziyaret etti - Kuzeyin Sesi\" \/>\n<meta property=\"og:description\" content=\"Cumhurba\u015fkan\u0131 Ersin Tatar, Girne 19 May\u0131s T\u00fcrk Maarif Koleji\u2019ni ziyaret ederek, \u00f6\u011fretmen ve \u00f6\u011frencilerle bir araya geldi. Cumhurba\u015fkanl\u0131\u011f\u0131\u2019ndan verilen bilgiye g\u00f6re, Cumhurba\u015fkan\u0131 Tatar ziyarette \u00f6\u011frencilere yapt\u0131\u011f\u0131 konu\u015fmada, K\u0131br\u0131s meselesi, K\u0131br\u0131s\u2019\u0131n jeopolitik ve jeostratejik \u00f6nemi, iki devletli \u00e7\u00f6z\u00fcm siyaseti, ekonomik geli\u015fmeler, Mavi Vatan, T\u00fcrkiye ve T\u00fcrk Devletleri Te\u015fkilat\u0131 ile ili\u015fkiler konusunda bilgiler verdi. Cumhurba\u015fkan\u0131 Tatar ay\u0131ca, [&hellip;]\" \/>\n<meta property=\"og:url\" content=\"https:\/\/kuzeyinsesi.org\/index.php\/2024\/05\/02\/cumhurbaskani-tatar-girne-19-mayis-tmkyi-ziyaret-etti\/\" \/>\n<meta property=\"og:site_name\" content=\"Kuzeyin Sesi\" \/>\n<meta property=\"article:publisher\" content=\"https:\/\/www.facebook.com\/kuzeyinsesii\" \/>\n<meta property=\"article:published_time\" content=\"2024-05-02T12:11:51+00:00\" \/>\n<meta property=\"og:image\" content=\"https:\/\/kuzeyinsesi.org\/wp-content\/uploads\/2024\/05\/tatar-19-mayis-tmk1-scaled.jpg\" \/>\n\t<meta property=\"og:image:width\" content=\"2560\" \/>\n\t<meta property=\"og:image:height\" content=\"1796\" \/>\n\t<meta property=\"og:image:type\" content=\"image\/jpeg\" \/>\n<meta name=\"author\" content=\"Kuzeyin Sesi\" \/>\n<meta name=\"twitter:card\" content=\"summary_large_image\" \/>\n<meta name=\"twitter:creator\" content=\"@kuzeyinsesii\" \/>\n<meta name=\"twitter:site\" content=\"@kuzeyinsesii\" \/>\n<meta name=\"twitter:label1\" content=\"Yazan:\" \/>\n\t<meta name=\"twitter:data1\" content=\"Kuzeyin Sesi\" \/>\n\t<meta name=\"twitter:label2\" content=\"Tahmini okuma s\u00fcresi\" \/>\n\t<meta name=\"twitter:data2\" content=\"1 dakika\" \/>\n<script type=\"application\/ld+json\" class=\"yoast-schema-graph\">{\"@context\":\"https:\\\/\\\/schema.org\",\"@graph\":[{\"@type\":\"Article\",\"@id\":\"https:\\\/\\\/kuzeyinsesi.org\\\/index.php\\\/2024\\\/05\\\/02\\\/cumhurbaskani-tatar-girne-19-mayis-tmkyi-ziyaret-etti\\\/#article\",\"isPartOf\":{\"@id\":\"https:\\\/\\\/kuzeyinsesi.org\\\/index.php\\\/2024\\\/05\\\/02\\\/cumhurbaskani-tatar-girne-19-mayis-tmkyi-ziyaret-etti\\\/\"},\"author\":{\"name\":\"Kuzeyin Sesi\",\"@id\":\"https:\\\/\\\/kuzeyinsesi.org\\\/#\\\/schema\\\/person\\\/9f859689cdf01485597712386e37f5aa\"},\"headline\":\"Cumhurba\u015fkan\u0131 Tatar, Girne 19 May\u0131s TMK\u2019y\u0131 ziyaret etti\",\"datePublished\":\"2024-05-02T12:11:51+00:00\",\"mainEntityOfPage\":{\"@id\":\"https:\\\/\\\/kuzeyinsesi.org\\\/index.php\\\/2024\\\/05\\\/02\\\/cumhurbaskani-tatar-girne-19-mayis-tmkyi-ziyaret-etti\\\/\"},\"wordCount\":127,\"commentCount\":0,\"image\":{\"@id\":\"https:\\\/\\\/kuzeyinsesi.org\\\/index.php\\\/2024\\\/05\\\/02\\\/cumhurbaskani-tatar-girne-19-mayis-tmkyi-ziyaret-etti\\\/#primaryimage\"},\"thumbnailUrl\":\"https:\\\/\\\/kuzeyinsesi.org\\\/wp-content\\\/uploads\\\/2024\\\/05\\\/tatar-19-mayis-tmk1-scaled.jpg\",\"articleSection\":[\"K\u0131br\u0131s\"],\"inLanguage\":\"tr\",\"potentialAction\":[{\"@type\":\"CommentAction\",\"name\":\"Comment\",\"target\":[\"https:\\\/\\\/kuzeyinsesi.org\\\/index.php\\\/2024\\\/05\\\/02\\\/cumhurbaskani-tatar-girne-19-mayis-tmkyi-ziyaret-etti\\\/#respond\"]}]},{\"@type\":\"WebPage\",\"@id\":\"https:\\\/\\\/kuzeyinsesi.org\\\/index.php\\\/2024\\\/05\\\/02\\\/cumhurbaskani-tatar-girne-19-mayis-tmkyi-ziyaret-etti\\\/\",\"url\":\"https:\\\/\\\/kuzeyinsesi.org\\\/index.php\\\/2024\\\/05\\\/02\\\/cumhurbaskani-tatar-girne-19-mayis-tmkyi-ziyaret-etti\\\/\",\"name\":\"Cumhurba\u015fkan\u0131 Tatar, Girne 19 May\u0131s TMK\u2019y\u0131 ziyaret etti - Kuzeyin Sesi\",\"isPartOf\":{\"@id\":\"https:\\\/\\\/kuzeyinsesi.org\\\/#website\"},\"primaryImageOfPage\":{\"@id\":\"https:\\\/\\\/kuzeyinsesi.org\\\/index.php\\\/2024\\\/05\\\/02\\\/cumhurbaskani-tatar-girne-19-mayis-tmkyi-ziyaret-etti\\\/#primaryimage\"},\"image\":{\"@id\":\"https:\\\/\\\/kuzeyinsesi.org\\\/index.php\\\/2024\\\/05\\\/02\\\/cumhurbaskani-tatar-girne-19-mayis-tmkyi-ziyaret-etti\\\/#primaryimage\"},\"thumbnailUrl\":\"https:\\\/\\\/kuzeyinsesi.org\\\/wp-content\\\/uploads\\\/2024\\\/05\\\/tatar-19-mayis-tmk1-scaled.jpg\",\"datePublished\":\"2024-05-02T12:11:51+00:00\",\"author\":{\"@id\":\"https:\\\/\\\/kuzeyinsesi.org\\\/#\\\/schema\\\/person\\\/9f859689cdf01485597712386e37f5aa\"},\"breadcrumb\":{\"@id\":\"https:\\\/\\\/kuzeyinsesi.org\\\/index.php\\\/2024\\\/05\\\/02\\\/cumhurbaskani-tatar-girne-19-mayis-tmkyi-ziyaret-etti\\\/#breadcrumb\"},\"inLanguage\":\"tr\",\"potentialAction\":[{\"@type\":\"ReadAction\",\"target\":[\"https:\\\/\\\/kuzeyinsesi.org\\\/index.php\\\/2024\\\/05\\\/02\\\/cumhurbaskani-tatar-girne-19-mayis-tmkyi-ziyaret-etti\\\/\"]}]},{\"@type\":\"ImageObject\",\"inLanguage\":\"tr\",\"@id\":\"https:\\\/\\\/kuzeyinsesi.org\\\/index.php\\\/2024\\\/05\\\/02\\\/cumhurbaskani-tatar-girne-19-mayis-tmkyi-ziyaret-etti\\\/#primaryimage\",\"url\":\"https:\\\/\\\/kuzeyinsesi.org\\\/wp-content\\\/uploads\\\/2024\\\/05\\\/tatar-19-mayis-tmk1-scaled.jpg\",\"contentUrl\":\"https:\\\/\\\/kuzeyinsesi.org\\\/wp-content\\\/uploads\\\/2024\\\/05\\\/tatar-19-mayis-tmk1-scaled.jpg\",\"width\":2560,\"height\":1796},{\"@type\":\"BreadcrumbList\",\"@id\":\"https:\\\/\\\/kuzeyinsesi.org\\\/index.php\\\/2024\\\/05\\\/02\\\/cumhurbaskani-tatar-girne-19-mayis-tmkyi-ziyaret-etti\\\/#breadcrumb\",\"itemListElement\":[{\"@type\":\"ListItem\",\"position\":1,\"name\":\"Anasayfa\",\"item\":\"https:\\\/\\\/kuzeyinsesi.org\\\/\"},{\"@type\":\"ListItem\",\"position\":2,\"name\":\"Cumhurba\u015fkan\u0131 Tatar, Girne 19 May\u0131s TMK\u2019y\u0131 ziyaret etti\"}]},{\"@type\":\"WebSite\",\"@id\":\"https:\\\/\\\/kuzeyinsesi.org\\\/#website\",\"url\":\"https:\\\/\\\/kuzeyinsesi.org\\\/\",\"name\":\"Kuzeyin Sesi\",\"description\":\"Do\u011fru Haberin Adresi\",\"potentialAction\":[{\"@type\":\"SearchAction\",\"target\":{\"@type\":\"EntryPoint\",\"urlTemplate\":\"https:\\\/\\\/kuzeyinsesi.org\\\/?s={search_term_string}\"},\"query-input\":{\"@type\":\"PropertyValueSpecification\",\"valueRequired\":true,\"valueName\":\"search_term_string\"}}],\"inLanguage\":\"tr\"},{\"@type\":\"Person\",\"@id\":\"https:\\\/\\\/kuzeyinsesi.org\\\/#\\\/schema\\\/person\\\/9f859689cdf01485597712386e37f5aa\",\"name\":\"Kuzeyin Sesi\",\"image\":{\"@type\":\"ImageObject\",\"inLanguage\":\"tr\",\"@id\":\"https:\\\/\\\/secure.gravatar.com\\\/avatar\\\/bab33852abfd8b282518d6ed81826833d77c3c882d9ab608add591ccace47a44?s=96&d=mm&r=g\",\"url\":\"https:\\\/\\\/secure.gravatar.com\\\/avatar\\\/bab33852abfd8b282518d6ed81826833d77c3c882d9ab608add591ccace47a44?s=96&d=mm&r=g\",\"contentUrl\":\"https:\\\/\\\/secure.gravatar.com\\\/avatar\\\/bab33852abfd8b282518d6ed81826833d77c3c882d9ab608add591ccace47a44?s=96&d=mm&r=g\",\"caption\":\"Kuzeyin Sesi\"},\"sameAs\":[\"https:\\\/\\\/kuzeyinsesi.org\"],\"url\":\"https:\\\/\\\/kuzeyinsesi.org\\\/index.php\\\/author\\\/guven\\\/\"}]}<\/script>\n<!-- \/ Yoast SEO plugin. -->","yoast_head_json":{"title":"Cumhurba\u015fkan\u0131 Tatar, Girne 19 May\u0131s TMK\u2019y\u0131 ziyaret etti - Kuzeyin Sesi","robots":{"index":"index","follow":"follow","max-snippet":"max-snippet:-1","max-image-preview":"max-image-preview:large","max-video-preview":"max-video-preview:-1"},"canonical":"https:\/\/kuzeyinsesi.org\/index.php\/2024\/05\/02\/cumhurbaskani-tatar-girne-19-mayis-tmkyi-ziyaret-etti\/","og_locale":"tr_TR","og_type":"article","og_title":"Cumhurba\u015fkan\u0131 Tatar, Girne 19 May\u0131s TMK\u2019y\u0131 ziyaret etti - Kuzeyin Sesi","og_description":"Cumhurba\u015fkan\u0131 Ersin Tatar, Girne 19 May\u0131s T\u00fcrk Maarif Koleji\u2019ni ziyaret ederek, \u00f6\u011fretmen ve \u00f6\u011frencilerle bir araya geldi. Cumhurba\u015fkanl\u0131\u011f\u0131\u2019ndan verilen bilgiye g\u00f6re, Cumhurba\u015fkan\u0131 Tatar ziyarette \u00f6\u011frencilere yapt\u0131\u011f\u0131 konu\u015fmada, K\u0131br\u0131s meselesi, K\u0131br\u0131s\u2019\u0131n jeopolitik ve jeostratejik \u00f6nemi, iki devletli \u00e7\u00f6z\u00fcm siyaseti, ekonomik geli\u015fmeler, Mavi Vatan, T\u00fcrkiye ve T\u00fcrk Devletleri Te\u015fkilat\u0131 ile ili\u015fkiler konusunda bilgiler verdi. Cumhurba\u015fkan\u0131 Tatar ay\u0131ca, [&hellip;]","og_url":"https:\/\/kuzeyinsesi.org\/index.php\/2024\/05\/02\/cumhurbaskani-tatar-girne-19-mayis-tmkyi-ziyaret-etti\/","og_site_name":"Kuzeyin Sesi","article_publisher":"https:\/\/www.facebook.com\/kuzeyinsesii","article_published_time":"2024-05-02T12:11:51+00:00","og_image":[{"width":2560,"height":1796,"url":"https:\/\/kuzeyinsesi.org\/wp-content\/uploads\/2024\/05\/tatar-19-mayis-tmk1-scaled.jpg","type":"image\/jpeg"}],"author":"Kuzeyin Sesi","twitter_card":"summary_large_image","twitter_creator":"@kuzeyinsesii","twitter_site":"@kuzeyinsesii","twitter_misc":{"Yazan:":"Kuzeyin Sesi","Tahmini okuma s\u00fcresi":"1 dakika"},"schema":{"@context":"https:\/\/schema.org","@graph":[{"@type":"Article","@id":"https:\/\/kuzeyinsesi.org\/index.php\/2024\/05\/02\/cumhurbaskani-tatar-girne-19-mayis-tmkyi-ziyaret-etti\/#article","isPartOf":{"@id":"https:\/\/kuzeyinsesi.org\/index.php\/2024\/05\/02\/cumhurbaskani-tatar-girne-19-mayis-tmkyi-ziyaret-etti\/"},"author":{"name":"Kuzeyin Sesi","@id":"https:\/\/kuzeyinsesi.org\/#\/schema\/person\/9f859689cdf01485597712386e37f5aa"},"headline":"Cumhurba\u015fkan\u0131 Tatar, Girne 19 May\u0131s TMK\u2019y\u0131 ziyaret etti","datePublished":"2024-05-02T12:11:51+00:00","mainEntityOfPage":{"@id":"https:\/\/kuzeyinsesi.org\/index.php\/2024\/05\/02\/cumhurbaskani-tatar-girne-19-mayis-tmkyi-ziyaret-etti\/"},"wordCount":127,"commentCount":0,"image":{"@id":"https:\/\/kuzeyinsesi.org\/index.php\/2024\/05\/02\/cumhurbaskani-tatar-girne-19-mayis-tmkyi-ziyaret-etti\/#primaryimage"},"thumbnailUrl":"https:\/\/kuzeyinsesi.org\/wp-content\/uploads\/2024\/05\/tatar-19-mayis-tmk1-scaled.jpg","articleSection":["K\u0131br\u0131s"],"inLanguage":"tr","potentialAction":[{"@type":"CommentAction","name":"Comment","target":["https:\/\/kuzeyinsesi.org\/index.php\/2024\/05\/02\/cumhurbaskani-tatar-girne-19-mayis-tmkyi-ziyaret-etti\/#respond"]}]},{"@type":"WebPage","@id":"https:\/\/kuzeyinsesi.org\/index.php\/2024\/05\/02\/cumhurbaskani-tatar-girne-19-mayis-tmkyi-ziyaret-etti\/","url":"https:\/\/kuzeyinsesi.org\/index.php\/2024\/05\/02\/cumhurbaskani-tatar-girne-19-mayis-tmkyi-ziyaret-etti\/","name":"Cumhurba\u015fkan\u0131 Tatar, Girne 19 May\u0131s TMK\u2019y\u0131 ziyaret etti - Kuzeyin Sesi","isPartOf":{"@id":"https:\/\/kuzeyinsesi.org\/#website"},"primaryImageOfPage":{"@id":"https:\/\/kuzeyinsesi.org\/index.php\/2024\/05\/02\/cumhurbaskani-tatar-girne-19-mayis-tmkyi-ziyaret-etti\/#primaryimage"},"image":{"@id":"https:\/\/kuzeyinsesi.org\/index.php\/2024\/05\/02\/cumhurbaskani-tatar-girne-19-mayis-tmkyi-ziyaret-etti\/#primaryimage"},"thumbnailUrl":"https:\/\/kuzeyinsesi.org\/wp-content\/uploads\/2024\/05\/tatar-19-mayis-tmk1-scaled.jpg","datePublished":"2024-05-02T12:11:51+00:00","author":{"@id":"https:\/\/kuzeyinsesi.org\/#\/schema\/person\/9f859689cdf01485597712386e37f5aa"},"breadcrumb":{"@id":"https:\/\/kuzeyinsesi.org\/index.php\/2024\/05\/02\/cumhurbaskani-tatar-girne-19-mayis-tmkyi-ziyaret-etti\/#breadcrumb"},"inLanguage":"tr","potentialAction":[{"@type":"ReadAction","target":["https:\/\/kuzeyinsesi.org\/index.php\/2024\/05\/02\/cumhurbaskani-tatar-girne-19-mayis-tmkyi-ziyaret-etti\/"]}]},{"@type":"ImageObject","inLanguage":"tr","@id":"https:\/\/kuzeyinsesi.org\/index.php\/2024\/05\/02\/cumhurbaskani-tatar-girne-19-mayis-tmkyi-ziyaret-etti\/#primaryimage","url":"https:\/\/kuzeyinsesi.org\/wp-content\/uploads\/2024\/05\/tatar-19-mayis-tmk1-scaled.jpg","contentUrl":"https:\/\/kuzeyinsesi.org\/wp-content\/uploads\/2024\/05\/tatar-19-mayis-tmk1-scaled.jpg","width":2560,"height":1796},{"@type":"BreadcrumbList","@id":"https:\/\/kuzeyinsesi.org\/index.php\/2024\/05\/02\/cumhurbaskani-tatar-girne-19-mayis-tmkyi-ziyaret-etti\/#breadcrumb","itemListElement":[{"@type":"ListItem","position":1,"name":"Anasayfa","item":"https:\/\/kuzeyinsesi.org\/"},{"@type":"ListItem","position":2,"name":"Cumhurba\u015fkan\u0131 Tatar, Girne 19 May\u0131s TMK\u2019y\u0131 ziyaret etti"}]},{"@type":"WebSite","@id":"https:\/\/kuzeyinsesi.org\/#website","url":"https:\/\/kuzeyinsesi.org\/","name":"Kuzeyin Sesi","description":"Do\u011fru Haberin Adresi","potentialAction":[{"@type":"SearchAction","target":{"@type":"EntryPoint","urlTemplate":"https:\/\/kuzeyinsesi.org\/?s={search_term_string}"},"query-input":{"@type":"PropertyValueSpecification","valueRequired":true,"valueName":"search_term_string"}}],"inLanguage":"tr"},{"@type":"Person","@id":"https:\/\/kuzeyinsesi.org\/#\/schema\/person\/9f859689cdf01485597712386e37f5aa","name":"Kuzeyin Sesi","image":{"@type":"ImageObject","inLanguage":"tr","@id":"https:\/\/secure.gravatar.com\/avatar\/bab33852abfd8b282518d6ed81826833d77c3c882d9ab608add591ccace47a44?s=96&d=mm&r=g","url":"https:\/\/secure.gravatar.com\/avatar\/bab33852abfd8b282518d6ed81826833d77c3c882d9ab608add591ccace47a44?s=96&d=mm&r=g","contentUrl":"https:\/\/secure.gravatar.com\/avatar\/bab33852abfd8b282518d6ed81826833d77c3c882d9ab608add591ccace47a44?s=96&d=mm&r=g","caption":"Kuzeyin Sesi"},"sameAs":["https:\/\/kuzeyinsesi.org"],"url":"https:\/\/kuzeyinsesi.org\/index.php\/author\/guven\/"}]}},"_links":{"self":[{"href":"https:\/\/kuzeyinsesi.org\/index.php\/wp-json\/wp\/v2\/posts\/1222","targetHints":{"allow":["GET"]}}],"collection":[{"href":"https:\/\/kuzeyinsesi.org\/index.php\/wp-json\/wp\/v2\/posts"}],"about":[{"href":"https:\/\/kuzeyinsesi.org\/index.php\/wp-json\/wp\/v2\/types\/post"}],"author":[{"embeddable":true,"href":"https:\/\/kuzeyinsesi.org\/index.php\/wp-json\/wp\/v2\/users\/1"}],"replies":[{"embeddable":true,"href":"https:\/\/kuzeyinsesi.org\/index.php\/wp-json\/wp\/v2\/comments?post=1222"}],"version-history":[{"count":0,"href":"https:\/\/kuzeyinsesi.org\/index.php\/wp-json\/wp\/v2\/posts\/1222\/revisions"}],"wp:featuredmedia":[{"embeddable":true,"href":"https:\/\/kuzeyinsesi.org\/index.php\/wp-json\/wp\/v2\/media\/1223"}],"wp:attachment":[{"href":"https:\/\/kuzeyinsesi.org\/index.php\/wp-json\/wp\/v2\/media?parent=1222"}],"wp:term":[{"taxonomy":"category","embeddable":true,"href":"https:\/\/kuzeyinsesi.org\/index.php\/wp-json\/wp\/v2\/categories?post=1222"},{"taxonomy":"post_tag","embeddable":true,"href":"https:\/\/kuzeyinsesi.org\/index.php\/wp-json\/wp\/v2\/tags?post=1222"}],"curies":[{"name":"wp","href":"https:\/\/api.w.org\/{rel}","templated":true}]}}