{"id":12216,"date":"2024-10-24T16:49:30","date_gmt":"2024-10-24T13:49:30","guid":{"rendered":"https:\/\/kuzeyinsesi.org\/index.php\/2024\/10\/24\/geek-fest-kyrenia-26-27-ekimde-yapilacak\/"},"modified":"2024-10-24T16:49:30","modified_gmt":"2024-10-24T13:49:30","slug":"geek-fest-kyrenia-26-27-ekimde-yapilacak","status":"publish","type":"post","link":"https:\/\/kuzeyinsesi.org\/index.php\/2024\/10\/24\/geek-fest-kyrenia-26-27-ekimde-yapilacak\/","title":{"rendered":"Geek Fest Kyrenia 26-27 Ekim\u2019de yap\u0131lacak"},"content":{"rendered":"<div>\n<div class=\"mariselle-image-container center\">\n                                            <\/div>\n<p>Geek Fest Kyrenia, 26-27 Ekim  tarihlerinde yap\u0131l\u0131yor.<\/p>\n<p>Oyun, anime ve cosplay merakl\u0131lar\u0131n\u0131 bir araya getirecek olan Geek Fest Kyrenia, 2 g\u00fcn boyunca 12:00-18:00 saatleri aras\u0131nda Lord\u2019s Palace Hotel\u2019de yer alacak.<\/p>\n<p>G\u00fcn\u00fcm\u00fcz d\u00fcnyas\u0131ndan bir \u00e7ok pop\u00fcler k\u00fclt\u00fcre ait yeni deneyimlerin sunulaca\u011f\u0131 Geek Fest Kyrenia etkinli\u011fine giri\u015f \u00fccretsiz olacak.<\/p>\n<p>Yurtd\u0131\u015f\u0131ndan gelecek yirmiden fazla birbirinden renkli ve ilgin\u00e7, oyun, anime, film ve dizi karakterlerine can verecek cosplay oyuncular\u0131n\u0131n da kat\u0131laca\u011f\u0131 etkinlikte, kat\u0131l\u0131mc\u0131lar sahne \u015fovlar\u0131n\u0131 izlemek yan\u0131nda,cosplay oyuncular\u0131yla  birlikte e\u011flenebilecek.<\/p>\n<p>Etkinlik bu y\u0131l, T\u00fcrkiye\u2019den Murat Soner Youtube kanal\u0131n\u0131n tan\u0131nm\u0131\u015f ismi Murat Soner ve Legendarium T\u00fcrkiye Youtube kanal\u0131n\u0131 temsilen Zafer G\u00fcle\u00e7 ve Cem \u00d6zdemir\u2019in  s\u00f6yle\u015filerine de ev sahipli\u011fi yapacak.<\/p>\n<\/p><\/div>\n<p><script async\n                    defer\n                    crossorigin=\"anonymous\"\n                    src=\"https:\/\/connect.facebook.net\/tr_TR\/sdk.js#xfbml=1&#038;version=v3.3\"\n            ><\/script><\/p>\n","protected":false},"excerpt":{"rendered":"<p>Geek Fest Kyrenia, 26-27 Ekim tarihlerinde yap\u0131l\u0131yor. Oyun, anime ve cosplay merakl\u0131lar\u0131n\u0131 bir araya getirecek olan Geek Fest Kyrenia, 2 g\u00fcn boyunca 12:00-18:00 saatleri aras\u0131nda Lord\u2019s Palace Hotel\u2019de yer alacak. G\u00fcn\u00fcm\u00fcz d\u00fcnyas\u0131ndan bir \u00e7ok pop\u00fcler k\u00fclt\u00fcre ait yeni deneyimlerin sunulaca\u011f\u0131 Geek Fest Kyrenia etkinli\u011fine giri\u015f \u00fccretsiz olacak. Yurtd\u0131\u015f\u0131ndan gelecek yirmiden fazla birbirinden renkli ve ilgin\u00e7, [&hellip;]<\/p>\n","protected":false},"author":1,"featured_media":12217,"comment_status":"open","ping_status":"open","sticky":false,"template":"","format":"standard","meta":{"jnews-multi-image_gallery":[],"jnews_single_post":[],"jnews_primary_category":[],"jnews_social_meta":[],"jnews_override_counter":[],"footnotes":""},"categories":[6],"tags":[],"class_list":["post-12216","post","type-post","status-publish","format-standard","has-post-thumbnail","hentry","category-yasam"],"yoast_head":"<!-- This site is optimized with the Yoast SEO plugin v27.4 - https:\/\/yoast.com\/product\/yoast-seo-wordpress\/ -->\n<title>Geek Fest Kyrenia 26-27 Ekim\u2019de yap\u0131lacak - Kuzeyin Sesi<\/title>\n<meta name=\"robots\" content=\"index, follow, max-snippet:-1, max-image-preview:large, max-video-preview:-1\" \/>\n<link rel=\"canonical\" href=\"https:\/\/kuzeyinsesi.org\/index.php\/2024\/10\/24\/geek-fest-kyrenia-26-27-ekimde-yapilacak\/\" \/>\n<meta property=\"og:locale\" content=\"tr_TR\" \/>\n<meta property=\"og:type\" content=\"article\" \/>\n<meta property=\"og:title\" content=\"Geek Fest Kyrenia 26-27 Ekim\u2019de yap\u0131lacak - Kuzeyin Sesi\" \/>\n<meta property=\"og:description\" content=\"Geek Fest Kyrenia, 26-27 Ekim tarihlerinde yap\u0131l\u0131yor. Oyun, anime ve cosplay merakl\u0131lar\u0131n\u0131 bir araya getirecek olan Geek Fest Kyrenia, 2 g\u00fcn boyunca 12:00-18:00 saatleri aras\u0131nda Lord\u2019s Palace Hotel\u2019de yer alacak. G\u00fcn\u00fcm\u00fcz d\u00fcnyas\u0131ndan bir \u00e7ok pop\u00fcler k\u00fclt\u00fcre ait yeni deneyimlerin sunulaca\u011f\u0131 Geek Fest Kyrenia etkinli\u011fine giri\u015f \u00fccretsiz olacak. Yurtd\u0131\u015f\u0131ndan gelecek yirmiden fazla birbirinden renkli ve ilgin\u00e7, [&hellip;]\" \/>\n<meta property=\"og:url\" content=\"https:\/\/kuzeyinsesi.org\/index.php\/2024\/10\/24\/geek-fest-kyrenia-26-27-ekimde-yapilacak\/\" \/>\n<meta property=\"og:site_name\" content=\"Kuzeyin Sesi\" \/>\n<meta property=\"article:publisher\" content=\"https:\/\/www.facebook.com\/kuzeyinsesii\" \/>\n<meta property=\"article:published_time\" content=\"2024-10-24T13:49:30+00:00\" \/>\n<meta property=\"og:image\" content=\"https:\/\/brtk.net\/wp-content\/uploads\/2024\/10\/24\/GEEK.jpg?ver=c34176e54c25b8d542310ec99588d9a7\" \/>\n<meta name=\"author\" content=\"Kuzeyin Sesi\" \/>\n<meta name=\"twitter:card\" content=\"summary_large_image\" \/>\n<meta name=\"twitter:creator\" content=\"@kuzeyinsesii\" \/>\n<meta name=\"twitter:site\" content=\"@kuzeyinsesii\" \/>\n<meta name=\"twitter:label1\" content=\"Yazan:\" \/>\n\t<meta name=\"twitter:data1\" content=\"Kuzeyin Sesi\" \/>\n\t<meta name=\"twitter:label2\" content=\"Tahmini okuma s\u00fcresi\" \/>\n\t<meta name=\"twitter:data2\" content=\"1 dakika\" \/>\n<script type=\"application\/ld+json\" class=\"yoast-schema-graph\">{\"@context\":\"https:\\\/\\\/schema.org\",\"@graph\":[{\"@type\":\"Article\",\"@id\":\"https:\\\/\\\/kuzeyinsesi.org\\\/index.php\\\/2024\\\/10\\\/24\\\/geek-fest-kyrenia-26-27-ekimde-yapilacak\\\/#article\",\"isPartOf\":{\"@id\":\"https:\\\/\\\/kuzeyinsesi.org\\\/index.php\\\/2024\\\/10\\\/24\\\/geek-fest-kyrenia-26-27-ekimde-yapilacak\\\/\"},\"author\":{\"name\":\"Kuzeyin Sesi\",\"@id\":\"https:\\\/\\\/kuzeyinsesi.org\\\/#\\\/schema\\\/person\\\/9f859689cdf01485597712386e37f5aa\"},\"headline\":\"Geek Fest Kyrenia 26-27 Ekim\u2019de yap\u0131lacak\",\"datePublished\":\"2024-10-24T13:49:30+00:00\",\"mainEntityOfPage\":{\"@id\":\"https:\\\/\\\/kuzeyinsesi.org\\\/index.php\\\/2024\\\/10\\\/24\\\/geek-fest-kyrenia-26-27-ekimde-yapilacak\\\/\"},\"wordCount\":153,\"commentCount\":0,\"image\":{\"@id\":\"https:\\\/\\\/kuzeyinsesi.org\\\/index.php\\\/2024\\\/10\\\/24\\\/geek-fest-kyrenia-26-27-ekimde-yapilacak\\\/#primaryimage\"},\"thumbnailUrl\":\"https:\\\/\\\/kuzeyinsesi.org\\\/wp-content\\\/uploads\\\/2024\\\/10\\\/GEEK.jpg\",\"articleSection\":[\"Ya\u015fam\"],\"inLanguage\":\"tr\",\"potentialAction\":[{\"@type\":\"CommentAction\",\"name\":\"Comment\",\"target\":[\"https:\\\/\\\/kuzeyinsesi.org\\\/index.php\\\/2024\\\/10\\\/24\\\/geek-fest-kyrenia-26-27-ekimde-yapilacak\\\/#respond\"]}]},{\"@type\":\"WebPage\",\"@id\":\"https:\\\/\\\/kuzeyinsesi.org\\\/index.php\\\/2024\\\/10\\\/24\\\/geek-fest-kyrenia-26-27-ekimde-yapilacak\\\/\",\"url\":\"https:\\\/\\\/kuzeyinsesi.org\\\/index.php\\\/2024\\\/10\\\/24\\\/geek-fest-kyrenia-26-27-ekimde-yapilacak\\\/\",\"name\":\"Geek Fest Kyrenia 26-27 Ekim\u2019de yap\u0131lacak - Kuzeyin Sesi\",\"isPartOf\":{\"@id\":\"https:\\\/\\\/kuzeyinsesi.org\\\/#website\"},\"primaryImageOfPage\":{\"@id\":\"https:\\\/\\\/kuzeyinsesi.org\\\/index.php\\\/2024\\\/10\\\/24\\\/geek-fest-kyrenia-26-27-ekimde-yapilacak\\\/#primaryimage\"},\"image\":{\"@id\":\"https:\\\/\\\/kuzeyinsesi.org\\\/index.php\\\/2024\\\/10\\\/24\\\/geek-fest-kyrenia-26-27-ekimde-yapilacak\\\/#primaryimage\"},\"thumbnailUrl\":\"https:\\\/\\\/kuzeyinsesi.org\\\/wp-content\\\/uploads\\\/2024\\\/10\\\/GEEK.jpg\",\"datePublished\":\"2024-10-24T13:49:30+00:00\",\"author\":{\"@id\":\"https:\\\/\\\/kuzeyinsesi.org\\\/#\\\/schema\\\/person\\\/9f859689cdf01485597712386e37f5aa\"},\"breadcrumb\":{\"@id\":\"https:\\\/\\\/kuzeyinsesi.org\\\/index.php\\\/2024\\\/10\\\/24\\\/geek-fest-kyrenia-26-27-ekimde-yapilacak\\\/#breadcrumb\"},\"inLanguage\":\"tr\",\"potentialAction\":[{\"@type\":\"ReadAction\",\"target\":[\"https:\\\/\\\/kuzeyinsesi.org\\\/index.php\\\/2024\\\/10\\\/24\\\/geek-fest-kyrenia-26-27-ekimde-yapilacak\\\/\"]}]},{\"@type\":\"ImageObject\",\"inLanguage\":\"tr\",\"@id\":\"https:\\\/\\\/kuzeyinsesi.org\\\/index.php\\\/2024\\\/10\\\/24\\\/geek-fest-kyrenia-26-27-ekimde-yapilacak\\\/#primaryimage\",\"url\":\"https:\\\/\\\/kuzeyinsesi.org\\\/wp-content\\\/uploads\\\/2024\\\/10\\\/GEEK.jpg\",\"contentUrl\":\"https:\\\/\\\/kuzeyinsesi.org\\\/wp-content\\\/uploads\\\/2024\\\/10\\\/GEEK.jpg\",\"width\":966,\"height\":370},{\"@type\":\"BreadcrumbList\",\"@id\":\"https:\\\/\\\/kuzeyinsesi.org\\\/index.php\\\/2024\\\/10\\\/24\\\/geek-fest-kyrenia-26-27-ekimde-yapilacak\\\/#breadcrumb\",\"itemListElement\":[{\"@type\":\"ListItem\",\"position\":1,\"name\":\"Anasayfa\",\"item\":\"https:\\\/\\\/kuzeyinsesi.org\\\/\"},{\"@type\":\"ListItem\",\"position\":2,\"name\":\"Geek Fest Kyrenia 26-27 Ekim\u2019de yap\u0131lacak\"}]},{\"@type\":\"WebSite\",\"@id\":\"https:\\\/\\\/kuzeyinsesi.org\\\/#website\",\"url\":\"https:\\\/\\\/kuzeyinsesi.org\\\/\",\"name\":\"Kuzeyin Sesi\",\"description\":\"Do\u011fru Haberin Adresi\",\"potentialAction\":[{\"@type\":\"SearchAction\",\"target\":{\"@type\":\"EntryPoint\",\"urlTemplate\":\"https:\\\/\\\/kuzeyinsesi.org\\\/?s={search_term_string}\"},\"query-input\":{\"@type\":\"PropertyValueSpecification\",\"valueRequired\":true,\"valueName\":\"search_term_string\"}}],\"inLanguage\":\"tr\"},{\"@type\":\"Person\",\"@id\":\"https:\\\/\\\/kuzeyinsesi.org\\\/#\\\/schema\\\/person\\\/9f859689cdf01485597712386e37f5aa\",\"name\":\"Kuzeyin Sesi\",\"image\":{\"@type\":\"ImageObject\",\"inLanguage\":\"tr\",\"@id\":\"https:\\\/\\\/secure.gravatar.com\\\/avatar\\\/bab33852abfd8b282518d6ed81826833d77c3c882d9ab608add591ccace47a44?s=96&d=mm&r=g\",\"url\":\"https:\\\/\\\/secure.gravatar.com\\\/avatar\\\/bab33852abfd8b282518d6ed81826833d77c3c882d9ab608add591ccace47a44?s=96&d=mm&r=g\",\"contentUrl\":\"https:\\\/\\\/secure.gravatar.com\\\/avatar\\\/bab33852abfd8b282518d6ed81826833d77c3c882d9ab608add591ccace47a44?s=96&d=mm&r=g\",\"caption\":\"Kuzeyin Sesi\"},\"sameAs\":[\"https:\\\/\\\/kuzeyinsesi.org\"],\"url\":\"https:\\\/\\\/kuzeyinsesi.org\\\/index.php\\\/author\\\/guven\\\/\"}]}<\/script>\n<!-- \/ Yoast SEO plugin. -->","yoast_head_json":{"title":"Geek Fest Kyrenia 26-27 Ekim\u2019de yap\u0131lacak - Kuzeyin Sesi","robots":{"index":"index","follow":"follow","max-snippet":"max-snippet:-1","max-image-preview":"max-image-preview:large","max-video-preview":"max-video-preview:-1"},"canonical":"https:\/\/kuzeyinsesi.org\/index.php\/2024\/10\/24\/geek-fest-kyrenia-26-27-ekimde-yapilacak\/","og_locale":"tr_TR","og_type":"article","og_title":"Geek Fest Kyrenia 26-27 Ekim\u2019de yap\u0131lacak - Kuzeyin Sesi","og_description":"Geek Fest Kyrenia, 26-27 Ekim tarihlerinde yap\u0131l\u0131yor. Oyun, anime ve cosplay merakl\u0131lar\u0131n\u0131 bir araya getirecek olan Geek Fest Kyrenia, 2 g\u00fcn boyunca 12:00-18:00 saatleri aras\u0131nda Lord\u2019s Palace Hotel\u2019de yer alacak. G\u00fcn\u00fcm\u00fcz d\u00fcnyas\u0131ndan bir \u00e7ok pop\u00fcler k\u00fclt\u00fcre ait yeni deneyimlerin sunulaca\u011f\u0131 Geek Fest Kyrenia etkinli\u011fine giri\u015f \u00fccretsiz olacak. Yurtd\u0131\u015f\u0131ndan gelecek yirmiden fazla birbirinden renkli ve ilgin\u00e7, [&hellip;]","og_url":"https:\/\/kuzeyinsesi.org\/index.php\/2024\/10\/24\/geek-fest-kyrenia-26-27-ekimde-yapilacak\/","og_site_name":"Kuzeyin Sesi","article_publisher":"https:\/\/www.facebook.com\/kuzeyinsesii","article_published_time":"2024-10-24T13:49:30+00:00","og_image":[{"url":"https:\/\/brtk.net\/wp-content\/uploads\/2024\/10\/24\/GEEK.jpg?ver=c34176e54c25b8d542310ec99588d9a7","type":"","width":"","height":""}],"author":"Kuzeyin Sesi","twitter_card":"summary_large_image","twitter_creator":"@kuzeyinsesii","twitter_site":"@kuzeyinsesii","twitter_misc":{"Yazan:":"Kuzeyin Sesi","Tahmini okuma s\u00fcresi":"1 dakika"},"schema":{"@context":"https:\/\/schema.org","@graph":[{"@type":"Article","@id":"https:\/\/kuzeyinsesi.org\/index.php\/2024\/10\/24\/geek-fest-kyrenia-26-27-ekimde-yapilacak\/#article","isPartOf":{"@id":"https:\/\/kuzeyinsesi.org\/index.php\/2024\/10\/24\/geek-fest-kyrenia-26-27-ekimde-yapilacak\/"},"author":{"name":"Kuzeyin Sesi","@id":"https:\/\/kuzeyinsesi.org\/#\/schema\/person\/9f859689cdf01485597712386e37f5aa"},"headline":"Geek Fest Kyrenia 26-27 Ekim\u2019de yap\u0131lacak","datePublished":"2024-10-24T13:49:30+00:00","mainEntityOfPage":{"@id":"https:\/\/kuzeyinsesi.org\/index.php\/2024\/10\/24\/geek-fest-kyrenia-26-27-ekimde-yapilacak\/"},"wordCount":153,"commentCount":0,"image":{"@id":"https:\/\/kuzeyinsesi.org\/index.php\/2024\/10\/24\/geek-fest-kyrenia-26-27-ekimde-yapilacak\/#primaryimage"},"thumbnailUrl":"https:\/\/kuzeyinsesi.org\/wp-content\/uploads\/2024\/10\/GEEK.jpg","articleSection":["Ya\u015fam"],"inLanguage":"tr","potentialAction":[{"@type":"CommentAction","name":"Comment","target":["https:\/\/kuzeyinsesi.org\/index.php\/2024\/10\/24\/geek-fest-kyrenia-26-27-ekimde-yapilacak\/#respond"]}]},{"@type":"WebPage","@id":"https:\/\/kuzeyinsesi.org\/index.php\/2024\/10\/24\/geek-fest-kyrenia-26-27-ekimde-yapilacak\/","url":"https:\/\/kuzeyinsesi.org\/index.php\/2024\/10\/24\/geek-fest-kyrenia-26-27-ekimde-yapilacak\/","name":"Geek Fest Kyrenia 26-27 Ekim\u2019de yap\u0131lacak - Kuzeyin Sesi","isPartOf":{"@id":"https:\/\/kuzeyinsesi.org\/#website"},"primaryImageOfPage":{"@id":"https:\/\/kuzeyinsesi.org\/index.php\/2024\/10\/24\/geek-fest-kyrenia-26-27-ekimde-yapilacak\/#primaryimage"},"image":{"@id":"https:\/\/kuzeyinsesi.org\/index.php\/2024\/10\/24\/geek-fest-kyrenia-26-27-ekimde-yapilacak\/#primaryimage"},"thumbnailUrl":"https:\/\/kuzeyinsesi.org\/wp-content\/uploads\/2024\/10\/GEEK.jpg","datePublished":"2024-10-24T13:49:30+00:00","author":{"@id":"https:\/\/kuzeyinsesi.org\/#\/schema\/person\/9f859689cdf01485597712386e37f5aa"},"breadcrumb":{"@id":"https:\/\/kuzeyinsesi.org\/index.php\/2024\/10\/24\/geek-fest-kyrenia-26-27-ekimde-yapilacak\/#breadcrumb"},"inLanguage":"tr","potentialAction":[{"@type":"ReadAction","target":["https:\/\/kuzeyinsesi.org\/index.php\/2024\/10\/24\/geek-fest-kyrenia-26-27-ekimde-yapilacak\/"]}]},{"@type":"ImageObject","inLanguage":"tr","@id":"https:\/\/kuzeyinsesi.org\/index.php\/2024\/10\/24\/geek-fest-kyrenia-26-27-ekimde-yapilacak\/#primaryimage","url":"https:\/\/kuzeyinsesi.org\/wp-content\/uploads\/2024\/10\/GEEK.jpg","contentUrl":"https:\/\/kuzeyinsesi.org\/wp-content\/uploads\/2024\/10\/GEEK.jpg","width":966,"height":370},{"@type":"BreadcrumbList","@id":"https:\/\/kuzeyinsesi.org\/index.php\/2024\/10\/24\/geek-fest-kyrenia-26-27-ekimde-yapilacak\/#breadcrumb","itemListElement":[{"@type":"ListItem","position":1,"name":"Anasayfa","item":"https:\/\/kuzeyinsesi.org\/"},{"@type":"ListItem","position":2,"name":"Geek Fest Kyrenia 26-27 Ekim\u2019de yap\u0131lacak"}]},{"@type":"WebSite","@id":"https:\/\/kuzeyinsesi.org\/#website","url":"https:\/\/kuzeyinsesi.org\/","name":"Kuzeyin Sesi","description":"Do\u011fru Haberin Adresi","potentialAction":[{"@type":"SearchAction","target":{"@type":"EntryPoint","urlTemplate":"https:\/\/kuzeyinsesi.org\/?s={search_term_string}"},"query-input":{"@type":"PropertyValueSpecification","valueRequired":true,"valueName":"search_term_string"}}],"inLanguage":"tr"},{"@type":"Person","@id":"https:\/\/kuzeyinsesi.org\/#\/schema\/person\/9f859689cdf01485597712386e37f5aa","name":"Kuzeyin Sesi","image":{"@type":"ImageObject","inLanguage":"tr","@id":"https:\/\/secure.gravatar.com\/avatar\/bab33852abfd8b282518d6ed81826833d77c3c882d9ab608add591ccace47a44?s=96&d=mm&r=g","url":"https:\/\/secure.gravatar.com\/avatar\/bab33852abfd8b282518d6ed81826833d77c3c882d9ab608add591ccace47a44?s=96&d=mm&r=g","contentUrl":"https:\/\/secure.gravatar.com\/avatar\/bab33852abfd8b282518d6ed81826833d77c3c882d9ab608add591ccace47a44?s=96&d=mm&r=g","caption":"Kuzeyin Sesi"},"sameAs":["https:\/\/kuzeyinsesi.org"],"url":"https:\/\/kuzeyinsesi.org\/index.php\/author\/guven\/"}]}},"_links":{"self":[{"href":"https:\/\/kuzeyinsesi.org\/index.php\/wp-json\/wp\/v2\/posts\/12216","targetHints":{"allow":["GET"]}}],"collection":[{"href":"https:\/\/kuzeyinsesi.org\/index.php\/wp-json\/wp\/v2\/posts"}],"about":[{"href":"https:\/\/kuzeyinsesi.org\/index.php\/wp-json\/wp\/v2\/types\/post"}],"author":[{"embeddable":true,"href":"https:\/\/kuzeyinsesi.org\/index.php\/wp-json\/wp\/v2\/users\/1"}],"replies":[{"embeddable":true,"href":"https:\/\/kuzeyinsesi.org\/index.php\/wp-json\/wp\/v2\/comments?post=12216"}],"version-history":[{"count":0,"href":"https:\/\/kuzeyinsesi.org\/index.php\/wp-json\/wp\/v2\/posts\/12216\/revisions"}],"wp:featuredmedia":[{"embeddable":true,"href":"https:\/\/kuzeyinsesi.org\/index.php\/wp-json\/wp\/v2\/media\/12217"}],"wp:attachment":[{"href":"https:\/\/kuzeyinsesi.org\/index.php\/wp-json\/wp\/v2\/media?parent=12216"}],"wp:term":[{"taxonomy":"category","embeddable":true,"href":"https:\/\/kuzeyinsesi.org\/index.php\/wp-json\/wp\/v2\/categories?post=12216"},{"taxonomy":"post_tag","embeddable":true,"href":"https:\/\/kuzeyinsesi.org\/index.php\/wp-json\/wp\/v2\/tags?post=12216"}],"curies":[{"name":"wp","href":"https:\/\/api.w.org\/{rel}","templated":true}]}}