{"id":12184,"date":"2024-10-24T10:33:50","date_gmt":"2024-10-24T07:33:50","guid":{"rendered":"https:\/\/kuzeyinsesi.org\/index.php\/2024\/10\/24\/magusa-kitap-ve-uretim-festivali-bu-aksam-basliyor\/"},"modified":"2024-10-24T10:33:50","modified_gmt":"2024-10-24T07:33:50","slug":"magusa-kitap-ve-uretim-festivali-bu-aksam-basliyor","status":"publish","type":"post","link":"https:\/\/kuzeyinsesi.org\/index.php\/2024\/10\/24\/magusa-kitap-ve-uretim-festivali-bu-aksam-basliyor\/","title":{"rendered":"\u201cMa\u011fusa Kitap ve \u00dcretim Festivali\u201d bu ak\u015fam ba\u015fl\u0131yor"},"content":{"rendered":"<div>\n<div class=\"mariselle-image-container center\">\n                                            <\/div>\n<p>Gazima\u011fusa Belediyesi ile K\u0131br\u0131s T\u00fcrk Esnaf ve Zanaatk\u00e2rlar Odas\u0131 i\u015fbirli\u011finde, I\u015f\u0131k Kitabevi, K\u0131br\u0131s T\u00fcrk Sanat\u00e7\u0131 ve Yazarlar Birli\u011fi ve K\u0131br\u0131s T\u00fcrk Karikat\u00fcrc\u00fcler Derne\u011fi\u2019nin destekledi\u011fi \u201c\u00dcreterek Direnmek\u201d konseptiyle d\u00fczenlenen \u201cMa\u011fusa Kitap ve \u00dcretim Festivali\u201d bu ak\u015fam ba\u015fl\u0131yor.<\/p>\n<p>Gazima\u011fusa Bandabuliya\u2019da yer alacak festival, pazar ak\u015fam\u0131na kadar s\u00fcrecek.<\/p>\n<p>Festivalin a\u00e7\u0131l\u0131\u015f etkinli\u011fi bug\u00fcn saat 18.00\u2019de yap\u0131lacak. Stantlar ise saat 16.00\u2019dan itibaren a\u00e7\u0131k olacak.<\/p>\n<p>Saat 18.00\u2019de Gazima\u011fusa Belediye Ba\u015fkan\u0131 S\u00fcleyman Ulu\u00e7ay ve Esnaf ve Zanaatkarlar Odas\u0131 Genel Koordinat\u00f6r\u00fc H\u00fcrrem Tulga\u2019n\u0131n konu\u015fmalar\u0131yla a\u00e7\u0131lacak Ma\u011fusa Kitap ve \u00dcretim Festivali\u2019nde, karikat\u00fcr sergisi de a\u00e7\u0131lacak. \u0130lk gecede sanat\u00e7\u0131 Umut Albayrak da konser verecek.<\/p>\n<p>Odak noktas\u0131 \u201cK\u0131br\u0131s k\u00fclt\u00fcr\u00fc\u201d olan etkinlikte, \u00fclkedeki yay\u0131nevlerinin ve \u00fcreticilerin stantlar\u0131 yer alacak.<\/p>\n<p>Konser, \u015fiir dinletisi, kitap tan\u0131t\u0131m\u0131, film g\u00f6sterimi ve a\u00e7\u0131koturum gibi etkinliklerin ger\u00e7ekle\u015ftirilece\u011fi ve kurulacak stantlarda tad\u0131ml\u0131k ikramlarla sat\u0131\u015flar\u0131n olaca\u011f\u0131 festivalde indirimli kitap sat\u0131\u015f\u0131 da yap\u0131lacak.<\/p>\n<p>Ma\u011fusa Suri\u00e7i esnaf\u0131 ise festival boyunca indirim \u015fenli\u011fi d\u00fczenleyecek.<\/p>\n<p>Festivalde, \u00fcretim stantlar\u0131 16.00-22.00 saatleri aras\u0131nda, kitapevleri stantlar\u0131 10.00-22.00 saatleri aras\u0131nda a\u00e7\u0131k olacak.<\/p>\n<p>Kitapevi stantlar\u0131nda ayr\u0131ca \u00fclkenin kitap yazarlar\u0131n\u0131n imza g\u00fcn\u00fc etkinli\u011fi de yap\u0131lacak.<\/p>\n<\/p><\/div>\n<p><script async\n                    defer\n                    crossorigin=\"anonymous\"\n                    src=\"https:\/\/connect.facebook.net\/tr_TR\/sdk.js#xfbml=1&#038;version=v3.3\"\n            ><\/script><\/p>\n","protected":false},"excerpt":{"rendered":"<p>Gazima\u011fusa Belediyesi ile K\u0131br\u0131s T\u00fcrk Esnaf ve Zanaatk\u00e2rlar Odas\u0131 i\u015fbirli\u011finde, I\u015f\u0131k Kitabevi, K\u0131br\u0131s T\u00fcrk Sanat\u00e7\u0131 ve Yazarlar Birli\u011fi ve K\u0131br\u0131s T\u00fcrk Karikat\u00fcrc\u00fcler Derne\u011fi\u2019nin destekledi\u011fi \u201c\u00dcreterek Direnmek\u201d konseptiyle d\u00fczenlenen \u201cMa\u011fusa Kitap ve \u00dcretim Festivali\u201d bu ak\u015fam ba\u015fl\u0131yor. Gazima\u011fusa Bandabuliya\u2019da yer alacak festival, pazar ak\u015fam\u0131na kadar s\u00fcrecek. Festivalin a\u00e7\u0131l\u0131\u015f etkinli\u011fi bug\u00fcn saat 18.00\u2019de yap\u0131lacak. Stantlar ise saat [&hellip;]<\/p>\n","protected":false},"author":1,"featured_media":12185,"comment_status":"open","ping_status":"open","sticky":false,"template":"","format":"standard","meta":{"jnews-multi-image_gallery":[],"jnews_single_post":[],"jnews_primary_category":[],"jnews_social_meta":[],"jnews_override_counter":[],"footnotes":""},"categories":[6],"tags":[],"class_list":["post-12184","post","type-post","status-publish","format-standard","has-post-thumbnail","hentry","category-yasam"],"yoast_head":"<!-- This site is optimized with the Yoast SEO plugin v27.4 - https:\/\/yoast.com\/product\/yoast-seo-wordpress\/ -->\n<title>\u201cMa\u011fusa Kitap ve \u00dcretim Festivali\u201d bu ak\u015fam ba\u015fl\u0131yor - Kuzeyin Sesi<\/title>\n<meta name=\"robots\" content=\"index, follow, max-snippet:-1, max-image-preview:large, max-video-preview:-1\" \/>\n<link rel=\"canonical\" href=\"https:\/\/kuzeyinsesi.org\/index.php\/2024\/10\/24\/magusa-kitap-ve-uretim-festivali-bu-aksam-basliyor\/\" \/>\n<meta property=\"og:locale\" content=\"tr_TR\" \/>\n<meta property=\"og:type\" content=\"article\" \/>\n<meta property=\"og:title\" content=\"\u201cMa\u011fusa Kitap ve \u00dcretim Festivali\u201d bu ak\u015fam ba\u015fl\u0131yor - Kuzeyin Sesi\" \/>\n<meta property=\"og:description\" content=\"Gazima\u011fusa Belediyesi ile K\u0131br\u0131s T\u00fcrk Esnaf ve Zanaatk\u00e2rlar Odas\u0131 i\u015fbirli\u011finde, I\u015f\u0131k Kitabevi, K\u0131br\u0131s T\u00fcrk Sanat\u00e7\u0131 ve Yazarlar Birli\u011fi ve K\u0131br\u0131s T\u00fcrk Karikat\u00fcrc\u00fcler Derne\u011fi\u2019nin destekledi\u011fi \u201c\u00dcreterek Direnmek\u201d konseptiyle d\u00fczenlenen \u201cMa\u011fusa Kitap ve \u00dcretim Festivali\u201d bu ak\u015fam ba\u015fl\u0131yor. Gazima\u011fusa Bandabuliya\u2019da yer alacak festival, pazar ak\u015fam\u0131na kadar s\u00fcrecek. Festivalin a\u00e7\u0131l\u0131\u015f etkinli\u011fi bug\u00fcn saat 18.00\u2019de yap\u0131lacak. Stantlar ise saat [&hellip;]\" \/>\n<meta property=\"og:url\" content=\"https:\/\/kuzeyinsesi.org\/index.php\/2024\/10\/24\/magusa-kitap-ve-uretim-festivali-bu-aksam-basliyor\/\" \/>\n<meta property=\"og:site_name\" content=\"Kuzeyin Sesi\" \/>\n<meta property=\"article:publisher\" content=\"https:\/\/www.facebook.com\/kuzeyinsesii\" \/>\n<meta property=\"article:published_time\" content=\"2024-10-24T07:33:50+00:00\" \/>\n<meta property=\"og:image\" content=\"https:\/\/brtk.net\/wp-content\/uploads\/2024\/10\/24\/kitapppppp.jpeg?ver=eec2dc8714969c77330157ab13a30ebe\" \/>\n<meta name=\"author\" content=\"Kuzeyin Sesi\" \/>\n<meta name=\"twitter:card\" content=\"summary_large_image\" \/>\n<meta name=\"twitter:creator\" content=\"@kuzeyinsesii\" \/>\n<meta name=\"twitter:site\" content=\"@kuzeyinsesii\" \/>\n<meta name=\"twitter:label1\" content=\"Yazan:\" \/>\n\t<meta name=\"twitter:data1\" content=\"Kuzeyin Sesi\" \/>\n\t<meta name=\"twitter:label2\" content=\"Tahmini okuma s\u00fcresi\" \/>\n\t<meta name=\"twitter:data2\" content=\"1 dakika\" \/>\n<script type=\"application\/ld+json\" class=\"yoast-schema-graph\">{\"@context\":\"https:\\\/\\\/schema.org\",\"@graph\":[{\"@type\":\"Article\",\"@id\":\"https:\\\/\\\/kuzeyinsesi.org\\\/index.php\\\/2024\\\/10\\\/24\\\/magusa-kitap-ve-uretim-festivali-bu-aksam-basliyor\\\/#article\",\"isPartOf\":{\"@id\":\"https:\\\/\\\/kuzeyinsesi.org\\\/index.php\\\/2024\\\/10\\\/24\\\/magusa-kitap-ve-uretim-festivali-bu-aksam-basliyor\\\/\"},\"author\":{\"name\":\"Kuzeyin Sesi\",\"@id\":\"https:\\\/\\\/kuzeyinsesi.org\\\/#\\\/schema\\\/person\\\/9f859689cdf01485597712386e37f5aa\"},\"headline\":\"\u201cMa\u011fusa Kitap ve \u00dcretim Festivali\u201d bu ak\u015fam ba\u015fl\u0131yor\",\"datePublished\":\"2024-10-24T07:33:50+00:00\",\"mainEntityOfPage\":{\"@id\":\"https:\\\/\\\/kuzeyinsesi.org\\\/index.php\\\/2024\\\/10\\\/24\\\/magusa-kitap-ve-uretim-festivali-bu-aksam-basliyor\\\/\"},\"wordCount\":258,\"commentCount\":0,\"image\":{\"@id\":\"https:\\\/\\\/kuzeyinsesi.org\\\/index.php\\\/2024\\\/10\\\/24\\\/magusa-kitap-ve-uretim-festivali-bu-aksam-basliyor\\\/#primaryimage\"},\"thumbnailUrl\":\"https:\\\/\\\/kuzeyinsesi.org\\\/wp-content\\\/uploads\\\/2024\\\/10\\\/kitapppppp.jpeg\",\"articleSection\":[\"Ya\u015fam\"],\"inLanguage\":\"tr\",\"potentialAction\":[{\"@type\":\"CommentAction\",\"name\":\"Comment\",\"target\":[\"https:\\\/\\\/kuzeyinsesi.org\\\/index.php\\\/2024\\\/10\\\/24\\\/magusa-kitap-ve-uretim-festivali-bu-aksam-basliyor\\\/#respond\"]}]},{\"@type\":\"WebPage\",\"@id\":\"https:\\\/\\\/kuzeyinsesi.org\\\/index.php\\\/2024\\\/10\\\/24\\\/magusa-kitap-ve-uretim-festivali-bu-aksam-basliyor\\\/\",\"url\":\"https:\\\/\\\/kuzeyinsesi.org\\\/index.php\\\/2024\\\/10\\\/24\\\/magusa-kitap-ve-uretim-festivali-bu-aksam-basliyor\\\/\",\"name\":\"\u201cMa\u011fusa Kitap ve \u00dcretim Festivali\u201d bu ak\u015fam ba\u015fl\u0131yor - Kuzeyin Sesi\",\"isPartOf\":{\"@id\":\"https:\\\/\\\/kuzeyinsesi.org\\\/#website\"},\"primaryImageOfPage\":{\"@id\":\"https:\\\/\\\/kuzeyinsesi.org\\\/index.php\\\/2024\\\/10\\\/24\\\/magusa-kitap-ve-uretim-festivali-bu-aksam-basliyor\\\/#primaryimage\"},\"image\":{\"@id\":\"https:\\\/\\\/kuzeyinsesi.org\\\/index.php\\\/2024\\\/10\\\/24\\\/magusa-kitap-ve-uretim-festivali-bu-aksam-basliyor\\\/#primaryimage\"},\"thumbnailUrl\":\"https:\\\/\\\/kuzeyinsesi.org\\\/wp-content\\\/uploads\\\/2024\\\/10\\\/kitapppppp.jpeg\",\"datePublished\":\"2024-10-24T07:33:50+00:00\",\"author\":{\"@id\":\"https:\\\/\\\/kuzeyinsesi.org\\\/#\\\/schema\\\/person\\\/9f859689cdf01485597712386e37f5aa\"},\"breadcrumb\":{\"@id\":\"https:\\\/\\\/kuzeyinsesi.org\\\/index.php\\\/2024\\\/10\\\/24\\\/magusa-kitap-ve-uretim-festivali-bu-aksam-basliyor\\\/#breadcrumb\"},\"inLanguage\":\"tr\",\"potentialAction\":[{\"@type\":\"ReadAction\",\"target\":[\"https:\\\/\\\/kuzeyinsesi.org\\\/index.php\\\/2024\\\/10\\\/24\\\/magusa-kitap-ve-uretim-festivali-bu-aksam-basliyor\\\/\"]}]},{\"@type\":\"ImageObject\",\"inLanguage\":\"tr\",\"@id\":\"https:\\\/\\\/kuzeyinsesi.org\\\/index.php\\\/2024\\\/10\\\/24\\\/magusa-kitap-ve-uretim-festivali-bu-aksam-basliyor\\\/#primaryimage\",\"url\":\"https:\\\/\\\/kuzeyinsesi.org\\\/wp-content\\\/uploads\\\/2024\\\/10\\\/kitapppppp.jpeg\",\"contentUrl\":\"https:\\\/\\\/kuzeyinsesi.org\\\/wp-content\\\/uploads\\\/2024\\\/10\\\/kitapppppp.jpeg\",\"width\":1181,\"height\":797},{\"@type\":\"BreadcrumbList\",\"@id\":\"https:\\\/\\\/kuzeyinsesi.org\\\/index.php\\\/2024\\\/10\\\/24\\\/magusa-kitap-ve-uretim-festivali-bu-aksam-basliyor\\\/#breadcrumb\",\"itemListElement\":[{\"@type\":\"ListItem\",\"position\":1,\"name\":\"Anasayfa\",\"item\":\"https:\\\/\\\/kuzeyinsesi.org\\\/\"},{\"@type\":\"ListItem\",\"position\":2,\"name\":\"\u201cMa\u011fusa Kitap ve \u00dcretim Festivali\u201d bu ak\u015fam ba\u015fl\u0131yor\"}]},{\"@type\":\"WebSite\",\"@id\":\"https:\\\/\\\/kuzeyinsesi.org\\\/#website\",\"url\":\"https:\\\/\\\/kuzeyinsesi.org\\\/\",\"name\":\"Kuzeyin Sesi\",\"description\":\"Do\u011fru Haberin Adresi\",\"potentialAction\":[{\"@type\":\"SearchAction\",\"target\":{\"@type\":\"EntryPoint\",\"urlTemplate\":\"https:\\\/\\\/kuzeyinsesi.org\\\/?s={search_term_string}\"},\"query-input\":{\"@type\":\"PropertyValueSpecification\",\"valueRequired\":true,\"valueName\":\"search_term_string\"}}],\"inLanguage\":\"tr\"},{\"@type\":\"Person\",\"@id\":\"https:\\\/\\\/kuzeyinsesi.org\\\/#\\\/schema\\\/person\\\/9f859689cdf01485597712386e37f5aa\",\"name\":\"Kuzeyin Sesi\",\"image\":{\"@type\":\"ImageObject\",\"inLanguage\":\"tr\",\"@id\":\"https:\\\/\\\/secure.gravatar.com\\\/avatar\\\/bab33852abfd8b282518d6ed81826833d77c3c882d9ab608add591ccace47a44?s=96&d=mm&r=g\",\"url\":\"https:\\\/\\\/secure.gravatar.com\\\/avatar\\\/bab33852abfd8b282518d6ed81826833d77c3c882d9ab608add591ccace47a44?s=96&d=mm&r=g\",\"contentUrl\":\"https:\\\/\\\/secure.gravatar.com\\\/avatar\\\/bab33852abfd8b282518d6ed81826833d77c3c882d9ab608add591ccace47a44?s=96&d=mm&r=g\",\"caption\":\"Kuzeyin Sesi\"},\"sameAs\":[\"https:\\\/\\\/kuzeyinsesi.org\"],\"url\":\"https:\\\/\\\/kuzeyinsesi.org\\\/index.php\\\/author\\\/guven\\\/\"}]}<\/script>\n<!-- \/ Yoast SEO plugin. -->","yoast_head_json":{"title":"\u201cMa\u011fusa Kitap ve \u00dcretim Festivali\u201d bu ak\u015fam ba\u015fl\u0131yor - Kuzeyin Sesi","robots":{"index":"index","follow":"follow","max-snippet":"max-snippet:-1","max-image-preview":"max-image-preview:large","max-video-preview":"max-video-preview:-1"},"canonical":"https:\/\/kuzeyinsesi.org\/index.php\/2024\/10\/24\/magusa-kitap-ve-uretim-festivali-bu-aksam-basliyor\/","og_locale":"tr_TR","og_type":"article","og_title":"\u201cMa\u011fusa Kitap ve \u00dcretim Festivali\u201d bu ak\u015fam ba\u015fl\u0131yor - Kuzeyin Sesi","og_description":"Gazima\u011fusa Belediyesi ile K\u0131br\u0131s T\u00fcrk Esnaf ve Zanaatk\u00e2rlar Odas\u0131 i\u015fbirli\u011finde, I\u015f\u0131k Kitabevi, K\u0131br\u0131s T\u00fcrk Sanat\u00e7\u0131 ve Yazarlar Birli\u011fi ve K\u0131br\u0131s T\u00fcrk Karikat\u00fcrc\u00fcler Derne\u011fi\u2019nin destekledi\u011fi \u201c\u00dcreterek Direnmek\u201d konseptiyle d\u00fczenlenen \u201cMa\u011fusa Kitap ve \u00dcretim Festivali\u201d bu ak\u015fam ba\u015fl\u0131yor. Gazima\u011fusa Bandabuliya\u2019da yer alacak festival, pazar ak\u015fam\u0131na kadar s\u00fcrecek. Festivalin a\u00e7\u0131l\u0131\u015f etkinli\u011fi bug\u00fcn saat 18.00\u2019de yap\u0131lacak. Stantlar ise saat [&hellip;]","og_url":"https:\/\/kuzeyinsesi.org\/index.php\/2024\/10\/24\/magusa-kitap-ve-uretim-festivali-bu-aksam-basliyor\/","og_site_name":"Kuzeyin Sesi","article_publisher":"https:\/\/www.facebook.com\/kuzeyinsesii","article_published_time":"2024-10-24T07:33:50+00:00","og_image":[{"url":"https:\/\/brtk.net\/wp-content\/uploads\/2024\/10\/24\/kitapppppp.jpeg?ver=eec2dc8714969c77330157ab13a30ebe","type":"","width":"","height":""}],"author":"Kuzeyin Sesi","twitter_card":"summary_large_image","twitter_creator":"@kuzeyinsesii","twitter_site":"@kuzeyinsesii","twitter_misc":{"Yazan:":"Kuzeyin Sesi","Tahmini okuma s\u00fcresi":"1 dakika"},"schema":{"@context":"https:\/\/schema.org","@graph":[{"@type":"Article","@id":"https:\/\/kuzeyinsesi.org\/index.php\/2024\/10\/24\/magusa-kitap-ve-uretim-festivali-bu-aksam-basliyor\/#article","isPartOf":{"@id":"https:\/\/kuzeyinsesi.org\/index.php\/2024\/10\/24\/magusa-kitap-ve-uretim-festivali-bu-aksam-basliyor\/"},"author":{"name":"Kuzeyin Sesi","@id":"https:\/\/kuzeyinsesi.org\/#\/schema\/person\/9f859689cdf01485597712386e37f5aa"},"headline":"\u201cMa\u011fusa Kitap ve \u00dcretim Festivali\u201d bu ak\u015fam ba\u015fl\u0131yor","datePublished":"2024-10-24T07:33:50+00:00","mainEntityOfPage":{"@id":"https:\/\/kuzeyinsesi.org\/index.php\/2024\/10\/24\/magusa-kitap-ve-uretim-festivali-bu-aksam-basliyor\/"},"wordCount":258,"commentCount":0,"image":{"@id":"https:\/\/kuzeyinsesi.org\/index.php\/2024\/10\/24\/magusa-kitap-ve-uretim-festivali-bu-aksam-basliyor\/#primaryimage"},"thumbnailUrl":"https:\/\/kuzeyinsesi.org\/wp-content\/uploads\/2024\/10\/kitapppppp.jpeg","articleSection":["Ya\u015fam"],"inLanguage":"tr","potentialAction":[{"@type":"CommentAction","name":"Comment","target":["https:\/\/kuzeyinsesi.org\/index.php\/2024\/10\/24\/magusa-kitap-ve-uretim-festivali-bu-aksam-basliyor\/#respond"]}]},{"@type":"WebPage","@id":"https:\/\/kuzeyinsesi.org\/index.php\/2024\/10\/24\/magusa-kitap-ve-uretim-festivali-bu-aksam-basliyor\/","url":"https:\/\/kuzeyinsesi.org\/index.php\/2024\/10\/24\/magusa-kitap-ve-uretim-festivali-bu-aksam-basliyor\/","name":"\u201cMa\u011fusa Kitap ve \u00dcretim Festivali\u201d bu ak\u015fam ba\u015fl\u0131yor - Kuzeyin Sesi","isPartOf":{"@id":"https:\/\/kuzeyinsesi.org\/#website"},"primaryImageOfPage":{"@id":"https:\/\/kuzeyinsesi.org\/index.php\/2024\/10\/24\/magusa-kitap-ve-uretim-festivali-bu-aksam-basliyor\/#primaryimage"},"image":{"@id":"https:\/\/kuzeyinsesi.org\/index.php\/2024\/10\/24\/magusa-kitap-ve-uretim-festivali-bu-aksam-basliyor\/#primaryimage"},"thumbnailUrl":"https:\/\/kuzeyinsesi.org\/wp-content\/uploads\/2024\/10\/kitapppppp.jpeg","datePublished":"2024-10-24T07:33:50+00:00","author":{"@id":"https:\/\/kuzeyinsesi.org\/#\/schema\/person\/9f859689cdf01485597712386e37f5aa"},"breadcrumb":{"@id":"https:\/\/kuzeyinsesi.org\/index.php\/2024\/10\/24\/magusa-kitap-ve-uretim-festivali-bu-aksam-basliyor\/#breadcrumb"},"inLanguage":"tr","potentialAction":[{"@type":"ReadAction","target":["https:\/\/kuzeyinsesi.org\/index.php\/2024\/10\/24\/magusa-kitap-ve-uretim-festivali-bu-aksam-basliyor\/"]}]},{"@type":"ImageObject","inLanguage":"tr","@id":"https:\/\/kuzeyinsesi.org\/index.php\/2024\/10\/24\/magusa-kitap-ve-uretim-festivali-bu-aksam-basliyor\/#primaryimage","url":"https:\/\/kuzeyinsesi.org\/wp-content\/uploads\/2024\/10\/kitapppppp.jpeg","contentUrl":"https:\/\/kuzeyinsesi.org\/wp-content\/uploads\/2024\/10\/kitapppppp.jpeg","width":1181,"height":797},{"@type":"BreadcrumbList","@id":"https:\/\/kuzeyinsesi.org\/index.php\/2024\/10\/24\/magusa-kitap-ve-uretim-festivali-bu-aksam-basliyor\/#breadcrumb","itemListElement":[{"@type":"ListItem","position":1,"name":"Anasayfa","item":"https:\/\/kuzeyinsesi.org\/"},{"@type":"ListItem","position":2,"name":"\u201cMa\u011fusa Kitap ve \u00dcretim Festivali\u201d bu ak\u015fam ba\u015fl\u0131yor"}]},{"@type":"WebSite","@id":"https:\/\/kuzeyinsesi.org\/#website","url":"https:\/\/kuzeyinsesi.org\/","name":"Kuzeyin Sesi","description":"Do\u011fru Haberin Adresi","potentialAction":[{"@type":"SearchAction","target":{"@type":"EntryPoint","urlTemplate":"https:\/\/kuzeyinsesi.org\/?s={search_term_string}"},"query-input":{"@type":"PropertyValueSpecification","valueRequired":true,"valueName":"search_term_string"}}],"inLanguage":"tr"},{"@type":"Person","@id":"https:\/\/kuzeyinsesi.org\/#\/schema\/person\/9f859689cdf01485597712386e37f5aa","name":"Kuzeyin Sesi","image":{"@type":"ImageObject","inLanguage":"tr","@id":"https:\/\/secure.gravatar.com\/avatar\/bab33852abfd8b282518d6ed81826833d77c3c882d9ab608add591ccace47a44?s=96&d=mm&r=g","url":"https:\/\/secure.gravatar.com\/avatar\/bab33852abfd8b282518d6ed81826833d77c3c882d9ab608add591ccace47a44?s=96&d=mm&r=g","contentUrl":"https:\/\/secure.gravatar.com\/avatar\/bab33852abfd8b282518d6ed81826833d77c3c882d9ab608add591ccace47a44?s=96&d=mm&r=g","caption":"Kuzeyin Sesi"},"sameAs":["https:\/\/kuzeyinsesi.org"],"url":"https:\/\/kuzeyinsesi.org\/index.php\/author\/guven\/"}]}},"_links":{"self":[{"href":"https:\/\/kuzeyinsesi.org\/index.php\/wp-json\/wp\/v2\/posts\/12184","targetHints":{"allow":["GET"]}}],"collection":[{"href":"https:\/\/kuzeyinsesi.org\/index.php\/wp-json\/wp\/v2\/posts"}],"about":[{"href":"https:\/\/kuzeyinsesi.org\/index.php\/wp-json\/wp\/v2\/types\/post"}],"author":[{"embeddable":true,"href":"https:\/\/kuzeyinsesi.org\/index.php\/wp-json\/wp\/v2\/users\/1"}],"replies":[{"embeddable":true,"href":"https:\/\/kuzeyinsesi.org\/index.php\/wp-json\/wp\/v2\/comments?post=12184"}],"version-history":[{"count":0,"href":"https:\/\/kuzeyinsesi.org\/index.php\/wp-json\/wp\/v2\/posts\/12184\/revisions"}],"wp:featuredmedia":[{"embeddable":true,"href":"https:\/\/kuzeyinsesi.org\/index.php\/wp-json\/wp\/v2\/media\/12185"}],"wp:attachment":[{"href":"https:\/\/kuzeyinsesi.org\/index.php\/wp-json\/wp\/v2\/media?parent=12184"}],"wp:term":[{"taxonomy":"category","embeddable":true,"href":"https:\/\/kuzeyinsesi.org\/index.php\/wp-json\/wp\/v2\/categories?post=12184"},{"taxonomy":"post_tag","embeddable":true,"href":"https:\/\/kuzeyinsesi.org\/index.php\/wp-json\/wp\/v2\/tags?post=12184"}],"curies":[{"name":"wp","href":"https:\/\/api.w.org\/{rel}","templated":true}]}}