{"id":1218,"date":"2024-05-02T13:54:42","date_gmt":"2024-05-02T10:54:42","guid":{"rendered":"https:\/\/kuzeyinsesi.com\/index.php\/2024\/05\/02\/abdde-baltimoreda-yikilan-kopruden-nehre-dusenlerden-birinin-daha-cesedine-ulasildi\/"},"modified":"2024-05-02T13:54:42","modified_gmt":"2024-05-02T10:54:42","slug":"abdde-baltimoreda-yikilan-kopruden-nehre-dusenlerden-birinin-daha-cesedine-ulasildi","status":"publish","type":"post","link":"https:\/\/kuzeyinsesi.org\/index.php\/2024\/05\/02\/abdde-baltimoreda-yikilan-kopruden-nehre-dusenlerden-birinin-daha-cesedine-ulasildi\/","title":{"rendered":"ABD&#039;de Baltimore&#039;da y\u0131k\u0131lan k\u00f6pr\u00fcden nehre d\u00fc\u015fenlerden birinin daha cesedine ula\u015f\u0131ld\u0131"},"content":{"rendered":"<p><\/p>\n<div>\n<p>&#13;<br \/>\n\tABC News&#8217;un haberine g\u00f6re, 49 ya\u015f\u0131ndaki Miguel Angel Luna Gonzalez&#8217;in cesedi k\u00f6pr\u00fc \u00e7\u00f6kt\u00fc\u011f\u00fcnde nehre d\u00fc\u015fen k\u0131rm\u0131z\u0131 kamyonette bulundu.<\/p>\n<p>&#13;<br \/>\n\tMaryland polisi, ekiplerin ortak \u00e7al\u0131\u015fmas\u0131yla Gonzalez&#8217;in cesedinin \u00e7\u0131kar\u0131ld\u0131\u011f\u0131n\u0131 duyurdu. B\u00f6ylelikle, nehirden \u00e7\u0131kar\u0131lan ceset say\u0131s\u0131 5&#8217;e y\u00fckseldi.<\/p>\n<p>&#13;<br \/>\n\tMaryland emniyetinden M\u00fcfetti\u015f Albay Roland L. Butler, yapt\u0131\u011f\u0131 yaz\u0131l\u0131 a\u00e7\u0131klamada, &#8220;Bu trajedide kaybetti\u011fimiz her ki\u015finin arkas\u0131nda sevgi dolu bir ailenin oldu\u011funu bilerek \u00f6zveriyle kurtarma \u00e7al\u0131\u015fmalar\u0131n\u0131 s\u00fcrd\u00fcrece\u011fiz.&#8221; ifadesini kulland\u0131.<\/p>\n<p>&#13;<br \/>\n\tABD&#8217;nin Maryland eyaletine ba\u011fl\u0131 Baltimore kentindeki Francis Scott Key K\u00f6pr\u00fcs\u00fc&#8217;ne 26 Mart&#8217;ta yerel saatle 01.30 civar\u0131nda b\u00fcy\u00fck bir kargo gemisi \u00e7arpm\u0131\u015f, olay\u0131n ard\u0131ndan gemide <a href=\"https:\/\/www.trthaber.com\/etiket\/yangin\/\" target=\"_blank\" rel=\"noopener\">yang\u0131n<\/a> \u00e7\u0131km\u0131\u015ft\u0131.<\/p>\n<p>&#13;<br \/>\n\tYakla\u015f\u0131k 2,57 kilometre uzunlu\u011fundaki k\u00f6pr\u00fcn\u00fcn b\u00fcy\u00fck bir k\u0131sm\u0131 \u00e7arpma sonucu \u00e7\u00f6km\u00fc\u015f, k\u00f6pr\u00fcdeki bir\u00e7ok ara\u00e7 Patapsco Nehri&#8217;ne d\u00fc\u015fm\u00fc\u015ft\u00fc.<\/p>\n<p>&#13;<br \/>\n\tMaryland <a href=\"https:\/\/www.trthaber.com\/etiket\/ulasim\/\" target=\"_blank\" rel=\"noopener\">Ula\u015f\u0131m<\/a> M\u00fcd\u00fcrl\u00fc\u011f\u00fcnden yap\u0131lan a\u00e7\u0131klamada, k\u00f6pr\u00fcye \u00e7\u0131kan t\u00fcm yollar\u0131n \u00e7ift tarafl\u0131 trafi\u011fe kapal\u0131 oldu\u011fu bildirilmi\u015fti.<\/p>\n<p>&#13;<br \/>\n\tKazan\u0131n ard\u0131ndan eyalette &#8220;acil durum&#8221; ilan edilmi\u015f, ekipler kaza s\u0131ras\u0131nda k\u00f6pr\u00fcde onar\u0131m i\u015fleri yapan 8 in\u015faat i\u015f\u00e7isinden 2&#8217;sini kurtarm\u0131\u015ft\u0131.<\/p>\n<\/p><\/div>\n","protected":false},"excerpt":{"rendered":"<p>&#13; ABC News&#8217;un haberine g\u00f6re, 49 ya\u015f\u0131ndaki Miguel Angel Luna Gonzalez&#8217;in cesedi k\u00f6pr\u00fc \u00e7\u00f6kt\u00fc\u011f\u00fcnde nehre d\u00fc\u015fen k\u0131rm\u0131z\u0131 kamyonette bulundu. &#13; Maryland polisi, ekiplerin ortak \u00e7al\u0131\u015fmas\u0131yla Gonzalez&#8217;in cesedinin \u00e7\u0131kar\u0131ld\u0131\u011f\u0131n\u0131 duyurdu. B\u00f6ylelikle, nehirden \u00e7\u0131kar\u0131lan ceset say\u0131s\u0131 5&#8217;e y\u00fckseldi. &#13; Maryland emniyetinden M\u00fcfetti\u015f Albay Roland L. Butler, yapt\u0131\u011f\u0131 yaz\u0131l\u0131 a\u00e7\u0131klamada, &#8220;Bu trajedide kaybetti\u011fimiz her ki\u015finin arkas\u0131nda sevgi dolu [&hellip;]<\/p>\n","protected":false},"author":1,"featured_media":1219,"comment_status":"open","ping_status":"open","sticky":false,"template":"","format":"standard","meta":{"jnews-multi-image_gallery":[],"jnews_single_post":[],"jnews_primary_category":[],"jnews_social_meta":[],"jnews_override_counter":[],"footnotes":""},"categories":[2],"tags":[],"class_list":["post-1218","post","type-post","status-publish","format-standard","has-post-thumbnail","hentry","category-dunya"],"yoast_head":"<!-- This site is optimized with the Yoast SEO plugin v27.5 - https:\/\/yoast.com\/product\/yoast-seo-wordpress\/ -->\n<title>ABD&#039;de Baltimore&#039;da y\u0131k\u0131lan k\u00f6pr\u00fcden nehre d\u00fc\u015fenlerden birinin daha cesedine ula\u015f\u0131ld\u0131 - Kuzeyin Sesi<\/title>\n<meta name=\"robots\" content=\"index, follow, max-snippet:-1, max-image-preview:large, max-video-preview:-1\" \/>\n<link rel=\"canonical\" href=\"https:\/\/kuzeyinsesi.org\/index.php\/2024\/05\/02\/abdde-baltimoreda-yikilan-kopruden-nehre-dusenlerden-birinin-daha-cesedine-ulasildi\/\" \/>\n<meta property=\"og:locale\" content=\"tr_TR\" \/>\n<meta property=\"og:type\" content=\"article\" \/>\n<meta property=\"og:title\" content=\"ABD&#039;de Baltimore&#039;da y\u0131k\u0131lan k\u00f6pr\u00fcden nehre d\u00fc\u015fenlerden birinin daha cesedine ula\u015f\u0131ld\u0131 - Kuzeyin Sesi\" \/>\n<meta property=\"og:description\" content=\"&#013; ABC News&#8217;un haberine g\u00f6re, 49 ya\u015f\u0131ndaki Miguel Angel Luna Gonzalez&#8217;in cesedi k\u00f6pr\u00fc \u00e7\u00f6kt\u00fc\u011f\u00fcnde nehre d\u00fc\u015fen k\u0131rm\u0131z\u0131 kamyonette bulundu. &#013; Maryland polisi, ekiplerin ortak \u00e7al\u0131\u015fmas\u0131yla Gonzalez&#8217;in cesedinin \u00e7\u0131kar\u0131ld\u0131\u011f\u0131n\u0131 duyurdu. B\u00f6ylelikle, nehirden \u00e7\u0131kar\u0131lan ceset say\u0131s\u0131 5&#8217;e y\u00fckseldi. &#013; Maryland emniyetinden M\u00fcfetti\u015f Albay Roland L. Butler, yapt\u0131\u011f\u0131 yaz\u0131l\u0131 a\u00e7\u0131klamada, &#8220;Bu trajedide kaybetti\u011fimiz her ki\u015finin arkas\u0131nda sevgi dolu [&hellip;]\" \/>\n<meta property=\"og:url\" content=\"https:\/\/kuzeyinsesi.org\/index.php\/2024\/05\/02\/abdde-baltimoreda-yikilan-kopruden-nehre-dusenlerden-birinin-daha-cesedine-ulasildi\/\" \/>\n<meta property=\"og:site_name\" content=\"Kuzeyin Sesi\" \/>\n<meta property=\"article:publisher\" content=\"https:\/\/www.facebook.com\/kuzeyinsesii\" \/>\n<meta property=\"article:published_time\" content=\"2024-05-02T10:54:42+00:00\" \/>\n<meta property=\"og:image\" content=\"https:\/\/kuzeyinsesi.org\/wp-content\/uploads\/2024\/05\/kopru-abd-aa-2205402.jpg\" \/>\n\t<meta property=\"og:image:width\" content=\"1280\" \/>\n\t<meta property=\"og:image:height\" content=\"720\" \/>\n\t<meta property=\"og:image:type\" content=\"image\/jpeg\" \/>\n<meta name=\"author\" content=\"Kuzeyin Sesi\" \/>\n<meta name=\"twitter:card\" content=\"summary_large_image\" \/>\n<meta name=\"twitter:creator\" content=\"@kuzeyinsesii\" \/>\n<meta name=\"twitter:site\" content=\"@kuzeyinsesii\" \/>\n<meta name=\"twitter:label1\" content=\"Yazan:\" \/>\n\t<meta name=\"twitter:data1\" content=\"Kuzeyin Sesi\" \/>\n\t<meta name=\"twitter:label2\" content=\"Tahmini okuma s\u00fcresi\" \/>\n\t<meta name=\"twitter:data2\" content=\"1 dakika\" \/>\n<script type=\"application\/ld+json\" class=\"yoast-schema-graph\">{\"@context\":\"https:\\\/\\\/schema.org\",\"@graph\":[{\"@type\":\"Article\",\"@id\":\"https:\\\/\\\/kuzeyinsesi.org\\\/index.php\\\/2024\\\/05\\\/02\\\/abdde-baltimoreda-yikilan-kopruden-nehre-dusenlerden-birinin-daha-cesedine-ulasildi\\\/#article\",\"isPartOf\":{\"@id\":\"https:\\\/\\\/kuzeyinsesi.org\\\/index.php\\\/2024\\\/05\\\/02\\\/abdde-baltimoreda-yikilan-kopruden-nehre-dusenlerden-birinin-daha-cesedine-ulasildi\\\/\"},\"author\":{\"name\":\"Kuzeyin Sesi\",\"@id\":\"https:\\\/\\\/kuzeyinsesi.org\\\/#\\\/schema\\\/person\\\/9f859689cdf01485597712386e37f5aa\"},\"headline\":\"ABD&#039;de Baltimore&#039;da y\u0131k\u0131lan k\u00f6pr\u00fcden nehre d\u00fc\u015fenlerden birinin daha cesedine ula\u015f\u0131ld\u0131\",\"datePublished\":\"2024-05-02T10:54:42+00:00\",\"mainEntityOfPage\":{\"@id\":\"https:\\\/\\\/kuzeyinsesi.org\\\/index.php\\\/2024\\\/05\\\/02\\\/abdde-baltimoreda-yikilan-kopruden-nehre-dusenlerden-birinin-daha-cesedine-ulasildi\\\/\"},\"wordCount\":233,\"commentCount\":0,\"image\":{\"@id\":\"https:\\\/\\\/kuzeyinsesi.org\\\/index.php\\\/2024\\\/05\\\/02\\\/abdde-baltimoreda-yikilan-kopruden-nehre-dusenlerden-birinin-daha-cesedine-ulasildi\\\/#primaryimage\"},\"thumbnailUrl\":\"https:\\\/\\\/kuzeyinsesi.org\\\/wp-content\\\/uploads\\\/2024\\\/05\\\/kopru-abd-aa-2205402.jpg\",\"articleSection\":[\"D\u00fcnya\"],\"inLanguage\":\"tr\",\"potentialAction\":[{\"@type\":\"CommentAction\",\"name\":\"Comment\",\"target\":[\"https:\\\/\\\/kuzeyinsesi.org\\\/index.php\\\/2024\\\/05\\\/02\\\/abdde-baltimoreda-yikilan-kopruden-nehre-dusenlerden-birinin-daha-cesedine-ulasildi\\\/#respond\"]}]},{\"@type\":\"WebPage\",\"@id\":\"https:\\\/\\\/kuzeyinsesi.org\\\/index.php\\\/2024\\\/05\\\/02\\\/abdde-baltimoreda-yikilan-kopruden-nehre-dusenlerden-birinin-daha-cesedine-ulasildi\\\/\",\"url\":\"https:\\\/\\\/kuzeyinsesi.org\\\/index.php\\\/2024\\\/05\\\/02\\\/abdde-baltimoreda-yikilan-kopruden-nehre-dusenlerden-birinin-daha-cesedine-ulasildi\\\/\",\"name\":\"ABD&#039;de Baltimore&#039;da y\u0131k\u0131lan k\u00f6pr\u00fcden nehre d\u00fc\u015fenlerden birinin daha cesedine ula\u015f\u0131ld\u0131 - Kuzeyin Sesi\",\"isPartOf\":{\"@id\":\"https:\\\/\\\/kuzeyinsesi.org\\\/#website\"},\"primaryImageOfPage\":{\"@id\":\"https:\\\/\\\/kuzeyinsesi.org\\\/index.php\\\/2024\\\/05\\\/02\\\/abdde-baltimoreda-yikilan-kopruden-nehre-dusenlerden-birinin-daha-cesedine-ulasildi\\\/#primaryimage\"},\"image\":{\"@id\":\"https:\\\/\\\/kuzeyinsesi.org\\\/index.php\\\/2024\\\/05\\\/02\\\/abdde-baltimoreda-yikilan-kopruden-nehre-dusenlerden-birinin-daha-cesedine-ulasildi\\\/#primaryimage\"},\"thumbnailUrl\":\"https:\\\/\\\/kuzeyinsesi.org\\\/wp-content\\\/uploads\\\/2024\\\/05\\\/kopru-abd-aa-2205402.jpg\",\"datePublished\":\"2024-05-02T10:54:42+00:00\",\"author\":{\"@id\":\"https:\\\/\\\/kuzeyinsesi.org\\\/#\\\/schema\\\/person\\\/9f859689cdf01485597712386e37f5aa\"},\"breadcrumb\":{\"@id\":\"https:\\\/\\\/kuzeyinsesi.org\\\/index.php\\\/2024\\\/05\\\/02\\\/abdde-baltimoreda-yikilan-kopruden-nehre-dusenlerden-birinin-daha-cesedine-ulasildi\\\/#breadcrumb\"},\"inLanguage\":\"tr\",\"potentialAction\":[{\"@type\":\"ReadAction\",\"target\":[\"https:\\\/\\\/kuzeyinsesi.org\\\/index.php\\\/2024\\\/05\\\/02\\\/abdde-baltimoreda-yikilan-kopruden-nehre-dusenlerden-birinin-daha-cesedine-ulasildi\\\/\"]}]},{\"@type\":\"ImageObject\",\"inLanguage\":\"tr\",\"@id\":\"https:\\\/\\\/kuzeyinsesi.org\\\/index.php\\\/2024\\\/05\\\/02\\\/abdde-baltimoreda-yikilan-kopruden-nehre-dusenlerden-birinin-daha-cesedine-ulasildi\\\/#primaryimage\",\"url\":\"https:\\\/\\\/kuzeyinsesi.org\\\/wp-content\\\/uploads\\\/2024\\\/05\\\/kopru-abd-aa-2205402.jpg\",\"contentUrl\":\"https:\\\/\\\/kuzeyinsesi.org\\\/wp-content\\\/uploads\\\/2024\\\/05\\\/kopru-abd-aa-2205402.jpg\",\"width\":1280,\"height\":720},{\"@type\":\"BreadcrumbList\",\"@id\":\"https:\\\/\\\/kuzeyinsesi.org\\\/index.php\\\/2024\\\/05\\\/02\\\/abdde-baltimoreda-yikilan-kopruden-nehre-dusenlerden-birinin-daha-cesedine-ulasildi\\\/#breadcrumb\",\"itemListElement\":[{\"@type\":\"ListItem\",\"position\":1,\"name\":\"Anasayfa\",\"item\":\"https:\\\/\\\/kuzeyinsesi.org\\\/\"},{\"@type\":\"ListItem\",\"position\":2,\"name\":\"ABD&#039;de Baltimore&#039;da y\u0131k\u0131lan k\u00f6pr\u00fcden nehre d\u00fc\u015fenlerden birinin daha cesedine ula\u015f\u0131ld\u0131\"}]},{\"@type\":\"WebSite\",\"@id\":\"https:\\\/\\\/kuzeyinsesi.org\\\/#website\",\"url\":\"https:\\\/\\\/kuzeyinsesi.org\\\/\",\"name\":\"Kuzeyin Sesi\",\"description\":\"Do\u011fru Haberin Adresi\",\"potentialAction\":[{\"@type\":\"SearchAction\",\"target\":{\"@type\":\"EntryPoint\",\"urlTemplate\":\"https:\\\/\\\/kuzeyinsesi.org\\\/?s={search_term_string}\"},\"query-input\":{\"@type\":\"PropertyValueSpecification\",\"valueRequired\":true,\"valueName\":\"search_term_string\"}}],\"inLanguage\":\"tr\"},{\"@type\":\"Person\",\"@id\":\"https:\\\/\\\/kuzeyinsesi.org\\\/#\\\/schema\\\/person\\\/9f859689cdf01485597712386e37f5aa\",\"name\":\"Kuzeyin Sesi\",\"image\":{\"@type\":\"ImageObject\",\"inLanguage\":\"tr\",\"@id\":\"https:\\\/\\\/secure.gravatar.com\\\/avatar\\\/bab33852abfd8b282518d6ed81826833d77c3c882d9ab608add591ccace47a44?s=96&d=mm&r=g\",\"url\":\"https:\\\/\\\/secure.gravatar.com\\\/avatar\\\/bab33852abfd8b282518d6ed81826833d77c3c882d9ab608add591ccace47a44?s=96&d=mm&r=g\",\"contentUrl\":\"https:\\\/\\\/secure.gravatar.com\\\/avatar\\\/bab33852abfd8b282518d6ed81826833d77c3c882d9ab608add591ccace47a44?s=96&d=mm&r=g\",\"caption\":\"Kuzeyin Sesi\"},\"sameAs\":[\"https:\\\/\\\/kuzeyinsesi.org\"],\"url\":\"https:\\\/\\\/kuzeyinsesi.org\\\/index.php\\\/author\\\/guven\\\/\"}]}<\/script>\n<!-- \/ Yoast SEO plugin. -->","yoast_head_json":{"title":"ABD&#039;de Baltimore&#039;da y\u0131k\u0131lan k\u00f6pr\u00fcden nehre d\u00fc\u015fenlerden birinin daha cesedine ula\u015f\u0131ld\u0131 - Kuzeyin Sesi","robots":{"index":"index","follow":"follow","max-snippet":"max-snippet:-1","max-image-preview":"max-image-preview:large","max-video-preview":"max-video-preview:-1"},"canonical":"https:\/\/kuzeyinsesi.org\/index.php\/2024\/05\/02\/abdde-baltimoreda-yikilan-kopruden-nehre-dusenlerden-birinin-daha-cesedine-ulasildi\/","og_locale":"tr_TR","og_type":"article","og_title":"ABD&#039;de Baltimore&#039;da y\u0131k\u0131lan k\u00f6pr\u00fcden nehre d\u00fc\u015fenlerden birinin daha cesedine ula\u015f\u0131ld\u0131 - Kuzeyin Sesi","og_description":"&#13; ABC News&#8217;un haberine g\u00f6re, 49 ya\u015f\u0131ndaki Miguel Angel Luna Gonzalez&#8217;in cesedi k\u00f6pr\u00fc \u00e7\u00f6kt\u00fc\u011f\u00fcnde nehre d\u00fc\u015fen k\u0131rm\u0131z\u0131 kamyonette bulundu. &#13; Maryland polisi, ekiplerin ortak \u00e7al\u0131\u015fmas\u0131yla Gonzalez&#8217;in cesedinin \u00e7\u0131kar\u0131ld\u0131\u011f\u0131n\u0131 duyurdu. B\u00f6ylelikle, nehirden \u00e7\u0131kar\u0131lan ceset say\u0131s\u0131 5&#8217;e y\u00fckseldi. &#13; Maryland emniyetinden M\u00fcfetti\u015f Albay Roland L. Butler, yapt\u0131\u011f\u0131 yaz\u0131l\u0131 a\u00e7\u0131klamada, &#8220;Bu trajedide kaybetti\u011fimiz her ki\u015finin arkas\u0131nda sevgi dolu [&hellip;]","og_url":"https:\/\/kuzeyinsesi.org\/index.php\/2024\/05\/02\/abdde-baltimoreda-yikilan-kopruden-nehre-dusenlerden-birinin-daha-cesedine-ulasildi\/","og_site_name":"Kuzeyin Sesi","article_publisher":"https:\/\/www.facebook.com\/kuzeyinsesii","article_published_time":"2024-05-02T10:54:42+00:00","og_image":[{"width":1280,"height":720,"url":"https:\/\/kuzeyinsesi.org\/wp-content\/uploads\/2024\/05\/kopru-abd-aa-2205402.jpg","type":"image\/jpeg"}],"author":"Kuzeyin Sesi","twitter_card":"summary_large_image","twitter_creator":"@kuzeyinsesii","twitter_site":"@kuzeyinsesii","twitter_misc":{"Yazan:":"Kuzeyin Sesi","Tahmini okuma s\u00fcresi":"1 dakika"},"schema":{"@context":"https:\/\/schema.org","@graph":[{"@type":"Article","@id":"https:\/\/kuzeyinsesi.org\/index.php\/2024\/05\/02\/abdde-baltimoreda-yikilan-kopruden-nehre-dusenlerden-birinin-daha-cesedine-ulasildi\/#article","isPartOf":{"@id":"https:\/\/kuzeyinsesi.org\/index.php\/2024\/05\/02\/abdde-baltimoreda-yikilan-kopruden-nehre-dusenlerden-birinin-daha-cesedine-ulasildi\/"},"author":{"name":"Kuzeyin Sesi","@id":"https:\/\/kuzeyinsesi.org\/#\/schema\/person\/9f859689cdf01485597712386e37f5aa"},"headline":"ABD&#039;de Baltimore&#039;da y\u0131k\u0131lan k\u00f6pr\u00fcden nehre d\u00fc\u015fenlerden birinin daha cesedine ula\u015f\u0131ld\u0131","datePublished":"2024-05-02T10:54:42+00:00","mainEntityOfPage":{"@id":"https:\/\/kuzeyinsesi.org\/index.php\/2024\/05\/02\/abdde-baltimoreda-yikilan-kopruden-nehre-dusenlerden-birinin-daha-cesedine-ulasildi\/"},"wordCount":233,"commentCount":0,"image":{"@id":"https:\/\/kuzeyinsesi.org\/index.php\/2024\/05\/02\/abdde-baltimoreda-yikilan-kopruden-nehre-dusenlerden-birinin-daha-cesedine-ulasildi\/#primaryimage"},"thumbnailUrl":"https:\/\/kuzeyinsesi.org\/wp-content\/uploads\/2024\/05\/kopru-abd-aa-2205402.jpg","articleSection":["D\u00fcnya"],"inLanguage":"tr","potentialAction":[{"@type":"CommentAction","name":"Comment","target":["https:\/\/kuzeyinsesi.org\/index.php\/2024\/05\/02\/abdde-baltimoreda-yikilan-kopruden-nehre-dusenlerden-birinin-daha-cesedine-ulasildi\/#respond"]}]},{"@type":"WebPage","@id":"https:\/\/kuzeyinsesi.org\/index.php\/2024\/05\/02\/abdde-baltimoreda-yikilan-kopruden-nehre-dusenlerden-birinin-daha-cesedine-ulasildi\/","url":"https:\/\/kuzeyinsesi.org\/index.php\/2024\/05\/02\/abdde-baltimoreda-yikilan-kopruden-nehre-dusenlerden-birinin-daha-cesedine-ulasildi\/","name":"ABD&#039;de Baltimore&#039;da y\u0131k\u0131lan k\u00f6pr\u00fcden nehre d\u00fc\u015fenlerden birinin daha cesedine ula\u015f\u0131ld\u0131 - Kuzeyin Sesi","isPartOf":{"@id":"https:\/\/kuzeyinsesi.org\/#website"},"primaryImageOfPage":{"@id":"https:\/\/kuzeyinsesi.org\/index.php\/2024\/05\/02\/abdde-baltimoreda-yikilan-kopruden-nehre-dusenlerden-birinin-daha-cesedine-ulasildi\/#primaryimage"},"image":{"@id":"https:\/\/kuzeyinsesi.org\/index.php\/2024\/05\/02\/abdde-baltimoreda-yikilan-kopruden-nehre-dusenlerden-birinin-daha-cesedine-ulasildi\/#primaryimage"},"thumbnailUrl":"https:\/\/kuzeyinsesi.org\/wp-content\/uploads\/2024\/05\/kopru-abd-aa-2205402.jpg","datePublished":"2024-05-02T10:54:42+00:00","author":{"@id":"https:\/\/kuzeyinsesi.org\/#\/schema\/person\/9f859689cdf01485597712386e37f5aa"},"breadcrumb":{"@id":"https:\/\/kuzeyinsesi.org\/index.php\/2024\/05\/02\/abdde-baltimoreda-yikilan-kopruden-nehre-dusenlerden-birinin-daha-cesedine-ulasildi\/#breadcrumb"},"inLanguage":"tr","potentialAction":[{"@type":"ReadAction","target":["https:\/\/kuzeyinsesi.org\/index.php\/2024\/05\/02\/abdde-baltimoreda-yikilan-kopruden-nehre-dusenlerden-birinin-daha-cesedine-ulasildi\/"]}]},{"@type":"ImageObject","inLanguage":"tr","@id":"https:\/\/kuzeyinsesi.org\/index.php\/2024\/05\/02\/abdde-baltimoreda-yikilan-kopruden-nehre-dusenlerden-birinin-daha-cesedine-ulasildi\/#primaryimage","url":"https:\/\/kuzeyinsesi.org\/wp-content\/uploads\/2024\/05\/kopru-abd-aa-2205402.jpg","contentUrl":"https:\/\/kuzeyinsesi.org\/wp-content\/uploads\/2024\/05\/kopru-abd-aa-2205402.jpg","width":1280,"height":720},{"@type":"BreadcrumbList","@id":"https:\/\/kuzeyinsesi.org\/index.php\/2024\/05\/02\/abdde-baltimoreda-yikilan-kopruden-nehre-dusenlerden-birinin-daha-cesedine-ulasildi\/#breadcrumb","itemListElement":[{"@type":"ListItem","position":1,"name":"Anasayfa","item":"https:\/\/kuzeyinsesi.org\/"},{"@type":"ListItem","position":2,"name":"ABD&#039;de Baltimore&#039;da y\u0131k\u0131lan k\u00f6pr\u00fcden nehre d\u00fc\u015fenlerden birinin daha cesedine ula\u015f\u0131ld\u0131"}]},{"@type":"WebSite","@id":"https:\/\/kuzeyinsesi.org\/#website","url":"https:\/\/kuzeyinsesi.org\/","name":"Kuzeyin Sesi","description":"Do\u011fru Haberin Adresi","potentialAction":[{"@type":"SearchAction","target":{"@type":"EntryPoint","urlTemplate":"https:\/\/kuzeyinsesi.org\/?s={search_term_string}"},"query-input":{"@type":"PropertyValueSpecification","valueRequired":true,"valueName":"search_term_string"}}],"inLanguage":"tr"},{"@type":"Person","@id":"https:\/\/kuzeyinsesi.org\/#\/schema\/person\/9f859689cdf01485597712386e37f5aa","name":"Kuzeyin Sesi","image":{"@type":"ImageObject","inLanguage":"tr","@id":"https:\/\/secure.gravatar.com\/avatar\/bab33852abfd8b282518d6ed81826833d77c3c882d9ab608add591ccace47a44?s=96&d=mm&r=g","url":"https:\/\/secure.gravatar.com\/avatar\/bab33852abfd8b282518d6ed81826833d77c3c882d9ab608add591ccace47a44?s=96&d=mm&r=g","contentUrl":"https:\/\/secure.gravatar.com\/avatar\/bab33852abfd8b282518d6ed81826833d77c3c882d9ab608add591ccace47a44?s=96&d=mm&r=g","caption":"Kuzeyin Sesi"},"sameAs":["https:\/\/kuzeyinsesi.org"],"url":"https:\/\/kuzeyinsesi.org\/index.php\/author\/guven\/"}]}},"_links":{"self":[{"href":"https:\/\/kuzeyinsesi.org\/index.php\/wp-json\/wp\/v2\/posts\/1218","targetHints":{"allow":["GET"]}}],"collection":[{"href":"https:\/\/kuzeyinsesi.org\/index.php\/wp-json\/wp\/v2\/posts"}],"about":[{"href":"https:\/\/kuzeyinsesi.org\/index.php\/wp-json\/wp\/v2\/types\/post"}],"author":[{"embeddable":true,"href":"https:\/\/kuzeyinsesi.org\/index.php\/wp-json\/wp\/v2\/users\/1"}],"replies":[{"embeddable":true,"href":"https:\/\/kuzeyinsesi.org\/index.php\/wp-json\/wp\/v2\/comments?post=1218"}],"version-history":[{"count":0,"href":"https:\/\/kuzeyinsesi.org\/index.php\/wp-json\/wp\/v2\/posts\/1218\/revisions"}],"wp:featuredmedia":[{"embeddable":true,"href":"https:\/\/kuzeyinsesi.org\/index.php\/wp-json\/wp\/v2\/media\/1219"}],"wp:attachment":[{"href":"https:\/\/kuzeyinsesi.org\/index.php\/wp-json\/wp\/v2\/media?parent=1218"}],"wp:term":[{"taxonomy":"category","embeddable":true,"href":"https:\/\/kuzeyinsesi.org\/index.php\/wp-json\/wp\/v2\/categories?post=1218"},{"taxonomy":"post_tag","embeddable":true,"href":"https:\/\/kuzeyinsesi.org\/index.php\/wp-json\/wp\/v2\/tags?post=1218"}],"curies":[{"name":"wp","href":"https:\/\/api.w.org\/{rel}","templated":true}]}}