{"id":12130,"date":"2024-10-23T16:28:39","date_gmt":"2024-10-23T13:28:39","guid":{"rendered":"https:\/\/kuzeyinsesi.org\/index.php\/2024\/10\/23\/cumhuriyet-bayrami-kapsaminda-bircok-ilde-ve-kktcde-bando-konserleri-duzenleniyor\/"},"modified":"2024-10-23T16:28:39","modified_gmt":"2024-10-23T13:28:39","slug":"cumhuriyet-bayrami-kapsaminda-bircok-ilde-ve-kktcde-bando-konserleri-duzenleniyor","status":"publish","type":"post","link":"https:\/\/kuzeyinsesi.org\/index.php\/2024\/10\/23\/cumhuriyet-bayrami-kapsaminda-bircok-ilde-ve-kktcde-bando-konserleri-duzenleniyor\/","title":{"rendered":"Cumhuriyet Bayram\u0131 kapsam\u0131nda bir\u00e7ok ilde ve KKTC\u2019de bando konserleri d\u00fczenleniyor"},"content":{"rendered":"<div>\n<div class=\"mariselle-image-container center\">\n                                            <\/div>\n<p>T\u00fcrkiye Milli Savunma Bakanl\u0131\u011f\u0131 (MSB), 29 Ekim Cumhuriyet Bayram\u0131 kutlamalar\u0131 kapsam\u0131nda bir\u00e7ok ilde ve Kuzey K\u0131br\u0131s T\u00fcrk Cumhuriyeti\u2019nde (KKTC) bando konserleri d\u00fczenleyece\u011fini bildirdi.<\/p>\n<p>Bakanl\u0131\u011f\u0131n sosyal medya hesab\u0131ndan yap\u0131lan payla\u015f\u0131mda, konserlere t\u00fcm halk davet edildi ve konser takvimine yer verildi.<\/p>\n<p>Konser takvimine g\u00f6re, konserler, bug\u00fcn saat 14.30\u2019da \u0130zmir\u2019in Konak Meydan\u0131\u2019nda ba\u015flayacak ve 2 Kas\u0131m saat 15.00\u2019da \u0130stanbul\u2019daki Deniz M\u00fczesi \u00f6n\u00fcnde ger\u00e7ekle\u015ftirilecek konserle sona erecek.<\/p>\n<p>KKTC\u2018deki konserler G\u00fczelyurt, Lefke ve Girne\u2019de yer alacak.<\/p>\n<p>29 Ekim Sal\u0131 g\u00fcn\u00fc ilk konser 09.30\u2019da G\u00fczelyurt\u2019ta Atat\u00fcrk Meydan\u0131\u2019nda sunulacak. K\u0131br\u0131s T\u00fcrk Bar\u0131\u015f Kuvveleri Bandosu\u2019nun ikinci konseri saat 11.30\u2019da Lefke Atat\u00fcrk Meydan\u0131\u2019nda ve 15.00\u2019te de Girne Atat\u00fcrk Meydan\u0131\u2019nda yer alacak.<\/p>\n<\/p><\/div>\n<p><script async\n                    defer\n                    crossorigin=\"anonymous\"\n                    src=\"https:\/\/connect.facebook.net\/tr_TR\/sdk.js#xfbml=1&#038;version=v3.3\"\n            ><\/script><\/p>\n","protected":false},"excerpt":{"rendered":"<p>T\u00fcrkiye Milli Savunma Bakanl\u0131\u011f\u0131 (MSB), 29 Ekim Cumhuriyet Bayram\u0131 kutlamalar\u0131 kapsam\u0131nda bir\u00e7ok ilde ve Kuzey K\u0131br\u0131s T\u00fcrk Cumhuriyeti\u2019nde (KKTC) bando konserleri d\u00fczenleyece\u011fini bildirdi. Bakanl\u0131\u011f\u0131n sosyal medya hesab\u0131ndan yap\u0131lan payla\u015f\u0131mda, konserlere t\u00fcm halk davet edildi ve konser takvimine yer verildi. Konser takvimine g\u00f6re, konserler, bug\u00fcn saat 14.30\u2019da \u0130zmir\u2019in Konak Meydan\u0131\u2019nda ba\u015flayacak ve 2 Kas\u0131m saat 15.00\u2019da [&hellip;]<\/p>\n","protected":false},"author":1,"featured_media":12131,"comment_status":"open","ping_status":"open","sticky":false,"template":"","format":"standard","meta":{"jnews-multi-image_gallery":[],"jnews_single_post":[],"jnews_primary_category":[],"jnews_social_meta":[],"jnews_override_counter":[],"footnotes":""},"categories":[6],"tags":[],"class_list":["post-12130","post","type-post","status-publish","format-standard","has-post-thumbnail","hentry","category-yasam"],"yoast_head":"<!-- This site is optimized with the Yoast SEO plugin v27.4 - https:\/\/yoast.com\/product\/yoast-seo-wordpress\/ -->\n<title>Cumhuriyet Bayram\u0131 kapsam\u0131nda bir\u00e7ok ilde ve KKTC\u2019de bando konserleri d\u00fczenleniyor - Kuzeyin Sesi<\/title>\n<meta name=\"robots\" content=\"index, follow, max-snippet:-1, max-image-preview:large, max-video-preview:-1\" \/>\n<link rel=\"canonical\" href=\"https:\/\/kuzeyinsesi.org\/index.php\/2024\/10\/23\/cumhuriyet-bayrami-kapsaminda-bircok-ilde-ve-kktcde-bando-konserleri-duzenleniyor\/\" \/>\n<meta property=\"og:locale\" content=\"tr_TR\" \/>\n<meta property=\"og:type\" content=\"article\" \/>\n<meta property=\"og:title\" content=\"Cumhuriyet Bayram\u0131 kapsam\u0131nda bir\u00e7ok ilde ve KKTC\u2019de bando konserleri d\u00fczenleniyor - Kuzeyin Sesi\" \/>\n<meta property=\"og:description\" content=\"T\u00fcrkiye Milli Savunma Bakanl\u0131\u011f\u0131 (MSB), 29 Ekim Cumhuriyet Bayram\u0131 kutlamalar\u0131 kapsam\u0131nda bir\u00e7ok ilde ve Kuzey K\u0131br\u0131s T\u00fcrk Cumhuriyeti\u2019nde (KKTC) bando konserleri d\u00fczenleyece\u011fini bildirdi. Bakanl\u0131\u011f\u0131n sosyal medya hesab\u0131ndan yap\u0131lan payla\u015f\u0131mda, konserlere t\u00fcm halk davet edildi ve konser takvimine yer verildi. Konser takvimine g\u00f6re, konserler, bug\u00fcn saat 14.30\u2019da \u0130zmir\u2019in Konak Meydan\u0131\u2019nda ba\u015flayacak ve 2 Kas\u0131m saat 15.00\u2019da [&hellip;]\" \/>\n<meta property=\"og:url\" content=\"https:\/\/kuzeyinsesi.org\/index.php\/2024\/10\/23\/cumhuriyet-bayrami-kapsaminda-bircok-ilde-ve-kktcde-bando-konserleri-duzenleniyor\/\" \/>\n<meta property=\"og:site_name\" content=\"Kuzeyin Sesi\" \/>\n<meta property=\"article:publisher\" content=\"https:\/\/www.facebook.com\/kuzeyinsesii\" \/>\n<meta property=\"article:published_time\" content=\"2024-10-23T13:28:39+00:00\" \/>\n<meta property=\"og:image\" content=\"https:\/\/brtk.net\/wp-content\/uploads\/2024\/10\/23\/bando.jpg?ver=fa29fc9166993d3188886780641a9bd8\" \/>\n<meta name=\"author\" content=\"Kuzeyin Sesi\" \/>\n<meta name=\"twitter:card\" content=\"summary_large_image\" \/>\n<meta name=\"twitter:creator\" content=\"@kuzeyinsesii\" \/>\n<meta name=\"twitter:site\" content=\"@kuzeyinsesii\" \/>\n<meta name=\"twitter:label1\" content=\"Yazan:\" \/>\n\t<meta name=\"twitter:data1\" content=\"Kuzeyin Sesi\" \/>\n\t<meta name=\"twitter:label2\" content=\"Tahmini okuma s\u00fcresi\" \/>\n\t<meta name=\"twitter:data2\" content=\"1 dakika\" \/>\n<script type=\"application\/ld+json\" class=\"yoast-schema-graph\">{\"@context\":\"https:\\\/\\\/schema.org\",\"@graph\":[{\"@type\":\"Article\",\"@id\":\"https:\\\/\\\/kuzeyinsesi.org\\\/index.php\\\/2024\\\/10\\\/23\\\/cumhuriyet-bayrami-kapsaminda-bircok-ilde-ve-kktcde-bando-konserleri-duzenleniyor\\\/#article\",\"isPartOf\":{\"@id\":\"https:\\\/\\\/kuzeyinsesi.org\\\/index.php\\\/2024\\\/10\\\/23\\\/cumhuriyet-bayrami-kapsaminda-bircok-ilde-ve-kktcde-bando-konserleri-duzenleniyor\\\/\"},\"author\":{\"name\":\"Kuzeyin Sesi\",\"@id\":\"https:\\\/\\\/kuzeyinsesi.org\\\/#\\\/schema\\\/person\\\/9f859689cdf01485597712386e37f5aa\"},\"headline\":\"Cumhuriyet Bayram\u0131 kapsam\u0131nda bir\u00e7ok ilde ve KKTC\u2019de bando konserleri d\u00fczenleniyor\",\"datePublished\":\"2024-10-23T13:28:39+00:00\",\"mainEntityOfPage\":{\"@id\":\"https:\\\/\\\/kuzeyinsesi.org\\\/index.php\\\/2024\\\/10\\\/23\\\/cumhuriyet-bayrami-kapsaminda-bircok-ilde-ve-kktcde-bando-konserleri-duzenleniyor\\\/\"},\"wordCount\":154,\"commentCount\":0,\"image\":{\"@id\":\"https:\\\/\\\/kuzeyinsesi.org\\\/index.php\\\/2024\\\/10\\\/23\\\/cumhuriyet-bayrami-kapsaminda-bircok-ilde-ve-kktcde-bando-konserleri-duzenleniyor\\\/#primaryimage\"},\"thumbnailUrl\":\"https:\\\/\\\/kuzeyinsesi.org\\\/wp-content\\\/uploads\\\/2024\\\/10\\\/bando.jpg\",\"articleSection\":[\"Ya\u015fam\"],\"inLanguage\":\"tr\",\"potentialAction\":[{\"@type\":\"CommentAction\",\"name\":\"Comment\",\"target\":[\"https:\\\/\\\/kuzeyinsesi.org\\\/index.php\\\/2024\\\/10\\\/23\\\/cumhuriyet-bayrami-kapsaminda-bircok-ilde-ve-kktcde-bando-konserleri-duzenleniyor\\\/#respond\"]}]},{\"@type\":\"WebPage\",\"@id\":\"https:\\\/\\\/kuzeyinsesi.org\\\/index.php\\\/2024\\\/10\\\/23\\\/cumhuriyet-bayrami-kapsaminda-bircok-ilde-ve-kktcde-bando-konserleri-duzenleniyor\\\/\",\"url\":\"https:\\\/\\\/kuzeyinsesi.org\\\/index.php\\\/2024\\\/10\\\/23\\\/cumhuriyet-bayrami-kapsaminda-bircok-ilde-ve-kktcde-bando-konserleri-duzenleniyor\\\/\",\"name\":\"Cumhuriyet Bayram\u0131 kapsam\u0131nda bir\u00e7ok ilde ve KKTC\u2019de bando konserleri d\u00fczenleniyor - Kuzeyin Sesi\",\"isPartOf\":{\"@id\":\"https:\\\/\\\/kuzeyinsesi.org\\\/#website\"},\"primaryImageOfPage\":{\"@id\":\"https:\\\/\\\/kuzeyinsesi.org\\\/index.php\\\/2024\\\/10\\\/23\\\/cumhuriyet-bayrami-kapsaminda-bircok-ilde-ve-kktcde-bando-konserleri-duzenleniyor\\\/#primaryimage\"},\"image\":{\"@id\":\"https:\\\/\\\/kuzeyinsesi.org\\\/index.php\\\/2024\\\/10\\\/23\\\/cumhuriyet-bayrami-kapsaminda-bircok-ilde-ve-kktcde-bando-konserleri-duzenleniyor\\\/#primaryimage\"},\"thumbnailUrl\":\"https:\\\/\\\/kuzeyinsesi.org\\\/wp-content\\\/uploads\\\/2024\\\/10\\\/bando.jpg\",\"datePublished\":\"2024-10-23T13:28:39+00:00\",\"author\":{\"@id\":\"https:\\\/\\\/kuzeyinsesi.org\\\/#\\\/schema\\\/person\\\/9f859689cdf01485597712386e37f5aa\"},\"breadcrumb\":{\"@id\":\"https:\\\/\\\/kuzeyinsesi.org\\\/index.php\\\/2024\\\/10\\\/23\\\/cumhuriyet-bayrami-kapsaminda-bircok-ilde-ve-kktcde-bando-konserleri-duzenleniyor\\\/#breadcrumb\"},\"inLanguage\":\"tr\",\"potentialAction\":[{\"@type\":\"ReadAction\",\"target\":[\"https:\\\/\\\/kuzeyinsesi.org\\\/index.php\\\/2024\\\/10\\\/23\\\/cumhuriyet-bayrami-kapsaminda-bircok-ilde-ve-kktcde-bando-konserleri-duzenleniyor\\\/\"]}]},{\"@type\":\"ImageObject\",\"inLanguage\":\"tr\",\"@id\":\"https:\\\/\\\/kuzeyinsesi.org\\\/index.php\\\/2024\\\/10\\\/23\\\/cumhuriyet-bayrami-kapsaminda-bircok-ilde-ve-kktcde-bando-konserleri-duzenleniyor\\\/#primaryimage\",\"url\":\"https:\\\/\\\/kuzeyinsesi.org\\\/wp-content\\\/uploads\\\/2024\\\/10\\\/bando.jpg\",\"contentUrl\":\"https:\\\/\\\/kuzeyinsesi.org\\\/wp-content\\\/uploads\\\/2024\\\/10\\\/bando.jpg\",\"width\":864,\"height\":486},{\"@type\":\"BreadcrumbList\",\"@id\":\"https:\\\/\\\/kuzeyinsesi.org\\\/index.php\\\/2024\\\/10\\\/23\\\/cumhuriyet-bayrami-kapsaminda-bircok-ilde-ve-kktcde-bando-konserleri-duzenleniyor\\\/#breadcrumb\",\"itemListElement\":[{\"@type\":\"ListItem\",\"position\":1,\"name\":\"Anasayfa\",\"item\":\"https:\\\/\\\/kuzeyinsesi.org\\\/\"},{\"@type\":\"ListItem\",\"position\":2,\"name\":\"Cumhuriyet Bayram\u0131 kapsam\u0131nda bir\u00e7ok ilde ve KKTC\u2019de bando konserleri d\u00fczenleniyor\"}]},{\"@type\":\"WebSite\",\"@id\":\"https:\\\/\\\/kuzeyinsesi.org\\\/#website\",\"url\":\"https:\\\/\\\/kuzeyinsesi.org\\\/\",\"name\":\"Kuzeyin Sesi\",\"description\":\"Do\u011fru Haberin Adresi\",\"potentialAction\":[{\"@type\":\"SearchAction\",\"target\":{\"@type\":\"EntryPoint\",\"urlTemplate\":\"https:\\\/\\\/kuzeyinsesi.org\\\/?s={search_term_string}\"},\"query-input\":{\"@type\":\"PropertyValueSpecification\",\"valueRequired\":true,\"valueName\":\"search_term_string\"}}],\"inLanguage\":\"tr\"},{\"@type\":\"Person\",\"@id\":\"https:\\\/\\\/kuzeyinsesi.org\\\/#\\\/schema\\\/person\\\/9f859689cdf01485597712386e37f5aa\",\"name\":\"Kuzeyin Sesi\",\"image\":{\"@type\":\"ImageObject\",\"inLanguage\":\"tr\",\"@id\":\"https:\\\/\\\/secure.gravatar.com\\\/avatar\\\/bab33852abfd8b282518d6ed81826833d77c3c882d9ab608add591ccace47a44?s=96&d=mm&r=g\",\"url\":\"https:\\\/\\\/secure.gravatar.com\\\/avatar\\\/bab33852abfd8b282518d6ed81826833d77c3c882d9ab608add591ccace47a44?s=96&d=mm&r=g\",\"contentUrl\":\"https:\\\/\\\/secure.gravatar.com\\\/avatar\\\/bab33852abfd8b282518d6ed81826833d77c3c882d9ab608add591ccace47a44?s=96&d=mm&r=g\",\"caption\":\"Kuzeyin Sesi\"},\"sameAs\":[\"https:\\\/\\\/kuzeyinsesi.org\"],\"url\":\"https:\\\/\\\/kuzeyinsesi.org\\\/index.php\\\/author\\\/guven\\\/\"}]}<\/script>\n<!-- \/ Yoast SEO plugin. -->","yoast_head_json":{"title":"Cumhuriyet Bayram\u0131 kapsam\u0131nda bir\u00e7ok ilde ve KKTC\u2019de bando konserleri d\u00fczenleniyor - Kuzeyin Sesi","robots":{"index":"index","follow":"follow","max-snippet":"max-snippet:-1","max-image-preview":"max-image-preview:large","max-video-preview":"max-video-preview:-1"},"canonical":"https:\/\/kuzeyinsesi.org\/index.php\/2024\/10\/23\/cumhuriyet-bayrami-kapsaminda-bircok-ilde-ve-kktcde-bando-konserleri-duzenleniyor\/","og_locale":"tr_TR","og_type":"article","og_title":"Cumhuriyet Bayram\u0131 kapsam\u0131nda bir\u00e7ok ilde ve KKTC\u2019de bando konserleri d\u00fczenleniyor - Kuzeyin Sesi","og_description":"T\u00fcrkiye Milli Savunma Bakanl\u0131\u011f\u0131 (MSB), 29 Ekim Cumhuriyet Bayram\u0131 kutlamalar\u0131 kapsam\u0131nda bir\u00e7ok ilde ve Kuzey K\u0131br\u0131s T\u00fcrk Cumhuriyeti\u2019nde (KKTC) bando konserleri d\u00fczenleyece\u011fini bildirdi. Bakanl\u0131\u011f\u0131n sosyal medya hesab\u0131ndan yap\u0131lan payla\u015f\u0131mda, konserlere t\u00fcm halk davet edildi ve konser takvimine yer verildi. Konser takvimine g\u00f6re, konserler, bug\u00fcn saat 14.30\u2019da \u0130zmir\u2019in Konak Meydan\u0131\u2019nda ba\u015flayacak ve 2 Kas\u0131m saat 15.00\u2019da [&hellip;]","og_url":"https:\/\/kuzeyinsesi.org\/index.php\/2024\/10\/23\/cumhuriyet-bayrami-kapsaminda-bircok-ilde-ve-kktcde-bando-konserleri-duzenleniyor\/","og_site_name":"Kuzeyin Sesi","article_publisher":"https:\/\/www.facebook.com\/kuzeyinsesii","article_published_time":"2024-10-23T13:28:39+00:00","og_image":[{"url":"https:\/\/brtk.net\/wp-content\/uploads\/2024\/10\/23\/bando.jpg?ver=fa29fc9166993d3188886780641a9bd8","type":"","width":"","height":""}],"author":"Kuzeyin Sesi","twitter_card":"summary_large_image","twitter_creator":"@kuzeyinsesii","twitter_site":"@kuzeyinsesii","twitter_misc":{"Yazan:":"Kuzeyin Sesi","Tahmini okuma s\u00fcresi":"1 dakika"},"schema":{"@context":"https:\/\/schema.org","@graph":[{"@type":"Article","@id":"https:\/\/kuzeyinsesi.org\/index.php\/2024\/10\/23\/cumhuriyet-bayrami-kapsaminda-bircok-ilde-ve-kktcde-bando-konserleri-duzenleniyor\/#article","isPartOf":{"@id":"https:\/\/kuzeyinsesi.org\/index.php\/2024\/10\/23\/cumhuriyet-bayrami-kapsaminda-bircok-ilde-ve-kktcde-bando-konserleri-duzenleniyor\/"},"author":{"name":"Kuzeyin Sesi","@id":"https:\/\/kuzeyinsesi.org\/#\/schema\/person\/9f859689cdf01485597712386e37f5aa"},"headline":"Cumhuriyet Bayram\u0131 kapsam\u0131nda bir\u00e7ok ilde ve KKTC\u2019de bando konserleri d\u00fczenleniyor","datePublished":"2024-10-23T13:28:39+00:00","mainEntityOfPage":{"@id":"https:\/\/kuzeyinsesi.org\/index.php\/2024\/10\/23\/cumhuriyet-bayrami-kapsaminda-bircok-ilde-ve-kktcde-bando-konserleri-duzenleniyor\/"},"wordCount":154,"commentCount":0,"image":{"@id":"https:\/\/kuzeyinsesi.org\/index.php\/2024\/10\/23\/cumhuriyet-bayrami-kapsaminda-bircok-ilde-ve-kktcde-bando-konserleri-duzenleniyor\/#primaryimage"},"thumbnailUrl":"https:\/\/kuzeyinsesi.org\/wp-content\/uploads\/2024\/10\/bando.jpg","articleSection":["Ya\u015fam"],"inLanguage":"tr","potentialAction":[{"@type":"CommentAction","name":"Comment","target":["https:\/\/kuzeyinsesi.org\/index.php\/2024\/10\/23\/cumhuriyet-bayrami-kapsaminda-bircok-ilde-ve-kktcde-bando-konserleri-duzenleniyor\/#respond"]}]},{"@type":"WebPage","@id":"https:\/\/kuzeyinsesi.org\/index.php\/2024\/10\/23\/cumhuriyet-bayrami-kapsaminda-bircok-ilde-ve-kktcde-bando-konserleri-duzenleniyor\/","url":"https:\/\/kuzeyinsesi.org\/index.php\/2024\/10\/23\/cumhuriyet-bayrami-kapsaminda-bircok-ilde-ve-kktcde-bando-konserleri-duzenleniyor\/","name":"Cumhuriyet Bayram\u0131 kapsam\u0131nda bir\u00e7ok ilde ve KKTC\u2019de bando konserleri d\u00fczenleniyor - Kuzeyin Sesi","isPartOf":{"@id":"https:\/\/kuzeyinsesi.org\/#website"},"primaryImageOfPage":{"@id":"https:\/\/kuzeyinsesi.org\/index.php\/2024\/10\/23\/cumhuriyet-bayrami-kapsaminda-bircok-ilde-ve-kktcde-bando-konserleri-duzenleniyor\/#primaryimage"},"image":{"@id":"https:\/\/kuzeyinsesi.org\/index.php\/2024\/10\/23\/cumhuriyet-bayrami-kapsaminda-bircok-ilde-ve-kktcde-bando-konserleri-duzenleniyor\/#primaryimage"},"thumbnailUrl":"https:\/\/kuzeyinsesi.org\/wp-content\/uploads\/2024\/10\/bando.jpg","datePublished":"2024-10-23T13:28:39+00:00","author":{"@id":"https:\/\/kuzeyinsesi.org\/#\/schema\/person\/9f859689cdf01485597712386e37f5aa"},"breadcrumb":{"@id":"https:\/\/kuzeyinsesi.org\/index.php\/2024\/10\/23\/cumhuriyet-bayrami-kapsaminda-bircok-ilde-ve-kktcde-bando-konserleri-duzenleniyor\/#breadcrumb"},"inLanguage":"tr","potentialAction":[{"@type":"ReadAction","target":["https:\/\/kuzeyinsesi.org\/index.php\/2024\/10\/23\/cumhuriyet-bayrami-kapsaminda-bircok-ilde-ve-kktcde-bando-konserleri-duzenleniyor\/"]}]},{"@type":"ImageObject","inLanguage":"tr","@id":"https:\/\/kuzeyinsesi.org\/index.php\/2024\/10\/23\/cumhuriyet-bayrami-kapsaminda-bircok-ilde-ve-kktcde-bando-konserleri-duzenleniyor\/#primaryimage","url":"https:\/\/kuzeyinsesi.org\/wp-content\/uploads\/2024\/10\/bando.jpg","contentUrl":"https:\/\/kuzeyinsesi.org\/wp-content\/uploads\/2024\/10\/bando.jpg","width":864,"height":486},{"@type":"BreadcrumbList","@id":"https:\/\/kuzeyinsesi.org\/index.php\/2024\/10\/23\/cumhuriyet-bayrami-kapsaminda-bircok-ilde-ve-kktcde-bando-konserleri-duzenleniyor\/#breadcrumb","itemListElement":[{"@type":"ListItem","position":1,"name":"Anasayfa","item":"https:\/\/kuzeyinsesi.org\/"},{"@type":"ListItem","position":2,"name":"Cumhuriyet Bayram\u0131 kapsam\u0131nda bir\u00e7ok ilde ve KKTC\u2019de bando konserleri d\u00fczenleniyor"}]},{"@type":"WebSite","@id":"https:\/\/kuzeyinsesi.org\/#website","url":"https:\/\/kuzeyinsesi.org\/","name":"Kuzeyin Sesi","description":"Do\u011fru Haberin Adresi","potentialAction":[{"@type":"SearchAction","target":{"@type":"EntryPoint","urlTemplate":"https:\/\/kuzeyinsesi.org\/?s={search_term_string}"},"query-input":{"@type":"PropertyValueSpecification","valueRequired":true,"valueName":"search_term_string"}}],"inLanguage":"tr"},{"@type":"Person","@id":"https:\/\/kuzeyinsesi.org\/#\/schema\/person\/9f859689cdf01485597712386e37f5aa","name":"Kuzeyin Sesi","image":{"@type":"ImageObject","inLanguage":"tr","@id":"https:\/\/secure.gravatar.com\/avatar\/bab33852abfd8b282518d6ed81826833d77c3c882d9ab608add591ccace47a44?s=96&d=mm&r=g","url":"https:\/\/secure.gravatar.com\/avatar\/bab33852abfd8b282518d6ed81826833d77c3c882d9ab608add591ccace47a44?s=96&d=mm&r=g","contentUrl":"https:\/\/secure.gravatar.com\/avatar\/bab33852abfd8b282518d6ed81826833d77c3c882d9ab608add591ccace47a44?s=96&d=mm&r=g","caption":"Kuzeyin Sesi"},"sameAs":["https:\/\/kuzeyinsesi.org"],"url":"https:\/\/kuzeyinsesi.org\/index.php\/author\/guven\/"}]}},"_links":{"self":[{"href":"https:\/\/kuzeyinsesi.org\/index.php\/wp-json\/wp\/v2\/posts\/12130","targetHints":{"allow":["GET"]}}],"collection":[{"href":"https:\/\/kuzeyinsesi.org\/index.php\/wp-json\/wp\/v2\/posts"}],"about":[{"href":"https:\/\/kuzeyinsesi.org\/index.php\/wp-json\/wp\/v2\/types\/post"}],"author":[{"embeddable":true,"href":"https:\/\/kuzeyinsesi.org\/index.php\/wp-json\/wp\/v2\/users\/1"}],"replies":[{"embeddable":true,"href":"https:\/\/kuzeyinsesi.org\/index.php\/wp-json\/wp\/v2\/comments?post=12130"}],"version-history":[{"count":0,"href":"https:\/\/kuzeyinsesi.org\/index.php\/wp-json\/wp\/v2\/posts\/12130\/revisions"}],"wp:featuredmedia":[{"embeddable":true,"href":"https:\/\/kuzeyinsesi.org\/index.php\/wp-json\/wp\/v2\/media\/12131"}],"wp:attachment":[{"href":"https:\/\/kuzeyinsesi.org\/index.php\/wp-json\/wp\/v2\/media?parent=12130"}],"wp:term":[{"taxonomy":"category","embeddable":true,"href":"https:\/\/kuzeyinsesi.org\/index.php\/wp-json\/wp\/v2\/categories?post=12130"},{"taxonomy":"post_tag","embeddable":true,"href":"https:\/\/kuzeyinsesi.org\/index.php\/wp-json\/wp\/v2\/tags?post=12130"}],"curies":[{"name":"wp","href":"https:\/\/api.w.org\/{rel}","templated":true}]}}