{"id":12126,"date":"2024-10-23T15:21:44","date_gmt":"2024-10-23T12:21:44","guid":{"rendered":"https:\/\/kuzeyinsesi.org\/index.php\/2024\/10\/23\/zulfu-livaneli-sarkilari-konseri-2-ve-9-kasimda-yapilacak\/"},"modified":"2024-10-23T15:21:44","modified_gmt":"2024-10-23T12:21:44","slug":"zulfu-livaneli-sarkilari-konseri-2-ve-9-kasimda-yapilacak","status":"publish","type":"post","link":"https:\/\/kuzeyinsesi.org\/index.php\/2024\/10\/23\/zulfu-livaneli-sarkilari-konseri-2-ve-9-kasimda-yapilacak\/","title":{"rendered":"\u201cZ\u00fclf\u00fc Livaneli \u015eark\u0131lar\u0131\u201d konseri 2 ve 9 Kas\u0131m\u2019da yap\u0131lacak"},"content":{"rendered":"<div>\n<div class=\"mariselle-image-container center\">\n                                            <\/div>\n<p>Girne Belediyesi Oda Tiyatrosu\u2019nda, 2 ve 9 Kas\u0131m tarihlerinde \u201cZ\u00fclf\u00fc Livaneli \u015eark\u0131lar\u0131\u201d konseri d\u00fczenlenecek.<\/p>\n<p>Girne Belediyesi Oda Tiyatrosu\u2019ndan verilen bilgiye g\u00f6re konser, Tenor Umut Cem Ertem ve Piyanist Peter Ogunbekun e\u015fli\u011finde yap\u0131lacak.<\/p>\n<p>Konser biletleri  www.kibrisbiletcim.com adresinden veya mesai saatleri i\u00e7erisinde Girne Belediyesi Oda Tiyatrosu\u2019ndan 200 TL\u2019ye temin edilebilecek.<\/p>\n<p>S\u0131n\u0131rl\u0131 say\u0131da yer olacak etkinlikte, bilet kalmas\u0131 durumunda konser geceleri kap\u0131da da sat\u0131\u015f olacak. Bu konuda gerekli duyurular Girne Belediyesi Sosyal Medya hesaplar\u0131ndan yap\u0131lacak.<\/p>\n<\/p><\/div>\n<p><script async\n                    defer\n                    crossorigin=\"anonymous\"\n                    src=\"https:\/\/connect.facebook.net\/tr_TR\/sdk.js#xfbml=1&#038;version=v3.3\"\n            ><\/script><\/p>\n","protected":false},"excerpt":{"rendered":"<p>Girne Belediyesi Oda Tiyatrosu\u2019nda, 2 ve 9 Kas\u0131m tarihlerinde \u201cZ\u00fclf\u00fc Livaneli \u015eark\u0131lar\u0131\u201d konseri d\u00fczenlenecek. Girne Belediyesi Oda Tiyatrosu\u2019ndan verilen bilgiye g\u00f6re konser, Tenor Umut Cem Ertem ve Piyanist Peter Ogunbekun e\u015fli\u011finde yap\u0131lacak. Konser biletleri www.kibrisbiletcim.com adresinden veya mesai saatleri i\u00e7erisinde Girne Belediyesi Oda Tiyatrosu\u2019ndan 200 TL\u2019ye temin edilebilecek. S\u0131n\u0131rl\u0131 say\u0131da yer olacak etkinlikte, bilet kalmas\u0131 [&hellip;]<\/p>\n","protected":false},"author":1,"featured_media":12127,"comment_status":"open","ping_status":"open","sticky":false,"template":"","format":"standard","meta":{"jnews-multi-image_gallery":[],"jnews_single_post":[],"jnews_primary_category":[],"jnews_social_meta":[],"jnews_override_counter":[],"footnotes":""},"categories":[6],"tags":[],"class_list":["post-12126","post","type-post","status-publish","format-standard","has-post-thumbnail","hentry","category-yasam"],"yoast_head":"<!-- This site is optimized with the Yoast SEO plugin v27.4 - https:\/\/yoast.com\/product\/yoast-seo-wordpress\/ -->\n<title>\u201cZ\u00fclf\u00fc Livaneli \u015eark\u0131lar\u0131\u201d konseri 2 ve 9 Kas\u0131m\u2019da yap\u0131lacak - Kuzeyin Sesi<\/title>\n<meta name=\"robots\" content=\"index, follow, max-snippet:-1, max-image-preview:large, max-video-preview:-1\" \/>\n<link rel=\"canonical\" href=\"https:\/\/kuzeyinsesi.org\/index.php\/2024\/10\/23\/zulfu-livaneli-sarkilari-konseri-2-ve-9-kasimda-yapilacak\/\" \/>\n<meta property=\"og:locale\" content=\"tr_TR\" \/>\n<meta property=\"og:type\" content=\"article\" \/>\n<meta property=\"og:title\" content=\"\u201cZ\u00fclf\u00fc Livaneli \u015eark\u0131lar\u0131\u201d konseri 2 ve 9 Kas\u0131m\u2019da yap\u0131lacak - Kuzeyin Sesi\" \/>\n<meta property=\"og:description\" content=\"Girne Belediyesi Oda Tiyatrosu\u2019nda, 2 ve 9 Kas\u0131m tarihlerinde \u201cZ\u00fclf\u00fc Livaneli \u015eark\u0131lar\u0131\u201d konseri d\u00fczenlenecek. Girne Belediyesi Oda Tiyatrosu\u2019ndan verilen bilgiye g\u00f6re konser, Tenor Umut Cem Ertem ve Piyanist Peter Ogunbekun e\u015fli\u011finde yap\u0131lacak. Konser biletleri www.kibrisbiletcim.com adresinden veya mesai saatleri i\u00e7erisinde Girne Belediyesi Oda Tiyatrosu\u2019ndan 200 TL\u2019ye temin edilebilecek. S\u0131n\u0131rl\u0131 say\u0131da yer olacak etkinlikte, bilet kalmas\u0131 [&hellip;]\" \/>\n<meta property=\"og:url\" content=\"https:\/\/kuzeyinsesi.org\/index.php\/2024\/10\/23\/zulfu-livaneli-sarkilari-konseri-2-ve-9-kasimda-yapilacak\/\" \/>\n<meta property=\"og:site_name\" content=\"Kuzeyin Sesi\" \/>\n<meta property=\"article:publisher\" content=\"https:\/\/www.facebook.com\/kuzeyinsesii\" \/>\n<meta property=\"article:published_time\" content=\"2024-10-23T12:21:44+00:00\" \/>\n<meta property=\"og:image\" content=\"https:\/\/brtk.net\/wp-content\/uploads\/2024\/10\/23\/zulfu.jpg?ver=f780f33b610b6d3c017fbc76649fa7e6\" \/>\n<meta name=\"author\" content=\"Kuzeyin Sesi\" \/>\n<meta name=\"twitter:card\" content=\"summary_large_image\" \/>\n<meta name=\"twitter:creator\" content=\"@kuzeyinsesii\" \/>\n<meta name=\"twitter:site\" content=\"@kuzeyinsesii\" \/>\n<meta name=\"twitter:label1\" content=\"Yazan:\" \/>\n\t<meta name=\"twitter:data1\" content=\"Kuzeyin Sesi\" \/>\n<script type=\"application\/ld+json\" class=\"yoast-schema-graph\">{\"@context\":\"https:\\\/\\\/schema.org\",\"@graph\":[{\"@type\":\"Article\",\"@id\":\"https:\\\/\\\/kuzeyinsesi.org\\\/index.php\\\/2024\\\/10\\\/23\\\/zulfu-livaneli-sarkilari-konseri-2-ve-9-kasimda-yapilacak\\\/#article\",\"isPartOf\":{\"@id\":\"https:\\\/\\\/kuzeyinsesi.org\\\/index.php\\\/2024\\\/10\\\/23\\\/zulfu-livaneli-sarkilari-konseri-2-ve-9-kasimda-yapilacak\\\/\"},\"author\":{\"name\":\"Kuzeyin Sesi\",\"@id\":\"https:\\\/\\\/kuzeyinsesi.org\\\/#\\\/schema\\\/person\\\/9f859689cdf01485597712386e37f5aa\"},\"headline\":\"\u201cZ\u00fclf\u00fc Livaneli \u015eark\u0131lar\u0131\u201d konseri 2 ve 9 Kas\u0131m\u2019da yap\u0131lacak\",\"datePublished\":\"2024-10-23T12:21:44+00:00\",\"mainEntityOfPage\":{\"@id\":\"https:\\\/\\\/kuzeyinsesi.org\\\/index.php\\\/2024\\\/10\\\/23\\\/zulfu-livaneli-sarkilari-konseri-2-ve-9-kasimda-yapilacak\\\/\"},\"wordCount\":102,\"commentCount\":0,\"image\":{\"@id\":\"https:\\\/\\\/kuzeyinsesi.org\\\/index.php\\\/2024\\\/10\\\/23\\\/zulfu-livaneli-sarkilari-konseri-2-ve-9-kasimda-yapilacak\\\/#primaryimage\"},\"thumbnailUrl\":\"https:\\\/\\\/kuzeyinsesi.org\\\/wp-content\\\/uploads\\\/2024\\\/10\\\/zulfu.jpg\",\"articleSection\":[\"Ya\u015fam\"],\"inLanguage\":\"tr\",\"potentialAction\":[{\"@type\":\"CommentAction\",\"name\":\"Comment\",\"target\":[\"https:\\\/\\\/kuzeyinsesi.org\\\/index.php\\\/2024\\\/10\\\/23\\\/zulfu-livaneli-sarkilari-konseri-2-ve-9-kasimda-yapilacak\\\/#respond\"]}]},{\"@type\":\"WebPage\",\"@id\":\"https:\\\/\\\/kuzeyinsesi.org\\\/index.php\\\/2024\\\/10\\\/23\\\/zulfu-livaneli-sarkilari-konseri-2-ve-9-kasimda-yapilacak\\\/\",\"url\":\"https:\\\/\\\/kuzeyinsesi.org\\\/index.php\\\/2024\\\/10\\\/23\\\/zulfu-livaneli-sarkilari-konseri-2-ve-9-kasimda-yapilacak\\\/\",\"name\":\"\u201cZ\u00fclf\u00fc Livaneli \u015eark\u0131lar\u0131\u201d konseri 2 ve 9 Kas\u0131m\u2019da yap\u0131lacak - Kuzeyin Sesi\",\"isPartOf\":{\"@id\":\"https:\\\/\\\/kuzeyinsesi.org\\\/#website\"},\"primaryImageOfPage\":{\"@id\":\"https:\\\/\\\/kuzeyinsesi.org\\\/index.php\\\/2024\\\/10\\\/23\\\/zulfu-livaneli-sarkilari-konseri-2-ve-9-kasimda-yapilacak\\\/#primaryimage\"},\"image\":{\"@id\":\"https:\\\/\\\/kuzeyinsesi.org\\\/index.php\\\/2024\\\/10\\\/23\\\/zulfu-livaneli-sarkilari-konseri-2-ve-9-kasimda-yapilacak\\\/#primaryimage\"},\"thumbnailUrl\":\"https:\\\/\\\/kuzeyinsesi.org\\\/wp-content\\\/uploads\\\/2024\\\/10\\\/zulfu.jpg\",\"datePublished\":\"2024-10-23T12:21:44+00:00\",\"author\":{\"@id\":\"https:\\\/\\\/kuzeyinsesi.org\\\/#\\\/schema\\\/person\\\/9f859689cdf01485597712386e37f5aa\"},\"breadcrumb\":{\"@id\":\"https:\\\/\\\/kuzeyinsesi.org\\\/index.php\\\/2024\\\/10\\\/23\\\/zulfu-livaneli-sarkilari-konseri-2-ve-9-kasimda-yapilacak\\\/#breadcrumb\"},\"inLanguage\":\"tr\",\"potentialAction\":[{\"@type\":\"ReadAction\",\"target\":[\"https:\\\/\\\/kuzeyinsesi.org\\\/index.php\\\/2024\\\/10\\\/23\\\/zulfu-livaneli-sarkilari-konseri-2-ve-9-kasimda-yapilacak\\\/\"]}]},{\"@type\":\"ImageObject\",\"inLanguage\":\"tr\",\"@id\":\"https:\\\/\\\/kuzeyinsesi.org\\\/index.php\\\/2024\\\/10\\\/23\\\/zulfu-livaneli-sarkilari-konseri-2-ve-9-kasimda-yapilacak\\\/#primaryimage\",\"url\":\"https:\\\/\\\/kuzeyinsesi.org\\\/wp-content\\\/uploads\\\/2024\\\/10\\\/zulfu.jpg\",\"contentUrl\":\"https:\\\/\\\/kuzeyinsesi.org\\\/wp-content\\\/uploads\\\/2024\\\/10\\\/zulfu.jpg\",\"width\":1235,\"height\":583},{\"@type\":\"BreadcrumbList\",\"@id\":\"https:\\\/\\\/kuzeyinsesi.org\\\/index.php\\\/2024\\\/10\\\/23\\\/zulfu-livaneli-sarkilari-konseri-2-ve-9-kasimda-yapilacak\\\/#breadcrumb\",\"itemListElement\":[{\"@type\":\"ListItem\",\"position\":1,\"name\":\"Anasayfa\",\"item\":\"https:\\\/\\\/kuzeyinsesi.org\\\/\"},{\"@type\":\"ListItem\",\"position\":2,\"name\":\"\u201cZ\u00fclf\u00fc Livaneli \u015eark\u0131lar\u0131\u201d konseri 2 ve 9 Kas\u0131m\u2019da yap\u0131lacak\"}]},{\"@type\":\"WebSite\",\"@id\":\"https:\\\/\\\/kuzeyinsesi.org\\\/#website\",\"url\":\"https:\\\/\\\/kuzeyinsesi.org\\\/\",\"name\":\"Kuzeyin Sesi\",\"description\":\"Do\u011fru Haberin Adresi\",\"potentialAction\":[{\"@type\":\"SearchAction\",\"target\":{\"@type\":\"EntryPoint\",\"urlTemplate\":\"https:\\\/\\\/kuzeyinsesi.org\\\/?s={search_term_string}\"},\"query-input\":{\"@type\":\"PropertyValueSpecification\",\"valueRequired\":true,\"valueName\":\"search_term_string\"}}],\"inLanguage\":\"tr\"},{\"@type\":\"Person\",\"@id\":\"https:\\\/\\\/kuzeyinsesi.org\\\/#\\\/schema\\\/person\\\/9f859689cdf01485597712386e37f5aa\",\"name\":\"Kuzeyin Sesi\",\"image\":{\"@type\":\"ImageObject\",\"inLanguage\":\"tr\",\"@id\":\"https:\\\/\\\/secure.gravatar.com\\\/avatar\\\/bab33852abfd8b282518d6ed81826833d77c3c882d9ab608add591ccace47a44?s=96&d=mm&r=g\",\"url\":\"https:\\\/\\\/secure.gravatar.com\\\/avatar\\\/bab33852abfd8b282518d6ed81826833d77c3c882d9ab608add591ccace47a44?s=96&d=mm&r=g\",\"contentUrl\":\"https:\\\/\\\/secure.gravatar.com\\\/avatar\\\/bab33852abfd8b282518d6ed81826833d77c3c882d9ab608add591ccace47a44?s=96&d=mm&r=g\",\"caption\":\"Kuzeyin Sesi\"},\"sameAs\":[\"https:\\\/\\\/kuzeyinsesi.org\"],\"url\":\"https:\\\/\\\/kuzeyinsesi.org\\\/index.php\\\/author\\\/guven\\\/\"}]}<\/script>\n<!-- \/ Yoast SEO plugin. -->","yoast_head_json":{"title":"\u201cZ\u00fclf\u00fc Livaneli \u015eark\u0131lar\u0131\u201d konseri 2 ve 9 Kas\u0131m\u2019da yap\u0131lacak - Kuzeyin Sesi","robots":{"index":"index","follow":"follow","max-snippet":"max-snippet:-1","max-image-preview":"max-image-preview:large","max-video-preview":"max-video-preview:-1"},"canonical":"https:\/\/kuzeyinsesi.org\/index.php\/2024\/10\/23\/zulfu-livaneli-sarkilari-konseri-2-ve-9-kasimda-yapilacak\/","og_locale":"tr_TR","og_type":"article","og_title":"\u201cZ\u00fclf\u00fc Livaneli \u015eark\u0131lar\u0131\u201d konseri 2 ve 9 Kas\u0131m\u2019da yap\u0131lacak - Kuzeyin Sesi","og_description":"Girne Belediyesi Oda Tiyatrosu\u2019nda, 2 ve 9 Kas\u0131m tarihlerinde \u201cZ\u00fclf\u00fc Livaneli \u015eark\u0131lar\u0131\u201d konseri d\u00fczenlenecek. Girne Belediyesi Oda Tiyatrosu\u2019ndan verilen bilgiye g\u00f6re konser, Tenor Umut Cem Ertem ve Piyanist Peter Ogunbekun e\u015fli\u011finde yap\u0131lacak. Konser biletleri www.kibrisbiletcim.com adresinden veya mesai saatleri i\u00e7erisinde Girne Belediyesi Oda Tiyatrosu\u2019ndan 200 TL\u2019ye temin edilebilecek. S\u0131n\u0131rl\u0131 say\u0131da yer olacak etkinlikte, bilet kalmas\u0131 [&hellip;]","og_url":"https:\/\/kuzeyinsesi.org\/index.php\/2024\/10\/23\/zulfu-livaneli-sarkilari-konseri-2-ve-9-kasimda-yapilacak\/","og_site_name":"Kuzeyin Sesi","article_publisher":"https:\/\/www.facebook.com\/kuzeyinsesii","article_published_time":"2024-10-23T12:21:44+00:00","og_image":[{"url":"https:\/\/brtk.net\/wp-content\/uploads\/2024\/10\/23\/zulfu.jpg?ver=f780f33b610b6d3c017fbc76649fa7e6","type":"","width":"","height":""}],"author":"Kuzeyin Sesi","twitter_card":"summary_large_image","twitter_creator":"@kuzeyinsesii","twitter_site":"@kuzeyinsesii","twitter_misc":{"Yazan:":"Kuzeyin Sesi"},"schema":{"@context":"https:\/\/schema.org","@graph":[{"@type":"Article","@id":"https:\/\/kuzeyinsesi.org\/index.php\/2024\/10\/23\/zulfu-livaneli-sarkilari-konseri-2-ve-9-kasimda-yapilacak\/#article","isPartOf":{"@id":"https:\/\/kuzeyinsesi.org\/index.php\/2024\/10\/23\/zulfu-livaneli-sarkilari-konseri-2-ve-9-kasimda-yapilacak\/"},"author":{"name":"Kuzeyin Sesi","@id":"https:\/\/kuzeyinsesi.org\/#\/schema\/person\/9f859689cdf01485597712386e37f5aa"},"headline":"\u201cZ\u00fclf\u00fc Livaneli \u015eark\u0131lar\u0131\u201d konseri 2 ve 9 Kas\u0131m\u2019da yap\u0131lacak","datePublished":"2024-10-23T12:21:44+00:00","mainEntityOfPage":{"@id":"https:\/\/kuzeyinsesi.org\/index.php\/2024\/10\/23\/zulfu-livaneli-sarkilari-konseri-2-ve-9-kasimda-yapilacak\/"},"wordCount":102,"commentCount":0,"image":{"@id":"https:\/\/kuzeyinsesi.org\/index.php\/2024\/10\/23\/zulfu-livaneli-sarkilari-konseri-2-ve-9-kasimda-yapilacak\/#primaryimage"},"thumbnailUrl":"https:\/\/kuzeyinsesi.org\/wp-content\/uploads\/2024\/10\/zulfu.jpg","articleSection":["Ya\u015fam"],"inLanguage":"tr","potentialAction":[{"@type":"CommentAction","name":"Comment","target":["https:\/\/kuzeyinsesi.org\/index.php\/2024\/10\/23\/zulfu-livaneli-sarkilari-konseri-2-ve-9-kasimda-yapilacak\/#respond"]}]},{"@type":"WebPage","@id":"https:\/\/kuzeyinsesi.org\/index.php\/2024\/10\/23\/zulfu-livaneli-sarkilari-konseri-2-ve-9-kasimda-yapilacak\/","url":"https:\/\/kuzeyinsesi.org\/index.php\/2024\/10\/23\/zulfu-livaneli-sarkilari-konseri-2-ve-9-kasimda-yapilacak\/","name":"\u201cZ\u00fclf\u00fc Livaneli \u015eark\u0131lar\u0131\u201d konseri 2 ve 9 Kas\u0131m\u2019da yap\u0131lacak - Kuzeyin Sesi","isPartOf":{"@id":"https:\/\/kuzeyinsesi.org\/#website"},"primaryImageOfPage":{"@id":"https:\/\/kuzeyinsesi.org\/index.php\/2024\/10\/23\/zulfu-livaneli-sarkilari-konseri-2-ve-9-kasimda-yapilacak\/#primaryimage"},"image":{"@id":"https:\/\/kuzeyinsesi.org\/index.php\/2024\/10\/23\/zulfu-livaneli-sarkilari-konseri-2-ve-9-kasimda-yapilacak\/#primaryimage"},"thumbnailUrl":"https:\/\/kuzeyinsesi.org\/wp-content\/uploads\/2024\/10\/zulfu.jpg","datePublished":"2024-10-23T12:21:44+00:00","author":{"@id":"https:\/\/kuzeyinsesi.org\/#\/schema\/person\/9f859689cdf01485597712386e37f5aa"},"breadcrumb":{"@id":"https:\/\/kuzeyinsesi.org\/index.php\/2024\/10\/23\/zulfu-livaneli-sarkilari-konseri-2-ve-9-kasimda-yapilacak\/#breadcrumb"},"inLanguage":"tr","potentialAction":[{"@type":"ReadAction","target":["https:\/\/kuzeyinsesi.org\/index.php\/2024\/10\/23\/zulfu-livaneli-sarkilari-konseri-2-ve-9-kasimda-yapilacak\/"]}]},{"@type":"ImageObject","inLanguage":"tr","@id":"https:\/\/kuzeyinsesi.org\/index.php\/2024\/10\/23\/zulfu-livaneli-sarkilari-konseri-2-ve-9-kasimda-yapilacak\/#primaryimage","url":"https:\/\/kuzeyinsesi.org\/wp-content\/uploads\/2024\/10\/zulfu.jpg","contentUrl":"https:\/\/kuzeyinsesi.org\/wp-content\/uploads\/2024\/10\/zulfu.jpg","width":1235,"height":583},{"@type":"BreadcrumbList","@id":"https:\/\/kuzeyinsesi.org\/index.php\/2024\/10\/23\/zulfu-livaneli-sarkilari-konseri-2-ve-9-kasimda-yapilacak\/#breadcrumb","itemListElement":[{"@type":"ListItem","position":1,"name":"Anasayfa","item":"https:\/\/kuzeyinsesi.org\/"},{"@type":"ListItem","position":2,"name":"\u201cZ\u00fclf\u00fc Livaneli \u015eark\u0131lar\u0131\u201d konseri 2 ve 9 Kas\u0131m\u2019da yap\u0131lacak"}]},{"@type":"WebSite","@id":"https:\/\/kuzeyinsesi.org\/#website","url":"https:\/\/kuzeyinsesi.org\/","name":"Kuzeyin Sesi","description":"Do\u011fru Haberin Adresi","potentialAction":[{"@type":"SearchAction","target":{"@type":"EntryPoint","urlTemplate":"https:\/\/kuzeyinsesi.org\/?s={search_term_string}"},"query-input":{"@type":"PropertyValueSpecification","valueRequired":true,"valueName":"search_term_string"}}],"inLanguage":"tr"},{"@type":"Person","@id":"https:\/\/kuzeyinsesi.org\/#\/schema\/person\/9f859689cdf01485597712386e37f5aa","name":"Kuzeyin Sesi","image":{"@type":"ImageObject","inLanguage":"tr","@id":"https:\/\/secure.gravatar.com\/avatar\/bab33852abfd8b282518d6ed81826833d77c3c882d9ab608add591ccace47a44?s=96&d=mm&r=g","url":"https:\/\/secure.gravatar.com\/avatar\/bab33852abfd8b282518d6ed81826833d77c3c882d9ab608add591ccace47a44?s=96&d=mm&r=g","contentUrl":"https:\/\/secure.gravatar.com\/avatar\/bab33852abfd8b282518d6ed81826833d77c3c882d9ab608add591ccace47a44?s=96&d=mm&r=g","caption":"Kuzeyin Sesi"},"sameAs":["https:\/\/kuzeyinsesi.org"],"url":"https:\/\/kuzeyinsesi.org\/index.php\/author\/guven\/"}]}},"_links":{"self":[{"href":"https:\/\/kuzeyinsesi.org\/index.php\/wp-json\/wp\/v2\/posts\/12126","targetHints":{"allow":["GET"]}}],"collection":[{"href":"https:\/\/kuzeyinsesi.org\/index.php\/wp-json\/wp\/v2\/posts"}],"about":[{"href":"https:\/\/kuzeyinsesi.org\/index.php\/wp-json\/wp\/v2\/types\/post"}],"author":[{"embeddable":true,"href":"https:\/\/kuzeyinsesi.org\/index.php\/wp-json\/wp\/v2\/users\/1"}],"replies":[{"embeddable":true,"href":"https:\/\/kuzeyinsesi.org\/index.php\/wp-json\/wp\/v2\/comments?post=12126"}],"version-history":[{"count":0,"href":"https:\/\/kuzeyinsesi.org\/index.php\/wp-json\/wp\/v2\/posts\/12126\/revisions"}],"wp:featuredmedia":[{"embeddable":true,"href":"https:\/\/kuzeyinsesi.org\/index.php\/wp-json\/wp\/v2\/media\/12127"}],"wp:attachment":[{"href":"https:\/\/kuzeyinsesi.org\/index.php\/wp-json\/wp\/v2\/media?parent=12126"}],"wp:term":[{"taxonomy":"category","embeddable":true,"href":"https:\/\/kuzeyinsesi.org\/index.php\/wp-json\/wp\/v2\/categories?post=12126"},{"taxonomy":"post_tag","embeddable":true,"href":"https:\/\/kuzeyinsesi.org\/index.php\/wp-json\/wp\/v2\/tags?post=12126"}],"curies":[{"name":"wp","href":"https:\/\/api.w.org\/{rel}","templated":true}]}}