{"id":12094,"date":"2024-10-22T20:45:05","date_gmt":"2024-10-22T17:45:05","guid":{"rendered":"https:\/\/kuzeyinsesi.org\/index.php\/2024\/10\/22\/girne-tiyatro-sunun-yarim-canlar-destani-adli-oyunu-kasimda-girnede-sahneleniyor\/"},"modified":"2024-10-22T20:45:05","modified_gmt":"2024-10-22T17:45:05","slug":"girne-tiyatro-sunun-yarim-canlar-destani-adli-oyunu-kasimda-girnede-sahneleniyor","status":"publish","type":"post","link":"https:\/\/kuzeyinsesi.org\/index.php\/2024\/10\/22\/girne-tiyatro-sunun-yarim-canlar-destani-adli-oyunu-kasimda-girnede-sahneleniyor\/","title":{"rendered":"Girne Tiyatro Su\u2019nun \u201cYar\u0131m Canlar Destan\u0131\u201d adl\u0131 oyunu kas\u0131mda Girne\u2019de sahneleniyor"},"content":{"rendered":"<div>\n<div class=\"mariselle-image-container none\">\n                                            <\/div>\n<p>Girne Tiyatro Su taraf\u0131ndan haz\u0131rlanan \u201cYar\u0131m Canlar Destan\u0131\u201d adl\u0131 oyun 1, 8, 15 ve 29 Kas\u0131m tarihlerinde sahneleniyor.<\/p>\n<p>Girne Tiyatro Su\u2019dan yap\u0131lan a\u00e7\u0131klamaya g\u00f6re, Girne Tiyatro Su ve Alt\u0131\u00fcst\u00fc Kabare ortak prod\u00fcksiyonu olan oyunun K\u0131br\u0131sl\u0131 herkesin ayr\u0131ca g\u00f6\u00e7e zorlanan herkesin ya\u015fam\u0131ndan kesitler bulaca\u011f\u0131 s\u00fcr\u00fckleyici bir oyun oldu\u011fu kaydedildi.<\/p>\n<p>A\u00e7\u0131klamada, \u201cZaman bulan\u0131nca yaralara, ac\u0131lar diner mi? K\u0131br\u0131s. Akdeniz\u2019in orta yerinde, bar\u0131\u015f\u0131n ve karde\u015fli\u011fin ac\u0131larla harmanland\u0131\u011f\u0131 ada ve adan\u0131n i\u00e7inde bir Derman.\u00a0 Derman Atik\u2019in tiyatro dolu ya\u015fam\u0131n\u0131 konu alan \u2018Yar\u0131m Canlar Destan\u0131\u2019 oyunu K\u0131br\u0131s\u2019\u0131n y\u00fczy\u0131llard\u0131r biriktirdi\u011fi ge\u00e7mi\u015fini de miras olarak al\u0131p, seyirciyle bu hikayede bulu\u015fmay\u0131 bekliyor.\u201d ifadelerine yer verildi.<\/p>\n<p>Girne Belediyesi Oda Tiyatrosu\u2019nda saat 20.00\u2019de sahnelenecek oyunun +16 ya\u015f kategorisi olarak izleyiciyle bulu\u015ftu\u011funun belirtildi\u011fi a\u00e7\u0131klamada, Bur\u00e7han G\u00f6ze\u2019nin yazd\u0131\u011f\u0131 ve y\u00f6netti\u011fi oyunun yard\u0131mc\u0131 y\u00f6netmenli\u011fini \u00d6zge G\u00fcnay G\u00f6ze yap\u0131yor.<\/p>\n<p>Esel Fatma T\u00fcney\u2019in reji asistanl\u0131\u011f\u0131n\u0131 \u00fcstlendi\u011fi \u0131\u015f\u0131k uygulamas\u0131n\u0131n ise Mehmet Sayg\u0131er\u2019in yapt\u0131\u011f\u0131 oyunda Cenk G\u00fcr\u00e7a\u011f, Derman Atik ve \u0130lk\u015fen Varo\u011flu Atik rol al\u0131yor. Ayr\u0131ca oyunda Cemile G\u00fcr\u00e7a\u011f ve \u0130lde Atik de solist olarak g\u00f6rev al\u0131yor.<\/p>\n<p>A\u00e7\u0131klamada, oyunun pr\u00f6miyeri olan 1 Kas\u0131m Cuma biletlerinin t\u00fckendi\u011fi ancak 8, 15 ve 29 Kas\u0131m\u2019daki Girne g\u00f6sterileri i\u00e7in biletlerin \u201cwww.kibrisbiletcim.com\u201ddan ve oyun g\u00fcnleri 18.30\u2019dan itibaren giri\u015fte al\u0131nabilece\u011fi belirtildi.<\/p>\n<\/p><\/div>\n<p><script async\n                    defer\n                    crossorigin=\"anonymous\"\n                    src=\"https:\/\/connect.facebook.net\/tr_TR\/sdk.js#xfbml=1&#038;version=v3.3\"\n            ><\/script><\/p>\n","protected":false},"excerpt":{"rendered":"<p>Girne Tiyatro Su taraf\u0131ndan haz\u0131rlanan \u201cYar\u0131m Canlar Destan\u0131\u201d adl\u0131 oyun 1, 8, 15 ve 29 Kas\u0131m tarihlerinde sahneleniyor. Girne Tiyatro Su\u2019dan yap\u0131lan a\u00e7\u0131klamaya g\u00f6re, Girne Tiyatro Su ve Alt\u0131\u00fcst\u00fc Kabare ortak prod\u00fcksiyonu olan oyunun K\u0131br\u0131sl\u0131 herkesin ayr\u0131ca g\u00f6\u00e7e zorlanan herkesin ya\u015fam\u0131ndan kesitler bulaca\u011f\u0131 s\u00fcr\u00fckleyici bir oyun oldu\u011fu kaydedildi. A\u00e7\u0131klamada, \u201cZaman bulan\u0131nca yaralara, ac\u0131lar diner mi? [&hellip;]<\/p>\n","protected":false},"author":1,"featured_media":12095,"comment_status":"open","ping_status":"open","sticky":false,"template":"","format":"standard","meta":{"jnews-multi-image_gallery":[],"jnews_single_post":[],"jnews_primary_category":[],"jnews_social_meta":[],"jnews_override_counter":[],"footnotes":""},"categories":[6],"tags":[],"class_list":["post-12094","post","type-post","status-publish","format-standard","has-post-thumbnail","hentry","category-yasam"],"yoast_head":"<!-- This site is optimized with the Yoast SEO plugin v27.4 - https:\/\/yoast.com\/product\/yoast-seo-wordpress\/ -->\n<title>Girne Tiyatro Su\u2019nun \u201cYar\u0131m Canlar Destan\u0131\u201d adl\u0131 oyunu kas\u0131mda Girne\u2019de sahneleniyor - Kuzeyin Sesi<\/title>\n<meta name=\"robots\" content=\"index, follow, max-snippet:-1, max-image-preview:large, max-video-preview:-1\" \/>\n<link rel=\"canonical\" href=\"https:\/\/kuzeyinsesi.org\/index.php\/2024\/10\/22\/girne-tiyatro-sunun-yarim-canlar-destani-adli-oyunu-kasimda-girnede-sahneleniyor\/\" \/>\n<meta property=\"og:locale\" content=\"tr_TR\" \/>\n<meta property=\"og:type\" content=\"article\" \/>\n<meta property=\"og:title\" content=\"Girne Tiyatro Su\u2019nun \u201cYar\u0131m Canlar Destan\u0131\u201d adl\u0131 oyunu kas\u0131mda Girne\u2019de sahneleniyor - Kuzeyin Sesi\" \/>\n<meta property=\"og:description\" content=\"Girne Tiyatro Su taraf\u0131ndan haz\u0131rlanan \u201cYar\u0131m Canlar Destan\u0131\u201d adl\u0131 oyun 1, 8, 15 ve 29 Kas\u0131m tarihlerinde sahneleniyor. Girne Tiyatro Su\u2019dan yap\u0131lan a\u00e7\u0131klamaya g\u00f6re, Girne Tiyatro Su ve Alt\u0131\u00fcst\u00fc Kabare ortak prod\u00fcksiyonu olan oyunun K\u0131br\u0131sl\u0131 herkesin ayr\u0131ca g\u00f6\u00e7e zorlanan herkesin ya\u015fam\u0131ndan kesitler bulaca\u011f\u0131 s\u00fcr\u00fckleyici bir oyun oldu\u011fu kaydedildi. A\u00e7\u0131klamada, \u201cZaman bulan\u0131nca yaralara, ac\u0131lar diner mi? [&hellip;]\" \/>\n<meta property=\"og:url\" content=\"https:\/\/kuzeyinsesi.org\/index.php\/2024\/10\/22\/girne-tiyatro-sunun-yarim-canlar-destani-adli-oyunu-kasimda-girnede-sahneleniyor\/\" \/>\n<meta property=\"og:site_name\" content=\"Kuzeyin Sesi\" \/>\n<meta property=\"article:publisher\" content=\"https:\/\/www.facebook.com\/kuzeyinsesii\" \/>\n<meta property=\"article:published_time\" content=\"2024-10-22T17:45:05+00:00\" \/>\n<meta property=\"og:image\" content=\"https:\/\/brtk.net\/wp-content\/uploads\/2024\/10\/22\/yarim-canlar-destani-1-.jpg?ver=c95fd5eacc83e0da824ffb932217d20c\" \/>\n<meta name=\"author\" content=\"Kuzeyin Sesi\" \/>\n<meta name=\"twitter:card\" content=\"summary_large_image\" \/>\n<meta name=\"twitter:creator\" content=\"@kuzeyinsesii\" \/>\n<meta name=\"twitter:site\" content=\"@kuzeyinsesii\" \/>\n<meta name=\"twitter:label1\" content=\"Yazan:\" \/>\n\t<meta name=\"twitter:data1\" content=\"Kuzeyin Sesi\" \/>\n\t<meta name=\"twitter:label2\" content=\"Tahmini okuma s\u00fcresi\" \/>\n\t<meta name=\"twitter:data2\" content=\"1 dakika\" \/>\n<script type=\"application\/ld+json\" class=\"yoast-schema-graph\">{\"@context\":\"https:\\\/\\\/schema.org\",\"@graph\":[{\"@type\":\"Article\",\"@id\":\"https:\\\/\\\/kuzeyinsesi.org\\\/index.php\\\/2024\\\/10\\\/22\\\/girne-tiyatro-sunun-yarim-canlar-destani-adli-oyunu-kasimda-girnede-sahneleniyor\\\/#article\",\"isPartOf\":{\"@id\":\"https:\\\/\\\/kuzeyinsesi.org\\\/index.php\\\/2024\\\/10\\\/22\\\/girne-tiyatro-sunun-yarim-canlar-destani-adli-oyunu-kasimda-girnede-sahneleniyor\\\/\"},\"author\":{\"name\":\"Kuzeyin Sesi\",\"@id\":\"https:\\\/\\\/kuzeyinsesi.org\\\/#\\\/schema\\\/person\\\/9f859689cdf01485597712386e37f5aa\"},\"headline\":\"Girne Tiyatro Su\u2019nun \u201cYar\u0131m Canlar Destan\u0131\u201d adl\u0131 oyunu kas\u0131mda Girne\u2019de sahneleniyor\",\"datePublished\":\"2024-10-22T17:45:05+00:00\",\"mainEntityOfPage\":{\"@id\":\"https:\\\/\\\/kuzeyinsesi.org\\\/index.php\\\/2024\\\/10\\\/22\\\/girne-tiyatro-sunun-yarim-canlar-destani-adli-oyunu-kasimda-girnede-sahneleniyor\\\/\"},\"wordCount\":290,\"commentCount\":0,\"image\":{\"@id\":\"https:\\\/\\\/kuzeyinsesi.org\\\/index.php\\\/2024\\\/10\\\/22\\\/girne-tiyatro-sunun-yarim-canlar-destani-adli-oyunu-kasimda-girnede-sahneleniyor\\\/#primaryimage\"},\"thumbnailUrl\":\"https:\\\/\\\/kuzeyinsesi.org\\\/wp-content\\\/uploads\\\/2024\\\/10\\\/yarim-canlar-destani-1-.jpg\",\"articleSection\":[\"Ya\u015fam\"],\"inLanguage\":\"tr\",\"potentialAction\":[{\"@type\":\"CommentAction\",\"name\":\"Comment\",\"target\":[\"https:\\\/\\\/kuzeyinsesi.org\\\/index.php\\\/2024\\\/10\\\/22\\\/girne-tiyatro-sunun-yarim-canlar-destani-adli-oyunu-kasimda-girnede-sahneleniyor\\\/#respond\"]}]},{\"@type\":\"WebPage\",\"@id\":\"https:\\\/\\\/kuzeyinsesi.org\\\/index.php\\\/2024\\\/10\\\/22\\\/girne-tiyatro-sunun-yarim-canlar-destani-adli-oyunu-kasimda-girnede-sahneleniyor\\\/\",\"url\":\"https:\\\/\\\/kuzeyinsesi.org\\\/index.php\\\/2024\\\/10\\\/22\\\/girne-tiyatro-sunun-yarim-canlar-destani-adli-oyunu-kasimda-girnede-sahneleniyor\\\/\",\"name\":\"Girne Tiyatro Su\u2019nun \u201cYar\u0131m Canlar Destan\u0131\u201d adl\u0131 oyunu kas\u0131mda Girne\u2019de sahneleniyor - Kuzeyin Sesi\",\"isPartOf\":{\"@id\":\"https:\\\/\\\/kuzeyinsesi.org\\\/#website\"},\"primaryImageOfPage\":{\"@id\":\"https:\\\/\\\/kuzeyinsesi.org\\\/index.php\\\/2024\\\/10\\\/22\\\/girne-tiyatro-sunun-yarim-canlar-destani-adli-oyunu-kasimda-girnede-sahneleniyor\\\/#primaryimage\"},\"image\":{\"@id\":\"https:\\\/\\\/kuzeyinsesi.org\\\/index.php\\\/2024\\\/10\\\/22\\\/girne-tiyatro-sunun-yarim-canlar-destani-adli-oyunu-kasimda-girnede-sahneleniyor\\\/#primaryimage\"},\"thumbnailUrl\":\"https:\\\/\\\/kuzeyinsesi.org\\\/wp-content\\\/uploads\\\/2024\\\/10\\\/yarim-canlar-destani-1-.jpg\",\"datePublished\":\"2024-10-22T17:45:05+00:00\",\"author\":{\"@id\":\"https:\\\/\\\/kuzeyinsesi.org\\\/#\\\/schema\\\/person\\\/9f859689cdf01485597712386e37f5aa\"},\"breadcrumb\":{\"@id\":\"https:\\\/\\\/kuzeyinsesi.org\\\/index.php\\\/2024\\\/10\\\/22\\\/girne-tiyatro-sunun-yarim-canlar-destani-adli-oyunu-kasimda-girnede-sahneleniyor\\\/#breadcrumb\"},\"inLanguage\":\"tr\",\"potentialAction\":[{\"@type\":\"ReadAction\",\"target\":[\"https:\\\/\\\/kuzeyinsesi.org\\\/index.php\\\/2024\\\/10\\\/22\\\/girne-tiyatro-sunun-yarim-canlar-destani-adli-oyunu-kasimda-girnede-sahneleniyor\\\/\"]}]},{\"@type\":\"ImageObject\",\"inLanguage\":\"tr\",\"@id\":\"https:\\\/\\\/kuzeyinsesi.org\\\/index.php\\\/2024\\\/10\\\/22\\\/girne-tiyatro-sunun-yarim-canlar-destani-adli-oyunu-kasimda-girnede-sahneleniyor\\\/#primaryimage\",\"url\":\"https:\\\/\\\/kuzeyinsesi.org\\\/wp-content\\\/uploads\\\/2024\\\/10\\\/yarim-canlar-destani-1-.jpg\",\"contentUrl\":\"https:\\\/\\\/kuzeyinsesi.org\\\/wp-content\\\/uploads\\\/2024\\\/10\\\/yarim-canlar-destani-1-.jpg\",\"width\":1599,\"height\":1066},{\"@type\":\"BreadcrumbList\",\"@id\":\"https:\\\/\\\/kuzeyinsesi.org\\\/index.php\\\/2024\\\/10\\\/22\\\/girne-tiyatro-sunun-yarim-canlar-destani-adli-oyunu-kasimda-girnede-sahneleniyor\\\/#breadcrumb\",\"itemListElement\":[{\"@type\":\"ListItem\",\"position\":1,\"name\":\"Anasayfa\",\"item\":\"https:\\\/\\\/kuzeyinsesi.org\\\/\"},{\"@type\":\"ListItem\",\"position\":2,\"name\":\"Girne Tiyatro Su\u2019nun \u201cYar\u0131m Canlar Destan\u0131\u201d adl\u0131 oyunu kas\u0131mda Girne\u2019de sahneleniyor\"}]},{\"@type\":\"WebSite\",\"@id\":\"https:\\\/\\\/kuzeyinsesi.org\\\/#website\",\"url\":\"https:\\\/\\\/kuzeyinsesi.org\\\/\",\"name\":\"Kuzeyin Sesi\",\"description\":\"Do\u011fru Haberin Adresi\",\"potentialAction\":[{\"@type\":\"SearchAction\",\"target\":{\"@type\":\"EntryPoint\",\"urlTemplate\":\"https:\\\/\\\/kuzeyinsesi.org\\\/?s={search_term_string}\"},\"query-input\":{\"@type\":\"PropertyValueSpecification\",\"valueRequired\":true,\"valueName\":\"search_term_string\"}}],\"inLanguage\":\"tr\"},{\"@type\":\"Person\",\"@id\":\"https:\\\/\\\/kuzeyinsesi.org\\\/#\\\/schema\\\/person\\\/9f859689cdf01485597712386e37f5aa\",\"name\":\"Kuzeyin Sesi\",\"image\":{\"@type\":\"ImageObject\",\"inLanguage\":\"tr\",\"@id\":\"https:\\\/\\\/secure.gravatar.com\\\/avatar\\\/bab33852abfd8b282518d6ed81826833d77c3c882d9ab608add591ccace47a44?s=96&d=mm&r=g\",\"url\":\"https:\\\/\\\/secure.gravatar.com\\\/avatar\\\/bab33852abfd8b282518d6ed81826833d77c3c882d9ab608add591ccace47a44?s=96&d=mm&r=g\",\"contentUrl\":\"https:\\\/\\\/secure.gravatar.com\\\/avatar\\\/bab33852abfd8b282518d6ed81826833d77c3c882d9ab608add591ccace47a44?s=96&d=mm&r=g\",\"caption\":\"Kuzeyin Sesi\"},\"sameAs\":[\"https:\\\/\\\/kuzeyinsesi.org\"],\"url\":\"https:\\\/\\\/kuzeyinsesi.org\\\/index.php\\\/author\\\/guven\\\/\"}]}<\/script>\n<!-- \/ Yoast SEO plugin. -->","yoast_head_json":{"title":"Girne Tiyatro Su\u2019nun \u201cYar\u0131m Canlar Destan\u0131\u201d adl\u0131 oyunu kas\u0131mda Girne\u2019de sahneleniyor - Kuzeyin Sesi","robots":{"index":"index","follow":"follow","max-snippet":"max-snippet:-1","max-image-preview":"max-image-preview:large","max-video-preview":"max-video-preview:-1"},"canonical":"https:\/\/kuzeyinsesi.org\/index.php\/2024\/10\/22\/girne-tiyatro-sunun-yarim-canlar-destani-adli-oyunu-kasimda-girnede-sahneleniyor\/","og_locale":"tr_TR","og_type":"article","og_title":"Girne Tiyatro Su\u2019nun \u201cYar\u0131m Canlar Destan\u0131\u201d adl\u0131 oyunu kas\u0131mda Girne\u2019de sahneleniyor - Kuzeyin Sesi","og_description":"Girne Tiyatro Su taraf\u0131ndan haz\u0131rlanan \u201cYar\u0131m Canlar Destan\u0131\u201d adl\u0131 oyun 1, 8, 15 ve 29 Kas\u0131m tarihlerinde sahneleniyor. Girne Tiyatro Su\u2019dan yap\u0131lan a\u00e7\u0131klamaya g\u00f6re, Girne Tiyatro Su ve Alt\u0131\u00fcst\u00fc Kabare ortak prod\u00fcksiyonu olan oyunun K\u0131br\u0131sl\u0131 herkesin ayr\u0131ca g\u00f6\u00e7e zorlanan herkesin ya\u015fam\u0131ndan kesitler bulaca\u011f\u0131 s\u00fcr\u00fckleyici bir oyun oldu\u011fu kaydedildi. A\u00e7\u0131klamada, \u201cZaman bulan\u0131nca yaralara, ac\u0131lar diner mi? [&hellip;]","og_url":"https:\/\/kuzeyinsesi.org\/index.php\/2024\/10\/22\/girne-tiyatro-sunun-yarim-canlar-destani-adli-oyunu-kasimda-girnede-sahneleniyor\/","og_site_name":"Kuzeyin Sesi","article_publisher":"https:\/\/www.facebook.com\/kuzeyinsesii","article_published_time":"2024-10-22T17:45:05+00:00","og_image":[{"url":"https:\/\/brtk.net\/wp-content\/uploads\/2024\/10\/22\/yarim-canlar-destani-1-.jpg?ver=c95fd5eacc83e0da824ffb932217d20c","type":"","width":"","height":""}],"author":"Kuzeyin Sesi","twitter_card":"summary_large_image","twitter_creator":"@kuzeyinsesii","twitter_site":"@kuzeyinsesii","twitter_misc":{"Yazan:":"Kuzeyin Sesi","Tahmini okuma s\u00fcresi":"1 dakika"},"schema":{"@context":"https:\/\/schema.org","@graph":[{"@type":"Article","@id":"https:\/\/kuzeyinsesi.org\/index.php\/2024\/10\/22\/girne-tiyatro-sunun-yarim-canlar-destani-adli-oyunu-kasimda-girnede-sahneleniyor\/#article","isPartOf":{"@id":"https:\/\/kuzeyinsesi.org\/index.php\/2024\/10\/22\/girne-tiyatro-sunun-yarim-canlar-destani-adli-oyunu-kasimda-girnede-sahneleniyor\/"},"author":{"name":"Kuzeyin Sesi","@id":"https:\/\/kuzeyinsesi.org\/#\/schema\/person\/9f859689cdf01485597712386e37f5aa"},"headline":"Girne Tiyatro Su\u2019nun \u201cYar\u0131m Canlar Destan\u0131\u201d adl\u0131 oyunu kas\u0131mda Girne\u2019de sahneleniyor","datePublished":"2024-10-22T17:45:05+00:00","mainEntityOfPage":{"@id":"https:\/\/kuzeyinsesi.org\/index.php\/2024\/10\/22\/girne-tiyatro-sunun-yarim-canlar-destani-adli-oyunu-kasimda-girnede-sahneleniyor\/"},"wordCount":290,"commentCount":0,"image":{"@id":"https:\/\/kuzeyinsesi.org\/index.php\/2024\/10\/22\/girne-tiyatro-sunun-yarim-canlar-destani-adli-oyunu-kasimda-girnede-sahneleniyor\/#primaryimage"},"thumbnailUrl":"https:\/\/kuzeyinsesi.org\/wp-content\/uploads\/2024\/10\/yarim-canlar-destani-1-.jpg","articleSection":["Ya\u015fam"],"inLanguage":"tr","potentialAction":[{"@type":"CommentAction","name":"Comment","target":["https:\/\/kuzeyinsesi.org\/index.php\/2024\/10\/22\/girne-tiyatro-sunun-yarim-canlar-destani-adli-oyunu-kasimda-girnede-sahneleniyor\/#respond"]}]},{"@type":"WebPage","@id":"https:\/\/kuzeyinsesi.org\/index.php\/2024\/10\/22\/girne-tiyatro-sunun-yarim-canlar-destani-adli-oyunu-kasimda-girnede-sahneleniyor\/","url":"https:\/\/kuzeyinsesi.org\/index.php\/2024\/10\/22\/girne-tiyatro-sunun-yarim-canlar-destani-adli-oyunu-kasimda-girnede-sahneleniyor\/","name":"Girne Tiyatro Su\u2019nun \u201cYar\u0131m Canlar Destan\u0131\u201d adl\u0131 oyunu kas\u0131mda Girne\u2019de sahneleniyor - Kuzeyin Sesi","isPartOf":{"@id":"https:\/\/kuzeyinsesi.org\/#website"},"primaryImageOfPage":{"@id":"https:\/\/kuzeyinsesi.org\/index.php\/2024\/10\/22\/girne-tiyatro-sunun-yarim-canlar-destani-adli-oyunu-kasimda-girnede-sahneleniyor\/#primaryimage"},"image":{"@id":"https:\/\/kuzeyinsesi.org\/index.php\/2024\/10\/22\/girne-tiyatro-sunun-yarim-canlar-destani-adli-oyunu-kasimda-girnede-sahneleniyor\/#primaryimage"},"thumbnailUrl":"https:\/\/kuzeyinsesi.org\/wp-content\/uploads\/2024\/10\/yarim-canlar-destani-1-.jpg","datePublished":"2024-10-22T17:45:05+00:00","author":{"@id":"https:\/\/kuzeyinsesi.org\/#\/schema\/person\/9f859689cdf01485597712386e37f5aa"},"breadcrumb":{"@id":"https:\/\/kuzeyinsesi.org\/index.php\/2024\/10\/22\/girne-tiyatro-sunun-yarim-canlar-destani-adli-oyunu-kasimda-girnede-sahneleniyor\/#breadcrumb"},"inLanguage":"tr","potentialAction":[{"@type":"ReadAction","target":["https:\/\/kuzeyinsesi.org\/index.php\/2024\/10\/22\/girne-tiyatro-sunun-yarim-canlar-destani-adli-oyunu-kasimda-girnede-sahneleniyor\/"]}]},{"@type":"ImageObject","inLanguage":"tr","@id":"https:\/\/kuzeyinsesi.org\/index.php\/2024\/10\/22\/girne-tiyatro-sunun-yarim-canlar-destani-adli-oyunu-kasimda-girnede-sahneleniyor\/#primaryimage","url":"https:\/\/kuzeyinsesi.org\/wp-content\/uploads\/2024\/10\/yarim-canlar-destani-1-.jpg","contentUrl":"https:\/\/kuzeyinsesi.org\/wp-content\/uploads\/2024\/10\/yarim-canlar-destani-1-.jpg","width":1599,"height":1066},{"@type":"BreadcrumbList","@id":"https:\/\/kuzeyinsesi.org\/index.php\/2024\/10\/22\/girne-tiyatro-sunun-yarim-canlar-destani-adli-oyunu-kasimda-girnede-sahneleniyor\/#breadcrumb","itemListElement":[{"@type":"ListItem","position":1,"name":"Anasayfa","item":"https:\/\/kuzeyinsesi.org\/"},{"@type":"ListItem","position":2,"name":"Girne Tiyatro Su\u2019nun \u201cYar\u0131m Canlar Destan\u0131\u201d adl\u0131 oyunu kas\u0131mda Girne\u2019de sahneleniyor"}]},{"@type":"WebSite","@id":"https:\/\/kuzeyinsesi.org\/#website","url":"https:\/\/kuzeyinsesi.org\/","name":"Kuzeyin Sesi","description":"Do\u011fru Haberin Adresi","potentialAction":[{"@type":"SearchAction","target":{"@type":"EntryPoint","urlTemplate":"https:\/\/kuzeyinsesi.org\/?s={search_term_string}"},"query-input":{"@type":"PropertyValueSpecification","valueRequired":true,"valueName":"search_term_string"}}],"inLanguage":"tr"},{"@type":"Person","@id":"https:\/\/kuzeyinsesi.org\/#\/schema\/person\/9f859689cdf01485597712386e37f5aa","name":"Kuzeyin Sesi","image":{"@type":"ImageObject","inLanguage":"tr","@id":"https:\/\/secure.gravatar.com\/avatar\/bab33852abfd8b282518d6ed81826833d77c3c882d9ab608add591ccace47a44?s=96&d=mm&r=g","url":"https:\/\/secure.gravatar.com\/avatar\/bab33852abfd8b282518d6ed81826833d77c3c882d9ab608add591ccace47a44?s=96&d=mm&r=g","contentUrl":"https:\/\/secure.gravatar.com\/avatar\/bab33852abfd8b282518d6ed81826833d77c3c882d9ab608add591ccace47a44?s=96&d=mm&r=g","caption":"Kuzeyin Sesi"},"sameAs":["https:\/\/kuzeyinsesi.org"],"url":"https:\/\/kuzeyinsesi.org\/index.php\/author\/guven\/"}]}},"_links":{"self":[{"href":"https:\/\/kuzeyinsesi.org\/index.php\/wp-json\/wp\/v2\/posts\/12094","targetHints":{"allow":["GET"]}}],"collection":[{"href":"https:\/\/kuzeyinsesi.org\/index.php\/wp-json\/wp\/v2\/posts"}],"about":[{"href":"https:\/\/kuzeyinsesi.org\/index.php\/wp-json\/wp\/v2\/types\/post"}],"author":[{"embeddable":true,"href":"https:\/\/kuzeyinsesi.org\/index.php\/wp-json\/wp\/v2\/users\/1"}],"replies":[{"embeddable":true,"href":"https:\/\/kuzeyinsesi.org\/index.php\/wp-json\/wp\/v2\/comments?post=12094"}],"version-history":[{"count":0,"href":"https:\/\/kuzeyinsesi.org\/index.php\/wp-json\/wp\/v2\/posts\/12094\/revisions"}],"wp:featuredmedia":[{"embeddable":true,"href":"https:\/\/kuzeyinsesi.org\/index.php\/wp-json\/wp\/v2\/media\/12095"}],"wp:attachment":[{"href":"https:\/\/kuzeyinsesi.org\/index.php\/wp-json\/wp\/v2\/media?parent=12094"}],"wp:term":[{"taxonomy":"category","embeddable":true,"href":"https:\/\/kuzeyinsesi.org\/index.php\/wp-json\/wp\/v2\/categories?post=12094"},{"taxonomy":"post_tag","embeddable":true,"href":"https:\/\/kuzeyinsesi.org\/index.php\/wp-json\/wp\/v2\/tags?post=12094"}],"curies":[{"name":"wp","href":"https:\/\/api.w.org\/{rel}","templated":true}]}}