{"id":12084,"date":"2024-10-22T19:43:33","date_gmt":"2024-10-22T16:43:33","guid":{"rendered":"https:\/\/kuzeyinsesi.org\/index.php\/2024\/10\/22\/akdenizde-bu-pazar-ecolive-hasat-festivali-var\/"},"modified":"2024-10-22T19:43:33","modified_gmt":"2024-10-22T16:43:33","slug":"akdenizde-bu-pazar-ecolive-hasat-festivali-var","status":"publish","type":"post","link":"https:\/\/kuzeyinsesi.org\/index.php\/2024\/10\/22\/akdenizde-bu-pazar-ecolive-hasat-festivali-var\/","title":{"rendered":"Akdeniz\u2019de bu pazar Ecolive Hasat Festivali var"},"content":{"rendered":"<div>\n<div class=\"mariselle-image-container none\">\n                                            <\/div>\n<p>Ecolive Hasat Festivali Pazar g\u00fcn\u00fc Akdeniz k\u00f6y\u00fcnde yap\u0131lacak.<\/p>\n<p>Verilen bilgiye g\u00f6re,\u00a0yerli \u00fcreticiyi destekleme, zeytin a\u011fac\u0131n\u0131n k\u00fclt\u00fcrel ve ekonomik de\u011ferine dikkat \u00e7ekme ve \u00e7evre dostu \u00fcretim tekniklerinin yayg\u0131nla\u015fmas\u0131na katk\u0131da bulunmay\u0131 hedefleyen ve bu y\u0131l 5\u2019incisi d\u00fczenlenecek Festival,\u00a027 Ekim Pazar sabah\u0131 saat 08.00\u2019de ba\u015flay\u0131p g\u00fcn bat\u0131m\u0131na kadar s\u00fcrecek.<\/p>\n<p>Akdeniz k\u00f6y\u00fcndeki zeytin a\u011fa\u00e7lar\u0131n\u0131n aras\u0131na kurulacak festival alan\u0131nda adan\u0131n geleneksel lezzetleriyle el eme\u011fi \u00fcr\u00fcnleri de sat\u0131\u015fa sunulacak,\u00a0kat\u0131l\u0131mc\u0131lara zeytin toplama imkan\u0131 tan\u0131nacak ve zeytinya\u011f\u0131n\u0131n \u00fcretim s\u00fcreci anlat\u0131lacak.<\/p>\n<p>Kuzey K\u0131br\u0131s Turkcell ileti\u015fim sponsorlu\u011funda, Lapta Alsancak \u00c7aml\u0131bel (LA\u00c7) Belediyesi ile K\u0131br\u0131s T\u00fcrk Sanayi Odas\u0131\u2019n\u0131n da katk\u0131lar\u0131yla d\u00fczenlenecek Ecolive Hasat Festivali\u2019nde\u00a0so\u011fuk s\u0131k\u0131m y\u00f6ntemiyle \u00fcretilen zeytinya\u011f\u0131n\u0131n yan\u0131 s\u0131ra zeytin ve \u00e7ak\u0131stes\u00a0 gibi \u00fcr\u00fcnler de sat\u0131\u015fa sunulacak.<\/p>\n<p>Mini konser, halk danslar\u0131 g\u00f6sterisi ve at\u00f6lye \u00e7al\u0131\u015fmalar\u0131n\u0131n da olaca\u011f\u0131 festivalde\u00a0zeytin hasad\u0131na kat\u0131lan \u00e7ocuklara, K\u0131br\u0131s T\u00fcrk Sanayi Odas\u0131 sponsorlu\u011funda yerli zeytin fidan\u0131 da hediye edilecek.<\/p>\n<\/p><\/div>\n<p><script async\n                    defer\n                    crossorigin=\"anonymous\"\n                    src=\"https:\/\/connect.facebook.net\/tr_TR\/sdk.js#xfbml=1&#038;version=v3.3\"\n            ><\/script><\/p>\n","protected":false},"excerpt":{"rendered":"<p>Ecolive Hasat Festivali Pazar g\u00fcn\u00fc Akdeniz k\u00f6y\u00fcnde yap\u0131lacak. Verilen bilgiye g\u00f6re,\u00a0yerli \u00fcreticiyi destekleme, zeytin a\u011fac\u0131n\u0131n k\u00fclt\u00fcrel ve ekonomik de\u011ferine dikkat \u00e7ekme ve \u00e7evre dostu \u00fcretim tekniklerinin yayg\u0131nla\u015fmas\u0131na katk\u0131da bulunmay\u0131 hedefleyen ve bu y\u0131l 5\u2019incisi d\u00fczenlenecek Festival,\u00a027 Ekim Pazar sabah\u0131 saat 08.00\u2019de ba\u015flay\u0131p g\u00fcn bat\u0131m\u0131na kadar s\u00fcrecek. Akdeniz k\u00f6y\u00fcndeki zeytin a\u011fa\u00e7lar\u0131n\u0131n aras\u0131na kurulacak festival alan\u0131nda adan\u0131n [&hellip;]<\/p>\n","protected":false},"author":1,"featured_media":12085,"comment_status":"open","ping_status":"open","sticky":false,"template":"","format":"standard","meta":{"jnews-multi-image_gallery":[],"jnews_single_post":[],"jnews_primary_category":[],"jnews_social_meta":[],"jnews_override_counter":[],"footnotes":""},"categories":[6],"tags":[],"class_list":["post-12084","post","type-post","status-publish","format-standard","has-post-thumbnail","hentry","category-yasam"],"yoast_head":"<!-- This site is optimized with the Yoast SEO plugin v27.4 - https:\/\/yoast.com\/product\/yoast-seo-wordpress\/ -->\n<title>Akdeniz\u2019de bu pazar Ecolive Hasat Festivali var - Kuzeyin Sesi<\/title>\n<meta name=\"robots\" content=\"index, follow, max-snippet:-1, max-image-preview:large, max-video-preview:-1\" \/>\n<link rel=\"canonical\" href=\"https:\/\/kuzeyinsesi.org\/index.php\/2024\/10\/22\/akdenizde-bu-pazar-ecolive-hasat-festivali-var\/\" \/>\n<meta property=\"og:locale\" content=\"tr_TR\" \/>\n<meta property=\"og:type\" content=\"article\" \/>\n<meta property=\"og:title\" content=\"Akdeniz\u2019de bu pazar Ecolive Hasat Festivali var - Kuzeyin Sesi\" \/>\n<meta property=\"og:description\" content=\"Ecolive Hasat Festivali Pazar g\u00fcn\u00fc Akdeniz k\u00f6y\u00fcnde yap\u0131lacak. Verilen bilgiye g\u00f6re,\u00a0yerli \u00fcreticiyi destekleme, zeytin a\u011fac\u0131n\u0131n k\u00fclt\u00fcrel ve ekonomik de\u011ferine dikkat \u00e7ekme ve \u00e7evre dostu \u00fcretim tekniklerinin yayg\u0131nla\u015fmas\u0131na katk\u0131da bulunmay\u0131 hedefleyen ve bu y\u0131l 5\u2019incisi d\u00fczenlenecek Festival,\u00a027 Ekim Pazar sabah\u0131 saat 08.00\u2019de ba\u015flay\u0131p g\u00fcn bat\u0131m\u0131na kadar s\u00fcrecek. Akdeniz k\u00f6y\u00fcndeki zeytin a\u011fa\u00e7lar\u0131n\u0131n aras\u0131na kurulacak festival alan\u0131nda adan\u0131n [&hellip;]\" \/>\n<meta property=\"og:url\" content=\"https:\/\/kuzeyinsesi.org\/index.php\/2024\/10\/22\/akdenizde-bu-pazar-ecolive-hasat-festivali-var\/\" \/>\n<meta property=\"og:site_name\" content=\"Kuzeyin Sesi\" \/>\n<meta property=\"article:publisher\" content=\"https:\/\/www.facebook.com\/kuzeyinsesii\" \/>\n<meta property=\"article:published_time\" content=\"2024-10-22T16:43:33+00:00\" \/>\n<meta property=\"og:image\" content=\"https:\/\/brtk.net\/wp-content\/uploads\/2024\/10\/22\/hasat-festivali-1-.jpeg?ver=81d491c9fef43a243342b75a3d07d188\" \/>\n<meta name=\"author\" content=\"Kuzeyin Sesi\" \/>\n<meta name=\"twitter:card\" content=\"summary_large_image\" \/>\n<meta name=\"twitter:creator\" content=\"@kuzeyinsesii\" \/>\n<meta name=\"twitter:site\" content=\"@kuzeyinsesii\" \/>\n<meta name=\"twitter:label1\" content=\"Yazan:\" \/>\n\t<meta name=\"twitter:data1\" content=\"Kuzeyin Sesi\" \/>\n\t<meta name=\"twitter:label2\" content=\"Tahmini okuma s\u00fcresi\" \/>\n\t<meta name=\"twitter:data2\" content=\"1 dakika\" \/>\n<script type=\"application\/ld+json\" class=\"yoast-schema-graph\">{\"@context\":\"https:\\\/\\\/schema.org\",\"@graph\":[{\"@type\":\"Article\",\"@id\":\"https:\\\/\\\/kuzeyinsesi.org\\\/index.php\\\/2024\\\/10\\\/22\\\/akdenizde-bu-pazar-ecolive-hasat-festivali-var\\\/#article\",\"isPartOf\":{\"@id\":\"https:\\\/\\\/kuzeyinsesi.org\\\/index.php\\\/2024\\\/10\\\/22\\\/akdenizde-bu-pazar-ecolive-hasat-festivali-var\\\/\"},\"author\":{\"name\":\"Kuzeyin Sesi\",\"@id\":\"https:\\\/\\\/kuzeyinsesi.org\\\/#\\\/schema\\\/person\\\/9f859689cdf01485597712386e37f5aa\"},\"headline\":\"Akdeniz\u2019de bu pazar Ecolive Hasat Festivali var\",\"datePublished\":\"2024-10-22T16:43:33+00:00\",\"mainEntityOfPage\":{\"@id\":\"https:\\\/\\\/kuzeyinsesi.org\\\/index.php\\\/2024\\\/10\\\/22\\\/akdenizde-bu-pazar-ecolive-hasat-festivali-var\\\/\"},\"wordCount\":222,\"commentCount\":0,\"image\":{\"@id\":\"https:\\\/\\\/kuzeyinsesi.org\\\/index.php\\\/2024\\\/10\\\/22\\\/akdenizde-bu-pazar-ecolive-hasat-festivali-var\\\/#primaryimage\"},\"thumbnailUrl\":\"https:\\\/\\\/kuzeyinsesi.org\\\/wp-content\\\/uploads\\\/2024\\\/10\\\/hasat-festivali-1-.jpeg\",\"articleSection\":[\"Ya\u015fam\"],\"inLanguage\":\"tr\",\"potentialAction\":[{\"@type\":\"CommentAction\",\"name\":\"Comment\",\"target\":[\"https:\\\/\\\/kuzeyinsesi.org\\\/index.php\\\/2024\\\/10\\\/22\\\/akdenizde-bu-pazar-ecolive-hasat-festivali-var\\\/#respond\"]}]},{\"@type\":\"WebPage\",\"@id\":\"https:\\\/\\\/kuzeyinsesi.org\\\/index.php\\\/2024\\\/10\\\/22\\\/akdenizde-bu-pazar-ecolive-hasat-festivali-var\\\/\",\"url\":\"https:\\\/\\\/kuzeyinsesi.org\\\/index.php\\\/2024\\\/10\\\/22\\\/akdenizde-bu-pazar-ecolive-hasat-festivali-var\\\/\",\"name\":\"Akdeniz\u2019de bu pazar Ecolive Hasat Festivali var - Kuzeyin Sesi\",\"isPartOf\":{\"@id\":\"https:\\\/\\\/kuzeyinsesi.org\\\/#website\"},\"primaryImageOfPage\":{\"@id\":\"https:\\\/\\\/kuzeyinsesi.org\\\/index.php\\\/2024\\\/10\\\/22\\\/akdenizde-bu-pazar-ecolive-hasat-festivali-var\\\/#primaryimage\"},\"image\":{\"@id\":\"https:\\\/\\\/kuzeyinsesi.org\\\/index.php\\\/2024\\\/10\\\/22\\\/akdenizde-bu-pazar-ecolive-hasat-festivali-var\\\/#primaryimage\"},\"thumbnailUrl\":\"https:\\\/\\\/kuzeyinsesi.org\\\/wp-content\\\/uploads\\\/2024\\\/10\\\/hasat-festivali-1-.jpeg\",\"datePublished\":\"2024-10-22T16:43:33+00:00\",\"author\":{\"@id\":\"https:\\\/\\\/kuzeyinsesi.org\\\/#\\\/schema\\\/person\\\/9f859689cdf01485597712386e37f5aa\"},\"breadcrumb\":{\"@id\":\"https:\\\/\\\/kuzeyinsesi.org\\\/index.php\\\/2024\\\/10\\\/22\\\/akdenizde-bu-pazar-ecolive-hasat-festivali-var\\\/#breadcrumb\"},\"inLanguage\":\"tr\",\"potentialAction\":[{\"@type\":\"ReadAction\",\"target\":[\"https:\\\/\\\/kuzeyinsesi.org\\\/index.php\\\/2024\\\/10\\\/22\\\/akdenizde-bu-pazar-ecolive-hasat-festivali-var\\\/\"]}]},{\"@type\":\"ImageObject\",\"inLanguage\":\"tr\",\"@id\":\"https:\\\/\\\/kuzeyinsesi.org\\\/index.php\\\/2024\\\/10\\\/22\\\/akdenizde-bu-pazar-ecolive-hasat-festivali-var\\\/#primaryimage\",\"url\":\"https:\\\/\\\/kuzeyinsesi.org\\\/wp-content\\\/uploads\\\/2024\\\/10\\\/hasat-festivali-1-.jpeg\",\"contentUrl\":\"https:\\\/\\\/kuzeyinsesi.org\\\/wp-content\\\/uploads\\\/2024\\\/10\\\/hasat-festivali-1-.jpeg\",\"width\":928,\"height\":751},{\"@type\":\"BreadcrumbList\",\"@id\":\"https:\\\/\\\/kuzeyinsesi.org\\\/index.php\\\/2024\\\/10\\\/22\\\/akdenizde-bu-pazar-ecolive-hasat-festivali-var\\\/#breadcrumb\",\"itemListElement\":[{\"@type\":\"ListItem\",\"position\":1,\"name\":\"Anasayfa\",\"item\":\"https:\\\/\\\/kuzeyinsesi.org\\\/\"},{\"@type\":\"ListItem\",\"position\":2,\"name\":\"Akdeniz\u2019de bu pazar Ecolive Hasat Festivali var\"}]},{\"@type\":\"WebSite\",\"@id\":\"https:\\\/\\\/kuzeyinsesi.org\\\/#website\",\"url\":\"https:\\\/\\\/kuzeyinsesi.org\\\/\",\"name\":\"Kuzeyin Sesi\",\"description\":\"Do\u011fru Haberin Adresi\",\"potentialAction\":[{\"@type\":\"SearchAction\",\"target\":{\"@type\":\"EntryPoint\",\"urlTemplate\":\"https:\\\/\\\/kuzeyinsesi.org\\\/?s={search_term_string}\"},\"query-input\":{\"@type\":\"PropertyValueSpecification\",\"valueRequired\":true,\"valueName\":\"search_term_string\"}}],\"inLanguage\":\"tr\"},{\"@type\":\"Person\",\"@id\":\"https:\\\/\\\/kuzeyinsesi.org\\\/#\\\/schema\\\/person\\\/9f859689cdf01485597712386e37f5aa\",\"name\":\"Kuzeyin Sesi\",\"image\":{\"@type\":\"ImageObject\",\"inLanguage\":\"tr\",\"@id\":\"https:\\\/\\\/secure.gravatar.com\\\/avatar\\\/bab33852abfd8b282518d6ed81826833d77c3c882d9ab608add591ccace47a44?s=96&d=mm&r=g\",\"url\":\"https:\\\/\\\/secure.gravatar.com\\\/avatar\\\/bab33852abfd8b282518d6ed81826833d77c3c882d9ab608add591ccace47a44?s=96&d=mm&r=g\",\"contentUrl\":\"https:\\\/\\\/secure.gravatar.com\\\/avatar\\\/bab33852abfd8b282518d6ed81826833d77c3c882d9ab608add591ccace47a44?s=96&d=mm&r=g\",\"caption\":\"Kuzeyin Sesi\"},\"sameAs\":[\"https:\\\/\\\/kuzeyinsesi.org\"],\"url\":\"https:\\\/\\\/kuzeyinsesi.org\\\/index.php\\\/author\\\/guven\\\/\"}]}<\/script>\n<!-- \/ Yoast SEO plugin. -->","yoast_head_json":{"title":"Akdeniz\u2019de bu pazar Ecolive Hasat Festivali var - Kuzeyin Sesi","robots":{"index":"index","follow":"follow","max-snippet":"max-snippet:-1","max-image-preview":"max-image-preview:large","max-video-preview":"max-video-preview:-1"},"canonical":"https:\/\/kuzeyinsesi.org\/index.php\/2024\/10\/22\/akdenizde-bu-pazar-ecolive-hasat-festivali-var\/","og_locale":"tr_TR","og_type":"article","og_title":"Akdeniz\u2019de bu pazar Ecolive Hasat Festivali var - Kuzeyin Sesi","og_description":"Ecolive Hasat Festivali Pazar g\u00fcn\u00fc Akdeniz k\u00f6y\u00fcnde yap\u0131lacak. Verilen bilgiye g\u00f6re,\u00a0yerli \u00fcreticiyi destekleme, zeytin a\u011fac\u0131n\u0131n k\u00fclt\u00fcrel ve ekonomik de\u011ferine dikkat \u00e7ekme ve \u00e7evre dostu \u00fcretim tekniklerinin yayg\u0131nla\u015fmas\u0131na katk\u0131da bulunmay\u0131 hedefleyen ve bu y\u0131l 5\u2019incisi d\u00fczenlenecek Festival,\u00a027 Ekim Pazar sabah\u0131 saat 08.00\u2019de ba\u015flay\u0131p g\u00fcn bat\u0131m\u0131na kadar s\u00fcrecek. Akdeniz k\u00f6y\u00fcndeki zeytin a\u011fa\u00e7lar\u0131n\u0131n aras\u0131na kurulacak festival alan\u0131nda adan\u0131n [&hellip;]","og_url":"https:\/\/kuzeyinsesi.org\/index.php\/2024\/10\/22\/akdenizde-bu-pazar-ecolive-hasat-festivali-var\/","og_site_name":"Kuzeyin Sesi","article_publisher":"https:\/\/www.facebook.com\/kuzeyinsesii","article_published_time":"2024-10-22T16:43:33+00:00","og_image":[{"url":"https:\/\/brtk.net\/wp-content\/uploads\/2024\/10\/22\/hasat-festivali-1-.jpeg?ver=81d491c9fef43a243342b75a3d07d188","type":"","width":"","height":""}],"author":"Kuzeyin Sesi","twitter_card":"summary_large_image","twitter_creator":"@kuzeyinsesii","twitter_site":"@kuzeyinsesii","twitter_misc":{"Yazan:":"Kuzeyin Sesi","Tahmini okuma s\u00fcresi":"1 dakika"},"schema":{"@context":"https:\/\/schema.org","@graph":[{"@type":"Article","@id":"https:\/\/kuzeyinsesi.org\/index.php\/2024\/10\/22\/akdenizde-bu-pazar-ecolive-hasat-festivali-var\/#article","isPartOf":{"@id":"https:\/\/kuzeyinsesi.org\/index.php\/2024\/10\/22\/akdenizde-bu-pazar-ecolive-hasat-festivali-var\/"},"author":{"name":"Kuzeyin Sesi","@id":"https:\/\/kuzeyinsesi.org\/#\/schema\/person\/9f859689cdf01485597712386e37f5aa"},"headline":"Akdeniz\u2019de bu pazar Ecolive Hasat Festivali var","datePublished":"2024-10-22T16:43:33+00:00","mainEntityOfPage":{"@id":"https:\/\/kuzeyinsesi.org\/index.php\/2024\/10\/22\/akdenizde-bu-pazar-ecolive-hasat-festivali-var\/"},"wordCount":222,"commentCount":0,"image":{"@id":"https:\/\/kuzeyinsesi.org\/index.php\/2024\/10\/22\/akdenizde-bu-pazar-ecolive-hasat-festivali-var\/#primaryimage"},"thumbnailUrl":"https:\/\/kuzeyinsesi.org\/wp-content\/uploads\/2024\/10\/hasat-festivali-1-.jpeg","articleSection":["Ya\u015fam"],"inLanguage":"tr","potentialAction":[{"@type":"CommentAction","name":"Comment","target":["https:\/\/kuzeyinsesi.org\/index.php\/2024\/10\/22\/akdenizde-bu-pazar-ecolive-hasat-festivali-var\/#respond"]}]},{"@type":"WebPage","@id":"https:\/\/kuzeyinsesi.org\/index.php\/2024\/10\/22\/akdenizde-bu-pazar-ecolive-hasat-festivali-var\/","url":"https:\/\/kuzeyinsesi.org\/index.php\/2024\/10\/22\/akdenizde-bu-pazar-ecolive-hasat-festivali-var\/","name":"Akdeniz\u2019de bu pazar Ecolive Hasat Festivali var - Kuzeyin Sesi","isPartOf":{"@id":"https:\/\/kuzeyinsesi.org\/#website"},"primaryImageOfPage":{"@id":"https:\/\/kuzeyinsesi.org\/index.php\/2024\/10\/22\/akdenizde-bu-pazar-ecolive-hasat-festivali-var\/#primaryimage"},"image":{"@id":"https:\/\/kuzeyinsesi.org\/index.php\/2024\/10\/22\/akdenizde-bu-pazar-ecolive-hasat-festivali-var\/#primaryimage"},"thumbnailUrl":"https:\/\/kuzeyinsesi.org\/wp-content\/uploads\/2024\/10\/hasat-festivali-1-.jpeg","datePublished":"2024-10-22T16:43:33+00:00","author":{"@id":"https:\/\/kuzeyinsesi.org\/#\/schema\/person\/9f859689cdf01485597712386e37f5aa"},"breadcrumb":{"@id":"https:\/\/kuzeyinsesi.org\/index.php\/2024\/10\/22\/akdenizde-bu-pazar-ecolive-hasat-festivali-var\/#breadcrumb"},"inLanguage":"tr","potentialAction":[{"@type":"ReadAction","target":["https:\/\/kuzeyinsesi.org\/index.php\/2024\/10\/22\/akdenizde-bu-pazar-ecolive-hasat-festivali-var\/"]}]},{"@type":"ImageObject","inLanguage":"tr","@id":"https:\/\/kuzeyinsesi.org\/index.php\/2024\/10\/22\/akdenizde-bu-pazar-ecolive-hasat-festivali-var\/#primaryimage","url":"https:\/\/kuzeyinsesi.org\/wp-content\/uploads\/2024\/10\/hasat-festivali-1-.jpeg","contentUrl":"https:\/\/kuzeyinsesi.org\/wp-content\/uploads\/2024\/10\/hasat-festivali-1-.jpeg","width":928,"height":751},{"@type":"BreadcrumbList","@id":"https:\/\/kuzeyinsesi.org\/index.php\/2024\/10\/22\/akdenizde-bu-pazar-ecolive-hasat-festivali-var\/#breadcrumb","itemListElement":[{"@type":"ListItem","position":1,"name":"Anasayfa","item":"https:\/\/kuzeyinsesi.org\/"},{"@type":"ListItem","position":2,"name":"Akdeniz\u2019de bu pazar Ecolive Hasat Festivali var"}]},{"@type":"WebSite","@id":"https:\/\/kuzeyinsesi.org\/#website","url":"https:\/\/kuzeyinsesi.org\/","name":"Kuzeyin Sesi","description":"Do\u011fru Haberin Adresi","potentialAction":[{"@type":"SearchAction","target":{"@type":"EntryPoint","urlTemplate":"https:\/\/kuzeyinsesi.org\/?s={search_term_string}"},"query-input":{"@type":"PropertyValueSpecification","valueRequired":true,"valueName":"search_term_string"}}],"inLanguage":"tr"},{"@type":"Person","@id":"https:\/\/kuzeyinsesi.org\/#\/schema\/person\/9f859689cdf01485597712386e37f5aa","name":"Kuzeyin Sesi","image":{"@type":"ImageObject","inLanguage":"tr","@id":"https:\/\/secure.gravatar.com\/avatar\/bab33852abfd8b282518d6ed81826833d77c3c882d9ab608add591ccace47a44?s=96&d=mm&r=g","url":"https:\/\/secure.gravatar.com\/avatar\/bab33852abfd8b282518d6ed81826833d77c3c882d9ab608add591ccace47a44?s=96&d=mm&r=g","contentUrl":"https:\/\/secure.gravatar.com\/avatar\/bab33852abfd8b282518d6ed81826833d77c3c882d9ab608add591ccace47a44?s=96&d=mm&r=g","caption":"Kuzeyin Sesi"},"sameAs":["https:\/\/kuzeyinsesi.org"],"url":"https:\/\/kuzeyinsesi.org\/index.php\/author\/guven\/"}]}},"_links":{"self":[{"href":"https:\/\/kuzeyinsesi.org\/index.php\/wp-json\/wp\/v2\/posts\/12084","targetHints":{"allow":["GET"]}}],"collection":[{"href":"https:\/\/kuzeyinsesi.org\/index.php\/wp-json\/wp\/v2\/posts"}],"about":[{"href":"https:\/\/kuzeyinsesi.org\/index.php\/wp-json\/wp\/v2\/types\/post"}],"author":[{"embeddable":true,"href":"https:\/\/kuzeyinsesi.org\/index.php\/wp-json\/wp\/v2\/users\/1"}],"replies":[{"embeddable":true,"href":"https:\/\/kuzeyinsesi.org\/index.php\/wp-json\/wp\/v2\/comments?post=12084"}],"version-history":[{"count":0,"href":"https:\/\/kuzeyinsesi.org\/index.php\/wp-json\/wp\/v2\/posts\/12084\/revisions"}],"wp:featuredmedia":[{"embeddable":true,"href":"https:\/\/kuzeyinsesi.org\/index.php\/wp-json\/wp\/v2\/media\/12085"}],"wp:attachment":[{"href":"https:\/\/kuzeyinsesi.org\/index.php\/wp-json\/wp\/v2\/media?parent=12084"}],"wp:term":[{"taxonomy":"category","embeddable":true,"href":"https:\/\/kuzeyinsesi.org\/index.php\/wp-json\/wp\/v2\/categories?post=12084"},{"taxonomy":"post_tag","embeddable":true,"href":"https:\/\/kuzeyinsesi.org\/index.php\/wp-json\/wp\/v2\/tags?post=12084"}],"curies":[{"name":"wp","href":"https:\/\/api.w.org\/{rel}","templated":true}]}}