{"id":12066,"date":"2024-10-22T15:38:24","date_gmt":"2024-10-22T12:38:24","guid":{"rendered":"https:\/\/kuzeyinsesi.org\/index.php\/2024\/10\/22\/cumhurbaskani-tatar-paylasinca-cogalir-sergisinin-acilisina-katildi\/"},"modified":"2024-10-22T15:38:24","modified_gmt":"2024-10-22T12:38:24","slug":"cumhurbaskani-tatar-paylasinca-cogalir-sergisinin-acilisina-katildi","status":"publish","type":"post","link":"https:\/\/kuzeyinsesi.org\/index.php\/2024\/10\/22\/cumhurbaskani-tatar-paylasinca-cogalir-sergisinin-acilisina-katildi\/","title":{"rendered":"Cumhurba\u015fkan\u0131 Tatar, \u2018Payla\u015f\u0131nca \u00c7o\u011fal\u0131r\u2019 sergisinin a\u00e7\u0131l\u0131\u015f\u0131na kat\u0131ld\u0131"},"content":{"rendered":"<div>\n<div class=\"mariselle-image-container center\">\n                                            <\/div>\n<p>Cumhurba\u015fkan\u0131 Ersin Tatar, \u201cAnother World Is Forever Possible of Peace\u201d temsilci ve sanat\u00e7\u0131lar\u0131n\u0131n d\u00fczenledi\u011fi Payla\u015f\u0131nca \u00c7o\u011fal\u0131r isimli serginin a\u00e7\u0131l\u0131\u015f\u0131na kat\u0131ld\u0131.<\/p>\n<p>Cumhurba\u015fkanl\u0131\u011f\u0131\u2019ndan verilen bilgiye g\u00f6re, Tatar a\u00e7\u0131l\u0131\u015fta yapt\u0131\u011f\u0131 konu\u015fmada, Kuzey K\u0131br\u0131s T\u00fcrk Cumhuriyeti\u2019ne verilen de\u011fer ve yap\u0131lan eserlerden dolay\u0131 sergide eme\u011fi ge\u00e7enlere te\u015fekk\u00fcr etti<\/p>\n<p>K\u0131br\u0131s T\u00fcrk\u00fc\u2019ne uygulanan ambargo ve izolasyonlar\u0131 k\u00fclt\u00fcr ve sanat yoluyla a\u015fmaya \u00e7al\u0131\u015ft\u0131klar\u0131n\u0131 anlatan Tatar, K\u0131br\u0131s T\u00fcrk\u00fc\u2019n\u00fcn tarihi, k\u00fclt\u00fcr\u00fc, sanat\u0131, do\u011fal g\u00fczellikleri ve ba\u015far\u0131lar\u0131 ile var oldu\u011funu ve bunlar\u0131 uluslararas\u0131 camia ile payla\u015ft\u0131\u011f\u0131n\u0131 dile getirdi.<\/p>\n<p>Kuzey K\u0131br\u0131s T\u00fcrk Cumhuriyeti\u2019ne yurtd\u0131\u015f\u0131ndan sanat\u00e7\u0131lar\u0131n gelmesi ve sergi a\u00e7mas\u0131n\u0131n \u00f6nemine i\u015faret eden Cumhurba\u015fkan\u0131 Tatar, \u201cBizler i\u00e7in b\u00fcy\u00fck onur ve de\u011ferdir\u201d dedi.<\/p>\n<p>Payla\u015fman\u0131n \u00f6nemine vurgu yapan Tatar, K\u0131br\u0131s\u2019\u0131n yan\u0131 ba\u015f\u0131nda sava\u015f ve ac\u0131lar ya\u015fan\u0131rken, Kuzey K\u0131br\u0131s T\u00fcrk Cumhuriyeti\u2019nde k\u00fclt\u00fcr ve sanat\u0131n g\u00fczelliklerinin payla\u015f\u0131ld\u0131\u011f\u0131n\u0131 kaydetti.<\/p>\n<\/p><\/div>\n<p><script async\n                    defer\n                    crossorigin=\"anonymous\"\n                    src=\"https:\/\/connect.facebook.net\/tr_TR\/sdk.js#xfbml=1&#038;version=v3.3\"\n            ><\/script><\/p>\n","protected":false},"excerpt":{"rendered":"<p>Cumhurba\u015fkan\u0131 Ersin Tatar, \u201cAnother World Is Forever Possible of Peace\u201d temsilci ve sanat\u00e7\u0131lar\u0131n\u0131n d\u00fczenledi\u011fi Payla\u015f\u0131nca \u00c7o\u011fal\u0131r isimli serginin a\u00e7\u0131l\u0131\u015f\u0131na kat\u0131ld\u0131. Cumhurba\u015fkanl\u0131\u011f\u0131\u2019ndan verilen bilgiye g\u00f6re, Tatar a\u00e7\u0131l\u0131\u015fta yapt\u0131\u011f\u0131 konu\u015fmada, Kuzey K\u0131br\u0131s T\u00fcrk Cumhuriyeti\u2019ne verilen de\u011fer ve yap\u0131lan eserlerden dolay\u0131 sergide eme\u011fi ge\u00e7enlere te\u015fekk\u00fcr etti K\u0131br\u0131s T\u00fcrk\u00fc\u2019ne uygulanan ambargo ve izolasyonlar\u0131 k\u00fclt\u00fcr ve sanat yoluyla a\u015fmaya \u00e7al\u0131\u015ft\u0131klar\u0131n\u0131 [&hellip;]<\/p>\n","protected":false},"author":1,"featured_media":12067,"comment_status":"open","ping_status":"open","sticky":false,"template":"","format":"standard","meta":{"jnews-multi-image_gallery":[],"jnews_single_post":[],"jnews_primary_category":[],"jnews_social_meta":[],"jnews_override_counter":[],"footnotes":""},"categories":[6],"tags":[],"class_list":["post-12066","post","type-post","status-publish","format-standard","has-post-thumbnail","hentry","category-yasam"],"yoast_head":"<!-- This site is optimized with the Yoast SEO plugin v27.4 - https:\/\/yoast.com\/product\/yoast-seo-wordpress\/ -->\n<title>Cumhurba\u015fkan\u0131 Tatar, \u2018Payla\u015f\u0131nca \u00c7o\u011fal\u0131r\u2019 sergisinin a\u00e7\u0131l\u0131\u015f\u0131na kat\u0131ld\u0131 - Kuzeyin Sesi<\/title>\n<meta name=\"robots\" content=\"index, follow, max-snippet:-1, max-image-preview:large, max-video-preview:-1\" \/>\n<link rel=\"canonical\" href=\"https:\/\/kuzeyinsesi.org\/index.php\/2024\/10\/22\/cumhurbaskani-tatar-paylasinca-cogalir-sergisinin-acilisina-katildi\/\" \/>\n<meta property=\"og:locale\" content=\"tr_TR\" \/>\n<meta property=\"og:type\" content=\"article\" \/>\n<meta property=\"og:title\" content=\"Cumhurba\u015fkan\u0131 Tatar, \u2018Payla\u015f\u0131nca \u00c7o\u011fal\u0131r\u2019 sergisinin a\u00e7\u0131l\u0131\u015f\u0131na kat\u0131ld\u0131 - Kuzeyin Sesi\" \/>\n<meta property=\"og:description\" content=\"Cumhurba\u015fkan\u0131 Ersin Tatar, \u201cAnother World Is Forever Possible of Peace\u201d temsilci ve sanat\u00e7\u0131lar\u0131n\u0131n d\u00fczenledi\u011fi Payla\u015f\u0131nca \u00c7o\u011fal\u0131r isimli serginin a\u00e7\u0131l\u0131\u015f\u0131na kat\u0131ld\u0131. Cumhurba\u015fkanl\u0131\u011f\u0131\u2019ndan verilen bilgiye g\u00f6re, Tatar a\u00e7\u0131l\u0131\u015fta yapt\u0131\u011f\u0131 konu\u015fmada, Kuzey K\u0131br\u0131s T\u00fcrk Cumhuriyeti\u2019ne verilen de\u011fer ve yap\u0131lan eserlerden dolay\u0131 sergide eme\u011fi ge\u00e7enlere te\u015fekk\u00fcr etti K\u0131br\u0131s T\u00fcrk\u00fc\u2019ne uygulanan ambargo ve izolasyonlar\u0131 k\u00fclt\u00fcr ve sanat yoluyla a\u015fmaya \u00e7al\u0131\u015ft\u0131klar\u0131n\u0131 [&hellip;]\" \/>\n<meta property=\"og:url\" content=\"https:\/\/kuzeyinsesi.org\/index.php\/2024\/10\/22\/cumhurbaskani-tatar-paylasinca-cogalir-sergisinin-acilisina-katildi\/\" \/>\n<meta property=\"og:site_name\" content=\"Kuzeyin Sesi\" \/>\n<meta property=\"article:publisher\" content=\"https:\/\/www.facebook.com\/kuzeyinsesii\" \/>\n<meta property=\"article:published_time\" content=\"2024-10-22T12:38:24+00:00\" \/>\n<meta property=\"og:image\" content=\"https:\/\/brtk.net\/wp-content\/uploads\/2024\/10\/22\/lklklk.jpeg?ver=a2e02fcb37d8fd965d9ae1490e5939b9\" \/>\n<meta name=\"author\" content=\"Kuzeyin Sesi\" \/>\n<meta name=\"twitter:card\" content=\"summary_large_image\" \/>\n<meta name=\"twitter:creator\" content=\"@kuzeyinsesii\" \/>\n<meta name=\"twitter:site\" content=\"@kuzeyinsesii\" \/>\n<meta name=\"twitter:label1\" content=\"Yazan:\" \/>\n\t<meta name=\"twitter:data1\" content=\"Kuzeyin Sesi\" \/>\n\t<meta name=\"twitter:label2\" content=\"Tahmini okuma s\u00fcresi\" \/>\n\t<meta name=\"twitter:data2\" content=\"1 dakika\" \/>\n<script type=\"application\/ld+json\" class=\"yoast-schema-graph\">{\"@context\":\"https:\\\/\\\/schema.org\",\"@graph\":[{\"@type\":\"Article\",\"@id\":\"https:\\\/\\\/kuzeyinsesi.org\\\/index.php\\\/2024\\\/10\\\/22\\\/cumhurbaskani-tatar-paylasinca-cogalir-sergisinin-acilisina-katildi\\\/#article\",\"isPartOf\":{\"@id\":\"https:\\\/\\\/kuzeyinsesi.org\\\/index.php\\\/2024\\\/10\\\/22\\\/cumhurbaskani-tatar-paylasinca-cogalir-sergisinin-acilisina-katildi\\\/\"},\"author\":{\"name\":\"Kuzeyin Sesi\",\"@id\":\"https:\\\/\\\/kuzeyinsesi.org\\\/#\\\/schema\\\/person\\\/9f859689cdf01485597712386e37f5aa\"},\"headline\":\"Cumhurba\u015fkan\u0131 Tatar, \u2018Payla\u015f\u0131nca \u00c7o\u011fal\u0131r\u2019 sergisinin a\u00e7\u0131l\u0131\u015f\u0131na kat\u0131ld\u0131\",\"datePublished\":\"2024-10-22T12:38:24+00:00\",\"mainEntityOfPage\":{\"@id\":\"https:\\\/\\\/kuzeyinsesi.org\\\/index.php\\\/2024\\\/10\\\/22\\\/cumhurbaskani-tatar-paylasinca-cogalir-sergisinin-acilisina-katildi\\\/\"},\"wordCount\":222,\"commentCount\":0,\"image\":{\"@id\":\"https:\\\/\\\/kuzeyinsesi.org\\\/index.php\\\/2024\\\/10\\\/22\\\/cumhurbaskani-tatar-paylasinca-cogalir-sergisinin-acilisina-katildi\\\/#primaryimage\"},\"thumbnailUrl\":\"https:\\\/\\\/kuzeyinsesi.org\\\/wp-content\\\/uploads\\\/2024\\\/10\\\/lklklk.jpeg\",\"articleSection\":[\"Ya\u015fam\"],\"inLanguage\":\"tr\",\"potentialAction\":[{\"@type\":\"CommentAction\",\"name\":\"Comment\",\"target\":[\"https:\\\/\\\/kuzeyinsesi.org\\\/index.php\\\/2024\\\/10\\\/22\\\/cumhurbaskani-tatar-paylasinca-cogalir-sergisinin-acilisina-katildi\\\/#respond\"]}]},{\"@type\":\"WebPage\",\"@id\":\"https:\\\/\\\/kuzeyinsesi.org\\\/index.php\\\/2024\\\/10\\\/22\\\/cumhurbaskani-tatar-paylasinca-cogalir-sergisinin-acilisina-katildi\\\/\",\"url\":\"https:\\\/\\\/kuzeyinsesi.org\\\/index.php\\\/2024\\\/10\\\/22\\\/cumhurbaskani-tatar-paylasinca-cogalir-sergisinin-acilisina-katildi\\\/\",\"name\":\"Cumhurba\u015fkan\u0131 Tatar, \u2018Payla\u015f\u0131nca \u00c7o\u011fal\u0131r\u2019 sergisinin a\u00e7\u0131l\u0131\u015f\u0131na kat\u0131ld\u0131 - Kuzeyin Sesi\",\"isPartOf\":{\"@id\":\"https:\\\/\\\/kuzeyinsesi.org\\\/#website\"},\"primaryImageOfPage\":{\"@id\":\"https:\\\/\\\/kuzeyinsesi.org\\\/index.php\\\/2024\\\/10\\\/22\\\/cumhurbaskani-tatar-paylasinca-cogalir-sergisinin-acilisina-katildi\\\/#primaryimage\"},\"image\":{\"@id\":\"https:\\\/\\\/kuzeyinsesi.org\\\/index.php\\\/2024\\\/10\\\/22\\\/cumhurbaskani-tatar-paylasinca-cogalir-sergisinin-acilisina-katildi\\\/#primaryimage\"},\"thumbnailUrl\":\"https:\\\/\\\/kuzeyinsesi.org\\\/wp-content\\\/uploads\\\/2024\\\/10\\\/lklklk.jpeg\",\"datePublished\":\"2024-10-22T12:38:24+00:00\",\"author\":{\"@id\":\"https:\\\/\\\/kuzeyinsesi.org\\\/#\\\/schema\\\/person\\\/9f859689cdf01485597712386e37f5aa\"},\"breadcrumb\":{\"@id\":\"https:\\\/\\\/kuzeyinsesi.org\\\/index.php\\\/2024\\\/10\\\/22\\\/cumhurbaskani-tatar-paylasinca-cogalir-sergisinin-acilisina-katildi\\\/#breadcrumb\"},\"inLanguage\":\"tr\",\"potentialAction\":[{\"@type\":\"ReadAction\",\"target\":[\"https:\\\/\\\/kuzeyinsesi.org\\\/index.php\\\/2024\\\/10\\\/22\\\/cumhurbaskani-tatar-paylasinca-cogalir-sergisinin-acilisina-katildi\\\/\"]}]},{\"@type\":\"ImageObject\",\"inLanguage\":\"tr\",\"@id\":\"https:\\\/\\\/kuzeyinsesi.org\\\/index.php\\\/2024\\\/10\\\/22\\\/cumhurbaskani-tatar-paylasinca-cogalir-sergisinin-acilisina-katildi\\\/#primaryimage\",\"url\":\"https:\\\/\\\/kuzeyinsesi.org\\\/wp-content\\\/uploads\\\/2024\\\/10\\\/lklklk.jpeg\",\"contentUrl\":\"https:\\\/\\\/kuzeyinsesi.org\\\/wp-content\\\/uploads\\\/2024\\\/10\\\/lklklk.jpeg\",\"width\":1600,\"height\":864},{\"@type\":\"BreadcrumbList\",\"@id\":\"https:\\\/\\\/kuzeyinsesi.org\\\/index.php\\\/2024\\\/10\\\/22\\\/cumhurbaskani-tatar-paylasinca-cogalir-sergisinin-acilisina-katildi\\\/#breadcrumb\",\"itemListElement\":[{\"@type\":\"ListItem\",\"position\":1,\"name\":\"Anasayfa\",\"item\":\"https:\\\/\\\/kuzeyinsesi.org\\\/\"},{\"@type\":\"ListItem\",\"position\":2,\"name\":\"Cumhurba\u015fkan\u0131 Tatar, \u2018Payla\u015f\u0131nca \u00c7o\u011fal\u0131r\u2019 sergisinin a\u00e7\u0131l\u0131\u015f\u0131na kat\u0131ld\u0131\"}]},{\"@type\":\"WebSite\",\"@id\":\"https:\\\/\\\/kuzeyinsesi.org\\\/#website\",\"url\":\"https:\\\/\\\/kuzeyinsesi.org\\\/\",\"name\":\"Kuzeyin Sesi\",\"description\":\"Do\u011fru Haberin Adresi\",\"potentialAction\":[{\"@type\":\"SearchAction\",\"target\":{\"@type\":\"EntryPoint\",\"urlTemplate\":\"https:\\\/\\\/kuzeyinsesi.org\\\/?s={search_term_string}\"},\"query-input\":{\"@type\":\"PropertyValueSpecification\",\"valueRequired\":true,\"valueName\":\"search_term_string\"}}],\"inLanguage\":\"tr\"},{\"@type\":\"Person\",\"@id\":\"https:\\\/\\\/kuzeyinsesi.org\\\/#\\\/schema\\\/person\\\/9f859689cdf01485597712386e37f5aa\",\"name\":\"Kuzeyin Sesi\",\"image\":{\"@type\":\"ImageObject\",\"inLanguage\":\"tr\",\"@id\":\"https:\\\/\\\/secure.gravatar.com\\\/avatar\\\/bab33852abfd8b282518d6ed81826833d77c3c882d9ab608add591ccace47a44?s=96&d=mm&r=g\",\"url\":\"https:\\\/\\\/secure.gravatar.com\\\/avatar\\\/bab33852abfd8b282518d6ed81826833d77c3c882d9ab608add591ccace47a44?s=96&d=mm&r=g\",\"contentUrl\":\"https:\\\/\\\/secure.gravatar.com\\\/avatar\\\/bab33852abfd8b282518d6ed81826833d77c3c882d9ab608add591ccace47a44?s=96&d=mm&r=g\",\"caption\":\"Kuzeyin Sesi\"},\"sameAs\":[\"https:\\\/\\\/kuzeyinsesi.org\"],\"url\":\"https:\\\/\\\/kuzeyinsesi.org\\\/index.php\\\/author\\\/guven\\\/\"}]}<\/script>\n<!-- \/ Yoast SEO plugin. -->","yoast_head_json":{"title":"Cumhurba\u015fkan\u0131 Tatar, \u2018Payla\u015f\u0131nca \u00c7o\u011fal\u0131r\u2019 sergisinin a\u00e7\u0131l\u0131\u015f\u0131na kat\u0131ld\u0131 - Kuzeyin Sesi","robots":{"index":"index","follow":"follow","max-snippet":"max-snippet:-1","max-image-preview":"max-image-preview:large","max-video-preview":"max-video-preview:-1"},"canonical":"https:\/\/kuzeyinsesi.org\/index.php\/2024\/10\/22\/cumhurbaskani-tatar-paylasinca-cogalir-sergisinin-acilisina-katildi\/","og_locale":"tr_TR","og_type":"article","og_title":"Cumhurba\u015fkan\u0131 Tatar, \u2018Payla\u015f\u0131nca \u00c7o\u011fal\u0131r\u2019 sergisinin a\u00e7\u0131l\u0131\u015f\u0131na kat\u0131ld\u0131 - Kuzeyin Sesi","og_description":"Cumhurba\u015fkan\u0131 Ersin Tatar, \u201cAnother World Is Forever Possible of Peace\u201d temsilci ve sanat\u00e7\u0131lar\u0131n\u0131n d\u00fczenledi\u011fi Payla\u015f\u0131nca \u00c7o\u011fal\u0131r isimli serginin a\u00e7\u0131l\u0131\u015f\u0131na kat\u0131ld\u0131. Cumhurba\u015fkanl\u0131\u011f\u0131\u2019ndan verilen bilgiye g\u00f6re, Tatar a\u00e7\u0131l\u0131\u015fta yapt\u0131\u011f\u0131 konu\u015fmada, Kuzey K\u0131br\u0131s T\u00fcrk Cumhuriyeti\u2019ne verilen de\u011fer ve yap\u0131lan eserlerden dolay\u0131 sergide eme\u011fi ge\u00e7enlere te\u015fekk\u00fcr etti K\u0131br\u0131s T\u00fcrk\u00fc\u2019ne uygulanan ambargo ve izolasyonlar\u0131 k\u00fclt\u00fcr ve sanat yoluyla a\u015fmaya \u00e7al\u0131\u015ft\u0131klar\u0131n\u0131 [&hellip;]","og_url":"https:\/\/kuzeyinsesi.org\/index.php\/2024\/10\/22\/cumhurbaskani-tatar-paylasinca-cogalir-sergisinin-acilisina-katildi\/","og_site_name":"Kuzeyin Sesi","article_publisher":"https:\/\/www.facebook.com\/kuzeyinsesii","article_published_time":"2024-10-22T12:38:24+00:00","og_image":[{"url":"https:\/\/brtk.net\/wp-content\/uploads\/2024\/10\/22\/lklklk.jpeg?ver=a2e02fcb37d8fd965d9ae1490e5939b9","type":"","width":"","height":""}],"author":"Kuzeyin Sesi","twitter_card":"summary_large_image","twitter_creator":"@kuzeyinsesii","twitter_site":"@kuzeyinsesii","twitter_misc":{"Yazan:":"Kuzeyin Sesi","Tahmini okuma s\u00fcresi":"1 dakika"},"schema":{"@context":"https:\/\/schema.org","@graph":[{"@type":"Article","@id":"https:\/\/kuzeyinsesi.org\/index.php\/2024\/10\/22\/cumhurbaskani-tatar-paylasinca-cogalir-sergisinin-acilisina-katildi\/#article","isPartOf":{"@id":"https:\/\/kuzeyinsesi.org\/index.php\/2024\/10\/22\/cumhurbaskani-tatar-paylasinca-cogalir-sergisinin-acilisina-katildi\/"},"author":{"name":"Kuzeyin Sesi","@id":"https:\/\/kuzeyinsesi.org\/#\/schema\/person\/9f859689cdf01485597712386e37f5aa"},"headline":"Cumhurba\u015fkan\u0131 Tatar, \u2018Payla\u015f\u0131nca \u00c7o\u011fal\u0131r\u2019 sergisinin a\u00e7\u0131l\u0131\u015f\u0131na kat\u0131ld\u0131","datePublished":"2024-10-22T12:38:24+00:00","mainEntityOfPage":{"@id":"https:\/\/kuzeyinsesi.org\/index.php\/2024\/10\/22\/cumhurbaskani-tatar-paylasinca-cogalir-sergisinin-acilisina-katildi\/"},"wordCount":222,"commentCount":0,"image":{"@id":"https:\/\/kuzeyinsesi.org\/index.php\/2024\/10\/22\/cumhurbaskani-tatar-paylasinca-cogalir-sergisinin-acilisina-katildi\/#primaryimage"},"thumbnailUrl":"https:\/\/kuzeyinsesi.org\/wp-content\/uploads\/2024\/10\/lklklk.jpeg","articleSection":["Ya\u015fam"],"inLanguage":"tr","potentialAction":[{"@type":"CommentAction","name":"Comment","target":["https:\/\/kuzeyinsesi.org\/index.php\/2024\/10\/22\/cumhurbaskani-tatar-paylasinca-cogalir-sergisinin-acilisina-katildi\/#respond"]}]},{"@type":"WebPage","@id":"https:\/\/kuzeyinsesi.org\/index.php\/2024\/10\/22\/cumhurbaskani-tatar-paylasinca-cogalir-sergisinin-acilisina-katildi\/","url":"https:\/\/kuzeyinsesi.org\/index.php\/2024\/10\/22\/cumhurbaskani-tatar-paylasinca-cogalir-sergisinin-acilisina-katildi\/","name":"Cumhurba\u015fkan\u0131 Tatar, \u2018Payla\u015f\u0131nca \u00c7o\u011fal\u0131r\u2019 sergisinin a\u00e7\u0131l\u0131\u015f\u0131na kat\u0131ld\u0131 - Kuzeyin Sesi","isPartOf":{"@id":"https:\/\/kuzeyinsesi.org\/#website"},"primaryImageOfPage":{"@id":"https:\/\/kuzeyinsesi.org\/index.php\/2024\/10\/22\/cumhurbaskani-tatar-paylasinca-cogalir-sergisinin-acilisina-katildi\/#primaryimage"},"image":{"@id":"https:\/\/kuzeyinsesi.org\/index.php\/2024\/10\/22\/cumhurbaskani-tatar-paylasinca-cogalir-sergisinin-acilisina-katildi\/#primaryimage"},"thumbnailUrl":"https:\/\/kuzeyinsesi.org\/wp-content\/uploads\/2024\/10\/lklklk.jpeg","datePublished":"2024-10-22T12:38:24+00:00","author":{"@id":"https:\/\/kuzeyinsesi.org\/#\/schema\/person\/9f859689cdf01485597712386e37f5aa"},"breadcrumb":{"@id":"https:\/\/kuzeyinsesi.org\/index.php\/2024\/10\/22\/cumhurbaskani-tatar-paylasinca-cogalir-sergisinin-acilisina-katildi\/#breadcrumb"},"inLanguage":"tr","potentialAction":[{"@type":"ReadAction","target":["https:\/\/kuzeyinsesi.org\/index.php\/2024\/10\/22\/cumhurbaskani-tatar-paylasinca-cogalir-sergisinin-acilisina-katildi\/"]}]},{"@type":"ImageObject","inLanguage":"tr","@id":"https:\/\/kuzeyinsesi.org\/index.php\/2024\/10\/22\/cumhurbaskani-tatar-paylasinca-cogalir-sergisinin-acilisina-katildi\/#primaryimage","url":"https:\/\/kuzeyinsesi.org\/wp-content\/uploads\/2024\/10\/lklklk.jpeg","contentUrl":"https:\/\/kuzeyinsesi.org\/wp-content\/uploads\/2024\/10\/lklklk.jpeg","width":1600,"height":864},{"@type":"BreadcrumbList","@id":"https:\/\/kuzeyinsesi.org\/index.php\/2024\/10\/22\/cumhurbaskani-tatar-paylasinca-cogalir-sergisinin-acilisina-katildi\/#breadcrumb","itemListElement":[{"@type":"ListItem","position":1,"name":"Anasayfa","item":"https:\/\/kuzeyinsesi.org\/"},{"@type":"ListItem","position":2,"name":"Cumhurba\u015fkan\u0131 Tatar, \u2018Payla\u015f\u0131nca \u00c7o\u011fal\u0131r\u2019 sergisinin a\u00e7\u0131l\u0131\u015f\u0131na kat\u0131ld\u0131"}]},{"@type":"WebSite","@id":"https:\/\/kuzeyinsesi.org\/#website","url":"https:\/\/kuzeyinsesi.org\/","name":"Kuzeyin Sesi","description":"Do\u011fru Haberin Adresi","potentialAction":[{"@type":"SearchAction","target":{"@type":"EntryPoint","urlTemplate":"https:\/\/kuzeyinsesi.org\/?s={search_term_string}"},"query-input":{"@type":"PropertyValueSpecification","valueRequired":true,"valueName":"search_term_string"}}],"inLanguage":"tr"},{"@type":"Person","@id":"https:\/\/kuzeyinsesi.org\/#\/schema\/person\/9f859689cdf01485597712386e37f5aa","name":"Kuzeyin Sesi","image":{"@type":"ImageObject","inLanguage":"tr","@id":"https:\/\/secure.gravatar.com\/avatar\/bab33852abfd8b282518d6ed81826833d77c3c882d9ab608add591ccace47a44?s=96&d=mm&r=g","url":"https:\/\/secure.gravatar.com\/avatar\/bab33852abfd8b282518d6ed81826833d77c3c882d9ab608add591ccace47a44?s=96&d=mm&r=g","contentUrl":"https:\/\/secure.gravatar.com\/avatar\/bab33852abfd8b282518d6ed81826833d77c3c882d9ab608add591ccace47a44?s=96&d=mm&r=g","caption":"Kuzeyin Sesi"},"sameAs":["https:\/\/kuzeyinsesi.org"],"url":"https:\/\/kuzeyinsesi.org\/index.php\/author\/guven\/"}]}},"_links":{"self":[{"href":"https:\/\/kuzeyinsesi.org\/index.php\/wp-json\/wp\/v2\/posts\/12066","targetHints":{"allow":["GET"]}}],"collection":[{"href":"https:\/\/kuzeyinsesi.org\/index.php\/wp-json\/wp\/v2\/posts"}],"about":[{"href":"https:\/\/kuzeyinsesi.org\/index.php\/wp-json\/wp\/v2\/types\/post"}],"author":[{"embeddable":true,"href":"https:\/\/kuzeyinsesi.org\/index.php\/wp-json\/wp\/v2\/users\/1"}],"replies":[{"embeddable":true,"href":"https:\/\/kuzeyinsesi.org\/index.php\/wp-json\/wp\/v2\/comments?post=12066"}],"version-history":[{"count":0,"href":"https:\/\/kuzeyinsesi.org\/index.php\/wp-json\/wp\/v2\/posts\/12066\/revisions"}],"wp:featuredmedia":[{"embeddable":true,"href":"https:\/\/kuzeyinsesi.org\/index.php\/wp-json\/wp\/v2\/media\/12067"}],"wp:attachment":[{"href":"https:\/\/kuzeyinsesi.org\/index.php\/wp-json\/wp\/v2\/media?parent=12066"}],"wp:term":[{"taxonomy":"category","embeddable":true,"href":"https:\/\/kuzeyinsesi.org\/index.php\/wp-json\/wp\/v2\/categories?post=12066"},{"taxonomy":"post_tag","embeddable":true,"href":"https:\/\/kuzeyinsesi.org\/index.php\/wp-json\/wp\/v2\/tags?post=12066"}],"curies":[{"name":"wp","href":"https:\/\/api.w.org\/{rel}","templated":true}]}}