{"id":12020,"date":"2024-10-21T21:58:30","date_gmt":"2024-10-21T18:58:30","guid":{"rendered":"https:\/\/kuzeyinsesi.org\/index.php\/2024\/10\/21\/bahar-esintileri-sanat-dernegi-korosu-turkiye-cumhuriyetinin-101inci-kurulus-yili-nedeniyle-duzenlenen-etkinlige-katildi\/"},"modified":"2024-10-21T21:58:30","modified_gmt":"2024-10-21T18:58:30","slug":"bahar-esintileri-sanat-dernegi-korosu-turkiye-cumhuriyetinin-101inci-kurulus-yili-nedeniyle-duzenlenen-etkinlige-katildi","status":"publish","type":"post","link":"https:\/\/kuzeyinsesi.org\/index.php\/2024\/10\/21\/bahar-esintileri-sanat-dernegi-korosu-turkiye-cumhuriyetinin-101inci-kurulus-yili-nedeniyle-duzenlenen-etkinlige-katildi\/","title":{"rendered":"Bahar Esintileri Sanat Derne\u011fi Korosu, T\u00fcrkiye Cumhuriyeti\u2019nin 101\u2019inci kurulu\u015f y\u0131l\u0131 nedeniyle d\u00fczenlenen etkinli\u011fe kat\u0131ld\u0131"},"content":{"rendered":"<div>\n<div class=\"mariselle-image-container center\">\n                                            <\/div>\n<p>\u00a0<\/p>\n<p>\u00a0<\/p>\n<p> Bahar Esintileri Sanat Derne\u011fi Korosu, T\u00fcrkiye Cumhuriyeti\u2019nin 101\u2019inci kurulu\u015f y\u0131l\u0131 nedeniyle Tekirda\u011f \u00c7orlu\u2019da d\u00fczenlenen etkinlikte sahne ald\u0131.<\/p>\n<p>Verilen bilgiye g\u00f6re, \u00c7orlu Ticaret ve Sanayi Odas\u0131 taraf\u0131ndan, \u201c3 Devlet, Tek Millet\u201d temas\u0131yla d\u00fczenlenen konserde, Azerbaycan, Kuzey K\u0131br\u0131s T\u00fcrk Cumhuriyeti (KKTC) ve T\u00fcrkiye\u2019den gelen konservatuvar korolar\u0131 bir araya geldi.<\/p>\n<p>\u00c7orlu Ticaret ve Sanayi Odas\u0131 Enis S\u00fcl\u00fcn G\u00f6steri Merkezi ve Konferans Salonu\u2019nda yer alan etkinli\u011fe, yetkililerin yan\u0131 s\u0131ra b\u00f6lgedeki sivil toplum kurulu\u015flar\u0131 ve vatanda\u015flar b\u00fcy\u00fck ilgi g\u00f6sterdi.<\/p>\n<p>Program\u0131n ba\u015f\u0131nda, Cumhuriyet\u2019in 101 y\u0131ll\u0131k gurur dolu yolculu\u011funa vurgu yap\u0131larak, Azerbaycan, KKTC ve T\u00fcrkiye\u2019den gelen sanat\u00e7\u0131lar taraf\u0131ndan karde\u015flik ve birlik mesajlar\u0131 verildi.<\/p>\n<p>Gecede, \u00c7orlu Sanat Merkezi M\u00fczik Derne\u011fi Korosu, KKTC Bahar Esintileri Sanat Derne\u011fi Korosu, Asel Akademi ve Asel Sanat Toplulu\u011fu Derne\u011fi Korosu sahne al\u0131rken, Azerbaycan\u2019dan ise Tekam\u00fcl ve \u0130nteqrasiyon Uluslararas\u0131 Toplum Kurulu\u015fu ile Qaraba\u011f Ansambl Orkestras\u0131 etkinli\u011fe kat\u0131ld\u0131.<\/p>\n<p>G\u00fclden Kaya, Bahar G\u00f6khan, \u0130lhan K\u00fc\u00e7\u00fckcivan ve Nargiz Aliyeva\u2019n\u0131n koro \u015fefli\u011fi yapt\u0131\u011f\u0131 gecede  Azerbaycan Devlet Sanat\u00e7\u0131s\u0131 Azerin sahne ald\u0131. Azerin, \u201c\u00c7\u0131rp\u0131n\u0131rd\u0131 Karadeniz\u201d \u015fark\u0131s\u0131n\u0131 seslendirdi.<\/p>\n<p>Etkinlikte, Azerbaycan, KKTC ve T\u00fcrkiye aras\u0131ndaki k\u00fclt\u00fcrel yak\u0131nl\u0131k, birlik ve beraberlik temas\u0131 \u00f6n plana \u00e7\u0131kar\u0131ld\u0131. Korolar, hem T\u00fcrk\u00e7e hem de Azerice \u015fark\u0131lar seslendirdi.<\/p>\n<p>Gecenin sonunda plaket takdimi ve toplu foto\u011fraf \u00e7ekimi yap\u0131ld\u0131.<\/p>\n<\/p><\/div>\n<p><script async\n                    defer\n                    crossorigin=\"anonymous\"\n                    src=\"https:\/\/connect.facebook.net\/tr_TR\/sdk.js#xfbml=1&#038;version=v3.3\"\n            ><\/script><\/p>\n","protected":false},"excerpt":{"rendered":"<p>\u00a0 \u00a0 Bahar Esintileri Sanat Derne\u011fi Korosu, T\u00fcrkiye Cumhuriyeti\u2019nin 101\u2019inci kurulu\u015f y\u0131l\u0131 nedeniyle Tekirda\u011f \u00c7orlu\u2019da d\u00fczenlenen etkinlikte sahne ald\u0131. Verilen bilgiye g\u00f6re, \u00c7orlu Ticaret ve Sanayi Odas\u0131 taraf\u0131ndan, \u201c3 Devlet, Tek Millet\u201d temas\u0131yla d\u00fczenlenen konserde, Azerbaycan, Kuzey K\u0131br\u0131s T\u00fcrk Cumhuriyeti (KKTC) ve T\u00fcrkiye\u2019den gelen konservatuvar korolar\u0131 bir araya geldi. \u00c7orlu Ticaret ve Sanayi Odas\u0131 Enis [&hellip;]<\/p>\n","protected":false},"author":1,"featured_media":12021,"comment_status":"open","ping_status":"open","sticky":false,"template":"","format":"standard","meta":{"jnews-multi-image_gallery":[],"jnews_single_post":[],"jnews_primary_category":[],"jnews_social_meta":[],"jnews_override_counter":[],"footnotes":""},"categories":[6],"tags":[],"class_list":["post-12020","post","type-post","status-publish","format-standard","has-post-thumbnail","hentry","category-yasam"],"yoast_head":"<!-- This site is optimized with the Yoast SEO plugin v27.4 - https:\/\/yoast.com\/product\/yoast-seo-wordpress\/ -->\n<title>Bahar Esintileri Sanat Derne\u011fi Korosu, T\u00fcrkiye Cumhuriyeti\u2019nin 101\u2019inci kurulu\u015f y\u0131l\u0131 nedeniyle d\u00fczenlenen etkinli\u011fe kat\u0131ld\u0131 - Kuzeyin Sesi<\/title>\n<meta name=\"robots\" content=\"index, follow, max-snippet:-1, max-image-preview:large, max-video-preview:-1\" \/>\n<link rel=\"canonical\" href=\"https:\/\/kuzeyinsesi.org\/index.php\/2024\/10\/21\/bahar-esintileri-sanat-dernegi-korosu-turkiye-cumhuriyetinin-101inci-kurulus-yili-nedeniyle-duzenlenen-etkinlige-katildi\/\" \/>\n<meta property=\"og:locale\" content=\"tr_TR\" \/>\n<meta property=\"og:type\" content=\"article\" \/>\n<meta property=\"og:title\" content=\"Bahar Esintileri Sanat Derne\u011fi Korosu, T\u00fcrkiye Cumhuriyeti\u2019nin 101\u2019inci kurulu\u015f y\u0131l\u0131 nedeniyle d\u00fczenlenen etkinli\u011fe kat\u0131ld\u0131 - Kuzeyin Sesi\" \/>\n<meta property=\"og:description\" content=\"\u00a0 \u00a0 Bahar Esintileri Sanat Derne\u011fi Korosu, T\u00fcrkiye Cumhuriyeti\u2019nin 101\u2019inci kurulu\u015f y\u0131l\u0131 nedeniyle Tekirda\u011f \u00c7orlu\u2019da d\u00fczenlenen etkinlikte sahne ald\u0131. Verilen bilgiye g\u00f6re, \u00c7orlu Ticaret ve Sanayi Odas\u0131 taraf\u0131ndan, \u201c3 Devlet, Tek Millet\u201d temas\u0131yla d\u00fczenlenen konserde, Azerbaycan, Kuzey K\u0131br\u0131s T\u00fcrk Cumhuriyeti (KKTC) ve T\u00fcrkiye\u2019den gelen konservatuvar korolar\u0131 bir araya geldi. \u00c7orlu Ticaret ve Sanayi Odas\u0131 Enis [&hellip;]\" \/>\n<meta property=\"og:url\" content=\"https:\/\/kuzeyinsesi.org\/index.php\/2024\/10\/21\/bahar-esintileri-sanat-dernegi-korosu-turkiye-cumhuriyetinin-101inci-kurulus-yili-nedeniyle-duzenlenen-etkinlige-katildi\/\" \/>\n<meta property=\"og:site_name\" content=\"Kuzeyin Sesi\" \/>\n<meta property=\"article:publisher\" content=\"https:\/\/www.facebook.com\/kuzeyinsesii\" \/>\n<meta property=\"article:published_time\" content=\"2024-10-21T18:58:30+00:00\" \/>\n<meta property=\"og:image\" content=\"https:\/\/brtk.net\/wp-content\/uploads\/2024\/10\/21\/bahar-gokhan-3-1.jpg?ver=2cd4389bc29c6064abe2a2a314ec9359\" \/>\n<meta name=\"author\" content=\"Kuzeyin Sesi\" \/>\n<meta name=\"twitter:card\" content=\"summary_large_image\" \/>\n<meta name=\"twitter:creator\" content=\"@kuzeyinsesii\" \/>\n<meta name=\"twitter:site\" content=\"@kuzeyinsesii\" \/>\n<meta name=\"twitter:label1\" content=\"Yazan:\" \/>\n\t<meta name=\"twitter:data1\" content=\"Kuzeyin Sesi\" \/>\n\t<meta name=\"twitter:label2\" content=\"Tahmini okuma s\u00fcresi\" \/>\n\t<meta name=\"twitter:data2\" content=\"1 dakika\" \/>\n<script type=\"application\/ld+json\" class=\"yoast-schema-graph\">{\"@context\":\"https:\\\/\\\/schema.org\",\"@graph\":[{\"@type\":\"Article\",\"@id\":\"https:\\\/\\\/kuzeyinsesi.org\\\/index.php\\\/2024\\\/10\\\/21\\\/bahar-esintileri-sanat-dernegi-korosu-turkiye-cumhuriyetinin-101inci-kurulus-yili-nedeniyle-duzenlenen-etkinlige-katildi\\\/#article\",\"isPartOf\":{\"@id\":\"https:\\\/\\\/kuzeyinsesi.org\\\/index.php\\\/2024\\\/10\\\/21\\\/bahar-esintileri-sanat-dernegi-korosu-turkiye-cumhuriyetinin-101inci-kurulus-yili-nedeniyle-duzenlenen-etkinlige-katildi\\\/\"},\"author\":{\"name\":\"Kuzeyin Sesi\",\"@id\":\"https:\\\/\\\/kuzeyinsesi.org\\\/#\\\/schema\\\/person\\\/9f859689cdf01485597712386e37f5aa\"},\"headline\":\"Bahar Esintileri Sanat Derne\u011fi Korosu, T\u00fcrkiye Cumhuriyeti\u2019nin 101\u2019inci kurulu\u015f y\u0131l\u0131 nedeniyle d\u00fczenlenen etkinli\u011fe kat\u0131ld\u0131\",\"datePublished\":\"2024-10-21T18:58:30+00:00\",\"mainEntityOfPage\":{\"@id\":\"https:\\\/\\\/kuzeyinsesi.org\\\/index.php\\\/2024\\\/10\\\/21\\\/bahar-esintileri-sanat-dernegi-korosu-turkiye-cumhuriyetinin-101inci-kurulus-yili-nedeniyle-duzenlenen-etkinlige-katildi\\\/\"},\"wordCount\":281,\"commentCount\":0,\"image\":{\"@id\":\"https:\\\/\\\/kuzeyinsesi.org\\\/index.php\\\/2024\\\/10\\\/21\\\/bahar-esintileri-sanat-dernegi-korosu-turkiye-cumhuriyetinin-101inci-kurulus-yili-nedeniyle-duzenlenen-etkinlige-katildi\\\/#primaryimage\"},\"thumbnailUrl\":\"https:\\\/\\\/kuzeyinsesi.org\\\/wp-content\\\/uploads\\\/2024\\\/10\\\/bahar-gokhan-3-1.jpg\",\"articleSection\":[\"Ya\u015fam\"],\"inLanguage\":\"tr\",\"potentialAction\":[{\"@type\":\"CommentAction\",\"name\":\"Comment\",\"target\":[\"https:\\\/\\\/kuzeyinsesi.org\\\/index.php\\\/2024\\\/10\\\/21\\\/bahar-esintileri-sanat-dernegi-korosu-turkiye-cumhuriyetinin-101inci-kurulus-yili-nedeniyle-duzenlenen-etkinlige-katildi\\\/#respond\"]}]},{\"@type\":\"WebPage\",\"@id\":\"https:\\\/\\\/kuzeyinsesi.org\\\/index.php\\\/2024\\\/10\\\/21\\\/bahar-esintileri-sanat-dernegi-korosu-turkiye-cumhuriyetinin-101inci-kurulus-yili-nedeniyle-duzenlenen-etkinlige-katildi\\\/\",\"url\":\"https:\\\/\\\/kuzeyinsesi.org\\\/index.php\\\/2024\\\/10\\\/21\\\/bahar-esintileri-sanat-dernegi-korosu-turkiye-cumhuriyetinin-101inci-kurulus-yili-nedeniyle-duzenlenen-etkinlige-katildi\\\/\",\"name\":\"Bahar Esintileri Sanat Derne\u011fi Korosu, T\u00fcrkiye Cumhuriyeti\u2019nin 101\u2019inci kurulu\u015f y\u0131l\u0131 nedeniyle d\u00fczenlenen etkinli\u011fe kat\u0131ld\u0131 - Kuzeyin Sesi\",\"isPartOf\":{\"@id\":\"https:\\\/\\\/kuzeyinsesi.org\\\/#website\"},\"primaryImageOfPage\":{\"@id\":\"https:\\\/\\\/kuzeyinsesi.org\\\/index.php\\\/2024\\\/10\\\/21\\\/bahar-esintileri-sanat-dernegi-korosu-turkiye-cumhuriyetinin-101inci-kurulus-yili-nedeniyle-duzenlenen-etkinlige-katildi\\\/#primaryimage\"},\"image\":{\"@id\":\"https:\\\/\\\/kuzeyinsesi.org\\\/index.php\\\/2024\\\/10\\\/21\\\/bahar-esintileri-sanat-dernegi-korosu-turkiye-cumhuriyetinin-101inci-kurulus-yili-nedeniyle-duzenlenen-etkinlige-katildi\\\/#primaryimage\"},\"thumbnailUrl\":\"https:\\\/\\\/kuzeyinsesi.org\\\/wp-content\\\/uploads\\\/2024\\\/10\\\/bahar-gokhan-3-1.jpg\",\"datePublished\":\"2024-10-21T18:58:30+00:00\",\"author\":{\"@id\":\"https:\\\/\\\/kuzeyinsesi.org\\\/#\\\/schema\\\/person\\\/9f859689cdf01485597712386e37f5aa\"},\"breadcrumb\":{\"@id\":\"https:\\\/\\\/kuzeyinsesi.org\\\/index.php\\\/2024\\\/10\\\/21\\\/bahar-esintileri-sanat-dernegi-korosu-turkiye-cumhuriyetinin-101inci-kurulus-yili-nedeniyle-duzenlenen-etkinlige-katildi\\\/#breadcrumb\"},\"inLanguage\":\"tr\",\"potentialAction\":[{\"@type\":\"ReadAction\",\"target\":[\"https:\\\/\\\/kuzeyinsesi.org\\\/index.php\\\/2024\\\/10\\\/21\\\/bahar-esintileri-sanat-dernegi-korosu-turkiye-cumhuriyetinin-101inci-kurulus-yili-nedeniyle-duzenlenen-etkinlige-katildi\\\/\"]}]},{\"@type\":\"ImageObject\",\"inLanguage\":\"tr\",\"@id\":\"https:\\\/\\\/kuzeyinsesi.org\\\/index.php\\\/2024\\\/10\\\/21\\\/bahar-esintileri-sanat-dernegi-korosu-turkiye-cumhuriyetinin-101inci-kurulus-yili-nedeniyle-duzenlenen-etkinlige-katildi\\\/#primaryimage\",\"url\":\"https:\\\/\\\/kuzeyinsesi.org\\\/wp-content\\\/uploads\\\/2024\\\/10\\\/bahar-gokhan-3-1.jpg\",\"contentUrl\":\"https:\\\/\\\/kuzeyinsesi.org\\\/wp-content\\\/uploads\\\/2024\\\/10\\\/bahar-gokhan-3-1.jpg\",\"width\":1600,\"height\":1200},{\"@type\":\"BreadcrumbList\",\"@id\":\"https:\\\/\\\/kuzeyinsesi.org\\\/index.php\\\/2024\\\/10\\\/21\\\/bahar-esintileri-sanat-dernegi-korosu-turkiye-cumhuriyetinin-101inci-kurulus-yili-nedeniyle-duzenlenen-etkinlige-katildi\\\/#breadcrumb\",\"itemListElement\":[{\"@type\":\"ListItem\",\"position\":1,\"name\":\"Anasayfa\",\"item\":\"https:\\\/\\\/kuzeyinsesi.org\\\/\"},{\"@type\":\"ListItem\",\"position\":2,\"name\":\"Bahar Esintileri Sanat Derne\u011fi Korosu, T\u00fcrkiye Cumhuriyeti\u2019nin 101\u2019inci kurulu\u015f y\u0131l\u0131 nedeniyle d\u00fczenlenen etkinli\u011fe kat\u0131ld\u0131\"}]},{\"@type\":\"WebSite\",\"@id\":\"https:\\\/\\\/kuzeyinsesi.org\\\/#website\",\"url\":\"https:\\\/\\\/kuzeyinsesi.org\\\/\",\"name\":\"Kuzeyin Sesi\",\"description\":\"Do\u011fru Haberin Adresi\",\"potentialAction\":[{\"@type\":\"SearchAction\",\"target\":{\"@type\":\"EntryPoint\",\"urlTemplate\":\"https:\\\/\\\/kuzeyinsesi.org\\\/?s={search_term_string}\"},\"query-input\":{\"@type\":\"PropertyValueSpecification\",\"valueRequired\":true,\"valueName\":\"search_term_string\"}}],\"inLanguage\":\"tr\"},{\"@type\":\"Person\",\"@id\":\"https:\\\/\\\/kuzeyinsesi.org\\\/#\\\/schema\\\/person\\\/9f859689cdf01485597712386e37f5aa\",\"name\":\"Kuzeyin Sesi\",\"image\":{\"@type\":\"ImageObject\",\"inLanguage\":\"tr\",\"@id\":\"https:\\\/\\\/secure.gravatar.com\\\/avatar\\\/bab33852abfd8b282518d6ed81826833d77c3c882d9ab608add591ccace47a44?s=96&d=mm&r=g\",\"url\":\"https:\\\/\\\/secure.gravatar.com\\\/avatar\\\/bab33852abfd8b282518d6ed81826833d77c3c882d9ab608add591ccace47a44?s=96&d=mm&r=g\",\"contentUrl\":\"https:\\\/\\\/secure.gravatar.com\\\/avatar\\\/bab33852abfd8b282518d6ed81826833d77c3c882d9ab608add591ccace47a44?s=96&d=mm&r=g\",\"caption\":\"Kuzeyin Sesi\"},\"sameAs\":[\"https:\\\/\\\/kuzeyinsesi.org\"],\"url\":\"https:\\\/\\\/kuzeyinsesi.org\\\/index.php\\\/author\\\/guven\\\/\"}]}<\/script>\n<!-- \/ Yoast SEO plugin. -->","yoast_head_json":{"title":"Bahar Esintileri Sanat Derne\u011fi Korosu, T\u00fcrkiye Cumhuriyeti\u2019nin 101\u2019inci kurulu\u015f y\u0131l\u0131 nedeniyle d\u00fczenlenen etkinli\u011fe kat\u0131ld\u0131 - Kuzeyin Sesi","robots":{"index":"index","follow":"follow","max-snippet":"max-snippet:-1","max-image-preview":"max-image-preview:large","max-video-preview":"max-video-preview:-1"},"canonical":"https:\/\/kuzeyinsesi.org\/index.php\/2024\/10\/21\/bahar-esintileri-sanat-dernegi-korosu-turkiye-cumhuriyetinin-101inci-kurulus-yili-nedeniyle-duzenlenen-etkinlige-katildi\/","og_locale":"tr_TR","og_type":"article","og_title":"Bahar Esintileri Sanat Derne\u011fi Korosu, T\u00fcrkiye Cumhuriyeti\u2019nin 101\u2019inci kurulu\u015f y\u0131l\u0131 nedeniyle d\u00fczenlenen etkinli\u011fe kat\u0131ld\u0131 - Kuzeyin Sesi","og_description":"\u00a0 \u00a0 Bahar Esintileri Sanat Derne\u011fi Korosu, T\u00fcrkiye Cumhuriyeti\u2019nin 101\u2019inci kurulu\u015f y\u0131l\u0131 nedeniyle Tekirda\u011f \u00c7orlu\u2019da d\u00fczenlenen etkinlikte sahne ald\u0131. Verilen bilgiye g\u00f6re, \u00c7orlu Ticaret ve Sanayi Odas\u0131 taraf\u0131ndan, \u201c3 Devlet, Tek Millet\u201d temas\u0131yla d\u00fczenlenen konserde, Azerbaycan, Kuzey K\u0131br\u0131s T\u00fcrk Cumhuriyeti (KKTC) ve T\u00fcrkiye\u2019den gelen konservatuvar korolar\u0131 bir araya geldi. \u00c7orlu Ticaret ve Sanayi Odas\u0131 Enis [&hellip;]","og_url":"https:\/\/kuzeyinsesi.org\/index.php\/2024\/10\/21\/bahar-esintileri-sanat-dernegi-korosu-turkiye-cumhuriyetinin-101inci-kurulus-yili-nedeniyle-duzenlenen-etkinlige-katildi\/","og_site_name":"Kuzeyin Sesi","article_publisher":"https:\/\/www.facebook.com\/kuzeyinsesii","article_published_time":"2024-10-21T18:58:30+00:00","og_image":[{"url":"https:\/\/brtk.net\/wp-content\/uploads\/2024\/10\/21\/bahar-gokhan-3-1.jpg?ver=2cd4389bc29c6064abe2a2a314ec9359","type":"","width":"","height":""}],"author":"Kuzeyin Sesi","twitter_card":"summary_large_image","twitter_creator":"@kuzeyinsesii","twitter_site":"@kuzeyinsesii","twitter_misc":{"Yazan:":"Kuzeyin Sesi","Tahmini okuma s\u00fcresi":"1 dakika"},"schema":{"@context":"https:\/\/schema.org","@graph":[{"@type":"Article","@id":"https:\/\/kuzeyinsesi.org\/index.php\/2024\/10\/21\/bahar-esintileri-sanat-dernegi-korosu-turkiye-cumhuriyetinin-101inci-kurulus-yili-nedeniyle-duzenlenen-etkinlige-katildi\/#article","isPartOf":{"@id":"https:\/\/kuzeyinsesi.org\/index.php\/2024\/10\/21\/bahar-esintileri-sanat-dernegi-korosu-turkiye-cumhuriyetinin-101inci-kurulus-yili-nedeniyle-duzenlenen-etkinlige-katildi\/"},"author":{"name":"Kuzeyin Sesi","@id":"https:\/\/kuzeyinsesi.org\/#\/schema\/person\/9f859689cdf01485597712386e37f5aa"},"headline":"Bahar Esintileri Sanat Derne\u011fi Korosu, T\u00fcrkiye Cumhuriyeti\u2019nin 101\u2019inci kurulu\u015f y\u0131l\u0131 nedeniyle d\u00fczenlenen etkinli\u011fe kat\u0131ld\u0131","datePublished":"2024-10-21T18:58:30+00:00","mainEntityOfPage":{"@id":"https:\/\/kuzeyinsesi.org\/index.php\/2024\/10\/21\/bahar-esintileri-sanat-dernegi-korosu-turkiye-cumhuriyetinin-101inci-kurulus-yili-nedeniyle-duzenlenen-etkinlige-katildi\/"},"wordCount":281,"commentCount":0,"image":{"@id":"https:\/\/kuzeyinsesi.org\/index.php\/2024\/10\/21\/bahar-esintileri-sanat-dernegi-korosu-turkiye-cumhuriyetinin-101inci-kurulus-yili-nedeniyle-duzenlenen-etkinlige-katildi\/#primaryimage"},"thumbnailUrl":"https:\/\/kuzeyinsesi.org\/wp-content\/uploads\/2024\/10\/bahar-gokhan-3-1.jpg","articleSection":["Ya\u015fam"],"inLanguage":"tr","potentialAction":[{"@type":"CommentAction","name":"Comment","target":["https:\/\/kuzeyinsesi.org\/index.php\/2024\/10\/21\/bahar-esintileri-sanat-dernegi-korosu-turkiye-cumhuriyetinin-101inci-kurulus-yili-nedeniyle-duzenlenen-etkinlige-katildi\/#respond"]}]},{"@type":"WebPage","@id":"https:\/\/kuzeyinsesi.org\/index.php\/2024\/10\/21\/bahar-esintileri-sanat-dernegi-korosu-turkiye-cumhuriyetinin-101inci-kurulus-yili-nedeniyle-duzenlenen-etkinlige-katildi\/","url":"https:\/\/kuzeyinsesi.org\/index.php\/2024\/10\/21\/bahar-esintileri-sanat-dernegi-korosu-turkiye-cumhuriyetinin-101inci-kurulus-yili-nedeniyle-duzenlenen-etkinlige-katildi\/","name":"Bahar Esintileri Sanat Derne\u011fi Korosu, T\u00fcrkiye Cumhuriyeti\u2019nin 101\u2019inci kurulu\u015f y\u0131l\u0131 nedeniyle d\u00fczenlenen etkinli\u011fe kat\u0131ld\u0131 - Kuzeyin Sesi","isPartOf":{"@id":"https:\/\/kuzeyinsesi.org\/#website"},"primaryImageOfPage":{"@id":"https:\/\/kuzeyinsesi.org\/index.php\/2024\/10\/21\/bahar-esintileri-sanat-dernegi-korosu-turkiye-cumhuriyetinin-101inci-kurulus-yili-nedeniyle-duzenlenen-etkinlige-katildi\/#primaryimage"},"image":{"@id":"https:\/\/kuzeyinsesi.org\/index.php\/2024\/10\/21\/bahar-esintileri-sanat-dernegi-korosu-turkiye-cumhuriyetinin-101inci-kurulus-yili-nedeniyle-duzenlenen-etkinlige-katildi\/#primaryimage"},"thumbnailUrl":"https:\/\/kuzeyinsesi.org\/wp-content\/uploads\/2024\/10\/bahar-gokhan-3-1.jpg","datePublished":"2024-10-21T18:58:30+00:00","author":{"@id":"https:\/\/kuzeyinsesi.org\/#\/schema\/person\/9f859689cdf01485597712386e37f5aa"},"breadcrumb":{"@id":"https:\/\/kuzeyinsesi.org\/index.php\/2024\/10\/21\/bahar-esintileri-sanat-dernegi-korosu-turkiye-cumhuriyetinin-101inci-kurulus-yili-nedeniyle-duzenlenen-etkinlige-katildi\/#breadcrumb"},"inLanguage":"tr","potentialAction":[{"@type":"ReadAction","target":["https:\/\/kuzeyinsesi.org\/index.php\/2024\/10\/21\/bahar-esintileri-sanat-dernegi-korosu-turkiye-cumhuriyetinin-101inci-kurulus-yili-nedeniyle-duzenlenen-etkinlige-katildi\/"]}]},{"@type":"ImageObject","inLanguage":"tr","@id":"https:\/\/kuzeyinsesi.org\/index.php\/2024\/10\/21\/bahar-esintileri-sanat-dernegi-korosu-turkiye-cumhuriyetinin-101inci-kurulus-yili-nedeniyle-duzenlenen-etkinlige-katildi\/#primaryimage","url":"https:\/\/kuzeyinsesi.org\/wp-content\/uploads\/2024\/10\/bahar-gokhan-3-1.jpg","contentUrl":"https:\/\/kuzeyinsesi.org\/wp-content\/uploads\/2024\/10\/bahar-gokhan-3-1.jpg","width":1600,"height":1200},{"@type":"BreadcrumbList","@id":"https:\/\/kuzeyinsesi.org\/index.php\/2024\/10\/21\/bahar-esintileri-sanat-dernegi-korosu-turkiye-cumhuriyetinin-101inci-kurulus-yili-nedeniyle-duzenlenen-etkinlige-katildi\/#breadcrumb","itemListElement":[{"@type":"ListItem","position":1,"name":"Anasayfa","item":"https:\/\/kuzeyinsesi.org\/"},{"@type":"ListItem","position":2,"name":"Bahar Esintileri Sanat Derne\u011fi Korosu, T\u00fcrkiye Cumhuriyeti\u2019nin 101\u2019inci kurulu\u015f y\u0131l\u0131 nedeniyle d\u00fczenlenen etkinli\u011fe kat\u0131ld\u0131"}]},{"@type":"WebSite","@id":"https:\/\/kuzeyinsesi.org\/#website","url":"https:\/\/kuzeyinsesi.org\/","name":"Kuzeyin Sesi","description":"Do\u011fru Haberin Adresi","potentialAction":[{"@type":"SearchAction","target":{"@type":"EntryPoint","urlTemplate":"https:\/\/kuzeyinsesi.org\/?s={search_term_string}"},"query-input":{"@type":"PropertyValueSpecification","valueRequired":true,"valueName":"search_term_string"}}],"inLanguage":"tr"},{"@type":"Person","@id":"https:\/\/kuzeyinsesi.org\/#\/schema\/person\/9f859689cdf01485597712386e37f5aa","name":"Kuzeyin Sesi","image":{"@type":"ImageObject","inLanguage":"tr","@id":"https:\/\/secure.gravatar.com\/avatar\/bab33852abfd8b282518d6ed81826833d77c3c882d9ab608add591ccace47a44?s=96&d=mm&r=g","url":"https:\/\/secure.gravatar.com\/avatar\/bab33852abfd8b282518d6ed81826833d77c3c882d9ab608add591ccace47a44?s=96&d=mm&r=g","contentUrl":"https:\/\/secure.gravatar.com\/avatar\/bab33852abfd8b282518d6ed81826833d77c3c882d9ab608add591ccace47a44?s=96&d=mm&r=g","caption":"Kuzeyin Sesi"},"sameAs":["https:\/\/kuzeyinsesi.org"],"url":"https:\/\/kuzeyinsesi.org\/index.php\/author\/guven\/"}]}},"_links":{"self":[{"href":"https:\/\/kuzeyinsesi.org\/index.php\/wp-json\/wp\/v2\/posts\/12020","targetHints":{"allow":["GET"]}}],"collection":[{"href":"https:\/\/kuzeyinsesi.org\/index.php\/wp-json\/wp\/v2\/posts"}],"about":[{"href":"https:\/\/kuzeyinsesi.org\/index.php\/wp-json\/wp\/v2\/types\/post"}],"author":[{"embeddable":true,"href":"https:\/\/kuzeyinsesi.org\/index.php\/wp-json\/wp\/v2\/users\/1"}],"replies":[{"embeddable":true,"href":"https:\/\/kuzeyinsesi.org\/index.php\/wp-json\/wp\/v2\/comments?post=12020"}],"version-history":[{"count":0,"href":"https:\/\/kuzeyinsesi.org\/index.php\/wp-json\/wp\/v2\/posts\/12020\/revisions"}],"wp:featuredmedia":[{"embeddable":true,"href":"https:\/\/kuzeyinsesi.org\/index.php\/wp-json\/wp\/v2\/media\/12021"}],"wp:attachment":[{"href":"https:\/\/kuzeyinsesi.org\/index.php\/wp-json\/wp\/v2\/media?parent=12020"}],"wp:term":[{"taxonomy":"category","embeddable":true,"href":"https:\/\/kuzeyinsesi.org\/index.php\/wp-json\/wp\/v2\/categories?post=12020"},{"taxonomy":"post_tag","embeddable":true,"href":"https:\/\/kuzeyinsesi.org\/index.php\/wp-json\/wp\/v2\/tags?post=12020"}],"curies":[{"name":"wp","href":"https:\/\/api.w.org\/{rel}","templated":true}]}}