{"id":12001,"date":"2024-10-21T15:50:17","date_gmt":"2024-10-21T12:50:17","guid":{"rendered":"https:\/\/kuzeyinsesi.org\/index.php\/2024\/10\/21\/genclik-dairesi-muduru-ozanoglu-vadili-pasakoy-ve-akdoganda-genclerle-bulustu\/"},"modified":"2024-10-21T15:50:17","modified_gmt":"2024-10-21T12:50:17","slug":"genclik-dairesi-muduru-ozanoglu-vadili-pasakoy-ve-akdoganda-genclerle-bulustu","status":"publish","type":"post","link":"https:\/\/kuzeyinsesi.org\/index.php\/2024\/10\/21\/genclik-dairesi-muduru-ozanoglu-vadili-pasakoy-ve-akdoganda-genclerle-bulustu\/","title":{"rendered":"Gen\u00e7lik Dairesi M\u00fcd\u00fcr\u00fc Ozano\u011flu, Vadili, Pa\u015fak\u00f6y ve Akdo\u011fan\u2019da gen\u00e7lerle bulu\u015ftu"},"content":{"rendered":"<div>\n<div class=\"mariselle-image-container center\">\n                                            <\/div>\n<p>Ba\u015fbakan Yard\u0131mc\u0131l\u0131\u011f\u0131 Turizm K\u00fclt\u00fcr Gen\u00e7lik ve \u00c7evre Bakanl\u0131\u011f\u0131na ba\u011fl\u0131 Gen\u00e7lik Dairesi M\u00fcd\u00fcr\u00fc H\u00fcseyin Ozano\u011flu, Vadili, Pa\u015fak\u00f6y ve Akdo\u011fan Gen\u00e7lik Merkezlerinde gen\u00e7lerle bulu\u015ftu.<\/p>\n<p>Gen\u00e7lik Dairesi Bas\u0131n B\u00fcrosu\u2019ndan verilen bilgiye g\u00f6re Ozano\u011flu, Daire\u2019ye ba\u011fl\u0131 merkezlerdeki gen\u00e7lerle bulu\u015fmas\u0131nda, planlad\u0131\u011f\u0131 \u00e7al\u0131\u015fmalar hakk\u0131nda g\u00f6r\u00fc\u015f al\u0131\u015fveri\u015finde bulundu.<\/p>\n<p>Gen\u00e7lik Merkezlerinin yap\u0131s\u0131 ve i\u015fleyi\u015fiyle ilgili g\u00f6zlem de yapan Ozano\u011flu, \u00e7ok y\u00f6nl\u00fc etkinliklerle Gen\u00e7lik Merkezlerine yeni bir a\u00e7\u0131l\u0131m getirmeyi istedi\u011fini ifade etti.<\/p>\n<p>Ozano\u011flu, gen\u00e7lik kamplar\u0131 ve Gen\u00e7lik Merkezlerinin Daire\u2019nin olmazsa olmaz\u0131 oldu\u011funu belirterek hem yap\u0131sal hem de yeni e\u011fitsel \u00e7al\u0131\u015fmalar i\u00e7inde olduklar\u0131n\u0131 ifade etti.<\/p>\n<\/p><\/div>\n<p><script async\n                    defer\n                    crossorigin=\"anonymous\"\n                    src=\"https:\/\/connect.facebook.net\/tr_TR\/sdk.js#xfbml=1&#038;version=v3.3\"\n            ><\/script><\/p>\n","protected":false},"excerpt":{"rendered":"<p>Ba\u015fbakan Yard\u0131mc\u0131l\u0131\u011f\u0131 Turizm K\u00fclt\u00fcr Gen\u00e7lik ve \u00c7evre Bakanl\u0131\u011f\u0131na ba\u011fl\u0131 Gen\u00e7lik Dairesi M\u00fcd\u00fcr\u00fc H\u00fcseyin Ozano\u011flu, Vadili, Pa\u015fak\u00f6y ve Akdo\u011fan Gen\u00e7lik Merkezlerinde gen\u00e7lerle bulu\u015ftu. Gen\u00e7lik Dairesi Bas\u0131n B\u00fcrosu\u2019ndan verilen bilgiye g\u00f6re Ozano\u011flu, Daire\u2019ye ba\u011fl\u0131 merkezlerdeki gen\u00e7lerle bulu\u015fmas\u0131nda, planlad\u0131\u011f\u0131 \u00e7al\u0131\u015fmalar hakk\u0131nda g\u00f6r\u00fc\u015f al\u0131\u015fveri\u015finde bulundu. Gen\u00e7lik Merkezlerinin yap\u0131s\u0131 ve i\u015fleyi\u015fiyle ilgili g\u00f6zlem de yapan Ozano\u011flu, \u00e7ok y\u00f6nl\u00fc etkinliklerle Gen\u00e7lik [&hellip;]<\/p>\n","protected":false},"author":1,"featured_media":12002,"comment_status":"open","ping_status":"open","sticky":false,"template":"","format":"standard","meta":{"jnews-multi-image_gallery":[],"jnews_single_post":[],"jnews_primary_category":[],"jnews_social_meta":[],"jnews_override_counter":[],"footnotes":""},"categories":[6],"tags":[],"class_list":["post-12001","post","type-post","status-publish","format-standard","has-post-thumbnail","hentry","category-yasam"],"yoast_head":"<!-- This site is optimized with the Yoast SEO plugin v27.4 - https:\/\/yoast.com\/product\/yoast-seo-wordpress\/ -->\n<title>Gen\u00e7lik Dairesi M\u00fcd\u00fcr\u00fc Ozano\u011flu, Vadili, Pa\u015fak\u00f6y ve Akdo\u011fan\u2019da gen\u00e7lerle bulu\u015ftu - Kuzeyin Sesi<\/title>\n<meta name=\"robots\" content=\"index, follow, max-snippet:-1, max-image-preview:large, max-video-preview:-1\" \/>\n<link rel=\"canonical\" href=\"https:\/\/kuzeyinsesi.org\/index.php\/2024\/10\/21\/genclik-dairesi-muduru-ozanoglu-vadili-pasakoy-ve-akdoganda-genclerle-bulustu\/\" \/>\n<meta property=\"og:locale\" content=\"tr_TR\" \/>\n<meta property=\"og:type\" content=\"article\" \/>\n<meta property=\"og:title\" content=\"Gen\u00e7lik Dairesi M\u00fcd\u00fcr\u00fc Ozano\u011flu, Vadili, Pa\u015fak\u00f6y ve Akdo\u011fan\u2019da gen\u00e7lerle bulu\u015ftu - Kuzeyin Sesi\" \/>\n<meta property=\"og:description\" content=\"Ba\u015fbakan Yard\u0131mc\u0131l\u0131\u011f\u0131 Turizm K\u00fclt\u00fcr Gen\u00e7lik ve \u00c7evre Bakanl\u0131\u011f\u0131na ba\u011fl\u0131 Gen\u00e7lik Dairesi M\u00fcd\u00fcr\u00fc H\u00fcseyin Ozano\u011flu, Vadili, Pa\u015fak\u00f6y ve Akdo\u011fan Gen\u00e7lik Merkezlerinde gen\u00e7lerle bulu\u015ftu. Gen\u00e7lik Dairesi Bas\u0131n B\u00fcrosu\u2019ndan verilen bilgiye g\u00f6re Ozano\u011flu, Daire\u2019ye ba\u011fl\u0131 merkezlerdeki gen\u00e7lerle bulu\u015fmas\u0131nda, planlad\u0131\u011f\u0131 \u00e7al\u0131\u015fmalar hakk\u0131nda g\u00f6r\u00fc\u015f al\u0131\u015fveri\u015finde bulundu. Gen\u00e7lik Merkezlerinin yap\u0131s\u0131 ve i\u015fleyi\u015fiyle ilgili g\u00f6zlem de yapan Ozano\u011flu, \u00e7ok y\u00f6nl\u00fc etkinliklerle Gen\u00e7lik [&hellip;]\" \/>\n<meta property=\"og:url\" content=\"https:\/\/kuzeyinsesi.org\/index.php\/2024\/10\/21\/genclik-dairesi-muduru-ozanoglu-vadili-pasakoy-ve-akdoganda-genclerle-bulustu\/\" \/>\n<meta property=\"og:site_name\" content=\"Kuzeyin Sesi\" \/>\n<meta property=\"article:publisher\" content=\"https:\/\/www.facebook.com\/kuzeyinsesii\" \/>\n<meta property=\"article:published_time\" content=\"2024-10-21T12:50:17+00:00\" \/>\n<meta property=\"og:image\" content=\"https:\/\/brtk.net\/wp-content\/uploads\/2024\/10\/21\/SQWLKEQ-scaled.jpg?ver=97db95f00ffecc25ec832380fb7a44d0\" \/>\n<meta name=\"author\" content=\"Kuzeyin Sesi\" \/>\n<meta name=\"twitter:card\" content=\"summary_large_image\" \/>\n<meta name=\"twitter:creator\" content=\"@kuzeyinsesii\" \/>\n<meta name=\"twitter:site\" content=\"@kuzeyinsesii\" \/>\n<meta name=\"twitter:label1\" content=\"Yazan:\" \/>\n\t<meta name=\"twitter:data1\" content=\"Kuzeyin Sesi\" \/>\n\t<meta name=\"twitter:label2\" content=\"Tahmini okuma s\u00fcresi\" \/>\n\t<meta name=\"twitter:data2\" content=\"1 dakika\" \/>\n<script type=\"application\/ld+json\" class=\"yoast-schema-graph\">{\"@context\":\"https:\\\/\\\/schema.org\",\"@graph\":[{\"@type\":\"Article\",\"@id\":\"https:\\\/\\\/kuzeyinsesi.org\\\/index.php\\\/2024\\\/10\\\/21\\\/genclik-dairesi-muduru-ozanoglu-vadili-pasakoy-ve-akdoganda-genclerle-bulustu\\\/#article\",\"isPartOf\":{\"@id\":\"https:\\\/\\\/kuzeyinsesi.org\\\/index.php\\\/2024\\\/10\\\/21\\\/genclik-dairesi-muduru-ozanoglu-vadili-pasakoy-ve-akdoganda-genclerle-bulustu\\\/\"},\"author\":{\"name\":\"Kuzeyin Sesi\",\"@id\":\"https:\\\/\\\/kuzeyinsesi.org\\\/#\\\/schema\\\/person\\\/9f859689cdf01485597712386e37f5aa\"},\"headline\":\"Gen\u00e7lik Dairesi M\u00fcd\u00fcr\u00fc Ozano\u011flu, Vadili, Pa\u015fak\u00f6y ve Akdo\u011fan\u2019da gen\u00e7lerle bulu\u015ftu\",\"datePublished\":\"2024-10-21T12:50:17+00:00\",\"mainEntityOfPage\":{\"@id\":\"https:\\\/\\\/kuzeyinsesi.org\\\/index.php\\\/2024\\\/10\\\/21\\\/genclik-dairesi-muduru-ozanoglu-vadili-pasakoy-ve-akdoganda-genclerle-bulustu\\\/\"},\"wordCount\":161,\"commentCount\":0,\"image\":{\"@id\":\"https:\\\/\\\/kuzeyinsesi.org\\\/index.php\\\/2024\\\/10\\\/21\\\/genclik-dairesi-muduru-ozanoglu-vadili-pasakoy-ve-akdoganda-genclerle-bulustu\\\/#primaryimage\"},\"thumbnailUrl\":\"https:\\\/\\\/kuzeyinsesi.org\\\/wp-content\\\/uploads\\\/2024\\\/10\\\/SQWLKEQ-scaled.jpg\",\"articleSection\":[\"Ya\u015fam\"],\"inLanguage\":\"tr\",\"potentialAction\":[{\"@type\":\"CommentAction\",\"name\":\"Comment\",\"target\":[\"https:\\\/\\\/kuzeyinsesi.org\\\/index.php\\\/2024\\\/10\\\/21\\\/genclik-dairesi-muduru-ozanoglu-vadili-pasakoy-ve-akdoganda-genclerle-bulustu\\\/#respond\"]}]},{\"@type\":\"WebPage\",\"@id\":\"https:\\\/\\\/kuzeyinsesi.org\\\/index.php\\\/2024\\\/10\\\/21\\\/genclik-dairesi-muduru-ozanoglu-vadili-pasakoy-ve-akdoganda-genclerle-bulustu\\\/\",\"url\":\"https:\\\/\\\/kuzeyinsesi.org\\\/index.php\\\/2024\\\/10\\\/21\\\/genclik-dairesi-muduru-ozanoglu-vadili-pasakoy-ve-akdoganda-genclerle-bulustu\\\/\",\"name\":\"Gen\u00e7lik Dairesi M\u00fcd\u00fcr\u00fc Ozano\u011flu, Vadili, Pa\u015fak\u00f6y ve Akdo\u011fan\u2019da gen\u00e7lerle bulu\u015ftu - Kuzeyin Sesi\",\"isPartOf\":{\"@id\":\"https:\\\/\\\/kuzeyinsesi.org\\\/#website\"},\"primaryImageOfPage\":{\"@id\":\"https:\\\/\\\/kuzeyinsesi.org\\\/index.php\\\/2024\\\/10\\\/21\\\/genclik-dairesi-muduru-ozanoglu-vadili-pasakoy-ve-akdoganda-genclerle-bulustu\\\/#primaryimage\"},\"image\":{\"@id\":\"https:\\\/\\\/kuzeyinsesi.org\\\/index.php\\\/2024\\\/10\\\/21\\\/genclik-dairesi-muduru-ozanoglu-vadili-pasakoy-ve-akdoganda-genclerle-bulustu\\\/#primaryimage\"},\"thumbnailUrl\":\"https:\\\/\\\/kuzeyinsesi.org\\\/wp-content\\\/uploads\\\/2024\\\/10\\\/SQWLKEQ-scaled.jpg\",\"datePublished\":\"2024-10-21T12:50:17+00:00\",\"author\":{\"@id\":\"https:\\\/\\\/kuzeyinsesi.org\\\/#\\\/schema\\\/person\\\/9f859689cdf01485597712386e37f5aa\"},\"breadcrumb\":{\"@id\":\"https:\\\/\\\/kuzeyinsesi.org\\\/index.php\\\/2024\\\/10\\\/21\\\/genclik-dairesi-muduru-ozanoglu-vadili-pasakoy-ve-akdoganda-genclerle-bulustu\\\/#breadcrumb\"},\"inLanguage\":\"tr\",\"potentialAction\":[{\"@type\":\"ReadAction\",\"target\":[\"https:\\\/\\\/kuzeyinsesi.org\\\/index.php\\\/2024\\\/10\\\/21\\\/genclik-dairesi-muduru-ozanoglu-vadili-pasakoy-ve-akdoganda-genclerle-bulustu\\\/\"]}]},{\"@type\":\"ImageObject\",\"inLanguage\":\"tr\",\"@id\":\"https:\\\/\\\/kuzeyinsesi.org\\\/index.php\\\/2024\\\/10\\\/21\\\/genclik-dairesi-muduru-ozanoglu-vadili-pasakoy-ve-akdoganda-genclerle-bulustu\\\/#primaryimage\",\"url\":\"https:\\\/\\\/kuzeyinsesi.org\\\/wp-content\\\/uploads\\\/2024\\\/10\\\/SQWLKEQ-scaled.jpg\",\"contentUrl\":\"https:\\\/\\\/kuzeyinsesi.org\\\/wp-content\\\/uploads\\\/2024\\\/10\\\/SQWLKEQ-scaled.jpg\",\"width\":2560,\"height\":1216},{\"@type\":\"BreadcrumbList\",\"@id\":\"https:\\\/\\\/kuzeyinsesi.org\\\/index.php\\\/2024\\\/10\\\/21\\\/genclik-dairesi-muduru-ozanoglu-vadili-pasakoy-ve-akdoganda-genclerle-bulustu\\\/#breadcrumb\",\"itemListElement\":[{\"@type\":\"ListItem\",\"position\":1,\"name\":\"Anasayfa\",\"item\":\"https:\\\/\\\/kuzeyinsesi.org\\\/\"},{\"@type\":\"ListItem\",\"position\":2,\"name\":\"Gen\u00e7lik Dairesi M\u00fcd\u00fcr\u00fc Ozano\u011flu, Vadili, Pa\u015fak\u00f6y ve Akdo\u011fan\u2019da gen\u00e7lerle bulu\u015ftu\"}]},{\"@type\":\"WebSite\",\"@id\":\"https:\\\/\\\/kuzeyinsesi.org\\\/#website\",\"url\":\"https:\\\/\\\/kuzeyinsesi.org\\\/\",\"name\":\"Kuzeyin Sesi\",\"description\":\"Do\u011fru Haberin Adresi\",\"potentialAction\":[{\"@type\":\"SearchAction\",\"target\":{\"@type\":\"EntryPoint\",\"urlTemplate\":\"https:\\\/\\\/kuzeyinsesi.org\\\/?s={search_term_string}\"},\"query-input\":{\"@type\":\"PropertyValueSpecification\",\"valueRequired\":true,\"valueName\":\"search_term_string\"}}],\"inLanguage\":\"tr\"},{\"@type\":\"Person\",\"@id\":\"https:\\\/\\\/kuzeyinsesi.org\\\/#\\\/schema\\\/person\\\/9f859689cdf01485597712386e37f5aa\",\"name\":\"Kuzeyin Sesi\",\"image\":{\"@type\":\"ImageObject\",\"inLanguage\":\"tr\",\"@id\":\"https:\\\/\\\/secure.gravatar.com\\\/avatar\\\/bab33852abfd8b282518d6ed81826833d77c3c882d9ab608add591ccace47a44?s=96&d=mm&r=g\",\"url\":\"https:\\\/\\\/secure.gravatar.com\\\/avatar\\\/bab33852abfd8b282518d6ed81826833d77c3c882d9ab608add591ccace47a44?s=96&d=mm&r=g\",\"contentUrl\":\"https:\\\/\\\/secure.gravatar.com\\\/avatar\\\/bab33852abfd8b282518d6ed81826833d77c3c882d9ab608add591ccace47a44?s=96&d=mm&r=g\",\"caption\":\"Kuzeyin Sesi\"},\"sameAs\":[\"https:\\\/\\\/kuzeyinsesi.org\"],\"url\":\"https:\\\/\\\/kuzeyinsesi.org\\\/index.php\\\/author\\\/guven\\\/\"}]}<\/script>\n<!-- \/ Yoast SEO plugin. -->","yoast_head_json":{"title":"Gen\u00e7lik Dairesi M\u00fcd\u00fcr\u00fc Ozano\u011flu, Vadili, Pa\u015fak\u00f6y ve Akdo\u011fan\u2019da gen\u00e7lerle bulu\u015ftu - Kuzeyin Sesi","robots":{"index":"index","follow":"follow","max-snippet":"max-snippet:-1","max-image-preview":"max-image-preview:large","max-video-preview":"max-video-preview:-1"},"canonical":"https:\/\/kuzeyinsesi.org\/index.php\/2024\/10\/21\/genclik-dairesi-muduru-ozanoglu-vadili-pasakoy-ve-akdoganda-genclerle-bulustu\/","og_locale":"tr_TR","og_type":"article","og_title":"Gen\u00e7lik Dairesi M\u00fcd\u00fcr\u00fc Ozano\u011flu, Vadili, Pa\u015fak\u00f6y ve Akdo\u011fan\u2019da gen\u00e7lerle bulu\u015ftu - Kuzeyin Sesi","og_description":"Ba\u015fbakan Yard\u0131mc\u0131l\u0131\u011f\u0131 Turizm K\u00fclt\u00fcr Gen\u00e7lik ve \u00c7evre Bakanl\u0131\u011f\u0131na ba\u011fl\u0131 Gen\u00e7lik Dairesi M\u00fcd\u00fcr\u00fc H\u00fcseyin Ozano\u011flu, Vadili, Pa\u015fak\u00f6y ve Akdo\u011fan Gen\u00e7lik Merkezlerinde gen\u00e7lerle bulu\u015ftu. Gen\u00e7lik Dairesi Bas\u0131n B\u00fcrosu\u2019ndan verilen bilgiye g\u00f6re Ozano\u011flu, Daire\u2019ye ba\u011fl\u0131 merkezlerdeki gen\u00e7lerle bulu\u015fmas\u0131nda, planlad\u0131\u011f\u0131 \u00e7al\u0131\u015fmalar hakk\u0131nda g\u00f6r\u00fc\u015f al\u0131\u015fveri\u015finde bulundu. Gen\u00e7lik Merkezlerinin yap\u0131s\u0131 ve i\u015fleyi\u015fiyle ilgili g\u00f6zlem de yapan Ozano\u011flu, \u00e7ok y\u00f6nl\u00fc etkinliklerle Gen\u00e7lik [&hellip;]","og_url":"https:\/\/kuzeyinsesi.org\/index.php\/2024\/10\/21\/genclik-dairesi-muduru-ozanoglu-vadili-pasakoy-ve-akdoganda-genclerle-bulustu\/","og_site_name":"Kuzeyin Sesi","article_publisher":"https:\/\/www.facebook.com\/kuzeyinsesii","article_published_time":"2024-10-21T12:50:17+00:00","og_image":[{"url":"https:\/\/brtk.net\/wp-content\/uploads\/2024\/10\/21\/SQWLKEQ-scaled.jpg?ver=97db95f00ffecc25ec832380fb7a44d0","type":"","width":"","height":""}],"author":"Kuzeyin Sesi","twitter_card":"summary_large_image","twitter_creator":"@kuzeyinsesii","twitter_site":"@kuzeyinsesii","twitter_misc":{"Yazan:":"Kuzeyin Sesi","Tahmini okuma s\u00fcresi":"1 dakika"},"schema":{"@context":"https:\/\/schema.org","@graph":[{"@type":"Article","@id":"https:\/\/kuzeyinsesi.org\/index.php\/2024\/10\/21\/genclik-dairesi-muduru-ozanoglu-vadili-pasakoy-ve-akdoganda-genclerle-bulustu\/#article","isPartOf":{"@id":"https:\/\/kuzeyinsesi.org\/index.php\/2024\/10\/21\/genclik-dairesi-muduru-ozanoglu-vadili-pasakoy-ve-akdoganda-genclerle-bulustu\/"},"author":{"name":"Kuzeyin Sesi","@id":"https:\/\/kuzeyinsesi.org\/#\/schema\/person\/9f859689cdf01485597712386e37f5aa"},"headline":"Gen\u00e7lik Dairesi M\u00fcd\u00fcr\u00fc Ozano\u011flu, Vadili, Pa\u015fak\u00f6y ve Akdo\u011fan\u2019da gen\u00e7lerle bulu\u015ftu","datePublished":"2024-10-21T12:50:17+00:00","mainEntityOfPage":{"@id":"https:\/\/kuzeyinsesi.org\/index.php\/2024\/10\/21\/genclik-dairesi-muduru-ozanoglu-vadili-pasakoy-ve-akdoganda-genclerle-bulustu\/"},"wordCount":161,"commentCount":0,"image":{"@id":"https:\/\/kuzeyinsesi.org\/index.php\/2024\/10\/21\/genclik-dairesi-muduru-ozanoglu-vadili-pasakoy-ve-akdoganda-genclerle-bulustu\/#primaryimage"},"thumbnailUrl":"https:\/\/kuzeyinsesi.org\/wp-content\/uploads\/2024\/10\/SQWLKEQ-scaled.jpg","articleSection":["Ya\u015fam"],"inLanguage":"tr","potentialAction":[{"@type":"CommentAction","name":"Comment","target":["https:\/\/kuzeyinsesi.org\/index.php\/2024\/10\/21\/genclik-dairesi-muduru-ozanoglu-vadili-pasakoy-ve-akdoganda-genclerle-bulustu\/#respond"]}]},{"@type":"WebPage","@id":"https:\/\/kuzeyinsesi.org\/index.php\/2024\/10\/21\/genclik-dairesi-muduru-ozanoglu-vadili-pasakoy-ve-akdoganda-genclerle-bulustu\/","url":"https:\/\/kuzeyinsesi.org\/index.php\/2024\/10\/21\/genclik-dairesi-muduru-ozanoglu-vadili-pasakoy-ve-akdoganda-genclerle-bulustu\/","name":"Gen\u00e7lik Dairesi M\u00fcd\u00fcr\u00fc Ozano\u011flu, Vadili, Pa\u015fak\u00f6y ve Akdo\u011fan\u2019da gen\u00e7lerle bulu\u015ftu - Kuzeyin Sesi","isPartOf":{"@id":"https:\/\/kuzeyinsesi.org\/#website"},"primaryImageOfPage":{"@id":"https:\/\/kuzeyinsesi.org\/index.php\/2024\/10\/21\/genclik-dairesi-muduru-ozanoglu-vadili-pasakoy-ve-akdoganda-genclerle-bulustu\/#primaryimage"},"image":{"@id":"https:\/\/kuzeyinsesi.org\/index.php\/2024\/10\/21\/genclik-dairesi-muduru-ozanoglu-vadili-pasakoy-ve-akdoganda-genclerle-bulustu\/#primaryimage"},"thumbnailUrl":"https:\/\/kuzeyinsesi.org\/wp-content\/uploads\/2024\/10\/SQWLKEQ-scaled.jpg","datePublished":"2024-10-21T12:50:17+00:00","author":{"@id":"https:\/\/kuzeyinsesi.org\/#\/schema\/person\/9f859689cdf01485597712386e37f5aa"},"breadcrumb":{"@id":"https:\/\/kuzeyinsesi.org\/index.php\/2024\/10\/21\/genclik-dairesi-muduru-ozanoglu-vadili-pasakoy-ve-akdoganda-genclerle-bulustu\/#breadcrumb"},"inLanguage":"tr","potentialAction":[{"@type":"ReadAction","target":["https:\/\/kuzeyinsesi.org\/index.php\/2024\/10\/21\/genclik-dairesi-muduru-ozanoglu-vadili-pasakoy-ve-akdoganda-genclerle-bulustu\/"]}]},{"@type":"ImageObject","inLanguage":"tr","@id":"https:\/\/kuzeyinsesi.org\/index.php\/2024\/10\/21\/genclik-dairesi-muduru-ozanoglu-vadili-pasakoy-ve-akdoganda-genclerle-bulustu\/#primaryimage","url":"https:\/\/kuzeyinsesi.org\/wp-content\/uploads\/2024\/10\/SQWLKEQ-scaled.jpg","contentUrl":"https:\/\/kuzeyinsesi.org\/wp-content\/uploads\/2024\/10\/SQWLKEQ-scaled.jpg","width":2560,"height":1216},{"@type":"BreadcrumbList","@id":"https:\/\/kuzeyinsesi.org\/index.php\/2024\/10\/21\/genclik-dairesi-muduru-ozanoglu-vadili-pasakoy-ve-akdoganda-genclerle-bulustu\/#breadcrumb","itemListElement":[{"@type":"ListItem","position":1,"name":"Anasayfa","item":"https:\/\/kuzeyinsesi.org\/"},{"@type":"ListItem","position":2,"name":"Gen\u00e7lik Dairesi M\u00fcd\u00fcr\u00fc Ozano\u011flu, Vadili, Pa\u015fak\u00f6y ve Akdo\u011fan\u2019da gen\u00e7lerle bulu\u015ftu"}]},{"@type":"WebSite","@id":"https:\/\/kuzeyinsesi.org\/#website","url":"https:\/\/kuzeyinsesi.org\/","name":"Kuzeyin Sesi","description":"Do\u011fru Haberin Adresi","potentialAction":[{"@type":"SearchAction","target":{"@type":"EntryPoint","urlTemplate":"https:\/\/kuzeyinsesi.org\/?s={search_term_string}"},"query-input":{"@type":"PropertyValueSpecification","valueRequired":true,"valueName":"search_term_string"}}],"inLanguage":"tr"},{"@type":"Person","@id":"https:\/\/kuzeyinsesi.org\/#\/schema\/person\/9f859689cdf01485597712386e37f5aa","name":"Kuzeyin Sesi","image":{"@type":"ImageObject","inLanguage":"tr","@id":"https:\/\/secure.gravatar.com\/avatar\/bab33852abfd8b282518d6ed81826833d77c3c882d9ab608add591ccace47a44?s=96&d=mm&r=g","url":"https:\/\/secure.gravatar.com\/avatar\/bab33852abfd8b282518d6ed81826833d77c3c882d9ab608add591ccace47a44?s=96&d=mm&r=g","contentUrl":"https:\/\/secure.gravatar.com\/avatar\/bab33852abfd8b282518d6ed81826833d77c3c882d9ab608add591ccace47a44?s=96&d=mm&r=g","caption":"Kuzeyin Sesi"},"sameAs":["https:\/\/kuzeyinsesi.org"],"url":"https:\/\/kuzeyinsesi.org\/index.php\/author\/guven\/"}]}},"_links":{"self":[{"href":"https:\/\/kuzeyinsesi.org\/index.php\/wp-json\/wp\/v2\/posts\/12001","targetHints":{"allow":["GET"]}}],"collection":[{"href":"https:\/\/kuzeyinsesi.org\/index.php\/wp-json\/wp\/v2\/posts"}],"about":[{"href":"https:\/\/kuzeyinsesi.org\/index.php\/wp-json\/wp\/v2\/types\/post"}],"author":[{"embeddable":true,"href":"https:\/\/kuzeyinsesi.org\/index.php\/wp-json\/wp\/v2\/users\/1"}],"replies":[{"embeddable":true,"href":"https:\/\/kuzeyinsesi.org\/index.php\/wp-json\/wp\/v2\/comments?post=12001"}],"version-history":[{"count":0,"href":"https:\/\/kuzeyinsesi.org\/index.php\/wp-json\/wp\/v2\/posts\/12001\/revisions"}],"wp:featuredmedia":[{"embeddable":true,"href":"https:\/\/kuzeyinsesi.org\/index.php\/wp-json\/wp\/v2\/media\/12002"}],"wp:attachment":[{"href":"https:\/\/kuzeyinsesi.org\/index.php\/wp-json\/wp\/v2\/media?parent=12001"}],"wp:term":[{"taxonomy":"category","embeddable":true,"href":"https:\/\/kuzeyinsesi.org\/index.php\/wp-json\/wp\/v2\/categories?post=12001"},{"taxonomy":"post_tag","embeddable":true,"href":"https:\/\/kuzeyinsesi.org\/index.php\/wp-json\/wp\/v2\/tags?post=12001"}],"curies":[{"name":"wp","href":"https:\/\/api.w.org\/{rel}","templated":true}]}}