{"id":11992,"date":"2024-10-21T14:48:01","date_gmt":"2024-10-21T11:48:01","guid":{"rendered":"https:\/\/kuzeyinsesi.org\/index.php\/2024\/10\/21\/yarim-canlar-destani-kasimda-girnede-sahneleniyor\/"},"modified":"2024-10-21T14:48:01","modified_gmt":"2024-10-21T11:48:01","slug":"yarim-canlar-destani-kasimda-girnede-sahneleniyor","status":"publish","type":"post","link":"https:\/\/kuzeyinsesi.org\/index.php\/2024\/10\/21\/yarim-canlar-destani-kasimda-girnede-sahneleniyor\/","title":{"rendered":"\u201cYar\u0131m Canlar Destan\u0131\u201d kas\u0131mda Girne\u2019de sahneleniyor"},"content":{"rendered":"<div>\n<div class=\"mariselle-image-container center\">\n                                            <\/div>\n<p>\u00c7al\u0131\u015fmalar\u0131na Girne Belediyesi Oda Tiyatrosu\u2019nda devam eden Girne Tiyatrosu SU, \u201cYar\u0131m Canlar Destan\u0131\u201d oyunu ile kas\u0131m ay\u0131nda seyirci kar\u015f\u0131s\u0131na \u00e7\u0131k\u0131yor.<\/p>\n<p>Belediye\u2019den verilen bilgiye g\u00f6re, 1, 8, 15 ve 29 Kas\u0131m tarihlerinde, saat 20.00\u2019de Girne Belediyesi Oda Tiyatrosu\u2019nda sahnelenecek oyun, +16 ya\u015f kategorisi olarak izleyici ile bulu\u015fuyor.<\/p>\n<p>Oyunun biletleri 200 TL\u2019den www.kibrisbiletcim.com ile mesai saatlerinde Girne Belediyesi Oda Tiyatrosu\u2019ndan al\u0131nabiliyor. Oyun gecelerinde kap\u0131da da bilet sat\u0131\u015f\u0131 olacak.<\/p>\n<p>Bur\u00e7han G\u00f6ze\u2019nin yazd\u0131\u011f\u0131 ve y\u00f6netti\u011fi oyunun yard\u0131mc\u0131 y\u00f6netmenli\u011fini \u00d6zge G\u00fcnay G\u00f6ze yapt\u0131. Esel Fatma T\u00fcney\u2019in reji asistanl\u0131\u011f\u0131n\u0131 \u00fcstlendi\u011fi oyunun \u0131\u015f\u0131k tasar\u0131mlar\u0131 ise Mehmet Sayg\u0131er\u2019e ait. Oyuncu kadrosunda Cenk G\u00fcr\u00e7a\u011f, Derman Atik ve \u0130lk\u015fen Varo\u011flu Atik\u2019in yer ald\u0131\u011f\u0131 \u201cYar\u0131m Canlar Destan\u0131\u201dnda solistler ise Cemile G\u00fcr\u00e7a\u011f ve \u0130lde Atik.<\/p>\n<\/p><\/div>\n<p><script async\n                    defer\n                    crossorigin=\"anonymous\"\n                    src=\"https:\/\/connect.facebook.net\/tr_TR\/sdk.js#xfbml=1&#038;version=v3.3\"\n            ><\/script><\/p>\n","protected":false},"excerpt":{"rendered":"<p>\u00c7al\u0131\u015fmalar\u0131na Girne Belediyesi Oda Tiyatrosu\u2019nda devam eden Girne Tiyatrosu SU, \u201cYar\u0131m Canlar Destan\u0131\u201d oyunu ile kas\u0131m ay\u0131nda seyirci kar\u015f\u0131s\u0131na \u00e7\u0131k\u0131yor. Belediye\u2019den verilen bilgiye g\u00f6re, 1, 8, 15 ve 29 Kas\u0131m tarihlerinde, saat 20.00\u2019de Girne Belediyesi Oda Tiyatrosu\u2019nda sahnelenecek oyun, +16 ya\u015f kategorisi olarak izleyici ile bulu\u015fuyor. Oyunun biletleri 200 TL\u2019den www.kibrisbiletcim.com ile mesai saatlerinde Girne [&hellip;]<\/p>\n","protected":false},"author":1,"featured_media":11993,"comment_status":"open","ping_status":"open","sticky":false,"template":"","format":"standard","meta":{"jnews-multi-image_gallery":[],"jnews_single_post":[],"jnews_primary_category":[],"jnews_social_meta":[],"jnews_override_counter":[],"footnotes":""},"categories":[6],"tags":[],"class_list":["post-11992","post","type-post","status-publish","format-standard","has-post-thumbnail","hentry","category-yasam"],"yoast_head":"<!-- This site is optimized with the Yoast SEO plugin v27.4 - https:\/\/yoast.com\/product\/yoast-seo-wordpress\/ -->\n<title>\u201cYar\u0131m Canlar Destan\u0131\u201d kas\u0131mda Girne\u2019de sahneleniyor - Kuzeyin Sesi<\/title>\n<meta name=\"robots\" content=\"index, follow, max-snippet:-1, max-image-preview:large, max-video-preview:-1\" \/>\n<link rel=\"canonical\" href=\"https:\/\/kuzeyinsesi.org\/index.php\/2024\/10\/21\/yarim-canlar-destani-kasimda-girnede-sahneleniyor\/\" \/>\n<meta property=\"og:locale\" content=\"tr_TR\" \/>\n<meta property=\"og:type\" content=\"article\" \/>\n<meta property=\"og:title\" content=\"\u201cYar\u0131m Canlar Destan\u0131\u201d kas\u0131mda Girne\u2019de sahneleniyor - Kuzeyin Sesi\" \/>\n<meta property=\"og:description\" content=\"\u00c7al\u0131\u015fmalar\u0131na Girne Belediyesi Oda Tiyatrosu\u2019nda devam eden Girne Tiyatrosu SU, \u201cYar\u0131m Canlar Destan\u0131\u201d oyunu ile kas\u0131m ay\u0131nda seyirci kar\u015f\u0131s\u0131na \u00e7\u0131k\u0131yor. Belediye\u2019den verilen bilgiye g\u00f6re, 1, 8, 15 ve 29 Kas\u0131m tarihlerinde, saat 20.00\u2019de Girne Belediyesi Oda Tiyatrosu\u2019nda sahnelenecek oyun, +16 ya\u015f kategorisi olarak izleyici ile bulu\u015fuyor. Oyunun biletleri 200 TL\u2019den www.kibrisbiletcim.com ile mesai saatlerinde Girne [&hellip;]\" \/>\n<meta property=\"og:url\" content=\"https:\/\/kuzeyinsesi.org\/index.php\/2024\/10\/21\/yarim-canlar-destani-kasimda-girnede-sahneleniyor\/\" \/>\n<meta property=\"og:site_name\" content=\"Kuzeyin Sesi\" \/>\n<meta property=\"article:publisher\" content=\"https:\/\/www.facebook.com\/kuzeyinsesii\" \/>\n<meta property=\"article:published_time\" content=\"2024-10-21T11:48:01+00:00\" \/>\n<meta property=\"og:image\" content=\"https:\/\/brtk.net\/wp-content\/uploads\/2024\/10\/21\/Yarim-Canlar-Destani.webp?ver=92a50672d0cc5b857be271d3ecbdff5e\" \/>\n<meta name=\"author\" content=\"Kuzeyin Sesi\" \/>\n<meta name=\"twitter:card\" content=\"summary_large_image\" \/>\n<meta name=\"twitter:creator\" content=\"@kuzeyinsesii\" \/>\n<meta name=\"twitter:site\" content=\"@kuzeyinsesii\" \/>\n<meta name=\"twitter:label1\" content=\"Yazan:\" \/>\n\t<meta name=\"twitter:data1\" content=\"Kuzeyin Sesi\" \/>\n\t<meta name=\"twitter:label2\" content=\"Tahmini okuma s\u00fcresi\" \/>\n\t<meta name=\"twitter:data2\" content=\"1 dakika\" \/>\n<script type=\"application\/ld+json\" class=\"yoast-schema-graph\">{\"@context\":\"https:\\\/\\\/schema.org\",\"@graph\":[{\"@type\":\"Article\",\"@id\":\"https:\\\/\\\/kuzeyinsesi.org\\\/index.php\\\/2024\\\/10\\\/21\\\/yarim-canlar-destani-kasimda-girnede-sahneleniyor\\\/#article\",\"isPartOf\":{\"@id\":\"https:\\\/\\\/kuzeyinsesi.org\\\/index.php\\\/2024\\\/10\\\/21\\\/yarim-canlar-destani-kasimda-girnede-sahneleniyor\\\/\"},\"author\":{\"name\":\"Kuzeyin Sesi\",\"@id\":\"https:\\\/\\\/kuzeyinsesi.org\\\/#\\\/schema\\\/person\\\/9f859689cdf01485597712386e37f5aa\"},\"headline\":\"\u201cYar\u0131m Canlar Destan\u0131\u201d kas\u0131mda Girne\u2019de sahneleniyor\",\"datePublished\":\"2024-10-21T11:48:01+00:00\",\"mainEntityOfPage\":{\"@id\":\"https:\\\/\\\/kuzeyinsesi.org\\\/index.php\\\/2024\\\/10\\\/21\\\/yarim-canlar-destani-kasimda-girnede-sahneleniyor\\\/\"},\"wordCount\":162,\"commentCount\":0,\"image\":{\"@id\":\"https:\\\/\\\/kuzeyinsesi.org\\\/index.php\\\/2024\\\/10\\\/21\\\/yarim-canlar-destani-kasimda-girnede-sahneleniyor\\\/#primaryimage\"},\"thumbnailUrl\":\"https:\\\/\\\/kuzeyinsesi.org\\\/wp-content\\\/uploads\\\/2024\\\/10\\\/Yarim-Canlar-Destani.webp.webp\",\"articleSection\":[\"Ya\u015fam\"],\"inLanguage\":\"tr\",\"potentialAction\":[{\"@type\":\"CommentAction\",\"name\":\"Comment\",\"target\":[\"https:\\\/\\\/kuzeyinsesi.org\\\/index.php\\\/2024\\\/10\\\/21\\\/yarim-canlar-destani-kasimda-girnede-sahneleniyor\\\/#respond\"]}]},{\"@type\":\"WebPage\",\"@id\":\"https:\\\/\\\/kuzeyinsesi.org\\\/index.php\\\/2024\\\/10\\\/21\\\/yarim-canlar-destani-kasimda-girnede-sahneleniyor\\\/\",\"url\":\"https:\\\/\\\/kuzeyinsesi.org\\\/index.php\\\/2024\\\/10\\\/21\\\/yarim-canlar-destani-kasimda-girnede-sahneleniyor\\\/\",\"name\":\"\u201cYar\u0131m Canlar Destan\u0131\u201d kas\u0131mda Girne\u2019de sahneleniyor - Kuzeyin Sesi\",\"isPartOf\":{\"@id\":\"https:\\\/\\\/kuzeyinsesi.org\\\/#website\"},\"primaryImageOfPage\":{\"@id\":\"https:\\\/\\\/kuzeyinsesi.org\\\/index.php\\\/2024\\\/10\\\/21\\\/yarim-canlar-destani-kasimda-girnede-sahneleniyor\\\/#primaryimage\"},\"image\":{\"@id\":\"https:\\\/\\\/kuzeyinsesi.org\\\/index.php\\\/2024\\\/10\\\/21\\\/yarim-canlar-destani-kasimda-girnede-sahneleniyor\\\/#primaryimage\"},\"thumbnailUrl\":\"https:\\\/\\\/kuzeyinsesi.org\\\/wp-content\\\/uploads\\\/2024\\\/10\\\/Yarim-Canlar-Destani.webp.webp\",\"datePublished\":\"2024-10-21T11:48:01+00:00\",\"author\":{\"@id\":\"https:\\\/\\\/kuzeyinsesi.org\\\/#\\\/schema\\\/person\\\/9f859689cdf01485597712386e37f5aa\"},\"breadcrumb\":{\"@id\":\"https:\\\/\\\/kuzeyinsesi.org\\\/index.php\\\/2024\\\/10\\\/21\\\/yarim-canlar-destani-kasimda-girnede-sahneleniyor\\\/#breadcrumb\"},\"inLanguage\":\"tr\",\"potentialAction\":[{\"@type\":\"ReadAction\",\"target\":[\"https:\\\/\\\/kuzeyinsesi.org\\\/index.php\\\/2024\\\/10\\\/21\\\/yarim-canlar-destani-kasimda-girnede-sahneleniyor\\\/\"]}]},{\"@type\":\"ImageObject\",\"inLanguage\":\"tr\",\"@id\":\"https:\\\/\\\/kuzeyinsesi.org\\\/index.php\\\/2024\\\/10\\\/21\\\/yarim-canlar-destani-kasimda-girnede-sahneleniyor\\\/#primaryimage\",\"url\":\"https:\\\/\\\/kuzeyinsesi.org\\\/wp-content\\\/uploads\\\/2024\\\/10\\\/Yarim-Canlar-Destani.webp.webp\",\"contentUrl\":\"https:\\\/\\\/kuzeyinsesi.org\\\/wp-content\\\/uploads\\\/2024\\\/10\\\/Yarim-Canlar-Destani.webp.webp\",\"width\":1280,\"height\":720},{\"@type\":\"BreadcrumbList\",\"@id\":\"https:\\\/\\\/kuzeyinsesi.org\\\/index.php\\\/2024\\\/10\\\/21\\\/yarim-canlar-destani-kasimda-girnede-sahneleniyor\\\/#breadcrumb\",\"itemListElement\":[{\"@type\":\"ListItem\",\"position\":1,\"name\":\"Anasayfa\",\"item\":\"https:\\\/\\\/kuzeyinsesi.org\\\/\"},{\"@type\":\"ListItem\",\"position\":2,\"name\":\"\u201cYar\u0131m Canlar Destan\u0131\u201d kas\u0131mda Girne\u2019de sahneleniyor\"}]},{\"@type\":\"WebSite\",\"@id\":\"https:\\\/\\\/kuzeyinsesi.org\\\/#website\",\"url\":\"https:\\\/\\\/kuzeyinsesi.org\\\/\",\"name\":\"Kuzeyin Sesi\",\"description\":\"Do\u011fru Haberin Adresi\",\"potentialAction\":[{\"@type\":\"SearchAction\",\"target\":{\"@type\":\"EntryPoint\",\"urlTemplate\":\"https:\\\/\\\/kuzeyinsesi.org\\\/?s={search_term_string}\"},\"query-input\":{\"@type\":\"PropertyValueSpecification\",\"valueRequired\":true,\"valueName\":\"search_term_string\"}}],\"inLanguage\":\"tr\"},{\"@type\":\"Person\",\"@id\":\"https:\\\/\\\/kuzeyinsesi.org\\\/#\\\/schema\\\/person\\\/9f859689cdf01485597712386e37f5aa\",\"name\":\"Kuzeyin Sesi\",\"image\":{\"@type\":\"ImageObject\",\"inLanguage\":\"tr\",\"@id\":\"https:\\\/\\\/secure.gravatar.com\\\/avatar\\\/bab33852abfd8b282518d6ed81826833d77c3c882d9ab608add591ccace47a44?s=96&d=mm&r=g\",\"url\":\"https:\\\/\\\/secure.gravatar.com\\\/avatar\\\/bab33852abfd8b282518d6ed81826833d77c3c882d9ab608add591ccace47a44?s=96&d=mm&r=g\",\"contentUrl\":\"https:\\\/\\\/secure.gravatar.com\\\/avatar\\\/bab33852abfd8b282518d6ed81826833d77c3c882d9ab608add591ccace47a44?s=96&d=mm&r=g\",\"caption\":\"Kuzeyin Sesi\"},\"sameAs\":[\"https:\\\/\\\/kuzeyinsesi.org\"],\"url\":\"https:\\\/\\\/kuzeyinsesi.org\\\/index.php\\\/author\\\/guven\\\/\"}]}<\/script>\n<!-- \/ Yoast SEO plugin. -->","yoast_head_json":{"title":"\u201cYar\u0131m Canlar Destan\u0131\u201d kas\u0131mda Girne\u2019de sahneleniyor - Kuzeyin Sesi","robots":{"index":"index","follow":"follow","max-snippet":"max-snippet:-1","max-image-preview":"max-image-preview:large","max-video-preview":"max-video-preview:-1"},"canonical":"https:\/\/kuzeyinsesi.org\/index.php\/2024\/10\/21\/yarim-canlar-destani-kasimda-girnede-sahneleniyor\/","og_locale":"tr_TR","og_type":"article","og_title":"\u201cYar\u0131m Canlar Destan\u0131\u201d kas\u0131mda Girne\u2019de sahneleniyor - Kuzeyin Sesi","og_description":"\u00c7al\u0131\u015fmalar\u0131na Girne Belediyesi Oda Tiyatrosu\u2019nda devam eden Girne Tiyatrosu SU, \u201cYar\u0131m Canlar Destan\u0131\u201d oyunu ile kas\u0131m ay\u0131nda seyirci kar\u015f\u0131s\u0131na \u00e7\u0131k\u0131yor. Belediye\u2019den verilen bilgiye g\u00f6re, 1, 8, 15 ve 29 Kas\u0131m tarihlerinde, saat 20.00\u2019de Girne Belediyesi Oda Tiyatrosu\u2019nda sahnelenecek oyun, +16 ya\u015f kategorisi olarak izleyici ile bulu\u015fuyor. Oyunun biletleri 200 TL\u2019den www.kibrisbiletcim.com ile mesai saatlerinde Girne [&hellip;]","og_url":"https:\/\/kuzeyinsesi.org\/index.php\/2024\/10\/21\/yarim-canlar-destani-kasimda-girnede-sahneleniyor\/","og_site_name":"Kuzeyin Sesi","article_publisher":"https:\/\/www.facebook.com\/kuzeyinsesii","article_published_time":"2024-10-21T11:48:01+00:00","og_image":[{"url":"https:\/\/brtk.net\/wp-content\/uploads\/2024\/10\/21\/Yarim-Canlar-Destani.webp?ver=92a50672d0cc5b857be271d3ecbdff5e","type":"","width":"","height":""}],"author":"Kuzeyin Sesi","twitter_card":"summary_large_image","twitter_creator":"@kuzeyinsesii","twitter_site":"@kuzeyinsesii","twitter_misc":{"Yazan:":"Kuzeyin Sesi","Tahmini okuma s\u00fcresi":"1 dakika"},"schema":{"@context":"https:\/\/schema.org","@graph":[{"@type":"Article","@id":"https:\/\/kuzeyinsesi.org\/index.php\/2024\/10\/21\/yarim-canlar-destani-kasimda-girnede-sahneleniyor\/#article","isPartOf":{"@id":"https:\/\/kuzeyinsesi.org\/index.php\/2024\/10\/21\/yarim-canlar-destani-kasimda-girnede-sahneleniyor\/"},"author":{"name":"Kuzeyin Sesi","@id":"https:\/\/kuzeyinsesi.org\/#\/schema\/person\/9f859689cdf01485597712386e37f5aa"},"headline":"\u201cYar\u0131m Canlar Destan\u0131\u201d kas\u0131mda Girne\u2019de sahneleniyor","datePublished":"2024-10-21T11:48:01+00:00","mainEntityOfPage":{"@id":"https:\/\/kuzeyinsesi.org\/index.php\/2024\/10\/21\/yarim-canlar-destani-kasimda-girnede-sahneleniyor\/"},"wordCount":162,"commentCount":0,"image":{"@id":"https:\/\/kuzeyinsesi.org\/index.php\/2024\/10\/21\/yarim-canlar-destani-kasimda-girnede-sahneleniyor\/#primaryimage"},"thumbnailUrl":"https:\/\/kuzeyinsesi.org\/wp-content\/uploads\/2024\/10\/Yarim-Canlar-Destani.webp.webp","articleSection":["Ya\u015fam"],"inLanguage":"tr","potentialAction":[{"@type":"CommentAction","name":"Comment","target":["https:\/\/kuzeyinsesi.org\/index.php\/2024\/10\/21\/yarim-canlar-destani-kasimda-girnede-sahneleniyor\/#respond"]}]},{"@type":"WebPage","@id":"https:\/\/kuzeyinsesi.org\/index.php\/2024\/10\/21\/yarim-canlar-destani-kasimda-girnede-sahneleniyor\/","url":"https:\/\/kuzeyinsesi.org\/index.php\/2024\/10\/21\/yarim-canlar-destani-kasimda-girnede-sahneleniyor\/","name":"\u201cYar\u0131m Canlar Destan\u0131\u201d kas\u0131mda Girne\u2019de sahneleniyor - Kuzeyin Sesi","isPartOf":{"@id":"https:\/\/kuzeyinsesi.org\/#website"},"primaryImageOfPage":{"@id":"https:\/\/kuzeyinsesi.org\/index.php\/2024\/10\/21\/yarim-canlar-destani-kasimda-girnede-sahneleniyor\/#primaryimage"},"image":{"@id":"https:\/\/kuzeyinsesi.org\/index.php\/2024\/10\/21\/yarim-canlar-destani-kasimda-girnede-sahneleniyor\/#primaryimage"},"thumbnailUrl":"https:\/\/kuzeyinsesi.org\/wp-content\/uploads\/2024\/10\/Yarim-Canlar-Destani.webp.webp","datePublished":"2024-10-21T11:48:01+00:00","author":{"@id":"https:\/\/kuzeyinsesi.org\/#\/schema\/person\/9f859689cdf01485597712386e37f5aa"},"breadcrumb":{"@id":"https:\/\/kuzeyinsesi.org\/index.php\/2024\/10\/21\/yarim-canlar-destani-kasimda-girnede-sahneleniyor\/#breadcrumb"},"inLanguage":"tr","potentialAction":[{"@type":"ReadAction","target":["https:\/\/kuzeyinsesi.org\/index.php\/2024\/10\/21\/yarim-canlar-destani-kasimda-girnede-sahneleniyor\/"]}]},{"@type":"ImageObject","inLanguage":"tr","@id":"https:\/\/kuzeyinsesi.org\/index.php\/2024\/10\/21\/yarim-canlar-destani-kasimda-girnede-sahneleniyor\/#primaryimage","url":"https:\/\/kuzeyinsesi.org\/wp-content\/uploads\/2024\/10\/Yarim-Canlar-Destani.webp.webp","contentUrl":"https:\/\/kuzeyinsesi.org\/wp-content\/uploads\/2024\/10\/Yarim-Canlar-Destani.webp.webp","width":1280,"height":720},{"@type":"BreadcrumbList","@id":"https:\/\/kuzeyinsesi.org\/index.php\/2024\/10\/21\/yarim-canlar-destani-kasimda-girnede-sahneleniyor\/#breadcrumb","itemListElement":[{"@type":"ListItem","position":1,"name":"Anasayfa","item":"https:\/\/kuzeyinsesi.org\/"},{"@type":"ListItem","position":2,"name":"\u201cYar\u0131m Canlar Destan\u0131\u201d kas\u0131mda Girne\u2019de sahneleniyor"}]},{"@type":"WebSite","@id":"https:\/\/kuzeyinsesi.org\/#website","url":"https:\/\/kuzeyinsesi.org\/","name":"Kuzeyin Sesi","description":"Do\u011fru Haberin Adresi","potentialAction":[{"@type":"SearchAction","target":{"@type":"EntryPoint","urlTemplate":"https:\/\/kuzeyinsesi.org\/?s={search_term_string}"},"query-input":{"@type":"PropertyValueSpecification","valueRequired":true,"valueName":"search_term_string"}}],"inLanguage":"tr"},{"@type":"Person","@id":"https:\/\/kuzeyinsesi.org\/#\/schema\/person\/9f859689cdf01485597712386e37f5aa","name":"Kuzeyin Sesi","image":{"@type":"ImageObject","inLanguage":"tr","@id":"https:\/\/secure.gravatar.com\/avatar\/bab33852abfd8b282518d6ed81826833d77c3c882d9ab608add591ccace47a44?s=96&d=mm&r=g","url":"https:\/\/secure.gravatar.com\/avatar\/bab33852abfd8b282518d6ed81826833d77c3c882d9ab608add591ccace47a44?s=96&d=mm&r=g","contentUrl":"https:\/\/secure.gravatar.com\/avatar\/bab33852abfd8b282518d6ed81826833d77c3c882d9ab608add591ccace47a44?s=96&d=mm&r=g","caption":"Kuzeyin Sesi"},"sameAs":["https:\/\/kuzeyinsesi.org"],"url":"https:\/\/kuzeyinsesi.org\/index.php\/author\/guven\/"}]}},"_links":{"self":[{"href":"https:\/\/kuzeyinsesi.org\/index.php\/wp-json\/wp\/v2\/posts\/11992","targetHints":{"allow":["GET"]}}],"collection":[{"href":"https:\/\/kuzeyinsesi.org\/index.php\/wp-json\/wp\/v2\/posts"}],"about":[{"href":"https:\/\/kuzeyinsesi.org\/index.php\/wp-json\/wp\/v2\/types\/post"}],"author":[{"embeddable":true,"href":"https:\/\/kuzeyinsesi.org\/index.php\/wp-json\/wp\/v2\/users\/1"}],"replies":[{"embeddable":true,"href":"https:\/\/kuzeyinsesi.org\/index.php\/wp-json\/wp\/v2\/comments?post=11992"}],"version-history":[{"count":0,"href":"https:\/\/kuzeyinsesi.org\/index.php\/wp-json\/wp\/v2\/posts\/11992\/revisions"}],"wp:featuredmedia":[{"embeddable":true,"href":"https:\/\/kuzeyinsesi.org\/index.php\/wp-json\/wp\/v2\/media\/11993"}],"wp:attachment":[{"href":"https:\/\/kuzeyinsesi.org\/index.php\/wp-json\/wp\/v2\/media?parent=11992"}],"wp:term":[{"taxonomy":"category","embeddable":true,"href":"https:\/\/kuzeyinsesi.org\/index.php\/wp-json\/wp\/v2\/categories?post=11992"},{"taxonomy":"post_tag","embeddable":true,"href":"https:\/\/kuzeyinsesi.org\/index.php\/wp-json\/wp\/v2\/tags?post=11992"}],"curies":[{"name":"wp","href":"https:\/\/api.w.org\/{rel}","templated":true}]}}