{"id":11980,"date":"2024-10-21T12:44:02","date_gmt":"2024-10-21T09:44:02","guid":{"rendered":"https:\/\/kuzeyinsesi.org\/index.php\/2024\/10\/21\/yesilcamin-usta-isimi-suphi-tekniker-hayatini-kaybetti\/"},"modified":"2024-10-21T12:44:02","modified_gmt":"2024-10-21T09:44:02","slug":"yesilcamin-usta-isimi-suphi-tekniker-hayatini-kaybetti","status":"publish","type":"post","link":"https:\/\/kuzeyinsesi.org\/index.php\/2024\/10\/21\/yesilcamin-usta-isimi-suphi-tekniker-hayatini-kaybetti\/","title":{"rendered":"Ye\u015fil\u00e7am\u2019\u0131n usta isimi Suphi Tekniker hayat\u0131n\u0131 kaybetti"},"content":{"rendered":"<div>\n<div class=\"mariselle-image-container center\">\n                                            <\/div>\n<p>Ye\u015fil\u00e7am filmlerinde oyunculuk ve senaristlik yapan Suphi Tekniker hayat\u0131n\u0131 kaybetti.<\/p>\n<p>Sinema ve tiyatro oyuncusu, senaryo yazar\u0131 Suphi Tekniker 84 ya\u015f\u0131nda ya\u015fam\u0131n\u0131 yitirdi. Tekniker\u2019in vefat haberini \u015eehir Tiyatrolar\u0131 duyurdu.<\/p>\n<p>\u015eehir Tiyatrolar\u0131\u2019n\u0131n sosyal medya hesab\u0131ndan \u015fu a\u00e7\u0131klama yap\u0131ld\u0131:<\/p>\n<p>\u201cUstam\u0131z Suphi Tekniker\u2019i kaybetmenin derin \u00fcz\u00fcnt\u00fcs\u00fcn\u00fc ya\u015f\u0131yoruz. Kurucumuz Muhsin Ertu\u011frul\u2019un te\u015fvikiyle 1960 y\u0131l\u0131nda, \u0130stanbul \u015eehir Tiyatrosu\u2019nda Kral Lear oyununda fig\u00fcran olarak sahneye \u00e7\u0131kan, sonras\u0131nda tiyatroda oynad\u0131\u011f\u0131 ba\u015frollerle sahnedeki ba\u015far\u0131s\u0131n\u0131 kan\u0131tlayan, ard\u0131ndan sinemada \u015eener \u015een, Kemal Sunal, \u0130lyas Salman gibi ustalar\u0131n rol ald\u0131\u011f\u0131 filmler ba\u015fta olmak \u00fczere bir\u00e7ok filmin senaryo yazarl\u0131\u011f\u0131 ve tiyatro ve sinemada oyuncu olarak sanat yolculu\u011funu ba\u015far\u0131yla y\u00fcr\u00fcten Tekniker, bir r\u00f6portaj\u0131nda \u2018\u015eehir Tiyatrosu sevincimdir. D\u00fcnyaya bir daha gelsem yine \u015eehir Tiyatrolar\u0131\u2019nda gelir, ayn\u0131 \u015fekilde ayn\u0131 hayat\u0131 ya\u015famak isterim. Tiyatrocu olmak isterim\u2019 diyecekti.<\/p>\n<p>Suphi Tekniker\u2019i sonsuz yolculu\u011funa u\u011furlarken, \u0130stanbul \u015eehir Tiyatrosu Ailesi olarak, ustam\u0131za Allah\u2019tan rahmet, ailesine, sanat camiam\u0131za, yak\u0131nlar\u0131na ve sevenlerine ba\u015f sa\u011fl\u0131\u011f\u0131 dileriz.\u201d<\/p>\n<\/p><\/div>\n<p><script async\n                    defer\n                    crossorigin=\"anonymous\"\n                    src=\"https:\/\/connect.facebook.net\/tr_TR\/sdk.js#xfbml=1&#038;version=v3.3\"\n            ><\/script><\/p>\n","protected":false},"excerpt":{"rendered":"<p>Ye\u015fil\u00e7am filmlerinde oyunculuk ve senaristlik yapan Suphi Tekniker hayat\u0131n\u0131 kaybetti. Sinema ve tiyatro oyuncusu, senaryo yazar\u0131 Suphi Tekniker 84 ya\u015f\u0131nda ya\u015fam\u0131n\u0131 yitirdi. Tekniker\u2019in vefat haberini \u015eehir Tiyatrolar\u0131 duyurdu. \u015eehir Tiyatrolar\u0131\u2019n\u0131n sosyal medya hesab\u0131ndan \u015fu a\u00e7\u0131klama yap\u0131ld\u0131: \u201cUstam\u0131z Suphi Tekniker\u2019i kaybetmenin derin \u00fcz\u00fcnt\u00fcs\u00fcn\u00fc ya\u015f\u0131yoruz. Kurucumuz Muhsin Ertu\u011frul\u2019un te\u015fvikiyle 1960 y\u0131l\u0131nda, \u0130stanbul \u015eehir Tiyatrosu\u2019nda Kral Lear oyununda [&hellip;]<\/p>\n","protected":false},"author":1,"featured_media":11981,"comment_status":"open","ping_status":"open","sticky":false,"template":"","format":"standard","meta":{"jnews-multi-image_gallery":[],"jnews_single_post":[],"jnews_primary_category":[],"jnews_social_meta":[],"jnews_override_counter":[],"footnotes":""},"categories":[6],"tags":[],"class_list":["post-11980","post","type-post","status-publish","format-standard","has-post-thumbnail","hentry","category-yasam"],"yoast_head":"<!-- This site is optimized with the Yoast SEO plugin v27.4 - https:\/\/yoast.com\/product\/yoast-seo-wordpress\/ -->\n<title>Ye\u015fil\u00e7am\u2019\u0131n usta isimi Suphi Tekniker hayat\u0131n\u0131 kaybetti - Kuzeyin Sesi<\/title>\n<meta name=\"robots\" content=\"index, follow, max-snippet:-1, max-image-preview:large, max-video-preview:-1\" \/>\n<link rel=\"canonical\" href=\"https:\/\/kuzeyinsesi.org\/index.php\/2024\/10\/21\/yesilcamin-usta-isimi-suphi-tekniker-hayatini-kaybetti\/\" \/>\n<meta property=\"og:locale\" content=\"tr_TR\" \/>\n<meta property=\"og:type\" content=\"article\" \/>\n<meta property=\"og:title\" content=\"Ye\u015fil\u00e7am\u2019\u0131n usta isimi Suphi Tekniker hayat\u0131n\u0131 kaybetti - Kuzeyin Sesi\" \/>\n<meta property=\"og:description\" content=\"Ye\u015fil\u00e7am filmlerinde oyunculuk ve senaristlik yapan Suphi Tekniker hayat\u0131n\u0131 kaybetti. Sinema ve tiyatro oyuncusu, senaryo yazar\u0131 Suphi Tekniker 84 ya\u015f\u0131nda ya\u015fam\u0131n\u0131 yitirdi. Tekniker\u2019in vefat haberini \u015eehir Tiyatrolar\u0131 duyurdu. \u015eehir Tiyatrolar\u0131\u2019n\u0131n sosyal medya hesab\u0131ndan \u015fu a\u00e7\u0131klama yap\u0131ld\u0131: \u201cUstam\u0131z Suphi Tekniker\u2019i kaybetmenin derin \u00fcz\u00fcnt\u00fcs\u00fcn\u00fc ya\u015f\u0131yoruz. Kurucumuz Muhsin Ertu\u011frul\u2019un te\u015fvikiyle 1960 y\u0131l\u0131nda, \u0130stanbul \u015eehir Tiyatrosu\u2019nda Kral Lear oyununda [&hellip;]\" \/>\n<meta property=\"og:url\" content=\"https:\/\/kuzeyinsesi.org\/index.php\/2024\/10\/21\/yesilcamin-usta-isimi-suphi-tekniker-hayatini-kaybetti\/\" \/>\n<meta property=\"og:site_name\" content=\"Kuzeyin Sesi\" \/>\n<meta property=\"article:publisher\" content=\"https:\/\/www.facebook.com\/kuzeyinsesii\" \/>\n<meta property=\"article:published_time\" content=\"2024-10-21T09:44:02+00:00\" \/>\n<meta property=\"og:image\" content=\"https:\/\/brtk.net\/wp-content\/uploads\/2024\/10\/21\/siasdlias.jpg?ver=a707e3b01b6c5f8d8bc9edc060d4a39d\" \/>\n<meta name=\"author\" content=\"Kuzeyin Sesi\" \/>\n<meta name=\"twitter:card\" content=\"summary_large_image\" \/>\n<meta name=\"twitter:creator\" content=\"@kuzeyinsesii\" \/>\n<meta name=\"twitter:site\" content=\"@kuzeyinsesii\" \/>\n<meta name=\"twitter:label1\" content=\"Yazan:\" \/>\n\t<meta name=\"twitter:data1\" content=\"Kuzeyin Sesi\" \/>\n\t<meta name=\"twitter:label2\" content=\"Tahmini okuma s\u00fcresi\" \/>\n\t<meta name=\"twitter:data2\" content=\"1 dakika\" \/>\n<script type=\"application\/ld+json\" class=\"yoast-schema-graph\">{\"@context\":\"https:\\\/\\\/schema.org\",\"@graph\":[{\"@type\":\"Article\",\"@id\":\"https:\\\/\\\/kuzeyinsesi.org\\\/index.php\\\/2024\\\/10\\\/21\\\/yesilcamin-usta-isimi-suphi-tekniker-hayatini-kaybetti\\\/#article\",\"isPartOf\":{\"@id\":\"https:\\\/\\\/kuzeyinsesi.org\\\/index.php\\\/2024\\\/10\\\/21\\\/yesilcamin-usta-isimi-suphi-tekniker-hayatini-kaybetti\\\/\"},\"author\":{\"name\":\"Kuzeyin Sesi\",\"@id\":\"https:\\\/\\\/kuzeyinsesi.org\\\/#\\\/schema\\\/person\\\/9f859689cdf01485597712386e37f5aa\"},\"headline\":\"Ye\u015fil\u00e7am\u2019\u0131n usta isimi Suphi Tekniker hayat\u0131n\u0131 kaybetti\",\"datePublished\":\"2024-10-21T09:44:02+00:00\",\"mainEntityOfPage\":{\"@id\":\"https:\\\/\\\/kuzeyinsesi.org\\\/index.php\\\/2024\\\/10\\\/21\\\/yesilcamin-usta-isimi-suphi-tekniker-hayatini-kaybetti\\\/\"},\"wordCount\":205,\"commentCount\":0,\"image\":{\"@id\":\"https:\\\/\\\/kuzeyinsesi.org\\\/index.php\\\/2024\\\/10\\\/21\\\/yesilcamin-usta-isimi-suphi-tekniker-hayatini-kaybetti\\\/#primaryimage\"},\"thumbnailUrl\":\"https:\\\/\\\/kuzeyinsesi.org\\\/wp-content\\\/uploads\\\/2024\\\/10\\\/siasdlias.jpg\",\"articleSection\":[\"Ya\u015fam\"],\"inLanguage\":\"tr\",\"potentialAction\":[{\"@type\":\"CommentAction\",\"name\":\"Comment\",\"target\":[\"https:\\\/\\\/kuzeyinsesi.org\\\/index.php\\\/2024\\\/10\\\/21\\\/yesilcamin-usta-isimi-suphi-tekniker-hayatini-kaybetti\\\/#respond\"]}]},{\"@type\":\"WebPage\",\"@id\":\"https:\\\/\\\/kuzeyinsesi.org\\\/index.php\\\/2024\\\/10\\\/21\\\/yesilcamin-usta-isimi-suphi-tekniker-hayatini-kaybetti\\\/\",\"url\":\"https:\\\/\\\/kuzeyinsesi.org\\\/index.php\\\/2024\\\/10\\\/21\\\/yesilcamin-usta-isimi-suphi-tekniker-hayatini-kaybetti\\\/\",\"name\":\"Ye\u015fil\u00e7am\u2019\u0131n usta isimi Suphi Tekniker hayat\u0131n\u0131 kaybetti - Kuzeyin Sesi\",\"isPartOf\":{\"@id\":\"https:\\\/\\\/kuzeyinsesi.org\\\/#website\"},\"primaryImageOfPage\":{\"@id\":\"https:\\\/\\\/kuzeyinsesi.org\\\/index.php\\\/2024\\\/10\\\/21\\\/yesilcamin-usta-isimi-suphi-tekniker-hayatini-kaybetti\\\/#primaryimage\"},\"image\":{\"@id\":\"https:\\\/\\\/kuzeyinsesi.org\\\/index.php\\\/2024\\\/10\\\/21\\\/yesilcamin-usta-isimi-suphi-tekniker-hayatini-kaybetti\\\/#primaryimage\"},\"thumbnailUrl\":\"https:\\\/\\\/kuzeyinsesi.org\\\/wp-content\\\/uploads\\\/2024\\\/10\\\/siasdlias.jpg\",\"datePublished\":\"2024-10-21T09:44:02+00:00\",\"author\":{\"@id\":\"https:\\\/\\\/kuzeyinsesi.org\\\/#\\\/schema\\\/person\\\/9f859689cdf01485597712386e37f5aa\"},\"breadcrumb\":{\"@id\":\"https:\\\/\\\/kuzeyinsesi.org\\\/index.php\\\/2024\\\/10\\\/21\\\/yesilcamin-usta-isimi-suphi-tekniker-hayatini-kaybetti\\\/#breadcrumb\"},\"inLanguage\":\"tr\",\"potentialAction\":[{\"@type\":\"ReadAction\",\"target\":[\"https:\\\/\\\/kuzeyinsesi.org\\\/index.php\\\/2024\\\/10\\\/21\\\/yesilcamin-usta-isimi-suphi-tekniker-hayatini-kaybetti\\\/\"]}]},{\"@type\":\"ImageObject\",\"inLanguage\":\"tr\",\"@id\":\"https:\\\/\\\/kuzeyinsesi.org\\\/index.php\\\/2024\\\/10\\\/21\\\/yesilcamin-usta-isimi-suphi-tekniker-hayatini-kaybetti\\\/#primaryimage\",\"url\":\"https:\\\/\\\/kuzeyinsesi.org\\\/wp-content\\\/uploads\\\/2024\\\/10\\\/siasdlias.jpg\",\"contentUrl\":\"https:\\\/\\\/kuzeyinsesi.org\\\/wp-content\\\/uploads\\\/2024\\\/10\\\/siasdlias.jpg\",\"width\":720,\"height\":416},{\"@type\":\"BreadcrumbList\",\"@id\":\"https:\\\/\\\/kuzeyinsesi.org\\\/index.php\\\/2024\\\/10\\\/21\\\/yesilcamin-usta-isimi-suphi-tekniker-hayatini-kaybetti\\\/#breadcrumb\",\"itemListElement\":[{\"@type\":\"ListItem\",\"position\":1,\"name\":\"Anasayfa\",\"item\":\"https:\\\/\\\/kuzeyinsesi.org\\\/\"},{\"@type\":\"ListItem\",\"position\":2,\"name\":\"Ye\u015fil\u00e7am\u2019\u0131n usta isimi Suphi Tekniker hayat\u0131n\u0131 kaybetti\"}]},{\"@type\":\"WebSite\",\"@id\":\"https:\\\/\\\/kuzeyinsesi.org\\\/#website\",\"url\":\"https:\\\/\\\/kuzeyinsesi.org\\\/\",\"name\":\"Kuzeyin Sesi\",\"description\":\"Do\u011fru Haberin Adresi\",\"potentialAction\":[{\"@type\":\"SearchAction\",\"target\":{\"@type\":\"EntryPoint\",\"urlTemplate\":\"https:\\\/\\\/kuzeyinsesi.org\\\/?s={search_term_string}\"},\"query-input\":{\"@type\":\"PropertyValueSpecification\",\"valueRequired\":true,\"valueName\":\"search_term_string\"}}],\"inLanguage\":\"tr\"},{\"@type\":\"Person\",\"@id\":\"https:\\\/\\\/kuzeyinsesi.org\\\/#\\\/schema\\\/person\\\/9f859689cdf01485597712386e37f5aa\",\"name\":\"Kuzeyin Sesi\",\"image\":{\"@type\":\"ImageObject\",\"inLanguage\":\"tr\",\"@id\":\"https:\\\/\\\/secure.gravatar.com\\\/avatar\\\/bab33852abfd8b282518d6ed81826833d77c3c882d9ab608add591ccace47a44?s=96&d=mm&r=g\",\"url\":\"https:\\\/\\\/secure.gravatar.com\\\/avatar\\\/bab33852abfd8b282518d6ed81826833d77c3c882d9ab608add591ccace47a44?s=96&d=mm&r=g\",\"contentUrl\":\"https:\\\/\\\/secure.gravatar.com\\\/avatar\\\/bab33852abfd8b282518d6ed81826833d77c3c882d9ab608add591ccace47a44?s=96&d=mm&r=g\",\"caption\":\"Kuzeyin Sesi\"},\"sameAs\":[\"https:\\\/\\\/kuzeyinsesi.org\"],\"url\":\"https:\\\/\\\/kuzeyinsesi.org\\\/index.php\\\/author\\\/guven\\\/\"}]}<\/script>\n<!-- \/ Yoast SEO plugin. -->","yoast_head_json":{"title":"Ye\u015fil\u00e7am\u2019\u0131n usta isimi Suphi Tekniker hayat\u0131n\u0131 kaybetti - Kuzeyin Sesi","robots":{"index":"index","follow":"follow","max-snippet":"max-snippet:-1","max-image-preview":"max-image-preview:large","max-video-preview":"max-video-preview:-1"},"canonical":"https:\/\/kuzeyinsesi.org\/index.php\/2024\/10\/21\/yesilcamin-usta-isimi-suphi-tekniker-hayatini-kaybetti\/","og_locale":"tr_TR","og_type":"article","og_title":"Ye\u015fil\u00e7am\u2019\u0131n usta isimi Suphi Tekniker hayat\u0131n\u0131 kaybetti - Kuzeyin Sesi","og_description":"Ye\u015fil\u00e7am filmlerinde oyunculuk ve senaristlik yapan Suphi Tekniker hayat\u0131n\u0131 kaybetti. Sinema ve tiyatro oyuncusu, senaryo yazar\u0131 Suphi Tekniker 84 ya\u015f\u0131nda ya\u015fam\u0131n\u0131 yitirdi. Tekniker\u2019in vefat haberini \u015eehir Tiyatrolar\u0131 duyurdu. \u015eehir Tiyatrolar\u0131\u2019n\u0131n sosyal medya hesab\u0131ndan \u015fu a\u00e7\u0131klama yap\u0131ld\u0131: \u201cUstam\u0131z Suphi Tekniker\u2019i kaybetmenin derin \u00fcz\u00fcnt\u00fcs\u00fcn\u00fc ya\u015f\u0131yoruz. Kurucumuz Muhsin Ertu\u011frul\u2019un te\u015fvikiyle 1960 y\u0131l\u0131nda, \u0130stanbul \u015eehir Tiyatrosu\u2019nda Kral Lear oyununda [&hellip;]","og_url":"https:\/\/kuzeyinsesi.org\/index.php\/2024\/10\/21\/yesilcamin-usta-isimi-suphi-tekniker-hayatini-kaybetti\/","og_site_name":"Kuzeyin Sesi","article_publisher":"https:\/\/www.facebook.com\/kuzeyinsesii","article_published_time":"2024-10-21T09:44:02+00:00","og_image":[{"url":"https:\/\/brtk.net\/wp-content\/uploads\/2024\/10\/21\/siasdlias.jpg?ver=a707e3b01b6c5f8d8bc9edc060d4a39d","type":"","width":"","height":""}],"author":"Kuzeyin Sesi","twitter_card":"summary_large_image","twitter_creator":"@kuzeyinsesii","twitter_site":"@kuzeyinsesii","twitter_misc":{"Yazan:":"Kuzeyin Sesi","Tahmini okuma s\u00fcresi":"1 dakika"},"schema":{"@context":"https:\/\/schema.org","@graph":[{"@type":"Article","@id":"https:\/\/kuzeyinsesi.org\/index.php\/2024\/10\/21\/yesilcamin-usta-isimi-suphi-tekniker-hayatini-kaybetti\/#article","isPartOf":{"@id":"https:\/\/kuzeyinsesi.org\/index.php\/2024\/10\/21\/yesilcamin-usta-isimi-suphi-tekniker-hayatini-kaybetti\/"},"author":{"name":"Kuzeyin Sesi","@id":"https:\/\/kuzeyinsesi.org\/#\/schema\/person\/9f859689cdf01485597712386e37f5aa"},"headline":"Ye\u015fil\u00e7am\u2019\u0131n usta isimi Suphi Tekniker hayat\u0131n\u0131 kaybetti","datePublished":"2024-10-21T09:44:02+00:00","mainEntityOfPage":{"@id":"https:\/\/kuzeyinsesi.org\/index.php\/2024\/10\/21\/yesilcamin-usta-isimi-suphi-tekniker-hayatini-kaybetti\/"},"wordCount":205,"commentCount":0,"image":{"@id":"https:\/\/kuzeyinsesi.org\/index.php\/2024\/10\/21\/yesilcamin-usta-isimi-suphi-tekniker-hayatini-kaybetti\/#primaryimage"},"thumbnailUrl":"https:\/\/kuzeyinsesi.org\/wp-content\/uploads\/2024\/10\/siasdlias.jpg","articleSection":["Ya\u015fam"],"inLanguage":"tr","potentialAction":[{"@type":"CommentAction","name":"Comment","target":["https:\/\/kuzeyinsesi.org\/index.php\/2024\/10\/21\/yesilcamin-usta-isimi-suphi-tekniker-hayatini-kaybetti\/#respond"]}]},{"@type":"WebPage","@id":"https:\/\/kuzeyinsesi.org\/index.php\/2024\/10\/21\/yesilcamin-usta-isimi-suphi-tekniker-hayatini-kaybetti\/","url":"https:\/\/kuzeyinsesi.org\/index.php\/2024\/10\/21\/yesilcamin-usta-isimi-suphi-tekniker-hayatini-kaybetti\/","name":"Ye\u015fil\u00e7am\u2019\u0131n usta isimi Suphi Tekniker hayat\u0131n\u0131 kaybetti - Kuzeyin Sesi","isPartOf":{"@id":"https:\/\/kuzeyinsesi.org\/#website"},"primaryImageOfPage":{"@id":"https:\/\/kuzeyinsesi.org\/index.php\/2024\/10\/21\/yesilcamin-usta-isimi-suphi-tekniker-hayatini-kaybetti\/#primaryimage"},"image":{"@id":"https:\/\/kuzeyinsesi.org\/index.php\/2024\/10\/21\/yesilcamin-usta-isimi-suphi-tekniker-hayatini-kaybetti\/#primaryimage"},"thumbnailUrl":"https:\/\/kuzeyinsesi.org\/wp-content\/uploads\/2024\/10\/siasdlias.jpg","datePublished":"2024-10-21T09:44:02+00:00","author":{"@id":"https:\/\/kuzeyinsesi.org\/#\/schema\/person\/9f859689cdf01485597712386e37f5aa"},"breadcrumb":{"@id":"https:\/\/kuzeyinsesi.org\/index.php\/2024\/10\/21\/yesilcamin-usta-isimi-suphi-tekniker-hayatini-kaybetti\/#breadcrumb"},"inLanguage":"tr","potentialAction":[{"@type":"ReadAction","target":["https:\/\/kuzeyinsesi.org\/index.php\/2024\/10\/21\/yesilcamin-usta-isimi-suphi-tekniker-hayatini-kaybetti\/"]}]},{"@type":"ImageObject","inLanguage":"tr","@id":"https:\/\/kuzeyinsesi.org\/index.php\/2024\/10\/21\/yesilcamin-usta-isimi-suphi-tekniker-hayatini-kaybetti\/#primaryimage","url":"https:\/\/kuzeyinsesi.org\/wp-content\/uploads\/2024\/10\/siasdlias.jpg","contentUrl":"https:\/\/kuzeyinsesi.org\/wp-content\/uploads\/2024\/10\/siasdlias.jpg","width":720,"height":416},{"@type":"BreadcrumbList","@id":"https:\/\/kuzeyinsesi.org\/index.php\/2024\/10\/21\/yesilcamin-usta-isimi-suphi-tekniker-hayatini-kaybetti\/#breadcrumb","itemListElement":[{"@type":"ListItem","position":1,"name":"Anasayfa","item":"https:\/\/kuzeyinsesi.org\/"},{"@type":"ListItem","position":2,"name":"Ye\u015fil\u00e7am\u2019\u0131n usta isimi Suphi Tekniker hayat\u0131n\u0131 kaybetti"}]},{"@type":"WebSite","@id":"https:\/\/kuzeyinsesi.org\/#website","url":"https:\/\/kuzeyinsesi.org\/","name":"Kuzeyin Sesi","description":"Do\u011fru Haberin Adresi","potentialAction":[{"@type":"SearchAction","target":{"@type":"EntryPoint","urlTemplate":"https:\/\/kuzeyinsesi.org\/?s={search_term_string}"},"query-input":{"@type":"PropertyValueSpecification","valueRequired":true,"valueName":"search_term_string"}}],"inLanguage":"tr"},{"@type":"Person","@id":"https:\/\/kuzeyinsesi.org\/#\/schema\/person\/9f859689cdf01485597712386e37f5aa","name":"Kuzeyin Sesi","image":{"@type":"ImageObject","inLanguage":"tr","@id":"https:\/\/secure.gravatar.com\/avatar\/bab33852abfd8b282518d6ed81826833d77c3c882d9ab608add591ccace47a44?s=96&d=mm&r=g","url":"https:\/\/secure.gravatar.com\/avatar\/bab33852abfd8b282518d6ed81826833d77c3c882d9ab608add591ccace47a44?s=96&d=mm&r=g","contentUrl":"https:\/\/secure.gravatar.com\/avatar\/bab33852abfd8b282518d6ed81826833d77c3c882d9ab608add591ccace47a44?s=96&d=mm&r=g","caption":"Kuzeyin Sesi"},"sameAs":["https:\/\/kuzeyinsesi.org"],"url":"https:\/\/kuzeyinsesi.org\/index.php\/author\/guven\/"}]}},"_links":{"self":[{"href":"https:\/\/kuzeyinsesi.org\/index.php\/wp-json\/wp\/v2\/posts\/11980","targetHints":{"allow":["GET"]}}],"collection":[{"href":"https:\/\/kuzeyinsesi.org\/index.php\/wp-json\/wp\/v2\/posts"}],"about":[{"href":"https:\/\/kuzeyinsesi.org\/index.php\/wp-json\/wp\/v2\/types\/post"}],"author":[{"embeddable":true,"href":"https:\/\/kuzeyinsesi.org\/index.php\/wp-json\/wp\/v2\/users\/1"}],"replies":[{"embeddable":true,"href":"https:\/\/kuzeyinsesi.org\/index.php\/wp-json\/wp\/v2\/comments?post=11980"}],"version-history":[{"count":0,"href":"https:\/\/kuzeyinsesi.org\/index.php\/wp-json\/wp\/v2\/posts\/11980\/revisions"}],"wp:featuredmedia":[{"embeddable":true,"href":"https:\/\/kuzeyinsesi.org\/index.php\/wp-json\/wp\/v2\/media\/11981"}],"wp:attachment":[{"href":"https:\/\/kuzeyinsesi.org\/index.php\/wp-json\/wp\/v2\/media?parent=11980"}],"wp:term":[{"taxonomy":"category","embeddable":true,"href":"https:\/\/kuzeyinsesi.org\/index.php\/wp-json\/wp\/v2\/categories?post=11980"},{"taxonomy":"post_tag","embeddable":true,"href":"https:\/\/kuzeyinsesi.org\/index.php\/wp-json\/wp\/v2\/tags?post=11980"}],"curies":[{"name":"wp","href":"https:\/\/api.w.org\/{rel}","templated":true}]}}