{"id":11974,"date":"2024-10-21T10:38:31","date_gmt":"2024-10-21T07:38:31","guid":{"rendered":"https:\/\/kuzeyinsesi.org\/index.php\/2024\/10\/21\/magusa-kent-orkestrasi-ve-burcu-durmaz-kuzey-kibris-muzik-festivalinde-sahne-alacak\/"},"modified":"2024-10-21T10:38:31","modified_gmt":"2024-10-21T07:38:31","slug":"magusa-kent-orkestrasi-ve-burcu-durmaz-kuzey-kibris-muzik-festivalinde-sahne-alacak","status":"publish","type":"post","link":"https:\/\/kuzeyinsesi.org\/index.php\/2024\/10\/21\/magusa-kent-orkestrasi-ve-burcu-durmaz-kuzey-kibris-muzik-festivalinde-sahne-alacak\/","title":{"rendered":"Ma\u011fusa Kent Orkestras\u0131 ve Burcu Durmaz, Kuzey K\u0131br\u0131s M\u00fczik Festivali\u2019nde sahne alacak"},"content":{"rendered":"<div>\n<div class=\"mariselle-image-container center\">\n                                            <\/div>\n<p>Kuzey K\u0131br\u0131s M\u00fczik Derne\u011fi\u2019nin her y\u0131l d\u00fczenledi\u011fi Uluslararas\u0131 Kuzey K\u0131br\u0131s M\u00fczik Festivali, Ma\u011fusa Kent Orkestras\u0131 ve Burcu Durmaz konseriyle devam edecek.<\/p>\n<p>Dernek\u2019ten yap\u0131lan a\u00e7\u0131klamaya g\u00f6re, konser, yar\u0131n 20.30\u2019da Bellapais Manast\u0131r\u0131\u2019nda verilecek. Burcu Durmaz\u2019\u0131n solist olarak, Dervi\u015f \u0130\u015fg\u00fczar\u2019\u0131n ise konuk vokalist olarak kat\u0131laca\u011f\u0131 etkinlikte, Oskay Hoca y\u00f6netimindeki Ma\u011fusa Kent Orkestras\u0131 sahne alacak. Orkestra \u00fcyeleri aras\u0131nda Nur Aydar, M\u00fcjgan Asmac\u0131, Kas\u0131m Eryurt, Mustafa Fegan, Alev M\u00fcezzino\u011flu, Erhan Ayta\u00e7 (kemanlar), Cemre Arca (fl\u00fct), Mehmet Sakarya (fl\u00fct ve saksafon), Halil \u0130brahim Ece (klarnet), Mehmet Acemo\u011flu (trombon), Atakan Sar\u0131 (klavye), Berk Ak\u0131mc\u0131 (gitar), Ege \u015eehito\u011flu (bas gitar) ve G\u00fcnay Olkan (bateri) yer al\u0131yor.<\/p>\n<p>Konserde, \u201cEinsamer Hirte,\u201d \u201cI Will Always Love You,\u201d \u201cJe T\u2019aime,\u201d \u201cDancing Queen\u201d gibi yabanc\u0131 \u015fark\u0131lar\u0131n yan\u0131 s\u0131ra \u201cMazi Kalbimde Yarad\u0131r,\u201d \u201cSelvi Boylum Al Yazmal\u0131m,\u201d \u201cGel Ey Seher,\u201d \u201cK\u00fc\u00e7\u00fck Bir A\u015fk Masal\u0131\u201d ve \u201cA\u015fk Durnam\u201d gibi T\u00fcrk\u00e7e eserler de seslendirilecek. Festival, 24 Ekim Per\u015fembe ak\u015fam\u0131 Alexa Rodrian ve Jens Fischer Rodrian konseriyle devam edecek.<\/p>\n<p>Festival bu y\u0131l Turizm ve K\u00fclt\u00fcr Bakanl\u0131\u011f\u0131, Deniz Plaza, Rocks Hotel, Bellapais Gardens, Kybele ve Huzur A\u011fa\u00e7\u2019\u0131n katk\u0131lar\u0131yla ger\u00e7ekle\u015ftiriliyor.<\/p>\n<p>Biletler Deniz Plaza, Bellapais Manast\u0131r\u0131 Bilet Ofisi, Biletfest.com ve Gisekibris.com \u00fczerinden temin edilebilir.<\/p>\n<\/p><\/div>\n<p><script async\n                    defer\n                    crossorigin=\"anonymous\"\n                    src=\"https:\/\/connect.facebook.net\/tr_TR\/sdk.js#xfbml=1&#038;version=v3.3\"\n            ><\/script><\/p>\n","protected":false},"excerpt":{"rendered":"<p>Kuzey K\u0131br\u0131s M\u00fczik Derne\u011fi\u2019nin her y\u0131l d\u00fczenledi\u011fi Uluslararas\u0131 Kuzey K\u0131br\u0131s M\u00fczik Festivali, Ma\u011fusa Kent Orkestras\u0131 ve Burcu Durmaz konseriyle devam edecek. Dernek\u2019ten yap\u0131lan a\u00e7\u0131klamaya g\u00f6re, konser, yar\u0131n 20.30\u2019da Bellapais Manast\u0131r\u0131\u2019nda verilecek. Burcu Durmaz\u2019\u0131n solist olarak, Dervi\u015f \u0130\u015fg\u00fczar\u2019\u0131n ise konuk vokalist olarak kat\u0131laca\u011f\u0131 etkinlikte, Oskay Hoca y\u00f6netimindeki Ma\u011fusa Kent Orkestras\u0131 sahne alacak. Orkestra \u00fcyeleri aras\u0131nda Nur [&hellip;]<\/p>\n","protected":false},"author":1,"featured_media":11975,"comment_status":"open","ping_status":"open","sticky":false,"template":"","format":"standard","meta":{"jnews-multi-image_gallery":[],"jnews_single_post":[],"jnews_primary_category":[],"jnews_social_meta":[],"jnews_override_counter":[],"footnotes":""},"categories":[6],"tags":[],"class_list":["post-11974","post","type-post","status-publish","format-standard","has-post-thumbnail","hentry","category-yasam"],"yoast_head":"<!-- This site is optimized with the Yoast SEO plugin v27.4 - https:\/\/yoast.com\/product\/yoast-seo-wordpress\/ -->\n<title>Ma\u011fusa Kent Orkestras\u0131 ve Burcu Durmaz, Kuzey K\u0131br\u0131s M\u00fczik Festivali\u2019nde sahne alacak - Kuzeyin Sesi<\/title>\n<meta name=\"robots\" content=\"index, follow, max-snippet:-1, max-image-preview:large, max-video-preview:-1\" \/>\n<link rel=\"canonical\" href=\"https:\/\/kuzeyinsesi.org\/index.php\/2024\/10\/21\/magusa-kent-orkestrasi-ve-burcu-durmaz-kuzey-kibris-muzik-festivalinde-sahne-alacak\/\" \/>\n<meta property=\"og:locale\" content=\"tr_TR\" \/>\n<meta property=\"og:type\" content=\"article\" \/>\n<meta property=\"og:title\" content=\"Ma\u011fusa Kent Orkestras\u0131 ve Burcu Durmaz, Kuzey K\u0131br\u0131s M\u00fczik Festivali\u2019nde sahne alacak - Kuzeyin Sesi\" \/>\n<meta property=\"og:description\" content=\"Kuzey K\u0131br\u0131s M\u00fczik Derne\u011fi\u2019nin her y\u0131l d\u00fczenledi\u011fi Uluslararas\u0131 Kuzey K\u0131br\u0131s M\u00fczik Festivali, Ma\u011fusa Kent Orkestras\u0131 ve Burcu Durmaz konseriyle devam edecek. Dernek\u2019ten yap\u0131lan a\u00e7\u0131klamaya g\u00f6re, konser, yar\u0131n 20.30\u2019da Bellapais Manast\u0131r\u0131\u2019nda verilecek. Burcu Durmaz\u2019\u0131n solist olarak, Dervi\u015f \u0130\u015fg\u00fczar\u2019\u0131n ise konuk vokalist olarak kat\u0131laca\u011f\u0131 etkinlikte, Oskay Hoca y\u00f6netimindeki Ma\u011fusa Kent Orkestras\u0131 sahne alacak. Orkestra \u00fcyeleri aras\u0131nda Nur [&hellip;]\" \/>\n<meta property=\"og:url\" content=\"https:\/\/kuzeyinsesi.org\/index.php\/2024\/10\/21\/magusa-kent-orkestrasi-ve-burcu-durmaz-kuzey-kibris-muzik-festivalinde-sahne-alacak\/\" \/>\n<meta property=\"og:site_name\" content=\"Kuzeyin Sesi\" \/>\n<meta property=\"article:publisher\" content=\"https:\/\/www.facebook.com\/kuzeyinsesii\" \/>\n<meta property=\"article:published_time\" content=\"2024-10-21T07:38:31+00:00\" \/>\n<meta property=\"og:image\" content=\"https:\/\/brtk.net\/wp-content\/uploads\/2024\/10\/21\/qeia.jpg?ver=7c05861894c8656e6b47fcf966443432\" \/>\n<meta name=\"author\" content=\"Kuzeyin Sesi\" \/>\n<meta name=\"twitter:card\" content=\"summary_large_image\" \/>\n<meta name=\"twitter:creator\" content=\"@kuzeyinsesii\" \/>\n<meta name=\"twitter:site\" content=\"@kuzeyinsesii\" \/>\n<meta name=\"twitter:label1\" content=\"Yazan:\" \/>\n\t<meta name=\"twitter:data1\" content=\"Kuzeyin Sesi\" \/>\n\t<meta name=\"twitter:label2\" content=\"Tahmini okuma s\u00fcresi\" \/>\n\t<meta name=\"twitter:data2\" content=\"1 dakika\" \/>\n<script type=\"application\/ld+json\" class=\"yoast-schema-graph\">{\"@context\":\"https:\\\/\\\/schema.org\",\"@graph\":[{\"@type\":\"Article\",\"@id\":\"https:\\\/\\\/kuzeyinsesi.org\\\/index.php\\\/2024\\\/10\\\/21\\\/magusa-kent-orkestrasi-ve-burcu-durmaz-kuzey-kibris-muzik-festivalinde-sahne-alacak\\\/#article\",\"isPartOf\":{\"@id\":\"https:\\\/\\\/kuzeyinsesi.org\\\/index.php\\\/2024\\\/10\\\/21\\\/magusa-kent-orkestrasi-ve-burcu-durmaz-kuzey-kibris-muzik-festivalinde-sahne-alacak\\\/\"},\"author\":{\"name\":\"Kuzeyin Sesi\",\"@id\":\"https:\\\/\\\/kuzeyinsesi.org\\\/#\\\/schema\\\/person\\\/9f859689cdf01485597712386e37f5aa\"},\"headline\":\"Ma\u011fusa Kent Orkestras\u0131 ve Burcu Durmaz, Kuzey K\u0131br\u0131s M\u00fczik Festivali\u2019nde sahne alacak\",\"datePublished\":\"2024-10-21T07:38:31+00:00\",\"mainEntityOfPage\":{\"@id\":\"https:\\\/\\\/kuzeyinsesi.org\\\/index.php\\\/2024\\\/10\\\/21\\\/magusa-kent-orkestrasi-ve-burcu-durmaz-kuzey-kibris-muzik-festivalinde-sahne-alacak\\\/\"},\"wordCount\":261,\"commentCount\":0,\"image\":{\"@id\":\"https:\\\/\\\/kuzeyinsesi.org\\\/index.php\\\/2024\\\/10\\\/21\\\/magusa-kent-orkestrasi-ve-burcu-durmaz-kuzey-kibris-muzik-festivalinde-sahne-alacak\\\/#primaryimage\"},\"thumbnailUrl\":\"https:\\\/\\\/kuzeyinsesi.org\\\/wp-content\\\/uploads\\\/2024\\\/10\\\/qeia.jpg\",\"articleSection\":[\"Ya\u015fam\"],\"inLanguage\":\"tr\",\"potentialAction\":[{\"@type\":\"CommentAction\",\"name\":\"Comment\",\"target\":[\"https:\\\/\\\/kuzeyinsesi.org\\\/index.php\\\/2024\\\/10\\\/21\\\/magusa-kent-orkestrasi-ve-burcu-durmaz-kuzey-kibris-muzik-festivalinde-sahne-alacak\\\/#respond\"]}]},{\"@type\":\"WebPage\",\"@id\":\"https:\\\/\\\/kuzeyinsesi.org\\\/index.php\\\/2024\\\/10\\\/21\\\/magusa-kent-orkestrasi-ve-burcu-durmaz-kuzey-kibris-muzik-festivalinde-sahne-alacak\\\/\",\"url\":\"https:\\\/\\\/kuzeyinsesi.org\\\/index.php\\\/2024\\\/10\\\/21\\\/magusa-kent-orkestrasi-ve-burcu-durmaz-kuzey-kibris-muzik-festivalinde-sahne-alacak\\\/\",\"name\":\"Ma\u011fusa Kent Orkestras\u0131 ve Burcu Durmaz, Kuzey K\u0131br\u0131s M\u00fczik Festivali\u2019nde sahne alacak - Kuzeyin Sesi\",\"isPartOf\":{\"@id\":\"https:\\\/\\\/kuzeyinsesi.org\\\/#website\"},\"primaryImageOfPage\":{\"@id\":\"https:\\\/\\\/kuzeyinsesi.org\\\/index.php\\\/2024\\\/10\\\/21\\\/magusa-kent-orkestrasi-ve-burcu-durmaz-kuzey-kibris-muzik-festivalinde-sahne-alacak\\\/#primaryimage\"},\"image\":{\"@id\":\"https:\\\/\\\/kuzeyinsesi.org\\\/index.php\\\/2024\\\/10\\\/21\\\/magusa-kent-orkestrasi-ve-burcu-durmaz-kuzey-kibris-muzik-festivalinde-sahne-alacak\\\/#primaryimage\"},\"thumbnailUrl\":\"https:\\\/\\\/kuzeyinsesi.org\\\/wp-content\\\/uploads\\\/2024\\\/10\\\/qeia.jpg\",\"datePublished\":\"2024-10-21T07:38:31+00:00\",\"author\":{\"@id\":\"https:\\\/\\\/kuzeyinsesi.org\\\/#\\\/schema\\\/person\\\/9f859689cdf01485597712386e37f5aa\"},\"breadcrumb\":{\"@id\":\"https:\\\/\\\/kuzeyinsesi.org\\\/index.php\\\/2024\\\/10\\\/21\\\/magusa-kent-orkestrasi-ve-burcu-durmaz-kuzey-kibris-muzik-festivalinde-sahne-alacak\\\/#breadcrumb\"},\"inLanguage\":\"tr\",\"potentialAction\":[{\"@type\":\"ReadAction\",\"target\":[\"https:\\\/\\\/kuzeyinsesi.org\\\/index.php\\\/2024\\\/10\\\/21\\\/magusa-kent-orkestrasi-ve-burcu-durmaz-kuzey-kibris-muzik-festivalinde-sahne-alacak\\\/\"]}]},{\"@type\":\"ImageObject\",\"inLanguage\":\"tr\",\"@id\":\"https:\\\/\\\/kuzeyinsesi.org\\\/index.php\\\/2024\\\/10\\\/21\\\/magusa-kent-orkestrasi-ve-burcu-durmaz-kuzey-kibris-muzik-festivalinde-sahne-alacak\\\/#primaryimage\",\"url\":\"https:\\\/\\\/kuzeyinsesi.org\\\/wp-content\\\/uploads\\\/2024\\\/10\\\/qeia.jpg\",\"contentUrl\":\"https:\\\/\\\/kuzeyinsesi.org\\\/wp-content\\\/uploads\\\/2024\\\/10\\\/qeia.jpg\",\"width\":1080,\"height\":608},{\"@type\":\"BreadcrumbList\",\"@id\":\"https:\\\/\\\/kuzeyinsesi.org\\\/index.php\\\/2024\\\/10\\\/21\\\/magusa-kent-orkestrasi-ve-burcu-durmaz-kuzey-kibris-muzik-festivalinde-sahne-alacak\\\/#breadcrumb\",\"itemListElement\":[{\"@type\":\"ListItem\",\"position\":1,\"name\":\"Anasayfa\",\"item\":\"https:\\\/\\\/kuzeyinsesi.org\\\/\"},{\"@type\":\"ListItem\",\"position\":2,\"name\":\"Ma\u011fusa Kent Orkestras\u0131 ve Burcu Durmaz, Kuzey K\u0131br\u0131s M\u00fczik Festivali\u2019nde sahne alacak\"}]},{\"@type\":\"WebSite\",\"@id\":\"https:\\\/\\\/kuzeyinsesi.org\\\/#website\",\"url\":\"https:\\\/\\\/kuzeyinsesi.org\\\/\",\"name\":\"Kuzeyin Sesi\",\"description\":\"Do\u011fru Haberin Adresi\",\"potentialAction\":[{\"@type\":\"SearchAction\",\"target\":{\"@type\":\"EntryPoint\",\"urlTemplate\":\"https:\\\/\\\/kuzeyinsesi.org\\\/?s={search_term_string}\"},\"query-input\":{\"@type\":\"PropertyValueSpecification\",\"valueRequired\":true,\"valueName\":\"search_term_string\"}}],\"inLanguage\":\"tr\"},{\"@type\":\"Person\",\"@id\":\"https:\\\/\\\/kuzeyinsesi.org\\\/#\\\/schema\\\/person\\\/9f859689cdf01485597712386e37f5aa\",\"name\":\"Kuzeyin Sesi\",\"image\":{\"@type\":\"ImageObject\",\"inLanguage\":\"tr\",\"@id\":\"https:\\\/\\\/secure.gravatar.com\\\/avatar\\\/bab33852abfd8b282518d6ed81826833d77c3c882d9ab608add591ccace47a44?s=96&d=mm&r=g\",\"url\":\"https:\\\/\\\/secure.gravatar.com\\\/avatar\\\/bab33852abfd8b282518d6ed81826833d77c3c882d9ab608add591ccace47a44?s=96&d=mm&r=g\",\"contentUrl\":\"https:\\\/\\\/secure.gravatar.com\\\/avatar\\\/bab33852abfd8b282518d6ed81826833d77c3c882d9ab608add591ccace47a44?s=96&d=mm&r=g\",\"caption\":\"Kuzeyin Sesi\"},\"sameAs\":[\"https:\\\/\\\/kuzeyinsesi.org\"],\"url\":\"https:\\\/\\\/kuzeyinsesi.org\\\/index.php\\\/author\\\/guven\\\/\"}]}<\/script>\n<!-- \/ Yoast SEO plugin. -->","yoast_head_json":{"title":"Ma\u011fusa Kent Orkestras\u0131 ve Burcu Durmaz, Kuzey K\u0131br\u0131s M\u00fczik Festivali\u2019nde sahne alacak - Kuzeyin Sesi","robots":{"index":"index","follow":"follow","max-snippet":"max-snippet:-1","max-image-preview":"max-image-preview:large","max-video-preview":"max-video-preview:-1"},"canonical":"https:\/\/kuzeyinsesi.org\/index.php\/2024\/10\/21\/magusa-kent-orkestrasi-ve-burcu-durmaz-kuzey-kibris-muzik-festivalinde-sahne-alacak\/","og_locale":"tr_TR","og_type":"article","og_title":"Ma\u011fusa Kent Orkestras\u0131 ve Burcu Durmaz, Kuzey K\u0131br\u0131s M\u00fczik Festivali\u2019nde sahne alacak - Kuzeyin Sesi","og_description":"Kuzey K\u0131br\u0131s M\u00fczik Derne\u011fi\u2019nin her y\u0131l d\u00fczenledi\u011fi Uluslararas\u0131 Kuzey K\u0131br\u0131s M\u00fczik Festivali, Ma\u011fusa Kent Orkestras\u0131 ve Burcu Durmaz konseriyle devam edecek. Dernek\u2019ten yap\u0131lan a\u00e7\u0131klamaya g\u00f6re, konser, yar\u0131n 20.30\u2019da Bellapais Manast\u0131r\u0131\u2019nda verilecek. Burcu Durmaz\u2019\u0131n solist olarak, Dervi\u015f \u0130\u015fg\u00fczar\u2019\u0131n ise konuk vokalist olarak kat\u0131laca\u011f\u0131 etkinlikte, Oskay Hoca y\u00f6netimindeki Ma\u011fusa Kent Orkestras\u0131 sahne alacak. Orkestra \u00fcyeleri aras\u0131nda Nur [&hellip;]","og_url":"https:\/\/kuzeyinsesi.org\/index.php\/2024\/10\/21\/magusa-kent-orkestrasi-ve-burcu-durmaz-kuzey-kibris-muzik-festivalinde-sahne-alacak\/","og_site_name":"Kuzeyin Sesi","article_publisher":"https:\/\/www.facebook.com\/kuzeyinsesii","article_published_time":"2024-10-21T07:38:31+00:00","og_image":[{"url":"https:\/\/brtk.net\/wp-content\/uploads\/2024\/10\/21\/qeia.jpg?ver=7c05861894c8656e6b47fcf966443432","type":"","width":"","height":""}],"author":"Kuzeyin Sesi","twitter_card":"summary_large_image","twitter_creator":"@kuzeyinsesii","twitter_site":"@kuzeyinsesii","twitter_misc":{"Yazan:":"Kuzeyin Sesi","Tahmini okuma s\u00fcresi":"1 dakika"},"schema":{"@context":"https:\/\/schema.org","@graph":[{"@type":"Article","@id":"https:\/\/kuzeyinsesi.org\/index.php\/2024\/10\/21\/magusa-kent-orkestrasi-ve-burcu-durmaz-kuzey-kibris-muzik-festivalinde-sahne-alacak\/#article","isPartOf":{"@id":"https:\/\/kuzeyinsesi.org\/index.php\/2024\/10\/21\/magusa-kent-orkestrasi-ve-burcu-durmaz-kuzey-kibris-muzik-festivalinde-sahne-alacak\/"},"author":{"name":"Kuzeyin Sesi","@id":"https:\/\/kuzeyinsesi.org\/#\/schema\/person\/9f859689cdf01485597712386e37f5aa"},"headline":"Ma\u011fusa Kent Orkestras\u0131 ve Burcu Durmaz, Kuzey K\u0131br\u0131s M\u00fczik Festivali\u2019nde sahne alacak","datePublished":"2024-10-21T07:38:31+00:00","mainEntityOfPage":{"@id":"https:\/\/kuzeyinsesi.org\/index.php\/2024\/10\/21\/magusa-kent-orkestrasi-ve-burcu-durmaz-kuzey-kibris-muzik-festivalinde-sahne-alacak\/"},"wordCount":261,"commentCount":0,"image":{"@id":"https:\/\/kuzeyinsesi.org\/index.php\/2024\/10\/21\/magusa-kent-orkestrasi-ve-burcu-durmaz-kuzey-kibris-muzik-festivalinde-sahne-alacak\/#primaryimage"},"thumbnailUrl":"https:\/\/kuzeyinsesi.org\/wp-content\/uploads\/2024\/10\/qeia.jpg","articleSection":["Ya\u015fam"],"inLanguage":"tr","potentialAction":[{"@type":"CommentAction","name":"Comment","target":["https:\/\/kuzeyinsesi.org\/index.php\/2024\/10\/21\/magusa-kent-orkestrasi-ve-burcu-durmaz-kuzey-kibris-muzik-festivalinde-sahne-alacak\/#respond"]}]},{"@type":"WebPage","@id":"https:\/\/kuzeyinsesi.org\/index.php\/2024\/10\/21\/magusa-kent-orkestrasi-ve-burcu-durmaz-kuzey-kibris-muzik-festivalinde-sahne-alacak\/","url":"https:\/\/kuzeyinsesi.org\/index.php\/2024\/10\/21\/magusa-kent-orkestrasi-ve-burcu-durmaz-kuzey-kibris-muzik-festivalinde-sahne-alacak\/","name":"Ma\u011fusa Kent Orkestras\u0131 ve Burcu Durmaz, Kuzey K\u0131br\u0131s M\u00fczik Festivali\u2019nde sahne alacak - Kuzeyin Sesi","isPartOf":{"@id":"https:\/\/kuzeyinsesi.org\/#website"},"primaryImageOfPage":{"@id":"https:\/\/kuzeyinsesi.org\/index.php\/2024\/10\/21\/magusa-kent-orkestrasi-ve-burcu-durmaz-kuzey-kibris-muzik-festivalinde-sahne-alacak\/#primaryimage"},"image":{"@id":"https:\/\/kuzeyinsesi.org\/index.php\/2024\/10\/21\/magusa-kent-orkestrasi-ve-burcu-durmaz-kuzey-kibris-muzik-festivalinde-sahne-alacak\/#primaryimage"},"thumbnailUrl":"https:\/\/kuzeyinsesi.org\/wp-content\/uploads\/2024\/10\/qeia.jpg","datePublished":"2024-10-21T07:38:31+00:00","author":{"@id":"https:\/\/kuzeyinsesi.org\/#\/schema\/person\/9f859689cdf01485597712386e37f5aa"},"breadcrumb":{"@id":"https:\/\/kuzeyinsesi.org\/index.php\/2024\/10\/21\/magusa-kent-orkestrasi-ve-burcu-durmaz-kuzey-kibris-muzik-festivalinde-sahne-alacak\/#breadcrumb"},"inLanguage":"tr","potentialAction":[{"@type":"ReadAction","target":["https:\/\/kuzeyinsesi.org\/index.php\/2024\/10\/21\/magusa-kent-orkestrasi-ve-burcu-durmaz-kuzey-kibris-muzik-festivalinde-sahne-alacak\/"]}]},{"@type":"ImageObject","inLanguage":"tr","@id":"https:\/\/kuzeyinsesi.org\/index.php\/2024\/10\/21\/magusa-kent-orkestrasi-ve-burcu-durmaz-kuzey-kibris-muzik-festivalinde-sahne-alacak\/#primaryimage","url":"https:\/\/kuzeyinsesi.org\/wp-content\/uploads\/2024\/10\/qeia.jpg","contentUrl":"https:\/\/kuzeyinsesi.org\/wp-content\/uploads\/2024\/10\/qeia.jpg","width":1080,"height":608},{"@type":"BreadcrumbList","@id":"https:\/\/kuzeyinsesi.org\/index.php\/2024\/10\/21\/magusa-kent-orkestrasi-ve-burcu-durmaz-kuzey-kibris-muzik-festivalinde-sahne-alacak\/#breadcrumb","itemListElement":[{"@type":"ListItem","position":1,"name":"Anasayfa","item":"https:\/\/kuzeyinsesi.org\/"},{"@type":"ListItem","position":2,"name":"Ma\u011fusa Kent Orkestras\u0131 ve Burcu Durmaz, Kuzey K\u0131br\u0131s M\u00fczik Festivali\u2019nde sahne alacak"}]},{"@type":"WebSite","@id":"https:\/\/kuzeyinsesi.org\/#website","url":"https:\/\/kuzeyinsesi.org\/","name":"Kuzeyin Sesi","description":"Do\u011fru Haberin Adresi","potentialAction":[{"@type":"SearchAction","target":{"@type":"EntryPoint","urlTemplate":"https:\/\/kuzeyinsesi.org\/?s={search_term_string}"},"query-input":{"@type":"PropertyValueSpecification","valueRequired":true,"valueName":"search_term_string"}}],"inLanguage":"tr"},{"@type":"Person","@id":"https:\/\/kuzeyinsesi.org\/#\/schema\/person\/9f859689cdf01485597712386e37f5aa","name":"Kuzeyin Sesi","image":{"@type":"ImageObject","inLanguage":"tr","@id":"https:\/\/secure.gravatar.com\/avatar\/bab33852abfd8b282518d6ed81826833d77c3c882d9ab608add591ccace47a44?s=96&d=mm&r=g","url":"https:\/\/secure.gravatar.com\/avatar\/bab33852abfd8b282518d6ed81826833d77c3c882d9ab608add591ccace47a44?s=96&d=mm&r=g","contentUrl":"https:\/\/secure.gravatar.com\/avatar\/bab33852abfd8b282518d6ed81826833d77c3c882d9ab608add591ccace47a44?s=96&d=mm&r=g","caption":"Kuzeyin Sesi"},"sameAs":["https:\/\/kuzeyinsesi.org"],"url":"https:\/\/kuzeyinsesi.org\/index.php\/author\/guven\/"}]}},"_links":{"self":[{"href":"https:\/\/kuzeyinsesi.org\/index.php\/wp-json\/wp\/v2\/posts\/11974","targetHints":{"allow":["GET"]}}],"collection":[{"href":"https:\/\/kuzeyinsesi.org\/index.php\/wp-json\/wp\/v2\/posts"}],"about":[{"href":"https:\/\/kuzeyinsesi.org\/index.php\/wp-json\/wp\/v2\/types\/post"}],"author":[{"embeddable":true,"href":"https:\/\/kuzeyinsesi.org\/index.php\/wp-json\/wp\/v2\/users\/1"}],"replies":[{"embeddable":true,"href":"https:\/\/kuzeyinsesi.org\/index.php\/wp-json\/wp\/v2\/comments?post=11974"}],"version-history":[{"count":0,"href":"https:\/\/kuzeyinsesi.org\/index.php\/wp-json\/wp\/v2\/posts\/11974\/revisions"}],"wp:featuredmedia":[{"embeddable":true,"href":"https:\/\/kuzeyinsesi.org\/index.php\/wp-json\/wp\/v2\/media\/11975"}],"wp:attachment":[{"href":"https:\/\/kuzeyinsesi.org\/index.php\/wp-json\/wp\/v2\/media?parent=11974"}],"wp:term":[{"taxonomy":"category","embeddable":true,"href":"https:\/\/kuzeyinsesi.org\/index.php\/wp-json\/wp\/v2\/categories?post=11974"},{"taxonomy":"post_tag","embeddable":true,"href":"https:\/\/kuzeyinsesi.org\/index.php\/wp-json\/wp\/v2\/tags?post=11974"}],"curies":[{"name":"wp","href":"https:\/\/api.w.org\/{rel}","templated":true}]}}