{"id":11966,"date":"2024-10-20T20:03:38","date_gmt":"2024-10-20T17:03:38","guid":{"rendered":"https:\/\/kuzeyinsesi.org\/index.php\/2024\/10\/20\/1-adana-kebabi-ve-salgam-festivali-yapildi\/"},"modified":"2024-10-20T20:03:38","modified_gmt":"2024-10-20T17:03:38","slug":"1-adana-kebabi-ve-salgam-festivali-yapildi","status":"publish","type":"post","link":"https:\/\/kuzeyinsesi.org\/index.php\/2024\/10\/20\/1-adana-kebabi-ve-salgam-festivali-yapildi\/","title":{"rendered":"1.Adana Kebab\u0131 ve \u015ealgam Festivali yap\u0131ld\u0131"},"content":{"rendered":"<div>\n<div class=\"mariselle-image-container center\">\n                                            <\/div>\n<p>\n1\u2019inci Adana Kebab\u0131 ve \u015ealgam Festivali yap\u0131ld\u0131. Adanal\u0131lar Dayan\u0131\u015fma Aktivite ve K\u00fclt\u00fcr Derne\u011fi\u2019nin, Beyarmudu Belediyesi katk\u0131lar\u0131yla Beyarmudu Belediyesi G\u00fcney Mesarya Tesislerinde d\u00fczenledi\u011fi etkinli\u011fe yo\u011fun kat\u0131l\u0131m oldu.<\/p>\n<p>Cumhurba\u015fkan\u0131 Ersin Tatar,Ba\u015fbakan \u00dcnal \u00dcstel ve T\u00fcrkiye\u2019nin Lefko\u015fa B\u00fcy\u00fckel\u00e7isi Yasin Ekrem Serim\u2019in de kat\u0131ld\u0131\u011f\u0131 etkinlikte ilk olarak a\u00e7\u0131l\u0131\u015f konu\u015fmalar\u0131na yer verildi, ard\u0131ndan \u00e7e\u015fitli etkinlikler yer ald\u0131\u2026<\/p>\n<p>A\u00e7\u0131l\u0131\u015fta konu\u015fan Adanal\u0131lar Dayan\u0131\u015fma Aktivite ve K\u00fclt\u00fcr Derne\u011fi Ba\u015fkan\u0131 Mehmet Akta\u015f derne\u011fin amac\u0131n\u0131n Adana\u2019n\u0131n k\u00fclt\u00fcr\u00fcn\u00fc Kuzey K\u0131br\u0131s T\u00fcrk Cunhuriyeti\u2019nde ya\u015fatmak oldu\u011funu belirtti.<\/p>\n<p>Beyarmudu Belediye Ba\u015fkan\u0131 B\u00fclent Bebek de derne\u011fin kurulu\u015fundan bu yana derne\u011fe destek olman\u0131n mutlulu\u011funu ya\u015fad\u0131klar\u0131n\u0131 s\u00f6yleyerek, bu sayede \u00fclkede birlikte bir\u015feyleri ba\u015farman\u0131n \u00f6neminin ortaya konuldu\u011funu belirtti.<\/p>\n<p>Ba\u015fbakan \u00dcnal \u00dcstel ise konu\u015fmas\u0131nda, etkinlik vesilesiyle \u00fclkenin de\u011fi\u015fik b\u00f6lgelerinden hakla bir araya gelmekten duydu\u011fu memnuniyeti dile getirerek, birlik ve beraberlik sayesinde \u00fclkede yap\u0131lan g\u00fczel i\u015flere dikkat \u00e7ekti.<\/p>\n<p>\u00dcstel, \u201cElbirli\u011fiyle, g\u00f6n\u00fcl birli\u011fiyle \u00fclkeyi daha iyi yerlere g\u00f6t\u00fcrece\u011fiz\u201d dedi .<br \/>\u00dcstel h\u00fck\u00fcmetin yoluna devam etti\u011fini, halk\u0131n da daha ferah ya\u015fayabilmesi i\u00e7in katk\u0131lar\u0131n\u0131 s\u00fcrd\u00fcreceklerini ifade ederek \u201chalk\u0131n refah\u0131 i\u00e7in biz gerekli \u00e7al\u0131\u015fmalar\u0131 yapaca\u011f\u0131z\u201d dedi. <\/p>\n<p>Cumhurba\u015fkan\u0131 Ersin Tatar da etkinlikte yapt\u0131\u011f\u0131 konu\u015fmada, Adana\u2019y\u0131 ve Adanal\u0131lar\u0131 selamlad\u0131.<br \/>K\u0131br\u0131s T\u00fcrk halk\u0131nda 1974 \u00f6ncesini hat\u0131rlayan ku\u015faklar oldu\u011funu vurgulayan Tatar, Mutlu Bar\u0131\u015f Harekat\u0131yla Anavatan T\u00fcrkiye ile kayna\u015fman\u0131n mutlulu\u011funu ya\u015fad\u0131klar\u0131n\u0131 s\u00f6yledi. Tatar, bu sayede Adanan\u0131n K\u00fclt\u00fcr\u00fcn\u00fcn \u00fclkede de ya\u015fat\u0131lmas\u0131n\u0131n \u00f6nemli oldu\u011funu ifade etti.<\/p>\n<p>Tatar,\u201cKuzey K\u0131br\u0131s T\u00fcrk Cumhuriyeti\u2019ne har\u00e7 koyarken birlikteydik\u201d diyerek etkinli\u011fin k\u00fclt\u00fcrel kayna\u015fmaya katk\u0131 koydu\u011funu ve k\u00fclt\u00fcrel de\u011ferlerin ne denli milli oldu\u011funu ortaya koydu\u011funu ifade etti.<br \/>K\u0131br\u0131s T\u00fcrk halk\u0131n\u0131n amac\u0131n\u0131n huzur,g\u00fcven ve bar\u0131\u015f i\u00e7erisinde ya\u015famak oldu\u011funun alt\u0131n\u0131 \u00e7izen Tatar, bunun vatan sevgisiyle m\u00fcmk\u00fcn olabilece\u011fini s\u00f6yledi ve TC-KKTC aras\u0131ndaki ba\u011f\u0131 kimsenin koparamayaca\u011f\u0131n\u0131,  bu sevgiyi kimsenin y\u0131kmaya g\u00fcc\u00fc yetemeyece\u011fini vurgulad\u0131. <\/p>\n<p>Etkinlikte konu\u015fmalar\u0131n ard\u0131ndan halka Adana kebab\u0131 ve \u015falgam ikram edildi, \u00e7e\u015fitli etkinlikler sunuldu. Ayr\u0131ca Ozan G\u00fcl, Ahmet Yi\u011fit ve Bahad\u0131r Yi\u011fit t\u00fcrk\u00fcler seslendirdi.<\/p>\n<\/p><\/div>\n<p><script async\n                    defer\n                    crossorigin=\"anonymous\"\n                    src=\"https:\/\/connect.facebook.net\/tr_TR\/sdk.js#xfbml=1&#038;version=v3.3\"\n            ><\/script><\/p>\n","protected":false},"excerpt":{"rendered":"<p>1\u2019inci Adana Kebab\u0131 ve \u015ealgam Festivali yap\u0131ld\u0131. Adanal\u0131lar Dayan\u0131\u015fma Aktivite ve K\u00fclt\u00fcr Derne\u011fi\u2019nin, Beyarmudu Belediyesi katk\u0131lar\u0131yla Beyarmudu Belediyesi G\u00fcney Mesarya Tesislerinde d\u00fczenledi\u011fi etkinli\u011fe yo\u011fun kat\u0131l\u0131m oldu. Cumhurba\u015fkan\u0131 Ersin Tatar,Ba\u015fbakan \u00dcnal \u00dcstel ve T\u00fcrkiye\u2019nin Lefko\u015fa B\u00fcy\u00fckel\u00e7isi Yasin Ekrem Serim\u2019in de kat\u0131ld\u0131\u011f\u0131 etkinlikte ilk olarak a\u00e7\u0131l\u0131\u015f konu\u015fmalar\u0131na yer verildi, ard\u0131ndan \u00e7e\u015fitli etkinlikler yer ald\u0131\u2026 A\u00e7\u0131l\u0131\u015fta konu\u015fan Adanal\u0131lar [&hellip;]<\/p>\n","protected":false},"author":1,"featured_media":11967,"comment_status":"open","ping_status":"open","sticky":false,"template":"","format":"standard","meta":{"jnews-multi-image_gallery":[],"jnews_single_post":[],"jnews_primary_category":[],"jnews_social_meta":[],"jnews_override_counter":[],"footnotes":""},"categories":[6],"tags":[],"class_list":["post-11966","post","type-post","status-publish","format-standard","has-post-thumbnail","hentry","category-yasam"],"yoast_head":"<!-- This site is optimized with the Yoast SEO plugin v27.4 - https:\/\/yoast.com\/product\/yoast-seo-wordpress\/ -->\n<title>1.Adana Kebab\u0131 ve \u015ealgam Festivali yap\u0131ld\u0131 - Kuzeyin Sesi<\/title>\n<meta name=\"robots\" content=\"index, follow, max-snippet:-1, max-image-preview:large, max-video-preview:-1\" \/>\n<link rel=\"canonical\" href=\"https:\/\/kuzeyinsesi.org\/index.php\/2024\/10\/20\/1-adana-kebabi-ve-salgam-festivali-yapildi\/\" \/>\n<meta property=\"og:locale\" content=\"tr_TR\" \/>\n<meta property=\"og:type\" content=\"article\" \/>\n<meta property=\"og:title\" content=\"1.Adana Kebab\u0131 ve \u015ealgam Festivali yap\u0131ld\u0131 - Kuzeyin Sesi\" \/>\n<meta property=\"og:description\" content=\"1\u2019inci Adana Kebab\u0131 ve \u015ealgam Festivali yap\u0131ld\u0131. Adanal\u0131lar Dayan\u0131\u015fma Aktivite ve K\u00fclt\u00fcr Derne\u011fi\u2019nin, Beyarmudu Belediyesi katk\u0131lar\u0131yla Beyarmudu Belediyesi G\u00fcney Mesarya Tesislerinde d\u00fczenledi\u011fi etkinli\u011fe yo\u011fun kat\u0131l\u0131m oldu. Cumhurba\u015fkan\u0131 Ersin Tatar,Ba\u015fbakan \u00dcnal \u00dcstel ve T\u00fcrkiye\u2019nin Lefko\u015fa B\u00fcy\u00fckel\u00e7isi Yasin Ekrem Serim\u2019in de kat\u0131ld\u0131\u011f\u0131 etkinlikte ilk olarak a\u00e7\u0131l\u0131\u015f konu\u015fmalar\u0131na yer verildi, ard\u0131ndan \u00e7e\u015fitli etkinlikler yer ald\u0131\u2026 A\u00e7\u0131l\u0131\u015fta konu\u015fan Adanal\u0131lar [&hellip;]\" \/>\n<meta property=\"og:url\" content=\"https:\/\/kuzeyinsesi.org\/index.php\/2024\/10\/20\/1-adana-kebabi-ve-salgam-festivali-yapildi\/\" \/>\n<meta property=\"og:site_name\" content=\"Kuzeyin Sesi\" \/>\n<meta property=\"article:publisher\" content=\"https:\/\/www.facebook.com\/kuzeyinsesii\" \/>\n<meta property=\"article:published_time\" content=\"2024-10-20T17:03:38+00:00\" \/>\n<meta property=\"og:image\" content=\"https:\/\/brtk.net\/wp-content\/uploads\/2024\/10\/20\/3W7A4498-1.jpg?ver=dba823b2731e706cb067b2f39ae2b42f\" \/>\n<meta name=\"author\" content=\"Kuzeyin Sesi\" \/>\n<meta name=\"twitter:card\" content=\"summary_large_image\" \/>\n<meta name=\"twitter:creator\" content=\"@kuzeyinsesii\" \/>\n<meta name=\"twitter:site\" content=\"@kuzeyinsesii\" \/>\n<meta name=\"twitter:label1\" content=\"Yazan:\" \/>\n\t<meta name=\"twitter:data1\" content=\"Kuzeyin Sesi\" \/>\n\t<meta name=\"twitter:label2\" content=\"Tahmini okuma s\u00fcresi\" \/>\n\t<meta name=\"twitter:data2\" content=\"2 dakika\" \/>\n<script type=\"application\/ld+json\" class=\"yoast-schema-graph\">{\"@context\":\"https:\\\/\\\/schema.org\",\"@graph\":[{\"@type\":\"Article\",\"@id\":\"https:\\\/\\\/kuzeyinsesi.org\\\/index.php\\\/2024\\\/10\\\/20\\\/1-adana-kebabi-ve-salgam-festivali-yapildi\\\/#article\",\"isPartOf\":{\"@id\":\"https:\\\/\\\/kuzeyinsesi.org\\\/index.php\\\/2024\\\/10\\\/20\\\/1-adana-kebabi-ve-salgam-festivali-yapildi\\\/\"},\"author\":{\"name\":\"Kuzeyin Sesi\",\"@id\":\"https:\\\/\\\/kuzeyinsesi.org\\\/#\\\/schema\\\/person\\\/9f859689cdf01485597712386e37f5aa\"},\"headline\":\"1.Adana Kebab\u0131 ve \u015ealgam Festivali yap\u0131ld\u0131\",\"datePublished\":\"2024-10-20T17:03:38+00:00\",\"mainEntityOfPage\":{\"@id\":\"https:\\\/\\\/kuzeyinsesi.org\\\/index.php\\\/2024\\\/10\\\/20\\\/1-adana-kebabi-ve-salgam-festivali-yapildi\\\/\"},\"wordCount\":468,\"commentCount\":0,\"image\":{\"@id\":\"https:\\\/\\\/kuzeyinsesi.org\\\/index.php\\\/2024\\\/10\\\/20\\\/1-adana-kebabi-ve-salgam-festivali-yapildi\\\/#primaryimage\"},\"thumbnailUrl\":\"https:\\\/\\\/kuzeyinsesi.org\\\/wp-content\\\/uploads\\\/2024\\\/10\\\/3W7A4498-1.jpg\",\"articleSection\":[\"Ya\u015fam\"],\"inLanguage\":\"tr\",\"potentialAction\":[{\"@type\":\"CommentAction\",\"name\":\"Comment\",\"target\":[\"https:\\\/\\\/kuzeyinsesi.org\\\/index.php\\\/2024\\\/10\\\/20\\\/1-adana-kebabi-ve-salgam-festivali-yapildi\\\/#respond\"]}]},{\"@type\":\"WebPage\",\"@id\":\"https:\\\/\\\/kuzeyinsesi.org\\\/index.php\\\/2024\\\/10\\\/20\\\/1-adana-kebabi-ve-salgam-festivali-yapildi\\\/\",\"url\":\"https:\\\/\\\/kuzeyinsesi.org\\\/index.php\\\/2024\\\/10\\\/20\\\/1-adana-kebabi-ve-salgam-festivali-yapildi\\\/\",\"name\":\"1.Adana Kebab\u0131 ve \u015ealgam Festivali yap\u0131ld\u0131 - Kuzeyin Sesi\",\"isPartOf\":{\"@id\":\"https:\\\/\\\/kuzeyinsesi.org\\\/#website\"},\"primaryImageOfPage\":{\"@id\":\"https:\\\/\\\/kuzeyinsesi.org\\\/index.php\\\/2024\\\/10\\\/20\\\/1-adana-kebabi-ve-salgam-festivali-yapildi\\\/#primaryimage\"},\"image\":{\"@id\":\"https:\\\/\\\/kuzeyinsesi.org\\\/index.php\\\/2024\\\/10\\\/20\\\/1-adana-kebabi-ve-salgam-festivali-yapildi\\\/#primaryimage\"},\"thumbnailUrl\":\"https:\\\/\\\/kuzeyinsesi.org\\\/wp-content\\\/uploads\\\/2024\\\/10\\\/3W7A4498-1.jpg\",\"datePublished\":\"2024-10-20T17:03:38+00:00\",\"author\":{\"@id\":\"https:\\\/\\\/kuzeyinsesi.org\\\/#\\\/schema\\\/person\\\/9f859689cdf01485597712386e37f5aa\"},\"breadcrumb\":{\"@id\":\"https:\\\/\\\/kuzeyinsesi.org\\\/index.php\\\/2024\\\/10\\\/20\\\/1-adana-kebabi-ve-salgam-festivali-yapildi\\\/#breadcrumb\"},\"inLanguage\":\"tr\",\"potentialAction\":[{\"@type\":\"ReadAction\",\"target\":[\"https:\\\/\\\/kuzeyinsesi.org\\\/index.php\\\/2024\\\/10\\\/20\\\/1-adana-kebabi-ve-salgam-festivali-yapildi\\\/\"]}]},{\"@type\":\"ImageObject\",\"inLanguage\":\"tr\",\"@id\":\"https:\\\/\\\/kuzeyinsesi.org\\\/index.php\\\/2024\\\/10\\\/20\\\/1-adana-kebabi-ve-salgam-festivali-yapildi\\\/#primaryimage\",\"url\":\"https:\\\/\\\/kuzeyinsesi.org\\\/wp-content\\\/uploads\\\/2024\\\/10\\\/3W7A4498-1.jpg\",\"contentUrl\":\"https:\\\/\\\/kuzeyinsesi.org\\\/wp-content\\\/uploads\\\/2024\\\/10\\\/3W7A4498-1.jpg\",\"width\":1762,\"height\":1062},{\"@type\":\"BreadcrumbList\",\"@id\":\"https:\\\/\\\/kuzeyinsesi.org\\\/index.php\\\/2024\\\/10\\\/20\\\/1-adana-kebabi-ve-salgam-festivali-yapildi\\\/#breadcrumb\",\"itemListElement\":[{\"@type\":\"ListItem\",\"position\":1,\"name\":\"Anasayfa\",\"item\":\"https:\\\/\\\/kuzeyinsesi.org\\\/\"},{\"@type\":\"ListItem\",\"position\":2,\"name\":\"1.Adana Kebab\u0131 ve \u015ealgam Festivali yap\u0131ld\u0131\"}]},{\"@type\":\"WebSite\",\"@id\":\"https:\\\/\\\/kuzeyinsesi.org\\\/#website\",\"url\":\"https:\\\/\\\/kuzeyinsesi.org\\\/\",\"name\":\"Kuzeyin Sesi\",\"description\":\"Do\u011fru Haberin Adresi\",\"potentialAction\":[{\"@type\":\"SearchAction\",\"target\":{\"@type\":\"EntryPoint\",\"urlTemplate\":\"https:\\\/\\\/kuzeyinsesi.org\\\/?s={search_term_string}\"},\"query-input\":{\"@type\":\"PropertyValueSpecification\",\"valueRequired\":true,\"valueName\":\"search_term_string\"}}],\"inLanguage\":\"tr\"},{\"@type\":\"Person\",\"@id\":\"https:\\\/\\\/kuzeyinsesi.org\\\/#\\\/schema\\\/person\\\/9f859689cdf01485597712386e37f5aa\",\"name\":\"Kuzeyin Sesi\",\"image\":{\"@type\":\"ImageObject\",\"inLanguage\":\"tr\",\"@id\":\"https:\\\/\\\/secure.gravatar.com\\\/avatar\\\/bab33852abfd8b282518d6ed81826833d77c3c882d9ab608add591ccace47a44?s=96&d=mm&r=g\",\"url\":\"https:\\\/\\\/secure.gravatar.com\\\/avatar\\\/bab33852abfd8b282518d6ed81826833d77c3c882d9ab608add591ccace47a44?s=96&d=mm&r=g\",\"contentUrl\":\"https:\\\/\\\/secure.gravatar.com\\\/avatar\\\/bab33852abfd8b282518d6ed81826833d77c3c882d9ab608add591ccace47a44?s=96&d=mm&r=g\",\"caption\":\"Kuzeyin Sesi\"},\"sameAs\":[\"https:\\\/\\\/kuzeyinsesi.org\"],\"url\":\"https:\\\/\\\/kuzeyinsesi.org\\\/index.php\\\/author\\\/guven\\\/\"}]}<\/script>\n<!-- \/ Yoast SEO plugin. -->","yoast_head_json":{"title":"1.Adana Kebab\u0131 ve \u015ealgam Festivali yap\u0131ld\u0131 - Kuzeyin Sesi","robots":{"index":"index","follow":"follow","max-snippet":"max-snippet:-1","max-image-preview":"max-image-preview:large","max-video-preview":"max-video-preview:-1"},"canonical":"https:\/\/kuzeyinsesi.org\/index.php\/2024\/10\/20\/1-adana-kebabi-ve-salgam-festivali-yapildi\/","og_locale":"tr_TR","og_type":"article","og_title":"1.Adana Kebab\u0131 ve \u015ealgam Festivali yap\u0131ld\u0131 - Kuzeyin Sesi","og_description":"1\u2019inci Adana Kebab\u0131 ve \u015ealgam Festivali yap\u0131ld\u0131. Adanal\u0131lar Dayan\u0131\u015fma Aktivite ve K\u00fclt\u00fcr Derne\u011fi\u2019nin, Beyarmudu Belediyesi katk\u0131lar\u0131yla Beyarmudu Belediyesi G\u00fcney Mesarya Tesislerinde d\u00fczenledi\u011fi etkinli\u011fe yo\u011fun kat\u0131l\u0131m oldu. Cumhurba\u015fkan\u0131 Ersin Tatar,Ba\u015fbakan \u00dcnal \u00dcstel ve T\u00fcrkiye\u2019nin Lefko\u015fa B\u00fcy\u00fckel\u00e7isi Yasin Ekrem Serim\u2019in de kat\u0131ld\u0131\u011f\u0131 etkinlikte ilk olarak a\u00e7\u0131l\u0131\u015f konu\u015fmalar\u0131na yer verildi, ard\u0131ndan \u00e7e\u015fitli etkinlikler yer ald\u0131\u2026 A\u00e7\u0131l\u0131\u015fta konu\u015fan Adanal\u0131lar [&hellip;]","og_url":"https:\/\/kuzeyinsesi.org\/index.php\/2024\/10\/20\/1-adana-kebabi-ve-salgam-festivali-yapildi\/","og_site_name":"Kuzeyin Sesi","article_publisher":"https:\/\/www.facebook.com\/kuzeyinsesii","article_published_time":"2024-10-20T17:03:38+00:00","og_image":[{"url":"https:\/\/brtk.net\/wp-content\/uploads\/2024\/10\/20\/3W7A4498-1.jpg?ver=dba823b2731e706cb067b2f39ae2b42f","type":"","width":"","height":""}],"author":"Kuzeyin Sesi","twitter_card":"summary_large_image","twitter_creator":"@kuzeyinsesii","twitter_site":"@kuzeyinsesii","twitter_misc":{"Yazan:":"Kuzeyin Sesi","Tahmini okuma s\u00fcresi":"2 dakika"},"schema":{"@context":"https:\/\/schema.org","@graph":[{"@type":"Article","@id":"https:\/\/kuzeyinsesi.org\/index.php\/2024\/10\/20\/1-adana-kebabi-ve-salgam-festivali-yapildi\/#article","isPartOf":{"@id":"https:\/\/kuzeyinsesi.org\/index.php\/2024\/10\/20\/1-adana-kebabi-ve-salgam-festivali-yapildi\/"},"author":{"name":"Kuzeyin Sesi","@id":"https:\/\/kuzeyinsesi.org\/#\/schema\/person\/9f859689cdf01485597712386e37f5aa"},"headline":"1.Adana Kebab\u0131 ve \u015ealgam Festivali yap\u0131ld\u0131","datePublished":"2024-10-20T17:03:38+00:00","mainEntityOfPage":{"@id":"https:\/\/kuzeyinsesi.org\/index.php\/2024\/10\/20\/1-adana-kebabi-ve-salgam-festivali-yapildi\/"},"wordCount":468,"commentCount":0,"image":{"@id":"https:\/\/kuzeyinsesi.org\/index.php\/2024\/10\/20\/1-adana-kebabi-ve-salgam-festivali-yapildi\/#primaryimage"},"thumbnailUrl":"https:\/\/kuzeyinsesi.org\/wp-content\/uploads\/2024\/10\/3W7A4498-1.jpg","articleSection":["Ya\u015fam"],"inLanguage":"tr","potentialAction":[{"@type":"CommentAction","name":"Comment","target":["https:\/\/kuzeyinsesi.org\/index.php\/2024\/10\/20\/1-adana-kebabi-ve-salgam-festivali-yapildi\/#respond"]}]},{"@type":"WebPage","@id":"https:\/\/kuzeyinsesi.org\/index.php\/2024\/10\/20\/1-adana-kebabi-ve-salgam-festivali-yapildi\/","url":"https:\/\/kuzeyinsesi.org\/index.php\/2024\/10\/20\/1-adana-kebabi-ve-salgam-festivali-yapildi\/","name":"1.Adana Kebab\u0131 ve \u015ealgam Festivali yap\u0131ld\u0131 - Kuzeyin Sesi","isPartOf":{"@id":"https:\/\/kuzeyinsesi.org\/#website"},"primaryImageOfPage":{"@id":"https:\/\/kuzeyinsesi.org\/index.php\/2024\/10\/20\/1-adana-kebabi-ve-salgam-festivali-yapildi\/#primaryimage"},"image":{"@id":"https:\/\/kuzeyinsesi.org\/index.php\/2024\/10\/20\/1-adana-kebabi-ve-salgam-festivali-yapildi\/#primaryimage"},"thumbnailUrl":"https:\/\/kuzeyinsesi.org\/wp-content\/uploads\/2024\/10\/3W7A4498-1.jpg","datePublished":"2024-10-20T17:03:38+00:00","author":{"@id":"https:\/\/kuzeyinsesi.org\/#\/schema\/person\/9f859689cdf01485597712386e37f5aa"},"breadcrumb":{"@id":"https:\/\/kuzeyinsesi.org\/index.php\/2024\/10\/20\/1-adana-kebabi-ve-salgam-festivali-yapildi\/#breadcrumb"},"inLanguage":"tr","potentialAction":[{"@type":"ReadAction","target":["https:\/\/kuzeyinsesi.org\/index.php\/2024\/10\/20\/1-adana-kebabi-ve-salgam-festivali-yapildi\/"]}]},{"@type":"ImageObject","inLanguage":"tr","@id":"https:\/\/kuzeyinsesi.org\/index.php\/2024\/10\/20\/1-adana-kebabi-ve-salgam-festivali-yapildi\/#primaryimage","url":"https:\/\/kuzeyinsesi.org\/wp-content\/uploads\/2024\/10\/3W7A4498-1.jpg","contentUrl":"https:\/\/kuzeyinsesi.org\/wp-content\/uploads\/2024\/10\/3W7A4498-1.jpg","width":1762,"height":1062},{"@type":"BreadcrumbList","@id":"https:\/\/kuzeyinsesi.org\/index.php\/2024\/10\/20\/1-adana-kebabi-ve-salgam-festivali-yapildi\/#breadcrumb","itemListElement":[{"@type":"ListItem","position":1,"name":"Anasayfa","item":"https:\/\/kuzeyinsesi.org\/"},{"@type":"ListItem","position":2,"name":"1.Adana Kebab\u0131 ve \u015ealgam Festivali yap\u0131ld\u0131"}]},{"@type":"WebSite","@id":"https:\/\/kuzeyinsesi.org\/#website","url":"https:\/\/kuzeyinsesi.org\/","name":"Kuzeyin Sesi","description":"Do\u011fru Haberin Adresi","potentialAction":[{"@type":"SearchAction","target":{"@type":"EntryPoint","urlTemplate":"https:\/\/kuzeyinsesi.org\/?s={search_term_string}"},"query-input":{"@type":"PropertyValueSpecification","valueRequired":true,"valueName":"search_term_string"}}],"inLanguage":"tr"},{"@type":"Person","@id":"https:\/\/kuzeyinsesi.org\/#\/schema\/person\/9f859689cdf01485597712386e37f5aa","name":"Kuzeyin Sesi","image":{"@type":"ImageObject","inLanguage":"tr","@id":"https:\/\/secure.gravatar.com\/avatar\/bab33852abfd8b282518d6ed81826833d77c3c882d9ab608add591ccace47a44?s=96&d=mm&r=g","url":"https:\/\/secure.gravatar.com\/avatar\/bab33852abfd8b282518d6ed81826833d77c3c882d9ab608add591ccace47a44?s=96&d=mm&r=g","contentUrl":"https:\/\/secure.gravatar.com\/avatar\/bab33852abfd8b282518d6ed81826833d77c3c882d9ab608add591ccace47a44?s=96&d=mm&r=g","caption":"Kuzeyin Sesi"},"sameAs":["https:\/\/kuzeyinsesi.org"],"url":"https:\/\/kuzeyinsesi.org\/index.php\/author\/guven\/"}]}},"_links":{"self":[{"href":"https:\/\/kuzeyinsesi.org\/index.php\/wp-json\/wp\/v2\/posts\/11966","targetHints":{"allow":["GET"]}}],"collection":[{"href":"https:\/\/kuzeyinsesi.org\/index.php\/wp-json\/wp\/v2\/posts"}],"about":[{"href":"https:\/\/kuzeyinsesi.org\/index.php\/wp-json\/wp\/v2\/types\/post"}],"author":[{"embeddable":true,"href":"https:\/\/kuzeyinsesi.org\/index.php\/wp-json\/wp\/v2\/users\/1"}],"replies":[{"embeddable":true,"href":"https:\/\/kuzeyinsesi.org\/index.php\/wp-json\/wp\/v2\/comments?post=11966"}],"version-history":[{"count":0,"href":"https:\/\/kuzeyinsesi.org\/index.php\/wp-json\/wp\/v2\/posts\/11966\/revisions"}],"wp:featuredmedia":[{"embeddable":true,"href":"https:\/\/kuzeyinsesi.org\/index.php\/wp-json\/wp\/v2\/media\/11967"}],"wp:attachment":[{"href":"https:\/\/kuzeyinsesi.org\/index.php\/wp-json\/wp\/v2\/media?parent=11966"}],"wp:term":[{"taxonomy":"category","embeddable":true,"href":"https:\/\/kuzeyinsesi.org\/index.php\/wp-json\/wp\/v2\/categories?post=11966"},{"taxonomy":"post_tag","embeddable":true,"href":"https:\/\/kuzeyinsesi.org\/index.php\/wp-json\/wp\/v2\/tags?post=11966"}],"curies":[{"name":"wp","href":"https:\/\/api.w.org\/{rel}","templated":true}]}}