{"id":11958,"date":"2024-10-20T16:57:56","date_gmt":"2024-10-20T13:57:56","guid":{"rendered":"https:\/\/kuzeyinsesi.org\/index.php\/2024\/10\/20\/munevver-ozgur-ozersayin-ilk-kisisel-sergisi-yarin-rustem-kitabevinde-acilacak\/"},"modified":"2024-10-20T16:57:56","modified_gmt":"2024-10-20T13:57:56","slug":"munevver-ozgur-ozersayin-ilk-kisisel-sergisi-yarin-rustem-kitabevinde-acilacak","status":"publish","type":"post","link":"https:\/\/kuzeyinsesi.org\/index.php\/2024\/10\/20\/munevver-ozgur-ozersayin-ilk-kisisel-sergisi-yarin-rustem-kitabevinde-acilacak\/","title":{"rendered":"M\u00fcnevver \u00d6zg\u00fcr \u00d6zersay\u2019\u0131n ilk ki\u015fisel sergisi yar\u0131n R\u00fcstem Kitabevi\u2019nde a\u00e7\u0131lacak"},"content":{"rendered":"<div>\n<div class=\"mariselle-image-container center\">\n                                            <\/div>\n<p>Mimar M\u00fcnevver \u00d6zg\u00fcr \u00d6zersay\u2019\u0131n ilk ki\u015fisel servisi \u201cNe ise o\u201d yar\u0131n R\u00fcstem Kitabevi\u2019nde izlenime a\u00e7\u0131l\u0131yor.<\/p>\n<p>T\u00fcm geliri SOS \u00c7ocukk\u00f6y\u00fc\u2019ne ba\u011f\u0131\u015flanacak serginin a\u00e7\u0131l\u0131\u015f\u0131 saat 19.00\u2019da yap\u0131lacak.<\/p>\n<p>\u00d6zersay, sergisini \u201c\u0130\u00e7imizde bir\u00e7ok ses, bir\u00e7ok par\u00e7ac\u0131k ile bir arada ya\u015f\u0131yoruz. Ben ressam de\u011filim. Ama i\u00e7imdeki \u00e7ocuklardan birinin -muhtemelen resim yapmay\u0131 \u00e7ok seven ve sava\u015flar\u0131 hi\u00e7 sevmeyen ve bunu yedi ya\u015f\u0131ndayken ya\u015fad\u0131\u011f\u0131 sava\u015fa bakarak anlam\u0131\u015f olan k\u00fc\u00e7\u00fck k\u0131z\u0131n- sesine kulak vererek resimler yapt\u0131m. O bu sergide var. Bu sergi onun i\u00e7in. Bu sergi \u00e7ocuklar i\u00e7in. Bu sergi sava\u015ftan de\u011fil sevgiden; ya\u015famdan taraf olmam\u0131za olanak sa\u011flayan masumiyetimiz i\u00e7in.\u201d s\u00f6zleriyle anlatt\u0131.<\/p>\n<p>Sergi 2 Kas\u0131m\u2019a kadar ziyaret edilebilecek.<\/p>\n<\/p><\/div>\n<p><script async\n                    defer\n                    crossorigin=\"anonymous\"\n                    src=\"https:\/\/connect.facebook.net\/tr_TR\/sdk.js#xfbml=1&#038;version=v3.3\"\n            ><\/script><\/p>\n","protected":false},"excerpt":{"rendered":"<p>Mimar M\u00fcnevver \u00d6zg\u00fcr \u00d6zersay\u2019\u0131n ilk ki\u015fisel servisi \u201cNe ise o\u201d yar\u0131n R\u00fcstem Kitabevi\u2019nde izlenime a\u00e7\u0131l\u0131yor. T\u00fcm geliri SOS \u00c7ocukk\u00f6y\u00fc\u2019ne ba\u011f\u0131\u015flanacak serginin a\u00e7\u0131l\u0131\u015f\u0131 saat 19.00\u2019da yap\u0131lacak. \u00d6zersay, sergisini \u201c\u0130\u00e7imizde bir\u00e7ok ses, bir\u00e7ok par\u00e7ac\u0131k ile bir arada ya\u015f\u0131yoruz. Ben ressam de\u011filim. Ama i\u00e7imdeki \u00e7ocuklardan birinin -muhtemelen resim yapmay\u0131 \u00e7ok seven ve sava\u015flar\u0131 hi\u00e7 sevmeyen ve bunu yedi [&hellip;]<\/p>\n","protected":false},"author":1,"featured_media":11959,"comment_status":"open","ping_status":"open","sticky":false,"template":"","format":"standard","meta":{"jnews-multi-image_gallery":[],"jnews_single_post":[],"jnews_primary_category":[],"jnews_social_meta":[],"jnews_override_counter":[],"footnotes":""},"categories":[6],"tags":[],"class_list":["post-11958","post","type-post","status-publish","format-standard","has-post-thumbnail","hentry","category-yasam"],"yoast_head":"<!-- This site is optimized with the Yoast SEO plugin v27.4 - https:\/\/yoast.com\/product\/yoast-seo-wordpress\/ -->\n<title>M\u00fcnevver \u00d6zg\u00fcr \u00d6zersay\u2019\u0131n ilk ki\u015fisel sergisi yar\u0131n R\u00fcstem Kitabevi\u2019nde a\u00e7\u0131lacak - Kuzeyin Sesi<\/title>\n<meta name=\"robots\" content=\"index, follow, max-snippet:-1, max-image-preview:large, max-video-preview:-1\" \/>\n<link rel=\"canonical\" href=\"https:\/\/kuzeyinsesi.org\/index.php\/2024\/10\/20\/munevver-ozgur-ozersayin-ilk-kisisel-sergisi-yarin-rustem-kitabevinde-acilacak\/\" \/>\n<meta property=\"og:locale\" content=\"tr_TR\" \/>\n<meta property=\"og:type\" content=\"article\" \/>\n<meta property=\"og:title\" content=\"M\u00fcnevver \u00d6zg\u00fcr \u00d6zersay\u2019\u0131n ilk ki\u015fisel sergisi yar\u0131n R\u00fcstem Kitabevi\u2019nde a\u00e7\u0131lacak - Kuzeyin Sesi\" \/>\n<meta property=\"og:description\" content=\"Mimar M\u00fcnevver \u00d6zg\u00fcr \u00d6zersay\u2019\u0131n ilk ki\u015fisel servisi \u201cNe ise o\u201d yar\u0131n R\u00fcstem Kitabevi\u2019nde izlenime a\u00e7\u0131l\u0131yor. T\u00fcm geliri SOS \u00c7ocukk\u00f6y\u00fc\u2019ne ba\u011f\u0131\u015flanacak serginin a\u00e7\u0131l\u0131\u015f\u0131 saat 19.00\u2019da yap\u0131lacak. \u00d6zersay, sergisini \u201c\u0130\u00e7imizde bir\u00e7ok ses, bir\u00e7ok par\u00e7ac\u0131k ile bir arada ya\u015f\u0131yoruz. Ben ressam de\u011filim. Ama i\u00e7imdeki \u00e7ocuklardan birinin -muhtemelen resim yapmay\u0131 \u00e7ok seven ve sava\u015flar\u0131 hi\u00e7 sevmeyen ve bunu yedi [&hellip;]\" \/>\n<meta property=\"og:url\" content=\"https:\/\/kuzeyinsesi.org\/index.php\/2024\/10\/20\/munevver-ozgur-ozersayin-ilk-kisisel-sergisi-yarin-rustem-kitabevinde-acilacak\/\" \/>\n<meta property=\"og:site_name\" content=\"Kuzeyin Sesi\" \/>\n<meta property=\"article:publisher\" content=\"https:\/\/www.facebook.com\/kuzeyinsesii\" \/>\n<meta property=\"article:published_time\" content=\"2024-10-20T13:57:56+00:00\" \/>\n<meta property=\"og:image\" content=\"https:\/\/brtk.net\/wp-content\/uploads\/2024\/10\/20\/sergi10.jpg?ver=edbdcd155c2950141e04aa30f4c64983\" \/>\n<meta name=\"author\" content=\"Kuzeyin Sesi\" \/>\n<meta name=\"twitter:card\" content=\"summary_large_image\" \/>\n<meta name=\"twitter:creator\" content=\"@kuzeyinsesii\" \/>\n<meta name=\"twitter:site\" content=\"@kuzeyinsesii\" \/>\n<meta name=\"twitter:label1\" content=\"Yazan:\" \/>\n\t<meta name=\"twitter:data1\" content=\"Kuzeyin Sesi\" \/>\n\t<meta name=\"twitter:label2\" content=\"Tahmini okuma s\u00fcresi\" \/>\n\t<meta name=\"twitter:data2\" content=\"1 dakika\" \/>\n<script type=\"application\/ld+json\" class=\"yoast-schema-graph\">{\"@context\":\"https:\\\/\\\/schema.org\",\"@graph\":[{\"@type\":\"Article\",\"@id\":\"https:\\\/\\\/kuzeyinsesi.org\\\/index.php\\\/2024\\\/10\\\/20\\\/munevver-ozgur-ozersayin-ilk-kisisel-sergisi-yarin-rustem-kitabevinde-acilacak\\\/#article\",\"isPartOf\":{\"@id\":\"https:\\\/\\\/kuzeyinsesi.org\\\/index.php\\\/2024\\\/10\\\/20\\\/munevver-ozgur-ozersayin-ilk-kisisel-sergisi-yarin-rustem-kitabevinde-acilacak\\\/\"},\"author\":{\"name\":\"Kuzeyin Sesi\",\"@id\":\"https:\\\/\\\/kuzeyinsesi.org\\\/#\\\/schema\\\/person\\\/9f859689cdf01485597712386e37f5aa\"},\"headline\":\"M\u00fcnevver \u00d6zg\u00fcr \u00d6zersay\u2019\u0131n ilk ki\u015fisel sergisi yar\u0131n R\u00fcstem Kitabevi\u2019nde a\u00e7\u0131lacak\",\"datePublished\":\"2024-10-20T13:57:56+00:00\",\"mainEntityOfPage\":{\"@id\":\"https:\\\/\\\/kuzeyinsesi.org\\\/index.php\\\/2024\\\/10\\\/20\\\/munevver-ozgur-ozersayin-ilk-kisisel-sergisi-yarin-rustem-kitabevinde-acilacak\\\/\"},\"wordCount\":158,\"commentCount\":0,\"image\":{\"@id\":\"https:\\\/\\\/kuzeyinsesi.org\\\/index.php\\\/2024\\\/10\\\/20\\\/munevver-ozgur-ozersayin-ilk-kisisel-sergisi-yarin-rustem-kitabevinde-acilacak\\\/#primaryimage\"},\"thumbnailUrl\":\"https:\\\/\\\/kuzeyinsesi.org\\\/wp-content\\\/uploads\\\/2024\\\/10\\\/sergi10.jpg\",\"articleSection\":[\"Ya\u015fam\"],\"inLanguage\":\"tr\",\"potentialAction\":[{\"@type\":\"CommentAction\",\"name\":\"Comment\",\"target\":[\"https:\\\/\\\/kuzeyinsesi.org\\\/index.php\\\/2024\\\/10\\\/20\\\/munevver-ozgur-ozersayin-ilk-kisisel-sergisi-yarin-rustem-kitabevinde-acilacak\\\/#respond\"]}]},{\"@type\":\"WebPage\",\"@id\":\"https:\\\/\\\/kuzeyinsesi.org\\\/index.php\\\/2024\\\/10\\\/20\\\/munevver-ozgur-ozersayin-ilk-kisisel-sergisi-yarin-rustem-kitabevinde-acilacak\\\/\",\"url\":\"https:\\\/\\\/kuzeyinsesi.org\\\/index.php\\\/2024\\\/10\\\/20\\\/munevver-ozgur-ozersayin-ilk-kisisel-sergisi-yarin-rustem-kitabevinde-acilacak\\\/\",\"name\":\"M\u00fcnevver \u00d6zg\u00fcr \u00d6zersay\u2019\u0131n ilk ki\u015fisel sergisi yar\u0131n R\u00fcstem Kitabevi\u2019nde a\u00e7\u0131lacak - Kuzeyin Sesi\",\"isPartOf\":{\"@id\":\"https:\\\/\\\/kuzeyinsesi.org\\\/#website\"},\"primaryImageOfPage\":{\"@id\":\"https:\\\/\\\/kuzeyinsesi.org\\\/index.php\\\/2024\\\/10\\\/20\\\/munevver-ozgur-ozersayin-ilk-kisisel-sergisi-yarin-rustem-kitabevinde-acilacak\\\/#primaryimage\"},\"image\":{\"@id\":\"https:\\\/\\\/kuzeyinsesi.org\\\/index.php\\\/2024\\\/10\\\/20\\\/munevver-ozgur-ozersayin-ilk-kisisel-sergisi-yarin-rustem-kitabevinde-acilacak\\\/#primaryimage\"},\"thumbnailUrl\":\"https:\\\/\\\/kuzeyinsesi.org\\\/wp-content\\\/uploads\\\/2024\\\/10\\\/sergi10.jpg\",\"datePublished\":\"2024-10-20T13:57:56+00:00\",\"author\":{\"@id\":\"https:\\\/\\\/kuzeyinsesi.org\\\/#\\\/schema\\\/person\\\/9f859689cdf01485597712386e37f5aa\"},\"breadcrumb\":{\"@id\":\"https:\\\/\\\/kuzeyinsesi.org\\\/index.php\\\/2024\\\/10\\\/20\\\/munevver-ozgur-ozersayin-ilk-kisisel-sergisi-yarin-rustem-kitabevinde-acilacak\\\/#breadcrumb\"},\"inLanguage\":\"tr\",\"potentialAction\":[{\"@type\":\"ReadAction\",\"target\":[\"https:\\\/\\\/kuzeyinsesi.org\\\/index.php\\\/2024\\\/10\\\/20\\\/munevver-ozgur-ozersayin-ilk-kisisel-sergisi-yarin-rustem-kitabevinde-acilacak\\\/\"]}]},{\"@type\":\"ImageObject\",\"inLanguage\":\"tr\",\"@id\":\"https:\\\/\\\/kuzeyinsesi.org\\\/index.php\\\/2024\\\/10\\\/20\\\/munevver-ozgur-ozersayin-ilk-kisisel-sergisi-yarin-rustem-kitabevinde-acilacak\\\/#primaryimage\",\"url\":\"https:\\\/\\\/kuzeyinsesi.org\\\/wp-content\\\/uploads\\\/2024\\\/10\\\/sergi10.jpg\",\"contentUrl\":\"https:\\\/\\\/kuzeyinsesi.org\\\/wp-content\\\/uploads\\\/2024\\\/10\\\/sergi10.jpg\",\"width\":2048,\"height\":1072},{\"@type\":\"BreadcrumbList\",\"@id\":\"https:\\\/\\\/kuzeyinsesi.org\\\/index.php\\\/2024\\\/10\\\/20\\\/munevver-ozgur-ozersayin-ilk-kisisel-sergisi-yarin-rustem-kitabevinde-acilacak\\\/#breadcrumb\",\"itemListElement\":[{\"@type\":\"ListItem\",\"position\":1,\"name\":\"Anasayfa\",\"item\":\"https:\\\/\\\/kuzeyinsesi.org\\\/\"},{\"@type\":\"ListItem\",\"position\":2,\"name\":\"M\u00fcnevver \u00d6zg\u00fcr \u00d6zersay\u2019\u0131n ilk ki\u015fisel sergisi yar\u0131n R\u00fcstem Kitabevi\u2019nde a\u00e7\u0131lacak\"}]},{\"@type\":\"WebSite\",\"@id\":\"https:\\\/\\\/kuzeyinsesi.org\\\/#website\",\"url\":\"https:\\\/\\\/kuzeyinsesi.org\\\/\",\"name\":\"Kuzeyin Sesi\",\"description\":\"Do\u011fru Haberin Adresi\",\"potentialAction\":[{\"@type\":\"SearchAction\",\"target\":{\"@type\":\"EntryPoint\",\"urlTemplate\":\"https:\\\/\\\/kuzeyinsesi.org\\\/?s={search_term_string}\"},\"query-input\":{\"@type\":\"PropertyValueSpecification\",\"valueRequired\":true,\"valueName\":\"search_term_string\"}}],\"inLanguage\":\"tr\"},{\"@type\":\"Person\",\"@id\":\"https:\\\/\\\/kuzeyinsesi.org\\\/#\\\/schema\\\/person\\\/9f859689cdf01485597712386e37f5aa\",\"name\":\"Kuzeyin Sesi\",\"image\":{\"@type\":\"ImageObject\",\"inLanguage\":\"tr\",\"@id\":\"https:\\\/\\\/secure.gravatar.com\\\/avatar\\\/bab33852abfd8b282518d6ed81826833d77c3c882d9ab608add591ccace47a44?s=96&d=mm&r=g\",\"url\":\"https:\\\/\\\/secure.gravatar.com\\\/avatar\\\/bab33852abfd8b282518d6ed81826833d77c3c882d9ab608add591ccace47a44?s=96&d=mm&r=g\",\"contentUrl\":\"https:\\\/\\\/secure.gravatar.com\\\/avatar\\\/bab33852abfd8b282518d6ed81826833d77c3c882d9ab608add591ccace47a44?s=96&d=mm&r=g\",\"caption\":\"Kuzeyin Sesi\"},\"sameAs\":[\"https:\\\/\\\/kuzeyinsesi.org\"],\"url\":\"https:\\\/\\\/kuzeyinsesi.org\\\/index.php\\\/author\\\/guven\\\/\"}]}<\/script>\n<!-- \/ Yoast SEO plugin. -->","yoast_head_json":{"title":"M\u00fcnevver \u00d6zg\u00fcr \u00d6zersay\u2019\u0131n ilk ki\u015fisel sergisi yar\u0131n R\u00fcstem Kitabevi\u2019nde a\u00e7\u0131lacak - Kuzeyin Sesi","robots":{"index":"index","follow":"follow","max-snippet":"max-snippet:-1","max-image-preview":"max-image-preview:large","max-video-preview":"max-video-preview:-1"},"canonical":"https:\/\/kuzeyinsesi.org\/index.php\/2024\/10\/20\/munevver-ozgur-ozersayin-ilk-kisisel-sergisi-yarin-rustem-kitabevinde-acilacak\/","og_locale":"tr_TR","og_type":"article","og_title":"M\u00fcnevver \u00d6zg\u00fcr \u00d6zersay\u2019\u0131n ilk ki\u015fisel sergisi yar\u0131n R\u00fcstem Kitabevi\u2019nde a\u00e7\u0131lacak - Kuzeyin Sesi","og_description":"Mimar M\u00fcnevver \u00d6zg\u00fcr \u00d6zersay\u2019\u0131n ilk ki\u015fisel servisi \u201cNe ise o\u201d yar\u0131n R\u00fcstem Kitabevi\u2019nde izlenime a\u00e7\u0131l\u0131yor. T\u00fcm geliri SOS \u00c7ocukk\u00f6y\u00fc\u2019ne ba\u011f\u0131\u015flanacak serginin a\u00e7\u0131l\u0131\u015f\u0131 saat 19.00\u2019da yap\u0131lacak. \u00d6zersay, sergisini \u201c\u0130\u00e7imizde bir\u00e7ok ses, bir\u00e7ok par\u00e7ac\u0131k ile bir arada ya\u015f\u0131yoruz. Ben ressam de\u011filim. Ama i\u00e7imdeki \u00e7ocuklardan birinin -muhtemelen resim yapmay\u0131 \u00e7ok seven ve sava\u015flar\u0131 hi\u00e7 sevmeyen ve bunu yedi [&hellip;]","og_url":"https:\/\/kuzeyinsesi.org\/index.php\/2024\/10\/20\/munevver-ozgur-ozersayin-ilk-kisisel-sergisi-yarin-rustem-kitabevinde-acilacak\/","og_site_name":"Kuzeyin Sesi","article_publisher":"https:\/\/www.facebook.com\/kuzeyinsesii","article_published_time":"2024-10-20T13:57:56+00:00","og_image":[{"url":"https:\/\/brtk.net\/wp-content\/uploads\/2024\/10\/20\/sergi10.jpg?ver=edbdcd155c2950141e04aa30f4c64983","type":"","width":"","height":""}],"author":"Kuzeyin Sesi","twitter_card":"summary_large_image","twitter_creator":"@kuzeyinsesii","twitter_site":"@kuzeyinsesii","twitter_misc":{"Yazan:":"Kuzeyin Sesi","Tahmini okuma s\u00fcresi":"1 dakika"},"schema":{"@context":"https:\/\/schema.org","@graph":[{"@type":"Article","@id":"https:\/\/kuzeyinsesi.org\/index.php\/2024\/10\/20\/munevver-ozgur-ozersayin-ilk-kisisel-sergisi-yarin-rustem-kitabevinde-acilacak\/#article","isPartOf":{"@id":"https:\/\/kuzeyinsesi.org\/index.php\/2024\/10\/20\/munevver-ozgur-ozersayin-ilk-kisisel-sergisi-yarin-rustem-kitabevinde-acilacak\/"},"author":{"name":"Kuzeyin Sesi","@id":"https:\/\/kuzeyinsesi.org\/#\/schema\/person\/9f859689cdf01485597712386e37f5aa"},"headline":"M\u00fcnevver \u00d6zg\u00fcr \u00d6zersay\u2019\u0131n ilk ki\u015fisel sergisi yar\u0131n R\u00fcstem Kitabevi\u2019nde a\u00e7\u0131lacak","datePublished":"2024-10-20T13:57:56+00:00","mainEntityOfPage":{"@id":"https:\/\/kuzeyinsesi.org\/index.php\/2024\/10\/20\/munevver-ozgur-ozersayin-ilk-kisisel-sergisi-yarin-rustem-kitabevinde-acilacak\/"},"wordCount":158,"commentCount":0,"image":{"@id":"https:\/\/kuzeyinsesi.org\/index.php\/2024\/10\/20\/munevver-ozgur-ozersayin-ilk-kisisel-sergisi-yarin-rustem-kitabevinde-acilacak\/#primaryimage"},"thumbnailUrl":"https:\/\/kuzeyinsesi.org\/wp-content\/uploads\/2024\/10\/sergi10.jpg","articleSection":["Ya\u015fam"],"inLanguage":"tr","potentialAction":[{"@type":"CommentAction","name":"Comment","target":["https:\/\/kuzeyinsesi.org\/index.php\/2024\/10\/20\/munevver-ozgur-ozersayin-ilk-kisisel-sergisi-yarin-rustem-kitabevinde-acilacak\/#respond"]}]},{"@type":"WebPage","@id":"https:\/\/kuzeyinsesi.org\/index.php\/2024\/10\/20\/munevver-ozgur-ozersayin-ilk-kisisel-sergisi-yarin-rustem-kitabevinde-acilacak\/","url":"https:\/\/kuzeyinsesi.org\/index.php\/2024\/10\/20\/munevver-ozgur-ozersayin-ilk-kisisel-sergisi-yarin-rustem-kitabevinde-acilacak\/","name":"M\u00fcnevver \u00d6zg\u00fcr \u00d6zersay\u2019\u0131n ilk ki\u015fisel sergisi yar\u0131n R\u00fcstem Kitabevi\u2019nde a\u00e7\u0131lacak - Kuzeyin Sesi","isPartOf":{"@id":"https:\/\/kuzeyinsesi.org\/#website"},"primaryImageOfPage":{"@id":"https:\/\/kuzeyinsesi.org\/index.php\/2024\/10\/20\/munevver-ozgur-ozersayin-ilk-kisisel-sergisi-yarin-rustem-kitabevinde-acilacak\/#primaryimage"},"image":{"@id":"https:\/\/kuzeyinsesi.org\/index.php\/2024\/10\/20\/munevver-ozgur-ozersayin-ilk-kisisel-sergisi-yarin-rustem-kitabevinde-acilacak\/#primaryimage"},"thumbnailUrl":"https:\/\/kuzeyinsesi.org\/wp-content\/uploads\/2024\/10\/sergi10.jpg","datePublished":"2024-10-20T13:57:56+00:00","author":{"@id":"https:\/\/kuzeyinsesi.org\/#\/schema\/person\/9f859689cdf01485597712386e37f5aa"},"breadcrumb":{"@id":"https:\/\/kuzeyinsesi.org\/index.php\/2024\/10\/20\/munevver-ozgur-ozersayin-ilk-kisisel-sergisi-yarin-rustem-kitabevinde-acilacak\/#breadcrumb"},"inLanguage":"tr","potentialAction":[{"@type":"ReadAction","target":["https:\/\/kuzeyinsesi.org\/index.php\/2024\/10\/20\/munevver-ozgur-ozersayin-ilk-kisisel-sergisi-yarin-rustem-kitabevinde-acilacak\/"]}]},{"@type":"ImageObject","inLanguage":"tr","@id":"https:\/\/kuzeyinsesi.org\/index.php\/2024\/10\/20\/munevver-ozgur-ozersayin-ilk-kisisel-sergisi-yarin-rustem-kitabevinde-acilacak\/#primaryimage","url":"https:\/\/kuzeyinsesi.org\/wp-content\/uploads\/2024\/10\/sergi10.jpg","contentUrl":"https:\/\/kuzeyinsesi.org\/wp-content\/uploads\/2024\/10\/sergi10.jpg","width":2048,"height":1072},{"@type":"BreadcrumbList","@id":"https:\/\/kuzeyinsesi.org\/index.php\/2024\/10\/20\/munevver-ozgur-ozersayin-ilk-kisisel-sergisi-yarin-rustem-kitabevinde-acilacak\/#breadcrumb","itemListElement":[{"@type":"ListItem","position":1,"name":"Anasayfa","item":"https:\/\/kuzeyinsesi.org\/"},{"@type":"ListItem","position":2,"name":"M\u00fcnevver \u00d6zg\u00fcr \u00d6zersay\u2019\u0131n ilk ki\u015fisel sergisi yar\u0131n R\u00fcstem Kitabevi\u2019nde a\u00e7\u0131lacak"}]},{"@type":"WebSite","@id":"https:\/\/kuzeyinsesi.org\/#website","url":"https:\/\/kuzeyinsesi.org\/","name":"Kuzeyin Sesi","description":"Do\u011fru Haberin Adresi","potentialAction":[{"@type":"SearchAction","target":{"@type":"EntryPoint","urlTemplate":"https:\/\/kuzeyinsesi.org\/?s={search_term_string}"},"query-input":{"@type":"PropertyValueSpecification","valueRequired":true,"valueName":"search_term_string"}}],"inLanguage":"tr"},{"@type":"Person","@id":"https:\/\/kuzeyinsesi.org\/#\/schema\/person\/9f859689cdf01485597712386e37f5aa","name":"Kuzeyin Sesi","image":{"@type":"ImageObject","inLanguage":"tr","@id":"https:\/\/secure.gravatar.com\/avatar\/bab33852abfd8b282518d6ed81826833d77c3c882d9ab608add591ccace47a44?s=96&d=mm&r=g","url":"https:\/\/secure.gravatar.com\/avatar\/bab33852abfd8b282518d6ed81826833d77c3c882d9ab608add591ccace47a44?s=96&d=mm&r=g","contentUrl":"https:\/\/secure.gravatar.com\/avatar\/bab33852abfd8b282518d6ed81826833d77c3c882d9ab608add591ccace47a44?s=96&d=mm&r=g","caption":"Kuzeyin Sesi"},"sameAs":["https:\/\/kuzeyinsesi.org"],"url":"https:\/\/kuzeyinsesi.org\/index.php\/author\/guven\/"}]}},"_links":{"self":[{"href":"https:\/\/kuzeyinsesi.org\/index.php\/wp-json\/wp\/v2\/posts\/11958","targetHints":{"allow":["GET"]}}],"collection":[{"href":"https:\/\/kuzeyinsesi.org\/index.php\/wp-json\/wp\/v2\/posts"}],"about":[{"href":"https:\/\/kuzeyinsesi.org\/index.php\/wp-json\/wp\/v2\/types\/post"}],"author":[{"embeddable":true,"href":"https:\/\/kuzeyinsesi.org\/index.php\/wp-json\/wp\/v2\/users\/1"}],"replies":[{"embeddable":true,"href":"https:\/\/kuzeyinsesi.org\/index.php\/wp-json\/wp\/v2\/comments?post=11958"}],"version-history":[{"count":0,"href":"https:\/\/kuzeyinsesi.org\/index.php\/wp-json\/wp\/v2\/posts\/11958\/revisions"}],"wp:featuredmedia":[{"embeddable":true,"href":"https:\/\/kuzeyinsesi.org\/index.php\/wp-json\/wp\/v2\/media\/11959"}],"wp:attachment":[{"href":"https:\/\/kuzeyinsesi.org\/index.php\/wp-json\/wp\/v2\/media?parent=11958"}],"wp:term":[{"taxonomy":"category","embeddable":true,"href":"https:\/\/kuzeyinsesi.org\/index.php\/wp-json\/wp\/v2\/categories?post=11958"},{"taxonomy":"post_tag","embeddable":true,"href":"https:\/\/kuzeyinsesi.org\/index.php\/wp-json\/wp\/v2\/tags?post=11958"}],"curies":[{"name":"wp","href":"https:\/\/api.w.org\/{rel}","templated":true}]}}