{"id":1190,"date":"2024-05-02T10:17:26","date_gmt":"2024-05-02T07:17:26","guid":{"rendered":"https:\/\/kuzeyinsesi.com\/index.php\/2024\/05\/02\/simsek-oecd-bakanlar-konseyi-toplantisi-icin-pariste\/"},"modified":"2024-05-02T10:17:26","modified_gmt":"2024-05-02T07:17:26","slug":"simsek-oecd-bakanlar-konseyi-toplantisi-icin-pariste","status":"publish","type":"post","link":"https:\/\/kuzeyinsesi.org\/index.php\/2024\/05\/02\/simsek-oecd-bakanlar-konseyi-toplantisi-icin-pariste\/","title":{"rendered":"\u015eim\u015fek, OECD Bakanlar Konseyi Toplant\u0131s\u0131 i\u00e7in Paris\u2019te"},"content":{"rendered":"<div>\n<div class=\"mariselle-image-container center\">\n                                            <\/div>\n<p>T\u00fcrkiye Hazine ve Maliye Bakan\u0131 Mehmet \u015eim\u015fek, Paris\u2019te d\u00fczenlenen OECD Bakanlar Konseyi Toplant\u0131s\u0131\u2019na kat\u0131lacak.<\/p>\n<p> \u015eim\u015fek, bu sabah Fransa\u2019n\u0131n ba\u015fkenti Paris\u2019e gitti.<\/p>\n<p>\u015eim\u015fek, OECD Bakanlar Konseyi Toplant\u0131s\u0131\u2019na i\u015ftirak edecek ve iki ayr\u0131 oturumda konu\u015fma yapacak.<\/p>\n<\/p><\/div>\n<p><script async\n                    defer\n                    crossorigin=\"anonymous\"\n                    src=\"https:\/\/connect.facebook.net\/tr_TR\/sdk.js#xfbml=1&#038;version=v3.3\"\n            ><\/script><\/p>\n","protected":false},"excerpt":{"rendered":"<p>T\u00fcrkiye Hazine ve Maliye Bakan\u0131 Mehmet \u015eim\u015fek, Paris\u2019te d\u00fczenlenen OECD Bakanlar Konseyi Toplant\u0131s\u0131\u2019na kat\u0131lacak. \u015eim\u015fek, bu sabah Fransa\u2019n\u0131n ba\u015fkenti Paris\u2019e gitti. \u015eim\u015fek, OECD Bakanlar Konseyi Toplant\u0131s\u0131\u2019na i\u015ftirak edecek ve iki ayr\u0131 oturumda konu\u015fma yapacak.<\/p>\n","protected":false},"author":1,"featured_media":1191,"comment_status":"open","ping_status":"open","sticky":false,"template":"","format":"standard","meta":{"jnews-multi-image_gallery":[],"jnews_single_post":[],"jnews_primary_category":[],"jnews_social_meta":[],"jnews_override_counter":[],"footnotes":""},"categories":[5],"tags":[],"class_list":["post-1190","post","type-post","status-publish","format-standard","has-post-thumbnail","hentry","category-turkiye"],"yoast_head":"<!-- This site is optimized with the Yoast SEO plugin v27.5 - https:\/\/yoast.com\/product\/yoast-seo-wordpress\/ -->\n<title>\u015eim\u015fek, OECD Bakanlar Konseyi Toplant\u0131s\u0131 i\u00e7in Paris\u2019te - Kuzeyin Sesi<\/title>\n<meta name=\"robots\" content=\"index, follow, max-snippet:-1, max-image-preview:large, max-video-preview:-1\" \/>\n<link rel=\"canonical\" href=\"https:\/\/kuzeyinsesi.org\/index.php\/2024\/05\/02\/simsek-oecd-bakanlar-konseyi-toplantisi-icin-pariste\/\" \/>\n<meta property=\"og:locale\" content=\"tr_TR\" \/>\n<meta property=\"og:type\" content=\"article\" \/>\n<meta property=\"og:title\" content=\"\u015eim\u015fek, OECD Bakanlar Konseyi Toplant\u0131s\u0131 i\u00e7in Paris\u2019te - Kuzeyin Sesi\" \/>\n<meta property=\"og:description\" content=\"T\u00fcrkiye Hazine ve Maliye Bakan\u0131 Mehmet \u015eim\u015fek, Paris\u2019te d\u00fczenlenen OECD Bakanlar Konseyi Toplant\u0131s\u0131\u2019na kat\u0131lacak. \u015eim\u015fek, bu sabah Fransa\u2019n\u0131n ba\u015fkenti Paris\u2019e gitti. \u015eim\u015fek, OECD Bakanlar Konseyi Toplant\u0131s\u0131\u2019na i\u015ftirak edecek ve iki ayr\u0131 oturumda konu\u015fma yapacak.\" \/>\n<meta property=\"og:url\" content=\"https:\/\/kuzeyinsesi.org\/index.php\/2024\/05\/02\/simsek-oecd-bakanlar-konseyi-toplantisi-icin-pariste\/\" \/>\n<meta property=\"og:site_name\" content=\"Kuzeyin Sesi\" \/>\n<meta property=\"article:publisher\" content=\"https:\/\/www.facebook.com\/kuzeyinsesii\" \/>\n<meta property=\"article:published_time\" content=\"2024-05-02T07:17:26+00:00\" \/>\n<meta property=\"og:image\" content=\"https:\/\/kuzeyinsesi.org\/wp-content\/uploads\/2024\/05\/bakan-simsek-suudi-arabistan-ile-yatirimlarin-gelistirilmesi-yonunde-samimi-bir-istege-tanik-olduk-gt59.jpg\" \/>\n\t<meta property=\"og:image:width\" content=\"1280\" \/>\n\t<meta property=\"og:image:height\" content=\"720\" \/>\n\t<meta property=\"og:image:type\" content=\"image\/jpeg\" \/>\n<meta name=\"author\" content=\"Kuzeyin Sesi\" \/>\n<meta name=\"twitter:card\" content=\"summary_large_image\" \/>\n<meta name=\"twitter:creator\" content=\"@kuzeyinsesii\" \/>\n<meta name=\"twitter:site\" content=\"@kuzeyinsesii\" \/>\n<meta name=\"twitter:label1\" content=\"Yazan:\" \/>\n\t<meta name=\"twitter:data1\" content=\"Kuzeyin Sesi\" \/>\n<script type=\"application\/ld+json\" class=\"yoast-schema-graph\">{\"@context\":\"https:\\\/\\\/schema.org\",\"@graph\":[{\"@type\":\"Article\",\"@id\":\"https:\\\/\\\/kuzeyinsesi.org\\\/index.php\\\/2024\\\/05\\\/02\\\/simsek-oecd-bakanlar-konseyi-toplantisi-icin-pariste\\\/#article\",\"isPartOf\":{\"@id\":\"https:\\\/\\\/kuzeyinsesi.org\\\/index.php\\\/2024\\\/05\\\/02\\\/simsek-oecd-bakanlar-konseyi-toplantisi-icin-pariste\\\/\"},\"author\":{\"name\":\"Kuzeyin Sesi\",\"@id\":\"https:\\\/\\\/kuzeyinsesi.org\\\/#\\\/schema\\\/person\\\/9f859689cdf01485597712386e37f5aa\"},\"headline\":\"\u015eim\u015fek, OECD Bakanlar Konseyi Toplant\u0131s\u0131 i\u00e7in Paris\u2019te\",\"datePublished\":\"2024-05-02T07:17:26+00:00\",\"mainEntityOfPage\":{\"@id\":\"https:\\\/\\\/kuzeyinsesi.org\\\/index.php\\\/2024\\\/05\\\/02\\\/simsek-oecd-bakanlar-konseyi-toplantisi-icin-pariste\\\/\"},\"wordCount\":62,\"commentCount\":0,\"image\":{\"@id\":\"https:\\\/\\\/kuzeyinsesi.org\\\/index.php\\\/2024\\\/05\\\/02\\\/simsek-oecd-bakanlar-konseyi-toplantisi-icin-pariste\\\/#primaryimage\"},\"thumbnailUrl\":\"https:\\\/\\\/kuzeyinsesi.org\\\/wp-content\\\/uploads\\\/2024\\\/05\\\/bakan-simsek-suudi-arabistan-ile-yatirimlarin-gelistirilmesi-yonunde-samimi-bir-istege-tanik-olduk-gt59.jpg\",\"articleSection\":[\"T\u00fcrkiye\"],\"inLanguage\":\"tr\",\"potentialAction\":[{\"@type\":\"CommentAction\",\"name\":\"Comment\",\"target\":[\"https:\\\/\\\/kuzeyinsesi.org\\\/index.php\\\/2024\\\/05\\\/02\\\/simsek-oecd-bakanlar-konseyi-toplantisi-icin-pariste\\\/#respond\"]}]},{\"@type\":\"WebPage\",\"@id\":\"https:\\\/\\\/kuzeyinsesi.org\\\/index.php\\\/2024\\\/05\\\/02\\\/simsek-oecd-bakanlar-konseyi-toplantisi-icin-pariste\\\/\",\"url\":\"https:\\\/\\\/kuzeyinsesi.org\\\/index.php\\\/2024\\\/05\\\/02\\\/simsek-oecd-bakanlar-konseyi-toplantisi-icin-pariste\\\/\",\"name\":\"\u015eim\u015fek, OECD Bakanlar Konseyi Toplant\u0131s\u0131 i\u00e7in Paris\u2019te - Kuzeyin Sesi\",\"isPartOf\":{\"@id\":\"https:\\\/\\\/kuzeyinsesi.org\\\/#website\"},\"primaryImageOfPage\":{\"@id\":\"https:\\\/\\\/kuzeyinsesi.org\\\/index.php\\\/2024\\\/05\\\/02\\\/simsek-oecd-bakanlar-konseyi-toplantisi-icin-pariste\\\/#primaryimage\"},\"image\":{\"@id\":\"https:\\\/\\\/kuzeyinsesi.org\\\/index.php\\\/2024\\\/05\\\/02\\\/simsek-oecd-bakanlar-konseyi-toplantisi-icin-pariste\\\/#primaryimage\"},\"thumbnailUrl\":\"https:\\\/\\\/kuzeyinsesi.org\\\/wp-content\\\/uploads\\\/2024\\\/05\\\/bakan-simsek-suudi-arabistan-ile-yatirimlarin-gelistirilmesi-yonunde-samimi-bir-istege-tanik-olduk-gt59.jpg\",\"datePublished\":\"2024-05-02T07:17:26+00:00\",\"author\":{\"@id\":\"https:\\\/\\\/kuzeyinsesi.org\\\/#\\\/schema\\\/person\\\/9f859689cdf01485597712386e37f5aa\"},\"breadcrumb\":{\"@id\":\"https:\\\/\\\/kuzeyinsesi.org\\\/index.php\\\/2024\\\/05\\\/02\\\/simsek-oecd-bakanlar-konseyi-toplantisi-icin-pariste\\\/#breadcrumb\"},\"inLanguage\":\"tr\",\"potentialAction\":[{\"@type\":\"ReadAction\",\"target\":[\"https:\\\/\\\/kuzeyinsesi.org\\\/index.php\\\/2024\\\/05\\\/02\\\/simsek-oecd-bakanlar-konseyi-toplantisi-icin-pariste\\\/\"]}]},{\"@type\":\"ImageObject\",\"inLanguage\":\"tr\",\"@id\":\"https:\\\/\\\/kuzeyinsesi.org\\\/index.php\\\/2024\\\/05\\\/02\\\/simsek-oecd-bakanlar-konseyi-toplantisi-icin-pariste\\\/#primaryimage\",\"url\":\"https:\\\/\\\/kuzeyinsesi.org\\\/wp-content\\\/uploads\\\/2024\\\/05\\\/bakan-simsek-suudi-arabistan-ile-yatirimlarin-gelistirilmesi-yonunde-samimi-bir-istege-tanik-olduk-gt59.jpg\",\"contentUrl\":\"https:\\\/\\\/kuzeyinsesi.org\\\/wp-content\\\/uploads\\\/2024\\\/05\\\/bakan-simsek-suudi-arabistan-ile-yatirimlarin-gelistirilmesi-yonunde-samimi-bir-istege-tanik-olduk-gt59.jpg\",\"width\":1280,\"height\":720},{\"@type\":\"BreadcrumbList\",\"@id\":\"https:\\\/\\\/kuzeyinsesi.org\\\/index.php\\\/2024\\\/05\\\/02\\\/simsek-oecd-bakanlar-konseyi-toplantisi-icin-pariste\\\/#breadcrumb\",\"itemListElement\":[{\"@type\":\"ListItem\",\"position\":1,\"name\":\"Anasayfa\",\"item\":\"https:\\\/\\\/kuzeyinsesi.org\\\/\"},{\"@type\":\"ListItem\",\"position\":2,\"name\":\"\u015eim\u015fek, OECD Bakanlar Konseyi Toplant\u0131s\u0131 i\u00e7in Paris\u2019te\"}]},{\"@type\":\"WebSite\",\"@id\":\"https:\\\/\\\/kuzeyinsesi.org\\\/#website\",\"url\":\"https:\\\/\\\/kuzeyinsesi.org\\\/\",\"name\":\"Kuzeyin Sesi\",\"description\":\"Do\u011fru Haberin Adresi\",\"potentialAction\":[{\"@type\":\"SearchAction\",\"target\":{\"@type\":\"EntryPoint\",\"urlTemplate\":\"https:\\\/\\\/kuzeyinsesi.org\\\/?s={search_term_string}\"},\"query-input\":{\"@type\":\"PropertyValueSpecification\",\"valueRequired\":true,\"valueName\":\"search_term_string\"}}],\"inLanguage\":\"tr\"},{\"@type\":\"Person\",\"@id\":\"https:\\\/\\\/kuzeyinsesi.org\\\/#\\\/schema\\\/person\\\/9f859689cdf01485597712386e37f5aa\",\"name\":\"Kuzeyin Sesi\",\"image\":{\"@type\":\"ImageObject\",\"inLanguage\":\"tr\",\"@id\":\"https:\\\/\\\/secure.gravatar.com\\\/avatar\\\/bab33852abfd8b282518d6ed81826833d77c3c882d9ab608add591ccace47a44?s=96&d=mm&r=g\",\"url\":\"https:\\\/\\\/secure.gravatar.com\\\/avatar\\\/bab33852abfd8b282518d6ed81826833d77c3c882d9ab608add591ccace47a44?s=96&d=mm&r=g\",\"contentUrl\":\"https:\\\/\\\/secure.gravatar.com\\\/avatar\\\/bab33852abfd8b282518d6ed81826833d77c3c882d9ab608add591ccace47a44?s=96&d=mm&r=g\",\"caption\":\"Kuzeyin Sesi\"},\"sameAs\":[\"https:\\\/\\\/kuzeyinsesi.org\"],\"url\":\"https:\\\/\\\/kuzeyinsesi.org\\\/index.php\\\/author\\\/guven\\\/\"}]}<\/script>\n<!-- \/ Yoast SEO plugin. -->","yoast_head_json":{"title":"\u015eim\u015fek, OECD Bakanlar Konseyi Toplant\u0131s\u0131 i\u00e7in Paris\u2019te - Kuzeyin Sesi","robots":{"index":"index","follow":"follow","max-snippet":"max-snippet:-1","max-image-preview":"max-image-preview:large","max-video-preview":"max-video-preview:-1"},"canonical":"https:\/\/kuzeyinsesi.org\/index.php\/2024\/05\/02\/simsek-oecd-bakanlar-konseyi-toplantisi-icin-pariste\/","og_locale":"tr_TR","og_type":"article","og_title":"\u015eim\u015fek, OECD Bakanlar Konseyi Toplant\u0131s\u0131 i\u00e7in Paris\u2019te - Kuzeyin Sesi","og_description":"T\u00fcrkiye Hazine ve Maliye Bakan\u0131 Mehmet \u015eim\u015fek, Paris\u2019te d\u00fczenlenen OECD Bakanlar Konseyi Toplant\u0131s\u0131\u2019na kat\u0131lacak. \u015eim\u015fek, bu sabah Fransa\u2019n\u0131n ba\u015fkenti Paris\u2019e gitti. \u015eim\u015fek, OECD Bakanlar Konseyi Toplant\u0131s\u0131\u2019na i\u015ftirak edecek ve iki ayr\u0131 oturumda konu\u015fma yapacak.","og_url":"https:\/\/kuzeyinsesi.org\/index.php\/2024\/05\/02\/simsek-oecd-bakanlar-konseyi-toplantisi-icin-pariste\/","og_site_name":"Kuzeyin Sesi","article_publisher":"https:\/\/www.facebook.com\/kuzeyinsesii","article_published_time":"2024-05-02T07:17:26+00:00","og_image":[{"width":1280,"height":720,"url":"https:\/\/kuzeyinsesi.org\/wp-content\/uploads\/2024\/05\/bakan-simsek-suudi-arabistan-ile-yatirimlarin-gelistirilmesi-yonunde-samimi-bir-istege-tanik-olduk-gt59.jpg","type":"image\/jpeg"}],"author":"Kuzeyin Sesi","twitter_card":"summary_large_image","twitter_creator":"@kuzeyinsesii","twitter_site":"@kuzeyinsesii","twitter_misc":{"Yazan:":"Kuzeyin Sesi"},"schema":{"@context":"https:\/\/schema.org","@graph":[{"@type":"Article","@id":"https:\/\/kuzeyinsesi.org\/index.php\/2024\/05\/02\/simsek-oecd-bakanlar-konseyi-toplantisi-icin-pariste\/#article","isPartOf":{"@id":"https:\/\/kuzeyinsesi.org\/index.php\/2024\/05\/02\/simsek-oecd-bakanlar-konseyi-toplantisi-icin-pariste\/"},"author":{"name":"Kuzeyin Sesi","@id":"https:\/\/kuzeyinsesi.org\/#\/schema\/person\/9f859689cdf01485597712386e37f5aa"},"headline":"\u015eim\u015fek, OECD Bakanlar Konseyi Toplant\u0131s\u0131 i\u00e7in Paris\u2019te","datePublished":"2024-05-02T07:17:26+00:00","mainEntityOfPage":{"@id":"https:\/\/kuzeyinsesi.org\/index.php\/2024\/05\/02\/simsek-oecd-bakanlar-konseyi-toplantisi-icin-pariste\/"},"wordCount":62,"commentCount":0,"image":{"@id":"https:\/\/kuzeyinsesi.org\/index.php\/2024\/05\/02\/simsek-oecd-bakanlar-konseyi-toplantisi-icin-pariste\/#primaryimage"},"thumbnailUrl":"https:\/\/kuzeyinsesi.org\/wp-content\/uploads\/2024\/05\/bakan-simsek-suudi-arabistan-ile-yatirimlarin-gelistirilmesi-yonunde-samimi-bir-istege-tanik-olduk-gt59.jpg","articleSection":["T\u00fcrkiye"],"inLanguage":"tr","potentialAction":[{"@type":"CommentAction","name":"Comment","target":["https:\/\/kuzeyinsesi.org\/index.php\/2024\/05\/02\/simsek-oecd-bakanlar-konseyi-toplantisi-icin-pariste\/#respond"]}]},{"@type":"WebPage","@id":"https:\/\/kuzeyinsesi.org\/index.php\/2024\/05\/02\/simsek-oecd-bakanlar-konseyi-toplantisi-icin-pariste\/","url":"https:\/\/kuzeyinsesi.org\/index.php\/2024\/05\/02\/simsek-oecd-bakanlar-konseyi-toplantisi-icin-pariste\/","name":"\u015eim\u015fek, OECD Bakanlar Konseyi Toplant\u0131s\u0131 i\u00e7in Paris\u2019te - Kuzeyin Sesi","isPartOf":{"@id":"https:\/\/kuzeyinsesi.org\/#website"},"primaryImageOfPage":{"@id":"https:\/\/kuzeyinsesi.org\/index.php\/2024\/05\/02\/simsek-oecd-bakanlar-konseyi-toplantisi-icin-pariste\/#primaryimage"},"image":{"@id":"https:\/\/kuzeyinsesi.org\/index.php\/2024\/05\/02\/simsek-oecd-bakanlar-konseyi-toplantisi-icin-pariste\/#primaryimage"},"thumbnailUrl":"https:\/\/kuzeyinsesi.org\/wp-content\/uploads\/2024\/05\/bakan-simsek-suudi-arabistan-ile-yatirimlarin-gelistirilmesi-yonunde-samimi-bir-istege-tanik-olduk-gt59.jpg","datePublished":"2024-05-02T07:17:26+00:00","author":{"@id":"https:\/\/kuzeyinsesi.org\/#\/schema\/person\/9f859689cdf01485597712386e37f5aa"},"breadcrumb":{"@id":"https:\/\/kuzeyinsesi.org\/index.php\/2024\/05\/02\/simsek-oecd-bakanlar-konseyi-toplantisi-icin-pariste\/#breadcrumb"},"inLanguage":"tr","potentialAction":[{"@type":"ReadAction","target":["https:\/\/kuzeyinsesi.org\/index.php\/2024\/05\/02\/simsek-oecd-bakanlar-konseyi-toplantisi-icin-pariste\/"]}]},{"@type":"ImageObject","inLanguage":"tr","@id":"https:\/\/kuzeyinsesi.org\/index.php\/2024\/05\/02\/simsek-oecd-bakanlar-konseyi-toplantisi-icin-pariste\/#primaryimage","url":"https:\/\/kuzeyinsesi.org\/wp-content\/uploads\/2024\/05\/bakan-simsek-suudi-arabistan-ile-yatirimlarin-gelistirilmesi-yonunde-samimi-bir-istege-tanik-olduk-gt59.jpg","contentUrl":"https:\/\/kuzeyinsesi.org\/wp-content\/uploads\/2024\/05\/bakan-simsek-suudi-arabistan-ile-yatirimlarin-gelistirilmesi-yonunde-samimi-bir-istege-tanik-olduk-gt59.jpg","width":1280,"height":720},{"@type":"BreadcrumbList","@id":"https:\/\/kuzeyinsesi.org\/index.php\/2024\/05\/02\/simsek-oecd-bakanlar-konseyi-toplantisi-icin-pariste\/#breadcrumb","itemListElement":[{"@type":"ListItem","position":1,"name":"Anasayfa","item":"https:\/\/kuzeyinsesi.org\/"},{"@type":"ListItem","position":2,"name":"\u015eim\u015fek, OECD Bakanlar Konseyi Toplant\u0131s\u0131 i\u00e7in Paris\u2019te"}]},{"@type":"WebSite","@id":"https:\/\/kuzeyinsesi.org\/#website","url":"https:\/\/kuzeyinsesi.org\/","name":"Kuzeyin Sesi","description":"Do\u011fru Haberin Adresi","potentialAction":[{"@type":"SearchAction","target":{"@type":"EntryPoint","urlTemplate":"https:\/\/kuzeyinsesi.org\/?s={search_term_string}"},"query-input":{"@type":"PropertyValueSpecification","valueRequired":true,"valueName":"search_term_string"}}],"inLanguage":"tr"},{"@type":"Person","@id":"https:\/\/kuzeyinsesi.org\/#\/schema\/person\/9f859689cdf01485597712386e37f5aa","name":"Kuzeyin Sesi","image":{"@type":"ImageObject","inLanguage":"tr","@id":"https:\/\/secure.gravatar.com\/avatar\/bab33852abfd8b282518d6ed81826833d77c3c882d9ab608add591ccace47a44?s=96&d=mm&r=g","url":"https:\/\/secure.gravatar.com\/avatar\/bab33852abfd8b282518d6ed81826833d77c3c882d9ab608add591ccace47a44?s=96&d=mm&r=g","contentUrl":"https:\/\/secure.gravatar.com\/avatar\/bab33852abfd8b282518d6ed81826833d77c3c882d9ab608add591ccace47a44?s=96&d=mm&r=g","caption":"Kuzeyin Sesi"},"sameAs":["https:\/\/kuzeyinsesi.org"],"url":"https:\/\/kuzeyinsesi.org\/index.php\/author\/guven\/"}]}},"_links":{"self":[{"href":"https:\/\/kuzeyinsesi.org\/index.php\/wp-json\/wp\/v2\/posts\/1190","targetHints":{"allow":["GET"]}}],"collection":[{"href":"https:\/\/kuzeyinsesi.org\/index.php\/wp-json\/wp\/v2\/posts"}],"about":[{"href":"https:\/\/kuzeyinsesi.org\/index.php\/wp-json\/wp\/v2\/types\/post"}],"author":[{"embeddable":true,"href":"https:\/\/kuzeyinsesi.org\/index.php\/wp-json\/wp\/v2\/users\/1"}],"replies":[{"embeddable":true,"href":"https:\/\/kuzeyinsesi.org\/index.php\/wp-json\/wp\/v2\/comments?post=1190"}],"version-history":[{"count":0,"href":"https:\/\/kuzeyinsesi.org\/index.php\/wp-json\/wp\/v2\/posts\/1190\/revisions"}],"wp:featuredmedia":[{"embeddable":true,"href":"https:\/\/kuzeyinsesi.org\/index.php\/wp-json\/wp\/v2\/media\/1191"}],"wp:attachment":[{"href":"https:\/\/kuzeyinsesi.org\/index.php\/wp-json\/wp\/v2\/media?parent=1190"}],"wp:term":[{"taxonomy":"category","embeddable":true,"href":"https:\/\/kuzeyinsesi.org\/index.php\/wp-json\/wp\/v2\/categories?post=1190"},{"taxonomy":"post_tag","embeddable":true,"href":"https:\/\/kuzeyinsesi.org\/index.php\/wp-json\/wp\/v2\/tags?post=1190"}],"curies":[{"name":"wp","href":"https:\/\/api.w.org\/{rel}","templated":true}]}}