{"id":11876,"date":"2024-10-18T19:28:27","date_gmt":"2024-10-18T16:28:27","guid":{"rendered":"https:\/\/kuzeyinsesi.org\/index.php\/2024\/10\/18\/cumhurbaskani-ersin-tatarin-esi-sibel-tatar-istanbul-akmdeki-sergileri-gezdi\/"},"modified":"2024-10-18T19:28:27","modified_gmt":"2024-10-18T16:28:27","slug":"cumhurbaskani-ersin-tatarin-esi-sibel-tatar-istanbul-akmdeki-sergileri-gezdi","status":"publish","type":"post","link":"https:\/\/kuzeyinsesi.org\/index.php\/2024\/10\/18\/cumhurbaskani-ersin-tatarin-esi-sibel-tatar-istanbul-akmdeki-sergileri-gezdi\/","title":{"rendered":"Cumhurba\u015fkan\u0131 Ersin Tatar\u2019\u0131n e\u015fi Sibel Tatar, \u0130stanbul AKM\u2019deki sergileri gezdi"},"content":{"rendered":"<div>\n<div class=\"mariselle-image-container center\">\n                                            <\/div>\n<p>Cumhurba\u015fkan\u0131 Ersin Tatar\u2018\u0131n e\u015fi Sibel Tatar, \u0130stanbul K\u00fclt\u00fcr Yolu Festivali kapsam\u0131nda Atat\u00fcrk K\u00fclt\u00fcr Merkezi\u2019nde a\u00e7\u0131lan sergileri ziyaret etti.<\/p>\n<p>\u0130stanbul Vali Yard\u0131mc\u0131s\u0131 Serap \u00d6zmen ile KKTC Konsolosu Fatma Demirci\u2019nin e\u015flik etti\u011fi Tatar, \u201cWarhol\u2019un D\u00fcnyas\u0131-Pop Art\u2019\u0131n \u0130konu\u201d ile \u201cPablo Picasso-Resimden Serami\u011fe Bir Ser\u00fcven\u201d sergilerini inceledi.<\/p>\n<p>Ziyaretin ard\u0131ndan AA muhabirine a\u00e7\u0131klamada bulunan Tatar, sergileri \u00e7ok be\u011fendi\u011fini belirterek, \u201cAKM\u2019de olmak \u00e7ok g\u00fczel. B\u00fct\u00fcn arac\u0131 olanlar\u0131 tebrik ediyorum. Picasso\u2019nun ve Andy Warhol\u2019un burada sergilenmesi b\u00fcy\u00fck bir g\u00fczellik. Ben de burada olmaktan b\u00fcy\u00fck bir zevk ald\u0131m.\u201d dedi.<\/p>\n<p>Sibel Tatar, Picasso hayran\u0131 oldu\u011funa dikkati \u00e7ekerek, \u201cSanatseverler mutlaka seyretsin. Daha \u00e7ok sanat\u00e7\u0131n\u0131n sergilerinin gelece\u011fini duydum. Takip etmek istiyorum. Bir \u00e7a\u011fr\u0131 yapm\u0131\u015f olay\u0131m. T\u00fcm sanatseverler muhakkak gelsin, ziyaret etsin. Hatta sanatsever olmad\u0131\u011f\u0131n\u0131 zannedenler bile bu sergilere gelirse bence sanatsever olacaklard\u0131r.\u201d \u015feklinde konu\u015ftu.<\/p>\n<p>Picasso\u2019nun k\u00fcbizm ak\u0131m\u0131 alt\u0131nda yapt\u0131\u011f\u0131 eserleri \u00e7ok be\u011fendi\u011finin alt\u0131n\u0131 \u00e7izen Tatar, Picasso ve Andy Warhol\u2019un \u00e7ok \u00fcretken sanat\u00e7\u0131lar oldu\u011funu g\u00f6rd\u00fc\u011f\u00fcn\u00fc s\u00f6yledi.<\/p>\n<p>Sergiler, 31 Aral\u0131k\u2019a kadar g\u00f6r\u00fclebilecek.<\/p>\n<\/p><\/div>\n<p><script async\n                    defer\n                    crossorigin=\"anonymous\"\n                    src=\"https:\/\/connect.facebook.net\/tr_TR\/sdk.js#xfbml=1&#038;version=v3.3\"\n            ><\/script><\/p>\n","protected":false},"excerpt":{"rendered":"<p>Cumhurba\u015fkan\u0131 Ersin Tatar\u2018\u0131n e\u015fi Sibel Tatar, \u0130stanbul K\u00fclt\u00fcr Yolu Festivali kapsam\u0131nda Atat\u00fcrk K\u00fclt\u00fcr Merkezi\u2019nde a\u00e7\u0131lan sergileri ziyaret etti. \u0130stanbul Vali Yard\u0131mc\u0131s\u0131 Serap \u00d6zmen ile KKTC Konsolosu Fatma Demirci\u2019nin e\u015flik etti\u011fi Tatar, \u201cWarhol\u2019un D\u00fcnyas\u0131-Pop Art\u2019\u0131n \u0130konu\u201d ile \u201cPablo Picasso-Resimden Serami\u011fe Bir Ser\u00fcven\u201d sergilerini inceledi. Ziyaretin ard\u0131ndan AA muhabirine a\u00e7\u0131klamada bulunan Tatar, sergileri \u00e7ok be\u011fendi\u011fini belirterek, \u201cAKM\u2019de [&hellip;]<\/p>\n","protected":false},"author":1,"featured_media":11877,"comment_status":"open","ping_status":"open","sticky":false,"template":"","format":"standard","meta":{"jnews-multi-image_gallery":[],"jnews_single_post":[],"jnews_primary_category":[],"jnews_social_meta":[],"jnews_override_counter":[],"footnotes":""},"categories":[6],"tags":[],"class_list":["post-11876","post","type-post","status-publish","format-standard","has-post-thumbnail","hentry","category-yasam"],"yoast_head":"<!-- This site is optimized with the Yoast SEO plugin v27.4 - https:\/\/yoast.com\/product\/yoast-seo-wordpress\/ -->\n<title>Cumhurba\u015fkan\u0131 Ersin Tatar\u2019\u0131n e\u015fi Sibel Tatar, \u0130stanbul AKM\u2019deki sergileri gezdi - Kuzeyin Sesi<\/title>\n<meta name=\"robots\" content=\"index, follow, max-snippet:-1, max-image-preview:large, max-video-preview:-1\" \/>\n<link rel=\"canonical\" href=\"https:\/\/kuzeyinsesi.org\/index.php\/2024\/10\/18\/cumhurbaskani-ersin-tatarin-esi-sibel-tatar-istanbul-akmdeki-sergileri-gezdi\/\" \/>\n<meta property=\"og:locale\" content=\"tr_TR\" \/>\n<meta property=\"og:type\" content=\"article\" \/>\n<meta property=\"og:title\" content=\"Cumhurba\u015fkan\u0131 Ersin Tatar\u2019\u0131n e\u015fi Sibel Tatar, \u0130stanbul AKM\u2019deki sergileri gezdi - Kuzeyin Sesi\" \/>\n<meta property=\"og:description\" content=\"Cumhurba\u015fkan\u0131 Ersin Tatar\u2018\u0131n e\u015fi Sibel Tatar, \u0130stanbul K\u00fclt\u00fcr Yolu Festivali kapsam\u0131nda Atat\u00fcrk K\u00fclt\u00fcr Merkezi\u2019nde a\u00e7\u0131lan sergileri ziyaret etti. \u0130stanbul Vali Yard\u0131mc\u0131s\u0131 Serap \u00d6zmen ile KKTC Konsolosu Fatma Demirci\u2019nin e\u015flik etti\u011fi Tatar, \u201cWarhol\u2019un D\u00fcnyas\u0131-Pop Art\u2019\u0131n \u0130konu\u201d ile \u201cPablo Picasso-Resimden Serami\u011fe Bir Ser\u00fcven\u201d sergilerini inceledi. Ziyaretin ard\u0131ndan AA muhabirine a\u00e7\u0131klamada bulunan Tatar, sergileri \u00e7ok be\u011fendi\u011fini belirterek, \u201cAKM\u2019de [&hellip;]\" \/>\n<meta property=\"og:url\" content=\"https:\/\/kuzeyinsesi.org\/index.php\/2024\/10\/18\/cumhurbaskani-ersin-tatarin-esi-sibel-tatar-istanbul-akmdeki-sergileri-gezdi\/\" \/>\n<meta property=\"og:site_name\" content=\"Kuzeyin Sesi\" \/>\n<meta property=\"article:publisher\" content=\"https:\/\/www.facebook.com\/kuzeyinsesii\" \/>\n<meta property=\"article:published_time\" content=\"2024-10-18T16:28:27+00:00\" \/>\n<meta property=\"og:image\" content=\"https:\/\/brtk.net\/wp-content\/uploads\/2024\/10\/18\/5535-1-scaled.jpg?ver=028c99a54ebaa8345f064362f41a65a4\" \/>\n<meta name=\"author\" content=\"Kuzeyin Sesi\" \/>\n<meta name=\"twitter:card\" content=\"summary_large_image\" \/>\n<meta name=\"twitter:creator\" content=\"@kuzeyinsesii\" \/>\n<meta name=\"twitter:site\" content=\"@kuzeyinsesii\" \/>\n<meta name=\"twitter:label1\" content=\"Yazan:\" \/>\n\t<meta name=\"twitter:data1\" content=\"Kuzeyin Sesi\" \/>\n\t<meta name=\"twitter:label2\" content=\"Tahmini okuma s\u00fcresi\" \/>\n\t<meta name=\"twitter:data2\" content=\"1 dakika\" \/>\n<script type=\"application\/ld+json\" class=\"yoast-schema-graph\">{\"@context\":\"https:\\\/\\\/schema.org\",\"@graph\":[{\"@type\":\"Article\",\"@id\":\"https:\\\/\\\/kuzeyinsesi.org\\\/index.php\\\/2024\\\/10\\\/18\\\/cumhurbaskani-ersin-tatarin-esi-sibel-tatar-istanbul-akmdeki-sergileri-gezdi\\\/#article\",\"isPartOf\":{\"@id\":\"https:\\\/\\\/kuzeyinsesi.org\\\/index.php\\\/2024\\\/10\\\/18\\\/cumhurbaskani-ersin-tatarin-esi-sibel-tatar-istanbul-akmdeki-sergileri-gezdi\\\/\"},\"author\":{\"name\":\"Kuzeyin Sesi\",\"@id\":\"https:\\\/\\\/kuzeyinsesi.org\\\/#\\\/schema\\\/person\\\/9f859689cdf01485597712386e37f5aa\"},\"headline\":\"Cumhurba\u015fkan\u0131 Ersin Tatar\u2019\u0131n e\u015fi Sibel Tatar, \u0130stanbul AKM\u2019deki sergileri gezdi\",\"datePublished\":\"2024-10-18T16:28:27+00:00\",\"mainEntityOfPage\":{\"@id\":\"https:\\\/\\\/kuzeyinsesi.org\\\/index.php\\\/2024\\\/10\\\/18\\\/cumhurbaskani-ersin-tatarin-esi-sibel-tatar-istanbul-akmdeki-sergileri-gezdi\\\/\"},\"wordCount\":227,\"commentCount\":0,\"image\":{\"@id\":\"https:\\\/\\\/kuzeyinsesi.org\\\/index.php\\\/2024\\\/10\\\/18\\\/cumhurbaskani-ersin-tatarin-esi-sibel-tatar-istanbul-akmdeki-sergileri-gezdi\\\/#primaryimage\"},\"thumbnailUrl\":\"https:\\\/\\\/kuzeyinsesi.org\\\/wp-content\\\/uploads\\\/2024\\\/10\\\/5535-1-scaled.jpg\",\"articleSection\":[\"Ya\u015fam\"],\"inLanguage\":\"tr\",\"potentialAction\":[{\"@type\":\"CommentAction\",\"name\":\"Comment\",\"target\":[\"https:\\\/\\\/kuzeyinsesi.org\\\/index.php\\\/2024\\\/10\\\/18\\\/cumhurbaskani-ersin-tatarin-esi-sibel-tatar-istanbul-akmdeki-sergileri-gezdi\\\/#respond\"]}]},{\"@type\":\"WebPage\",\"@id\":\"https:\\\/\\\/kuzeyinsesi.org\\\/index.php\\\/2024\\\/10\\\/18\\\/cumhurbaskani-ersin-tatarin-esi-sibel-tatar-istanbul-akmdeki-sergileri-gezdi\\\/\",\"url\":\"https:\\\/\\\/kuzeyinsesi.org\\\/index.php\\\/2024\\\/10\\\/18\\\/cumhurbaskani-ersin-tatarin-esi-sibel-tatar-istanbul-akmdeki-sergileri-gezdi\\\/\",\"name\":\"Cumhurba\u015fkan\u0131 Ersin Tatar\u2019\u0131n e\u015fi Sibel Tatar, \u0130stanbul AKM\u2019deki sergileri gezdi - Kuzeyin Sesi\",\"isPartOf\":{\"@id\":\"https:\\\/\\\/kuzeyinsesi.org\\\/#website\"},\"primaryImageOfPage\":{\"@id\":\"https:\\\/\\\/kuzeyinsesi.org\\\/index.php\\\/2024\\\/10\\\/18\\\/cumhurbaskani-ersin-tatarin-esi-sibel-tatar-istanbul-akmdeki-sergileri-gezdi\\\/#primaryimage\"},\"image\":{\"@id\":\"https:\\\/\\\/kuzeyinsesi.org\\\/index.php\\\/2024\\\/10\\\/18\\\/cumhurbaskani-ersin-tatarin-esi-sibel-tatar-istanbul-akmdeki-sergileri-gezdi\\\/#primaryimage\"},\"thumbnailUrl\":\"https:\\\/\\\/kuzeyinsesi.org\\\/wp-content\\\/uploads\\\/2024\\\/10\\\/5535-1-scaled.jpg\",\"datePublished\":\"2024-10-18T16:28:27+00:00\",\"author\":{\"@id\":\"https:\\\/\\\/kuzeyinsesi.org\\\/#\\\/schema\\\/person\\\/9f859689cdf01485597712386e37f5aa\"},\"breadcrumb\":{\"@id\":\"https:\\\/\\\/kuzeyinsesi.org\\\/index.php\\\/2024\\\/10\\\/18\\\/cumhurbaskani-ersin-tatarin-esi-sibel-tatar-istanbul-akmdeki-sergileri-gezdi\\\/#breadcrumb\"},\"inLanguage\":\"tr\",\"potentialAction\":[{\"@type\":\"ReadAction\",\"target\":[\"https:\\\/\\\/kuzeyinsesi.org\\\/index.php\\\/2024\\\/10\\\/18\\\/cumhurbaskani-ersin-tatarin-esi-sibel-tatar-istanbul-akmdeki-sergileri-gezdi\\\/\"]}]},{\"@type\":\"ImageObject\",\"inLanguage\":\"tr\",\"@id\":\"https:\\\/\\\/kuzeyinsesi.org\\\/index.php\\\/2024\\\/10\\\/18\\\/cumhurbaskani-ersin-tatarin-esi-sibel-tatar-istanbul-akmdeki-sergileri-gezdi\\\/#primaryimage\",\"url\":\"https:\\\/\\\/kuzeyinsesi.org\\\/wp-content\\\/uploads\\\/2024\\\/10\\\/5535-1-scaled.jpg\",\"contentUrl\":\"https:\\\/\\\/kuzeyinsesi.org\\\/wp-content\\\/uploads\\\/2024\\\/10\\\/5535-1-scaled.jpg\",\"width\":2560,\"height\":1826},{\"@type\":\"BreadcrumbList\",\"@id\":\"https:\\\/\\\/kuzeyinsesi.org\\\/index.php\\\/2024\\\/10\\\/18\\\/cumhurbaskani-ersin-tatarin-esi-sibel-tatar-istanbul-akmdeki-sergileri-gezdi\\\/#breadcrumb\",\"itemListElement\":[{\"@type\":\"ListItem\",\"position\":1,\"name\":\"Anasayfa\",\"item\":\"https:\\\/\\\/kuzeyinsesi.org\\\/\"},{\"@type\":\"ListItem\",\"position\":2,\"name\":\"Cumhurba\u015fkan\u0131 Ersin Tatar\u2019\u0131n e\u015fi Sibel Tatar, \u0130stanbul AKM\u2019deki sergileri gezdi\"}]},{\"@type\":\"WebSite\",\"@id\":\"https:\\\/\\\/kuzeyinsesi.org\\\/#website\",\"url\":\"https:\\\/\\\/kuzeyinsesi.org\\\/\",\"name\":\"Kuzeyin Sesi\",\"description\":\"Do\u011fru Haberin Adresi\",\"potentialAction\":[{\"@type\":\"SearchAction\",\"target\":{\"@type\":\"EntryPoint\",\"urlTemplate\":\"https:\\\/\\\/kuzeyinsesi.org\\\/?s={search_term_string}\"},\"query-input\":{\"@type\":\"PropertyValueSpecification\",\"valueRequired\":true,\"valueName\":\"search_term_string\"}}],\"inLanguage\":\"tr\"},{\"@type\":\"Person\",\"@id\":\"https:\\\/\\\/kuzeyinsesi.org\\\/#\\\/schema\\\/person\\\/9f859689cdf01485597712386e37f5aa\",\"name\":\"Kuzeyin Sesi\",\"image\":{\"@type\":\"ImageObject\",\"inLanguage\":\"tr\",\"@id\":\"https:\\\/\\\/secure.gravatar.com\\\/avatar\\\/bab33852abfd8b282518d6ed81826833d77c3c882d9ab608add591ccace47a44?s=96&d=mm&r=g\",\"url\":\"https:\\\/\\\/secure.gravatar.com\\\/avatar\\\/bab33852abfd8b282518d6ed81826833d77c3c882d9ab608add591ccace47a44?s=96&d=mm&r=g\",\"contentUrl\":\"https:\\\/\\\/secure.gravatar.com\\\/avatar\\\/bab33852abfd8b282518d6ed81826833d77c3c882d9ab608add591ccace47a44?s=96&d=mm&r=g\",\"caption\":\"Kuzeyin Sesi\"},\"sameAs\":[\"https:\\\/\\\/kuzeyinsesi.org\"],\"url\":\"https:\\\/\\\/kuzeyinsesi.org\\\/index.php\\\/author\\\/guven\\\/\"}]}<\/script>\n<!-- \/ Yoast SEO plugin. -->","yoast_head_json":{"title":"Cumhurba\u015fkan\u0131 Ersin Tatar\u2019\u0131n e\u015fi Sibel Tatar, \u0130stanbul AKM\u2019deki sergileri gezdi - Kuzeyin Sesi","robots":{"index":"index","follow":"follow","max-snippet":"max-snippet:-1","max-image-preview":"max-image-preview:large","max-video-preview":"max-video-preview:-1"},"canonical":"https:\/\/kuzeyinsesi.org\/index.php\/2024\/10\/18\/cumhurbaskani-ersin-tatarin-esi-sibel-tatar-istanbul-akmdeki-sergileri-gezdi\/","og_locale":"tr_TR","og_type":"article","og_title":"Cumhurba\u015fkan\u0131 Ersin Tatar\u2019\u0131n e\u015fi Sibel Tatar, \u0130stanbul AKM\u2019deki sergileri gezdi - Kuzeyin Sesi","og_description":"Cumhurba\u015fkan\u0131 Ersin Tatar\u2018\u0131n e\u015fi Sibel Tatar, \u0130stanbul K\u00fclt\u00fcr Yolu Festivali kapsam\u0131nda Atat\u00fcrk K\u00fclt\u00fcr Merkezi\u2019nde a\u00e7\u0131lan sergileri ziyaret etti. \u0130stanbul Vali Yard\u0131mc\u0131s\u0131 Serap \u00d6zmen ile KKTC Konsolosu Fatma Demirci\u2019nin e\u015flik etti\u011fi Tatar, \u201cWarhol\u2019un D\u00fcnyas\u0131-Pop Art\u2019\u0131n \u0130konu\u201d ile \u201cPablo Picasso-Resimden Serami\u011fe Bir Ser\u00fcven\u201d sergilerini inceledi. Ziyaretin ard\u0131ndan AA muhabirine a\u00e7\u0131klamada bulunan Tatar, sergileri \u00e7ok be\u011fendi\u011fini belirterek, \u201cAKM\u2019de [&hellip;]","og_url":"https:\/\/kuzeyinsesi.org\/index.php\/2024\/10\/18\/cumhurbaskani-ersin-tatarin-esi-sibel-tatar-istanbul-akmdeki-sergileri-gezdi\/","og_site_name":"Kuzeyin Sesi","article_publisher":"https:\/\/www.facebook.com\/kuzeyinsesii","article_published_time":"2024-10-18T16:28:27+00:00","og_image":[{"url":"https:\/\/brtk.net\/wp-content\/uploads\/2024\/10\/18\/5535-1-scaled.jpg?ver=028c99a54ebaa8345f064362f41a65a4","type":"","width":"","height":""}],"author":"Kuzeyin Sesi","twitter_card":"summary_large_image","twitter_creator":"@kuzeyinsesii","twitter_site":"@kuzeyinsesii","twitter_misc":{"Yazan:":"Kuzeyin Sesi","Tahmini okuma s\u00fcresi":"1 dakika"},"schema":{"@context":"https:\/\/schema.org","@graph":[{"@type":"Article","@id":"https:\/\/kuzeyinsesi.org\/index.php\/2024\/10\/18\/cumhurbaskani-ersin-tatarin-esi-sibel-tatar-istanbul-akmdeki-sergileri-gezdi\/#article","isPartOf":{"@id":"https:\/\/kuzeyinsesi.org\/index.php\/2024\/10\/18\/cumhurbaskani-ersin-tatarin-esi-sibel-tatar-istanbul-akmdeki-sergileri-gezdi\/"},"author":{"name":"Kuzeyin Sesi","@id":"https:\/\/kuzeyinsesi.org\/#\/schema\/person\/9f859689cdf01485597712386e37f5aa"},"headline":"Cumhurba\u015fkan\u0131 Ersin Tatar\u2019\u0131n e\u015fi Sibel Tatar, \u0130stanbul AKM\u2019deki sergileri gezdi","datePublished":"2024-10-18T16:28:27+00:00","mainEntityOfPage":{"@id":"https:\/\/kuzeyinsesi.org\/index.php\/2024\/10\/18\/cumhurbaskani-ersin-tatarin-esi-sibel-tatar-istanbul-akmdeki-sergileri-gezdi\/"},"wordCount":227,"commentCount":0,"image":{"@id":"https:\/\/kuzeyinsesi.org\/index.php\/2024\/10\/18\/cumhurbaskani-ersin-tatarin-esi-sibel-tatar-istanbul-akmdeki-sergileri-gezdi\/#primaryimage"},"thumbnailUrl":"https:\/\/kuzeyinsesi.org\/wp-content\/uploads\/2024\/10\/5535-1-scaled.jpg","articleSection":["Ya\u015fam"],"inLanguage":"tr","potentialAction":[{"@type":"CommentAction","name":"Comment","target":["https:\/\/kuzeyinsesi.org\/index.php\/2024\/10\/18\/cumhurbaskani-ersin-tatarin-esi-sibel-tatar-istanbul-akmdeki-sergileri-gezdi\/#respond"]}]},{"@type":"WebPage","@id":"https:\/\/kuzeyinsesi.org\/index.php\/2024\/10\/18\/cumhurbaskani-ersin-tatarin-esi-sibel-tatar-istanbul-akmdeki-sergileri-gezdi\/","url":"https:\/\/kuzeyinsesi.org\/index.php\/2024\/10\/18\/cumhurbaskani-ersin-tatarin-esi-sibel-tatar-istanbul-akmdeki-sergileri-gezdi\/","name":"Cumhurba\u015fkan\u0131 Ersin Tatar\u2019\u0131n e\u015fi Sibel Tatar, \u0130stanbul AKM\u2019deki sergileri gezdi - Kuzeyin Sesi","isPartOf":{"@id":"https:\/\/kuzeyinsesi.org\/#website"},"primaryImageOfPage":{"@id":"https:\/\/kuzeyinsesi.org\/index.php\/2024\/10\/18\/cumhurbaskani-ersin-tatarin-esi-sibel-tatar-istanbul-akmdeki-sergileri-gezdi\/#primaryimage"},"image":{"@id":"https:\/\/kuzeyinsesi.org\/index.php\/2024\/10\/18\/cumhurbaskani-ersin-tatarin-esi-sibel-tatar-istanbul-akmdeki-sergileri-gezdi\/#primaryimage"},"thumbnailUrl":"https:\/\/kuzeyinsesi.org\/wp-content\/uploads\/2024\/10\/5535-1-scaled.jpg","datePublished":"2024-10-18T16:28:27+00:00","author":{"@id":"https:\/\/kuzeyinsesi.org\/#\/schema\/person\/9f859689cdf01485597712386e37f5aa"},"breadcrumb":{"@id":"https:\/\/kuzeyinsesi.org\/index.php\/2024\/10\/18\/cumhurbaskani-ersin-tatarin-esi-sibel-tatar-istanbul-akmdeki-sergileri-gezdi\/#breadcrumb"},"inLanguage":"tr","potentialAction":[{"@type":"ReadAction","target":["https:\/\/kuzeyinsesi.org\/index.php\/2024\/10\/18\/cumhurbaskani-ersin-tatarin-esi-sibel-tatar-istanbul-akmdeki-sergileri-gezdi\/"]}]},{"@type":"ImageObject","inLanguage":"tr","@id":"https:\/\/kuzeyinsesi.org\/index.php\/2024\/10\/18\/cumhurbaskani-ersin-tatarin-esi-sibel-tatar-istanbul-akmdeki-sergileri-gezdi\/#primaryimage","url":"https:\/\/kuzeyinsesi.org\/wp-content\/uploads\/2024\/10\/5535-1-scaled.jpg","contentUrl":"https:\/\/kuzeyinsesi.org\/wp-content\/uploads\/2024\/10\/5535-1-scaled.jpg","width":2560,"height":1826},{"@type":"BreadcrumbList","@id":"https:\/\/kuzeyinsesi.org\/index.php\/2024\/10\/18\/cumhurbaskani-ersin-tatarin-esi-sibel-tatar-istanbul-akmdeki-sergileri-gezdi\/#breadcrumb","itemListElement":[{"@type":"ListItem","position":1,"name":"Anasayfa","item":"https:\/\/kuzeyinsesi.org\/"},{"@type":"ListItem","position":2,"name":"Cumhurba\u015fkan\u0131 Ersin Tatar\u2019\u0131n e\u015fi Sibel Tatar, \u0130stanbul AKM\u2019deki sergileri gezdi"}]},{"@type":"WebSite","@id":"https:\/\/kuzeyinsesi.org\/#website","url":"https:\/\/kuzeyinsesi.org\/","name":"Kuzeyin Sesi","description":"Do\u011fru Haberin Adresi","potentialAction":[{"@type":"SearchAction","target":{"@type":"EntryPoint","urlTemplate":"https:\/\/kuzeyinsesi.org\/?s={search_term_string}"},"query-input":{"@type":"PropertyValueSpecification","valueRequired":true,"valueName":"search_term_string"}}],"inLanguage":"tr"},{"@type":"Person","@id":"https:\/\/kuzeyinsesi.org\/#\/schema\/person\/9f859689cdf01485597712386e37f5aa","name":"Kuzeyin Sesi","image":{"@type":"ImageObject","inLanguage":"tr","@id":"https:\/\/secure.gravatar.com\/avatar\/bab33852abfd8b282518d6ed81826833d77c3c882d9ab608add591ccace47a44?s=96&d=mm&r=g","url":"https:\/\/secure.gravatar.com\/avatar\/bab33852abfd8b282518d6ed81826833d77c3c882d9ab608add591ccace47a44?s=96&d=mm&r=g","contentUrl":"https:\/\/secure.gravatar.com\/avatar\/bab33852abfd8b282518d6ed81826833d77c3c882d9ab608add591ccace47a44?s=96&d=mm&r=g","caption":"Kuzeyin Sesi"},"sameAs":["https:\/\/kuzeyinsesi.org"],"url":"https:\/\/kuzeyinsesi.org\/index.php\/author\/guven\/"}]}},"_links":{"self":[{"href":"https:\/\/kuzeyinsesi.org\/index.php\/wp-json\/wp\/v2\/posts\/11876","targetHints":{"allow":["GET"]}}],"collection":[{"href":"https:\/\/kuzeyinsesi.org\/index.php\/wp-json\/wp\/v2\/posts"}],"about":[{"href":"https:\/\/kuzeyinsesi.org\/index.php\/wp-json\/wp\/v2\/types\/post"}],"author":[{"embeddable":true,"href":"https:\/\/kuzeyinsesi.org\/index.php\/wp-json\/wp\/v2\/users\/1"}],"replies":[{"embeddable":true,"href":"https:\/\/kuzeyinsesi.org\/index.php\/wp-json\/wp\/v2\/comments?post=11876"}],"version-history":[{"count":0,"href":"https:\/\/kuzeyinsesi.org\/index.php\/wp-json\/wp\/v2\/posts\/11876\/revisions"}],"wp:featuredmedia":[{"embeddable":true,"href":"https:\/\/kuzeyinsesi.org\/index.php\/wp-json\/wp\/v2\/media\/11877"}],"wp:attachment":[{"href":"https:\/\/kuzeyinsesi.org\/index.php\/wp-json\/wp\/v2\/media?parent=11876"}],"wp:term":[{"taxonomy":"category","embeddable":true,"href":"https:\/\/kuzeyinsesi.org\/index.php\/wp-json\/wp\/v2\/categories?post=11876"},{"taxonomy":"post_tag","embeddable":true,"href":"https:\/\/kuzeyinsesi.org\/index.php\/wp-json\/wp\/v2\/tags?post=11876"}],"curies":[{"name":"wp","href":"https:\/\/api.w.org\/{rel}","templated":true}]}}