{"id":11856,"date":"2024-10-18T15:20:48","date_gmt":"2024-10-18T12:20:48","guid":{"rendered":"https:\/\/kuzeyinsesi.org\/index.php\/2024\/10\/18\/iskele-belediyesi-topcukoy-3-bal-festivali-pazar-gunu-yapilacak\/"},"modified":"2024-10-18T15:20:48","modified_gmt":"2024-10-18T12:20:48","slug":"iskele-belediyesi-topcukoy-3-bal-festivali-pazar-gunu-yapilacak","status":"publish","type":"post","link":"https:\/\/kuzeyinsesi.org\/index.php\/2024\/10\/18\/iskele-belediyesi-topcukoy-3-bal-festivali-pazar-gunu-yapilacak\/","title":{"rendered":"\u0130skele Belediyesi Top\u00e7uk\u00f6y 3. Bal Festivali pazar g\u00fcn\u00fc yap\u0131lacak"},"content":{"rendered":"<div>\n<div class=\"mariselle-image-container center\">\n                                            <\/div>\n<p>\u0130skele Belediyesi ile Top\u00e7uk\u00f6yl\u00fc ar\u0131c\u0131lar\u0131n katk\u0131lar\u0131yla, Kuzey K\u0131br\u0131s Ar\u0131c\u0131lar Birli\u011fi\u2019nin de destekleriyle bu y\u0131l 3\u2019\u00fcnc\u00fcs\u00fc d\u00fczenlenecek \u201c\u0130skele Belediyesi Top\u00e7uk\u00f6y Bal Festivali\u201d 20 Ekim Pazar g\u00fcn\u00fc yap\u0131lacak. G\u00fcn boyunca devam edecek festivale gelen konuklara bal tad\u0131m\u0131 da yapt\u0131r\u0131lacak.<\/p>\n<p>Belediyeden verilen bilgiye g\u00f6re, Top\u00e7uk\u00f6y Bal Festivali\u2019nde bal ve \u00fcr\u00fcnlerinin yer alaca\u011f\u0131 stantlar\u0131n yan\u0131 s\u0131ra \u00e7ocuklar i\u00e7in de oyun alan\u0131 kurulacak. A\u00e7\u0131l\u0131\u015fta \u0130skele Belediyesi Halk Danslar\u0131 Toplulu\u011fu da g\u00f6steri yapacak.<\/p>\n<p>Saat 09.50\u2019da Festival alan\u0131ndaki buhurdanl\u0131\u011f\u0131n protokol\u00fcn kat\u0131l\u0131m\u0131yla yak\u0131lmas\u0131n\u0131n ard\u0131ndan saat 10.00\u2019da resmi a\u00e7\u0131l\u0131\u015f\u0131 ger\u00e7ekle\u015fecek 3. Top\u00e7uk\u00f6y Bal Festivali, sayg\u0131 duru\u015fu ve \u0130stiklal Mar\u015f\u0131\u2019n\u0131n okunmas\u0131yla ba\u015flayacak. A\u00e7\u0131l\u0131\u015f konu\u015fmalar\u0131n\u0131n da yap\u0131laca\u011f\u0131 festivale Mesarya Gen\u00e7lik Grubu, Grup Deniz Feneri ile Grup Traffic de \u015fark\u0131lar\u0131yla e\u015flik edecek.<\/p>\n<div class=\"mariselle-image-container center\">\n                <img decoding=\"async\" width=\"1201\" height=\"1600\" class=\"lazy-image\" alt=\"\" sizes=\"(max-width: 1201px) 100vw, 1201px\" src=\"https:\/\/brtk.net\/wp-content\/uploads\/2024\/10\/18\/afop.jpg?ver=7d490a337c263d91bc6b7a090a466a69\" srcset=\"https:\/\/brtk.net\/wp-content\/uploads\/2024\/10\/18\/afop.jpg?ver=7d490a337c263d91bc6b7a090a466a69 1201w, https:\/\/brtk.net\/wp-content\/uploads\/2024\/10\/18\/afop-225x300.jpg?ver=7d490a337c263d91bc6b7a090a466a69 225w, https:\/\/brtk.net\/wp-content\/uploads\/2024\/10\/18\/afop-769x1024.jpg?ver=7d490a337c263d91bc6b7a090a466a69 769w, https:\/\/brtk.net\/wp-content\/uploads\/2024\/10\/18\/afop-768x1023.jpg?ver=0181bc3dd8c896acc9be0f1f21184d10 768w, https:\/\/brtk.net\/wp-content\/uploads\/2024\/10\/18\/afop-1153x1536.jpg?ver=281704331a564a7a7c470725a257e8bd 1153w\"\/>                            <\/div><\/div>\n<p><script async\n                    defer\n                    crossorigin=\"anonymous\"\n                    src=\"https:\/\/connect.facebook.net\/tr_TR\/sdk.js#xfbml=1&#038;version=v3.3\"\n            ><\/script><\/p>\n","protected":false},"excerpt":{"rendered":"<p>\u0130skele Belediyesi ile Top\u00e7uk\u00f6yl\u00fc ar\u0131c\u0131lar\u0131n katk\u0131lar\u0131yla, Kuzey K\u0131br\u0131s Ar\u0131c\u0131lar Birli\u011fi\u2019nin de destekleriyle bu y\u0131l 3\u2019\u00fcnc\u00fcs\u00fc d\u00fczenlenecek \u201c\u0130skele Belediyesi Top\u00e7uk\u00f6y Bal Festivali\u201d 20 Ekim Pazar g\u00fcn\u00fc yap\u0131lacak. G\u00fcn boyunca devam edecek festivale gelen konuklara bal tad\u0131m\u0131 da yapt\u0131r\u0131lacak. Belediyeden verilen bilgiye g\u00f6re, Top\u00e7uk\u00f6y Bal Festivali\u2019nde bal ve \u00fcr\u00fcnlerinin yer alaca\u011f\u0131 stantlar\u0131n yan\u0131 s\u0131ra \u00e7ocuklar i\u00e7in de [&hellip;]<\/p>\n","protected":false},"author":1,"featured_media":11857,"comment_status":"open","ping_status":"open","sticky":false,"template":"","format":"standard","meta":{"jnews-multi-image_gallery":[],"jnews_single_post":[],"jnews_primary_category":[],"jnews_social_meta":[],"jnews_override_counter":[],"footnotes":""},"categories":[6],"tags":[],"class_list":["post-11856","post","type-post","status-publish","format-standard","has-post-thumbnail","hentry","category-yasam"],"yoast_head":"<!-- This site is optimized with the Yoast SEO plugin v27.4 - https:\/\/yoast.com\/product\/yoast-seo-wordpress\/ -->\n<title>\u0130skele Belediyesi Top\u00e7uk\u00f6y 3. Bal Festivali pazar g\u00fcn\u00fc yap\u0131lacak - Kuzeyin Sesi<\/title>\n<meta name=\"robots\" content=\"index, follow, max-snippet:-1, max-image-preview:large, max-video-preview:-1\" \/>\n<link rel=\"canonical\" href=\"https:\/\/kuzeyinsesi.org\/index.php\/2024\/10\/18\/iskele-belediyesi-topcukoy-3-bal-festivali-pazar-gunu-yapilacak\/\" \/>\n<meta property=\"og:locale\" content=\"tr_TR\" \/>\n<meta property=\"og:type\" content=\"article\" \/>\n<meta property=\"og:title\" content=\"\u0130skele Belediyesi Top\u00e7uk\u00f6y 3. Bal Festivali pazar g\u00fcn\u00fc yap\u0131lacak - Kuzeyin Sesi\" \/>\n<meta property=\"og:description\" content=\"\u0130skele Belediyesi ile Top\u00e7uk\u00f6yl\u00fc ar\u0131c\u0131lar\u0131n katk\u0131lar\u0131yla, Kuzey K\u0131br\u0131s Ar\u0131c\u0131lar Birli\u011fi\u2019nin de destekleriyle bu y\u0131l 3\u2019\u00fcnc\u00fcs\u00fc d\u00fczenlenecek \u201c\u0130skele Belediyesi Top\u00e7uk\u00f6y Bal Festivali\u201d 20 Ekim Pazar g\u00fcn\u00fc yap\u0131lacak. G\u00fcn boyunca devam edecek festivale gelen konuklara bal tad\u0131m\u0131 da yapt\u0131r\u0131lacak. Belediyeden verilen bilgiye g\u00f6re, Top\u00e7uk\u00f6y Bal Festivali\u2019nde bal ve \u00fcr\u00fcnlerinin yer alaca\u011f\u0131 stantlar\u0131n yan\u0131 s\u0131ra \u00e7ocuklar i\u00e7in de [&hellip;]\" \/>\n<meta property=\"og:url\" content=\"https:\/\/kuzeyinsesi.org\/index.php\/2024\/10\/18\/iskele-belediyesi-topcukoy-3-bal-festivali-pazar-gunu-yapilacak\/\" \/>\n<meta property=\"og:site_name\" content=\"Kuzeyin Sesi\" \/>\n<meta property=\"article:publisher\" content=\"https:\/\/www.facebook.com\/kuzeyinsesii\" \/>\n<meta property=\"article:published_time\" content=\"2024-10-18T12:20:48+00:00\" \/>\n<meta property=\"og:image\" content=\"https:\/\/brtk.net\/wp-content\/uploads\/2024\/10\/18\/BAL.jpg?ver=1b8a0fda662c6f1c8569bed570dd67df\" \/>\n<meta name=\"author\" content=\"Kuzeyin Sesi\" \/>\n<meta name=\"twitter:card\" content=\"summary_large_image\" \/>\n<meta name=\"twitter:creator\" content=\"@kuzeyinsesii\" \/>\n<meta name=\"twitter:site\" content=\"@kuzeyinsesii\" \/>\n<meta name=\"twitter:label1\" content=\"Yazan:\" \/>\n\t<meta name=\"twitter:data1\" content=\"Kuzeyin Sesi\" \/>\n\t<meta name=\"twitter:label2\" content=\"Tahmini okuma s\u00fcresi\" \/>\n\t<meta name=\"twitter:data2\" content=\"1 dakika\" \/>\n<script type=\"application\/ld+json\" class=\"yoast-schema-graph\">{\"@context\":\"https:\\\/\\\/schema.org\",\"@graph\":[{\"@type\":\"Article\",\"@id\":\"https:\\\/\\\/kuzeyinsesi.org\\\/index.php\\\/2024\\\/10\\\/18\\\/iskele-belediyesi-topcukoy-3-bal-festivali-pazar-gunu-yapilacak\\\/#article\",\"isPartOf\":{\"@id\":\"https:\\\/\\\/kuzeyinsesi.org\\\/index.php\\\/2024\\\/10\\\/18\\\/iskele-belediyesi-topcukoy-3-bal-festivali-pazar-gunu-yapilacak\\\/\"},\"author\":{\"name\":\"Kuzeyin Sesi\",\"@id\":\"https:\\\/\\\/kuzeyinsesi.org\\\/#\\\/schema\\\/person\\\/9f859689cdf01485597712386e37f5aa\"},\"headline\":\"\u0130skele Belediyesi Top\u00e7uk\u00f6y 3. Bal Festivali pazar g\u00fcn\u00fc yap\u0131lacak\",\"datePublished\":\"2024-10-18T12:20:48+00:00\",\"mainEntityOfPage\":{\"@id\":\"https:\\\/\\\/kuzeyinsesi.org\\\/index.php\\\/2024\\\/10\\\/18\\\/iskele-belediyesi-topcukoy-3-bal-festivali-pazar-gunu-yapilacak\\\/\"},\"wordCount\":185,\"commentCount\":0,\"image\":{\"@id\":\"https:\\\/\\\/kuzeyinsesi.org\\\/index.php\\\/2024\\\/10\\\/18\\\/iskele-belediyesi-topcukoy-3-bal-festivali-pazar-gunu-yapilacak\\\/#primaryimage\"},\"thumbnailUrl\":\"https:\\\/\\\/kuzeyinsesi.org\\\/wp-content\\\/uploads\\\/2024\\\/10\\\/BAL.jpg\",\"articleSection\":[\"Ya\u015fam\"],\"inLanguage\":\"tr\",\"potentialAction\":[{\"@type\":\"CommentAction\",\"name\":\"Comment\",\"target\":[\"https:\\\/\\\/kuzeyinsesi.org\\\/index.php\\\/2024\\\/10\\\/18\\\/iskele-belediyesi-topcukoy-3-bal-festivali-pazar-gunu-yapilacak\\\/#respond\"]}]},{\"@type\":\"WebPage\",\"@id\":\"https:\\\/\\\/kuzeyinsesi.org\\\/index.php\\\/2024\\\/10\\\/18\\\/iskele-belediyesi-topcukoy-3-bal-festivali-pazar-gunu-yapilacak\\\/\",\"url\":\"https:\\\/\\\/kuzeyinsesi.org\\\/index.php\\\/2024\\\/10\\\/18\\\/iskele-belediyesi-topcukoy-3-bal-festivali-pazar-gunu-yapilacak\\\/\",\"name\":\"\u0130skele Belediyesi Top\u00e7uk\u00f6y 3. Bal Festivali pazar g\u00fcn\u00fc yap\u0131lacak - Kuzeyin Sesi\",\"isPartOf\":{\"@id\":\"https:\\\/\\\/kuzeyinsesi.org\\\/#website\"},\"primaryImageOfPage\":{\"@id\":\"https:\\\/\\\/kuzeyinsesi.org\\\/index.php\\\/2024\\\/10\\\/18\\\/iskele-belediyesi-topcukoy-3-bal-festivali-pazar-gunu-yapilacak\\\/#primaryimage\"},\"image\":{\"@id\":\"https:\\\/\\\/kuzeyinsesi.org\\\/index.php\\\/2024\\\/10\\\/18\\\/iskele-belediyesi-topcukoy-3-bal-festivali-pazar-gunu-yapilacak\\\/#primaryimage\"},\"thumbnailUrl\":\"https:\\\/\\\/kuzeyinsesi.org\\\/wp-content\\\/uploads\\\/2024\\\/10\\\/BAL.jpg\",\"datePublished\":\"2024-10-18T12:20:48+00:00\",\"author\":{\"@id\":\"https:\\\/\\\/kuzeyinsesi.org\\\/#\\\/schema\\\/person\\\/9f859689cdf01485597712386e37f5aa\"},\"breadcrumb\":{\"@id\":\"https:\\\/\\\/kuzeyinsesi.org\\\/index.php\\\/2024\\\/10\\\/18\\\/iskele-belediyesi-topcukoy-3-bal-festivali-pazar-gunu-yapilacak\\\/#breadcrumb\"},\"inLanguage\":\"tr\",\"potentialAction\":[{\"@type\":\"ReadAction\",\"target\":[\"https:\\\/\\\/kuzeyinsesi.org\\\/index.php\\\/2024\\\/10\\\/18\\\/iskele-belediyesi-topcukoy-3-bal-festivali-pazar-gunu-yapilacak\\\/\"]}]},{\"@type\":\"ImageObject\",\"inLanguage\":\"tr\",\"@id\":\"https:\\\/\\\/kuzeyinsesi.org\\\/index.php\\\/2024\\\/10\\\/18\\\/iskele-belediyesi-topcukoy-3-bal-festivali-pazar-gunu-yapilacak\\\/#primaryimage\",\"url\":\"https:\\\/\\\/kuzeyinsesi.org\\\/wp-content\\\/uploads\\\/2024\\\/10\\\/BAL.jpg\",\"contentUrl\":\"https:\\\/\\\/kuzeyinsesi.org\\\/wp-content\\\/uploads\\\/2024\\\/10\\\/BAL.jpg\",\"width\":1620,\"height\":1080},{\"@type\":\"BreadcrumbList\",\"@id\":\"https:\\\/\\\/kuzeyinsesi.org\\\/index.php\\\/2024\\\/10\\\/18\\\/iskele-belediyesi-topcukoy-3-bal-festivali-pazar-gunu-yapilacak\\\/#breadcrumb\",\"itemListElement\":[{\"@type\":\"ListItem\",\"position\":1,\"name\":\"Anasayfa\",\"item\":\"https:\\\/\\\/kuzeyinsesi.org\\\/\"},{\"@type\":\"ListItem\",\"position\":2,\"name\":\"\u0130skele Belediyesi Top\u00e7uk\u00f6y 3. Bal Festivali pazar g\u00fcn\u00fc yap\u0131lacak\"}]},{\"@type\":\"WebSite\",\"@id\":\"https:\\\/\\\/kuzeyinsesi.org\\\/#website\",\"url\":\"https:\\\/\\\/kuzeyinsesi.org\\\/\",\"name\":\"Kuzeyin Sesi\",\"description\":\"Do\u011fru Haberin Adresi\",\"potentialAction\":[{\"@type\":\"SearchAction\",\"target\":{\"@type\":\"EntryPoint\",\"urlTemplate\":\"https:\\\/\\\/kuzeyinsesi.org\\\/?s={search_term_string}\"},\"query-input\":{\"@type\":\"PropertyValueSpecification\",\"valueRequired\":true,\"valueName\":\"search_term_string\"}}],\"inLanguage\":\"tr\"},{\"@type\":\"Person\",\"@id\":\"https:\\\/\\\/kuzeyinsesi.org\\\/#\\\/schema\\\/person\\\/9f859689cdf01485597712386e37f5aa\",\"name\":\"Kuzeyin Sesi\",\"image\":{\"@type\":\"ImageObject\",\"inLanguage\":\"tr\",\"@id\":\"https:\\\/\\\/secure.gravatar.com\\\/avatar\\\/bab33852abfd8b282518d6ed81826833d77c3c882d9ab608add591ccace47a44?s=96&d=mm&r=g\",\"url\":\"https:\\\/\\\/secure.gravatar.com\\\/avatar\\\/bab33852abfd8b282518d6ed81826833d77c3c882d9ab608add591ccace47a44?s=96&d=mm&r=g\",\"contentUrl\":\"https:\\\/\\\/secure.gravatar.com\\\/avatar\\\/bab33852abfd8b282518d6ed81826833d77c3c882d9ab608add591ccace47a44?s=96&d=mm&r=g\",\"caption\":\"Kuzeyin Sesi\"},\"sameAs\":[\"https:\\\/\\\/kuzeyinsesi.org\"],\"url\":\"https:\\\/\\\/kuzeyinsesi.org\\\/index.php\\\/author\\\/guven\\\/\"}]}<\/script>\n<!-- \/ Yoast SEO plugin. -->","yoast_head_json":{"title":"\u0130skele Belediyesi Top\u00e7uk\u00f6y 3. Bal Festivali pazar g\u00fcn\u00fc yap\u0131lacak - Kuzeyin Sesi","robots":{"index":"index","follow":"follow","max-snippet":"max-snippet:-1","max-image-preview":"max-image-preview:large","max-video-preview":"max-video-preview:-1"},"canonical":"https:\/\/kuzeyinsesi.org\/index.php\/2024\/10\/18\/iskele-belediyesi-topcukoy-3-bal-festivali-pazar-gunu-yapilacak\/","og_locale":"tr_TR","og_type":"article","og_title":"\u0130skele Belediyesi Top\u00e7uk\u00f6y 3. Bal Festivali pazar g\u00fcn\u00fc yap\u0131lacak - Kuzeyin Sesi","og_description":"\u0130skele Belediyesi ile Top\u00e7uk\u00f6yl\u00fc ar\u0131c\u0131lar\u0131n katk\u0131lar\u0131yla, Kuzey K\u0131br\u0131s Ar\u0131c\u0131lar Birli\u011fi\u2019nin de destekleriyle bu y\u0131l 3\u2019\u00fcnc\u00fcs\u00fc d\u00fczenlenecek \u201c\u0130skele Belediyesi Top\u00e7uk\u00f6y Bal Festivali\u201d 20 Ekim Pazar g\u00fcn\u00fc yap\u0131lacak. G\u00fcn boyunca devam edecek festivale gelen konuklara bal tad\u0131m\u0131 da yapt\u0131r\u0131lacak. Belediyeden verilen bilgiye g\u00f6re, Top\u00e7uk\u00f6y Bal Festivali\u2019nde bal ve \u00fcr\u00fcnlerinin yer alaca\u011f\u0131 stantlar\u0131n yan\u0131 s\u0131ra \u00e7ocuklar i\u00e7in de [&hellip;]","og_url":"https:\/\/kuzeyinsesi.org\/index.php\/2024\/10\/18\/iskele-belediyesi-topcukoy-3-bal-festivali-pazar-gunu-yapilacak\/","og_site_name":"Kuzeyin Sesi","article_publisher":"https:\/\/www.facebook.com\/kuzeyinsesii","article_published_time":"2024-10-18T12:20:48+00:00","og_image":[{"url":"https:\/\/brtk.net\/wp-content\/uploads\/2024\/10\/18\/BAL.jpg?ver=1b8a0fda662c6f1c8569bed570dd67df","type":"","width":"","height":""}],"author":"Kuzeyin Sesi","twitter_card":"summary_large_image","twitter_creator":"@kuzeyinsesii","twitter_site":"@kuzeyinsesii","twitter_misc":{"Yazan:":"Kuzeyin Sesi","Tahmini okuma s\u00fcresi":"1 dakika"},"schema":{"@context":"https:\/\/schema.org","@graph":[{"@type":"Article","@id":"https:\/\/kuzeyinsesi.org\/index.php\/2024\/10\/18\/iskele-belediyesi-topcukoy-3-bal-festivali-pazar-gunu-yapilacak\/#article","isPartOf":{"@id":"https:\/\/kuzeyinsesi.org\/index.php\/2024\/10\/18\/iskele-belediyesi-topcukoy-3-bal-festivali-pazar-gunu-yapilacak\/"},"author":{"name":"Kuzeyin Sesi","@id":"https:\/\/kuzeyinsesi.org\/#\/schema\/person\/9f859689cdf01485597712386e37f5aa"},"headline":"\u0130skele Belediyesi Top\u00e7uk\u00f6y 3. Bal Festivali pazar g\u00fcn\u00fc yap\u0131lacak","datePublished":"2024-10-18T12:20:48+00:00","mainEntityOfPage":{"@id":"https:\/\/kuzeyinsesi.org\/index.php\/2024\/10\/18\/iskele-belediyesi-topcukoy-3-bal-festivali-pazar-gunu-yapilacak\/"},"wordCount":185,"commentCount":0,"image":{"@id":"https:\/\/kuzeyinsesi.org\/index.php\/2024\/10\/18\/iskele-belediyesi-topcukoy-3-bal-festivali-pazar-gunu-yapilacak\/#primaryimage"},"thumbnailUrl":"https:\/\/kuzeyinsesi.org\/wp-content\/uploads\/2024\/10\/BAL.jpg","articleSection":["Ya\u015fam"],"inLanguage":"tr","potentialAction":[{"@type":"CommentAction","name":"Comment","target":["https:\/\/kuzeyinsesi.org\/index.php\/2024\/10\/18\/iskele-belediyesi-topcukoy-3-bal-festivali-pazar-gunu-yapilacak\/#respond"]}]},{"@type":"WebPage","@id":"https:\/\/kuzeyinsesi.org\/index.php\/2024\/10\/18\/iskele-belediyesi-topcukoy-3-bal-festivali-pazar-gunu-yapilacak\/","url":"https:\/\/kuzeyinsesi.org\/index.php\/2024\/10\/18\/iskele-belediyesi-topcukoy-3-bal-festivali-pazar-gunu-yapilacak\/","name":"\u0130skele Belediyesi Top\u00e7uk\u00f6y 3. Bal Festivali pazar g\u00fcn\u00fc yap\u0131lacak - Kuzeyin Sesi","isPartOf":{"@id":"https:\/\/kuzeyinsesi.org\/#website"},"primaryImageOfPage":{"@id":"https:\/\/kuzeyinsesi.org\/index.php\/2024\/10\/18\/iskele-belediyesi-topcukoy-3-bal-festivali-pazar-gunu-yapilacak\/#primaryimage"},"image":{"@id":"https:\/\/kuzeyinsesi.org\/index.php\/2024\/10\/18\/iskele-belediyesi-topcukoy-3-bal-festivali-pazar-gunu-yapilacak\/#primaryimage"},"thumbnailUrl":"https:\/\/kuzeyinsesi.org\/wp-content\/uploads\/2024\/10\/BAL.jpg","datePublished":"2024-10-18T12:20:48+00:00","author":{"@id":"https:\/\/kuzeyinsesi.org\/#\/schema\/person\/9f859689cdf01485597712386e37f5aa"},"breadcrumb":{"@id":"https:\/\/kuzeyinsesi.org\/index.php\/2024\/10\/18\/iskele-belediyesi-topcukoy-3-bal-festivali-pazar-gunu-yapilacak\/#breadcrumb"},"inLanguage":"tr","potentialAction":[{"@type":"ReadAction","target":["https:\/\/kuzeyinsesi.org\/index.php\/2024\/10\/18\/iskele-belediyesi-topcukoy-3-bal-festivali-pazar-gunu-yapilacak\/"]}]},{"@type":"ImageObject","inLanguage":"tr","@id":"https:\/\/kuzeyinsesi.org\/index.php\/2024\/10\/18\/iskele-belediyesi-topcukoy-3-bal-festivali-pazar-gunu-yapilacak\/#primaryimage","url":"https:\/\/kuzeyinsesi.org\/wp-content\/uploads\/2024\/10\/BAL.jpg","contentUrl":"https:\/\/kuzeyinsesi.org\/wp-content\/uploads\/2024\/10\/BAL.jpg","width":1620,"height":1080},{"@type":"BreadcrumbList","@id":"https:\/\/kuzeyinsesi.org\/index.php\/2024\/10\/18\/iskele-belediyesi-topcukoy-3-bal-festivali-pazar-gunu-yapilacak\/#breadcrumb","itemListElement":[{"@type":"ListItem","position":1,"name":"Anasayfa","item":"https:\/\/kuzeyinsesi.org\/"},{"@type":"ListItem","position":2,"name":"\u0130skele Belediyesi Top\u00e7uk\u00f6y 3. Bal Festivali pazar g\u00fcn\u00fc yap\u0131lacak"}]},{"@type":"WebSite","@id":"https:\/\/kuzeyinsesi.org\/#website","url":"https:\/\/kuzeyinsesi.org\/","name":"Kuzeyin Sesi","description":"Do\u011fru Haberin Adresi","potentialAction":[{"@type":"SearchAction","target":{"@type":"EntryPoint","urlTemplate":"https:\/\/kuzeyinsesi.org\/?s={search_term_string}"},"query-input":{"@type":"PropertyValueSpecification","valueRequired":true,"valueName":"search_term_string"}}],"inLanguage":"tr"},{"@type":"Person","@id":"https:\/\/kuzeyinsesi.org\/#\/schema\/person\/9f859689cdf01485597712386e37f5aa","name":"Kuzeyin Sesi","image":{"@type":"ImageObject","inLanguage":"tr","@id":"https:\/\/secure.gravatar.com\/avatar\/bab33852abfd8b282518d6ed81826833d77c3c882d9ab608add591ccace47a44?s=96&d=mm&r=g","url":"https:\/\/secure.gravatar.com\/avatar\/bab33852abfd8b282518d6ed81826833d77c3c882d9ab608add591ccace47a44?s=96&d=mm&r=g","contentUrl":"https:\/\/secure.gravatar.com\/avatar\/bab33852abfd8b282518d6ed81826833d77c3c882d9ab608add591ccace47a44?s=96&d=mm&r=g","caption":"Kuzeyin Sesi"},"sameAs":["https:\/\/kuzeyinsesi.org"],"url":"https:\/\/kuzeyinsesi.org\/index.php\/author\/guven\/"}]}},"_links":{"self":[{"href":"https:\/\/kuzeyinsesi.org\/index.php\/wp-json\/wp\/v2\/posts\/11856","targetHints":{"allow":["GET"]}}],"collection":[{"href":"https:\/\/kuzeyinsesi.org\/index.php\/wp-json\/wp\/v2\/posts"}],"about":[{"href":"https:\/\/kuzeyinsesi.org\/index.php\/wp-json\/wp\/v2\/types\/post"}],"author":[{"embeddable":true,"href":"https:\/\/kuzeyinsesi.org\/index.php\/wp-json\/wp\/v2\/users\/1"}],"replies":[{"embeddable":true,"href":"https:\/\/kuzeyinsesi.org\/index.php\/wp-json\/wp\/v2\/comments?post=11856"}],"version-history":[{"count":0,"href":"https:\/\/kuzeyinsesi.org\/index.php\/wp-json\/wp\/v2\/posts\/11856\/revisions"}],"wp:featuredmedia":[{"embeddable":true,"href":"https:\/\/kuzeyinsesi.org\/index.php\/wp-json\/wp\/v2\/media\/11857"}],"wp:attachment":[{"href":"https:\/\/kuzeyinsesi.org\/index.php\/wp-json\/wp\/v2\/media?parent=11856"}],"wp:term":[{"taxonomy":"category","embeddable":true,"href":"https:\/\/kuzeyinsesi.org\/index.php\/wp-json\/wp\/v2\/categories?post=11856"},{"taxonomy":"post_tag","embeddable":true,"href":"https:\/\/kuzeyinsesi.org\/index.php\/wp-json\/wp\/v2\/tags?post=11856"}],"curies":[{"name":"wp","href":"https:\/\/api.w.org\/{rel}","templated":true}]}}