{"id":1180,"date":"2024-05-02T08:38:29","date_gmt":"2024-05-02T05:38:29","guid":{"rendered":"https:\/\/kuzeyinsesi.com\/index.php\/2024\/05\/02\/ingilterede-muhafazakar-partililerin-facebook-gruplarinda-islam-karsiti-paylasimlar\/"},"modified":"2024-05-02T08:38:29","modified_gmt":"2024-05-02T05:38:29","slug":"ingilterede-muhafazakar-partililerin-facebook-gruplarinda-islam-karsiti-paylasimlar","status":"publish","type":"post","link":"https:\/\/kuzeyinsesi.org\/index.php\/2024\/05\/02\/ingilterede-muhafazakar-partililerin-facebook-gruplarinda-islam-karsiti-paylasimlar\/","title":{"rendered":"\u0130ngiltere&#039;de Muhafazakar Partililerin Facebook gruplar\u0131nda \u0130slam kar\u015f\u0131t\u0131 payla\u015f\u0131mlar"},"content":{"rendered":"<p><\/p>\n<div>\n<p>&#13;<br \/>\n\t\u0130ngiliz The Guardian gazetesinin haberine g\u00f6re \u00e7evre \u00f6rg\u00fct\u00fc Greenpeace&#8217;in <a href=\"https:\/\/www.trthaber.com\/etiket\/arastirma\/\" target=\"_blank\" rel=\"noopener\">ara\u015ft\u0131rma<\/a> birimi Unearthed, Khan&#8217;\u0131n politikalar\u0131n\u0131 ele\u015ftiren 36 kapal\u0131 <a href=\"https:\/\/www.trthaber.com\/etiket\/facebook\/\" target=\"_blank\" rel=\"noopener\">Facebook<\/a> grubunu inceledi.<\/p>\n<p>&#13;<br \/>\n\tToplamda 38 bin \u00fcyesi bulunan gruplar\u0131n y\u00f6neticilerini inceleyen Unearthed, ayn\u0131 3 ismin gruplarda y\u00f6neticilik yapt\u0131\u011f\u0131n\u0131 da ortaya \u00e7\u0131kard\u0131.<\/p>\n<p>&#13;<br \/>\n\tBunlardan birinin Muhafazakar Partili bir belediye meclis \u00fcyesi, birinin partinin dijital kampanyalardan sorumlu bir y\u00f6neticisi di\u011ferinin ise parti \u00fcyesi oldu\u011funu a\u00e7\u0131\u011fa \u00e7\u0131karan Unearthed, ba\u015fka belediye meclis \u00fcyeleri, yerel y\u00f6netici ve parti g\u00f6revlilerinin de gruplarda y\u00f6neticilik yapt\u0131\u011f\u0131n\u0131 belirledi.<\/p>\n<p>&#13;<br \/>\n\tUnearthed, Muhafazakar Partinin Londra Belediye Ba\u015fkan Aday\u0131 Susan Hall&#8217;un da 36 gruptan 6&#8217;s\u0131na \u00fcye oldu\u011funu a\u00e7\u0131klarken Hall, bug\u00fcn 7. gruba da \u00fcye oldu.<\/p>\n<p>&#13;<br \/>\n\tGrup \u00fcyeleri aras\u0131nda Muhafazakar Partili milletvekilleri de yer al\u0131yor.<\/p>\n<p>&#13;<br \/>\n\t<strong>&#8220;Karanl\u0131k g\u00fc\u00e7ler Khan&#8217;\u0131 da yok edebilir&#8221;<\/strong><\/p>\n<p>&#13;<br \/>\n\tS\u00f6z konusu Facebook gruplar\u0131nda Khan&#8217;\u0131n Londra&#8217;da trafi\u011fe \u00e7\u0131kan y\u00fcksek emisyonlu ara\u00e7lardan g\u00fcnl\u00fck \u00fccret al\u0131nmas\u0131 projesi (ULEZ) en \u00e7ok ele\u015ftirilen politika olarak dikkati \u00e7ekiyor.<\/p>\n<p>&#13;<br \/>\n\tGrup \u00fcyeleri, Khan&#8217;\u0131 ele\u015ftirmenin veya ona hakaret etmenin yan\u0131nda ULEZ kameralar\u0131n\u0131 da hedef alan payla\u015f\u0131mlarda bulunuyor.<\/p>\n<p>&#13;<br \/>\n\tPayla\u015f\u0131mlar\u0131nda ULEZ kameralar\u0131n\u0131n par\u00e7alanmas\u0131 veya boyanmas\u0131 gibi \u015fiddet eylemleri \u00f6v\u00fcl\u00fcrken Khan hakk\u0131nda &#8220;ter\u00f6r sevici&#8221; ve &#8220;Londra&#8217;y\u0131 \u0130slamc\u0131lara satt\u0131&#8221; gibi ithamlar yer al\u0131yor.<\/p>\n<p>&#13;<br \/>\n\tS\u00f6z konusu gruplardaki payla\u015f\u0131mlardan birinde ise, &#8220;Prenses Diana&#8217;y\u0131 yok eden karanl\u0131k g\u00fc\u00e7ler bu parag\u00f6z paraziti de yok edebilir.&#8221; yorumu dikkati \u00e7ekiyor<\/p>\n<p>&#13;<br \/>\n\tBa\u015fka bir payla\u015f\u0131mda ise Khan&#8217;\u0131n &#8220;Halk\u0131n b\u00fcy\u00fck bir ayaklanmas\u0131yla kar\u015f\u0131 kar\u015f\u0131ya kalaca\u011f\u0131 ve M\u00fcsl\u00fcmanlar\u0131n sokaklarda y\u00fcr\u00fcyemeyecek hale geldi\u011fi zamanlar\u0131 g\u00f6rece\u011fi&#8221; ifadeleri yer ald\u0131.<\/p>\n<p>&#13;<br \/>\n\t<strong>&#8220;Herhangi bir sayg\u0131n siyaset\u00e7i \u00f6z\u00fcr diler ve gruplardan ayr\u0131l\u0131rd\u0131&#8221;<\/strong><\/p>\n<p>&#13;<br \/>\n\tThe Guardian&#8217;a konu\u015fan Khan, yapt\u0131\u011f\u0131 a\u00e7\u0131klamada konunun kendisi, ailesi ve belediye \u00e7al\u0131\u015fanlar\u0131n\u0131n g\u00fcvenli\u011fi a\u00e7\u0131s\u0131ndan \u00f6nemli oldu\u011funu dile getirdi.<\/p>\n<p>&#13;<br \/>\n\tHall&#8217;un se\u00e7imi kazanmas\u0131 halinde en tehlikeli ve ayr\u0131mc\u0131 Londra Belediye Ba\u015fkan\u0131 olaca\u011f\u0131n\u0131 s\u00f6yleyen Khan, partisinin gruplarla ilgili polise \u015fikayette bulundu\u011funu kaydetti.<\/p>\n<p>&#13;<br \/>\n\t<a href=\"https:\/\/www.trthaber.com\/etiket\/isci\/\" target=\"_blank\" rel=\"noopener\">\u0130\u015f\u00e7i<\/a> Partili milletvekili Dawn Butler ise Londra Metropolitan <a href=\"https:\/\/www.trthaber.com\/etiket\/polis\/\" target=\"_blank\" rel=\"noopener\">Polis<\/a> te\u015fkilat\u0131na yazd\u0131\u011f\u0131 mektupta, &#8220;Bu payla\u015f\u0131mlar\u0131n \u0131rksal ve dini a\u00e7\u0131dan a\u011f\u0131r su\u00e7 i\u015fledi\u011fini d\u00fc\u015f\u00fcn\u00fcyorum. Bu su\u00e7lar\u0131n, bir\u00e7ok \u00f6nde gelen Muhafazakar Partili milletvekilinin \u00fcyesi oldu\u011fu gruplarda i\u015flenmesini \u015fok edici buluyorum. Hall neden bu nefret pazarlayan gruplara \u00fcye oldu\u011funu a\u00e7\u0131klamad\u0131 ama Londral\u0131lar bu davran\u0131\u015flar\u0131 ho\u015f g\u00f6rmesinden endi\u015fe duyacakt\u0131r.&#8221; ifadelerini kulland\u0131.<\/p>\n<p>&#13;<br \/>\n\tGreenpeace&#8217;ten Ami McCarthy ise a\u00e7\u0131klamas\u0131nda, &#8220;Herhangi bir sayg\u0131n siyaset\u00e7i, \u0131rk\u00e7\u0131l\u0131k, \u0130slamofobi ve su\u00e7 i\u00e7eren payla\u015f\u0131mlar\u0131 g\u00f6rd\u00fc\u011f\u00fc anda \u00f6z\u00fcr diler ve bu Facebook gruplar\u0131ndan ayr\u0131l\u0131rd\u0131. Ancak Susan Hall yapmad\u0131.&#8221; de\u011ferlendirmesini yapt\u0131.<\/p>\n<p>&#13;<br \/>\n\tMuhafazakar Parti, konuyla ilgili a\u00e7\u0131klama yapmazken ismi verilmeyen bir parti s\u00f6zc\u00fcs\u00fc, her t\u00fcrl\u00fc ayr\u0131mc\u0131 dili a\u00e7\u0131k\u00e7a k\u0131nad\u0131klar\u0131n\u0131, vandalizm ile su\u00e7u <a href=\"https:\/\/www.trthaber.com\/etiket\/tesvik\/\" target=\"_blank\" rel=\"noopener\">te\u015fvik<\/a> etmediklerini ve buna g\u00f6z yummad\u0131klar\u0131n\u0131 dile getirdi.<\/p>\n<\/p><\/div>\n","protected":false},"excerpt":{"rendered":"<p>&#13; \u0130ngiliz The Guardian gazetesinin haberine g\u00f6re \u00e7evre \u00f6rg\u00fct\u00fc Greenpeace&#8217;in ara\u015ft\u0131rma birimi Unearthed, Khan&#8217;\u0131n politikalar\u0131n\u0131 ele\u015ftiren 36 kapal\u0131 Facebook grubunu inceledi. &#13; Toplamda 38 bin \u00fcyesi bulunan gruplar\u0131n y\u00f6neticilerini inceleyen Unearthed, ayn\u0131 3 ismin gruplarda y\u00f6neticilik yapt\u0131\u011f\u0131n\u0131 da ortaya \u00e7\u0131kard\u0131. &#13; Bunlardan birinin Muhafazakar Partili bir belediye meclis \u00fcyesi, birinin partinin dijital kampanyalardan sorumlu bir [&hellip;]<\/p>\n","protected":false},"author":1,"featured_media":1181,"comment_status":"open","ping_status":"open","sticky":false,"template":"","format":"standard","meta":{"jnews-multi-image_gallery":[],"jnews_single_post":[],"jnews_primary_category":[],"jnews_social_meta":[],"jnews_override_counter":[],"footnotes":""},"categories":[2],"tags":[],"class_list":["post-1180","post","type-post","status-publish","format-standard","has-post-thumbnail","hentry","category-dunya"],"yoast_head":"<!-- This site is optimized with the Yoast SEO plugin v27.4 - https:\/\/yoast.com\/product\/yoast-seo-wordpress\/ -->\n<title>\u0130ngiltere&#039;de Muhafazakar Partililerin Facebook gruplar\u0131nda \u0130slam kar\u015f\u0131t\u0131 payla\u015f\u0131mlar - Kuzeyin Sesi<\/title>\n<meta name=\"robots\" content=\"index, follow, max-snippet:-1, max-image-preview:large, max-video-preview:-1\" \/>\n<link rel=\"canonical\" href=\"https:\/\/kuzeyinsesi.org\/index.php\/2024\/05\/02\/ingilterede-muhafazakar-partililerin-facebook-gruplarinda-islam-karsiti-paylasimlar\/\" \/>\n<meta property=\"og:locale\" content=\"tr_TR\" \/>\n<meta property=\"og:type\" content=\"article\" \/>\n<meta property=\"og:title\" content=\"\u0130ngiltere&#039;de Muhafazakar Partililerin Facebook gruplar\u0131nda \u0130slam kar\u015f\u0131t\u0131 payla\u015f\u0131mlar - Kuzeyin Sesi\" \/>\n<meta property=\"og:description\" content=\"&#013; \u0130ngiliz The Guardian gazetesinin haberine g\u00f6re \u00e7evre \u00f6rg\u00fct\u00fc Greenpeace&#8217;in ara\u015ft\u0131rma birimi Unearthed, Khan&#8217;\u0131n politikalar\u0131n\u0131 ele\u015ftiren 36 kapal\u0131 Facebook grubunu inceledi. &#013; Toplamda 38 bin \u00fcyesi bulunan gruplar\u0131n y\u00f6neticilerini inceleyen Unearthed, ayn\u0131 3 ismin gruplarda y\u00f6neticilik yapt\u0131\u011f\u0131n\u0131 da ortaya \u00e7\u0131kard\u0131. &#013; Bunlardan birinin Muhafazakar Partili bir belediye meclis \u00fcyesi, birinin partinin dijital kampanyalardan sorumlu bir [&hellip;]\" \/>\n<meta property=\"og:url\" content=\"https:\/\/kuzeyinsesi.org\/index.php\/2024\/05\/02\/ingilterede-muhafazakar-partililerin-facebook-gruplarinda-islam-karsiti-paylasimlar\/\" \/>\n<meta property=\"og:site_name\" content=\"Kuzeyin Sesi\" \/>\n<meta property=\"article:publisher\" content=\"https:\/\/www.facebook.com\/kuzeyinsesii\" \/>\n<meta property=\"article:published_time\" content=\"2024-05-02T05:38:29+00:00\" \/>\n<meta property=\"og:image\" content=\"https:\/\/kuzeyinsesi.org\/wp-content\/uploads\/2024\/05\/ingiltere-1566350.jpg\" \/>\n\t<meta property=\"og:image:width\" content=\"1280\" \/>\n\t<meta property=\"og:image:height\" content=\"720\" \/>\n\t<meta property=\"og:image:type\" content=\"image\/jpeg\" \/>\n<meta name=\"author\" content=\"Kuzeyin Sesi\" \/>\n<meta name=\"twitter:card\" content=\"summary_large_image\" \/>\n<meta name=\"twitter:creator\" content=\"@kuzeyinsesii\" \/>\n<meta name=\"twitter:site\" content=\"@kuzeyinsesii\" \/>\n<meta name=\"twitter:label1\" content=\"Yazan:\" \/>\n\t<meta name=\"twitter:data1\" content=\"Kuzeyin Sesi\" \/>\n\t<meta name=\"twitter:label2\" content=\"Tahmini okuma s\u00fcresi\" \/>\n\t<meta name=\"twitter:data2\" content=\"3 dakika\" \/>\n<script type=\"application\/ld+json\" class=\"yoast-schema-graph\">{\"@context\":\"https:\\\/\\\/schema.org\",\"@graph\":[{\"@type\":\"Article\",\"@id\":\"https:\\\/\\\/kuzeyinsesi.org\\\/index.php\\\/2024\\\/05\\\/02\\\/ingilterede-muhafazakar-partililerin-facebook-gruplarinda-islam-karsiti-paylasimlar\\\/#article\",\"isPartOf\":{\"@id\":\"https:\\\/\\\/kuzeyinsesi.org\\\/index.php\\\/2024\\\/05\\\/02\\\/ingilterede-muhafazakar-partililerin-facebook-gruplarinda-islam-karsiti-paylasimlar\\\/\"},\"author\":{\"name\":\"Kuzeyin Sesi\",\"@id\":\"https:\\\/\\\/kuzeyinsesi.org\\\/#\\\/schema\\\/person\\\/9f859689cdf01485597712386e37f5aa\"},\"headline\":\"\u0130ngiltere&#039;de Muhafazakar Partililerin Facebook gruplar\u0131nda \u0130slam kar\u015f\u0131t\u0131 payla\u015f\u0131mlar\",\"datePublished\":\"2024-05-02T05:38:29+00:00\",\"mainEntityOfPage\":{\"@id\":\"https:\\\/\\\/kuzeyinsesi.org\\\/index.php\\\/2024\\\/05\\\/02\\\/ingilterede-muhafazakar-partililerin-facebook-gruplarinda-islam-karsiti-paylasimlar\\\/\"},\"wordCount\":542,\"commentCount\":0,\"image\":{\"@id\":\"https:\\\/\\\/kuzeyinsesi.org\\\/index.php\\\/2024\\\/05\\\/02\\\/ingilterede-muhafazakar-partililerin-facebook-gruplarinda-islam-karsiti-paylasimlar\\\/#primaryimage\"},\"thumbnailUrl\":\"https:\\\/\\\/kuzeyinsesi.org\\\/wp-content\\\/uploads\\\/2024\\\/05\\\/ingiltere-1566350.jpg\",\"articleSection\":[\"D\u00fcnya\"],\"inLanguage\":\"tr\",\"potentialAction\":[{\"@type\":\"CommentAction\",\"name\":\"Comment\",\"target\":[\"https:\\\/\\\/kuzeyinsesi.org\\\/index.php\\\/2024\\\/05\\\/02\\\/ingilterede-muhafazakar-partililerin-facebook-gruplarinda-islam-karsiti-paylasimlar\\\/#respond\"]}]},{\"@type\":\"WebPage\",\"@id\":\"https:\\\/\\\/kuzeyinsesi.org\\\/index.php\\\/2024\\\/05\\\/02\\\/ingilterede-muhafazakar-partililerin-facebook-gruplarinda-islam-karsiti-paylasimlar\\\/\",\"url\":\"https:\\\/\\\/kuzeyinsesi.org\\\/index.php\\\/2024\\\/05\\\/02\\\/ingilterede-muhafazakar-partililerin-facebook-gruplarinda-islam-karsiti-paylasimlar\\\/\",\"name\":\"\u0130ngiltere&#039;de Muhafazakar Partililerin Facebook gruplar\u0131nda \u0130slam kar\u015f\u0131t\u0131 payla\u015f\u0131mlar - Kuzeyin Sesi\",\"isPartOf\":{\"@id\":\"https:\\\/\\\/kuzeyinsesi.org\\\/#website\"},\"primaryImageOfPage\":{\"@id\":\"https:\\\/\\\/kuzeyinsesi.org\\\/index.php\\\/2024\\\/05\\\/02\\\/ingilterede-muhafazakar-partililerin-facebook-gruplarinda-islam-karsiti-paylasimlar\\\/#primaryimage\"},\"image\":{\"@id\":\"https:\\\/\\\/kuzeyinsesi.org\\\/index.php\\\/2024\\\/05\\\/02\\\/ingilterede-muhafazakar-partililerin-facebook-gruplarinda-islam-karsiti-paylasimlar\\\/#primaryimage\"},\"thumbnailUrl\":\"https:\\\/\\\/kuzeyinsesi.org\\\/wp-content\\\/uploads\\\/2024\\\/05\\\/ingiltere-1566350.jpg\",\"datePublished\":\"2024-05-02T05:38:29+00:00\",\"author\":{\"@id\":\"https:\\\/\\\/kuzeyinsesi.org\\\/#\\\/schema\\\/person\\\/9f859689cdf01485597712386e37f5aa\"},\"breadcrumb\":{\"@id\":\"https:\\\/\\\/kuzeyinsesi.org\\\/index.php\\\/2024\\\/05\\\/02\\\/ingilterede-muhafazakar-partililerin-facebook-gruplarinda-islam-karsiti-paylasimlar\\\/#breadcrumb\"},\"inLanguage\":\"tr\",\"potentialAction\":[{\"@type\":\"ReadAction\",\"target\":[\"https:\\\/\\\/kuzeyinsesi.org\\\/index.php\\\/2024\\\/05\\\/02\\\/ingilterede-muhafazakar-partililerin-facebook-gruplarinda-islam-karsiti-paylasimlar\\\/\"]}]},{\"@type\":\"ImageObject\",\"inLanguage\":\"tr\",\"@id\":\"https:\\\/\\\/kuzeyinsesi.org\\\/index.php\\\/2024\\\/05\\\/02\\\/ingilterede-muhafazakar-partililerin-facebook-gruplarinda-islam-karsiti-paylasimlar\\\/#primaryimage\",\"url\":\"https:\\\/\\\/kuzeyinsesi.org\\\/wp-content\\\/uploads\\\/2024\\\/05\\\/ingiltere-1566350.jpg\",\"contentUrl\":\"https:\\\/\\\/kuzeyinsesi.org\\\/wp-content\\\/uploads\\\/2024\\\/05\\\/ingiltere-1566350.jpg\",\"width\":1280,\"height\":720},{\"@type\":\"BreadcrumbList\",\"@id\":\"https:\\\/\\\/kuzeyinsesi.org\\\/index.php\\\/2024\\\/05\\\/02\\\/ingilterede-muhafazakar-partililerin-facebook-gruplarinda-islam-karsiti-paylasimlar\\\/#breadcrumb\",\"itemListElement\":[{\"@type\":\"ListItem\",\"position\":1,\"name\":\"Anasayfa\",\"item\":\"https:\\\/\\\/kuzeyinsesi.org\\\/\"},{\"@type\":\"ListItem\",\"position\":2,\"name\":\"\u0130ngiltere&#039;de Muhafazakar Partililerin Facebook gruplar\u0131nda \u0130slam kar\u015f\u0131t\u0131 payla\u015f\u0131mlar\"}]},{\"@type\":\"WebSite\",\"@id\":\"https:\\\/\\\/kuzeyinsesi.org\\\/#website\",\"url\":\"https:\\\/\\\/kuzeyinsesi.org\\\/\",\"name\":\"Kuzeyin Sesi\",\"description\":\"Do\u011fru Haberin Adresi\",\"potentialAction\":[{\"@type\":\"SearchAction\",\"target\":{\"@type\":\"EntryPoint\",\"urlTemplate\":\"https:\\\/\\\/kuzeyinsesi.org\\\/?s={search_term_string}\"},\"query-input\":{\"@type\":\"PropertyValueSpecification\",\"valueRequired\":true,\"valueName\":\"search_term_string\"}}],\"inLanguage\":\"tr\"},{\"@type\":\"Person\",\"@id\":\"https:\\\/\\\/kuzeyinsesi.org\\\/#\\\/schema\\\/person\\\/9f859689cdf01485597712386e37f5aa\",\"name\":\"Kuzeyin Sesi\",\"image\":{\"@type\":\"ImageObject\",\"inLanguage\":\"tr\",\"@id\":\"https:\\\/\\\/secure.gravatar.com\\\/avatar\\\/bab33852abfd8b282518d6ed81826833d77c3c882d9ab608add591ccace47a44?s=96&d=mm&r=g\",\"url\":\"https:\\\/\\\/secure.gravatar.com\\\/avatar\\\/bab33852abfd8b282518d6ed81826833d77c3c882d9ab608add591ccace47a44?s=96&d=mm&r=g\",\"contentUrl\":\"https:\\\/\\\/secure.gravatar.com\\\/avatar\\\/bab33852abfd8b282518d6ed81826833d77c3c882d9ab608add591ccace47a44?s=96&d=mm&r=g\",\"caption\":\"Kuzeyin Sesi\"},\"sameAs\":[\"https:\\\/\\\/kuzeyinsesi.org\"],\"url\":\"https:\\\/\\\/kuzeyinsesi.org\\\/index.php\\\/author\\\/guven\\\/\"}]}<\/script>\n<!-- \/ Yoast SEO plugin. -->","yoast_head_json":{"title":"\u0130ngiltere&#039;de Muhafazakar Partililerin Facebook gruplar\u0131nda \u0130slam kar\u015f\u0131t\u0131 payla\u015f\u0131mlar - Kuzeyin Sesi","robots":{"index":"index","follow":"follow","max-snippet":"max-snippet:-1","max-image-preview":"max-image-preview:large","max-video-preview":"max-video-preview:-1"},"canonical":"https:\/\/kuzeyinsesi.org\/index.php\/2024\/05\/02\/ingilterede-muhafazakar-partililerin-facebook-gruplarinda-islam-karsiti-paylasimlar\/","og_locale":"tr_TR","og_type":"article","og_title":"\u0130ngiltere&#039;de Muhafazakar Partililerin Facebook gruplar\u0131nda \u0130slam kar\u015f\u0131t\u0131 payla\u015f\u0131mlar - Kuzeyin Sesi","og_description":"&#13; \u0130ngiliz The Guardian gazetesinin haberine g\u00f6re \u00e7evre \u00f6rg\u00fct\u00fc Greenpeace&#8217;in ara\u015ft\u0131rma birimi Unearthed, Khan&#8217;\u0131n politikalar\u0131n\u0131 ele\u015ftiren 36 kapal\u0131 Facebook grubunu inceledi. &#13; Toplamda 38 bin \u00fcyesi bulunan gruplar\u0131n y\u00f6neticilerini inceleyen Unearthed, ayn\u0131 3 ismin gruplarda y\u00f6neticilik yapt\u0131\u011f\u0131n\u0131 da ortaya \u00e7\u0131kard\u0131. &#13; Bunlardan birinin Muhafazakar Partili bir belediye meclis \u00fcyesi, birinin partinin dijital kampanyalardan sorumlu bir [&hellip;]","og_url":"https:\/\/kuzeyinsesi.org\/index.php\/2024\/05\/02\/ingilterede-muhafazakar-partililerin-facebook-gruplarinda-islam-karsiti-paylasimlar\/","og_site_name":"Kuzeyin Sesi","article_publisher":"https:\/\/www.facebook.com\/kuzeyinsesii","article_published_time":"2024-05-02T05:38:29+00:00","og_image":[{"width":1280,"height":720,"url":"https:\/\/kuzeyinsesi.org\/wp-content\/uploads\/2024\/05\/ingiltere-1566350.jpg","type":"image\/jpeg"}],"author":"Kuzeyin Sesi","twitter_card":"summary_large_image","twitter_creator":"@kuzeyinsesii","twitter_site":"@kuzeyinsesii","twitter_misc":{"Yazan:":"Kuzeyin Sesi","Tahmini okuma s\u00fcresi":"3 dakika"},"schema":{"@context":"https:\/\/schema.org","@graph":[{"@type":"Article","@id":"https:\/\/kuzeyinsesi.org\/index.php\/2024\/05\/02\/ingilterede-muhafazakar-partililerin-facebook-gruplarinda-islam-karsiti-paylasimlar\/#article","isPartOf":{"@id":"https:\/\/kuzeyinsesi.org\/index.php\/2024\/05\/02\/ingilterede-muhafazakar-partililerin-facebook-gruplarinda-islam-karsiti-paylasimlar\/"},"author":{"name":"Kuzeyin Sesi","@id":"https:\/\/kuzeyinsesi.org\/#\/schema\/person\/9f859689cdf01485597712386e37f5aa"},"headline":"\u0130ngiltere&#039;de Muhafazakar Partililerin Facebook gruplar\u0131nda \u0130slam kar\u015f\u0131t\u0131 payla\u015f\u0131mlar","datePublished":"2024-05-02T05:38:29+00:00","mainEntityOfPage":{"@id":"https:\/\/kuzeyinsesi.org\/index.php\/2024\/05\/02\/ingilterede-muhafazakar-partililerin-facebook-gruplarinda-islam-karsiti-paylasimlar\/"},"wordCount":542,"commentCount":0,"image":{"@id":"https:\/\/kuzeyinsesi.org\/index.php\/2024\/05\/02\/ingilterede-muhafazakar-partililerin-facebook-gruplarinda-islam-karsiti-paylasimlar\/#primaryimage"},"thumbnailUrl":"https:\/\/kuzeyinsesi.org\/wp-content\/uploads\/2024\/05\/ingiltere-1566350.jpg","articleSection":["D\u00fcnya"],"inLanguage":"tr","potentialAction":[{"@type":"CommentAction","name":"Comment","target":["https:\/\/kuzeyinsesi.org\/index.php\/2024\/05\/02\/ingilterede-muhafazakar-partililerin-facebook-gruplarinda-islam-karsiti-paylasimlar\/#respond"]}]},{"@type":"WebPage","@id":"https:\/\/kuzeyinsesi.org\/index.php\/2024\/05\/02\/ingilterede-muhafazakar-partililerin-facebook-gruplarinda-islam-karsiti-paylasimlar\/","url":"https:\/\/kuzeyinsesi.org\/index.php\/2024\/05\/02\/ingilterede-muhafazakar-partililerin-facebook-gruplarinda-islam-karsiti-paylasimlar\/","name":"\u0130ngiltere&#039;de Muhafazakar Partililerin Facebook gruplar\u0131nda \u0130slam kar\u015f\u0131t\u0131 payla\u015f\u0131mlar - Kuzeyin Sesi","isPartOf":{"@id":"https:\/\/kuzeyinsesi.org\/#website"},"primaryImageOfPage":{"@id":"https:\/\/kuzeyinsesi.org\/index.php\/2024\/05\/02\/ingilterede-muhafazakar-partililerin-facebook-gruplarinda-islam-karsiti-paylasimlar\/#primaryimage"},"image":{"@id":"https:\/\/kuzeyinsesi.org\/index.php\/2024\/05\/02\/ingilterede-muhafazakar-partililerin-facebook-gruplarinda-islam-karsiti-paylasimlar\/#primaryimage"},"thumbnailUrl":"https:\/\/kuzeyinsesi.org\/wp-content\/uploads\/2024\/05\/ingiltere-1566350.jpg","datePublished":"2024-05-02T05:38:29+00:00","author":{"@id":"https:\/\/kuzeyinsesi.org\/#\/schema\/person\/9f859689cdf01485597712386e37f5aa"},"breadcrumb":{"@id":"https:\/\/kuzeyinsesi.org\/index.php\/2024\/05\/02\/ingilterede-muhafazakar-partililerin-facebook-gruplarinda-islam-karsiti-paylasimlar\/#breadcrumb"},"inLanguage":"tr","potentialAction":[{"@type":"ReadAction","target":["https:\/\/kuzeyinsesi.org\/index.php\/2024\/05\/02\/ingilterede-muhafazakar-partililerin-facebook-gruplarinda-islam-karsiti-paylasimlar\/"]}]},{"@type":"ImageObject","inLanguage":"tr","@id":"https:\/\/kuzeyinsesi.org\/index.php\/2024\/05\/02\/ingilterede-muhafazakar-partililerin-facebook-gruplarinda-islam-karsiti-paylasimlar\/#primaryimage","url":"https:\/\/kuzeyinsesi.org\/wp-content\/uploads\/2024\/05\/ingiltere-1566350.jpg","contentUrl":"https:\/\/kuzeyinsesi.org\/wp-content\/uploads\/2024\/05\/ingiltere-1566350.jpg","width":1280,"height":720},{"@type":"BreadcrumbList","@id":"https:\/\/kuzeyinsesi.org\/index.php\/2024\/05\/02\/ingilterede-muhafazakar-partililerin-facebook-gruplarinda-islam-karsiti-paylasimlar\/#breadcrumb","itemListElement":[{"@type":"ListItem","position":1,"name":"Anasayfa","item":"https:\/\/kuzeyinsesi.org\/"},{"@type":"ListItem","position":2,"name":"\u0130ngiltere&#039;de Muhafazakar Partililerin Facebook gruplar\u0131nda \u0130slam kar\u015f\u0131t\u0131 payla\u015f\u0131mlar"}]},{"@type":"WebSite","@id":"https:\/\/kuzeyinsesi.org\/#website","url":"https:\/\/kuzeyinsesi.org\/","name":"Kuzeyin Sesi","description":"Do\u011fru Haberin Adresi","potentialAction":[{"@type":"SearchAction","target":{"@type":"EntryPoint","urlTemplate":"https:\/\/kuzeyinsesi.org\/?s={search_term_string}"},"query-input":{"@type":"PropertyValueSpecification","valueRequired":true,"valueName":"search_term_string"}}],"inLanguage":"tr"},{"@type":"Person","@id":"https:\/\/kuzeyinsesi.org\/#\/schema\/person\/9f859689cdf01485597712386e37f5aa","name":"Kuzeyin Sesi","image":{"@type":"ImageObject","inLanguage":"tr","@id":"https:\/\/secure.gravatar.com\/avatar\/bab33852abfd8b282518d6ed81826833d77c3c882d9ab608add591ccace47a44?s=96&d=mm&r=g","url":"https:\/\/secure.gravatar.com\/avatar\/bab33852abfd8b282518d6ed81826833d77c3c882d9ab608add591ccace47a44?s=96&d=mm&r=g","contentUrl":"https:\/\/secure.gravatar.com\/avatar\/bab33852abfd8b282518d6ed81826833d77c3c882d9ab608add591ccace47a44?s=96&d=mm&r=g","caption":"Kuzeyin Sesi"},"sameAs":["https:\/\/kuzeyinsesi.org"],"url":"https:\/\/kuzeyinsesi.org\/index.php\/author\/guven\/"}]}},"_links":{"self":[{"href":"https:\/\/kuzeyinsesi.org\/index.php\/wp-json\/wp\/v2\/posts\/1180","targetHints":{"allow":["GET"]}}],"collection":[{"href":"https:\/\/kuzeyinsesi.org\/index.php\/wp-json\/wp\/v2\/posts"}],"about":[{"href":"https:\/\/kuzeyinsesi.org\/index.php\/wp-json\/wp\/v2\/types\/post"}],"author":[{"embeddable":true,"href":"https:\/\/kuzeyinsesi.org\/index.php\/wp-json\/wp\/v2\/users\/1"}],"replies":[{"embeddable":true,"href":"https:\/\/kuzeyinsesi.org\/index.php\/wp-json\/wp\/v2\/comments?post=1180"}],"version-history":[{"count":0,"href":"https:\/\/kuzeyinsesi.org\/index.php\/wp-json\/wp\/v2\/posts\/1180\/revisions"}],"wp:featuredmedia":[{"embeddable":true,"href":"https:\/\/kuzeyinsesi.org\/index.php\/wp-json\/wp\/v2\/media\/1181"}],"wp:attachment":[{"href":"https:\/\/kuzeyinsesi.org\/index.php\/wp-json\/wp\/v2\/media?parent=1180"}],"wp:term":[{"taxonomy":"category","embeddable":true,"href":"https:\/\/kuzeyinsesi.org\/index.php\/wp-json\/wp\/v2\/categories?post=1180"},{"taxonomy":"post_tag","embeddable":true,"href":"https:\/\/kuzeyinsesi.org\/index.php\/wp-json\/wp\/v2\/tags?post=1180"}],"curies":[{"name":"wp","href":"https:\/\/api.w.org\/{rel}","templated":true}]}}