{"id":11798,"date":"2024-10-17T19:21:20","date_gmt":"2024-10-17T16:21:20","guid":{"rendered":"https:\/\/kuzeyinsesi.org\/index.php\/2024\/10\/17\/magusa-kent-orkestrasi-unutulmaz-ask-sarkilari-konseri-duzenleyecek\/"},"modified":"2024-10-17T19:21:20","modified_gmt":"2024-10-17T16:21:20","slug":"magusa-kent-orkestrasi-unutulmaz-ask-sarkilari-konseri-duzenleyecek","status":"publish","type":"post","link":"https:\/\/kuzeyinsesi.org\/index.php\/2024\/10\/17\/magusa-kent-orkestrasi-unutulmaz-ask-sarkilari-konseri-duzenleyecek\/","title":{"rendered":"Ma\u011fusa Kent Orkestras\u0131 \u201cUnutulmaz A\u015fk \u015eark\u0131lar\u0131\u201d konseri d\u00fczenleyecek"},"content":{"rendered":"<div>\n<div class=\"mariselle-image-container center\">\n                                            <\/div>\n<p>Gazima\u011fusa Belediyesi b\u00fcnyesinde yeni kurulan Ma\u011fusa Kent Orkestras\u0131 \u201cUnutulmaz A\u015fk \u015eark\u0131lar\u0131\u201d konseri verecek.<\/p>\n<p>Konser, 19 Ekim Cumartesi saat 19.00\u2019da Nam\u0131k Kemal Meydan\u0131\u2019nda \u00fccretsiz olarak ger\u00e7ekle\u015ftirilecek. <\/p>\n<p>Oskay Hoca, Atakan Sar\u0131 ve Mustafa Fegan\u2019\u0131n ortak vizyonuyla 2024 y\u0131l\u0131n\u0131n bahar aylar\u0131nda, 15 g\u00f6n\u00fcll\u00fc m\u00fczisyenin olu\u015fturdu\u011fu Ma\u011fusa Kent Orkestras\u0131, kente farkl\u0131 bir t\u0131n\u0131, yeni bir ses kazand\u0131rmay\u0131 ama\u00e7l\u0131yor.<\/p>\n<\/p><\/div>\n<p><script async\n                    defer\n                    crossorigin=\"anonymous\"\n                    src=\"https:\/\/connect.facebook.net\/tr_TR\/sdk.js#xfbml=1&#038;version=v3.3\"\n            ><\/script><\/p>\n","protected":false},"excerpt":{"rendered":"<p>Gazima\u011fusa Belediyesi b\u00fcnyesinde yeni kurulan Ma\u011fusa Kent Orkestras\u0131 \u201cUnutulmaz A\u015fk \u015eark\u0131lar\u0131\u201d konseri verecek. Konser, 19 Ekim Cumartesi saat 19.00\u2019da Nam\u0131k Kemal Meydan\u0131\u2019nda \u00fccretsiz olarak ger\u00e7ekle\u015ftirilecek. Oskay Hoca, Atakan Sar\u0131 ve Mustafa Fegan\u2019\u0131n ortak vizyonuyla 2024 y\u0131l\u0131n\u0131n bahar aylar\u0131nda, 15 g\u00f6n\u00fcll\u00fc m\u00fczisyenin olu\u015fturdu\u011fu Ma\u011fusa Kent Orkestras\u0131, kente farkl\u0131 bir t\u0131n\u0131, yeni bir ses kazand\u0131rmay\u0131 ama\u00e7l\u0131yor.<\/p>\n","protected":false},"author":1,"featured_media":11799,"comment_status":"open","ping_status":"open","sticky":false,"template":"","format":"standard","meta":{"jnews-multi-image_gallery":[],"jnews_single_post":[],"jnews_primary_category":[],"jnews_social_meta":[],"jnews_override_counter":[],"footnotes":""},"categories":[6],"tags":[],"class_list":["post-11798","post","type-post","status-publish","format-standard","has-post-thumbnail","hentry","category-yasam"],"yoast_head":"<!-- This site is optimized with the Yoast SEO plugin v27.4 - https:\/\/yoast.com\/product\/yoast-seo-wordpress\/ -->\n<title>Ma\u011fusa Kent Orkestras\u0131 \u201cUnutulmaz A\u015fk \u015eark\u0131lar\u0131\u201d konseri d\u00fczenleyecek - Kuzeyin Sesi<\/title>\n<meta name=\"robots\" content=\"index, follow, max-snippet:-1, max-image-preview:large, max-video-preview:-1\" \/>\n<link rel=\"canonical\" href=\"https:\/\/kuzeyinsesi.org\/index.php\/2024\/10\/17\/magusa-kent-orkestrasi-unutulmaz-ask-sarkilari-konseri-duzenleyecek\/\" \/>\n<meta property=\"og:locale\" content=\"tr_TR\" \/>\n<meta property=\"og:type\" content=\"article\" \/>\n<meta property=\"og:title\" content=\"Ma\u011fusa Kent Orkestras\u0131 \u201cUnutulmaz A\u015fk \u015eark\u0131lar\u0131\u201d konseri d\u00fczenleyecek - Kuzeyin Sesi\" \/>\n<meta property=\"og:description\" content=\"Gazima\u011fusa Belediyesi b\u00fcnyesinde yeni kurulan Ma\u011fusa Kent Orkestras\u0131 \u201cUnutulmaz A\u015fk \u015eark\u0131lar\u0131\u201d konseri verecek. Konser, 19 Ekim Cumartesi saat 19.00\u2019da Nam\u0131k Kemal Meydan\u0131\u2019nda \u00fccretsiz olarak ger\u00e7ekle\u015ftirilecek. Oskay Hoca, Atakan Sar\u0131 ve Mustafa Fegan\u2019\u0131n ortak vizyonuyla 2024 y\u0131l\u0131n\u0131n bahar aylar\u0131nda, 15 g\u00f6n\u00fcll\u00fc m\u00fczisyenin olu\u015fturdu\u011fu Ma\u011fusa Kent Orkestras\u0131, kente farkl\u0131 bir t\u0131n\u0131, yeni bir ses kazand\u0131rmay\u0131 ama\u00e7l\u0131yor.\" \/>\n<meta property=\"og:url\" content=\"https:\/\/kuzeyinsesi.org\/index.php\/2024\/10\/17\/magusa-kent-orkestrasi-unutulmaz-ask-sarkilari-konseri-duzenleyecek\/\" \/>\n<meta property=\"og:site_name\" content=\"Kuzeyin Sesi\" \/>\n<meta property=\"article:publisher\" content=\"https:\/\/www.facebook.com\/kuzeyinsesii\" \/>\n<meta property=\"article:published_time\" content=\"2024-10-17T16:21:20+00:00\" \/>\n<meta property=\"og:image\" content=\"https:\/\/brtk.net\/wp-content\/uploads\/2024\/10\/17\/magusa-kent-orkestrasi-konseri.jpeg?ver=f02e0b0dc0c6e994390364202c3c81b0\" \/>\n<meta name=\"author\" content=\"Kuzeyin Sesi\" \/>\n<meta name=\"twitter:card\" content=\"summary_large_image\" \/>\n<meta name=\"twitter:creator\" content=\"@kuzeyinsesii\" \/>\n<meta name=\"twitter:site\" content=\"@kuzeyinsesii\" \/>\n<meta name=\"twitter:label1\" content=\"Yazan:\" \/>\n\t<meta name=\"twitter:data1\" content=\"Kuzeyin Sesi\" \/>\n<script type=\"application\/ld+json\" class=\"yoast-schema-graph\">{\"@context\":\"https:\\\/\\\/schema.org\",\"@graph\":[{\"@type\":\"Article\",\"@id\":\"https:\\\/\\\/kuzeyinsesi.org\\\/index.php\\\/2024\\\/10\\\/17\\\/magusa-kent-orkestrasi-unutulmaz-ask-sarkilari-konseri-duzenleyecek\\\/#article\",\"isPartOf\":{\"@id\":\"https:\\\/\\\/kuzeyinsesi.org\\\/index.php\\\/2024\\\/10\\\/17\\\/magusa-kent-orkestrasi-unutulmaz-ask-sarkilari-konseri-duzenleyecek\\\/\"},\"author\":{\"name\":\"Kuzeyin Sesi\",\"@id\":\"https:\\\/\\\/kuzeyinsesi.org\\\/#\\\/schema\\\/person\\\/9f859689cdf01485597712386e37f5aa\"},\"headline\":\"Ma\u011fusa Kent Orkestras\u0131 \u201cUnutulmaz A\u015fk \u015eark\u0131lar\u0131\u201d konseri d\u00fczenleyecek\",\"datePublished\":\"2024-10-17T16:21:20+00:00\",\"mainEntityOfPage\":{\"@id\":\"https:\\\/\\\/kuzeyinsesi.org\\\/index.php\\\/2024\\\/10\\\/17\\\/magusa-kent-orkestrasi-unutulmaz-ask-sarkilari-konseri-duzenleyecek\\\/\"},\"wordCount\":87,\"commentCount\":0,\"image\":{\"@id\":\"https:\\\/\\\/kuzeyinsesi.org\\\/index.php\\\/2024\\\/10\\\/17\\\/magusa-kent-orkestrasi-unutulmaz-ask-sarkilari-konseri-duzenleyecek\\\/#primaryimage\"},\"thumbnailUrl\":\"https:\\\/\\\/kuzeyinsesi.org\\\/wp-content\\\/uploads\\\/2024\\\/10\\\/magusa-kent-orkestrasi-konseri.jpeg\",\"articleSection\":[\"Ya\u015fam\"],\"inLanguage\":\"tr\",\"potentialAction\":[{\"@type\":\"CommentAction\",\"name\":\"Comment\",\"target\":[\"https:\\\/\\\/kuzeyinsesi.org\\\/index.php\\\/2024\\\/10\\\/17\\\/magusa-kent-orkestrasi-unutulmaz-ask-sarkilari-konseri-duzenleyecek\\\/#respond\"]}]},{\"@type\":\"WebPage\",\"@id\":\"https:\\\/\\\/kuzeyinsesi.org\\\/index.php\\\/2024\\\/10\\\/17\\\/magusa-kent-orkestrasi-unutulmaz-ask-sarkilari-konseri-duzenleyecek\\\/\",\"url\":\"https:\\\/\\\/kuzeyinsesi.org\\\/index.php\\\/2024\\\/10\\\/17\\\/magusa-kent-orkestrasi-unutulmaz-ask-sarkilari-konseri-duzenleyecek\\\/\",\"name\":\"Ma\u011fusa Kent Orkestras\u0131 \u201cUnutulmaz A\u015fk \u015eark\u0131lar\u0131\u201d konseri d\u00fczenleyecek - Kuzeyin Sesi\",\"isPartOf\":{\"@id\":\"https:\\\/\\\/kuzeyinsesi.org\\\/#website\"},\"primaryImageOfPage\":{\"@id\":\"https:\\\/\\\/kuzeyinsesi.org\\\/index.php\\\/2024\\\/10\\\/17\\\/magusa-kent-orkestrasi-unutulmaz-ask-sarkilari-konseri-duzenleyecek\\\/#primaryimage\"},\"image\":{\"@id\":\"https:\\\/\\\/kuzeyinsesi.org\\\/index.php\\\/2024\\\/10\\\/17\\\/magusa-kent-orkestrasi-unutulmaz-ask-sarkilari-konseri-duzenleyecek\\\/#primaryimage\"},\"thumbnailUrl\":\"https:\\\/\\\/kuzeyinsesi.org\\\/wp-content\\\/uploads\\\/2024\\\/10\\\/magusa-kent-orkestrasi-konseri.jpeg\",\"datePublished\":\"2024-10-17T16:21:20+00:00\",\"author\":{\"@id\":\"https:\\\/\\\/kuzeyinsesi.org\\\/#\\\/schema\\\/person\\\/9f859689cdf01485597712386e37f5aa\"},\"breadcrumb\":{\"@id\":\"https:\\\/\\\/kuzeyinsesi.org\\\/index.php\\\/2024\\\/10\\\/17\\\/magusa-kent-orkestrasi-unutulmaz-ask-sarkilari-konseri-duzenleyecek\\\/#breadcrumb\"},\"inLanguage\":\"tr\",\"potentialAction\":[{\"@type\":\"ReadAction\",\"target\":[\"https:\\\/\\\/kuzeyinsesi.org\\\/index.php\\\/2024\\\/10\\\/17\\\/magusa-kent-orkestrasi-unutulmaz-ask-sarkilari-konseri-duzenleyecek\\\/\"]}]},{\"@type\":\"ImageObject\",\"inLanguage\":\"tr\",\"@id\":\"https:\\\/\\\/kuzeyinsesi.org\\\/index.php\\\/2024\\\/10\\\/17\\\/magusa-kent-orkestrasi-unutulmaz-ask-sarkilari-konseri-duzenleyecek\\\/#primaryimage\",\"url\":\"https:\\\/\\\/kuzeyinsesi.org\\\/wp-content\\\/uploads\\\/2024\\\/10\\\/magusa-kent-orkestrasi-konseri.jpeg\",\"contentUrl\":\"https:\\\/\\\/kuzeyinsesi.org\\\/wp-content\\\/uploads\\\/2024\\\/10\\\/magusa-kent-orkestrasi-konseri.jpeg\",\"width\":1600,\"height\":1279},{\"@type\":\"BreadcrumbList\",\"@id\":\"https:\\\/\\\/kuzeyinsesi.org\\\/index.php\\\/2024\\\/10\\\/17\\\/magusa-kent-orkestrasi-unutulmaz-ask-sarkilari-konseri-duzenleyecek\\\/#breadcrumb\",\"itemListElement\":[{\"@type\":\"ListItem\",\"position\":1,\"name\":\"Anasayfa\",\"item\":\"https:\\\/\\\/kuzeyinsesi.org\\\/\"},{\"@type\":\"ListItem\",\"position\":2,\"name\":\"Ma\u011fusa Kent Orkestras\u0131 \u201cUnutulmaz A\u015fk \u015eark\u0131lar\u0131\u201d konseri d\u00fczenleyecek\"}]},{\"@type\":\"WebSite\",\"@id\":\"https:\\\/\\\/kuzeyinsesi.org\\\/#website\",\"url\":\"https:\\\/\\\/kuzeyinsesi.org\\\/\",\"name\":\"Kuzeyin Sesi\",\"description\":\"Do\u011fru Haberin Adresi\",\"potentialAction\":[{\"@type\":\"SearchAction\",\"target\":{\"@type\":\"EntryPoint\",\"urlTemplate\":\"https:\\\/\\\/kuzeyinsesi.org\\\/?s={search_term_string}\"},\"query-input\":{\"@type\":\"PropertyValueSpecification\",\"valueRequired\":true,\"valueName\":\"search_term_string\"}}],\"inLanguage\":\"tr\"},{\"@type\":\"Person\",\"@id\":\"https:\\\/\\\/kuzeyinsesi.org\\\/#\\\/schema\\\/person\\\/9f859689cdf01485597712386e37f5aa\",\"name\":\"Kuzeyin Sesi\",\"image\":{\"@type\":\"ImageObject\",\"inLanguage\":\"tr\",\"@id\":\"https:\\\/\\\/secure.gravatar.com\\\/avatar\\\/bab33852abfd8b282518d6ed81826833d77c3c882d9ab608add591ccace47a44?s=96&d=mm&r=g\",\"url\":\"https:\\\/\\\/secure.gravatar.com\\\/avatar\\\/bab33852abfd8b282518d6ed81826833d77c3c882d9ab608add591ccace47a44?s=96&d=mm&r=g\",\"contentUrl\":\"https:\\\/\\\/secure.gravatar.com\\\/avatar\\\/bab33852abfd8b282518d6ed81826833d77c3c882d9ab608add591ccace47a44?s=96&d=mm&r=g\",\"caption\":\"Kuzeyin Sesi\"},\"sameAs\":[\"https:\\\/\\\/kuzeyinsesi.org\"],\"url\":\"https:\\\/\\\/kuzeyinsesi.org\\\/index.php\\\/author\\\/guven\\\/\"}]}<\/script>\n<!-- \/ Yoast SEO plugin. -->","yoast_head_json":{"title":"Ma\u011fusa Kent Orkestras\u0131 \u201cUnutulmaz A\u015fk \u015eark\u0131lar\u0131\u201d konseri d\u00fczenleyecek - Kuzeyin Sesi","robots":{"index":"index","follow":"follow","max-snippet":"max-snippet:-1","max-image-preview":"max-image-preview:large","max-video-preview":"max-video-preview:-1"},"canonical":"https:\/\/kuzeyinsesi.org\/index.php\/2024\/10\/17\/magusa-kent-orkestrasi-unutulmaz-ask-sarkilari-konseri-duzenleyecek\/","og_locale":"tr_TR","og_type":"article","og_title":"Ma\u011fusa Kent Orkestras\u0131 \u201cUnutulmaz A\u015fk \u015eark\u0131lar\u0131\u201d konseri d\u00fczenleyecek - Kuzeyin Sesi","og_description":"Gazima\u011fusa Belediyesi b\u00fcnyesinde yeni kurulan Ma\u011fusa Kent Orkestras\u0131 \u201cUnutulmaz A\u015fk \u015eark\u0131lar\u0131\u201d konseri verecek. Konser, 19 Ekim Cumartesi saat 19.00\u2019da Nam\u0131k Kemal Meydan\u0131\u2019nda \u00fccretsiz olarak ger\u00e7ekle\u015ftirilecek. Oskay Hoca, Atakan Sar\u0131 ve Mustafa Fegan\u2019\u0131n ortak vizyonuyla 2024 y\u0131l\u0131n\u0131n bahar aylar\u0131nda, 15 g\u00f6n\u00fcll\u00fc m\u00fczisyenin olu\u015fturdu\u011fu Ma\u011fusa Kent Orkestras\u0131, kente farkl\u0131 bir t\u0131n\u0131, yeni bir ses kazand\u0131rmay\u0131 ama\u00e7l\u0131yor.","og_url":"https:\/\/kuzeyinsesi.org\/index.php\/2024\/10\/17\/magusa-kent-orkestrasi-unutulmaz-ask-sarkilari-konseri-duzenleyecek\/","og_site_name":"Kuzeyin Sesi","article_publisher":"https:\/\/www.facebook.com\/kuzeyinsesii","article_published_time":"2024-10-17T16:21:20+00:00","og_image":[{"url":"https:\/\/brtk.net\/wp-content\/uploads\/2024\/10\/17\/magusa-kent-orkestrasi-konseri.jpeg?ver=f02e0b0dc0c6e994390364202c3c81b0","type":"","width":"","height":""}],"author":"Kuzeyin Sesi","twitter_card":"summary_large_image","twitter_creator":"@kuzeyinsesii","twitter_site":"@kuzeyinsesii","twitter_misc":{"Yazan:":"Kuzeyin Sesi"},"schema":{"@context":"https:\/\/schema.org","@graph":[{"@type":"Article","@id":"https:\/\/kuzeyinsesi.org\/index.php\/2024\/10\/17\/magusa-kent-orkestrasi-unutulmaz-ask-sarkilari-konseri-duzenleyecek\/#article","isPartOf":{"@id":"https:\/\/kuzeyinsesi.org\/index.php\/2024\/10\/17\/magusa-kent-orkestrasi-unutulmaz-ask-sarkilari-konseri-duzenleyecek\/"},"author":{"name":"Kuzeyin Sesi","@id":"https:\/\/kuzeyinsesi.org\/#\/schema\/person\/9f859689cdf01485597712386e37f5aa"},"headline":"Ma\u011fusa Kent Orkestras\u0131 \u201cUnutulmaz A\u015fk \u015eark\u0131lar\u0131\u201d konseri d\u00fczenleyecek","datePublished":"2024-10-17T16:21:20+00:00","mainEntityOfPage":{"@id":"https:\/\/kuzeyinsesi.org\/index.php\/2024\/10\/17\/magusa-kent-orkestrasi-unutulmaz-ask-sarkilari-konseri-duzenleyecek\/"},"wordCount":87,"commentCount":0,"image":{"@id":"https:\/\/kuzeyinsesi.org\/index.php\/2024\/10\/17\/magusa-kent-orkestrasi-unutulmaz-ask-sarkilari-konseri-duzenleyecek\/#primaryimage"},"thumbnailUrl":"https:\/\/kuzeyinsesi.org\/wp-content\/uploads\/2024\/10\/magusa-kent-orkestrasi-konseri.jpeg","articleSection":["Ya\u015fam"],"inLanguage":"tr","potentialAction":[{"@type":"CommentAction","name":"Comment","target":["https:\/\/kuzeyinsesi.org\/index.php\/2024\/10\/17\/magusa-kent-orkestrasi-unutulmaz-ask-sarkilari-konseri-duzenleyecek\/#respond"]}]},{"@type":"WebPage","@id":"https:\/\/kuzeyinsesi.org\/index.php\/2024\/10\/17\/magusa-kent-orkestrasi-unutulmaz-ask-sarkilari-konseri-duzenleyecek\/","url":"https:\/\/kuzeyinsesi.org\/index.php\/2024\/10\/17\/magusa-kent-orkestrasi-unutulmaz-ask-sarkilari-konseri-duzenleyecek\/","name":"Ma\u011fusa Kent Orkestras\u0131 \u201cUnutulmaz A\u015fk \u015eark\u0131lar\u0131\u201d konseri d\u00fczenleyecek - Kuzeyin Sesi","isPartOf":{"@id":"https:\/\/kuzeyinsesi.org\/#website"},"primaryImageOfPage":{"@id":"https:\/\/kuzeyinsesi.org\/index.php\/2024\/10\/17\/magusa-kent-orkestrasi-unutulmaz-ask-sarkilari-konseri-duzenleyecek\/#primaryimage"},"image":{"@id":"https:\/\/kuzeyinsesi.org\/index.php\/2024\/10\/17\/magusa-kent-orkestrasi-unutulmaz-ask-sarkilari-konseri-duzenleyecek\/#primaryimage"},"thumbnailUrl":"https:\/\/kuzeyinsesi.org\/wp-content\/uploads\/2024\/10\/magusa-kent-orkestrasi-konseri.jpeg","datePublished":"2024-10-17T16:21:20+00:00","author":{"@id":"https:\/\/kuzeyinsesi.org\/#\/schema\/person\/9f859689cdf01485597712386e37f5aa"},"breadcrumb":{"@id":"https:\/\/kuzeyinsesi.org\/index.php\/2024\/10\/17\/magusa-kent-orkestrasi-unutulmaz-ask-sarkilari-konseri-duzenleyecek\/#breadcrumb"},"inLanguage":"tr","potentialAction":[{"@type":"ReadAction","target":["https:\/\/kuzeyinsesi.org\/index.php\/2024\/10\/17\/magusa-kent-orkestrasi-unutulmaz-ask-sarkilari-konseri-duzenleyecek\/"]}]},{"@type":"ImageObject","inLanguage":"tr","@id":"https:\/\/kuzeyinsesi.org\/index.php\/2024\/10\/17\/magusa-kent-orkestrasi-unutulmaz-ask-sarkilari-konseri-duzenleyecek\/#primaryimage","url":"https:\/\/kuzeyinsesi.org\/wp-content\/uploads\/2024\/10\/magusa-kent-orkestrasi-konseri.jpeg","contentUrl":"https:\/\/kuzeyinsesi.org\/wp-content\/uploads\/2024\/10\/magusa-kent-orkestrasi-konseri.jpeg","width":1600,"height":1279},{"@type":"BreadcrumbList","@id":"https:\/\/kuzeyinsesi.org\/index.php\/2024\/10\/17\/magusa-kent-orkestrasi-unutulmaz-ask-sarkilari-konseri-duzenleyecek\/#breadcrumb","itemListElement":[{"@type":"ListItem","position":1,"name":"Anasayfa","item":"https:\/\/kuzeyinsesi.org\/"},{"@type":"ListItem","position":2,"name":"Ma\u011fusa Kent Orkestras\u0131 \u201cUnutulmaz A\u015fk \u015eark\u0131lar\u0131\u201d konseri d\u00fczenleyecek"}]},{"@type":"WebSite","@id":"https:\/\/kuzeyinsesi.org\/#website","url":"https:\/\/kuzeyinsesi.org\/","name":"Kuzeyin Sesi","description":"Do\u011fru Haberin Adresi","potentialAction":[{"@type":"SearchAction","target":{"@type":"EntryPoint","urlTemplate":"https:\/\/kuzeyinsesi.org\/?s={search_term_string}"},"query-input":{"@type":"PropertyValueSpecification","valueRequired":true,"valueName":"search_term_string"}}],"inLanguage":"tr"},{"@type":"Person","@id":"https:\/\/kuzeyinsesi.org\/#\/schema\/person\/9f859689cdf01485597712386e37f5aa","name":"Kuzeyin Sesi","image":{"@type":"ImageObject","inLanguage":"tr","@id":"https:\/\/secure.gravatar.com\/avatar\/bab33852abfd8b282518d6ed81826833d77c3c882d9ab608add591ccace47a44?s=96&d=mm&r=g","url":"https:\/\/secure.gravatar.com\/avatar\/bab33852abfd8b282518d6ed81826833d77c3c882d9ab608add591ccace47a44?s=96&d=mm&r=g","contentUrl":"https:\/\/secure.gravatar.com\/avatar\/bab33852abfd8b282518d6ed81826833d77c3c882d9ab608add591ccace47a44?s=96&d=mm&r=g","caption":"Kuzeyin Sesi"},"sameAs":["https:\/\/kuzeyinsesi.org"],"url":"https:\/\/kuzeyinsesi.org\/index.php\/author\/guven\/"}]}},"_links":{"self":[{"href":"https:\/\/kuzeyinsesi.org\/index.php\/wp-json\/wp\/v2\/posts\/11798","targetHints":{"allow":["GET"]}}],"collection":[{"href":"https:\/\/kuzeyinsesi.org\/index.php\/wp-json\/wp\/v2\/posts"}],"about":[{"href":"https:\/\/kuzeyinsesi.org\/index.php\/wp-json\/wp\/v2\/types\/post"}],"author":[{"embeddable":true,"href":"https:\/\/kuzeyinsesi.org\/index.php\/wp-json\/wp\/v2\/users\/1"}],"replies":[{"embeddable":true,"href":"https:\/\/kuzeyinsesi.org\/index.php\/wp-json\/wp\/v2\/comments?post=11798"}],"version-history":[{"count":0,"href":"https:\/\/kuzeyinsesi.org\/index.php\/wp-json\/wp\/v2\/posts\/11798\/revisions"}],"wp:featuredmedia":[{"embeddable":true,"href":"https:\/\/kuzeyinsesi.org\/index.php\/wp-json\/wp\/v2\/media\/11799"}],"wp:attachment":[{"href":"https:\/\/kuzeyinsesi.org\/index.php\/wp-json\/wp\/v2\/media?parent=11798"}],"wp:term":[{"taxonomy":"category","embeddable":true,"href":"https:\/\/kuzeyinsesi.org\/index.php\/wp-json\/wp\/v2\/categories?post=11798"},{"taxonomy":"post_tag","embeddable":true,"href":"https:\/\/kuzeyinsesi.org\/index.php\/wp-json\/wp\/v2\/tags?post=11798"}],"curies":[{"name":"wp","href":"https:\/\/api.w.org\/{rel}","templated":true}]}}