{"id":11770,"date":"2024-10-17T15:11:41","date_gmt":"2024-10-17T12:11:41","guid":{"rendered":"https:\/\/kuzeyinsesi.org\/index.php\/2024\/10\/17\/15inci-lefke-hurma-festival-3-kasimda-yapiliyor\/"},"modified":"2024-10-17T15:11:41","modified_gmt":"2024-10-17T12:11:41","slug":"15inci-lefke-hurma-festival-3-kasimda-yapiliyor","status":"publish","type":"post","link":"https:\/\/kuzeyinsesi.org\/index.php\/2024\/10\/17\/15inci-lefke-hurma-festival-3-kasimda-yapiliyor\/","title":{"rendered":"15\u2019inci Lefke Hurma Festival 3 Kas\u0131m\u2019da yap\u0131l\u0131yor"},"content":{"rendered":"<div>\n<div class=\"mariselle-image-container center\">\n                                            <\/div>\n<p>Lefke Belediyesi ve Lefke Turizm Derne\u011fi i\u015f birli\u011finde d\u00fczenlenen \u201c15. Lefke Hurma Festivali\u201d 3 Kas\u0131m Pazar g\u00fcn\u00fc yap\u0131l\u0131yor.<\/p>\n<p>Lefke Belediyesi\u2019nden yap\u0131lan a\u00e7\u0131klamaya g\u00f6re, Festival, Lefke \u00e7ar\u015f\u0131 merkezinde 09.30- 18.00 saatleri aras\u0131nda yer alacak. Bu seneki festivalin a\u00e7\u0131l\u0131\u015f\u0131, \u201cK\u0131br\u0131s K\u00fclt\u00fcr El\u00e7ileri\u201d  taraf\u0131ndan yap\u0131lacak.<\/p>\n<p>Festival kapsam\u0131nda bu y\u0131l ilk kez k\u00fclt\u00fcrel uygulamalar\u0131n yer alaca\u011f\u0131 \u201cLefke K\u00fclt\u00fcr Soka\u011f\u0131\u201d etkinli\u011fi de d\u00fczenlenecek. Kat\u0131l\u0131mc\u0131lar, g\u00fcn boyu m\u00fczik ve halk danslar\u0131 performanslar\u0131n\u0131n yan\u0131nda, k\u00fclt\u00fcrel \u00fcretimleri ve \u00fcr\u00fcnlerini g\u00f6rme imkan\u0131na sahip olacak. Hurma temal\u0131 yar\u0131\u015fma ve rehber e\u015fli\u011finde \u00fccretsiz Cittaslow Lefke Yava\u015f y\u00fcr\u00fcy\u00fc\u015f\u00fc yap\u0131lacak.<\/p>\n<p>Festival kapsam\u0131nda Akt\u00fcrk Pilanc\u0131\u2019n\u0131n \u201cOrman\u0131n \u00c7ocuklar\u0131 Muflon Sergisi\u201d isimli foto\u011fraf sergisi de Lefke Turizm Derne\u011fi binas\u0131nda yer alacak.<\/p>\n<\/p><\/div>\n<p><script async\n                    defer\n                    crossorigin=\"anonymous\"\n                    src=\"https:\/\/connect.facebook.net\/tr_TR\/sdk.js#xfbml=1&#038;version=v3.3\"\n            ><\/script><\/p>\n","protected":false},"excerpt":{"rendered":"<p>Lefke Belediyesi ve Lefke Turizm Derne\u011fi i\u015f birli\u011finde d\u00fczenlenen \u201c15. Lefke Hurma Festivali\u201d 3 Kas\u0131m Pazar g\u00fcn\u00fc yap\u0131l\u0131yor. Lefke Belediyesi\u2019nden yap\u0131lan a\u00e7\u0131klamaya g\u00f6re, Festival, Lefke \u00e7ar\u015f\u0131 merkezinde 09.30- 18.00 saatleri aras\u0131nda yer alacak. Bu seneki festivalin a\u00e7\u0131l\u0131\u015f\u0131, \u201cK\u0131br\u0131s K\u00fclt\u00fcr El\u00e7ileri\u201d taraf\u0131ndan yap\u0131lacak. Festival kapsam\u0131nda bu y\u0131l ilk kez k\u00fclt\u00fcrel uygulamalar\u0131n yer alaca\u011f\u0131 \u201cLefke K\u00fclt\u00fcr Soka\u011f\u0131\u201d [&hellip;]<\/p>\n","protected":false},"author":1,"featured_media":11771,"comment_status":"open","ping_status":"open","sticky":false,"template":"","format":"standard","meta":{"jnews-multi-image_gallery":[],"jnews_single_post":[],"jnews_primary_category":[],"jnews_social_meta":[],"jnews_override_counter":[],"footnotes":""},"categories":[6],"tags":[],"class_list":["post-11770","post","type-post","status-publish","format-standard","has-post-thumbnail","hentry","category-yasam"],"yoast_head":"<!-- This site is optimized with the Yoast SEO plugin v27.4 - https:\/\/yoast.com\/product\/yoast-seo-wordpress\/ -->\n<title>15\u2019inci Lefke Hurma Festival 3 Kas\u0131m\u2019da yap\u0131l\u0131yor - Kuzeyin Sesi<\/title>\n<meta name=\"robots\" content=\"index, follow, max-snippet:-1, max-image-preview:large, max-video-preview:-1\" \/>\n<link rel=\"canonical\" href=\"https:\/\/kuzeyinsesi.org\/index.php\/2024\/10\/17\/15inci-lefke-hurma-festival-3-kasimda-yapiliyor\/\" \/>\n<meta property=\"og:locale\" content=\"tr_TR\" \/>\n<meta property=\"og:type\" content=\"article\" \/>\n<meta property=\"og:title\" content=\"15\u2019inci Lefke Hurma Festival 3 Kas\u0131m\u2019da yap\u0131l\u0131yor - Kuzeyin Sesi\" \/>\n<meta property=\"og:description\" content=\"Lefke Belediyesi ve Lefke Turizm Derne\u011fi i\u015f birli\u011finde d\u00fczenlenen \u201c15. Lefke Hurma Festivali\u201d 3 Kas\u0131m Pazar g\u00fcn\u00fc yap\u0131l\u0131yor. Lefke Belediyesi\u2019nden yap\u0131lan a\u00e7\u0131klamaya g\u00f6re, Festival, Lefke \u00e7ar\u015f\u0131 merkezinde 09.30- 18.00 saatleri aras\u0131nda yer alacak. Bu seneki festivalin a\u00e7\u0131l\u0131\u015f\u0131, \u201cK\u0131br\u0131s K\u00fclt\u00fcr El\u00e7ileri\u201d taraf\u0131ndan yap\u0131lacak. Festival kapsam\u0131nda bu y\u0131l ilk kez k\u00fclt\u00fcrel uygulamalar\u0131n yer alaca\u011f\u0131 \u201cLefke K\u00fclt\u00fcr Soka\u011f\u0131\u201d [&hellip;]\" \/>\n<meta property=\"og:url\" content=\"https:\/\/kuzeyinsesi.org\/index.php\/2024\/10\/17\/15inci-lefke-hurma-festival-3-kasimda-yapiliyor\/\" \/>\n<meta property=\"og:site_name\" content=\"Kuzeyin Sesi\" \/>\n<meta property=\"article:publisher\" content=\"https:\/\/www.facebook.com\/kuzeyinsesii\" \/>\n<meta property=\"article:published_time\" content=\"2024-10-17T12:11:41+00:00\" \/>\n<meta property=\"og:image\" content=\"https:\/\/brtk.net\/wp-content\/uploads\/2024\/10\/17\/lefke-hurma-fest-son.png?ver=2a73d4abfda7654701ed760f31e562e2\" \/>\n<meta name=\"author\" content=\"Kuzeyin Sesi\" \/>\n<meta name=\"twitter:card\" content=\"summary_large_image\" \/>\n<meta name=\"twitter:creator\" content=\"@kuzeyinsesii\" \/>\n<meta name=\"twitter:site\" content=\"@kuzeyinsesii\" \/>\n<meta name=\"twitter:label1\" content=\"Yazan:\" \/>\n\t<meta name=\"twitter:data1\" content=\"Kuzeyin Sesi\" \/>\n\t<meta name=\"twitter:label2\" content=\"Tahmini okuma s\u00fcresi\" \/>\n\t<meta name=\"twitter:data2\" content=\"1 dakika\" \/>\n<script type=\"application\/ld+json\" class=\"yoast-schema-graph\">{\"@context\":\"https:\\\/\\\/schema.org\",\"@graph\":[{\"@type\":\"Article\",\"@id\":\"https:\\\/\\\/kuzeyinsesi.org\\\/index.php\\\/2024\\\/10\\\/17\\\/15inci-lefke-hurma-festival-3-kasimda-yapiliyor\\\/#article\",\"isPartOf\":{\"@id\":\"https:\\\/\\\/kuzeyinsesi.org\\\/index.php\\\/2024\\\/10\\\/17\\\/15inci-lefke-hurma-festival-3-kasimda-yapiliyor\\\/\"},\"author\":{\"name\":\"Kuzeyin Sesi\",\"@id\":\"https:\\\/\\\/kuzeyinsesi.org\\\/#\\\/schema\\\/person\\\/9f859689cdf01485597712386e37f5aa\"},\"headline\":\"15\u2019inci Lefke Hurma Festival 3 Kas\u0131m\u2019da yap\u0131l\u0131yor\",\"datePublished\":\"2024-10-17T12:11:41+00:00\",\"mainEntityOfPage\":{\"@id\":\"https:\\\/\\\/kuzeyinsesi.org\\\/index.php\\\/2024\\\/10\\\/17\\\/15inci-lefke-hurma-festival-3-kasimda-yapiliyor\\\/\"},\"wordCount\":168,\"commentCount\":0,\"image\":{\"@id\":\"https:\\\/\\\/kuzeyinsesi.org\\\/index.php\\\/2024\\\/10\\\/17\\\/15inci-lefke-hurma-festival-3-kasimda-yapiliyor\\\/#primaryimage\"},\"thumbnailUrl\":\"https:\\\/\\\/kuzeyinsesi.org\\\/wp-content\\\/uploads\\\/2024\\\/10\\\/lefke-hurma-fest-son.png\",\"articleSection\":[\"Ya\u015fam\"],\"inLanguage\":\"tr\",\"potentialAction\":[{\"@type\":\"CommentAction\",\"name\":\"Comment\",\"target\":[\"https:\\\/\\\/kuzeyinsesi.org\\\/index.php\\\/2024\\\/10\\\/17\\\/15inci-lefke-hurma-festival-3-kasimda-yapiliyor\\\/#respond\"]}]},{\"@type\":\"WebPage\",\"@id\":\"https:\\\/\\\/kuzeyinsesi.org\\\/index.php\\\/2024\\\/10\\\/17\\\/15inci-lefke-hurma-festival-3-kasimda-yapiliyor\\\/\",\"url\":\"https:\\\/\\\/kuzeyinsesi.org\\\/index.php\\\/2024\\\/10\\\/17\\\/15inci-lefke-hurma-festival-3-kasimda-yapiliyor\\\/\",\"name\":\"15\u2019inci Lefke Hurma Festival 3 Kas\u0131m\u2019da yap\u0131l\u0131yor - Kuzeyin Sesi\",\"isPartOf\":{\"@id\":\"https:\\\/\\\/kuzeyinsesi.org\\\/#website\"},\"primaryImageOfPage\":{\"@id\":\"https:\\\/\\\/kuzeyinsesi.org\\\/index.php\\\/2024\\\/10\\\/17\\\/15inci-lefke-hurma-festival-3-kasimda-yapiliyor\\\/#primaryimage\"},\"image\":{\"@id\":\"https:\\\/\\\/kuzeyinsesi.org\\\/index.php\\\/2024\\\/10\\\/17\\\/15inci-lefke-hurma-festival-3-kasimda-yapiliyor\\\/#primaryimage\"},\"thumbnailUrl\":\"https:\\\/\\\/kuzeyinsesi.org\\\/wp-content\\\/uploads\\\/2024\\\/10\\\/lefke-hurma-fest-son.png\",\"datePublished\":\"2024-10-17T12:11:41+00:00\",\"author\":{\"@id\":\"https:\\\/\\\/kuzeyinsesi.org\\\/#\\\/schema\\\/person\\\/9f859689cdf01485597712386e37f5aa\"},\"breadcrumb\":{\"@id\":\"https:\\\/\\\/kuzeyinsesi.org\\\/index.php\\\/2024\\\/10\\\/17\\\/15inci-lefke-hurma-festival-3-kasimda-yapiliyor\\\/#breadcrumb\"},\"inLanguage\":\"tr\",\"potentialAction\":[{\"@type\":\"ReadAction\",\"target\":[\"https:\\\/\\\/kuzeyinsesi.org\\\/index.php\\\/2024\\\/10\\\/17\\\/15inci-lefke-hurma-festival-3-kasimda-yapiliyor\\\/\"]}]},{\"@type\":\"ImageObject\",\"inLanguage\":\"tr\",\"@id\":\"https:\\\/\\\/kuzeyinsesi.org\\\/index.php\\\/2024\\\/10\\\/17\\\/15inci-lefke-hurma-festival-3-kasimda-yapiliyor\\\/#primaryimage\",\"url\":\"https:\\\/\\\/kuzeyinsesi.org\\\/wp-content\\\/uploads\\\/2024\\\/10\\\/lefke-hurma-fest-son.png\",\"contentUrl\":\"https:\\\/\\\/kuzeyinsesi.org\\\/wp-content\\\/uploads\\\/2024\\\/10\\\/lefke-hurma-fest-son.png\",\"width\":1587,\"height\":2245},{\"@type\":\"BreadcrumbList\",\"@id\":\"https:\\\/\\\/kuzeyinsesi.org\\\/index.php\\\/2024\\\/10\\\/17\\\/15inci-lefke-hurma-festival-3-kasimda-yapiliyor\\\/#breadcrumb\",\"itemListElement\":[{\"@type\":\"ListItem\",\"position\":1,\"name\":\"Anasayfa\",\"item\":\"https:\\\/\\\/kuzeyinsesi.org\\\/\"},{\"@type\":\"ListItem\",\"position\":2,\"name\":\"15\u2019inci Lefke Hurma Festival 3 Kas\u0131m\u2019da yap\u0131l\u0131yor\"}]},{\"@type\":\"WebSite\",\"@id\":\"https:\\\/\\\/kuzeyinsesi.org\\\/#website\",\"url\":\"https:\\\/\\\/kuzeyinsesi.org\\\/\",\"name\":\"Kuzeyin Sesi\",\"description\":\"Do\u011fru Haberin Adresi\",\"potentialAction\":[{\"@type\":\"SearchAction\",\"target\":{\"@type\":\"EntryPoint\",\"urlTemplate\":\"https:\\\/\\\/kuzeyinsesi.org\\\/?s={search_term_string}\"},\"query-input\":{\"@type\":\"PropertyValueSpecification\",\"valueRequired\":true,\"valueName\":\"search_term_string\"}}],\"inLanguage\":\"tr\"},{\"@type\":\"Person\",\"@id\":\"https:\\\/\\\/kuzeyinsesi.org\\\/#\\\/schema\\\/person\\\/9f859689cdf01485597712386e37f5aa\",\"name\":\"Kuzeyin Sesi\",\"image\":{\"@type\":\"ImageObject\",\"inLanguage\":\"tr\",\"@id\":\"https:\\\/\\\/secure.gravatar.com\\\/avatar\\\/bab33852abfd8b282518d6ed81826833d77c3c882d9ab608add591ccace47a44?s=96&d=mm&r=g\",\"url\":\"https:\\\/\\\/secure.gravatar.com\\\/avatar\\\/bab33852abfd8b282518d6ed81826833d77c3c882d9ab608add591ccace47a44?s=96&d=mm&r=g\",\"contentUrl\":\"https:\\\/\\\/secure.gravatar.com\\\/avatar\\\/bab33852abfd8b282518d6ed81826833d77c3c882d9ab608add591ccace47a44?s=96&d=mm&r=g\",\"caption\":\"Kuzeyin Sesi\"},\"sameAs\":[\"https:\\\/\\\/kuzeyinsesi.org\"],\"url\":\"https:\\\/\\\/kuzeyinsesi.org\\\/index.php\\\/author\\\/guven\\\/\"}]}<\/script>\n<!-- \/ Yoast SEO plugin. -->","yoast_head_json":{"title":"15\u2019inci Lefke Hurma Festival 3 Kas\u0131m\u2019da yap\u0131l\u0131yor - Kuzeyin Sesi","robots":{"index":"index","follow":"follow","max-snippet":"max-snippet:-1","max-image-preview":"max-image-preview:large","max-video-preview":"max-video-preview:-1"},"canonical":"https:\/\/kuzeyinsesi.org\/index.php\/2024\/10\/17\/15inci-lefke-hurma-festival-3-kasimda-yapiliyor\/","og_locale":"tr_TR","og_type":"article","og_title":"15\u2019inci Lefke Hurma Festival 3 Kas\u0131m\u2019da yap\u0131l\u0131yor - Kuzeyin Sesi","og_description":"Lefke Belediyesi ve Lefke Turizm Derne\u011fi i\u015f birli\u011finde d\u00fczenlenen \u201c15. Lefke Hurma Festivali\u201d 3 Kas\u0131m Pazar g\u00fcn\u00fc yap\u0131l\u0131yor. Lefke Belediyesi\u2019nden yap\u0131lan a\u00e7\u0131klamaya g\u00f6re, Festival, Lefke \u00e7ar\u015f\u0131 merkezinde 09.30- 18.00 saatleri aras\u0131nda yer alacak. Bu seneki festivalin a\u00e7\u0131l\u0131\u015f\u0131, \u201cK\u0131br\u0131s K\u00fclt\u00fcr El\u00e7ileri\u201d taraf\u0131ndan yap\u0131lacak. Festival kapsam\u0131nda bu y\u0131l ilk kez k\u00fclt\u00fcrel uygulamalar\u0131n yer alaca\u011f\u0131 \u201cLefke K\u00fclt\u00fcr Soka\u011f\u0131\u201d [&hellip;]","og_url":"https:\/\/kuzeyinsesi.org\/index.php\/2024\/10\/17\/15inci-lefke-hurma-festival-3-kasimda-yapiliyor\/","og_site_name":"Kuzeyin Sesi","article_publisher":"https:\/\/www.facebook.com\/kuzeyinsesii","article_published_time":"2024-10-17T12:11:41+00:00","og_image":[{"url":"https:\/\/brtk.net\/wp-content\/uploads\/2024\/10\/17\/lefke-hurma-fest-son.png?ver=2a73d4abfda7654701ed760f31e562e2","type":"","width":"","height":""}],"author":"Kuzeyin Sesi","twitter_card":"summary_large_image","twitter_creator":"@kuzeyinsesii","twitter_site":"@kuzeyinsesii","twitter_misc":{"Yazan:":"Kuzeyin Sesi","Tahmini okuma s\u00fcresi":"1 dakika"},"schema":{"@context":"https:\/\/schema.org","@graph":[{"@type":"Article","@id":"https:\/\/kuzeyinsesi.org\/index.php\/2024\/10\/17\/15inci-lefke-hurma-festival-3-kasimda-yapiliyor\/#article","isPartOf":{"@id":"https:\/\/kuzeyinsesi.org\/index.php\/2024\/10\/17\/15inci-lefke-hurma-festival-3-kasimda-yapiliyor\/"},"author":{"name":"Kuzeyin Sesi","@id":"https:\/\/kuzeyinsesi.org\/#\/schema\/person\/9f859689cdf01485597712386e37f5aa"},"headline":"15\u2019inci Lefke Hurma Festival 3 Kas\u0131m\u2019da yap\u0131l\u0131yor","datePublished":"2024-10-17T12:11:41+00:00","mainEntityOfPage":{"@id":"https:\/\/kuzeyinsesi.org\/index.php\/2024\/10\/17\/15inci-lefke-hurma-festival-3-kasimda-yapiliyor\/"},"wordCount":168,"commentCount":0,"image":{"@id":"https:\/\/kuzeyinsesi.org\/index.php\/2024\/10\/17\/15inci-lefke-hurma-festival-3-kasimda-yapiliyor\/#primaryimage"},"thumbnailUrl":"https:\/\/kuzeyinsesi.org\/wp-content\/uploads\/2024\/10\/lefke-hurma-fest-son.png","articleSection":["Ya\u015fam"],"inLanguage":"tr","potentialAction":[{"@type":"CommentAction","name":"Comment","target":["https:\/\/kuzeyinsesi.org\/index.php\/2024\/10\/17\/15inci-lefke-hurma-festival-3-kasimda-yapiliyor\/#respond"]}]},{"@type":"WebPage","@id":"https:\/\/kuzeyinsesi.org\/index.php\/2024\/10\/17\/15inci-lefke-hurma-festival-3-kasimda-yapiliyor\/","url":"https:\/\/kuzeyinsesi.org\/index.php\/2024\/10\/17\/15inci-lefke-hurma-festival-3-kasimda-yapiliyor\/","name":"15\u2019inci Lefke Hurma Festival 3 Kas\u0131m\u2019da yap\u0131l\u0131yor - Kuzeyin Sesi","isPartOf":{"@id":"https:\/\/kuzeyinsesi.org\/#website"},"primaryImageOfPage":{"@id":"https:\/\/kuzeyinsesi.org\/index.php\/2024\/10\/17\/15inci-lefke-hurma-festival-3-kasimda-yapiliyor\/#primaryimage"},"image":{"@id":"https:\/\/kuzeyinsesi.org\/index.php\/2024\/10\/17\/15inci-lefke-hurma-festival-3-kasimda-yapiliyor\/#primaryimage"},"thumbnailUrl":"https:\/\/kuzeyinsesi.org\/wp-content\/uploads\/2024\/10\/lefke-hurma-fest-son.png","datePublished":"2024-10-17T12:11:41+00:00","author":{"@id":"https:\/\/kuzeyinsesi.org\/#\/schema\/person\/9f859689cdf01485597712386e37f5aa"},"breadcrumb":{"@id":"https:\/\/kuzeyinsesi.org\/index.php\/2024\/10\/17\/15inci-lefke-hurma-festival-3-kasimda-yapiliyor\/#breadcrumb"},"inLanguage":"tr","potentialAction":[{"@type":"ReadAction","target":["https:\/\/kuzeyinsesi.org\/index.php\/2024\/10\/17\/15inci-lefke-hurma-festival-3-kasimda-yapiliyor\/"]}]},{"@type":"ImageObject","inLanguage":"tr","@id":"https:\/\/kuzeyinsesi.org\/index.php\/2024\/10\/17\/15inci-lefke-hurma-festival-3-kasimda-yapiliyor\/#primaryimage","url":"https:\/\/kuzeyinsesi.org\/wp-content\/uploads\/2024\/10\/lefke-hurma-fest-son.png","contentUrl":"https:\/\/kuzeyinsesi.org\/wp-content\/uploads\/2024\/10\/lefke-hurma-fest-son.png","width":1587,"height":2245},{"@type":"BreadcrumbList","@id":"https:\/\/kuzeyinsesi.org\/index.php\/2024\/10\/17\/15inci-lefke-hurma-festival-3-kasimda-yapiliyor\/#breadcrumb","itemListElement":[{"@type":"ListItem","position":1,"name":"Anasayfa","item":"https:\/\/kuzeyinsesi.org\/"},{"@type":"ListItem","position":2,"name":"15\u2019inci Lefke Hurma Festival 3 Kas\u0131m\u2019da yap\u0131l\u0131yor"}]},{"@type":"WebSite","@id":"https:\/\/kuzeyinsesi.org\/#website","url":"https:\/\/kuzeyinsesi.org\/","name":"Kuzeyin Sesi","description":"Do\u011fru Haberin Adresi","potentialAction":[{"@type":"SearchAction","target":{"@type":"EntryPoint","urlTemplate":"https:\/\/kuzeyinsesi.org\/?s={search_term_string}"},"query-input":{"@type":"PropertyValueSpecification","valueRequired":true,"valueName":"search_term_string"}}],"inLanguage":"tr"},{"@type":"Person","@id":"https:\/\/kuzeyinsesi.org\/#\/schema\/person\/9f859689cdf01485597712386e37f5aa","name":"Kuzeyin Sesi","image":{"@type":"ImageObject","inLanguage":"tr","@id":"https:\/\/secure.gravatar.com\/avatar\/bab33852abfd8b282518d6ed81826833d77c3c882d9ab608add591ccace47a44?s=96&d=mm&r=g","url":"https:\/\/secure.gravatar.com\/avatar\/bab33852abfd8b282518d6ed81826833d77c3c882d9ab608add591ccace47a44?s=96&d=mm&r=g","contentUrl":"https:\/\/secure.gravatar.com\/avatar\/bab33852abfd8b282518d6ed81826833d77c3c882d9ab608add591ccace47a44?s=96&d=mm&r=g","caption":"Kuzeyin Sesi"},"sameAs":["https:\/\/kuzeyinsesi.org"],"url":"https:\/\/kuzeyinsesi.org\/index.php\/author\/guven\/"}]}},"_links":{"self":[{"href":"https:\/\/kuzeyinsesi.org\/index.php\/wp-json\/wp\/v2\/posts\/11770","targetHints":{"allow":["GET"]}}],"collection":[{"href":"https:\/\/kuzeyinsesi.org\/index.php\/wp-json\/wp\/v2\/posts"}],"about":[{"href":"https:\/\/kuzeyinsesi.org\/index.php\/wp-json\/wp\/v2\/types\/post"}],"author":[{"embeddable":true,"href":"https:\/\/kuzeyinsesi.org\/index.php\/wp-json\/wp\/v2\/users\/1"}],"replies":[{"embeddable":true,"href":"https:\/\/kuzeyinsesi.org\/index.php\/wp-json\/wp\/v2\/comments?post=11770"}],"version-history":[{"count":0,"href":"https:\/\/kuzeyinsesi.org\/index.php\/wp-json\/wp\/v2\/posts\/11770\/revisions"}],"wp:featuredmedia":[{"embeddable":true,"href":"https:\/\/kuzeyinsesi.org\/index.php\/wp-json\/wp\/v2\/media\/11771"}],"wp:attachment":[{"href":"https:\/\/kuzeyinsesi.org\/index.php\/wp-json\/wp\/v2\/media?parent=11770"}],"wp:term":[{"taxonomy":"category","embeddable":true,"href":"https:\/\/kuzeyinsesi.org\/index.php\/wp-json\/wp\/v2\/categories?post=11770"},{"taxonomy":"post_tag","embeddable":true,"href":"https:\/\/kuzeyinsesi.org\/index.php\/wp-json\/wp\/v2\/tags?post=11770"}],"curies":[{"name":"wp","href":"https:\/\/api.w.org\/{rel}","templated":true}]}}