{"id":1176,"date":"2024-05-02T06:36:28","date_gmt":"2024-05-02T03:36:28","guid":{"rendered":"https:\/\/kuzeyinsesi.com\/index.php\/2024\/05\/02\/abdde-filistine-destek-gosterilerine-bir-universite-daha-katildi\/"},"modified":"2024-05-02T06:36:28","modified_gmt":"2024-05-02T03:36:28","slug":"abdde-filistine-destek-gosterilerine-bir-universite-daha-katildi","status":"publish","type":"post","link":"https:\/\/kuzeyinsesi.org\/index.php\/2024\/05\/02\/abdde-filistine-destek-gosterilerine-bir-universite-daha-katildi\/","title":{"rendered":"ABD&#039;de Filistin&#039;e destek g\u00f6sterilerine bir \u00fcniversite daha kat\u0131ld\u0131"},"content":{"rendered":"<p><\/p>\n<div>\n<p>&#13;<br \/>\n\tFordham \u00dcniversitesinin Manhattan&#8217;daki Lincoln Center Kamp\u00fcs\u00fc&#8217;nde okuyan \u00f6\u011frenciler, okul bah\u00e7esine 5 civar\u0131nda \u00e7ad\u0131r kurarak <a href=\"https:\/\/www.trthaber.com\/etiket\/gazze\/\" target=\"_blank\" rel=\"noopener\">Gazze<\/a> dayan\u0131\u015fma kamp\u0131 olu\u015fturdu.<\/p>\n<p>&#13;<br \/>\n\tCentral Park&#8217;a \u00e7ok yak\u0131n b\u00f6lgedeki Fordham kamp\u00fcs\u00fcnde kurulan kamp, Columbia ve City College \u00fcniversitelerindeki Filistin destek\u00e7isi g\u00f6stericilerin New York polisi taraf\u0131ndan g\u00f6zalt\u0131na al\u0131nmas\u0131n\u0131n hemen sonras\u0131nda geldi.<\/p>\n<p>&#13;<br \/>\n\tLincoln Center Kamp\u00fcs\u00fc&#8217;nden sorumlu okul y\u00f6netimi ise ilk g\u00fcnden bast\u0131rd\u0131klar\u0131 bildirileri da\u011f\u0131tarak \u00f6\u011frencileri uyarmakta gecikmedi.<\/p>\n<p>&#13;<br \/>\n\tDekan Jenifer Campbell&#8217;in imzas\u0131n\u0131 ta\u015f\u0131yan bildiride, okul kamp\u00fcs\u00fcnde yap\u0131lacak g\u00f6sterilere ili\u015fkin 4 madde s\u0131ralan\u0131rken, \u00f6\u011frencilere &#8220;Bu maddeler \u0131\u015f\u0131\u011f\u0131nda, derhal \u00fcniversite personelinin talimat\u0131na uyman\u0131z ve Fordham \u00dcniversitesi m\u00fclk\u00fcn\u00fc terk etmeniz istenmektedir.&#8221; denildi.<\/p>\n<p>&#13;<br \/>\n\tDekan Campbell, talimatlara uymayan g\u00f6stericilere uzakla\u015ft\u0131rma cezas\u0131 verilece\u011fini, s\u0131navlara ve mezuniyet t\u00f6reni gibi programlara al\u0131nmayaca\u011f\u0131n\u0131 belirtti.<\/p>\n<p>&#13;<br \/>\n\t<strong>ABD \u00fcniversitelerinde Filistin&#8217;e destek eylemleri<\/strong><\/p>\n<p>&#13;<br \/>\n\tColumbia \u00dcniversitesinde Filistin destek\u00e7isi \u00f6\u011frenciler, 16 Nisan\u2019da okulun, \u0130srail&#8217;in Gazze&#8217;deki sald\u0131r\u0131lar\u0131n\u0131 ve i\u015fgalini destekleyen \u015firketlere devam eden finansal yat\u0131r\u0131mlar\u0131n\u0131 protesto amac\u0131yla kamp\u00fcs\u00fcn bah\u00e7esinde oturma eylemi ba\u015flatm\u0131\u015ft\u0131.<\/p>\n<p>&#13;<br \/>\n\tRekt\u00f6rl\u00fck, eylemlerin 2. g\u00fcn\u00fcnde, New York polisinden g\u00f6stericilerin da\u011f\u0131t\u0131lmas\u0131 i\u00e7in yard\u0131m talebinde bulunmu\u015f, kamp\u00fcse giren polis, 108 \u00f6\u011frenciyi g\u00f6zalt\u0131na alm\u0131\u015ft\u0131.<\/p>\n<p>&#13;<br \/>\n\tColumbia \u00dcniversitesindeki olay, 7 Ekim 2023&#8217;ten sonra ABD&#8217;deki \u00fcniversitelerde Filistinli \u00f6\u011frencilere kar\u015f\u0131 ba\u015flayan &#8220;ifade \u00f6zg\u00fcrl\u00fc\u011f\u00fc&#8221; engellemeleri tart\u0131\u015fmalar\u0131n\u0131 alevlendirirken, g\u00f6zalt\u0131lara tepki olarak \u00f6\u011frenci protestolar\u0131 \u00fclke genelindeki di\u011fer \u00fcniversitelere de yay\u0131lm\u0131\u015ft\u0131.<\/p>\n<p>&#13;<br \/>\n\tEn son 29 Nisan\u2019da okul y\u00f6netimi ile \u00f6\u011frenciler aras\u0131nda devam eden m\u00fczakerelerin \u00e7\u0131kmaza girmesi \u00fczerine o gece \u00f6\u011frenciler okulun tarihi Hamilton Hall binas\u0131n\u0131 i\u015fgal etmi\u015fti.<\/p>\n<p>&#13;<br \/>\n\tOkul y\u00f6netiminin talebi \u00fczerine sal\u0131 gecesi NYPD\u2019ye ba\u011fl\u0131 \u00e7evik kuvvet ekipleri \u00f6\u011frencilere m\u00fcdahale ederek binay\u0131 bo\u015faltm\u0131\u015f, bah\u00e7edeki Filistin ile dayan\u0131\u015fma kamp\u0131n\u0131 da temizlemi\u015fti.<\/p>\n<p>&#13;<br \/>\n\tAyn\u0131 gece Columbia \u00dcniversitesinin yak\u0131n\u0131ndaki City College (CCNY) okulundaki \u00f6\u011frencilere de m\u00fcdahale eden polis, \u00f6\u011frencilere destek olmaya \u00e7al\u0131\u015fan g\u00f6stericilerle yakla\u015f\u0131k 300 ki\u015fiyi g\u00f6zalt\u0131na alm\u0131\u015ft\u0131.<\/p>\n<p>&#13;<br \/>\n\t<a href=\"https:\/\/www.trthaber.com\/etiket\/abd\/\" target=\"_blank\" rel=\"noopener\">ABD<\/a> genelindeki bir\u00e7ok b\u00fcy\u00fck \u00fcniversitede, Filistin&#8217;e destek i\u00e7in \u00f6\u011frenci eylemleri hala devam ediyor. Washington Post&#8217;un kay\u0131tlar\u0131na g\u00f6re, <a href=\"https:\/\/www.trthaber.com\/etiket\/polis\/\" target=\"_blank\" rel=\"noopener\">polis<\/a> son 2 haftada aralar\u0131nda baz\u0131 \u00f6\u011fretim g\u00f6revlileri de dahil 1300&#8217;den fazla \u00f6\u011frenciyi g\u00f6zalt\u0131na alm\u0131\u015f bulunuyor.<\/p>\n<\/p><\/div>\n","protected":false},"excerpt":{"rendered":"<p>&#13; Fordham \u00dcniversitesinin Manhattan&#8217;daki Lincoln Center Kamp\u00fcs\u00fc&#8217;nde okuyan \u00f6\u011frenciler, okul bah\u00e7esine 5 civar\u0131nda \u00e7ad\u0131r kurarak Gazze dayan\u0131\u015fma kamp\u0131 olu\u015fturdu. &#13; Central Park&#8217;a \u00e7ok yak\u0131n b\u00f6lgedeki Fordham kamp\u00fcs\u00fcnde kurulan kamp, Columbia ve City College \u00fcniversitelerindeki Filistin destek\u00e7isi g\u00f6stericilerin New York polisi taraf\u0131ndan g\u00f6zalt\u0131na al\u0131nmas\u0131n\u0131n hemen sonras\u0131nda geldi. &#13; Lincoln Center Kamp\u00fcs\u00fc&#8217;nden sorumlu okul y\u00f6netimi ise ilk [&hellip;]<\/p>\n","protected":false},"author":1,"featured_media":1177,"comment_status":"open","ping_status":"open","sticky":false,"template":"","format":"standard","meta":{"jnews-multi-image_gallery":[],"jnews_single_post":[],"jnews_primary_category":[],"jnews_social_meta":[],"jnews_override_counter":[],"footnotes":""},"categories":[2],"tags":[],"class_list":["post-1176","post","type-post","status-publish","format-standard","has-post-thumbnail","hentry","category-dunya"],"yoast_head":"<!-- This site is optimized with the Yoast SEO plugin v27.5 - https:\/\/yoast.com\/product\/yoast-seo-wordpress\/ -->\n<title>ABD&#039;de Filistin&#039;e destek g\u00f6sterilerine bir \u00fcniversite daha kat\u0131ld\u0131 - Kuzeyin Sesi<\/title>\n<meta name=\"robots\" content=\"index, follow, max-snippet:-1, max-image-preview:large, max-video-preview:-1\" \/>\n<link rel=\"canonical\" href=\"https:\/\/kuzeyinsesi.org\/index.php\/2024\/05\/02\/abdde-filistine-destek-gosterilerine-bir-universite-daha-katildi\/\" \/>\n<meta property=\"og:locale\" content=\"tr_TR\" \/>\n<meta property=\"og:type\" content=\"article\" \/>\n<meta property=\"og:title\" content=\"ABD&#039;de Filistin&#039;e destek g\u00f6sterilerine bir \u00fcniversite daha kat\u0131ld\u0131 - Kuzeyin Sesi\" \/>\n<meta property=\"og:description\" content=\"&#013; Fordham \u00dcniversitesinin Manhattan&#8217;daki Lincoln Center Kamp\u00fcs\u00fc&#8217;nde okuyan \u00f6\u011frenciler, okul bah\u00e7esine 5 civar\u0131nda \u00e7ad\u0131r kurarak Gazze dayan\u0131\u015fma kamp\u0131 olu\u015fturdu. &#013; Central Park&#8217;a \u00e7ok yak\u0131n b\u00f6lgedeki Fordham kamp\u00fcs\u00fcnde kurulan kamp, Columbia ve City College \u00fcniversitelerindeki Filistin destek\u00e7isi g\u00f6stericilerin New York polisi taraf\u0131ndan g\u00f6zalt\u0131na al\u0131nmas\u0131n\u0131n hemen sonras\u0131nda geldi. &#013; Lincoln Center Kamp\u00fcs\u00fc&#8217;nden sorumlu okul y\u00f6netimi ise ilk [&hellip;]\" \/>\n<meta property=\"og:url\" content=\"https:\/\/kuzeyinsesi.org\/index.php\/2024\/05\/02\/abdde-filistine-destek-gosterilerine-bir-universite-daha-katildi\/\" \/>\n<meta property=\"og:site_name\" content=\"Kuzeyin Sesi\" \/>\n<meta property=\"article:publisher\" content=\"https:\/\/www.facebook.com\/kuzeyinsesii\" \/>\n<meta property=\"article:published_time\" content=\"2024-05-02T03:36:28+00:00\" \/>\n<meta property=\"og:image\" content=\"https:\/\/kuzeyinsesi.org\/wp-content\/uploads\/2024\/05\/universite-protesto-2220045.jpg\" \/>\n\t<meta property=\"og:image:width\" content=\"1280\" \/>\n\t<meta property=\"og:image:height\" content=\"720\" \/>\n\t<meta property=\"og:image:type\" content=\"image\/jpeg\" \/>\n<meta name=\"author\" content=\"Kuzeyin Sesi\" \/>\n<meta name=\"twitter:card\" content=\"summary_large_image\" \/>\n<meta name=\"twitter:creator\" content=\"@kuzeyinsesii\" \/>\n<meta name=\"twitter:site\" content=\"@kuzeyinsesii\" \/>\n<meta name=\"twitter:label1\" content=\"Yazan:\" \/>\n\t<meta name=\"twitter:data1\" content=\"Kuzeyin Sesi\" \/>\n\t<meta name=\"twitter:label2\" content=\"Tahmini okuma s\u00fcresi\" \/>\n\t<meta name=\"twitter:data2\" content=\"2 dakika\" \/>\n<script type=\"application\/ld+json\" class=\"yoast-schema-graph\">{\"@context\":\"https:\\\/\\\/schema.org\",\"@graph\":[{\"@type\":\"Article\",\"@id\":\"https:\\\/\\\/kuzeyinsesi.org\\\/index.php\\\/2024\\\/05\\\/02\\\/abdde-filistine-destek-gosterilerine-bir-universite-daha-katildi\\\/#article\",\"isPartOf\":{\"@id\":\"https:\\\/\\\/kuzeyinsesi.org\\\/index.php\\\/2024\\\/05\\\/02\\\/abdde-filistine-destek-gosterilerine-bir-universite-daha-katildi\\\/\"},\"author\":{\"name\":\"Kuzeyin Sesi\",\"@id\":\"https:\\\/\\\/kuzeyinsesi.org\\\/#\\\/schema\\\/person\\\/9f859689cdf01485597712386e37f5aa\"},\"headline\":\"ABD&#039;de Filistin&#039;e destek g\u00f6sterilerine bir \u00fcniversite daha kat\u0131ld\u0131\",\"datePublished\":\"2024-05-02T03:36:28+00:00\",\"mainEntityOfPage\":{\"@id\":\"https:\\\/\\\/kuzeyinsesi.org\\\/index.php\\\/2024\\\/05\\\/02\\\/abdde-filistine-destek-gosterilerine-bir-universite-daha-katildi\\\/\"},\"wordCount\":425,\"commentCount\":0,\"image\":{\"@id\":\"https:\\\/\\\/kuzeyinsesi.org\\\/index.php\\\/2024\\\/05\\\/02\\\/abdde-filistine-destek-gosterilerine-bir-universite-daha-katildi\\\/#primaryimage\"},\"thumbnailUrl\":\"https:\\\/\\\/kuzeyinsesi.org\\\/wp-content\\\/uploads\\\/2024\\\/05\\\/universite-protesto-2220045.jpg\",\"articleSection\":[\"D\u00fcnya\"],\"inLanguage\":\"tr\",\"potentialAction\":[{\"@type\":\"CommentAction\",\"name\":\"Comment\",\"target\":[\"https:\\\/\\\/kuzeyinsesi.org\\\/index.php\\\/2024\\\/05\\\/02\\\/abdde-filistine-destek-gosterilerine-bir-universite-daha-katildi\\\/#respond\"]}]},{\"@type\":\"WebPage\",\"@id\":\"https:\\\/\\\/kuzeyinsesi.org\\\/index.php\\\/2024\\\/05\\\/02\\\/abdde-filistine-destek-gosterilerine-bir-universite-daha-katildi\\\/\",\"url\":\"https:\\\/\\\/kuzeyinsesi.org\\\/index.php\\\/2024\\\/05\\\/02\\\/abdde-filistine-destek-gosterilerine-bir-universite-daha-katildi\\\/\",\"name\":\"ABD&#039;de Filistin&#039;e destek g\u00f6sterilerine bir \u00fcniversite daha kat\u0131ld\u0131 - Kuzeyin Sesi\",\"isPartOf\":{\"@id\":\"https:\\\/\\\/kuzeyinsesi.org\\\/#website\"},\"primaryImageOfPage\":{\"@id\":\"https:\\\/\\\/kuzeyinsesi.org\\\/index.php\\\/2024\\\/05\\\/02\\\/abdde-filistine-destek-gosterilerine-bir-universite-daha-katildi\\\/#primaryimage\"},\"image\":{\"@id\":\"https:\\\/\\\/kuzeyinsesi.org\\\/index.php\\\/2024\\\/05\\\/02\\\/abdde-filistine-destek-gosterilerine-bir-universite-daha-katildi\\\/#primaryimage\"},\"thumbnailUrl\":\"https:\\\/\\\/kuzeyinsesi.org\\\/wp-content\\\/uploads\\\/2024\\\/05\\\/universite-protesto-2220045.jpg\",\"datePublished\":\"2024-05-02T03:36:28+00:00\",\"author\":{\"@id\":\"https:\\\/\\\/kuzeyinsesi.org\\\/#\\\/schema\\\/person\\\/9f859689cdf01485597712386e37f5aa\"},\"breadcrumb\":{\"@id\":\"https:\\\/\\\/kuzeyinsesi.org\\\/index.php\\\/2024\\\/05\\\/02\\\/abdde-filistine-destek-gosterilerine-bir-universite-daha-katildi\\\/#breadcrumb\"},\"inLanguage\":\"tr\",\"potentialAction\":[{\"@type\":\"ReadAction\",\"target\":[\"https:\\\/\\\/kuzeyinsesi.org\\\/index.php\\\/2024\\\/05\\\/02\\\/abdde-filistine-destek-gosterilerine-bir-universite-daha-katildi\\\/\"]}]},{\"@type\":\"ImageObject\",\"inLanguage\":\"tr\",\"@id\":\"https:\\\/\\\/kuzeyinsesi.org\\\/index.php\\\/2024\\\/05\\\/02\\\/abdde-filistine-destek-gosterilerine-bir-universite-daha-katildi\\\/#primaryimage\",\"url\":\"https:\\\/\\\/kuzeyinsesi.org\\\/wp-content\\\/uploads\\\/2024\\\/05\\\/universite-protesto-2220045.jpg\",\"contentUrl\":\"https:\\\/\\\/kuzeyinsesi.org\\\/wp-content\\\/uploads\\\/2024\\\/05\\\/universite-protesto-2220045.jpg\",\"width\":1280,\"height\":720},{\"@type\":\"BreadcrumbList\",\"@id\":\"https:\\\/\\\/kuzeyinsesi.org\\\/index.php\\\/2024\\\/05\\\/02\\\/abdde-filistine-destek-gosterilerine-bir-universite-daha-katildi\\\/#breadcrumb\",\"itemListElement\":[{\"@type\":\"ListItem\",\"position\":1,\"name\":\"Anasayfa\",\"item\":\"https:\\\/\\\/kuzeyinsesi.org\\\/\"},{\"@type\":\"ListItem\",\"position\":2,\"name\":\"ABD&#039;de Filistin&#039;e destek g\u00f6sterilerine bir \u00fcniversite daha kat\u0131ld\u0131\"}]},{\"@type\":\"WebSite\",\"@id\":\"https:\\\/\\\/kuzeyinsesi.org\\\/#website\",\"url\":\"https:\\\/\\\/kuzeyinsesi.org\\\/\",\"name\":\"Kuzeyin Sesi\",\"description\":\"Do\u011fru Haberin Adresi\",\"potentialAction\":[{\"@type\":\"SearchAction\",\"target\":{\"@type\":\"EntryPoint\",\"urlTemplate\":\"https:\\\/\\\/kuzeyinsesi.org\\\/?s={search_term_string}\"},\"query-input\":{\"@type\":\"PropertyValueSpecification\",\"valueRequired\":true,\"valueName\":\"search_term_string\"}}],\"inLanguage\":\"tr\"},{\"@type\":\"Person\",\"@id\":\"https:\\\/\\\/kuzeyinsesi.org\\\/#\\\/schema\\\/person\\\/9f859689cdf01485597712386e37f5aa\",\"name\":\"Kuzeyin Sesi\",\"image\":{\"@type\":\"ImageObject\",\"inLanguage\":\"tr\",\"@id\":\"https:\\\/\\\/secure.gravatar.com\\\/avatar\\\/bab33852abfd8b282518d6ed81826833d77c3c882d9ab608add591ccace47a44?s=96&d=mm&r=g\",\"url\":\"https:\\\/\\\/secure.gravatar.com\\\/avatar\\\/bab33852abfd8b282518d6ed81826833d77c3c882d9ab608add591ccace47a44?s=96&d=mm&r=g\",\"contentUrl\":\"https:\\\/\\\/secure.gravatar.com\\\/avatar\\\/bab33852abfd8b282518d6ed81826833d77c3c882d9ab608add591ccace47a44?s=96&d=mm&r=g\",\"caption\":\"Kuzeyin Sesi\"},\"sameAs\":[\"https:\\\/\\\/kuzeyinsesi.org\"],\"url\":\"https:\\\/\\\/kuzeyinsesi.org\\\/index.php\\\/author\\\/guven\\\/\"}]}<\/script>\n<!-- \/ Yoast SEO plugin. -->","yoast_head_json":{"title":"ABD&#039;de Filistin&#039;e destek g\u00f6sterilerine bir \u00fcniversite daha kat\u0131ld\u0131 - Kuzeyin Sesi","robots":{"index":"index","follow":"follow","max-snippet":"max-snippet:-1","max-image-preview":"max-image-preview:large","max-video-preview":"max-video-preview:-1"},"canonical":"https:\/\/kuzeyinsesi.org\/index.php\/2024\/05\/02\/abdde-filistine-destek-gosterilerine-bir-universite-daha-katildi\/","og_locale":"tr_TR","og_type":"article","og_title":"ABD&#039;de Filistin&#039;e destek g\u00f6sterilerine bir \u00fcniversite daha kat\u0131ld\u0131 - Kuzeyin Sesi","og_description":"&#13; Fordham \u00dcniversitesinin Manhattan&#8217;daki Lincoln Center Kamp\u00fcs\u00fc&#8217;nde okuyan \u00f6\u011frenciler, okul bah\u00e7esine 5 civar\u0131nda \u00e7ad\u0131r kurarak Gazze dayan\u0131\u015fma kamp\u0131 olu\u015fturdu. &#13; Central Park&#8217;a \u00e7ok yak\u0131n b\u00f6lgedeki Fordham kamp\u00fcs\u00fcnde kurulan kamp, Columbia ve City College \u00fcniversitelerindeki Filistin destek\u00e7isi g\u00f6stericilerin New York polisi taraf\u0131ndan g\u00f6zalt\u0131na al\u0131nmas\u0131n\u0131n hemen sonras\u0131nda geldi. &#13; Lincoln Center Kamp\u00fcs\u00fc&#8217;nden sorumlu okul y\u00f6netimi ise ilk [&hellip;]","og_url":"https:\/\/kuzeyinsesi.org\/index.php\/2024\/05\/02\/abdde-filistine-destek-gosterilerine-bir-universite-daha-katildi\/","og_site_name":"Kuzeyin Sesi","article_publisher":"https:\/\/www.facebook.com\/kuzeyinsesii","article_published_time":"2024-05-02T03:36:28+00:00","og_image":[{"width":1280,"height":720,"url":"https:\/\/kuzeyinsesi.org\/wp-content\/uploads\/2024\/05\/universite-protesto-2220045.jpg","type":"image\/jpeg"}],"author":"Kuzeyin Sesi","twitter_card":"summary_large_image","twitter_creator":"@kuzeyinsesii","twitter_site":"@kuzeyinsesii","twitter_misc":{"Yazan:":"Kuzeyin Sesi","Tahmini okuma s\u00fcresi":"2 dakika"},"schema":{"@context":"https:\/\/schema.org","@graph":[{"@type":"Article","@id":"https:\/\/kuzeyinsesi.org\/index.php\/2024\/05\/02\/abdde-filistine-destek-gosterilerine-bir-universite-daha-katildi\/#article","isPartOf":{"@id":"https:\/\/kuzeyinsesi.org\/index.php\/2024\/05\/02\/abdde-filistine-destek-gosterilerine-bir-universite-daha-katildi\/"},"author":{"name":"Kuzeyin Sesi","@id":"https:\/\/kuzeyinsesi.org\/#\/schema\/person\/9f859689cdf01485597712386e37f5aa"},"headline":"ABD&#039;de Filistin&#039;e destek g\u00f6sterilerine bir \u00fcniversite daha kat\u0131ld\u0131","datePublished":"2024-05-02T03:36:28+00:00","mainEntityOfPage":{"@id":"https:\/\/kuzeyinsesi.org\/index.php\/2024\/05\/02\/abdde-filistine-destek-gosterilerine-bir-universite-daha-katildi\/"},"wordCount":425,"commentCount":0,"image":{"@id":"https:\/\/kuzeyinsesi.org\/index.php\/2024\/05\/02\/abdde-filistine-destek-gosterilerine-bir-universite-daha-katildi\/#primaryimage"},"thumbnailUrl":"https:\/\/kuzeyinsesi.org\/wp-content\/uploads\/2024\/05\/universite-protesto-2220045.jpg","articleSection":["D\u00fcnya"],"inLanguage":"tr","potentialAction":[{"@type":"CommentAction","name":"Comment","target":["https:\/\/kuzeyinsesi.org\/index.php\/2024\/05\/02\/abdde-filistine-destek-gosterilerine-bir-universite-daha-katildi\/#respond"]}]},{"@type":"WebPage","@id":"https:\/\/kuzeyinsesi.org\/index.php\/2024\/05\/02\/abdde-filistine-destek-gosterilerine-bir-universite-daha-katildi\/","url":"https:\/\/kuzeyinsesi.org\/index.php\/2024\/05\/02\/abdde-filistine-destek-gosterilerine-bir-universite-daha-katildi\/","name":"ABD&#039;de Filistin&#039;e destek g\u00f6sterilerine bir \u00fcniversite daha kat\u0131ld\u0131 - Kuzeyin Sesi","isPartOf":{"@id":"https:\/\/kuzeyinsesi.org\/#website"},"primaryImageOfPage":{"@id":"https:\/\/kuzeyinsesi.org\/index.php\/2024\/05\/02\/abdde-filistine-destek-gosterilerine-bir-universite-daha-katildi\/#primaryimage"},"image":{"@id":"https:\/\/kuzeyinsesi.org\/index.php\/2024\/05\/02\/abdde-filistine-destek-gosterilerine-bir-universite-daha-katildi\/#primaryimage"},"thumbnailUrl":"https:\/\/kuzeyinsesi.org\/wp-content\/uploads\/2024\/05\/universite-protesto-2220045.jpg","datePublished":"2024-05-02T03:36:28+00:00","author":{"@id":"https:\/\/kuzeyinsesi.org\/#\/schema\/person\/9f859689cdf01485597712386e37f5aa"},"breadcrumb":{"@id":"https:\/\/kuzeyinsesi.org\/index.php\/2024\/05\/02\/abdde-filistine-destek-gosterilerine-bir-universite-daha-katildi\/#breadcrumb"},"inLanguage":"tr","potentialAction":[{"@type":"ReadAction","target":["https:\/\/kuzeyinsesi.org\/index.php\/2024\/05\/02\/abdde-filistine-destek-gosterilerine-bir-universite-daha-katildi\/"]}]},{"@type":"ImageObject","inLanguage":"tr","@id":"https:\/\/kuzeyinsesi.org\/index.php\/2024\/05\/02\/abdde-filistine-destek-gosterilerine-bir-universite-daha-katildi\/#primaryimage","url":"https:\/\/kuzeyinsesi.org\/wp-content\/uploads\/2024\/05\/universite-protesto-2220045.jpg","contentUrl":"https:\/\/kuzeyinsesi.org\/wp-content\/uploads\/2024\/05\/universite-protesto-2220045.jpg","width":1280,"height":720},{"@type":"BreadcrumbList","@id":"https:\/\/kuzeyinsesi.org\/index.php\/2024\/05\/02\/abdde-filistine-destek-gosterilerine-bir-universite-daha-katildi\/#breadcrumb","itemListElement":[{"@type":"ListItem","position":1,"name":"Anasayfa","item":"https:\/\/kuzeyinsesi.org\/"},{"@type":"ListItem","position":2,"name":"ABD&#039;de Filistin&#039;e destek g\u00f6sterilerine bir \u00fcniversite daha kat\u0131ld\u0131"}]},{"@type":"WebSite","@id":"https:\/\/kuzeyinsesi.org\/#website","url":"https:\/\/kuzeyinsesi.org\/","name":"Kuzeyin Sesi","description":"Do\u011fru Haberin Adresi","potentialAction":[{"@type":"SearchAction","target":{"@type":"EntryPoint","urlTemplate":"https:\/\/kuzeyinsesi.org\/?s={search_term_string}"},"query-input":{"@type":"PropertyValueSpecification","valueRequired":true,"valueName":"search_term_string"}}],"inLanguage":"tr"},{"@type":"Person","@id":"https:\/\/kuzeyinsesi.org\/#\/schema\/person\/9f859689cdf01485597712386e37f5aa","name":"Kuzeyin Sesi","image":{"@type":"ImageObject","inLanguage":"tr","@id":"https:\/\/secure.gravatar.com\/avatar\/bab33852abfd8b282518d6ed81826833d77c3c882d9ab608add591ccace47a44?s=96&d=mm&r=g","url":"https:\/\/secure.gravatar.com\/avatar\/bab33852abfd8b282518d6ed81826833d77c3c882d9ab608add591ccace47a44?s=96&d=mm&r=g","contentUrl":"https:\/\/secure.gravatar.com\/avatar\/bab33852abfd8b282518d6ed81826833d77c3c882d9ab608add591ccace47a44?s=96&d=mm&r=g","caption":"Kuzeyin Sesi"},"sameAs":["https:\/\/kuzeyinsesi.org"],"url":"https:\/\/kuzeyinsesi.org\/index.php\/author\/guven\/"}]}},"_links":{"self":[{"href":"https:\/\/kuzeyinsesi.org\/index.php\/wp-json\/wp\/v2\/posts\/1176","targetHints":{"allow":["GET"]}}],"collection":[{"href":"https:\/\/kuzeyinsesi.org\/index.php\/wp-json\/wp\/v2\/posts"}],"about":[{"href":"https:\/\/kuzeyinsesi.org\/index.php\/wp-json\/wp\/v2\/types\/post"}],"author":[{"embeddable":true,"href":"https:\/\/kuzeyinsesi.org\/index.php\/wp-json\/wp\/v2\/users\/1"}],"replies":[{"embeddable":true,"href":"https:\/\/kuzeyinsesi.org\/index.php\/wp-json\/wp\/v2\/comments?post=1176"}],"version-history":[{"count":0,"href":"https:\/\/kuzeyinsesi.org\/index.php\/wp-json\/wp\/v2\/posts\/1176\/revisions"}],"wp:featuredmedia":[{"embeddable":true,"href":"https:\/\/kuzeyinsesi.org\/index.php\/wp-json\/wp\/v2\/media\/1177"}],"wp:attachment":[{"href":"https:\/\/kuzeyinsesi.org\/index.php\/wp-json\/wp\/v2\/media?parent=1176"}],"wp:term":[{"taxonomy":"category","embeddable":true,"href":"https:\/\/kuzeyinsesi.org\/index.php\/wp-json\/wp\/v2\/categories?post=1176"},{"taxonomy":"post_tag","embeddable":true,"href":"https:\/\/kuzeyinsesi.org\/index.php\/wp-json\/wp\/v2\/tags?post=1176"}],"curies":[{"name":"wp","href":"https:\/\/api.w.org\/{rel}","templated":true}]}}