{"id":11748,"date":"2024-10-17T12:04:22","date_gmt":"2024-10-17T09:04:22","guid":{"rendered":"https:\/\/kuzeyinsesi.org\/index.php\/2024\/10\/17\/bogaz-piknik-alaninda-1-cig-kofte-festivali-yapilacak\/"},"modified":"2024-10-17T12:04:22","modified_gmt":"2024-10-17T09:04:22","slug":"bogaz-piknik-alaninda-1-cig-kofte-festivali-yapilacak","status":"publish","type":"post","link":"https:\/\/kuzeyinsesi.org\/index.php\/2024\/10\/17\/bogaz-piknik-alaninda-1-cig-kofte-festivali-yapilacak\/","title":{"rendered":"Bo\u011faz Piknik Alan\u0131\u2019nda \u201c1. \u00c7i\u011f K\u00f6fte Festivali\u201d yap\u0131lacak"},"content":{"rendered":"<div>\n<p style=\"font-weight: 300;\"><span style=\"font-weight: 300 !important;\">\u00a0A<\/span><span style=\"font-weight: 300 !important;\">d\u0131yamanl\u0131lar Yard\u0131mla\u015fma ve Dayan\u0131\u015fma Derne\u011fi, p<\/span><span style=\"font-weight: 300 !important;\">azar g\u00fcn\u00fc\u00a0<\/span><span style=\"font-weight: 300 !important;\">Bo\u011faz Piknik Alan\u0131\u2019nda \u201c1.\u00a0<\/span><span style=\"font-weight: 300 !important;\">\u00c7i\u011f K\u00f6fte Festivali\u201d d\u00fczenleyecek.<\/span><\/p>\n<p style=\"font-weight: 300;\"><span style=\"font-weight: 300 !important;\">Dernek Ba\u015fkan\u0131 Suphi Asilt\u00fcrk konuyla ilgili yaz\u0131l\u0131 a\u00e7\u0131klamas\u0131nda, \u201cBu festival hem\u015ferilerimiz aras\u0131nda k\u00f6pr\u00fcler kurmay\u0131 ve Ad\u0131yaman k\u00fclt\u00fcr\u00fcn\u00fc K\u0131br\u0131s\u2019ta ya\u015fatmay\u0131 ama\u00e7l\u0131yor\u201d diyerek Ad\u0131yamanl\u0131lar\u0131 \u201c<\/span><span style=\"font-weight: 300 !important;\">Birinci \u00c7i\u011f K\u00f6fte Festivali\u201dne davet etti.<\/span><\/p>\n<p style=\"font-weight: 300;\"><span style=\"font-weight: 300 !important;\">Asilt\u00fcrk, p<\/span><span style=\"font-weight: 300 !important;\">azar g\u00fcn\u00fc 11.00 ile 17.00 saatleri aras\u0131nda ger\u00e7ekle\u015fecek,\u00a0<\/span><span style=\"font-weight: 300 !important;\">Ad\u0131yaman\u2019a \u00f6zg\u00fc lezzetlere de yer verilecek festivalde H\u00fcseyin Ekinci, Karage\u00e7eli Selahattin, Grup Ezman ve Mustafa Karabulut\u2019un sahne alaca\u011f\u0131n\u0131 da belirtti.<\/span><\/p>\n<\/div>\n<p><script async\n                    defer\n                    crossorigin=\"anonymous\"\n                    src=\"https:\/\/connect.facebook.net\/tr_TR\/sdk.js#xfbml=1&#038;version=v3.3\"\n            ><\/script><\/p>\n","protected":false},"excerpt":{"rendered":"<p>\u00a0Ad\u0131yamanl\u0131lar Yard\u0131mla\u015fma ve Dayan\u0131\u015fma Derne\u011fi, pazar g\u00fcn\u00fc\u00a0Bo\u011faz Piknik Alan\u0131\u2019nda \u201c1.\u00a0\u00c7i\u011f K\u00f6fte Festivali\u201d d\u00fczenleyecek. Dernek Ba\u015fkan\u0131 Suphi Asilt\u00fcrk konuyla ilgili yaz\u0131l\u0131 a\u00e7\u0131klamas\u0131nda, \u201cBu festival hem\u015ferilerimiz aras\u0131nda k\u00f6pr\u00fcler kurmay\u0131 ve Ad\u0131yaman k\u00fclt\u00fcr\u00fcn\u00fc K\u0131br\u0131s\u2019ta ya\u015fatmay\u0131 ama\u00e7l\u0131yor\u201d diyerek Ad\u0131yamanl\u0131lar\u0131 \u201cBirinci \u00c7i\u011f K\u00f6fte Festivali\u201dne davet etti. Asilt\u00fcrk, pazar g\u00fcn\u00fc 11.00 ile 17.00 saatleri aras\u0131nda ger\u00e7ekle\u015fecek,\u00a0Ad\u0131yaman\u2019a \u00f6zg\u00fc lezzetlere de yer verilecek [&hellip;]<\/p>\n","protected":false},"author":1,"featured_media":11749,"comment_status":"open","ping_status":"open","sticky":false,"template":"","format":"standard","meta":{"jnews-multi-image_gallery":[],"jnews_single_post":[],"jnews_primary_category":[],"jnews_social_meta":[],"jnews_override_counter":[],"footnotes":""},"categories":[6],"tags":[],"class_list":["post-11748","post","type-post","status-publish","format-standard","has-post-thumbnail","hentry","category-yasam"],"yoast_head":"<!-- This site is optimized with the Yoast SEO plugin v27.4 - https:\/\/yoast.com\/product\/yoast-seo-wordpress\/ -->\n<title>Bo\u011faz Piknik Alan\u0131\u2019nda \u201c1. \u00c7i\u011f K\u00f6fte Festivali\u201d yap\u0131lacak - Kuzeyin Sesi<\/title>\n<meta name=\"robots\" content=\"index, follow, max-snippet:-1, max-image-preview:large, max-video-preview:-1\" \/>\n<link rel=\"canonical\" href=\"https:\/\/kuzeyinsesi.org\/index.php\/2024\/10\/17\/bogaz-piknik-alaninda-1-cig-kofte-festivali-yapilacak\/\" \/>\n<meta property=\"og:locale\" content=\"tr_TR\" \/>\n<meta property=\"og:type\" content=\"article\" \/>\n<meta property=\"og:title\" content=\"Bo\u011faz Piknik Alan\u0131\u2019nda \u201c1. \u00c7i\u011f K\u00f6fte Festivali\u201d yap\u0131lacak - Kuzeyin Sesi\" \/>\n<meta property=\"og:description\" content=\"\u00a0Ad\u0131yamanl\u0131lar Yard\u0131mla\u015fma ve Dayan\u0131\u015fma Derne\u011fi, pazar g\u00fcn\u00fc\u00a0Bo\u011faz Piknik Alan\u0131\u2019nda \u201c1.\u00a0\u00c7i\u011f K\u00f6fte Festivali\u201d d\u00fczenleyecek. Dernek Ba\u015fkan\u0131 Suphi Asilt\u00fcrk konuyla ilgili yaz\u0131l\u0131 a\u00e7\u0131klamas\u0131nda, \u201cBu festival hem\u015ferilerimiz aras\u0131nda k\u00f6pr\u00fcler kurmay\u0131 ve Ad\u0131yaman k\u00fclt\u00fcr\u00fcn\u00fc K\u0131br\u0131s\u2019ta ya\u015fatmay\u0131 ama\u00e7l\u0131yor\u201d diyerek Ad\u0131yamanl\u0131lar\u0131 \u201cBirinci \u00c7i\u011f K\u00f6fte Festivali\u201dne davet etti. Asilt\u00fcrk, pazar g\u00fcn\u00fc 11.00 ile 17.00 saatleri aras\u0131nda ger\u00e7ekle\u015fecek,\u00a0Ad\u0131yaman\u2019a \u00f6zg\u00fc lezzetlere de yer verilecek [&hellip;]\" \/>\n<meta property=\"og:url\" content=\"https:\/\/kuzeyinsesi.org\/index.php\/2024\/10\/17\/bogaz-piknik-alaninda-1-cig-kofte-festivali-yapilacak\/\" \/>\n<meta property=\"og:site_name\" content=\"Kuzeyin Sesi\" \/>\n<meta property=\"article:publisher\" content=\"https:\/\/www.facebook.com\/kuzeyinsesii\" \/>\n<meta property=\"article:published_time\" content=\"2024-10-17T09:04:22+00:00\" \/>\n<meta name=\"author\" content=\"Kuzeyin Sesi\" \/>\n<meta name=\"twitter:card\" content=\"summary_large_image\" \/>\n<meta name=\"twitter:creator\" content=\"@kuzeyinsesii\" \/>\n<meta name=\"twitter:site\" content=\"@kuzeyinsesii\" \/>\n<meta name=\"twitter:label1\" content=\"Yazan:\" \/>\n\t<meta name=\"twitter:data1\" content=\"Kuzeyin Sesi\" \/>\n\t<meta name=\"twitter:label2\" content=\"Tahmini okuma s\u00fcresi\" \/>\n\t<meta name=\"twitter:data2\" content=\"1 dakika\" \/>\n<script type=\"application\/ld+json\" class=\"yoast-schema-graph\">{\"@context\":\"https:\\\/\\\/schema.org\",\"@graph\":[{\"@type\":\"Article\",\"@id\":\"https:\\\/\\\/kuzeyinsesi.org\\\/index.php\\\/2024\\\/10\\\/17\\\/bogaz-piknik-alaninda-1-cig-kofte-festivali-yapilacak\\\/#article\",\"isPartOf\":{\"@id\":\"https:\\\/\\\/kuzeyinsesi.org\\\/index.php\\\/2024\\\/10\\\/17\\\/bogaz-piknik-alaninda-1-cig-kofte-festivali-yapilacak\\\/\"},\"author\":{\"name\":\"Kuzeyin Sesi\",\"@id\":\"https:\\\/\\\/kuzeyinsesi.org\\\/#\\\/schema\\\/person\\\/9f859689cdf01485597712386e37f5aa\"},\"headline\":\"Bo\u011faz Piknik Alan\u0131\u2019nda \u201c1. \u00c7i\u011f K\u00f6fte Festivali\u201d yap\u0131lacak\",\"datePublished\":\"2024-10-17T09:04:22+00:00\",\"mainEntityOfPage\":{\"@id\":\"https:\\\/\\\/kuzeyinsesi.org\\\/index.php\\\/2024\\\/10\\\/17\\\/bogaz-piknik-alaninda-1-cig-kofte-festivali-yapilacak\\\/\"},\"wordCount\":128,\"commentCount\":0,\"image\":{\"@id\":\"https:\\\/\\\/kuzeyinsesi.org\\\/index.php\\\/2024\\\/10\\\/17\\\/bogaz-piknik-alaninda-1-cig-kofte-festivali-yapilacak\\\/#primaryimage\"},\"thumbnailUrl\":\"https:\\\/\\\/kuzeyinsesi.org\\\/wp-content\\\/uploads\\\/2024\\\/10\\\/adiyamanlilar-dernegi-2-1-1.jpg\",\"articleSection\":[\"Ya\u015fam\"],\"inLanguage\":\"tr\",\"potentialAction\":[{\"@type\":\"CommentAction\",\"name\":\"Comment\",\"target\":[\"https:\\\/\\\/kuzeyinsesi.org\\\/index.php\\\/2024\\\/10\\\/17\\\/bogaz-piknik-alaninda-1-cig-kofte-festivali-yapilacak\\\/#respond\"]}]},{\"@type\":\"WebPage\",\"@id\":\"https:\\\/\\\/kuzeyinsesi.org\\\/index.php\\\/2024\\\/10\\\/17\\\/bogaz-piknik-alaninda-1-cig-kofte-festivali-yapilacak\\\/\",\"url\":\"https:\\\/\\\/kuzeyinsesi.org\\\/index.php\\\/2024\\\/10\\\/17\\\/bogaz-piknik-alaninda-1-cig-kofte-festivali-yapilacak\\\/\",\"name\":\"Bo\u011faz Piknik Alan\u0131\u2019nda \u201c1. \u00c7i\u011f K\u00f6fte Festivali\u201d yap\u0131lacak - Kuzeyin Sesi\",\"isPartOf\":{\"@id\":\"https:\\\/\\\/kuzeyinsesi.org\\\/#website\"},\"primaryImageOfPage\":{\"@id\":\"https:\\\/\\\/kuzeyinsesi.org\\\/index.php\\\/2024\\\/10\\\/17\\\/bogaz-piknik-alaninda-1-cig-kofte-festivali-yapilacak\\\/#primaryimage\"},\"image\":{\"@id\":\"https:\\\/\\\/kuzeyinsesi.org\\\/index.php\\\/2024\\\/10\\\/17\\\/bogaz-piknik-alaninda-1-cig-kofte-festivali-yapilacak\\\/#primaryimage\"},\"thumbnailUrl\":\"https:\\\/\\\/kuzeyinsesi.org\\\/wp-content\\\/uploads\\\/2024\\\/10\\\/adiyamanlilar-dernegi-2-1-1.jpg\",\"datePublished\":\"2024-10-17T09:04:22+00:00\",\"author\":{\"@id\":\"https:\\\/\\\/kuzeyinsesi.org\\\/#\\\/schema\\\/person\\\/9f859689cdf01485597712386e37f5aa\"},\"breadcrumb\":{\"@id\":\"https:\\\/\\\/kuzeyinsesi.org\\\/index.php\\\/2024\\\/10\\\/17\\\/bogaz-piknik-alaninda-1-cig-kofte-festivali-yapilacak\\\/#breadcrumb\"},\"inLanguage\":\"tr\",\"potentialAction\":[{\"@type\":\"ReadAction\",\"target\":[\"https:\\\/\\\/kuzeyinsesi.org\\\/index.php\\\/2024\\\/10\\\/17\\\/bogaz-piknik-alaninda-1-cig-kofte-festivali-yapilacak\\\/\"]}]},{\"@type\":\"ImageObject\",\"inLanguage\":\"tr\",\"@id\":\"https:\\\/\\\/kuzeyinsesi.org\\\/index.php\\\/2024\\\/10\\\/17\\\/bogaz-piknik-alaninda-1-cig-kofte-festivali-yapilacak\\\/#primaryimage\",\"url\":\"https:\\\/\\\/kuzeyinsesi.org\\\/wp-content\\\/uploads\\\/2024\\\/10\\\/adiyamanlilar-dernegi-2-1-1.jpg\",\"contentUrl\":\"https:\\\/\\\/kuzeyinsesi.org\\\/wp-content\\\/uploads\\\/2024\\\/10\\\/adiyamanlilar-dernegi-2-1-1.jpg\",\"width\":1080,\"height\":850},{\"@type\":\"BreadcrumbList\",\"@id\":\"https:\\\/\\\/kuzeyinsesi.org\\\/index.php\\\/2024\\\/10\\\/17\\\/bogaz-piknik-alaninda-1-cig-kofte-festivali-yapilacak\\\/#breadcrumb\",\"itemListElement\":[{\"@type\":\"ListItem\",\"position\":1,\"name\":\"Anasayfa\",\"item\":\"https:\\\/\\\/kuzeyinsesi.org\\\/\"},{\"@type\":\"ListItem\",\"position\":2,\"name\":\"Bo\u011faz Piknik Alan\u0131\u2019nda \u201c1. \u00c7i\u011f K\u00f6fte Festivali\u201d yap\u0131lacak\"}]},{\"@type\":\"WebSite\",\"@id\":\"https:\\\/\\\/kuzeyinsesi.org\\\/#website\",\"url\":\"https:\\\/\\\/kuzeyinsesi.org\\\/\",\"name\":\"Kuzeyin Sesi\",\"description\":\"Do\u011fru Haberin Adresi\",\"potentialAction\":[{\"@type\":\"SearchAction\",\"target\":{\"@type\":\"EntryPoint\",\"urlTemplate\":\"https:\\\/\\\/kuzeyinsesi.org\\\/?s={search_term_string}\"},\"query-input\":{\"@type\":\"PropertyValueSpecification\",\"valueRequired\":true,\"valueName\":\"search_term_string\"}}],\"inLanguage\":\"tr\"},{\"@type\":\"Person\",\"@id\":\"https:\\\/\\\/kuzeyinsesi.org\\\/#\\\/schema\\\/person\\\/9f859689cdf01485597712386e37f5aa\",\"name\":\"Kuzeyin Sesi\",\"image\":{\"@type\":\"ImageObject\",\"inLanguage\":\"tr\",\"@id\":\"https:\\\/\\\/secure.gravatar.com\\\/avatar\\\/bab33852abfd8b282518d6ed81826833d77c3c882d9ab608add591ccace47a44?s=96&d=mm&r=g\",\"url\":\"https:\\\/\\\/secure.gravatar.com\\\/avatar\\\/bab33852abfd8b282518d6ed81826833d77c3c882d9ab608add591ccace47a44?s=96&d=mm&r=g\",\"contentUrl\":\"https:\\\/\\\/secure.gravatar.com\\\/avatar\\\/bab33852abfd8b282518d6ed81826833d77c3c882d9ab608add591ccace47a44?s=96&d=mm&r=g\",\"caption\":\"Kuzeyin Sesi\"},\"sameAs\":[\"https:\\\/\\\/kuzeyinsesi.org\"],\"url\":\"https:\\\/\\\/kuzeyinsesi.org\\\/index.php\\\/author\\\/guven\\\/\"}]}<\/script>\n<!-- \/ Yoast SEO plugin. -->","yoast_head_json":{"title":"Bo\u011faz Piknik Alan\u0131\u2019nda \u201c1. \u00c7i\u011f K\u00f6fte Festivali\u201d yap\u0131lacak - Kuzeyin Sesi","robots":{"index":"index","follow":"follow","max-snippet":"max-snippet:-1","max-image-preview":"max-image-preview:large","max-video-preview":"max-video-preview:-1"},"canonical":"https:\/\/kuzeyinsesi.org\/index.php\/2024\/10\/17\/bogaz-piknik-alaninda-1-cig-kofte-festivali-yapilacak\/","og_locale":"tr_TR","og_type":"article","og_title":"Bo\u011faz Piknik Alan\u0131\u2019nda \u201c1. \u00c7i\u011f K\u00f6fte Festivali\u201d yap\u0131lacak - Kuzeyin Sesi","og_description":"\u00a0Ad\u0131yamanl\u0131lar Yard\u0131mla\u015fma ve Dayan\u0131\u015fma Derne\u011fi, pazar g\u00fcn\u00fc\u00a0Bo\u011faz Piknik Alan\u0131\u2019nda \u201c1.\u00a0\u00c7i\u011f K\u00f6fte Festivali\u201d d\u00fczenleyecek. Dernek Ba\u015fkan\u0131 Suphi Asilt\u00fcrk konuyla ilgili yaz\u0131l\u0131 a\u00e7\u0131klamas\u0131nda, \u201cBu festival hem\u015ferilerimiz aras\u0131nda k\u00f6pr\u00fcler kurmay\u0131 ve Ad\u0131yaman k\u00fclt\u00fcr\u00fcn\u00fc K\u0131br\u0131s\u2019ta ya\u015fatmay\u0131 ama\u00e7l\u0131yor\u201d diyerek Ad\u0131yamanl\u0131lar\u0131 \u201cBirinci \u00c7i\u011f K\u00f6fte Festivali\u201dne davet etti. Asilt\u00fcrk, pazar g\u00fcn\u00fc 11.00 ile 17.00 saatleri aras\u0131nda ger\u00e7ekle\u015fecek,\u00a0Ad\u0131yaman\u2019a \u00f6zg\u00fc lezzetlere de yer verilecek [&hellip;]","og_url":"https:\/\/kuzeyinsesi.org\/index.php\/2024\/10\/17\/bogaz-piknik-alaninda-1-cig-kofte-festivali-yapilacak\/","og_site_name":"Kuzeyin Sesi","article_publisher":"https:\/\/www.facebook.com\/kuzeyinsesii","article_published_time":"2024-10-17T09:04:22+00:00","author":"Kuzeyin Sesi","twitter_card":"summary_large_image","twitter_creator":"@kuzeyinsesii","twitter_site":"@kuzeyinsesii","twitter_misc":{"Yazan:":"Kuzeyin Sesi","Tahmini okuma s\u00fcresi":"1 dakika"},"schema":{"@context":"https:\/\/schema.org","@graph":[{"@type":"Article","@id":"https:\/\/kuzeyinsesi.org\/index.php\/2024\/10\/17\/bogaz-piknik-alaninda-1-cig-kofte-festivali-yapilacak\/#article","isPartOf":{"@id":"https:\/\/kuzeyinsesi.org\/index.php\/2024\/10\/17\/bogaz-piknik-alaninda-1-cig-kofte-festivali-yapilacak\/"},"author":{"name":"Kuzeyin Sesi","@id":"https:\/\/kuzeyinsesi.org\/#\/schema\/person\/9f859689cdf01485597712386e37f5aa"},"headline":"Bo\u011faz Piknik Alan\u0131\u2019nda \u201c1. \u00c7i\u011f K\u00f6fte Festivali\u201d yap\u0131lacak","datePublished":"2024-10-17T09:04:22+00:00","mainEntityOfPage":{"@id":"https:\/\/kuzeyinsesi.org\/index.php\/2024\/10\/17\/bogaz-piknik-alaninda-1-cig-kofte-festivali-yapilacak\/"},"wordCount":128,"commentCount":0,"image":{"@id":"https:\/\/kuzeyinsesi.org\/index.php\/2024\/10\/17\/bogaz-piknik-alaninda-1-cig-kofte-festivali-yapilacak\/#primaryimage"},"thumbnailUrl":"https:\/\/kuzeyinsesi.org\/wp-content\/uploads\/2024\/10\/adiyamanlilar-dernegi-2-1-1.jpg","articleSection":["Ya\u015fam"],"inLanguage":"tr","potentialAction":[{"@type":"CommentAction","name":"Comment","target":["https:\/\/kuzeyinsesi.org\/index.php\/2024\/10\/17\/bogaz-piknik-alaninda-1-cig-kofte-festivali-yapilacak\/#respond"]}]},{"@type":"WebPage","@id":"https:\/\/kuzeyinsesi.org\/index.php\/2024\/10\/17\/bogaz-piknik-alaninda-1-cig-kofte-festivali-yapilacak\/","url":"https:\/\/kuzeyinsesi.org\/index.php\/2024\/10\/17\/bogaz-piknik-alaninda-1-cig-kofte-festivali-yapilacak\/","name":"Bo\u011faz Piknik Alan\u0131\u2019nda \u201c1. \u00c7i\u011f K\u00f6fte Festivali\u201d yap\u0131lacak - Kuzeyin Sesi","isPartOf":{"@id":"https:\/\/kuzeyinsesi.org\/#website"},"primaryImageOfPage":{"@id":"https:\/\/kuzeyinsesi.org\/index.php\/2024\/10\/17\/bogaz-piknik-alaninda-1-cig-kofte-festivali-yapilacak\/#primaryimage"},"image":{"@id":"https:\/\/kuzeyinsesi.org\/index.php\/2024\/10\/17\/bogaz-piknik-alaninda-1-cig-kofte-festivali-yapilacak\/#primaryimage"},"thumbnailUrl":"https:\/\/kuzeyinsesi.org\/wp-content\/uploads\/2024\/10\/adiyamanlilar-dernegi-2-1-1.jpg","datePublished":"2024-10-17T09:04:22+00:00","author":{"@id":"https:\/\/kuzeyinsesi.org\/#\/schema\/person\/9f859689cdf01485597712386e37f5aa"},"breadcrumb":{"@id":"https:\/\/kuzeyinsesi.org\/index.php\/2024\/10\/17\/bogaz-piknik-alaninda-1-cig-kofte-festivali-yapilacak\/#breadcrumb"},"inLanguage":"tr","potentialAction":[{"@type":"ReadAction","target":["https:\/\/kuzeyinsesi.org\/index.php\/2024\/10\/17\/bogaz-piknik-alaninda-1-cig-kofte-festivali-yapilacak\/"]}]},{"@type":"ImageObject","inLanguage":"tr","@id":"https:\/\/kuzeyinsesi.org\/index.php\/2024\/10\/17\/bogaz-piknik-alaninda-1-cig-kofte-festivali-yapilacak\/#primaryimage","url":"https:\/\/kuzeyinsesi.org\/wp-content\/uploads\/2024\/10\/adiyamanlilar-dernegi-2-1-1.jpg","contentUrl":"https:\/\/kuzeyinsesi.org\/wp-content\/uploads\/2024\/10\/adiyamanlilar-dernegi-2-1-1.jpg","width":1080,"height":850},{"@type":"BreadcrumbList","@id":"https:\/\/kuzeyinsesi.org\/index.php\/2024\/10\/17\/bogaz-piknik-alaninda-1-cig-kofte-festivali-yapilacak\/#breadcrumb","itemListElement":[{"@type":"ListItem","position":1,"name":"Anasayfa","item":"https:\/\/kuzeyinsesi.org\/"},{"@type":"ListItem","position":2,"name":"Bo\u011faz Piknik Alan\u0131\u2019nda \u201c1. \u00c7i\u011f K\u00f6fte Festivali\u201d yap\u0131lacak"}]},{"@type":"WebSite","@id":"https:\/\/kuzeyinsesi.org\/#website","url":"https:\/\/kuzeyinsesi.org\/","name":"Kuzeyin Sesi","description":"Do\u011fru Haberin Adresi","potentialAction":[{"@type":"SearchAction","target":{"@type":"EntryPoint","urlTemplate":"https:\/\/kuzeyinsesi.org\/?s={search_term_string}"},"query-input":{"@type":"PropertyValueSpecification","valueRequired":true,"valueName":"search_term_string"}}],"inLanguage":"tr"},{"@type":"Person","@id":"https:\/\/kuzeyinsesi.org\/#\/schema\/person\/9f859689cdf01485597712386e37f5aa","name":"Kuzeyin Sesi","image":{"@type":"ImageObject","inLanguage":"tr","@id":"https:\/\/secure.gravatar.com\/avatar\/bab33852abfd8b282518d6ed81826833d77c3c882d9ab608add591ccace47a44?s=96&d=mm&r=g","url":"https:\/\/secure.gravatar.com\/avatar\/bab33852abfd8b282518d6ed81826833d77c3c882d9ab608add591ccace47a44?s=96&d=mm&r=g","contentUrl":"https:\/\/secure.gravatar.com\/avatar\/bab33852abfd8b282518d6ed81826833d77c3c882d9ab608add591ccace47a44?s=96&d=mm&r=g","caption":"Kuzeyin Sesi"},"sameAs":["https:\/\/kuzeyinsesi.org"],"url":"https:\/\/kuzeyinsesi.org\/index.php\/author\/guven\/"}]}},"_links":{"self":[{"href":"https:\/\/kuzeyinsesi.org\/index.php\/wp-json\/wp\/v2\/posts\/11748","targetHints":{"allow":["GET"]}}],"collection":[{"href":"https:\/\/kuzeyinsesi.org\/index.php\/wp-json\/wp\/v2\/posts"}],"about":[{"href":"https:\/\/kuzeyinsesi.org\/index.php\/wp-json\/wp\/v2\/types\/post"}],"author":[{"embeddable":true,"href":"https:\/\/kuzeyinsesi.org\/index.php\/wp-json\/wp\/v2\/users\/1"}],"replies":[{"embeddable":true,"href":"https:\/\/kuzeyinsesi.org\/index.php\/wp-json\/wp\/v2\/comments?post=11748"}],"version-history":[{"count":0,"href":"https:\/\/kuzeyinsesi.org\/index.php\/wp-json\/wp\/v2\/posts\/11748\/revisions"}],"wp:featuredmedia":[{"embeddable":true,"href":"https:\/\/kuzeyinsesi.org\/index.php\/wp-json\/wp\/v2\/media\/11749"}],"wp:attachment":[{"href":"https:\/\/kuzeyinsesi.org\/index.php\/wp-json\/wp\/v2\/media?parent=11748"}],"wp:term":[{"taxonomy":"category","embeddable":true,"href":"https:\/\/kuzeyinsesi.org\/index.php\/wp-json\/wp\/v2\/categories?post=11748"},{"taxonomy":"post_tag","embeddable":true,"href":"https:\/\/kuzeyinsesi.org\/index.php\/wp-json\/wp\/v2\/tags?post=11748"}],"curies":[{"name":"wp","href":"https:\/\/api.w.org\/{rel}","templated":true}]}}