{"id":11699,"date":"2024-10-16T18:37:03","date_gmt":"2024-10-16T15:37:03","guid":{"rendered":"https:\/\/kuzeyinsesi.org\/index.php\/2024\/10\/16\/baris-icin-baska-bir-dunya-mumkun-hareketinin-duzenleyecegi-paylasinca-cogalir-sergisi-21-ekimde-aciliyor\/"},"modified":"2024-10-16T18:37:03","modified_gmt":"2024-10-16T15:37:03","slug":"baris-icin-baska-bir-dunya-mumkun-hareketinin-duzenleyecegi-paylasinca-cogalir-sergisi-21-ekimde-aciliyor","status":"publish","type":"post","link":"https:\/\/kuzeyinsesi.org\/index.php\/2024\/10\/16\/baris-icin-baska-bir-dunya-mumkun-hareketinin-duzenleyecegi-paylasinca-cogalir-sergisi-21-ekimde-aciliyor\/","title":{"rendered":"\u201c Bar\u0131\u015f \u0130\u00e7in Ba\u015fka Bir D\u00fcnya M\u00fcmk\u00fcn\u201d hareketinin d\u00fczenleyece\u011fi \u201cPayla\u015f\u0131nca \u00c7o\u011fal\u0131r\u201d sergisi 21 Ekim\u2019de a\u00e7\u0131l\u0131yor"},"content":{"rendered":"<div>\n<div class=\"mariselle-image-container center\">\n                                            <\/div>\n<p>Cumhurba\u015fkanl\u0131\u011f\u0131, D\u0131\u015fi\u015fleri Bakanl\u0131\u011f\u0131, Lefko\u015fa T\u00fcrk Belediyesi, Girne Belediyesi, K\u00fclt\u00fcr Dairesi ve 5 \u00f6zel kurulu\u015fun \u201cBar\u0131\u015f \u0130\u00e7in Ba\u015fka Bir D\u00fcnya M\u00fcmk\u00fcn\u201d Hareketi ile i\u015fbirli\u011fi yaparak d\u00fczenleyece\u011fi Payla\u015f\u0131nca \u00c7o\u011fal\u0131r ana temal\u0131 Uluslararas\u0131 \u00c7al\u0131\u015ftay ve Sergi i\u00e7in Lefko\u015fa AKM de bas\u0131n toplant\u0131s\u0131 d\u00fczenlendi.<\/p>\n<p>Uluslararas\u0131 Bar\u0131\u015f ve Resim Harekat\u0131 K\u0131br\u0131s Temsilcisi G\u00fcls\u00fcn Karaday\u0131,  \u201cPayla\u015f\u0131nca \u00c7o\u011fal\u0131r\u201d sergisi i\u00e7in geri say\u0131m\u0131n ba\u015flad\u0131\u011f\u0131n\u0131 belirtti ve yap\u0131lacak etkinlikte \u00fclke ekonomisine katk\u0131 sa\u011flamay\u0131 ama\u00e7lad\u0131klar\u0131n\u0131 s\u00f6yledi. <\/p>\n<p>Karaday\u0131, \u201c Halk\u0131m\u0131z  21 Ekim\u2019de \u0130smet Vehit G\u00fcney K\u00fclt\u00fcr Merkezinde a\u00e7\u0131lacak olan sergimize bekliyoruz. Ben de\u011fil Biz var\u0131z. Payla\u015f\u0131nca eksilmiyor \u00e7o\u011fal\u0131yoruz\u201d dedi. <\/p>\n<p>K\u0131br\u0131s T\u00fcrk \u0130\u015f \u0130nsanlar\u0131 Derne\u011fi Y\u00f6netim Kurulu \u00fcyesi Levent \u00d6zerda\u011f da,  ama\u00e7lar\u0131n\u0131n devletin yeti\u015femedi\u011fi yerlerde \u00e7ocuklarla ilgili desteklerin verilmesi oldu\u011funu s\u00f6yledi. <\/p>\n<p>\u00d6zerda\u011f, bu t\u00fcr etkinliklerin \u00e7ocuklar i\u00e7in b\u00fcy\u00fck \u00f6nem ta\u015f\u0131d\u0131\u011f\u0131n\u0131 belirterek dernek olarak \u00e7al\u0131\u015fmalar\u0131n\u0131n devam edece\u011fini vurgulad\u0131.<br \/>K\u0131br\u0131s T\u00fcrk M\u00fczik ve Sanat Derne\u011fi Ba\u015fkan\u0131 Ulus Ye\u015filada ise  etkinliklerde yer alman\u0131n gururunu ta\u015f\u0131d\u0131klar\u0131n\u0131 ifade ederek,  \u201cBirlikten g\u00fc\u00e7 do\u011far\u201d dedi. <\/p>\n<p>Ye\u015filada, \u201c Yap\u0131lan etkinliklere katk\u0131 koymaya haz\u0131r\u0131z. \u0130\u00e7imizde yeti\u015fen bir\u00e7ok sanat\u00e7\u0131mj\u0131z var, onlarla hem resim hem de m\u00fczik olarak birlikte olaca\u011f\u0131z\u201d dedi. <\/p>\n<p>K\u0131br\u0131s T\u00fcrk \u0130\u015f \u0130nsanlar\u0131 Derne\u011fi Ba\u015fkan\u0131 Enver Mam\u00fclc\u00fc de, sanat, spor ve k\u00fclt\u00fcr gibi etkinliklere katk\u0131 sa\u011flam\u0131n\u0131n \u00f6nemine de\u011findi.<br \/>Etkinlikler \u00e7er\u00e7evesinde \u00fclkeye gelecek olan 42 sanat\u00e7\u0131 ise 19- 20 Ekim\u2019de Girne Ramadan Cemil Meydan\u0131\u2019nda resim \u00e7al\u0131\u015fmas\u0131 yapacak.<\/p>\n<\/p><\/div>\n<p><script async\n                    defer\n                    crossorigin=\"anonymous\"\n                    src=\"https:\/\/connect.facebook.net\/tr_TR\/sdk.js#xfbml=1&#038;version=v3.3\"\n            ><\/script><\/p>\n","protected":false},"excerpt":{"rendered":"<p>Cumhurba\u015fkanl\u0131\u011f\u0131, D\u0131\u015fi\u015fleri Bakanl\u0131\u011f\u0131, Lefko\u015fa T\u00fcrk Belediyesi, Girne Belediyesi, K\u00fclt\u00fcr Dairesi ve 5 \u00f6zel kurulu\u015fun \u201cBar\u0131\u015f \u0130\u00e7in Ba\u015fka Bir D\u00fcnya M\u00fcmk\u00fcn\u201d Hareketi ile i\u015fbirli\u011fi yaparak d\u00fczenleyece\u011fi Payla\u015f\u0131nca \u00c7o\u011fal\u0131r ana temal\u0131 Uluslararas\u0131 \u00c7al\u0131\u015ftay ve Sergi i\u00e7in Lefko\u015fa AKM de bas\u0131n toplant\u0131s\u0131 d\u00fczenlendi. Uluslararas\u0131 Bar\u0131\u015f ve Resim Harekat\u0131 K\u0131br\u0131s Temsilcisi G\u00fcls\u00fcn Karaday\u0131, \u201cPayla\u015f\u0131nca \u00c7o\u011fal\u0131r\u201d sergisi i\u00e7in geri say\u0131m\u0131n [&hellip;]<\/p>\n","protected":false},"author":1,"featured_media":11700,"comment_status":"open","ping_status":"open","sticky":false,"template":"","format":"standard","meta":{"jnews-multi-image_gallery":[],"jnews_single_post":[],"jnews_primary_category":[],"jnews_social_meta":[],"jnews_override_counter":[],"footnotes":""},"categories":[6],"tags":[],"class_list":["post-11699","post","type-post","status-publish","format-standard","has-post-thumbnail","hentry","category-yasam"],"yoast_head":"<!-- This site is optimized with the Yoast SEO plugin v27.4 - https:\/\/yoast.com\/product\/yoast-seo-wordpress\/ -->\n<title>\u201c Bar\u0131\u015f \u0130\u00e7in Ba\u015fka Bir D\u00fcnya M\u00fcmk\u00fcn\u201d hareketinin d\u00fczenleyece\u011fi \u201cPayla\u015f\u0131nca \u00c7o\u011fal\u0131r\u201d sergisi 21 Ekim\u2019de a\u00e7\u0131l\u0131yor - Kuzeyin Sesi<\/title>\n<meta name=\"robots\" content=\"index, follow, max-snippet:-1, max-image-preview:large, max-video-preview:-1\" \/>\n<link rel=\"canonical\" href=\"https:\/\/kuzeyinsesi.org\/index.php\/2024\/10\/16\/baris-icin-baska-bir-dunya-mumkun-hareketinin-duzenleyecegi-paylasinca-cogalir-sergisi-21-ekimde-aciliyor\/\" \/>\n<meta property=\"og:locale\" content=\"tr_TR\" \/>\n<meta property=\"og:type\" content=\"article\" \/>\n<meta property=\"og:title\" content=\"\u201c Bar\u0131\u015f \u0130\u00e7in Ba\u015fka Bir D\u00fcnya M\u00fcmk\u00fcn\u201d hareketinin d\u00fczenleyece\u011fi \u201cPayla\u015f\u0131nca \u00c7o\u011fal\u0131r\u201d sergisi 21 Ekim\u2019de a\u00e7\u0131l\u0131yor - Kuzeyin Sesi\" \/>\n<meta property=\"og:description\" content=\"Cumhurba\u015fkanl\u0131\u011f\u0131, D\u0131\u015fi\u015fleri Bakanl\u0131\u011f\u0131, Lefko\u015fa T\u00fcrk Belediyesi, Girne Belediyesi, K\u00fclt\u00fcr Dairesi ve 5 \u00f6zel kurulu\u015fun \u201cBar\u0131\u015f \u0130\u00e7in Ba\u015fka Bir D\u00fcnya M\u00fcmk\u00fcn\u201d Hareketi ile i\u015fbirli\u011fi yaparak d\u00fczenleyece\u011fi Payla\u015f\u0131nca \u00c7o\u011fal\u0131r ana temal\u0131 Uluslararas\u0131 \u00c7al\u0131\u015ftay ve Sergi i\u00e7in Lefko\u015fa AKM de bas\u0131n toplant\u0131s\u0131 d\u00fczenlendi. Uluslararas\u0131 Bar\u0131\u015f ve Resim Harekat\u0131 K\u0131br\u0131s Temsilcisi G\u00fcls\u00fcn Karaday\u0131, \u201cPayla\u015f\u0131nca \u00c7o\u011fal\u0131r\u201d sergisi i\u00e7in geri say\u0131m\u0131n [&hellip;]\" \/>\n<meta property=\"og:url\" content=\"https:\/\/kuzeyinsesi.org\/index.php\/2024\/10\/16\/baris-icin-baska-bir-dunya-mumkun-hareketinin-duzenleyecegi-paylasinca-cogalir-sergisi-21-ekimde-aciliyor\/\" \/>\n<meta property=\"og:site_name\" content=\"Kuzeyin Sesi\" \/>\n<meta property=\"article:publisher\" content=\"https:\/\/www.facebook.com\/kuzeyinsesii\" \/>\n<meta property=\"article:published_time\" content=\"2024-10-16T15:37:03+00:00\" \/>\n<meta property=\"og:image\" content=\"https:\/\/brtk.net\/wp-content\/uploads\/2024\/10\/16\/iaiflai.jpg?ver=73b9190580fc5526ea5e2a9200926ccf\" \/>\n<meta name=\"author\" content=\"Kuzeyin Sesi\" \/>\n<meta name=\"twitter:card\" content=\"summary_large_image\" \/>\n<meta name=\"twitter:creator\" content=\"@kuzeyinsesii\" \/>\n<meta name=\"twitter:site\" content=\"@kuzeyinsesii\" \/>\n<meta name=\"twitter:label1\" content=\"Yazan:\" \/>\n\t<meta name=\"twitter:data1\" content=\"Kuzeyin Sesi\" \/>\n\t<meta name=\"twitter:label2\" content=\"Tahmini okuma s\u00fcresi\" \/>\n\t<meta name=\"twitter:data2\" content=\"2 dakika\" \/>\n<script type=\"application\/ld+json\" class=\"yoast-schema-graph\">{\"@context\":\"https:\\\/\\\/schema.org\",\"@graph\":[{\"@type\":\"Article\",\"@id\":\"https:\\\/\\\/kuzeyinsesi.org\\\/index.php\\\/2024\\\/10\\\/16\\\/baris-icin-baska-bir-dunya-mumkun-hareketinin-duzenleyecegi-paylasinca-cogalir-sergisi-21-ekimde-aciliyor\\\/#article\",\"isPartOf\":{\"@id\":\"https:\\\/\\\/kuzeyinsesi.org\\\/index.php\\\/2024\\\/10\\\/16\\\/baris-icin-baska-bir-dunya-mumkun-hareketinin-duzenleyecegi-paylasinca-cogalir-sergisi-21-ekimde-aciliyor\\\/\"},\"author\":{\"name\":\"Kuzeyin Sesi\",\"@id\":\"https:\\\/\\\/kuzeyinsesi.org\\\/#\\\/schema\\\/person\\\/9f859689cdf01485597712386e37f5aa\"},\"headline\":\"\u201c Bar\u0131\u015f \u0130\u00e7in Ba\u015fka Bir D\u00fcnya M\u00fcmk\u00fcn\u201d hareketinin d\u00fczenleyece\u011fi \u201cPayla\u015f\u0131nca \u00c7o\u011fal\u0131r\u201d sergisi 21 Ekim\u2019de a\u00e7\u0131l\u0131yor\",\"datePublished\":\"2024-10-16T15:37:03+00:00\",\"mainEntityOfPage\":{\"@id\":\"https:\\\/\\\/kuzeyinsesi.org\\\/index.php\\\/2024\\\/10\\\/16\\\/baris-icin-baska-bir-dunya-mumkun-hareketinin-duzenleyecegi-paylasinca-cogalir-sergisi-21-ekimde-aciliyor\\\/\"},\"wordCount\":337,\"commentCount\":0,\"image\":{\"@id\":\"https:\\\/\\\/kuzeyinsesi.org\\\/index.php\\\/2024\\\/10\\\/16\\\/baris-icin-baska-bir-dunya-mumkun-hareketinin-duzenleyecegi-paylasinca-cogalir-sergisi-21-ekimde-aciliyor\\\/#primaryimage\"},\"thumbnailUrl\":\"https:\\\/\\\/kuzeyinsesi.org\\\/wp-content\\\/uploads\\\/2024\\\/10\\\/iaiflai.jpg\",\"articleSection\":[\"Ya\u015fam\"],\"inLanguage\":\"tr\",\"potentialAction\":[{\"@type\":\"CommentAction\",\"name\":\"Comment\",\"target\":[\"https:\\\/\\\/kuzeyinsesi.org\\\/index.php\\\/2024\\\/10\\\/16\\\/baris-icin-baska-bir-dunya-mumkun-hareketinin-duzenleyecegi-paylasinca-cogalir-sergisi-21-ekimde-aciliyor\\\/#respond\"]}]},{\"@type\":\"WebPage\",\"@id\":\"https:\\\/\\\/kuzeyinsesi.org\\\/index.php\\\/2024\\\/10\\\/16\\\/baris-icin-baska-bir-dunya-mumkun-hareketinin-duzenleyecegi-paylasinca-cogalir-sergisi-21-ekimde-aciliyor\\\/\",\"url\":\"https:\\\/\\\/kuzeyinsesi.org\\\/index.php\\\/2024\\\/10\\\/16\\\/baris-icin-baska-bir-dunya-mumkun-hareketinin-duzenleyecegi-paylasinca-cogalir-sergisi-21-ekimde-aciliyor\\\/\",\"name\":\"\u201c Bar\u0131\u015f \u0130\u00e7in Ba\u015fka Bir D\u00fcnya M\u00fcmk\u00fcn\u201d hareketinin d\u00fczenleyece\u011fi \u201cPayla\u015f\u0131nca \u00c7o\u011fal\u0131r\u201d sergisi 21 Ekim\u2019de a\u00e7\u0131l\u0131yor - Kuzeyin Sesi\",\"isPartOf\":{\"@id\":\"https:\\\/\\\/kuzeyinsesi.org\\\/#website\"},\"primaryImageOfPage\":{\"@id\":\"https:\\\/\\\/kuzeyinsesi.org\\\/index.php\\\/2024\\\/10\\\/16\\\/baris-icin-baska-bir-dunya-mumkun-hareketinin-duzenleyecegi-paylasinca-cogalir-sergisi-21-ekimde-aciliyor\\\/#primaryimage\"},\"image\":{\"@id\":\"https:\\\/\\\/kuzeyinsesi.org\\\/index.php\\\/2024\\\/10\\\/16\\\/baris-icin-baska-bir-dunya-mumkun-hareketinin-duzenleyecegi-paylasinca-cogalir-sergisi-21-ekimde-aciliyor\\\/#primaryimage\"},\"thumbnailUrl\":\"https:\\\/\\\/kuzeyinsesi.org\\\/wp-content\\\/uploads\\\/2024\\\/10\\\/iaiflai.jpg\",\"datePublished\":\"2024-10-16T15:37:03+00:00\",\"author\":{\"@id\":\"https:\\\/\\\/kuzeyinsesi.org\\\/#\\\/schema\\\/person\\\/9f859689cdf01485597712386e37f5aa\"},\"breadcrumb\":{\"@id\":\"https:\\\/\\\/kuzeyinsesi.org\\\/index.php\\\/2024\\\/10\\\/16\\\/baris-icin-baska-bir-dunya-mumkun-hareketinin-duzenleyecegi-paylasinca-cogalir-sergisi-21-ekimde-aciliyor\\\/#breadcrumb\"},\"inLanguage\":\"tr\",\"potentialAction\":[{\"@type\":\"ReadAction\",\"target\":[\"https:\\\/\\\/kuzeyinsesi.org\\\/index.php\\\/2024\\\/10\\\/16\\\/baris-icin-baska-bir-dunya-mumkun-hareketinin-duzenleyecegi-paylasinca-cogalir-sergisi-21-ekimde-aciliyor\\\/\"]}]},{\"@type\":\"ImageObject\",\"inLanguage\":\"tr\",\"@id\":\"https:\\\/\\\/kuzeyinsesi.org\\\/index.php\\\/2024\\\/10\\\/16\\\/baris-icin-baska-bir-dunya-mumkun-hareketinin-duzenleyecegi-paylasinca-cogalir-sergisi-21-ekimde-aciliyor\\\/#primaryimage\",\"url\":\"https:\\\/\\\/kuzeyinsesi.org\\\/wp-content\\\/uploads\\\/2024\\\/10\\\/iaiflai.jpg\",\"contentUrl\":\"https:\\\/\\\/kuzeyinsesi.org\\\/wp-content\\\/uploads\\\/2024\\\/10\\\/iaiflai.jpg\",\"width\":1079,\"height\":424},{\"@type\":\"BreadcrumbList\",\"@id\":\"https:\\\/\\\/kuzeyinsesi.org\\\/index.php\\\/2024\\\/10\\\/16\\\/baris-icin-baska-bir-dunya-mumkun-hareketinin-duzenleyecegi-paylasinca-cogalir-sergisi-21-ekimde-aciliyor\\\/#breadcrumb\",\"itemListElement\":[{\"@type\":\"ListItem\",\"position\":1,\"name\":\"Anasayfa\",\"item\":\"https:\\\/\\\/kuzeyinsesi.org\\\/\"},{\"@type\":\"ListItem\",\"position\":2,\"name\":\"\u201c Bar\u0131\u015f \u0130\u00e7in Ba\u015fka Bir D\u00fcnya M\u00fcmk\u00fcn\u201d hareketinin d\u00fczenleyece\u011fi \u201cPayla\u015f\u0131nca \u00c7o\u011fal\u0131r\u201d sergisi 21 Ekim\u2019de a\u00e7\u0131l\u0131yor\"}]},{\"@type\":\"WebSite\",\"@id\":\"https:\\\/\\\/kuzeyinsesi.org\\\/#website\",\"url\":\"https:\\\/\\\/kuzeyinsesi.org\\\/\",\"name\":\"Kuzeyin Sesi\",\"description\":\"Do\u011fru Haberin Adresi\",\"potentialAction\":[{\"@type\":\"SearchAction\",\"target\":{\"@type\":\"EntryPoint\",\"urlTemplate\":\"https:\\\/\\\/kuzeyinsesi.org\\\/?s={search_term_string}\"},\"query-input\":{\"@type\":\"PropertyValueSpecification\",\"valueRequired\":true,\"valueName\":\"search_term_string\"}}],\"inLanguage\":\"tr\"},{\"@type\":\"Person\",\"@id\":\"https:\\\/\\\/kuzeyinsesi.org\\\/#\\\/schema\\\/person\\\/9f859689cdf01485597712386e37f5aa\",\"name\":\"Kuzeyin Sesi\",\"image\":{\"@type\":\"ImageObject\",\"inLanguage\":\"tr\",\"@id\":\"https:\\\/\\\/secure.gravatar.com\\\/avatar\\\/bab33852abfd8b282518d6ed81826833d77c3c882d9ab608add591ccace47a44?s=96&d=mm&r=g\",\"url\":\"https:\\\/\\\/secure.gravatar.com\\\/avatar\\\/bab33852abfd8b282518d6ed81826833d77c3c882d9ab608add591ccace47a44?s=96&d=mm&r=g\",\"contentUrl\":\"https:\\\/\\\/secure.gravatar.com\\\/avatar\\\/bab33852abfd8b282518d6ed81826833d77c3c882d9ab608add591ccace47a44?s=96&d=mm&r=g\",\"caption\":\"Kuzeyin Sesi\"},\"sameAs\":[\"https:\\\/\\\/kuzeyinsesi.org\"],\"url\":\"https:\\\/\\\/kuzeyinsesi.org\\\/index.php\\\/author\\\/guven\\\/\"}]}<\/script>\n<!-- \/ Yoast SEO plugin. -->","yoast_head_json":{"title":"\u201c Bar\u0131\u015f \u0130\u00e7in Ba\u015fka Bir D\u00fcnya M\u00fcmk\u00fcn\u201d hareketinin d\u00fczenleyece\u011fi \u201cPayla\u015f\u0131nca \u00c7o\u011fal\u0131r\u201d sergisi 21 Ekim\u2019de a\u00e7\u0131l\u0131yor - Kuzeyin Sesi","robots":{"index":"index","follow":"follow","max-snippet":"max-snippet:-1","max-image-preview":"max-image-preview:large","max-video-preview":"max-video-preview:-1"},"canonical":"https:\/\/kuzeyinsesi.org\/index.php\/2024\/10\/16\/baris-icin-baska-bir-dunya-mumkun-hareketinin-duzenleyecegi-paylasinca-cogalir-sergisi-21-ekimde-aciliyor\/","og_locale":"tr_TR","og_type":"article","og_title":"\u201c Bar\u0131\u015f \u0130\u00e7in Ba\u015fka Bir D\u00fcnya M\u00fcmk\u00fcn\u201d hareketinin d\u00fczenleyece\u011fi \u201cPayla\u015f\u0131nca \u00c7o\u011fal\u0131r\u201d sergisi 21 Ekim\u2019de a\u00e7\u0131l\u0131yor - Kuzeyin Sesi","og_description":"Cumhurba\u015fkanl\u0131\u011f\u0131, D\u0131\u015fi\u015fleri Bakanl\u0131\u011f\u0131, Lefko\u015fa T\u00fcrk Belediyesi, Girne Belediyesi, K\u00fclt\u00fcr Dairesi ve 5 \u00f6zel kurulu\u015fun \u201cBar\u0131\u015f \u0130\u00e7in Ba\u015fka Bir D\u00fcnya M\u00fcmk\u00fcn\u201d Hareketi ile i\u015fbirli\u011fi yaparak d\u00fczenleyece\u011fi Payla\u015f\u0131nca \u00c7o\u011fal\u0131r ana temal\u0131 Uluslararas\u0131 \u00c7al\u0131\u015ftay ve Sergi i\u00e7in Lefko\u015fa AKM de bas\u0131n toplant\u0131s\u0131 d\u00fczenlendi. Uluslararas\u0131 Bar\u0131\u015f ve Resim Harekat\u0131 K\u0131br\u0131s Temsilcisi G\u00fcls\u00fcn Karaday\u0131, \u201cPayla\u015f\u0131nca \u00c7o\u011fal\u0131r\u201d sergisi i\u00e7in geri say\u0131m\u0131n [&hellip;]","og_url":"https:\/\/kuzeyinsesi.org\/index.php\/2024\/10\/16\/baris-icin-baska-bir-dunya-mumkun-hareketinin-duzenleyecegi-paylasinca-cogalir-sergisi-21-ekimde-aciliyor\/","og_site_name":"Kuzeyin Sesi","article_publisher":"https:\/\/www.facebook.com\/kuzeyinsesii","article_published_time":"2024-10-16T15:37:03+00:00","og_image":[{"url":"https:\/\/brtk.net\/wp-content\/uploads\/2024\/10\/16\/iaiflai.jpg?ver=73b9190580fc5526ea5e2a9200926ccf","type":"","width":"","height":""}],"author":"Kuzeyin Sesi","twitter_card":"summary_large_image","twitter_creator":"@kuzeyinsesii","twitter_site":"@kuzeyinsesii","twitter_misc":{"Yazan:":"Kuzeyin Sesi","Tahmini okuma s\u00fcresi":"2 dakika"},"schema":{"@context":"https:\/\/schema.org","@graph":[{"@type":"Article","@id":"https:\/\/kuzeyinsesi.org\/index.php\/2024\/10\/16\/baris-icin-baska-bir-dunya-mumkun-hareketinin-duzenleyecegi-paylasinca-cogalir-sergisi-21-ekimde-aciliyor\/#article","isPartOf":{"@id":"https:\/\/kuzeyinsesi.org\/index.php\/2024\/10\/16\/baris-icin-baska-bir-dunya-mumkun-hareketinin-duzenleyecegi-paylasinca-cogalir-sergisi-21-ekimde-aciliyor\/"},"author":{"name":"Kuzeyin Sesi","@id":"https:\/\/kuzeyinsesi.org\/#\/schema\/person\/9f859689cdf01485597712386e37f5aa"},"headline":"\u201c Bar\u0131\u015f \u0130\u00e7in Ba\u015fka Bir D\u00fcnya M\u00fcmk\u00fcn\u201d hareketinin d\u00fczenleyece\u011fi \u201cPayla\u015f\u0131nca \u00c7o\u011fal\u0131r\u201d sergisi 21 Ekim\u2019de a\u00e7\u0131l\u0131yor","datePublished":"2024-10-16T15:37:03+00:00","mainEntityOfPage":{"@id":"https:\/\/kuzeyinsesi.org\/index.php\/2024\/10\/16\/baris-icin-baska-bir-dunya-mumkun-hareketinin-duzenleyecegi-paylasinca-cogalir-sergisi-21-ekimde-aciliyor\/"},"wordCount":337,"commentCount":0,"image":{"@id":"https:\/\/kuzeyinsesi.org\/index.php\/2024\/10\/16\/baris-icin-baska-bir-dunya-mumkun-hareketinin-duzenleyecegi-paylasinca-cogalir-sergisi-21-ekimde-aciliyor\/#primaryimage"},"thumbnailUrl":"https:\/\/kuzeyinsesi.org\/wp-content\/uploads\/2024\/10\/iaiflai.jpg","articleSection":["Ya\u015fam"],"inLanguage":"tr","potentialAction":[{"@type":"CommentAction","name":"Comment","target":["https:\/\/kuzeyinsesi.org\/index.php\/2024\/10\/16\/baris-icin-baska-bir-dunya-mumkun-hareketinin-duzenleyecegi-paylasinca-cogalir-sergisi-21-ekimde-aciliyor\/#respond"]}]},{"@type":"WebPage","@id":"https:\/\/kuzeyinsesi.org\/index.php\/2024\/10\/16\/baris-icin-baska-bir-dunya-mumkun-hareketinin-duzenleyecegi-paylasinca-cogalir-sergisi-21-ekimde-aciliyor\/","url":"https:\/\/kuzeyinsesi.org\/index.php\/2024\/10\/16\/baris-icin-baska-bir-dunya-mumkun-hareketinin-duzenleyecegi-paylasinca-cogalir-sergisi-21-ekimde-aciliyor\/","name":"\u201c Bar\u0131\u015f \u0130\u00e7in Ba\u015fka Bir D\u00fcnya M\u00fcmk\u00fcn\u201d hareketinin d\u00fczenleyece\u011fi \u201cPayla\u015f\u0131nca \u00c7o\u011fal\u0131r\u201d sergisi 21 Ekim\u2019de a\u00e7\u0131l\u0131yor - Kuzeyin Sesi","isPartOf":{"@id":"https:\/\/kuzeyinsesi.org\/#website"},"primaryImageOfPage":{"@id":"https:\/\/kuzeyinsesi.org\/index.php\/2024\/10\/16\/baris-icin-baska-bir-dunya-mumkun-hareketinin-duzenleyecegi-paylasinca-cogalir-sergisi-21-ekimde-aciliyor\/#primaryimage"},"image":{"@id":"https:\/\/kuzeyinsesi.org\/index.php\/2024\/10\/16\/baris-icin-baska-bir-dunya-mumkun-hareketinin-duzenleyecegi-paylasinca-cogalir-sergisi-21-ekimde-aciliyor\/#primaryimage"},"thumbnailUrl":"https:\/\/kuzeyinsesi.org\/wp-content\/uploads\/2024\/10\/iaiflai.jpg","datePublished":"2024-10-16T15:37:03+00:00","author":{"@id":"https:\/\/kuzeyinsesi.org\/#\/schema\/person\/9f859689cdf01485597712386e37f5aa"},"breadcrumb":{"@id":"https:\/\/kuzeyinsesi.org\/index.php\/2024\/10\/16\/baris-icin-baska-bir-dunya-mumkun-hareketinin-duzenleyecegi-paylasinca-cogalir-sergisi-21-ekimde-aciliyor\/#breadcrumb"},"inLanguage":"tr","potentialAction":[{"@type":"ReadAction","target":["https:\/\/kuzeyinsesi.org\/index.php\/2024\/10\/16\/baris-icin-baska-bir-dunya-mumkun-hareketinin-duzenleyecegi-paylasinca-cogalir-sergisi-21-ekimde-aciliyor\/"]}]},{"@type":"ImageObject","inLanguage":"tr","@id":"https:\/\/kuzeyinsesi.org\/index.php\/2024\/10\/16\/baris-icin-baska-bir-dunya-mumkun-hareketinin-duzenleyecegi-paylasinca-cogalir-sergisi-21-ekimde-aciliyor\/#primaryimage","url":"https:\/\/kuzeyinsesi.org\/wp-content\/uploads\/2024\/10\/iaiflai.jpg","contentUrl":"https:\/\/kuzeyinsesi.org\/wp-content\/uploads\/2024\/10\/iaiflai.jpg","width":1079,"height":424},{"@type":"BreadcrumbList","@id":"https:\/\/kuzeyinsesi.org\/index.php\/2024\/10\/16\/baris-icin-baska-bir-dunya-mumkun-hareketinin-duzenleyecegi-paylasinca-cogalir-sergisi-21-ekimde-aciliyor\/#breadcrumb","itemListElement":[{"@type":"ListItem","position":1,"name":"Anasayfa","item":"https:\/\/kuzeyinsesi.org\/"},{"@type":"ListItem","position":2,"name":"\u201c Bar\u0131\u015f \u0130\u00e7in Ba\u015fka Bir D\u00fcnya M\u00fcmk\u00fcn\u201d hareketinin d\u00fczenleyece\u011fi \u201cPayla\u015f\u0131nca \u00c7o\u011fal\u0131r\u201d sergisi 21 Ekim\u2019de a\u00e7\u0131l\u0131yor"}]},{"@type":"WebSite","@id":"https:\/\/kuzeyinsesi.org\/#website","url":"https:\/\/kuzeyinsesi.org\/","name":"Kuzeyin Sesi","description":"Do\u011fru Haberin Adresi","potentialAction":[{"@type":"SearchAction","target":{"@type":"EntryPoint","urlTemplate":"https:\/\/kuzeyinsesi.org\/?s={search_term_string}"},"query-input":{"@type":"PropertyValueSpecification","valueRequired":true,"valueName":"search_term_string"}}],"inLanguage":"tr"},{"@type":"Person","@id":"https:\/\/kuzeyinsesi.org\/#\/schema\/person\/9f859689cdf01485597712386e37f5aa","name":"Kuzeyin Sesi","image":{"@type":"ImageObject","inLanguage":"tr","@id":"https:\/\/secure.gravatar.com\/avatar\/bab33852abfd8b282518d6ed81826833d77c3c882d9ab608add591ccace47a44?s=96&d=mm&r=g","url":"https:\/\/secure.gravatar.com\/avatar\/bab33852abfd8b282518d6ed81826833d77c3c882d9ab608add591ccace47a44?s=96&d=mm&r=g","contentUrl":"https:\/\/secure.gravatar.com\/avatar\/bab33852abfd8b282518d6ed81826833d77c3c882d9ab608add591ccace47a44?s=96&d=mm&r=g","caption":"Kuzeyin Sesi"},"sameAs":["https:\/\/kuzeyinsesi.org"],"url":"https:\/\/kuzeyinsesi.org\/index.php\/author\/guven\/"}]}},"_links":{"self":[{"href":"https:\/\/kuzeyinsesi.org\/index.php\/wp-json\/wp\/v2\/posts\/11699","targetHints":{"allow":["GET"]}}],"collection":[{"href":"https:\/\/kuzeyinsesi.org\/index.php\/wp-json\/wp\/v2\/posts"}],"about":[{"href":"https:\/\/kuzeyinsesi.org\/index.php\/wp-json\/wp\/v2\/types\/post"}],"author":[{"embeddable":true,"href":"https:\/\/kuzeyinsesi.org\/index.php\/wp-json\/wp\/v2\/users\/1"}],"replies":[{"embeddable":true,"href":"https:\/\/kuzeyinsesi.org\/index.php\/wp-json\/wp\/v2\/comments?post=11699"}],"version-history":[{"count":0,"href":"https:\/\/kuzeyinsesi.org\/index.php\/wp-json\/wp\/v2\/posts\/11699\/revisions"}],"wp:featuredmedia":[{"embeddable":true,"href":"https:\/\/kuzeyinsesi.org\/index.php\/wp-json\/wp\/v2\/media\/11700"}],"wp:attachment":[{"href":"https:\/\/kuzeyinsesi.org\/index.php\/wp-json\/wp\/v2\/media?parent=11699"}],"wp:term":[{"taxonomy":"category","embeddable":true,"href":"https:\/\/kuzeyinsesi.org\/index.php\/wp-json\/wp\/v2\/categories?post=11699"},{"taxonomy":"post_tag","embeddable":true,"href":"https:\/\/kuzeyinsesi.org\/index.php\/wp-json\/wp\/v2\/tags?post=11699"}],"curies":[{"name":"wp","href":"https:\/\/api.w.org\/{rel}","templated":true}]}}