{"id":11695,"date":"2024-10-16T17:36:09","date_gmt":"2024-10-16T14:36:09","guid":{"rendered":"https:\/\/kuzeyinsesi.org\/index.php\/2024\/10\/16\/dau-14-kumdan-heykel-festivali-ve-yarismasi-duzenlendi\/"},"modified":"2024-10-16T17:36:09","modified_gmt":"2024-10-16T14:36:09","slug":"dau-14-kumdan-heykel-festivali-ve-yarismasi-duzenlendi","status":"publish","type":"post","link":"https:\/\/kuzeyinsesi.org\/index.php\/2024\/10\/16\/dau-14-kumdan-heykel-festivali-ve-yarismasi-duzenlendi\/","title":{"rendered":"DA\u00dc 14. Kumdan Heykel Festivali ve Yar\u0131\u015fmas\u0131 d\u00fczenlendi"},"content":{"rendered":"<div>\n<div class=\"mariselle-image-container center\">\n                                            <\/div>\n<p>Do\u011fu Akdeniz \u00dcniversitesi (DA\u00dc) Kumdan Heykel Festivali ve Yar\u0131\u015fmas\u0131\u2019n\u0131n bu y\u0131l on d\u00f6rd\u00fcnc\u00fcs\u00fc d\u00fczenlendi.<\/p>\n<p>DA\u00dc\u2019den verilen bilgiye g\u00f6re, DA\u00dc Mimarl\u0131k Fak\u00fcltesi, \u0130\u00e7 Mimarl\u0131k B\u00f6l\u00fcm\u00fc ve DA\u00dc Sosyal ve K\u00fclt\u00fcrel Aktiviteler M\u00fcd\u00fcrl\u00fc\u011f\u00fc\u2019ne ba\u011fl\u0131 Tasar\u0131m Kul\u00fcb\u00fc taraf\u0131ndan geleneksel olarak d\u00fczenlenen DA\u00dc Kumdan Heykel Festivali ve Yar\u0131\u015fmas\u0131, 13 Ekim Pazar g\u00fcn\u00fc, 10.00 \u2013 18.00 saatleri aras\u0131nda, DA\u00dc Deniz Tesisleri\u2019nde ger\u00e7ekle\u015ftirildi.<\/p>\n<p>Etkinli\u011fe gruplar halinde kat\u0131lan \u00fcniversite \u00f6\u011frencileri kendilerine ayr\u0131lan b\u00f6lmelerde eserlerini tamamlad\u0131. Etkinli\u011fe, DA\u00dc Rekt\u00f6r\u00fc Prof. Dr. Hasan K\u0131l\u0131\u00e7, DA\u00dc Mimarl\u0131k Fak\u00fcltesi Dekan\u0131 Prof. Dr. Resmiye Alpar Atun, DA\u00dc Mimarl\u0131k Fak\u00fcltesi Dekan Yard\u0131mc\u0131s\u0131 Prof. Dr. Asu Tozan, DA\u00dc \u0130\u00e7 Mimarl\u0131k B\u00f6l\u00fcm Ba\u015fkan\u0131 Do\u00e7. Dr. Afet Co\u015fkun, Mimarl\u0131k Fak\u00fcltesi \u00f6\u011fretim \u00fcyeleri, \u00f6\u011frencileri ile \u00e7ok say\u0131da Kuzey K\u0131br\u0131s T\u00fcrk Cumhuriyeti\u2019ndeki \u00fcniversitelerde ve liselerde e\u011fitim alan \u00f6\u011frenciler kat\u0131ld\u0131.<\/p>\n<p>Etkinlikte, DA\u00dc Rekt\u00f6r\u00fc Prof. Dr. Hasan K\u0131l\u0131\u00e7 ile di\u011fer kat\u0131l\u0131mc\u0131lar da birer konu\u015fma yap\u0131p, etkinlikle ilgili duygu ve d\u00fc\u015f\u00fcncelerini dile getirdi, katk\u0131 koyan herkese te\u015fekk\u00fcr etti.<\/p>\n<p>DA\u00dc Mimarl\u0131k Fak\u00fcltesi \u00f6\u011fretim \u00fcyeleri Prof. Dr. Kokan Grchev ve Yrd. Do\u00e7. Dr. Ahenk Y\u0131lg\u0131n Damgac\u0131, DA\u00dc Tasar\u0131m Kul\u00fcb\u00fc Ba\u015fkan\u0131 Emir Z\u00fcmr\u00fct, Uluslararas\u0131 K\u0131br\u0131s \u00dcniversitesi \u00d6\u011fretim G\u00f6revlisi Dr. Zehra Babutsal\u0131 Alpler, Girne Amerikan \u00dcniversitesi \u00d6\u011fretim G\u00f6revlisi Yrd. Do\u00e7. Hassina Nafa, Yak\u0131n Do\u011fu \u00dcniversitesi \u00d6\u011fretim G\u00f6revlisi Hilmi Okutan ve Uluslararas\u0131 Final \u00dcniversitesi \u00d6\u011fretim \u00dcyesi Yrd. Do\u00e7. Dr. Pooya Lotfabadi\u2019den olu\u015fan juri \u00fcyelerinin de\u011ferlendirdi\u011fi 16 eser sonucunda ilk be\u015fe giren gruplar \u015f\u00f6yle a\u00e7\u0131kland\u0131:  <\/p>\n<p>\u201cBirinci Break Point, ikinci KA\u00dc, \u00fc\u00e7\u00fcnc\u00fc Whales, d\u00f6rd\u00fcnc\u00fc Dale ve be\u015finci Gamma \u00f6d\u00fcle lay\u0131k g\u00f6r\u00fclerek, Prof. Dr. K\u0131l\u0131\u00e7, Prof. Dr. Atun, Do\u00e7. Dr. \u00c7o\u015fkun ve Prof. Dr. Tozan\u2019dan \u00f6d\u00fcllerini ald\u0131lar.\u201d<\/p>\n<p>Etkinlik, foto\u011fraf \u00e7ekiminin ard\u0131ndan sona erdi.<\/p>\n<\/p><\/div>\n<p><script async\n                    defer\n                    crossorigin=\"anonymous\"\n                    src=\"https:\/\/connect.facebook.net\/tr_TR\/sdk.js#xfbml=1&#038;version=v3.3\"\n            ><\/script><\/p>\n","protected":false},"excerpt":{"rendered":"<p>Do\u011fu Akdeniz \u00dcniversitesi (DA\u00dc) Kumdan Heykel Festivali ve Yar\u0131\u015fmas\u0131\u2019n\u0131n bu y\u0131l on d\u00f6rd\u00fcnc\u00fcs\u00fc d\u00fczenlendi. DA\u00dc\u2019den verilen bilgiye g\u00f6re, DA\u00dc Mimarl\u0131k Fak\u00fcltesi, \u0130\u00e7 Mimarl\u0131k B\u00f6l\u00fcm\u00fc ve DA\u00dc Sosyal ve K\u00fclt\u00fcrel Aktiviteler M\u00fcd\u00fcrl\u00fc\u011f\u00fc\u2019ne ba\u011fl\u0131 Tasar\u0131m Kul\u00fcb\u00fc taraf\u0131ndan geleneksel olarak d\u00fczenlenen DA\u00dc Kumdan Heykel Festivali ve Yar\u0131\u015fmas\u0131, 13 Ekim Pazar g\u00fcn\u00fc, 10.00 \u2013 18.00 saatleri aras\u0131nda, DA\u00dc Deniz [&hellip;]<\/p>\n","protected":false},"author":1,"featured_media":11696,"comment_status":"open","ping_status":"open","sticky":false,"template":"","format":"standard","meta":{"jnews-multi-image_gallery":[],"jnews_single_post":[],"jnews_primary_category":[],"jnews_social_meta":[],"jnews_override_counter":[],"footnotes":""},"categories":[6],"tags":[],"class_list":["post-11695","post","type-post","status-publish","format-standard","has-post-thumbnail","hentry","category-yasam"],"yoast_head":"<!-- This site is optimized with the Yoast SEO plugin v27.4 - https:\/\/yoast.com\/product\/yoast-seo-wordpress\/ -->\n<title>DA\u00dc 14. Kumdan Heykel Festivali ve Yar\u0131\u015fmas\u0131 d\u00fczenlendi - Kuzeyin Sesi<\/title>\n<meta name=\"robots\" content=\"index, follow, max-snippet:-1, max-image-preview:large, max-video-preview:-1\" \/>\n<link rel=\"canonical\" href=\"https:\/\/kuzeyinsesi.org\/index.php\/2024\/10\/16\/dau-14-kumdan-heykel-festivali-ve-yarismasi-duzenlendi\/\" \/>\n<meta property=\"og:locale\" content=\"tr_TR\" \/>\n<meta property=\"og:type\" content=\"article\" \/>\n<meta property=\"og:title\" content=\"DA\u00dc 14. Kumdan Heykel Festivali ve Yar\u0131\u015fmas\u0131 d\u00fczenlendi - Kuzeyin Sesi\" \/>\n<meta property=\"og:description\" content=\"Do\u011fu Akdeniz \u00dcniversitesi (DA\u00dc) Kumdan Heykel Festivali ve Yar\u0131\u015fmas\u0131\u2019n\u0131n bu y\u0131l on d\u00f6rd\u00fcnc\u00fcs\u00fc d\u00fczenlendi. DA\u00dc\u2019den verilen bilgiye g\u00f6re, DA\u00dc Mimarl\u0131k Fak\u00fcltesi, \u0130\u00e7 Mimarl\u0131k B\u00f6l\u00fcm\u00fc ve DA\u00dc Sosyal ve K\u00fclt\u00fcrel Aktiviteler M\u00fcd\u00fcrl\u00fc\u011f\u00fc\u2019ne ba\u011fl\u0131 Tasar\u0131m Kul\u00fcb\u00fc taraf\u0131ndan geleneksel olarak d\u00fczenlenen DA\u00dc Kumdan Heykel Festivali ve Yar\u0131\u015fmas\u0131, 13 Ekim Pazar g\u00fcn\u00fc, 10.00 \u2013 18.00 saatleri aras\u0131nda, DA\u00dc Deniz [&hellip;]\" \/>\n<meta property=\"og:url\" content=\"https:\/\/kuzeyinsesi.org\/index.php\/2024\/10\/16\/dau-14-kumdan-heykel-festivali-ve-yarismasi-duzenlendi\/\" \/>\n<meta property=\"og:site_name\" content=\"Kuzeyin Sesi\" \/>\n<meta property=\"article:publisher\" content=\"https:\/\/www.facebook.com\/kuzeyinsesii\" \/>\n<meta property=\"article:published_time\" content=\"2024-10-16T14:36:09+00:00\" \/>\n<meta property=\"og:image\" content=\"https:\/\/brtk.net\/wp-content\/uploads\/2024\/10\/16\/qpogqo.jpg?ver=7be25403a4d4ed95151ba4419e60823a\" \/>\n<meta name=\"author\" content=\"Kuzeyin Sesi\" \/>\n<meta name=\"twitter:card\" content=\"summary_large_image\" \/>\n<meta name=\"twitter:creator\" content=\"@kuzeyinsesii\" \/>\n<meta name=\"twitter:site\" content=\"@kuzeyinsesii\" \/>\n<meta name=\"twitter:label1\" content=\"Yazan:\" \/>\n\t<meta name=\"twitter:data1\" content=\"Kuzeyin Sesi\" \/>\n\t<meta name=\"twitter:label2\" content=\"Tahmini okuma s\u00fcresi\" \/>\n\t<meta name=\"twitter:data2\" content=\"2 dakika\" \/>\n<script type=\"application\/ld+json\" class=\"yoast-schema-graph\">{\"@context\":\"https:\\\/\\\/schema.org\",\"@graph\":[{\"@type\":\"Article\",\"@id\":\"https:\\\/\\\/kuzeyinsesi.org\\\/index.php\\\/2024\\\/10\\\/16\\\/dau-14-kumdan-heykel-festivali-ve-yarismasi-duzenlendi\\\/#article\",\"isPartOf\":{\"@id\":\"https:\\\/\\\/kuzeyinsesi.org\\\/index.php\\\/2024\\\/10\\\/16\\\/dau-14-kumdan-heykel-festivali-ve-yarismasi-duzenlendi\\\/\"},\"author\":{\"name\":\"Kuzeyin Sesi\",\"@id\":\"https:\\\/\\\/kuzeyinsesi.org\\\/#\\\/schema\\\/person\\\/9f859689cdf01485597712386e37f5aa\"},\"headline\":\"DA\u00dc 14. Kumdan Heykel Festivali ve Yar\u0131\u015fmas\u0131 d\u00fczenlendi\",\"datePublished\":\"2024-10-16T14:36:09+00:00\",\"mainEntityOfPage\":{\"@id\":\"https:\\\/\\\/kuzeyinsesi.org\\\/index.php\\\/2024\\\/10\\\/16\\\/dau-14-kumdan-heykel-festivali-ve-yarismasi-duzenlendi\\\/\"},\"wordCount\":362,\"commentCount\":0,\"image\":{\"@id\":\"https:\\\/\\\/kuzeyinsesi.org\\\/index.php\\\/2024\\\/10\\\/16\\\/dau-14-kumdan-heykel-festivali-ve-yarismasi-duzenlendi\\\/#primaryimage\"},\"thumbnailUrl\":\"https:\\\/\\\/kuzeyinsesi.org\\\/wp-content\\\/uploads\\\/2024\\\/10\\\/qpogqo.jpg\",\"articleSection\":[\"Ya\u015fam\"],\"inLanguage\":\"tr\",\"potentialAction\":[{\"@type\":\"CommentAction\",\"name\":\"Comment\",\"target\":[\"https:\\\/\\\/kuzeyinsesi.org\\\/index.php\\\/2024\\\/10\\\/16\\\/dau-14-kumdan-heykel-festivali-ve-yarismasi-duzenlendi\\\/#respond\"]}]},{\"@type\":\"WebPage\",\"@id\":\"https:\\\/\\\/kuzeyinsesi.org\\\/index.php\\\/2024\\\/10\\\/16\\\/dau-14-kumdan-heykel-festivali-ve-yarismasi-duzenlendi\\\/\",\"url\":\"https:\\\/\\\/kuzeyinsesi.org\\\/index.php\\\/2024\\\/10\\\/16\\\/dau-14-kumdan-heykel-festivali-ve-yarismasi-duzenlendi\\\/\",\"name\":\"DA\u00dc 14. Kumdan Heykel Festivali ve Yar\u0131\u015fmas\u0131 d\u00fczenlendi - Kuzeyin Sesi\",\"isPartOf\":{\"@id\":\"https:\\\/\\\/kuzeyinsesi.org\\\/#website\"},\"primaryImageOfPage\":{\"@id\":\"https:\\\/\\\/kuzeyinsesi.org\\\/index.php\\\/2024\\\/10\\\/16\\\/dau-14-kumdan-heykel-festivali-ve-yarismasi-duzenlendi\\\/#primaryimage\"},\"image\":{\"@id\":\"https:\\\/\\\/kuzeyinsesi.org\\\/index.php\\\/2024\\\/10\\\/16\\\/dau-14-kumdan-heykel-festivali-ve-yarismasi-duzenlendi\\\/#primaryimage\"},\"thumbnailUrl\":\"https:\\\/\\\/kuzeyinsesi.org\\\/wp-content\\\/uploads\\\/2024\\\/10\\\/qpogqo.jpg\",\"datePublished\":\"2024-10-16T14:36:09+00:00\",\"author\":{\"@id\":\"https:\\\/\\\/kuzeyinsesi.org\\\/#\\\/schema\\\/person\\\/9f859689cdf01485597712386e37f5aa\"},\"breadcrumb\":{\"@id\":\"https:\\\/\\\/kuzeyinsesi.org\\\/index.php\\\/2024\\\/10\\\/16\\\/dau-14-kumdan-heykel-festivali-ve-yarismasi-duzenlendi\\\/#breadcrumb\"},\"inLanguage\":\"tr\",\"potentialAction\":[{\"@type\":\"ReadAction\",\"target\":[\"https:\\\/\\\/kuzeyinsesi.org\\\/index.php\\\/2024\\\/10\\\/16\\\/dau-14-kumdan-heykel-festivali-ve-yarismasi-duzenlendi\\\/\"]}]},{\"@type\":\"ImageObject\",\"inLanguage\":\"tr\",\"@id\":\"https:\\\/\\\/kuzeyinsesi.org\\\/index.php\\\/2024\\\/10\\\/16\\\/dau-14-kumdan-heykel-festivali-ve-yarismasi-duzenlendi\\\/#primaryimage\",\"url\":\"https:\\\/\\\/kuzeyinsesi.org\\\/wp-content\\\/uploads\\\/2024\\\/10\\\/qpogqo.jpg\",\"contentUrl\":\"https:\\\/\\\/kuzeyinsesi.org\\\/wp-content\\\/uploads\\\/2024\\\/10\\\/qpogqo.jpg\",\"width\":1341,\"height\":776},{\"@type\":\"BreadcrumbList\",\"@id\":\"https:\\\/\\\/kuzeyinsesi.org\\\/index.php\\\/2024\\\/10\\\/16\\\/dau-14-kumdan-heykel-festivali-ve-yarismasi-duzenlendi\\\/#breadcrumb\",\"itemListElement\":[{\"@type\":\"ListItem\",\"position\":1,\"name\":\"Anasayfa\",\"item\":\"https:\\\/\\\/kuzeyinsesi.org\\\/\"},{\"@type\":\"ListItem\",\"position\":2,\"name\":\"DA\u00dc 14. Kumdan Heykel Festivali ve Yar\u0131\u015fmas\u0131 d\u00fczenlendi\"}]},{\"@type\":\"WebSite\",\"@id\":\"https:\\\/\\\/kuzeyinsesi.org\\\/#website\",\"url\":\"https:\\\/\\\/kuzeyinsesi.org\\\/\",\"name\":\"Kuzeyin Sesi\",\"description\":\"Do\u011fru Haberin Adresi\",\"potentialAction\":[{\"@type\":\"SearchAction\",\"target\":{\"@type\":\"EntryPoint\",\"urlTemplate\":\"https:\\\/\\\/kuzeyinsesi.org\\\/?s={search_term_string}\"},\"query-input\":{\"@type\":\"PropertyValueSpecification\",\"valueRequired\":true,\"valueName\":\"search_term_string\"}}],\"inLanguage\":\"tr\"},{\"@type\":\"Person\",\"@id\":\"https:\\\/\\\/kuzeyinsesi.org\\\/#\\\/schema\\\/person\\\/9f859689cdf01485597712386e37f5aa\",\"name\":\"Kuzeyin Sesi\",\"image\":{\"@type\":\"ImageObject\",\"inLanguage\":\"tr\",\"@id\":\"https:\\\/\\\/secure.gravatar.com\\\/avatar\\\/bab33852abfd8b282518d6ed81826833d77c3c882d9ab608add591ccace47a44?s=96&d=mm&r=g\",\"url\":\"https:\\\/\\\/secure.gravatar.com\\\/avatar\\\/bab33852abfd8b282518d6ed81826833d77c3c882d9ab608add591ccace47a44?s=96&d=mm&r=g\",\"contentUrl\":\"https:\\\/\\\/secure.gravatar.com\\\/avatar\\\/bab33852abfd8b282518d6ed81826833d77c3c882d9ab608add591ccace47a44?s=96&d=mm&r=g\",\"caption\":\"Kuzeyin Sesi\"},\"sameAs\":[\"https:\\\/\\\/kuzeyinsesi.org\"],\"url\":\"https:\\\/\\\/kuzeyinsesi.org\\\/index.php\\\/author\\\/guven\\\/\"}]}<\/script>\n<!-- \/ Yoast SEO plugin. -->","yoast_head_json":{"title":"DA\u00dc 14. Kumdan Heykel Festivali ve Yar\u0131\u015fmas\u0131 d\u00fczenlendi - Kuzeyin Sesi","robots":{"index":"index","follow":"follow","max-snippet":"max-snippet:-1","max-image-preview":"max-image-preview:large","max-video-preview":"max-video-preview:-1"},"canonical":"https:\/\/kuzeyinsesi.org\/index.php\/2024\/10\/16\/dau-14-kumdan-heykel-festivali-ve-yarismasi-duzenlendi\/","og_locale":"tr_TR","og_type":"article","og_title":"DA\u00dc 14. Kumdan Heykel Festivali ve Yar\u0131\u015fmas\u0131 d\u00fczenlendi - Kuzeyin Sesi","og_description":"Do\u011fu Akdeniz \u00dcniversitesi (DA\u00dc) Kumdan Heykel Festivali ve Yar\u0131\u015fmas\u0131\u2019n\u0131n bu y\u0131l on d\u00f6rd\u00fcnc\u00fcs\u00fc d\u00fczenlendi. DA\u00dc\u2019den verilen bilgiye g\u00f6re, DA\u00dc Mimarl\u0131k Fak\u00fcltesi, \u0130\u00e7 Mimarl\u0131k B\u00f6l\u00fcm\u00fc ve DA\u00dc Sosyal ve K\u00fclt\u00fcrel Aktiviteler M\u00fcd\u00fcrl\u00fc\u011f\u00fc\u2019ne ba\u011fl\u0131 Tasar\u0131m Kul\u00fcb\u00fc taraf\u0131ndan geleneksel olarak d\u00fczenlenen DA\u00dc Kumdan Heykel Festivali ve Yar\u0131\u015fmas\u0131, 13 Ekim Pazar g\u00fcn\u00fc, 10.00 \u2013 18.00 saatleri aras\u0131nda, DA\u00dc Deniz [&hellip;]","og_url":"https:\/\/kuzeyinsesi.org\/index.php\/2024\/10\/16\/dau-14-kumdan-heykel-festivali-ve-yarismasi-duzenlendi\/","og_site_name":"Kuzeyin Sesi","article_publisher":"https:\/\/www.facebook.com\/kuzeyinsesii","article_published_time":"2024-10-16T14:36:09+00:00","og_image":[{"url":"https:\/\/brtk.net\/wp-content\/uploads\/2024\/10\/16\/qpogqo.jpg?ver=7be25403a4d4ed95151ba4419e60823a","type":"","width":"","height":""}],"author":"Kuzeyin Sesi","twitter_card":"summary_large_image","twitter_creator":"@kuzeyinsesii","twitter_site":"@kuzeyinsesii","twitter_misc":{"Yazan:":"Kuzeyin Sesi","Tahmini okuma s\u00fcresi":"2 dakika"},"schema":{"@context":"https:\/\/schema.org","@graph":[{"@type":"Article","@id":"https:\/\/kuzeyinsesi.org\/index.php\/2024\/10\/16\/dau-14-kumdan-heykel-festivali-ve-yarismasi-duzenlendi\/#article","isPartOf":{"@id":"https:\/\/kuzeyinsesi.org\/index.php\/2024\/10\/16\/dau-14-kumdan-heykel-festivali-ve-yarismasi-duzenlendi\/"},"author":{"name":"Kuzeyin Sesi","@id":"https:\/\/kuzeyinsesi.org\/#\/schema\/person\/9f859689cdf01485597712386e37f5aa"},"headline":"DA\u00dc 14. Kumdan Heykel Festivali ve Yar\u0131\u015fmas\u0131 d\u00fczenlendi","datePublished":"2024-10-16T14:36:09+00:00","mainEntityOfPage":{"@id":"https:\/\/kuzeyinsesi.org\/index.php\/2024\/10\/16\/dau-14-kumdan-heykel-festivali-ve-yarismasi-duzenlendi\/"},"wordCount":362,"commentCount":0,"image":{"@id":"https:\/\/kuzeyinsesi.org\/index.php\/2024\/10\/16\/dau-14-kumdan-heykel-festivali-ve-yarismasi-duzenlendi\/#primaryimage"},"thumbnailUrl":"https:\/\/kuzeyinsesi.org\/wp-content\/uploads\/2024\/10\/qpogqo.jpg","articleSection":["Ya\u015fam"],"inLanguage":"tr","potentialAction":[{"@type":"CommentAction","name":"Comment","target":["https:\/\/kuzeyinsesi.org\/index.php\/2024\/10\/16\/dau-14-kumdan-heykel-festivali-ve-yarismasi-duzenlendi\/#respond"]}]},{"@type":"WebPage","@id":"https:\/\/kuzeyinsesi.org\/index.php\/2024\/10\/16\/dau-14-kumdan-heykel-festivali-ve-yarismasi-duzenlendi\/","url":"https:\/\/kuzeyinsesi.org\/index.php\/2024\/10\/16\/dau-14-kumdan-heykel-festivali-ve-yarismasi-duzenlendi\/","name":"DA\u00dc 14. Kumdan Heykel Festivali ve Yar\u0131\u015fmas\u0131 d\u00fczenlendi - Kuzeyin Sesi","isPartOf":{"@id":"https:\/\/kuzeyinsesi.org\/#website"},"primaryImageOfPage":{"@id":"https:\/\/kuzeyinsesi.org\/index.php\/2024\/10\/16\/dau-14-kumdan-heykel-festivali-ve-yarismasi-duzenlendi\/#primaryimage"},"image":{"@id":"https:\/\/kuzeyinsesi.org\/index.php\/2024\/10\/16\/dau-14-kumdan-heykel-festivali-ve-yarismasi-duzenlendi\/#primaryimage"},"thumbnailUrl":"https:\/\/kuzeyinsesi.org\/wp-content\/uploads\/2024\/10\/qpogqo.jpg","datePublished":"2024-10-16T14:36:09+00:00","author":{"@id":"https:\/\/kuzeyinsesi.org\/#\/schema\/person\/9f859689cdf01485597712386e37f5aa"},"breadcrumb":{"@id":"https:\/\/kuzeyinsesi.org\/index.php\/2024\/10\/16\/dau-14-kumdan-heykel-festivali-ve-yarismasi-duzenlendi\/#breadcrumb"},"inLanguage":"tr","potentialAction":[{"@type":"ReadAction","target":["https:\/\/kuzeyinsesi.org\/index.php\/2024\/10\/16\/dau-14-kumdan-heykel-festivali-ve-yarismasi-duzenlendi\/"]}]},{"@type":"ImageObject","inLanguage":"tr","@id":"https:\/\/kuzeyinsesi.org\/index.php\/2024\/10\/16\/dau-14-kumdan-heykel-festivali-ve-yarismasi-duzenlendi\/#primaryimage","url":"https:\/\/kuzeyinsesi.org\/wp-content\/uploads\/2024\/10\/qpogqo.jpg","contentUrl":"https:\/\/kuzeyinsesi.org\/wp-content\/uploads\/2024\/10\/qpogqo.jpg","width":1341,"height":776},{"@type":"BreadcrumbList","@id":"https:\/\/kuzeyinsesi.org\/index.php\/2024\/10\/16\/dau-14-kumdan-heykel-festivali-ve-yarismasi-duzenlendi\/#breadcrumb","itemListElement":[{"@type":"ListItem","position":1,"name":"Anasayfa","item":"https:\/\/kuzeyinsesi.org\/"},{"@type":"ListItem","position":2,"name":"DA\u00dc 14. Kumdan Heykel Festivali ve Yar\u0131\u015fmas\u0131 d\u00fczenlendi"}]},{"@type":"WebSite","@id":"https:\/\/kuzeyinsesi.org\/#website","url":"https:\/\/kuzeyinsesi.org\/","name":"Kuzeyin Sesi","description":"Do\u011fru Haberin Adresi","potentialAction":[{"@type":"SearchAction","target":{"@type":"EntryPoint","urlTemplate":"https:\/\/kuzeyinsesi.org\/?s={search_term_string}"},"query-input":{"@type":"PropertyValueSpecification","valueRequired":true,"valueName":"search_term_string"}}],"inLanguage":"tr"},{"@type":"Person","@id":"https:\/\/kuzeyinsesi.org\/#\/schema\/person\/9f859689cdf01485597712386e37f5aa","name":"Kuzeyin Sesi","image":{"@type":"ImageObject","inLanguage":"tr","@id":"https:\/\/secure.gravatar.com\/avatar\/bab33852abfd8b282518d6ed81826833d77c3c882d9ab608add591ccace47a44?s=96&d=mm&r=g","url":"https:\/\/secure.gravatar.com\/avatar\/bab33852abfd8b282518d6ed81826833d77c3c882d9ab608add591ccace47a44?s=96&d=mm&r=g","contentUrl":"https:\/\/secure.gravatar.com\/avatar\/bab33852abfd8b282518d6ed81826833d77c3c882d9ab608add591ccace47a44?s=96&d=mm&r=g","caption":"Kuzeyin Sesi"},"sameAs":["https:\/\/kuzeyinsesi.org"],"url":"https:\/\/kuzeyinsesi.org\/index.php\/author\/guven\/"}]}},"_links":{"self":[{"href":"https:\/\/kuzeyinsesi.org\/index.php\/wp-json\/wp\/v2\/posts\/11695","targetHints":{"allow":["GET"]}}],"collection":[{"href":"https:\/\/kuzeyinsesi.org\/index.php\/wp-json\/wp\/v2\/posts"}],"about":[{"href":"https:\/\/kuzeyinsesi.org\/index.php\/wp-json\/wp\/v2\/types\/post"}],"author":[{"embeddable":true,"href":"https:\/\/kuzeyinsesi.org\/index.php\/wp-json\/wp\/v2\/users\/1"}],"replies":[{"embeddable":true,"href":"https:\/\/kuzeyinsesi.org\/index.php\/wp-json\/wp\/v2\/comments?post=11695"}],"version-history":[{"count":0,"href":"https:\/\/kuzeyinsesi.org\/index.php\/wp-json\/wp\/v2\/posts\/11695\/revisions"}],"wp:featuredmedia":[{"embeddable":true,"href":"https:\/\/kuzeyinsesi.org\/index.php\/wp-json\/wp\/v2\/media\/11696"}],"wp:attachment":[{"href":"https:\/\/kuzeyinsesi.org\/index.php\/wp-json\/wp\/v2\/media?parent=11695"}],"wp:term":[{"taxonomy":"category","embeddable":true,"href":"https:\/\/kuzeyinsesi.org\/index.php\/wp-json\/wp\/v2\/categories?post=11695"},{"taxonomy":"post_tag","embeddable":true,"href":"https:\/\/kuzeyinsesi.org\/index.php\/wp-json\/wp\/v2\/tags?post=11695"}],"curies":[{"name":"wp","href":"https:\/\/api.w.org\/{rel}","templated":true}]}}