{"id":1166,"date":"2024-05-02T01:31:09","date_gmt":"2024-05-01T22:31:09","guid":{"rendered":"https:\/\/kuzeyinsesi.com\/index.php\/2024\/05\/02\/bm-gazzedeki-enkaz-ve-moloz-ukraynadakinden-fazla\/"},"modified":"2024-05-02T01:31:09","modified_gmt":"2024-05-01T22:31:09","slug":"bm-gazzedeki-enkaz-ve-moloz-ukraynadakinden-fazla","status":"publish","type":"post","link":"https:\/\/kuzeyinsesi.org\/index.php\/2024\/05\/02\/bm-gazzedeki-enkaz-ve-moloz-ukraynadakinden-fazla\/","title":{"rendered":"BM: Gazze&#039;deki enkaz ve moloz Ukrayna&#039;dakinden fazla"},"content":{"rendered":"<p><\/p>\n<div>\n<p>&#13;<br \/>\n\t<a href=\"https:\/\/www.trthaber.com\/etiket\/birlesmis-milletler\/\" target=\"_blank\" rel=\"noopener\">Birle\u015fmi\u015f Milletler<\/a> (BM) <a href=\"https:\/\/www.trthaber.com\/etiket\/mayin\/\" target=\"_blank\" rel=\"noopener\">May\u0131n<\/a> Eylem Servisi (UNMAS), \u0130srail&#8217;in 7 Ekim 2023&#8217;ten bu yana Gazze&#8217;ye y\u00f6nelik s\u00fcren sald\u0131r\u0131lar\u0131 sonucu olu\u015fan enkaza dikkati \u00e7ekti.<\/p>\n<p>&#13;<br \/>\n\tUNMAS, nisan ortas\u0131 itibar\u0131yla <a href=\"https:\/\/www.trthaber.com\/etiket\/gazze\/\" target=\"_blank\" rel=\"noopener\">Gazze<\/a> \u015eeridi\u2019nde metrekare ba\u015f\u0131na 300 kilograma denk gelecek \u015fekilde toplam 37 milyon ton enkaz olu\u015ftu\u011fu tahmininde bulundu.<\/p>\n<p>&#13;<br \/>\n\tUNMAS&#8217;\u0131n Filistin topraklar\u0131yla ilgili program\u0131n\u0131n ba\u015fkan\u0131 Mungo Birch, &#8220;Gazze&#8217;de Ukrayna&#8217;dan daha fazla moloz var. Bunu perspektife koymak gerekirse Ukrayna&#8217;n\u0131n \u00f6n hatt\u0131 yakla\u015f\u0131k 1000 kilometre, Gazze ise 40 kilometre uzunlu\u011funda.&#8221; ifadelerini kulland\u0131.<\/p>\n<p>&#13;<br \/>\n\tBirch, Gazze\u2019deki enkaz\u0131 temizleme \u00e7al\u0131\u015fmalar\u0131n\u0131n tehlikesinin sadece patlamam\u0131\u015f m\u00fchimmatla s\u0131n\u0131rl\u0131 olmad\u0131\u011f\u0131n\u0131 belirterek, asbest gibi zehirli maddelere maruz kalma olas\u0131l\u0131\u011f\u0131na da dikkati \u00e7ekti.<\/p>\n<p>&#13;<br \/>\n\tGazze\u2019deki molozda 800 bin tonun \u00fczerinde asbest oldu\u011fu tahmininde bulunan Birch, &#8220;Bu moloz b\u00fcy\u00fck olas\u0131l\u0131kla patlamam\u0131\u015f m\u00fchimmatla yo\u011fun \u015fekilde kirlenmi\u015f durumda ancak molozdaki di\u011fer tehlikeler nedeniyle bunun temizlenmesi daha da karma\u015f\u0131k hale gelecektir.&#8221; g\u00f6r\u00fc\u015f\u00fcn\u00fc payla\u015ft\u0131.<\/p>\n<p>&#13;<br \/>\n\t<strong>100 milyon dolardan fazla paraya ihtiya\u00e7 olacak<\/strong><\/p>\n<p>&#13;<br \/>\n\tBirch, patlamam\u0131\u015f m\u00fchimmat ve kansere neden olan kimyasallara kar\u015f\u0131 \u00f6nlem alacaklar\u0131n\u0131 belirterek, Gazze\u2019nin temizlenmesi i\u00e7in \u015fu an 5 milyon <a href=\"https:\/\/www.trthaber.com\/etiket\/dolar\/\" target=\"_blank\" rel=\"noopener\">dolar<\/a> \u00f6denek bulduklar\u0131n\u0131 ancak gelecek 12 ay i\u00e7in 40 milyon dolara, Gazze\u2019nin n\u00fcfusu i\u00e7in g\u00fcvenli olacak tam bir temizleme i\u00e7in de 100 milyon dolardan fazla paraya ihtiya\u00e7 olaca\u011f\u0131n\u0131 vurgulad\u0131.<\/p>\n<p>&#13;<br \/>\n\tFilistin Sa\u011fl\u0131k Bakanl\u0131\u011f\u0131na g\u00f6re, \u0130srail\u2019in 7 Ekim&#8217;den bu yana Gazze\u2019ye y\u00f6nelik s\u00fcrd\u00fcrd\u00fc\u011f\u00fc sald\u0131r\u0131lar\u0131 sonucu \u015fu ana kadar 35 bine yak\u0131n Filistinli hayat\u0131n\u0131 kaybetti. Bunlar\u0131n y\u00fczde 70\u2019e yak\u0131n\u0131n\u0131 kad\u0131n ve \u00e7ocuklar olu\u015fturuyor.<\/p>\n<\/p><\/div>\n","protected":false},"excerpt":{"rendered":"<p>&#13; Birle\u015fmi\u015f Milletler (BM) May\u0131n Eylem Servisi (UNMAS), \u0130srail&#8217;in 7 Ekim 2023&#8217;ten bu yana Gazze&#8217;ye y\u00f6nelik s\u00fcren sald\u0131r\u0131lar\u0131 sonucu olu\u015fan enkaza dikkati \u00e7ekti. &#13; UNMAS, nisan ortas\u0131 itibar\u0131yla Gazze \u015eeridi\u2019nde metrekare ba\u015f\u0131na 300 kilograma denk gelecek \u015fekilde toplam 37 milyon ton enkaz olu\u015ftu\u011fu tahmininde bulundu. &#13; UNMAS&#8217;\u0131n Filistin topraklar\u0131yla ilgili program\u0131n\u0131n ba\u015fkan\u0131 Mungo Birch, &#8220;Gazze&#8217;de [&hellip;]<\/p>\n","protected":false},"author":1,"featured_media":1167,"comment_status":"open","ping_status":"open","sticky":false,"template":"","format":"standard","meta":{"jnews-multi-image_gallery":[],"jnews_single_post":[],"jnews_primary_category":[],"jnews_social_meta":[],"jnews_override_counter":[],"footnotes":""},"categories":[2],"tags":[],"class_list":["post-1166","post","type-post","status-publish","format-standard","has-post-thumbnail","hentry","category-dunya"],"yoast_head":"<!-- This site is optimized with the Yoast SEO plugin v27.5 - https:\/\/yoast.com\/product\/yoast-seo-wordpress\/ -->\n<title>BM: Gazze&#039;deki enkaz ve moloz Ukrayna&#039;dakinden fazla - Kuzeyin Sesi<\/title>\n<meta name=\"robots\" content=\"index, follow, max-snippet:-1, max-image-preview:large, max-video-preview:-1\" \/>\n<link rel=\"canonical\" href=\"https:\/\/kuzeyinsesi.org\/index.php\/2024\/05\/02\/bm-gazzedeki-enkaz-ve-moloz-ukraynadakinden-fazla\/\" \/>\n<meta property=\"og:locale\" content=\"tr_TR\" \/>\n<meta property=\"og:type\" content=\"article\" \/>\n<meta property=\"og:title\" content=\"BM: Gazze&#039;deki enkaz ve moloz Ukrayna&#039;dakinden fazla - Kuzeyin Sesi\" \/>\n<meta property=\"og:description\" content=\"&#013; Birle\u015fmi\u015f Milletler (BM) May\u0131n Eylem Servisi (UNMAS), \u0130srail&#8217;in 7 Ekim 2023&#8217;ten bu yana Gazze&#8217;ye y\u00f6nelik s\u00fcren sald\u0131r\u0131lar\u0131 sonucu olu\u015fan enkaza dikkati \u00e7ekti. &#013; UNMAS, nisan ortas\u0131 itibar\u0131yla Gazze \u015eeridi\u2019nde metrekare ba\u015f\u0131na 300 kilograma denk gelecek \u015fekilde toplam 37 milyon ton enkaz olu\u015ftu\u011fu tahmininde bulundu. &#013; UNMAS&#8217;\u0131n Filistin topraklar\u0131yla ilgili program\u0131n\u0131n ba\u015fkan\u0131 Mungo Birch, &#8220;Gazze&#8217;de [&hellip;]\" \/>\n<meta property=\"og:url\" content=\"https:\/\/kuzeyinsesi.org\/index.php\/2024\/05\/02\/bm-gazzedeki-enkaz-ve-moloz-ukraynadakinden-fazla\/\" \/>\n<meta property=\"og:site_name\" content=\"Kuzeyin Sesi\" \/>\n<meta property=\"article:publisher\" content=\"https:\/\/www.facebook.com\/kuzeyinsesii\" \/>\n<meta property=\"article:published_time\" content=\"2024-05-01T22:31:09+00:00\" \/>\n<meta property=\"og:image\" content=\"https:\/\/kuzeyinsesi.org\/wp-content\/uploads\/2024\/05\/gazze-aa-enkaz-2182775.jpg\" \/>\n\t<meta property=\"og:image:width\" content=\"1280\" \/>\n\t<meta property=\"og:image:height\" content=\"720\" \/>\n\t<meta property=\"og:image:type\" content=\"image\/jpeg\" \/>\n<meta name=\"author\" content=\"Kuzeyin Sesi\" \/>\n<meta name=\"twitter:card\" content=\"summary_large_image\" \/>\n<meta name=\"twitter:creator\" content=\"@kuzeyinsesii\" \/>\n<meta name=\"twitter:site\" content=\"@kuzeyinsesii\" \/>\n<meta name=\"twitter:label1\" content=\"Yazan:\" \/>\n\t<meta name=\"twitter:data1\" content=\"Kuzeyin Sesi\" \/>\n\t<meta name=\"twitter:label2\" content=\"Tahmini okuma s\u00fcresi\" \/>\n\t<meta name=\"twitter:data2\" content=\"1 dakika\" \/>\n<script type=\"application\/ld+json\" class=\"yoast-schema-graph\">{\"@context\":\"https:\\\/\\\/schema.org\",\"@graph\":[{\"@type\":\"Article\",\"@id\":\"https:\\\/\\\/kuzeyinsesi.org\\\/index.php\\\/2024\\\/05\\\/02\\\/bm-gazzedeki-enkaz-ve-moloz-ukraynadakinden-fazla\\\/#article\",\"isPartOf\":{\"@id\":\"https:\\\/\\\/kuzeyinsesi.org\\\/index.php\\\/2024\\\/05\\\/02\\\/bm-gazzedeki-enkaz-ve-moloz-ukraynadakinden-fazla\\\/\"},\"author\":{\"name\":\"Kuzeyin Sesi\",\"@id\":\"https:\\\/\\\/kuzeyinsesi.org\\\/#\\\/schema\\\/person\\\/9f859689cdf01485597712386e37f5aa\"},\"headline\":\"BM: Gazze&#039;deki enkaz ve moloz Ukrayna&#039;dakinden fazla\",\"datePublished\":\"2024-05-01T22:31:09+00:00\",\"mainEntityOfPage\":{\"@id\":\"https:\\\/\\\/kuzeyinsesi.org\\\/index.php\\\/2024\\\/05\\\/02\\\/bm-gazzedeki-enkaz-ve-moloz-ukraynadakinden-fazla\\\/\"},\"wordCount\":293,\"commentCount\":0,\"image\":{\"@id\":\"https:\\\/\\\/kuzeyinsesi.org\\\/index.php\\\/2024\\\/05\\\/02\\\/bm-gazzedeki-enkaz-ve-moloz-ukraynadakinden-fazla\\\/#primaryimage\"},\"thumbnailUrl\":\"https:\\\/\\\/kuzeyinsesi.org\\\/wp-content\\\/uploads\\\/2024\\\/05\\\/gazze-aa-enkaz-2182775.jpg\",\"articleSection\":[\"D\u00fcnya\"],\"inLanguage\":\"tr\",\"potentialAction\":[{\"@type\":\"CommentAction\",\"name\":\"Comment\",\"target\":[\"https:\\\/\\\/kuzeyinsesi.org\\\/index.php\\\/2024\\\/05\\\/02\\\/bm-gazzedeki-enkaz-ve-moloz-ukraynadakinden-fazla\\\/#respond\"]}]},{\"@type\":\"WebPage\",\"@id\":\"https:\\\/\\\/kuzeyinsesi.org\\\/index.php\\\/2024\\\/05\\\/02\\\/bm-gazzedeki-enkaz-ve-moloz-ukraynadakinden-fazla\\\/\",\"url\":\"https:\\\/\\\/kuzeyinsesi.org\\\/index.php\\\/2024\\\/05\\\/02\\\/bm-gazzedeki-enkaz-ve-moloz-ukraynadakinden-fazla\\\/\",\"name\":\"BM: Gazze&#039;deki enkaz ve moloz Ukrayna&#039;dakinden fazla - Kuzeyin Sesi\",\"isPartOf\":{\"@id\":\"https:\\\/\\\/kuzeyinsesi.org\\\/#website\"},\"primaryImageOfPage\":{\"@id\":\"https:\\\/\\\/kuzeyinsesi.org\\\/index.php\\\/2024\\\/05\\\/02\\\/bm-gazzedeki-enkaz-ve-moloz-ukraynadakinden-fazla\\\/#primaryimage\"},\"image\":{\"@id\":\"https:\\\/\\\/kuzeyinsesi.org\\\/index.php\\\/2024\\\/05\\\/02\\\/bm-gazzedeki-enkaz-ve-moloz-ukraynadakinden-fazla\\\/#primaryimage\"},\"thumbnailUrl\":\"https:\\\/\\\/kuzeyinsesi.org\\\/wp-content\\\/uploads\\\/2024\\\/05\\\/gazze-aa-enkaz-2182775.jpg\",\"datePublished\":\"2024-05-01T22:31:09+00:00\",\"author\":{\"@id\":\"https:\\\/\\\/kuzeyinsesi.org\\\/#\\\/schema\\\/person\\\/9f859689cdf01485597712386e37f5aa\"},\"breadcrumb\":{\"@id\":\"https:\\\/\\\/kuzeyinsesi.org\\\/index.php\\\/2024\\\/05\\\/02\\\/bm-gazzedeki-enkaz-ve-moloz-ukraynadakinden-fazla\\\/#breadcrumb\"},\"inLanguage\":\"tr\",\"potentialAction\":[{\"@type\":\"ReadAction\",\"target\":[\"https:\\\/\\\/kuzeyinsesi.org\\\/index.php\\\/2024\\\/05\\\/02\\\/bm-gazzedeki-enkaz-ve-moloz-ukraynadakinden-fazla\\\/\"]}]},{\"@type\":\"ImageObject\",\"inLanguage\":\"tr\",\"@id\":\"https:\\\/\\\/kuzeyinsesi.org\\\/index.php\\\/2024\\\/05\\\/02\\\/bm-gazzedeki-enkaz-ve-moloz-ukraynadakinden-fazla\\\/#primaryimage\",\"url\":\"https:\\\/\\\/kuzeyinsesi.org\\\/wp-content\\\/uploads\\\/2024\\\/05\\\/gazze-aa-enkaz-2182775.jpg\",\"contentUrl\":\"https:\\\/\\\/kuzeyinsesi.org\\\/wp-content\\\/uploads\\\/2024\\\/05\\\/gazze-aa-enkaz-2182775.jpg\",\"width\":1280,\"height\":720},{\"@type\":\"BreadcrumbList\",\"@id\":\"https:\\\/\\\/kuzeyinsesi.org\\\/index.php\\\/2024\\\/05\\\/02\\\/bm-gazzedeki-enkaz-ve-moloz-ukraynadakinden-fazla\\\/#breadcrumb\",\"itemListElement\":[{\"@type\":\"ListItem\",\"position\":1,\"name\":\"Anasayfa\",\"item\":\"https:\\\/\\\/kuzeyinsesi.org\\\/\"},{\"@type\":\"ListItem\",\"position\":2,\"name\":\"BM: Gazze&#039;deki enkaz ve moloz Ukrayna&#039;dakinden fazla\"}]},{\"@type\":\"WebSite\",\"@id\":\"https:\\\/\\\/kuzeyinsesi.org\\\/#website\",\"url\":\"https:\\\/\\\/kuzeyinsesi.org\\\/\",\"name\":\"Kuzeyin Sesi\",\"description\":\"Do\u011fru Haberin Adresi\",\"potentialAction\":[{\"@type\":\"SearchAction\",\"target\":{\"@type\":\"EntryPoint\",\"urlTemplate\":\"https:\\\/\\\/kuzeyinsesi.org\\\/?s={search_term_string}\"},\"query-input\":{\"@type\":\"PropertyValueSpecification\",\"valueRequired\":true,\"valueName\":\"search_term_string\"}}],\"inLanguage\":\"tr\"},{\"@type\":\"Person\",\"@id\":\"https:\\\/\\\/kuzeyinsesi.org\\\/#\\\/schema\\\/person\\\/9f859689cdf01485597712386e37f5aa\",\"name\":\"Kuzeyin Sesi\",\"image\":{\"@type\":\"ImageObject\",\"inLanguage\":\"tr\",\"@id\":\"https:\\\/\\\/secure.gravatar.com\\\/avatar\\\/bab33852abfd8b282518d6ed81826833d77c3c882d9ab608add591ccace47a44?s=96&d=mm&r=g\",\"url\":\"https:\\\/\\\/secure.gravatar.com\\\/avatar\\\/bab33852abfd8b282518d6ed81826833d77c3c882d9ab608add591ccace47a44?s=96&d=mm&r=g\",\"contentUrl\":\"https:\\\/\\\/secure.gravatar.com\\\/avatar\\\/bab33852abfd8b282518d6ed81826833d77c3c882d9ab608add591ccace47a44?s=96&d=mm&r=g\",\"caption\":\"Kuzeyin Sesi\"},\"sameAs\":[\"https:\\\/\\\/kuzeyinsesi.org\"],\"url\":\"https:\\\/\\\/kuzeyinsesi.org\\\/index.php\\\/author\\\/guven\\\/\"}]}<\/script>\n<!-- \/ Yoast SEO plugin. -->","yoast_head_json":{"title":"BM: Gazze&#039;deki enkaz ve moloz Ukrayna&#039;dakinden fazla - Kuzeyin Sesi","robots":{"index":"index","follow":"follow","max-snippet":"max-snippet:-1","max-image-preview":"max-image-preview:large","max-video-preview":"max-video-preview:-1"},"canonical":"https:\/\/kuzeyinsesi.org\/index.php\/2024\/05\/02\/bm-gazzedeki-enkaz-ve-moloz-ukraynadakinden-fazla\/","og_locale":"tr_TR","og_type":"article","og_title":"BM: Gazze&#039;deki enkaz ve moloz Ukrayna&#039;dakinden fazla - Kuzeyin Sesi","og_description":"&#13; Birle\u015fmi\u015f Milletler (BM) May\u0131n Eylem Servisi (UNMAS), \u0130srail&#8217;in 7 Ekim 2023&#8217;ten bu yana Gazze&#8217;ye y\u00f6nelik s\u00fcren sald\u0131r\u0131lar\u0131 sonucu olu\u015fan enkaza dikkati \u00e7ekti. &#13; UNMAS, nisan ortas\u0131 itibar\u0131yla Gazze \u015eeridi\u2019nde metrekare ba\u015f\u0131na 300 kilograma denk gelecek \u015fekilde toplam 37 milyon ton enkaz olu\u015ftu\u011fu tahmininde bulundu. &#13; UNMAS&#8217;\u0131n Filistin topraklar\u0131yla ilgili program\u0131n\u0131n ba\u015fkan\u0131 Mungo Birch, &#8220;Gazze&#8217;de [&hellip;]","og_url":"https:\/\/kuzeyinsesi.org\/index.php\/2024\/05\/02\/bm-gazzedeki-enkaz-ve-moloz-ukraynadakinden-fazla\/","og_site_name":"Kuzeyin Sesi","article_publisher":"https:\/\/www.facebook.com\/kuzeyinsesii","article_published_time":"2024-05-01T22:31:09+00:00","og_image":[{"width":1280,"height":720,"url":"https:\/\/kuzeyinsesi.org\/wp-content\/uploads\/2024\/05\/gazze-aa-enkaz-2182775.jpg","type":"image\/jpeg"}],"author":"Kuzeyin Sesi","twitter_card":"summary_large_image","twitter_creator":"@kuzeyinsesii","twitter_site":"@kuzeyinsesii","twitter_misc":{"Yazan:":"Kuzeyin Sesi","Tahmini okuma s\u00fcresi":"1 dakika"},"schema":{"@context":"https:\/\/schema.org","@graph":[{"@type":"Article","@id":"https:\/\/kuzeyinsesi.org\/index.php\/2024\/05\/02\/bm-gazzedeki-enkaz-ve-moloz-ukraynadakinden-fazla\/#article","isPartOf":{"@id":"https:\/\/kuzeyinsesi.org\/index.php\/2024\/05\/02\/bm-gazzedeki-enkaz-ve-moloz-ukraynadakinden-fazla\/"},"author":{"name":"Kuzeyin Sesi","@id":"https:\/\/kuzeyinsesi.org\/#\/schema\/person\/9f859689cdf01485597712386e37f5aa"},"headline":"BM: Gazze&#039;deki enkaz ve moloz Ukrayna&#039;dakinden fazla","datePublished":"2024-05-01T22:31:09+00:00","mainEntityOfPage":{"@id":"https:\/\/kuzeyinsesi.org\/index.php\/2024\/05\/02\/bm-gazzedeki-enkaz-ve-moloz-ukraynadakinden-fazla\/"},"wordCount":293,"commentCount":0,"image":{"@id":"https:\/\/kuzeyinsesi.org\/index.php\/2024\/05\/02\/bm-gazzedeki-enkaz-ve-moloz-ukraynadakinden-fazla\/#primaryimage"},"thumbnailUrl":"https:\/\/kuzeyinsesi.org\/wp-content\/uploads\/2024\/05\/gazze-aa-enkaz-2182775.jpg","articleSection":["D\u00fcnya"],"inLanguage":"tr","potentialAction":[{"@type":"CommentAction","name":"Comment","target":["https:\/\/kuzeyinsesi.org\/index.php\/2024\/05\/02\/bm-gazzedeki-enkaz-ve-moloz-ukraynadakinden-fazla\/#respond"]}]},{"@type":"WebPage","@id":"https:\/\/kuzeyinsesi.org\/index.php\/2024\/05\/02\/bm-gazzedeki-enkaz-ve-moloz-ukraynadakinden-fazla\/","url":"https:\/\/kuzeyinsesi.org\/index.php\/2024\/05\/02\/bm-gazzedeki-enkaz-ve-moloz-ukraynadakinden-fazla\/","name":"BM: Gazze&#039;deki enkaz ve moloz Ukrayna&#039;dakinden fazla - Kuzeyin Sesi","isPartOf":{"@id":"https:\/\/kuzeyinsesi.org\/#website"},"primaryImageOfPage":{"@id":"https:\/\/kuzeyinsesi.org\/index.php\/2024\/05\/02\/bm-gazzedeki-enkaz-ve-moloz-ukraynadakinden-fazla\/#primaryimage"},"image":{"@id":"https:\/\/kuzeyinsesi.org\/index.php\/2024\/05\/02\/bm-gazzedeki-enkaz-ve-moloz-ukraynadakinden-fazla\/#primaryimage"},"thumbnailUrl":"https:\/\/kuzeyinsesi.org\/wp-content\/uploads\/2024\/05\/gazze-aa-enkaz-2182775.jpg","datePublished":"2024-05-01T22:31:09+00:00","author":{"@id":"https:\/\/kuzeyinsesi.org\/#\/schema\/person\/9f859689cdf01485597712386e37f5aa"},"breadcrumb":{"@id":"https:\/\/kuzeyinsesi.org\/index.php\/2024\/05\/02\/bm-gazzedeki-enkaz-ve-moloz-ukraynadakinden-fazla\/#breadcrumb"},"inLanguage":"tr","potentialAction":[{"@type":"ReadAction","target":["https:\/\/kuzeyinsesi.org\/index.php\/2024\/05\/02\/bm-gazzedeki-enkaz-ve-moloz-ukraynadakinden-fazla\/"]}]},{"@type":"ImageObject","inLanguage":"tr","@id":"https:\/\/kuzeyinsesi.org\/index.php\/2024\/05\/02\/bm-gazzedeki-enkaz-ve-moloz-ukraynadakinden-fazla\/#primaryimage","url":"https:\/\/kuzeyinsesi.org\/wp-content\/uploads\/2024\/05\/gazze-aa-enkaz-2182775.jpg","contentUrl":"https:\/\/kuzeyinsesi.org\/wp-content\/uploads\/2024\/05\/gazze-aa-enkaz-2182775.jpg","width":1280,"height":720},{"@type":"BreadcrumbList","@id":"https:\/\/kuzeyinsesi.org\/index.php\/2024\/05\/02\/bm-gazzedeki-enkaz-ve-moloz-ukraynadakinden-fazla\/#breadcrumb","itemListElement":[{"@type":"ListItem","position":1,"name":"Anasayfa","item":"https:\/\/kuzeyinsesi.org\/"},{"@type":"ListItem","position":2,"name":"BM: Gazze&#039;deki enkaz ve moloz Ukrayna&#039;dakinden fazla"}]},{"@type":"WebSite","@id":"https:\/\/kuzeyinsesi.org\/#website","url":"https:\/\/kuzeyinsesi.org\/","name":"Kuzeyin Sesi","description":"Do\u011fru Haberin Adresi","potentialAction":[{"@type":"SearchAction","target":{"@type":"EntryPoint","urlTemplate":"https:\/\/kuzeyinsesi.org\/?s={search_term_string}"},"query-input":{"@type":"PropertyValueSpecification","valueRequired":true,"valueName":"search_term_string"}}],"inLanguage":"tr"},{"@type":"Person","@id":"https:\/\/kuzeyinsesi.org\/#\/schema\/person\/9f859689cdf01485597712386e37f5aa","name":"Kuzeyin Sesi","image":{"@type":"ImageObject","inLanguage":"tr","@id":"https:\/\/secure.gravatar.com\/avatar\/bab33852abfd8b282518d6ed81826833d77c3c882d9ab608add591ccace47a44?s=96&d=mm&r=g","url":"https:\/\/secure.gravatar.com\/avatar\/bab33852abfd8b282518d6ed81826833d77c3c882d9ab608add591ccace47a44?s=96&d=mm&r=g","contentUrl":"https:\/\/secure.gravatar.com\/avatar\/bab33852abfd8b282518d6ed81826833d77c3c882d9ab608add591ccace47a44?s=96&d=mm&r=g","caption":"Kuzeyin Sesi"},"sameAs":["https:\/\/kuzeyinsesi.org"],"url":"https:\/\/kuzeyinsesi.org\/index.php\/author\/guven\/"}]}},"_links":{"self":[{"href":"https:\/\/kuzeyinsesi.org\/index.php\/wp-json\/wp\/v2\/posts\/1166","targetHints":{"allow":["GET"]}}],"collection":[{"href":"https:\/\/kuzeyinsesi.org\/index.php\/wp-json\/wp\/v2\/posts"}],"about":[{"href":"https:\/\/kuzeyinsesi.org\/index.php\/wp-json\/wp\/v2\/types\/post"}],"author":[{"embeddable":true,"href":"https:\/\/kuzeyinsesi.org\/index.php\/wp-json\/wp\/v2\/users\/1"}],"replies":[{"embeddable":true,"href":"https:\/\/kuzeyinsesi.org\/index.php\/wp-json\/wp\/v2\/comments?post=1166"}],"version-history":[{"count":0,"href":"https:\/\/kuzeyinsesi.org\/index.php\/wp-json\/wp\/v2\/posts\/1166\/revisions"}],"wp:featuredmedia":[{"embeddable":true,"href":"https:\/\/kuzeyinsesi.org\/index.php\/wp-json\/wp\/v2\/media\/1167"}],"wp:attachment":[{"href":"https:\/\/kuzeyinsesi.org\/index.php\/wp-json\/wp\/v2\/media?parent=1166"}],"wp:term":[{"taxonomy":"category","embeddable":true,"href":"https:\/\/kuzeyinsesi.org\/index.php\/wp-json\/wp\/v2\/categories?post=1166"},{"taxonomy":"post_tag","embeddable":true,"href":"https:\/\/kuzeyinsesi.org\/index.php\/wp-json\/wp\/v2\/tags?post=1166"}],"curies":[{"name":"wp","href":"https:\/\/api.w.org\/{rel}","templated":true}]}}