{"id":11655,"date":"2024-10-16T11:20:46","date_gmt":"2024-10-16T08:20:46","guid":{"rendered":"https:\/\/kuzeyinsesi.org\/index.php\/2024\/10\/16\/baraka-kultur-merkezi-ritim-atolyesi-etkinligi-duzenleyecek\/"},"modified":"2024-10-16T11:20:46","modified_gmt":"2024-10-16T08:20:46","slug":"baraka-kultur-merkezi-ritim-atolyesi-etkinligi-duzenleyecek","status":"publish","type":"post","link":"https:\/\/kuzeyinsesi.org\/index.php\/2024\/10\/16\/baraka-kultur-merkezi-ritim-atolyesi-etkinligi-duzenleyecek\/","title":{"rendered":"Baraka K\u00fclt\u00fcr Merkezi, Ritim At\u00f6lyesi etkinli\u011fi d\u00fczenleyecek"},"content":{"rendered":"<div>\n<div class=\"mariselle-image-container center\">\n                                            <\/div>\n<p> Baraka K\u00fclt\u00fcr Merkezi, \u201cBenimle Oynar m\u0131s\u0131n\u201d etkinlikleri kapsam\u0131nda Ritim At\u00f6lyesi d\u00fczenleyecek.<\/p>\n<p>Baraka K\u00fclt\u00fcr Merkezi\u2019nden yap\u0131lan a\u00e7\u0131klamaya g\u00f6re, 6-10 ya\u015f aral\u0131\u011f\u0131ndaki \u00e7ocuklar i\u00e7in d\u00fczenlenecek ve kat\u0131l\u0131m\u0131 \u00fccretsiz olacak Ritim At\u00f6lyesi, cumartesi 10.00-11.00 saatleri aras\u0131nda Baraka K\u00fclt\u00fcr Merkezi lokalinde yer alacak.<\/p>\n<\/p><\/div>\n<p><script async\n                    defer\n                    crossorigin=\"anonymous\"\n                    src=\"https:\/\/connect.facebook.net\/tr_TR\/sdk.js#xfbml=1&#038;version=v3.3\"\n            ><\/script><\/p>\n","protected":false},"excerpt":{"rendered":"<p>Baraka K\u00fclt\u00fcr Merkezi, \u201cBenimle Oynar m\u0131s\u0131n\u201d etkinlikleri kapsam\u0131nda Ritim At\u00f6lyesi d\u00fczenleyecek. Baraka K\u00fclt\u00fcr Merkezi\u2019nden yap\u0131lan a\u00e7\u0131klamaya g\u00f6re, 6-10 ya\u015f aral\u0131\u011f\u0131ndaki \u00e7ocuklar i\u00e7in d\u00fczenlenecek ve kat\u0131l\u0131m\u0131 \u00fccretsiz olacak Ritim At\u00f6lyesi, cumartesi 10.00-11.00 saatleri aras\u0131nda Baraka K\u00fclt\u00fcr Merkezi lokalinde yer alacak.<\/p>\n","protected":false},"author":1,"featured_media":11656,"comment_status":"open","ping_status":"open","sticky":false,"template":"","format":"standard","meta":{"jnews-multi-image_gallery":[],"jnews_single_post":[],"jnews_primary_category":[],"jnews_social_meta":[],"jnews_override_counter":[],"footnotes":""},"categories":[6],"tags":[],"class_list":["post-11655","post","type-post","status-publish","format-standard","has-post-thumbnail","hentry","category-yasam"],"yoast_head":"<!-- This site is optimized with the Yoast SEO plugin v27.4 - https:\/\/yoast.com\/product\/yoast-seo-wordpress\/ -->\n<title>Baraka K\u00fclt\u00fcr Merkezi, Ritim At\u00f6lyesi etkinli\u011fi d\u00fczenleyecek - Kuzeyin Sesi<\/title>\n<meta name=\"robots\" content=\"index, follow, max-snippet:-1, max-image-preview:large, max-video-preview:-1\" \/>\n<link rel=\"canonical\" href=\"https:\/\/kuzeyinsesi.org\/index.php\/2024\/10\/16\/baraka-kultur-merkezi-ritim-atolyesi-etkinligi-duzenleyecek\/\" \/>\n<meta property=\"og:locale\" content=\"tr_TR\" \/>\n<meta property=\"og:type\" content=\"article\" \/>\n<meta property=\"og:title\" content=\"Baraka K\u00fclt\u00fcr Merkezi, Ritim At\u00f6lyesi etkinli\u011fi d\u00fczenleyecek - Kuzeyin Sesi\" \/>\n<meta property=\"og:description\" content=\"Baraka K\u00fclt\u00fcr Merkezi, \u201cBenimle Oynar m\u0131s\u0131n\u201d etkinlikleri kapsam\u0131nda Ritim At\u00f6lyesi d\u00fczenleyecek. Baraka K\u00fclt\u00fcr Merkezi\u2019nden yap\u0131lan a\u00e7\u0131klamaya g\u00f6re, 6-10 ya\u015f aral\u0131\u011f\u0131ndaki \u00e7ocuklar i\u00e7in d\u00fczenlenecek ve kat\u0131l\u0131m\u0131 \u00fccretsiz olacak Ritim At\u00f6lyesi, cumartesi 10.00-11.00 saatleri aras\u0131nda Baraka K\u00fclt\u00fcr Merkezi lokalinde yer alacak.\" \/>\n<meta property=\"og:url\" content=\"https:\/\/kuzeyinsesi.org\/index.php\/2024\/10\/16\/baraka-kultur-merkezi-ritim-atolyesi-etkinligi-duzenleyecek\/\" \/>\n<meta property=\"og:site_name\" content=\"Kuzeyin Sesi\" \/>\n<meta property=\"article:publisher\" content=\"https:\/\/www.facebook.com\/kuzeyinsesii\" \/>\n<meta property=\"article:published_time\" content=\"2024-10-16T08:20:46+00:00\" \/>\n<meta property=\"og:image\" content=\"https:\/\/brtk.net\/wp-content\/uploads\/2024\/10\/16\/255252.jpg?ver=ef4c62665f7a0dbf9200e81ef8a4c606\" \/>\n<meta name=\"author\" content=\"Kuzeyin Sesi\" \/>\n<meta name=\"twitter:card\" content=\"summary_large_image\" \/>\n<meta name=\"twitter:creator\" content=\"@kuzeyinsesii\" \/>\n<meta name=\"twitter:site\" content=\"@kuzeyinsesii\" \/>\n<meta name=\"twitter:label1\" content=\"Yazan:\" \/>\n\t<meta name=\"twitter:data1\" content=\"Kuzeyin Sesi\" \/>\n<script type=\"application\/ld+json\" class=\"yoast-schema-graph\">{\"@context\":\"https:\\\/\\\/schema.org\",\"@graph\":[{\"@type\":\"Article\",\"@id\":\"https:\\\/\\\/kuzeyinsesi.org\\\/index.php\\\/2024\\\/10\\\/16\\\/baraka-kultur-merkezi-ritim-atolyesi-etkinligi-duzenleyecek\\\/#article\",\"isPartOf\":{\"@id\":\"https:\\\/\\\/kuzeyinsesi.org\\\/index.php\\\/2024\\\/10\\\/16\\\/baraka-kultur-merkezi-ritim-atolyesi-etkinligi-duzenleyecek\\\/\"},\"author\":{\"name\":\"Kuzeyin Sesi\",\"@id\":\"https:\\\/\\\/kuzeyinsesi.org\\\/#\\\/schema\\\/person\\\/9f859689cdf01485597712386e37f5aa\"},\"headline\":\"Baraka K\u00fclt\u00fcr Merkezi, Ritim At\u00f6lyesi etkinli\u011fi d\u00fczenleyecek\",\"datePublished\":\"2024-10-16T08:20:46+00:00\",\"mainEntityOfPage\":{\"@id\":\"https:\\\/\\\/kuzeyinsesi.org\\\/index.php\\\/2024\\\/10\\\/16\\\/baraka-kultur-merkezi-ritim-atolyesi-etkinligi-duzenleyecek\\\/\"},\"wordCount\":73,\"commentCount\":0,\"image\":{\"@id\":\"https:\\\/\\\/kuzeyinsesi.org\\\/index.php\\\/2024\\\/10\\\/16\\\/baraka-kultur-merkezi-ritim-atolyesi-etkinligi-duzenleyecek\\\/#primaryimage\"},\"thumbnailUrl\":\"https:\\\/\\\/kuzeyinsesi.org\\\/wp-content\\\/uploads\\\/2024\\\/10\\\/255252.jpg\",\"articleSection\":[\"Ya\u015fam\"],\"inLanguage\":\"tr\",\"potentialAction\":[{\"@type\":\"CommentAction\",\"name\":\"Comment\",\"target\":[\"https:\\\/\\\/kuzeyinsesi.org\\\/index.php\\\/2024\\\/10\\\/16\\\/baraka-kultur-merkezi-ritim-atolyesi-etkinligi-duzenleyecek\\\/#respond\"]}]},{\"@type\":\"WebPage\",\"@id\":\"https:\\\/\\\/kuzeyinsesi.org\\\/index.php\\\/2024\\\/10\\\/16\\\/baraka-kultur-merkezi-ritim-atolyesi-etkinligi-duzenleyecek\\\/\",\"url\":\"https:\\\/\\\/kuzeyinsesi.org\\\/index.php\\\/2024\\\/10\\\/16\\\/baraka-kultur-merkezi-ritim-atolyesi-etkinligi-duzenleyecek\\\/\",\"name\":\"Baraka K\u00fclt\u00fcr Merkezi, Ritim At\u00f6lyesi etkinli\u011fi d\u00fczenleyecek - Kuzeyin Sesi\",\"isPartOf\":{\"@id\":\"https:\\\/\\\/kuzeyinsesi.org\\\/#website\"},\"primaryImageOfPage\":{\"@id\":\"https:\\\/\\\/kuzeyinsesi.org\\\/index.php\\\/2024\\\/10\\\/16\\\/baraka-kultur-merkezi-ritim-atolyesi-etkinligi-duzenleyecek\\\/#primaryimage\"},\"image\":{\"@id\":\"https:\\\/\\\/kuzeyinsesi.org\\\/index.php\\\/2024\\\/10\\\/16\\\/baraka-kultur-merkezi-ritim-atolyesi-etkinligi-duzenleyecek\\\/#primaryimage\"},\"thumbnailUrl\":\"https:\\\/\\\/kuzeyinsesi.org\\\/wp-content\\\/uploads\\\/2024\\\/10\\\/255252.jpg\",\"datePublished\":\"2024-10-16T08:20:46+00:00\",\"author\":{\"@id\":\"https:\\\/\\\/kuzeyinsesi.org\\\/#\\\/schema\\\/person\\\/9f859689cdf01485597712386e37f5aa\"},\"breadcrumb\":{\"@id\":\"https:\\\/\\\/kuzeyinsesi.org\\\/index.php\\\/2024\\\/10\\\/16\\\/baraka-kultur-merkezi-ritim-atolyesi-etkinligi-duzenleyecek\\\/#breadcrumb\"},\"inLanguage\":\"tr\",\"potentialAction\":[{\"@type\":\"ReadAction\",\"target\":[\"https:\\\/\\\/kuzeyinsesi.org\\\/index.php\\\/2024\\\/10\\\/16\\\/baraka-kultur-merkezi-ritim-atolyesi-etkinligi-duzenleyecek\\\/\"]}]},{\"@type\":\"ImageObject\",\"inLanguage\":\"tr\",\"@id\":\"https:\\\/\\\/kuzeyinsesi.org\\\/index.php\\\/2024\\\/10\\\/16\\\/baraka-kultur-merkezi-ritim-atolyesi-etkinligi-duzenleyecek\\\/#primaryimage\",\"url\":\"https:\\\/\\\/kuzeyinsesi.org\\\/wp-content\\\/uploads\\\/2024\\\/10\\\/255252.jpg\",\"contentUrl\":\"https:\\\/\\\/kuzeyinsesi.org\\\/wp-content\\\/uploads\\\/2024\\\/10\\\/255252.jpg\",\"width\":1760,\"height\":734},{\"@type\":\"BreadcrumbList\",\"@id\":\"https:\\\/\\\/kuzeyinsesi.org\\\/index.php\\\/2024\\\/10\\\/16\\\/baraka-kultur-merkezi-ritim-atolyesi-etkinligi-duzenleyecek\\\/#breadcrumb\",\"itemListElement\":[{\"@type\":\"ListItem\",\"position\":1,\"name\":\"Anasayfa\",\"item\":\"https:\\\/\\\/kuzeyinsesi.org\\\/\"},{\"@type\":\"ListItem\",\"position\":2,\"name\":\"Baraka K\u00fclt\u00fcr Merkezi, Ritim At\u00f6lyesi etkinli\u011fi d\u00fczenleyecek\"}]},{\"@type\":\"WebSite\",\"@id\":\"https:\\\/\\\/kuzeyinsesi.org\\\/#website\",\"url\":\"https:\\\/\\\/kuzeyinsesi.org\\\/\",\"name\":\"Kuzeyin Sesi\",\"description\":\"Do\u011fru Haberin Adresi\",\"potentialAction\":[{\"@type\":\"SearchAction\",\"target\":{\"@type\":\"EntryPoint\",\"urlTemplate\":\"https:\\\/\\\/kuzeyinsesi.org\\\/?s={search_term_string}\"},\"query-input\":{\"@type\":\"PropertyValueSpecification\",\"valueRequired\":true,\"valueName\":\"search_term_string\"}}],\"inLanguage\":\"tr\"},{\"@type\":\"Person\",\"@id\":\"https:\\\/\\\/kuzeyinsesi.org\\\/#\\\/schema\\\/person\\\/9f859689cdf01485597712386e37f5aa\",\"name\":\"Kuzeyin Sesi\",\"image\":{\"@type\":\"ImageObject\",\"inLanguage\":\"tr\",\"@id\":\"https:\\\/\\\/secure.gravatar.com\\\/avatar\\\/bab33852abfd8b282518d6ed81826833d77c3c882d9ab608add591ccace47a44?s=96&d=mm&r=g\",\"url\":\"https:\\\/\\\/secure.gravatar.com\\\/avatar\\\/bab33852abfd8b282518d6ed81826833d77c3c882d9ab608add591ccace47a44?s=96&d=mm&r=g\",\"contentUrl\":\"https:\\\/\\\/secure.gravatar.com\\\/avatar\\\/bab33852abfd8b282518d6ed81826833d77c3c882d9ab608add591ccace47a44?s=96&d=mm&r=g\",\"caption\":\"Kuzeyin Sesi\"},\"sameAs\":[\"https:\\\/\\\/kuzeyinsesi.org\"],\"url\":\"https:\\\/\\\/kuzeyinsesi.org\\\/index.php\\\/author\\\/guven\\\/\"}]}<\/script>\n<!-- \/ Yoast SEO plugin. -->","yoast_head_json":{"title":"Baraka K\u00fclt\u00fcr Merkezi, Ritim At\u00f6lyesi etkinli\u011fi d\u00fczenleyecek - Kuzeyin Sesi","robots":{"index":"index","follow":"follow","max-snippet":"max-snippet:-1","max-image-preview":"max-image-preview:large","max-video-preview":"max-video-preview:-1"},"canonical":"https:\/\/kuzeyinsesi.org\/index.php\/2024\/10\/16\/baraka-kultur-merkezi-ritim-atolyesi-etkinligi-duzenleyecek\/","og_locale":"tr_TR","og_type":"article","og_title":"Baraka K\u00fclt\u00fcr Merkezi, Ritim At\u00f6lyesi etkinli\u011fi d\u00fczenleyecek - Kuzeyin Sesi","og_description":"Baraka K\u00fclt\u00fcr Merkezi, \u201cBenimle Oynar m\u0131s\u0131n\u201d etkinlikleri kapsam\u0131nda Ritim At\u00f6lyesi d\u00fczenleyecek. Baraka K\u00fclt\u00fcr Merkezi\u2019nden yap\u0131lan a\u00e7\u0131klamaya g\u00f6re, 6-10 ya\u015f aral\u0131\u011f\u0131ndaki \u00e7ocuklar i\u00e7in d\u00fczenlenecek ve kat\u0131l\u0131m\u0131 \u00fccretsiz olacak Ritim At\u00f6lyesi, cumartesi 10.00-11.00 saatleri aras\u0131nda Baraka K\u00fclt\u00fcr Merkezi lokalinde yer alacak.","og_url":"https:\/\/kuzeyinsesi.org\/index.php\/2024\/10\/16\/baraka-kultur-merkezi-ritim-atolyesi-etkinligi-duzenleyecek\/","og_site_name":"Kuzeyin Sesi","article_publisher":"https:\/\/www.facebook.com\/kuzeyinsesii","article_published_time":"2024-10-16T08:20:46+00:00","og_image":[{"url":"https:\/\/brtk.net\/wp-content\/uploads\/2024\/10\/16\/255252.jpg?ver=ef4c62665f7a0dbf9200e81ef8a4c606","type":"","width":"","height":""}],"author":"Kuzeyin Sesi","twitter_card":"summary_large_image","twitter_creator":"@kuzeyinsesii","twitter_site":"@kuzeyinsesii","twitter_misc":{"Yazan:":"Kuzeyin Sesi"},"schema":{"@context":"https:\/\/schema.org","@graph":[{"@type":"Article","@id":"https:\/\/kuzeyinsesi.org\/index.php\/2024\/10\/16\/baraka-kultur-merkezi-ritim-atolyesi-etkinligi-duzenleyecek\/#article","isPartOf":{"@id":"https:\/\/kuzeyinsesi.org\/index.php\/2024\/10\/16\/baraka-kultur-merkezi-ritim-atolyesi-etkinligi-duzenleyecek\/"},"author":{"name":"Kuzeyin Sesi","@id":"https:\/\/kuzeyinsesi.org\/#\/schema\/person\/9f859689cdf01485597712386e37f5aa"},"headline":"Baraka K\u00fclt\u00fcr Merkezi, Ritim At\u00f6lyesi etkinli\u011fi d\u00fczenleyecek","datePublished":"2024-10-16T08:20:46+00:00","mainEntityOfPage":{"@id":"https:\/\/kuzeyinsesi.org\/index.php\/2024\/10\/16\/baraka-kultur-merkezi-ritim-atolyesi-etkinligi-duzenleyecek\/"},"wordCount":73,"commentCount":0,"image":{"@id":"https:\/\/kuzeyinsesi.org\/index.php\/2024\/10\/16\/baraka-kultur-merkezi-ritim-atolyesi-etkinligi-duzenleyecek\/#primaryimage"},"thumbnailUrl":"https:\/\/kuzeyinsesi.org\/wp-content\/uploads\/2024\/10\/255252.jpg","articleSection":["Ya\u015fam"],"inLanguage":"tr","potentialAction":[{"@type":"CommentAction","name":"Comment","target":["https:\/\/kuzeyinsesi.org\/index.php\/2024\/10\/16\/baraka-kultur-merkezi-ritim-atolyesi-etkinligi-duzenleyecek\/#respond"]}]},{"@type":"WebPage","@id":"https:\/\/kuzeyinsesi.org\/index.php\/2024\/10\/16\/baraka-kultur-merkezi-ritim-atolyesi-etkinligi-duzenleyecek\/","url":"https:\/\/kuzeyinsesi.org\/index.php\/2024\/10\/16\/baraka-kultur-merkezi-ritim-atolyesi-etkinligi-duzenleyecek\/","name":"Baraka K\u00fclt\u00fcr Merkezi, Ritim At\u00f6lyesi etkinli\u011fi d\u00fczenleyecek - Kuzeyin Sesi","isPartOf":{"@id":"https:\/\/kuzeyinsesi.org\/#website"},"primaryImageOfPage":{"@id":"https:\/\/kuzeyinsesi.org\/index.php\/2024\/10\/16\/baraka-kultur-merkezi-ritim-atolyesi-etkinligi-duzenleyecek\/#primaryimage"},"image":{"@id":"https:\/\/kuzeyinsesi.org\/index.php\/2024\/10\/16\/baraka-kultur-merkezi-ritim-atolyesi-etkinligi-duzenleyecek\/#primaryimage"},"thumbnailUrl":"https:\/\/kuzeyinsesi.org\/wp-content\/uploads\/2024\/10\/255252.jpg","datePublished":"2024-10-16T08:20:46+00:00","author":{"@id":"https:\/\/kuzeyinsesi.org\/#\/schema\/person\/9f859689cdf01485597712386e37f5aa"},"breadcrumb":{"@id":"https:\/\/kuzeyinsesi.org\/index.php\/2024\/10\/16\/baraka-kultur-merkezi-ritim-atolyesi-etkinligi-duzenleyecek\/#breadcrumb"},"inLanguage":"tr","potentialAction":[{"@type":"ReadAction","target":["https:\/\/kuzeyinsesi.org\/index.php\/2024\/10\/16\/baraka-kultur-merkezi-ritim-atolyesi-etkinligi-duzenleyecek\/"]}]},{"@type":"ImageObject","inLanguage":"tr","@id":"https:\/\/kuzeyinsesi.org\/index.php\/2024\/10\/16\/baraka-kultur-merkezi-ritim-atolyesi-etkinligi-duzenleyecek\/#primaryimage","url":"https:\/\/kuzeyinsesi.org\/wp-content\/uploads\/2024\/10\/255252.jpg","contentUrl":"https:\/\/kuzeyinsesi.org\/wp-content\/uploads\/2024\/10\/255252.jpg","width":1760,"height":734},{"@type":"BreadcrumbList","@id":"https:\/\/kuzeyinsesi.org\/index.php\/2024\/10\/16\/baraka-kultur-merkezi-ritim-atolyesi-etkinligi-duzenleyecek\/#breadcrumb","itemListElement":[{"@type":"ListItem","position":1,"name":"Anasayfa","item":"https:\/\/kuzeyinsesi.org\/"},{"@type":"ListItem","position":2,"name":"Baraka K\u00fclt\u00fcr Merkezi, Ritim At\u00f6lyesi etkinli\u011fi d\u00fczenleyecek"}]},{"@type":"WebSite","@id":"https:\/\/kuzeyinsesi.org\/#website","url":"https:\/\/kuzeyinsesi.org\/","name":"Kuzeyin Sesi","description":"Do\u011fru Haberin Adresi","potentialAction":[{"@type":"SearchAction","target":{"@type":"EntryPoint","urlTemplate":"https:\/\/kuzeyinsesi.org\/?s={search_term_string}"},"query-input":{"@type":"PropertyValueSpecification","valueRequired":true,"valueName":"search_term_string"}}],"inLanguage":"tr"},{"@type":"Person","@id":"https:\/\/kuzeyinsesi.org\/#\/schema\/person\/9f859689cdf01485597712386e37f5aa","name":"Kuzeyin Sesi","image":{"@type":"ImageObject","inLanguage":"tr","@id":"https:\/\/secure.gravatar.com\/avatar\/bab33852abfd8b282518d6ed81826833d77c3c882d9ab608add591ccace47a44?s=96&d=mm&r=g","url":"https:\/\/secure.gravatar.com\/avatar\/bab33852abfd8b282518d6ed81826833d77c3c882d9ab608add591ccace47a44?s=96&d=mm&r=g","contentUrl":"https:\/\/secure.gravatar.com\/avatar\/bab33852abfd8b282518d6ed81826833d77c3c882d9ab608add591ccace47a44?s=96&d=mm&r=g","caption":"Kuzeyin Sesi"},"sameAs":["https:\/\/kuzeyinsesi.org"],"url":"https:\/\/kuzeyinsesi.org\/index.php\/author\/guven\/"}]}},"_links":{"self":[{"href":"https:\/\/kuzeyinsesi.org\/index.php\/wp-json\/wp\/v2\/posts\/11655","targetHints":{"allow":["GET"]}}],"collection":[{"href":"https:\/\/kuzeyinsesi.org\/index.php\/wp-json\/wp\/v2\/posts"}],"about":[{"href":"https:\/\/kuzeyinsesi.org\/index.php\/wp-json\/wp\/v2\/types\/post"}],"author":[{"embeddable":true,"href":"https:\/\/kuzeyinsesi.org\/index.php\/wp-json\/wp\/v2\/users\/1"}],"replies":[{"embeddable":true,"href":"https:\/\/kuzeyinsesi.org\/index.php\/wp-json\/wp\/v2\/comments?post=11655"}],"version-history":[{"count":0,"href":"https:\/\/kuzeyinsesi.org\/index.php\/wp-json\/wp\/v2\/posts\/11655\/revisions"}],"wp:featuredmedia":[{"embeddable":true,"href":"https:\/\/kuzeyinsesi.org\/index.php\/wp-json\/wp\/v2\/media\/11656"}],"wp:attachment":[{"href":"https:\/\/kuzeyinsesi.org\/index.php\/wp-json\/wp\/v2\/media?parent=11655"}],"wp:term":[{"taxonomy":"category","embeddable":true,"href":"https:\/\/kuzeyinsesi.org\/index.php\/wp-json\/wp\/v2\/categories?post=11655"},{"taxonomy":"post_tag","embeddable":true,"href":"https:\/\/kuzeyinsesi.org\/index.php\/wp-json\/wp\/v2\/tags?post=11655"}],"curies":[{"name":"wp","href":"https:\/\/api.w.org\/{rel}","templated":true}]}}