{"id":11653,"date":"2024-10-16T10:18:53","date_gmt":"2024-10-16T07:18:53","guid":{"rendered":"https:\/\/kuzeyinsesi.org\/index.php\/2024\/10\/16\/kibris-kagit-sanatcilari-derneginden-yalovada-sergi\/"},"modified":"2024-10-16T10:18:53","modified_gmt":"2024-10-16T07:18:53","slug":"kibris-kagit-sanatcilari-derneginden-yalovada-sergi","status":"publish","type":"post","link":"https:\/\/kuzeyinsesi.org\/index.php\/2024\/10\/16\/kibris-kagit-sanatcilari-derneginden-yalovada-sergi\/","title":{"rendered":"K\u0131br\u0131s Ka\u011f\u0131t Sanat\u00e7\u0131lar\u0131 Derne\u011fi\u2019nden Yalova\u2019da sergi"},"content":{"rendered":"<div>\n<div class=\"mariselle-image-container center\">\n                                            <\/div>\n<p>K\u0131br\u0131s Ka\u011f\u0131t Sanat\u00e7\u0131lar\u0131 Derne\u011fi, K\u00fclt\u00fcr Dairesi\u2019nin deste\u011fi ve Yalova Belediyesi\u2019nin ev sahipli\u011fiyle, \u0130brahim M\u00fcteferrika Ka\u011f\u0131t M\u00fczesi\u2019nde \u201cBiz Do\u011fay\u0131z\u201d isimli sergiyi d\u00fczenliyor.<\/p>\n<p>Sergide, do\u011fan\u0131n sadece g\u00f6rsel bir ilham kayna\u011f\u0131 de\u011fil, ayn\u0131 zamanda sanat\u00e7\u0131lar olarak i\u00e7sel bir ba\u011fl\u0131l\u0131k ve hayal g\u00fcc\u00fc kayna\u011f\u0131 oldu\u011fu vurgulan\u0131yor.<\/p>\n<p>Dernek taraf\u0131ndan yap\u0131lan a\u00e7\u0131klamada ayr\u0131ca, \u201cDo\u011fal malzemelerle ve \u00e7evre dostu yakla\u015f\u0131mla \u00fcretilen eserlerle, do\u011fan\u0131n g\u00fczelli\u011fini ve s\u0131n\u0131rs\u0131z ilham\u0131n\u0131 yans\u0131tarak, ayn\u0131 zamanda onun korunmas\u0131 gerekti\u011fine dair bir fark\u0131ndal\u0131k yaratmay\u0131 ama\u00e7l\u0131yoruz\u201d denildi.<\/p>\n<p>T\u00fcm sanatseverler, bu derin ba\u011f ve mesaj\u0131 payla\u015fmak \u00fczere sergimize davet edildi.<\/p>\n<\/p><\/div>\n<p><script async\n                    defer\n                    crossorigin=\"anonymous\"\n                    src=\"https:\/\/connect.facebook.net\/tr_TR\/sdk.js#xfbml=1&#038;version=v3.3\"\n            ><\/script><\/p>\n","protected":false},"excerpt":{"rendered":"<p>K\u0131br\u0131s Ka\u011f\u0131t Sanat\u00e7\u0131lar\u0131 Derne\u011fi, K\u00fclt\u00fcr Dairesi\u2019nin deste\u011fi ve Yalova Belediyesi\u2019nin ev sahipli\u011fiyle, \u0130brahim M\u00fcteferrika Ka\u011f\u0131t M\u00fczesi\u2019nde \u201cBiz Do\u011fay\u0131z\u201d isimli sergiyi d\u00fczenliyor. Sergide, do\u011fan\u0131n sadece g\u00f6rsel bir ilham kayna\u011f\u0131 de\u011fil, ayn\u0131 zamanda sanat\u00e7\u0131lar olarak i\u00e7sel bir ba\u011fl\u0131l\u0131k ve hayal g\u00fcc\u00fc kayna\u011f\u0131 oldu\u011fu vurgulan\u0131yor. Dernek taraf\u0131ndan yap\u0131lan a\u00e7\u0131klamada ayr\u0131ca, \u201cDo\u011fal malzemelerle ve \u00e7evre dostu yakla\u015f\u0131mla \u00fcretilen eserlerle, [&hellip;]<\/p>\n","protected":false},"author":1,"featured_media":11654,"comment_status":"open","ping_status":"open","sticky":false,"template":"","format":"standard","meta":{"jnews-multi-image_gallery":[],"jnews_single_post":[],"jnews_primary_category":[],"jnews_social_meta":[],"jnews_override_counter":[],"footnotes":""},"categories":[6],"tags":[],"class_list":["post-11653","post","type-post","status-publish","format-standard","has-post-thumbnail","hentry","category-yasam"],"yoast_head":"<!-- This site is optimized with the Yoast SEO plugin v27.4 - https:\/\/yoast.com\/product\/yoast-seo-wordpress\/ -->\n<title>K\u0131br\u0131s Ka\u011f\u0131t Sanat\u00e7\u0131lar\u0131 Derne\u011fi\u2019nden Yalova\u2019da sergi - Kuzeyin Sesi<\/title>\n<meta name=\"robots\" content=\"index, follow, max-snippet:-1, max-image-preview:large, max-video-preview:-1\" \/>\n<link rel=\"canonical\" href=\"https:\/\/kuzeyinsesi.org\/index.php\/2024\/10\/16\/kibris-kagit-sanatcilari-derneginden-yalovada-sergi\/\" \/>\n<meta property=\"og:locale\" content=\"tr_TR\" \/>\n<meta property=\"og:type\" content=\"article\" \/>\n<meta property=\"og:title\" content=\"K\u0131br\u0131s Ka\u011f\u0131t Sanat\u00e7\u0131lar\u0131 Derne\u011fi\u2019nden Yalova\u2019da sergi - Kuzeyin Sesi\" \/>\n<meta property=\"og:description\" content=\"K\u0131br\u0131s Ka\u011f\u0131t Sanat\u00e7\u0131lar\u0131 Derne\u011fi, K\u00fclt\u00fcr Dairesi\u2019nin deste\u011fi ve Yalova Belediyesi\u2019nin ev sahipli\u011fiyle, \u0130brahim M\u00fcteferrika Ka\u011f\u0131t M\u00fczesi\u2019nde \u201cBiz Do\u011fay\u0131z\u201d isimli sergiyi d\u00fczenliyor. Sergide, do\u011fan\u0131n sadece g\u00f6rsel bir ilham kayna\u011f\u0131 de\u011fil, ayn\u0131 zamanda sanat\u00e7\u0131lar olarak i\u00e7sel bir ba\u011fl\u0131l\u0131k ve hayal g\u00fcc\u00fc kayna\u011f\u0131 oldu\u011fu vurgulan\u0131yor. Dernek taraf\u0131ndan yap\u0131lan a\u00e7\u0131klamada ayr\u0131ca, \u201cDo\u011fal malzemelerle ve \u00e7evre dostu yakla\u015f\u0131mla \u00fcretilen eserlerle, [&hellip;]\" \/>\n<meta property=\"og:url\" content=\"https:\/\/kuzeyinsesi.org\/index.php\/2024\/10\/16\/kibris-kagit-sanatcilari-derneginden-yalovada-sergi\/\" \/>\n<meta property=\"og:site_name\" content=\"Kuzeyin Sesi\" \/>\n<meta property=\"article:publisher\" content=\"https:\/\/www.facebook.com\/kuzeyinsesii\" \/>\n<meta property=\"article:published_time\" content=\"2024-10-16T07:18:53+00:00\" \/>\n<meta property=\"og:image\" content=\"https:\/\/brtk.net\/wp-content\/uploads\/2024\/10\/16\/v2kbrskatsanatlardernei_1729062435.jpg?ver=c66b2dd3390a53253f65e9009b5ad51c\" \/>\n<meta name=\"author\" content=\"Kuzeyin Sesi\" \/>\n<meta name=\"twitter:card\" content=\"summary_large_image\" \/>\n<meta name=\"twitter:creator\" content=\"@kuzeyinsesii\" \/>\n<meta name=\"twitter:site\" content=\"@kuzeyinsesii\" \/>\n<meta name=\"twitter:label1\" content=\"Yazan:\" \/>\n\t<meta name=\"twitter:data1\" content=\"Kuzeyin Sesi\" \/>\n\t<meta name=\"twitter:label2\" content=\"Tahmini okuma s\u00fcresi\" \/>\n\t<meta name=\"twitter:data2\" content=\"1 dakika\" \/>\n<script type=\"application\/ld+json\" class=\"yoast-schema-graph\">{\"@context\":\"https:\\\/\\\/schema.org\",\"@graph\":[{\"@type\":\"Article\",\"@id\":\"https:\\\/\\\/kuzeyinsesi.org\\\/index.php\\\/2024\\\/10\\\/16\\\/kibris-kagit-sanatcilari-derneginden-yalovada-sergi\\\/#article\",\"isPartOf\":{\"@id\":\"https:\\\/\\\/kuzeyinsesi.org\\\/index.php\\\/2024\\\/10\\\/16\\\/kibris-kagit-sanatcilari-derneginden-yalovada-sergi\\\/\"},\"author\":{\"name\":\"Kuzeyin Sesi\",\"@id\":\"https:\\\/\\\/kuzeyinsesi.org\\\/#\\\/schema\\\/person\\\/9f859689cdf01485597712386e37f5aa\"},\"headline\":\"K\u0131br\u0131s Ka\u011f\u0131t Sanat\u00e7\u0131lar\u0131 Derne\u011fi\u2019nden Yalova\u2019da sergi\",\"datePublished\":\"2024-10-16T07:18:53+00:00\",\"mainEntityOfPage\":{\"@id\":\"https:\\\/\\\/kuzeyinsesi.org\\\/index.php\\\/2024\\\/10\\\/16\\\/kibris-kagit-sanatcilari-derneginden-yalovada-sergi\\\/\"},\"wordCount\":149,\"commentCount\":0,\"image\":{\"@id\":\"https:\\\/\\\/kuzeyinsesi.org\\\/index.php\\\/2024\\\/10\\\/16\\\/kibris-kagit-sanatcilari-derneginden-yalovada-sergi\\\/#primaryimage\"},\"thumbnailUrl\":\"https:\\\/\\\/kuzeyinsesi.org\\\/wp-content\\\/uploads\\\/2024\\\/10\\\/v2kbrskatsanatlardernei_1729062435.jpg\",\"articleSection\":[\"Ya\u015fam\"],\"inLanguage\":\"tr\",\"potentialAction\":[{\"@type\":\"CommentAction\",\"name\":\"Comment\",\"target\":[\"https:\\\/\\\/kuzeyinsesi.org\\\/index.php\\\/2024\\\/10\\\/16\\\/kibris-kagit-sanatcilari-derneginden-yalovada-sergi\\\/#respond\"]}]},{\"@type\":\"WebPage\",\"@id\":\"https:\\\/\\\/kuzeyinsesi.org\\\/index.php\\\/2024\\\/10\\\/16\\\/kibris-kagit-sanatcilari-derneginden-yalovada-sergi\\\/\",\"url\":\"https:\\\/\\\/kuzeyinsesi.org\\\/index.php\\\/2024\\\/10\\\/16\\\/kibris-kagit-sanatcilari-derneginden-yalovada-sergi\\\/\",\"name\":\"K\u0131br\u0131s Ka\u011f\u0131t Sanat\u00e7\u0131lar\u0131 Derne\u011fi\u2019nden Yalova\u2019da sergi - Kuzeyin Sesi\",\"isPartOf\":{\"@id\":\"https:\\\/\\\/kuzeyinsesi.org\\\/#website\"},\"primaryImageOfPage\":{\"@id\":\"https:\\\/\\\/kuzeyinsesi.org\\\/index.php\\\/2024\\\/10\\\/16\\\/kibris-kagit-sanatcilari-derneginden-yalovada-sergi\\\/#primaryimage\"},\"image\":{\"@id\":\"https:\\\/\\\/kuzeyinsesi.org\\\/index.php\\\/2024\\\/10\\\/16\\\/kibris-kagit-sanatcilari-derneginden-yalovada-sergi\\\/#primaryimage\"},\"thumbnailUrl\":\"https:\\\/\\\/kuzeyinsesi.org\\\/wp-content\\\/uploads\\\/2024\\\/10\\\/v2kbrskatsanatlardernei_1729062435.jpg\",\"datePublished\":\"2024-10-16T07:18:53+00:00\",\"author\":{\"@id\":\"https:\\\/\\\/kuzeyinsesi.org\\\/#\\\/schema\\\/person\\\/9f859689cdf01485597712386e37f5aa\"},\"breadcrumb\":{\"@id\":\"https:\\\/\\\/kuzeyinsesi.org\\\/index.php\\\/2024\\\/10\\\/16\\\/kibris-kagit-sanatcilari-derneginden-yalovada-sergi\\\/#breadcrumb\"},\"inLanguage\":\"tr\",\"potentialAction\":[{\"@type\":\"ReadAction\",\"target\":[\"https:\\\/\\\/kuzeyinsesi.org\\\/index.php\\\/2024\\\/10\\\/16\\\/kibris-kagit-sanatcilari-derneginden-yalovada-sergi\\\/\"]}]},{\"@type\":\"ImageObject\",\"inLanguage\":\"tr\",\"@id\":\"https:\\\/\\\/kuzeyinsesi.org\\\/index.php\\\/2024\\\/10\\\/16\\\/kibris-kagit-sanatcilari-derneginden-yalovada-sergi\\\/#primaryimage\",\"url\":\"https:\\\/\\\/kuzeyinsesi.org\\\/wp-content\\\/uploads\\\/2024\\\/10\\\/v2kbrskatsanatlardernei_1729062435.jpg\",\"contentUrl\":\"https:\\\/\\\/kuzeyinsesi.org\\\/wp-content\\\/uploads\\\/2024\\\/10\\\/v2kbrskatsanatlardernei_1729062435.jpg\",\"width\":971,\"height\":551},{\"@type\":\"BreadcrumbList\",\"@id\":\"https:\\\/\\\/kuzeyinsesi.org\\\/index.php\\\/2024\\\/10\\\/16\\\/kibris-kagit-sanatcilari-derneginden-yalovada-sergi\\\/#breadcrumb\",\"itemListElement\":[{\"@type\":\"ListItem\",\"position\":1,\"name\":\"Anasayfa\",\"item\":\"https:\\\/\\\/kuzeyinsesi.org\\\/\"},{\"@type\":\"ListItem\",\"position\":2,\"name\":\"K\u0131br\u0131s Ka\u011f\u0131t Sanat\u00e7\u0131lar\u0131 Derne\u011fi\u2019nden Yalova\u2019da sergi\"}]},{\"@type\":\"WebSite\",\"@id\":\"https:\\\/\\\/kuzeyinsesi.org\\\/#website\",\"url\":\"https:\\\/\\\/kuzeyinsesi.org\\\/\",\"name\":\"Kuzeyin Sesi\",\"description\":\"Do\u011fru Haberin Adresi\",\"potentialAction\":[{\"@type\":\"SearchAction\",\"target\":{\"@type\":\"EntryPoint\",\"urlTemplate\":\"https:\\\/\\\/kuzeyinsesi.org\\\/?s={search_term_string}\"},\"query-input\":{\"@type\":\"PropertyValueSpecification\",\"valueRequired\":true,\"valueName\":\"search_term_string\"}}],\"inLanguage\":\"tr\"},{\"@type\":\"Person\",\"@id\":\"https:\\\/\\\/kuzeyinsesi.org\\\/#\\\/schema\\\/person\\\/9f859689cdf01485597712386e37f5aa\",\"name\":\"Kuzeyin Sesi\",\"image\":{\"@type\":\"ImageObject\",\"inLanguage\":\"tr\",\"@id\":\"https:\\\/\\\/secure.gravatar.com\\\/avatar\\\/bab33852abfd8b282518d6ed81826833d77c3c882d9ab608add591ccace47a44?s=96&d=mm&r=g\",\"url\":\"https:\\\/\\\/secure.gravatar.com\\\/avatar\\\/bab33852abfd8b282518d6ed81826833d77c3c882d9ab608add591ccace47a44?s=96&d=mm&r=g\",\"contentUrl\":\"https:\\\/\\\/secure.gravatar.com\\\/avatar\\\/bab33852abfd8b282518d6ed81826833d77c3c882d9ab608add591ccace47a44?s=96&d=mm&r=g\",\"caption\":\"Kuzeyin Sesi\"},\"sameAs\":[\"https:\\\/\\\/kuzeyinsesi.org\"],\"url\":\"https:\\\/\\\/kuzeyinsesi.org\\\/index.php\\\/author\\\/guven\\\/\"}]}<\/script>\n<!-- \/ Yoast SEO plugin. -->","yoast_head_json":{"title":"K\u0131br\u0131s Ka\u011f\u0131t Sanat\u00e7\u0131lar\u0131 Derne\u011fi\u2019nden Yalova\u2019da sergi - Kuzeyin Sesi","robots":{"index":"index","follow":"follow","max-snippet":"max-snippet:-1","max-image-preview":"max-image-preview:large","max-video-preview":"max-video-preview:-1"},"canonical":"https:\/\/kuzeyinsesi.org\/index.php\/2024\/10\/16\/kibris-kagit-sanatcilari-derneginden-yalovada-sergi\/","og_locale":"tr_TR","og_type":"article","og_title":"K\u0131br\u0131s Ka\u011f\u0131t Sanat\u00e7\u0131lar\u0131 Derne\u011fi\u2019nden Yalova\u2019da sergi - Kuzeyin Sesi","og_description":"K\u0131br\u0131s Ka\u011f\u0131t Sanat\u00e7\u0131lar\u0131 Derne\u011fi, K\u00fclt\u00fcr Dairesi\u2019nin deste\u011fi ve Yalova Belediyesi\u2019nin ev sahipli\u011fiyle, \u0130brahim M\u00fcteferrika Ka\u011f\u0131t M\u00fczesi\u2019nde \u201cBiz Do\u011fay\u0131z\u201d isimli sergiyi d\u00fczenliyor. Sergide, do\u011fan\u0131n sadece g\u00f6rsel bir ilham kayna\u011f\u0131 de\u011fil, ayn\u0131 zamanda sanat\u00e7\u0131lar olarak i\u00e7sel bir ba\u011fl\u0131l\u0131k ve hayal g\u00fcc\u00fc kayna\u011f\u0131 oldu\u011fu vurgulan\u0131yor. Dernek taraf\u0131ndan yap\u0131lan a\u00e7\u0131klamada ayr\u0131ca, \u201cDo\u011fal malzemelerle ve \u00e7evre dostu yakla\u015f\u0131mla \u00fcretilen eserlerle, [&hellip;]","og_url":"https:\/\/kuzeyinsesi.org\/index.php\/2024\/10\/16\/kibris-kagit-sanatcilari-derneginden-yalovada-sergi\/","og_site_name":"Kuzeyin Sesi","article_publisher":"https:\/\/www.facebook.com\/kuzeyinsesii","article_published_time":"2024-10-16T07:18:53+00:00","og_image":[{"url":"https:\/\/brtk.net\/wp-content\/uploads\/2024\/10\/16\/v2kbrskatsanatlardernei_1729062435.jpg?ver=c66b2dd3390a53253f65e9009b5ad51c","type":"","width":"","height":""}],"author":"Kuzeyin Sesi","twitter_card":"summary_large_image","twitter_creator":"@kuzeyinsesii","twitter_site":"@kuzeyinsesii","twitter_misc":{"Yazan:":"Kuzeyin Sesi","Tahmini okuma s\u00fcresi":"1 dakika"},"schema":{"@context":"https:\/\/schema.org","@graph":[{"@type":"Article","@id":"https:\/\/kuzeyinsesi.org\/index.php\/2024\/10\/16\/kibris-kagit-sanatcilari-derneginden-yalovada-sergi\/#article","isPartOf":{"@id":"https:\/\/kuzeyinsesi.org\/index.php\/2024\/10\/16\/kibris-kagit-sanatcilari-derneginden-yalovada-sergi\/"},"author":{"name":"Kuzeyin Sesi","@id":"https:\/\/kuzeyinsesi.org\/#\/schema\/person\/9f859689cdf01485597712386e37f5aa"},"headline":"K\u0131br\u0131s Ka\u011f\u0131t Sanat\u00e7\u0131lar\u0131 Derne\u011fi\u2019nden Yalova\u2019da sergi","datePublished":"2024-10-16T07:18:53+00:00","mainEntityOfPage":{"@id":"https:\/\/kuzeyinsesi.org\/index.php\/2024\/10\/16\/kibris-kagit-sanatcilari-derneginden-yalovada-sergi\/"},"wordCount":149,"commentCount":0,"image":{"@id":"https:\/\/kuzeyinsesi.org\/index.php\/2024\/10\/16\/kibris-kagit-sanatcilari-derneginden-yalovada-sergi\/#primaryimage"},"thumbnailUrl":"https:\/\/kuzeyinsesi.org\/wp-content\/uploads\/2024\/10\/v2kbrskatsanatlardernei_1729062435.jpg","articleSection":["Ya\u015fam"],"inLanguage":"tr","potentialAction":[{"@type":"CommentAction","name":"Comment","target":["https:\/\/kuzeyinsesi.org\/index.php\/2024\/10\/16\/kibris-kagit-sanatcilari-derneginden-yalovada-sergi\/#respond"]}]},{"@type":"WebPage","@id":"https:\/\/kuzeyinsesi.org\/index.php\/2024\/10\/16\/kibris-kagit-sanatcilari-derneginden-yalovada-sergi\/","url":"https:\/\/kuzeyinsesi.org\/index.php\/2024\/10\/16\/kibris-kagit-sanatcilari-derneginden-yalovada-sergi\/","name":"K\u0131br\u0131s Ka\u011f\u0131t Sanat\u00e7\u0131lar\u0131 Derne\u011fi\u2019nden Yalova\u2019da sergi - Kuzeyin Sesi","isPartOf":{"@id":"https:\/\/kuzeyinsesi.org\/#website"},"primaryImageOfPage":{"@id":"https:\/\/kuzeyinsesi.org\/index.php\/2024\/10\/16\/kibris-kagit-sanatcilari-derneginden-yalovada-sergi\/#primaryimage"},"image":{"@id":"https:\/\/kuzeyinsesi.org\/index.php\/2024\/10\/16\/kibris-kagit-sanatcilari-derneginden-yalovada-sergi\/#primaryimage"},"thumbnailUrl":"https:\/\/kuzeyinsesi.org\/wp-content\/uploads\/2024\/10\/v2kbrskatsanatlardernei_1729062435.jpg","datePublished":"2024-10-16T07:18:53+00:00","author":{"@id":"https:\/\/kuzeyinsesi.org\/#\/schema\/person\/9f859689cdf01485597712386e37f5aa"},"breadcrumb":{"@id":"https:\/\/kuzeyinsesi.org\/index.php\/2024\/10\/16\/kibris-kagit-sanatcilari-derneginden-yalovada-sergi\/#breadcrumb"},"inLanguage":"tr","potentialAction":[{"@type":"ReadAction","target":["https:\/\/kuzeyinsesi.org\/index.php\/2024\/10\/16\/kibris-kagit-sanatcilari-derneginden-yalovada-sergi\/"]}]},{"@type":"ImageObject","inLanguage":"tr","@id":"https:\/\/kuzeyinsesi.org\/index.php\/2024\/10\/16\/kibris-kagit-sanatcilari-derneginden-yalovada-sergi\/#primaryimage","url":"https:\/\/kuzeyinsesi.org\/wp-content\/uploads\/2024\/10\/v2kbrskatsanatlardernei_1729062435.jpg","contentUrl":"https:\/\/kuzeyinsesi.org\/wp-content\/uploads\/2024\/10\/v2kbrskatsanatlardernei_1729062435.jpg","width":971,"height":551},{"@type":"BreadcrumbList","@id":"https:\/\/kuzeyinsesi.org\/index.php\/2024\/10\/16\/kibris-kagit-sanatcilari-derneginden-yalovada-sergi\/#breadcrumb","itemListElement":[{"@type":"ListItem","position":1,"name":"Anasayfa","item":"https:\/\/kuzeyinsesi.org\/"},{"@type":"ListItem","position":2,"name":"K\u0131br\u0131s Ka\u011f\u0131t Sanat\u00e7\u0131lar\u0131 Derne\u011fi\u2019nden Yalova\u2019da sergi"}]},{"@type":"WebSite","@id":"https:\/\/kuzeyinsesi.org\/#website","url":"https:\/\/kuzeyinsesi.org\/","name":"Kuzeyin Sesi","description":"Do\u011fru Haberin Adresi","potentialAction":[{"@type":"SearchAction","target":{"@type":"EntryPoint","urlTemplate":"https:\/\/kuzeyinsesi.org\/?s={search_term_string}"},"query-input":{"@type":"PropertyValueSpecification","valueRequired":true,"valueName":"search_term_string"}}],"inLanguage":"tr"},{"@type":"Person","@id":"https:\/\/kuzeyinsesi.org\/#\/schema\/person\/9f859689cdf01485597712386e37f5aa","name":"Kuzeyin Sesi","image":{"@type":"ImageObject","inLanguage":"tr","@id":"https:\/\/secure.gravatar.com\/avatar\/bab33852abfd8b282518d6ed81826833d77c3c882d9ab608add591ccace47a44?s=96&d=mm&r=g","url":"https:\/\/secure.gravatar.com\/avatar\/bab33852abfd8b282518d6ed81826833d77c3c882d9ab608add591ccace47a44?s=96&d=mm&r=g","contentUrl":"https:\/\/secure.gravatar.com\/avatar\/bab33852abfd8b282518d6ed81826833d77c3c882d9ab608add591ccace47a44?s=96&d=mm&r=g","caption":"Kuzeyin Sesi"},"sameAs":["https:\/\/kuzeyinsesi.org"],"url":"https:\/\/kuzeyinsesi.org\/index.php\/author\/guven\/"}]}},"_links":{"self":[{"href":"https:\/\/kuzeyinsesi.org\/index.php\/wp-json\/wp\/v2\/posts\/11653","targetHints":{"allow":["GET"]}}],"collection":[{"href":"https:\/\/kuzeyinsesi.org\/index.php\/wp-json\/wp\/v2\/posts"}],"about":[{"href":"https:\/\/kuzeyinsesi.org\/index.php\/wp-json\/wp\/v2\/types\/post"}],"author":[{"embeddable":true,"href":"https:\/\/kuzeyinsesi.org\/index.php\/wp-json\/wp\/v2\/users\/1"}],"replies":[{"embeddable":true,"href":"https:\/\/kuzeyinsesi.org\/index.php\/wp-json\/wp\/v2\/comments?post=11653"}],"version-history":[{"count":0,"href":"https:\/\/kuzeyinsesi.org\/index.php\/wp-json\/wp\/v2\/posts\/11653\/revisions"}],"wp:featuredmedia":[{"embeddable":true,"href":"https:\/\/kuzeyinsesi.org\/index.php\/wp-json\/wp\/v2\/media\/11654"}],"wp:attachment":[{"href":"https:\/\/kuzeyinsesi.org\/index.php\/wp-json\/wp\/v2\/media?parent=11653"}],"wp:term":[{"taxonomy":"category","embeddable":true,"href":"https:\/\/kuzeyinsesi.org\/index.php\/wp-json\/wp\/v2\/categories?post=11653"},{"taxonomy":"post_tag","embeddable":true,"href":"https:\/\/kuzeyinsesi.org\/index.php\/wp-json\/wp\/v2\/tags?post=11653"}],"curies":[{"name":"wp","href":"https:\/\/api.w.org\/{rel}","templated":true}]}}