{"id":11635,"date":"2024-10-15T22:29:18","date_gmt":"2024-10-15T19:29:18","guid":{"rendered":"https:\/\/kuzeyinsesi.org\/index.php\/2024\/10\/15\/makamer-kadinlar-korosu-kapadokyada-sahne-aldi\/"},"modified":"2024-10-15T22:29:18","modified_gmt":"2024-10-15T19:29:18","slug":"makamer-kadinlar-korosu-kapadokyada-sahne-aldi","status":"publish","type":"post","link":"https:\/\/kuzeyinsesi.org\/index.php\/2024\/10\/15\/makamer-kadinlar-korosu-kapadokyada-sahne-aldi\/","title":{"rendered":"MAKAMER Kad\u0131nlar Korosu Kapadokya\u2019da sahne ald\u0131"},"content":{"rendered":"<div>\n<div class=\"mariselle-image-container center\">\n                                            <\/div>\n<p>Ma\u011fusa Kad\u0131n Merkezi Derne\u011fi (MAKAMER) b\u00fcnyesindeki Seslerin \u00d6zg\u00fcrl\u00fc\u011f\u00fc Kad\u0131nlar Korosu, 9-13 Ekim tarihlerinde Kapadokya\u2019da d\u00fczenlenen 7. Uluslararas\u0131 T\u00fcrk M\u00fczi\u011fi Festivali\u2019nde sahne ald\u0131.<\/p>\n<p>MAKAMER\u2019den yap\u0131lan a\u00e7\u0131klamaya g\u00f6re, koro \u015fark\u0131lar\u0131n\u0131 kad\u0131na y\u00f6nelik \u015fiddete kar\u015f\u0131 fark\u0131ndal\u0131k yaratmak amac\u0131yla s\u00f6yledi.<\/p>\n<p>Koro, Vicdan Onurver\u2019in besteledi\u011fi \u201cDurdurun\u201d adl\u0131 \u015fark\u0131yla kad\u0131na y\u00f6nelik \u015fiddet temas\u0131n\u0131 i\u015flerken, Ad\u0131yaman \u0130sias Otel facias\u0131nda hayat\u0131n\u0131 kaybeden \u015eampiyon Melekler an\u0131s\u0131na \u201cYasak \u015eubat\u201d \u015fark\u0131s\u0131n\u0131 seslendirdi. Koroyu \u015eef Rana Erozan Ulu\u00e7ay y\u00f6netti.<\/p>\n<p>MAKAMER Ba\u015fkan\u0131 S\u0131d\u0131ka \u00d6zdo\u011fan, koronun kad\u0131na y\u00f6nelik \u015fiddete kar\u015f\u0131 m\u00fccadelesini m\u00fczikle s\u00fcrd\u00fcrece\u011fini dile getirerek, organizat\u00f6rlere te\u015fekk\u00fcr etti<\/p>\n<\/p><\/div>\n<p><script async\n                    defer\n                    crossorigin=\"anonymous\"\n                    src=\"https:\/\/connect.facebook.net\/tr_TR\/sdk.js#xfbml=1&#038;version=v3.3\"\n            ><\/script><\/p>\n","protected":false},"excerpt":{"rendered":"<p>Ma\u011fusa Kad\u0131n Merkezi Derne\u011fi (MAKAMER) b\u00fcnyesindeki Seslerin \u00d6zg\u00fcrl\u00fc\u011f\u00fc Kad\u0131nlar Korosu, 9-13 Ekim tarihlerinde Kapadokya\u2019da d\u00fczenlenen 7. Uluslararas\u0131 T\u00fcrk M\u00fczi\u011fi Festivali\u2019nde sahne ald\u0131. MAKAMER\u2019den yap\u0131lan a\u00e7\u0131klamaya g\u00f6re, koro \u015fark\u0131lar\u0131n\u0131 kad\u0131na y\u00f6nelik \u015fiddete kar\u015f\u0131 fark\u0131ndal\u0131k yaratmak amac\u0131yla s\u00f6yledi. Koro, Vicdan Onurver\u2019in besteledi\u011fi \u201cDurdurun\u201d adl\u0131 \u015fark\u0131yla kad\u0131na y\u00f6nelik \u015fiddet temas\u0131n\u0131 i\u015flerken, Ad\u0131yaman \u0130sias Otel facias\u0131nda hayat\u0131n\u0131 kaybeden \u015eampiyon [&hellip;]<\/p>\n","protected":false},"author":1,"featured_media":11636,"comment_status":"open","ping_status":"open","sticky":false,"template":"","format":"standard","meta":{"jnews-multi-image_gallery":[],"jnews_single_post":[],"jnews_primary_category":[],"jnews_social_meta":[],"jnews_override_counter":[],"footnotes":""},"categories":[6],"tags":[],"class_list":["post-11635","post","type-post","status-publish","format-standard","has-post-thumbnail","hentry","category-yasam"],"yoast_head":"<!-- This site is optimized with the Yoast SEO plugin v27.4 - https:\/\/yoast.com\/product\/yoast-seo-wordpress\/ -->\n<title>MAKAMER Kad\u0131nlar Korosu Kapadokya\u2019da sahne ald\u0131 - Kuzeyin Sesi<\/title>\n<meta name=\"robots\" content=\"index, follow, max-snippet:-1, max-image-preview:large, max-video-preview:-1\" \/>\n<link rel=\"canonical\" href=\"https:\/\/kuzeyinsesi.org\/index.php\/2024\/10\/15\/makamer-kadinlar-korosu-kapadokyada-sahne-aldi\/\" \/>\n<meta property=\"og:locale\" content=\"tr_TR\" \/>\n<meta property=\"og:type\" content=\"article\" \/>\n<meta property=\"og:title\" content=\"MAKAMER Kad\u0131nlar Korosu Kapadokya\u2019da sahne ald\u0131 - Kuzeyin Sesi\" \/>\n<meta property=\"og:description\" content=\"Ma\u011fusa Kad\u0131n Merkezi Derne\u011fi (MAKAMER) b\u00fcnyesindeki Seslerin \u00d6zg\u00fcrl\u00fc\u011f\u00fc Kad\u0131nlar Korosu, 9-13 Ekim tarihlerinde Kapadokya\u2019da d\u00fczenlenen 7. Uluslararas\u0131 T\u00fcrk M\u00fczi\u011fi Festivali\u2019nde sahne ald\u0131. MAKAMER\u2019den yap\u0131lan a\u00e7\u0131klamaya g\u00f6re, koro \u015fark\u0131lar\u0131n\u0131 kad\u0131na y\u00f6nelik \u015fiddete kar\u015f\u0131 fark\u0131ndal\u0131k yaratmak amac\u0131yla s\u00f6yledi. Koro, Vicdan Onurver\u2019in besteledi\u011fi \u201cDurdurun\u201d adl\u0131 \u015fark\u0131yla kad\u0131na y\u00f6nelik \u015fiddet temas\u0131n\u0131 i\u015flerken, Ad\u0131yaman \u0130sias Otel facias\u0131nda hayat\u0131n\u0131 kaybeden \u015eampiyon [&hellip;]\" \/>\n<meta property=\"og:url\" content=\"https:\/\/kuzeyinsesi.org\/index.php\/2024\/10\/15\/makamer-kadinlar-korosu-kapadokyada-sahne-aldi\/\" \/>\n<meta property=\"og:site_name\" content=\"Kuzeyin Sesi\" \/>\n<meta property=\"article:publisher\" content=\"https:\/\/www.facebook.com\/kuzeyinsesii\" \/>\n<meta property=\"article:published_time\" content=\"2024-10-15T19:29:18+00:00\" \/>\n<meta property=\"og:image\" content=\"https:\/\/brtk.net\/wp-content\/uploads\/2024\/10\/15\/v2yeniproje58_1728993459.webp?ver=91a0b9f06be4eecb18182f3edede2777\" \/>\n<meta name=\"author\" content=\"Kuzeyin Sesi\" \/>\n<meta name=\"twitter:card\" content=\"summary_large_image\" \/>\n<meta name=\"twitter:creator\" content=\"@kuzeyinsesii\" \/>\n<meta name=\"twitter:site\" content=\"@kuzeyinsesii\" \/>\n<meta name=\"twitter:label1\" content=\"Yazan:\" \/>\n\t<meta name=\"twitter:data1\" content=\"Kuzeyin Sesi\" \/>\n\t<meta name=\"twitter:label2\" content=\"Tahmini okuma s\u00fcresi\" \/>\n\t<meta name=\"twitter:data2\" content=\"1 dakika\" \/>\n<script type=\"application\/ld+json\" class=\"yoast-schema-graph\">{\"@context\":\"https:\\\/\\\/schema.org\",\"@graph\":[{\"@type\":\"Article\",\"@id\":\"https:\\\/\\\/kuzeyinsesi.org\\\/index.php\\\/2024\\\/10\\\/15\\\/makamer-kadinlar-korosu-kapadokyada-sahne-aldi\\\/#article\",\"isPartOf\":{\"@id\":\"https:\\\/\\\/kuzeyinsesi.org\\\/index.php\\\/2024\\\/10\\\/15\\\/makamer-kadinlar-korosu-kapadokyada-sahne-aldi\\\/\"},\"author\":{\"name\":\"Kuzeyin Sesi\",\"@id\":\"https:\\\/\\\/kuzeyinsesi.org\\\/#\\\/schema\\\/person\\\/9f859689cdf01485597712386e37f5aa\"},\"headline\":\"MAKAMER Kad\u0131nlar Korosu Kapadokya\u2019da sahne ald\u0131\",\"datePublished\":\"2024-10-15T19:29:18+00:00\",\"mainEntityOfPage\":{\"@id\":\"https:\\\/\\\/kuzeyinsesi.org\\\/index.php\\\/2024\\\/10\\\/15\\\/makamer-kadinlar-korosu-kapadokyada-sahne-aldi\\\/\"},\"wordCount\":145,\"commentCount\":0,\"image\":{\"@id\":\"https:\\\/\\\/kuzeyinsesi.org\\\/index.php\\\/2024\\\/10\\\/15\\\/makamer-kadinlar-korosu-kapadokyada-sahne-aldi\\\/#primaryimage\"},\"thumbnailUrl\":\"https:\\\/\\\/kuzeyinsesi.org\\\/wp-content\\\/uploads\\\/2024\\\/10\\\/v2yeniproje58_1728993459.webp.webp\",\"articleSection\":[\"Ya\u015fam\"],\"inLanguage\":\"tr\",\"potentialAction\":[{\"@type\":\"CommentAction\",\"name\":\"Comment\",\"target\":[\"https:\\\/\\\/kuzeyinsesi.org\\\/index.php\\\/2024\\\/10\\\/15\\\/makamer-kadinlar-korosu-kapadokyada-sahne-aldi\\\/#respond\"]}]},{\"@type\":\"WebPage\",\"@id\":\"https:\\\/\\\/kuzeyinsesi.org\\\/index.php\\\/2024\\\/10\\\/15\\\/makamer-kadinlar-korosu-kapadokyada-sahne-aldi\\\/\",\"url\":\"https:\\\/\\\/kuzeyinsesi.org\\\/index.php\\\/2024\\\/10\\\/15\\\/makamer-kadinlar-korosu-kapadokyada-sahne-aldi\\\/\",\"name\":\"MAKAMER Kad\u0131nlar Korosu Kapadokya\u2019da sahne ald\u0131 - Kuzeyin Sesi\",\"isPartOf\":{\"@id\":\"https:\\\/\\\/kuzeyinsesi.org\\\/#website\"},\"primaryImageOfPage\":{\"@id\":\"https:\\\/\\\/kuzeyinsesi.org\\\/index.php\\\/2024\\\/10\\\/15\\\/makamer-kadinlar-korosu-kapadokyada-sahne-aldi\\\/#primaryimage\"},\"image\":{\"@id\":\"https:\\\/\\\/kuzeyinsesi.org\\\/index.php\\\/2024\\\/10\\\/15\\\/makamer-kadinlar-korosu-kapadokyada-sahne-aldi\\\/#primaryimage\"},\"thumbnailUrl\":\"https:\\\/\\\/kuzeyinsesi.org\\\/wp-content\\\/uploads\\\/2024\\\/10\\\/v2yeniproje58_1728993459.webp.webp\",\"datePublished\":\"2024-10-15T19:29:18+00:00\",\"author\":{\"@id\":\"https:\\\/\\\/kuzeyinsesi.org\\\/#\\\/schema\\\/person\\\/9f859689cdf01485597712386e37f5aa\"},\"breadcrumb\":{\"@id\":\"https:\\\/\\\/kuzeyinsesi.org\\\/index.php\\\/2024\\\/10\\\/15\\\/makamer-kadinlar-korosu-kapadokyada-sahne-aldi\\\/#breadcrumb\"},\"inLanguage\":\"tr\",\"potentialAction\":[{\"@type\":\"ReadAction\",\"target\":[\"https:\\\/\\\/kuzeyinsesi.org\\\/index.php\\\/2024\\\/10\\\/15\\\/makamer-kadinlar-korosu-kapadokyada-sahne-aldi\\\/\"]}]},{\"@type\":\"ImageObject\",\"inLanguage\":\"tr\",\"@id\":\"https:\\\/\\\/kuzeyinsesi.org\\\/index.php\\\/2024\\\/10\\\/15\\\/makamer-kadinlar-korosu-kapadokyada-sahne-aldi\\\/#primaryimage\",\"url\":\"https:\\\/\\\/kuzeyinsesi.org\\\/wp-content\\\/uploads\\\/2024\\\/10\\\/v2yeniproje58_1728993459.webp.webp\",\"contentUrl\":\"https:\\\/\\\/kuzeyinsesi.org\\\/wp-content\\\/uploads\\\/2024\\\/10\\\/v2yeniproje58_1728993459.webp.webp\",\"width\":971,\"height\":551},{\"@type\":\"BreadcrumbList\",\"@id\":\"https:\\\/\\\/kuzeyinsesi.org\\\/index.php\\\/2024\\\/10\\\/15\\\/makamer-kadinlar-korosu-kapadokyada-sahne-aldi\\\/#breadcrumb\",\"itemListElement\":[{\"@type\":\"ListItem\",\"position\":1,\"name\":\"Anasayfa\",\"item\":\"https:\\\/\\\/kuzeyinsesi.org\\\/\"},{\"@type\":\"ListItem\",\"position\":2,\"name\":\"MAKAMER Kad\u0131nlar Korosu Kapadokya\u2019da sahne ald\u0131\"}]},{\"@type\":\"WebSite\",\"@id\":\"https:\\\/\\\/kuzeyinsesi.org\\\/#website\",\"url\":\"https:\\\/\\\/kuzeyinsesi.org\\\/\",\"name\":\"Kuzeyin Sesi\",\"description\":\"Do\u011fru Haberin Adresi\",\"potentialAction\":[{\"@type\":\"SearchAction\",\"target\":{\"@type\":\"EntryPoint\",\"urlTemplate\":\"https:\\\/\\\/kuzeyinsesi.org\\\/?s={search_term_string}\"},\"query-input\":{\"@type\":\"PropertyValueSpecification\",\"valueRequired\":true,\"valueName\":\"search_term_string\"}}],\"inLanguage\":\"tr\"},{\"@type\":\"Person\",\"@id\":\"https:\\\/\\\/kuzeyinsesi.org\\\/#\\\/schema\\\/person\\\/9f859689cdf01485597712386e37f5aa\",\"name\":\"Kuzeyin Sesi\",\"image\":{\"@type\":\"ImageObject\",\"inLanguage\":\"tr\",\"@id\":\"https:\\\/\\\/secure.gravatar.com\\\/avatar\\\/bab33852abfd8b282518d6ed81826833d77c3c882d9ab608add591ccace47a44?s=96&d=mm&r=g\",\"url\":\"https:\\\/\\\/secure.gravatar.com\\\/avatar\\\/bab33852abfd8b282518d6ed81826833d77c3c882d9ab608add591ccace47a44?s=96&d=mm&r=g\",\"contentUrl\":\"https:\\\/\\\/secure.gravatar.com\\\/avatar\\\/bab33852abfd8b282518d6ed81826833d77c3c882d9ab608add591ccace47a44?s=96&d=mm&r=g\",\"caption\":\"Kuzeyin Sesi\"},\"sameAs\":[\"https:\\\/\\\/kuzeyinsesi.org\"],\"url\":\"https:\\\/\\\/kuzeyinsesi.org\\\/index.php\\\/author\\\/guven\\\/\"}]}<\/script>\n<!-- \/ Yoast SEO plugin. -->","yoast_head_json":{"title":"MAKAMER Kad\u0131nlar Korosu Kapadokya\u2019da sahne ald\u0131 - Kuzeyin Sesi","robots":{"index":"index","follow":"follow","max-snippet":"max-snippet:-1","max-image-preview":"max-image-preview:large","max-video-preview":"max-video-preview:-1"},"canonical":"https:\/\/kuzeyinsesi.org\/index.php\/2024\/10\/15\/makamer-kadinlar-korosu-kapadokyada-sahne-aldi\/","og_locale":"tr_TR","og_type":"article","og_title":"MAKAMER Kad\u0131nlar Korosu Kapadokya\u2019da sahne ald\u0131 - Kuzeyin Sesi","og_description":"Ma\u011fusa Kad\u0131n Merkezi Derne\u011fi (MAKAMER) b\u00fcnyesindeki Seslerin \u00d6zg\u00fcrl\u00fc\u011f\u00fc Kad\u0131nlar Korosu, 9-13 Ekim tarihlerinde Kapadokya\u2019da d\u00fczenlenen 7. Uluslararas\u0131 T\u00fcrk M\u00fczi\u011fi Festivali\u2019nde sahne ald\u0131. MAKAMER\u2019den yap\u0131lan a\u00e7\u0131klamaya g\u00f6re, koro \u015fark\u0131lar\u0131n\u0131 kad\u0131na y\u00f6nelik \u015fiddete kar\u015f\u0131 fark\u0131ndal\u0131k yaratmak amac\u0131yla s\u00f6yledi. Koro, Vicdan Onurver\u2019in besteledi\u011fi \u201cDurdurun\u201d adl\u0131 \u015fark\u0131yla kad\u0131na y\u00f6nelik \u015fiddet temas\u0131n\u0131 i\u015flerken, Ad\u0131yaman \u0130sias Otel facias\u0131nda hayat\u0131n\u0131 kaybeden \u015eampiyon [&hellip;]","og_url":"https:\/\/kuzeyinsesi.org\/index.php\/2024\/10\/15\/makamer-kadinlar-korosu-kapadokyada-sahne-aldi\/","og_site_name":"Kuzeyin Sesi","article_publisher":"https:\/\/www.facebook.com\/kuzeyinsesii","article_published_time":"2024-10-15T19:29:18+00:00","og_image":[{"url":"https:\/\/brtk.net\/wp-content\/uploads\/2024\/10\/15\/v2yeniproje58_1728993459.webp?ver=91a0b9f06be4eecb18182f3edede2777","type":"","width":"","height":""}],"author":"Kuzeyin Sesi","twitter_card":"summary_large_image","twitter_creator":"@kuzeyinsesii","twitter_site":"@kuzeyinsesii","twitter_misc":{"Yazan:":"Kuzeyin Sesi","Tahmini okuma s\u00fcresi":"1 dakika"},"schema":{"@context":"https:\/\/schema.org","@graph":[{"@type":"Article","@id":"https:\/\/kuzeyinsesi.org\/index.php\/2024\/10\/15\/makamer-kadinlar-korosu-kapadokyada-sahne-aldi\/#article","isPartOf":{"@id":"https:\/\/kuzeyinsesi.org\/index.php\/2024\/10\/15\/makamer-kadinlar-korosu-kapadokyada-sahne-aldi\/"},"author":{"name":"Kuzeyin Sesi","@id":"https:\/\/kuzeyinsesi.org\/#\/schema\/person\/9f859689cdf01485597712386e37f5aa"},"headline":"MAKAMER Kad\u0131nlar Korosu Kapadokya\u2019da sahne ald\u0131","datePublished":"2024-10-15T19:29:18+00:00","mainEntityOfPage":{"@id":"https:\/\/kuzeyinsesi.org\/index.php\/2024\/10\/15\/makamer-kadinlar-korosu-kapadokyada-sahne-aldi\/"},"wordCount":145,"commentCount":0,"image":{"@id":"https:\/\/kuzeyinsesi.org\/index.php\/2024\/10\/15\/makamer-kadinlar-korosu-kapadokyada-sahne-aldi\/#primaryimage"},"thumbnailUrl":"https:\/\/kuzeyinsesi.org\/wp-content\/uploads\/2024\/10\/v2yeniproje58_1728993459.webp.webp","articleSection":["Ya\u015fam"],"inLanguage":"tr","potentialAction":[{"@type":"CommentAction","name":"Comment","target":["https:\/\/kuzeyinsesi.org\/index.php\/2024\/10\/15\/makamer-kadinlar-korosu-kapadokyada-sahne-aldi\/#respond"]}]},{"@type":"WebPage","@id":"https:\/\/kuzeyinsesi.org\/index.php\/2024\/10\/15\/makamer-kadinlar-korosu-kapadokyada-sahne-aldi\/","url":"https:\/\/kuzeyinsesi.org\/index.php\/2024\/10\/15\/makamer-kadinlar-korosu-kapadokyada-sahne-aldi\/","name":"MAKAMER Kad\u0131nlar Korosu Kapadokya\u2019da sahne ald\u0131 - Kuzeyin Sesi","isPartOf":{"@id":"https:\/\/kuzeyinsesi.org\/#website"},"primaryImageOfPage":{"@id":"https:\/\/kuzeyinsesi.org\/index.php\/2024\/10\/15\/makamer-kadinlar-korosu-kapadokyada-sahne-aldi\/#primaryimage"},"image":{"@id":"https:\/\/kuzeyinsesi.org\/index.php\/2024\/10\/15\/makamer-kadinlar-korosu-kapadokyada-sahne-aldi\/#primaryimage"},"thumbnailUrl":"https:\/\/kuzeyinsesi.org\/wp-content\/uploads\/2024\/10\/v2yeniproje58_1728993459.webp.webp","datePublished":"2024-10-15T19:29:18+00:00","author":{"@id":"https:\/\/kuzeyinsesi.org\/#\/schema\/person\/9f859689cdf01485597712386e37f5aa"},"breadcrumb":{"@id":"https:\/\/kuzeyinsesi.org\/index.php\/2024\/10\/15\/makamer-kadinlar-korosu-kapadokyada-sahne-aldi\/#breadcrumb"},"inLanguage":"tr","potentialAction":[{"@type":"ReadAction","target":["https:\/\/kuzeyinsesi.org\/index.php\/2024\/10\/15\/makamer-kadinlar-korosu-kapadokyada-sahne-aldi\/"]}]},{"@type":"ImageObject","inLanguage":"tr","@id":"https:\/\/kuzeyinsesi.org\/index.php\/2024\/10\/15\/makamer-kadinlar-korosu-kapadokyada-sahne-aldi\/#primaryimage","url":"https:\/\/kuzeyinsesi.org\/wp-content\/uploads\/2024\/10\/v2yeniproje58_1728993459.webp.webp","contentUrl":"https:\/\/kuzeyinsesi.org\/wp-content\/uploads\/2024\/10\/v2yeniproje58_1728993459.webp.webp","width":971,"height":551},{"@type":"BreadcrumbList","@id":"https:\/\/kuzeyinsesi.org\/index.php\/2024\/10\/15\/makamer-kadinlar-korosu-kapadokyada-sahne-aldi\/#breadcrumb","itemListElement":[{"@type":"ListItem","position":1,"name":"Anasayfa","item":"https:\/\/kuzeyinsesi.org\/"},{"@type":"ListItem","position":2,"name":"MAKAMER Kad\u0131nlar Korosu Kapadokya\u2019da sahne ald\u0131"}]},{"@type":"WebSite","@id":"https:\/\/kuzeyinsesi.org\/#website","url":"https:\/\/kuzeyinsesi.org\/","name":"Kuzeyin Sesi","description":"Do\u011fru Haberin Adresi","potentialAction":[{"@type":"SearchAction","target":{"@type":"EntryPoint","urlTemplate":"https:\/\/kuzeyinsesi.org\/?s={search_term_string}"},"query-input":{"@type":"PropertyValueSpecification","valueRequired":true,"valueName":"search_term_string"}}],"inLanguage":"tr"},{"@type":"Person","@id":"https:\/\/kuzeyinsesi.org\/#\/schema\/person\/9f859689cdf01485597712386e37f5aa","name":"Kuzeyin Sesi","image":{"@type":"ImageObject","inLanguage":"tr","@id":"https:\/\/secure.gravatar.com\/avatar\/bab33852abfd8b282518d6ed81826833d77c3c882d9ab608add591ccace47a44?s=96&d=mm&r=g","url":"https:\/\/secure.gravatar.com\/avatar\/bab33852abfd8b282518d6ed81826833d77c3c882d9ab608add591ccace47a44?s=96&d=mm&r=g","contentUrl":"https:\/\/secure.gravatar.com\/avatar\/bab33852abfd8b282518d6ed81826833d77c3c882d9ab608add591ccace47a44?s=96&d=mm&r=g","caption":"Kuzeyin Sesi"},"sameAs":["https:\/\/kuzeyinsesi.org"],"url":"https:\/\/kuzeyinsesi.org\/index.php\/author\/guven\/"}]}},"_links":{"self":[{"href":"https:\/\/kuzeyinsesi.org\/index.php\/wp-json\/wp\/v2\/posts\/11635","targetHints":{"allow":["GET"]}}],"collection":[{"href":"https:\/\/kuzeyinsesi.org\/index.php\/wp-json\/wp\/v2\/posts"}],"about":[{"href":"https:\/\/kuzeyinsesi.org\/index.php\/wp-json\/wp\/v2\/types\/post"}],"author":[{"embeddable":true,"href":"https:\/\/kuzeyinsesi.org\/index.php\/wp-json\/wp\/v2\/users\/1"}],"replies":[{"embeddable":true,"href":"https:\/\/kuzeyinsesi.org\/index.php\/wp-json\/wp\/v2\/comments?post=11635"}],"version-history":[{"count":0,"href":"https:\/\/kuzeyinsesi.org\/index.php\/wp-json\/wp\/v2\/posts\/11635\/revisions"}],"wp:featuredmedia":[{"embeddable":true,"href":"https:\/\/kuzeyinsesi.org\/index.php\/wp-json\/wp\/v2\/media\/11636"}],"wp:attachment":[{"href":"https:\/\/kuzeyinsesi.org\/index.php\/wp-json\/wp\/v2\/media?parent=11635"}],"wp:term":[{"taxonomy":"category","embeddable":true,"href":"https:\/\/kuzeyinsesi.org\/index.php\/wp-json\/wp\/v2\/categories?post=11635"},{"taxonomy":"post_tag","embeddable":true,"href":"https:\/\/kuzeyinsesi.org\/index.php\/wp-json\/wp\/v2\/tags?post=11635"}],"curies":[{"name":"wp","href":"https:\/\/api.w.org\/{rel}","templated":true}]}}