{"id":11608,"date":"2024-10-15T18:17:12","date_gmt":"2024-10-15T15:17:12","guid":{"rendered":"https:\/\/kuzeyinsesi.org\/index.php\/2024\/10\/15\/2-sualti-goruntu-avciligi-juri-degerlendirmesi-tamamlandi\/"},"modified":"2024-10-15T18:17:12","modified_gmt":"2024-10-15T15:17:12","slug":"2-sualti-goruntu-avciligi-juri-degerlendirmesi-tamamlandi","status":"publish","type":"post","link":"https:\/\/kuzeyinsesi.org\/index.php\/2024\/10\/15\/2-sualti-goruntu-avciligi-juri-degerlendirmesi-tamamlandi\/","title":{"rendered":"2. Sualt\u0131 G\u00f6r\u00fcnt\u00fc Avc\u0131l\u0131\u011f\u0131 J\u00fcri de\u011ferlendirmesi tamamland\u0131"},"content":{"rendered":"<div>\n<div class=\"mariselle-image-container center\">\n                                            <\/div>\n<p>\u201cGirne Ark\u0131n Grup Fest 24\u2019\u201d kapsam\u0131nda yer alan 2. Uluslararas\u0131 Sualt\u0131 G\u00f6r\u00fcnt\u00fc Avc\u0131l\u0131\u011f\u0131 Foto\u011fraf Yar\u0131\u015fmas\u0131na kat\u0131lan foto\u011fraflar i\u00e7in de\u011ferlendirme yap\u0131ld\u0131.<\/p>\n<p>Girne Belediyesi\u2019nden verilen bilgiye g\u00f6re, 10 Ekim\u2019deki j\u00fcri toplant\u0131s\u0131nda, iki farkl\u0131 kategoride (macro ve geni\u015f a\u00e7\u0131) yap\u0131lan de\u011ferlendirme, Girne Belediyesi Sosyal Ya\u015fam Merkezi\u2019nde yap\u0131ld\u0131.<\/p>\n<p>Yar\u0131\u015fman\u0131n de\u011ferlendirme kurulunda Yrd. Do\u00e7. Dr. \u0130smail G\u00f6k\u00e7e, Hakan Onurlu, Erol Uysal, \u0130smail K\u0131rm\u0131z\u0131, Tar\u0131k \u0130zbul, Buket \u00d6zatay ve Kadri Ate\u015f Evirgen yer ald\u0131.<\/p>\n<p>5 Ekim Cumartesi g\u00fcn\u00fc, Kervansaray Halk Plaj\u0131, Escape Plaj\u0131 ve Camelot Plaj\u0131 olarak \u00fc\u00e7 farkl\u0131 noktadan start veren yar\u0131\u015fma; 4 dal\u0131\u015f merkezinin (Amphora Dive Center, Dive Shack, Scuba Cyprus ve Deep Penetration) katk\u0131lar\u0131 ile<\/p>\n<p>Zephyros kayal\u0131\u011f\u0131nda hayat bulmu\u015ftu.<\/p>\n<p><strong>-Foto\u011fraflar Girne Belediyesi yeni hizmet binas\u0131nda sergilenecek<\/strong><\/p>\n<p>2. Sualt\u0131 G\u00f6r\u00fcnt\u00fc Avc\u0131l\u0131\u011f\u0131 yar\u0131\u015fmas\u0131 \u00f6d\u00fcl t\u00f6reni 25 Ekim Cuma ak\u015fam\u0131 saat 19.00\u2019da Girne Belediyesi Oda Tiyatrosu\u2019nda yap\u0131lacak.<\/p>\n<p>28 Ekim Pazartesi g\u00fcn\u00fc itibar\u0131yla foto\u011fraflar, bir hafta s\u00fcreyle mesai saatlerinde Girne Belediyesi Yeni Hizmet Binas\u0131\u2019nda g\u00f6r\u00fclebilecek.<\/p>\n<\/p><\/div>\n<p><script async\n                    defer\n                    crossorigin=\"anonymous\"\n                    src=\"https:\/\/connect.facebook.net\/tr_TR\/sdk.js#xfbml=1&#038;version=v3.3\"\n            ><\/script><\/p>\n","protected":false},"excerpt":{"rendered":"<p>\u201cGirne Ark\u0131n Grup Fest 24\u2019\u201d kapsam\u0131nda yer alan 2. Uluslararas\u0131 Sualt\u0131 G\u00f6r\u00fcnt\u00fc Avc\u0131l\u0131\u011f\u0131 Foto\u011fraf Yar\u0131\u015fmas\u0131na kat\u0131lan foto\u011fraflar i\u00e7in de\u011ferlendirme yap\u0131ld\u0131. Girne Belediyesi\u2019nden verilen bilgiye g\u00f6re, 10 Ekim\u2019deki j\u00fcri toplant\u0131s\u0131nda, iki farkl\u0131 kategoride (macro ve geni\u015f a\u00e7\u0131) yap\u0131lan de\u011ferlendirme, Girne Belediyesi Sosyal Ya\u015fam Merkezi\u2019nde yap\u0131ld\u0131. Yar\u0131\u015fman\u0131n de\u011ferlendirme kurulunda Yrd. Do\u00e7. Dr. \u0130smail G\u00f6k\u00e7e, Hakan Onurlu, Erol [&hellip;]<\/p>\n","protected":false},"author":1,"featured_media":11609,"comment_status":"open","ping_status":"open","sticky":false,"template":"","format":"standard","meta":{"jnews-multi-image_gallery":[],"jnews_single_post":[],"jnews_primary_category":[],"jnews_social_meta":[],"jnews_override_counter":[],"footnotes":""},"categories":[6],"tags":[],"class_list":["post-11608","post","type-post","status-publish","format-standard","has-post-thumbnail","hentry","category-yasam"],"yoast_head":"<!-- This site is optimized with the Yoast SEO plugin v27.4 - https:\/\/yoast.com\/product\/yoast-seo-wordpress\/ -->\n<title>2. Sualt\u0131 G\u00f6r\u00fcnt\u00fc Avc\u0131l\u0131\u011f\u0131 J\u00fcri de\u011ferlendirmesi tamamland\u0131 - Kuzeyin Sesi<\/title>\n<meta name=\"robots\" content=\"index, follow, max-snippet:-1, max-image-preview:large, max-video-preview:-1\" \/>\n<link rel=\"canonical\" href=\"https:\/\/kuzeyinsesi.org\/index.php\/2024\/10\/15\/2-sualti-goruntu-avciligi-juri-degerlendirmesi-tamamlandi\/\" \/>\n<meta property=\"og:locale\" content=\"tr_TR\" \/>\n<meta property=\"og:type\" content=\"article\" \/>\n<meta property=\"og:title\" content=\"2. Sualt\u0131 G\u00f6r\u00fcnt\u00fc Avc\u0131l\u0131\u011f\u0131 J\u00fcri de\u011ferlendirmesi tamamland\u0131 - Kuzeyin Sesi\" \/>\n<meta property=\"og:description\" content=\"\u201cGirne Ark\u0131n Grup Fest 24\u2019\u201d kapsam\u0131nda yer alan 2. Uluslararas\u0131 Sualt\u0131 G\u00f6r\u00fcnt\u00fc Avc\u0131l\u0131\u011f\u0131 Foto\u011fraf Yar\u0131\u015fmas\u0131na kat\u0131lan foto\u011fraflar i\u00e7in de\u011ferlendirme yap\u0131ld\u0131. Girne Belediyesi\u2019nden verilen bilgiye g\u00f6re, 10 Ekim\u2019deki j\u00fcri toplant\u0131s\u0131nda, iki farkl\u0131 kategoride (macro ve geni\u015f a\u00e7\u0131) yap\u0131lan de\u011ferlendirme, Girne Belediyesi Sosyal Ya\u015fam Merkezi\u2019nde yap\u0131ld\u0131. Yar\u0131\u015fman\u0131n de\u011ferlendirme kurulunda Yrd. Do\u00e7. Dr. \u0130smail G\u00f6k\u00e7e, Hakan Onurlu, Erol [&hellip;]\" \/>\n<meta property=\"og:url\" content=\"https:\/\/kuzeyinsesi.org\/index.php\/2024\/10\/15\/2-sualti-goruntu-avciligi-juri-degerlendirmesi-tamamlandi\/\" \/>\n<meta property=\"og:site_name\" content=\"Kuzeyin Sesi\" \/>\n<meta property=\"article:publisher\" content=\"https:\/\/www.facebook.com\/kuzeyinsesii\" \/>\n<meta property=\"article:published_time\" content=\"2024-10-15T15:17:12+00:00\" \/>\n<meta property=\"og:image\" content=\"https:\/\/brtk.net\/wp-content\/uploads\/2024\/10\/15\/DQADAA-scaled.jpg?ver=339c4aded6be254258285bf60fb0b13a\" \/>\n<meta name=\"author\" content=\"Kuzeyin Sesi\" \/>\n<meta name=\"twitter:card\" content=\"summary_large_image\" \/>\n<meta name=\"twitter:creator\" content=\"@kuzeyinsesii\" \/>\n<meta name=\"twitter:site\" content=\"@kuzeyinsesii\" \/>\n<meta name=\"twitter:label1\" content=\"Yazan:\" \/>\n\t<meta name=\"twitter:data1\" content=\"Kuzeyin Sesi\" \/>\n\t<meta name=\"twitter:label2\" content=\"Tahmini okuma s\u00fcresi\" \/>\n\t<meta name=\"twitter:data2\" content=\"1 dakika\" \/>\n<script type=\"application\/ld+json\" class=\"yoast-schema-graph\">{\"@context\":\"https:\\\/\\\/schema.org\",\"@graph\":[{\"@type\":\"Article\",\"@id\":\"https:\\\/\\\/kuzeyinsesi.org\\\/index.php\\\/2024\\\/10\\\/15\\\/2-sualti-goruntu-avciligi-juri-degerlendirmesi-tamamlandi\\\/#article\",\"isPartOf\":{\"@id\":\"https:\\\/\\\/kuzeyinsesi.org\\\/index.php\\\/2024\\\/10\\\/15\\\/2-sualti-goruntu-avciligi-juri-degerlendirmesi-tamamlandi\\\/\"},\"author\":{\"name\":\"Kuzeyin Sesi\",\"@id\":\"https:\\\/\\\/kuzeyinsesi.org\\\/#\\\/schema\\\/person\\\/9f859689cdf01485597712386e37f5aa\"},\"headline\":\"2. Sualt\u0131 G\u00f6r\u00fcnt\u00fc Avc\u0131l\u0131\u011f\u0131 J\u00fcri de\u011ferlendirmesi tamamland\u0131\",\"datePublished\":\"2024-10-15T15:17:12+00:00\",\"mainEntityOfPage\":{\"@id\":\"https:\\\/\\\/kuzeyinsesi.org\\\/index.php\\\/2024\\\/10\\\/15\\\/2-sualti-goruntu-avciligi-juri-degerlendirmesi-tamamlandi\\\/\"},\"wordCount\":205,\"commentCount\":0,\"image\":{\"@id\":\"https:\\\/\\\/kuzeyinsesi.org\\\/index.php\\\/2024\\\/10\\\/15\\\/2-sualti-goruntu-avciligi-juri-degerlendirmesi-tamamlandi\\\/#primaryimage\"},\"thumbnailUrl\":\"https:\\\/\\\/kuzeyinsesi.org\\\/wp-content\\\/uploads\\\/2024\\\/10\\\/DQADAA-scaled.jpg\",\"articleSection\":[\"Ya\u015fam\"],\"inLanguage\":\"tr\",\"potentialAction\":[{\"@type\":\"CommentAction\",\"name\":\"Comment\",\"target\":[\"https:\\\/\\\/kuzeyinsesi.org\\\/index.php\\\/2024\\\/10\\\/15\\\/2-sualti-goruntu-avciligi-juri-degerlendirmesi-tamamlandi\\\/#respond\"]}]},{\"@type\":\"WebPage\",\"@id\":\"https:\\\/\\\/kuzeyinsesi.org\\\/index.php\\\/2024\\\/10\\\/15\\\/2-sualti-goruntu-avciligi-juri-degerlendirmesi-tamamlandi\\\/\",\"url\":\"https:\\\/\\\/kuzeyinsesi.org\\\/index.php\\\/2024\\\/10\\\/15\\\/2-sualti-goruntu-avciligi-juri-degerlendirmesi-tamamlandi\\\/\",\"name\":\"2. Sualt\u0131 G\u00f6r\u00fcnt\u00fc Avc\u0131l\u0131\u011f\u0131 J\u00fcri de\u011ferlendirmesi tamamland\u0131 - Kuzeyin Sesi\",\"isPartOf\":{\"@id\":\"https:\\\/\\\/kuzeyinsesi.org\\\/#website\"},\"primaryImageOfPage\":{\"@id\":\"https:\\\/\\\/kuzeyinsesi.org\\\/index.php\\\/2024\\\/10\\\/15\\\/2-sualti-goruntu-avciligi-juri-degerlendirmesi-tamamlandi\\\/#primaryimage\"},\"image\":{\"@id\":\"https:\\\/\\\/kuzeyinsesi.org\\\/index.php\\\/2024\\\/10\\\/15\\\/2-sualti-goruntu-avciligi-juri-degerlendirmesi-tamamlandi\\\/#primaryimage\"},\"thumbnailUrl\":\"https:\\\/\\\/kuzeyinsesi.org\\\/wp-content\\\/uploads\\\/2024\\\/10\\\/DQADAA-scaled.jpg\",\"datePublished\":\"2024-10-15T15:17:12+00:00\",\"author\":{\"@id\":\"https:\\\/\\\/kuzeyinsesi.org\\\/#\\\/schema\\\/person\\\/9f859689cdf01485597712386e37f5aa\"},\"breadcrumb\":{\"@id\":\"https:\\\/\\\/kuzeyinsesi.org\\\/index.php\\\/2024\\\/10\\\/15\\\/2-sualti-goruntu-avciligi-juri-degerlendirmesi-tamamlandi\\\/#breadcrumb\"},\"inLanguage\":\"tr\",\"potentialAction\":[{\"@type\":\"ReadAction\",\"target\":[\"https:\\\/\\\/kuzeyinsesi.org\\\/index.php\\\/2024\\\/10\\\/15\\\/2-sualti-goruntu-avciligi-juri-degerlendirmesi-tamamlandi\\\/\"]}]},{\"@type\":\"ImageObject\",\"inLanguage\":\"tr\",\"@id\":\"https:\\\/\\\/kuzeyinsesi.org\\\/index.php\\\/2024\\\/10\\\/15\\\/2-sualti-goruntu-avciligi-juri-degerlendirmesi-tamamlandi\\\/#primaryimage\",\"url\":\"https:\\\/\\\/kuzeyinsesi.org\\\/wp-content\\\/uploads\\\/2024\\\/10\\\/DQADAA-scaled.jpg\",\"contentUrl\":\"https:\\\/\\\/kuzeyinsesi.org\\\/wp-content\\\/uploads\\\/2024\\\/10\\\/DQADAA-scaled.jpg\",\"width\":2560,\"height\":1920},{\"@type\":\"BreadcrumbList\",\"@id\":\"https:\\\/\\\/kuzeyinsesi.org\\\/index.php\\\/2024\\\/10\\\/15\\\/2-sualti-goruntu-avciligi-juri-degerlendirmesi-tamamlandi\\\/#breadcrumb\",\"itemListElement\":[{\"@type\":\"ListItem\",\"position\":1,\"name\":\"Anasayfa\",\"item\":\"https:\\\/\\\/kuzeyinsesi.org\\\/\"},{\"@type\":\"ListItem\",\"position\":2,\"name\":\"2. Sualt\u0131 G\u00f6r\u00fcnt\u00fc Avc\u0131l\u0131\u011f\u0131 J\u00fcri de\u011ferlendirmesi tamamland\u0131\"}]},{\"@type\":\"WebSite\",\"@id\":\"https:\\\/\\\/kuzeyinsesi.org\\\/#website\",\"url\":\"https:\\\/\\\/kuzeyinsesi.org\\\/\",\"name\":\"Kuzeyin Sesi\",\"description\":\"Do\u011fru Haberin Adresi\",\"potentialAction\":[{\"@type\":\"SearchAction\",\"target\":{\"@type\":\"EntryPoint\",\"urlTemplate\":\"https:\\\/\\\/kuzeyinsesi.org\\\/?s={search_term_string}\"},\"query-input\":{\"@type\":\"PropertyValueSpecification\",\"valueRequired\":true,\"valueName\":\"search_term_string\"}}],\"inLanguage\":\"tr\"},{\"@type\":\"Person\",\"@id\":\"https:\\\/\\\/kuzeyinsesi.org\\\/#\\\/schema\\\/person\\\/9f859689cdf01485597712386e37f5aa\",\"name\":\"Kuzeyin Sesi\",\"image\":{\"@type\":\"ImageObject\",\"inLanguage\":\"tr\",\"@id\":\"https:\\\/\\\/secure.gravatar.com\\\/avatar\\\/bab33852abfd8b282518d6ed81826833d77c3c882d9ab608add591ccace47a44?s=96&d=mm&r=g\",\"url\":\"https:\\\/\\\/secure.gravatar.com\\\/avatar\\\/bab33852abfd8b282518d6ed81826833d77c3c882d9ab608add591ccace47a44?s=96&d=mm&r=g\",\"contentUrl\":\"https:\\\/\\\/secure.gravatar.com\\\/avatar\\\/bab33852abfd8b282518d6ed81826833d77c3c882d9ab608add591ccace47a44?s=96&d=mm&r=g\",\"caption\":\"Kuzeyin Sesi\"},\"sameAs\":[\"https:\\\/\\\/kuzeyinsesi.org\"],\"url\":\"https:\\\/\\\/kuzeyinsesi.org\\\/index.php\\\/author\\\/guven\\\/\"}]}<\/script>\n<!-- \/ Yoast SEO plugin. -->","yoast_head_json":{"title":"2. Sualt\u0131 G\u00f6r\u00fcnt\u00fc Avc\u0131l\u0131\u011f\u0131 J\u00fcri de\u011ferlendirmesi tamamland\u0131 - Kuzeyin Sesi","robots":{"index":"index","follow":"follow","max-snippet":"max-snippet:-1","max-image-preview":"max-image-preview:large","max-video-preview":"max-video-preview:-1"},"canonical":"https:\/\/kuzeyinsesi.org\/index.php\/2024\/10\/15\/2-sualti-goruntu-avciligi-juri-degerlendirmesi-tamamlandi\/","og_locale":"tr_TR","og_type":"article","og_title":"2. Sualt\u0131 G\u00f6r\u00fcnt\u00fc Avc\u0131l\u0131\u011f\u0131 J\u00fcri de\u011ferlendirmesi tamamland\u0131 - Kuzeyin Sesi","og_description":"\u201cGirne Ark\u0131n Grup Fest 24\u2019\u201d kapsam\u0131nda yer alan 2. Uluslararas\u0131 Sualt\u0131 G\u00f6r\u00fcnt\u00fc Avc\u0131l\u0131\u011f\u0131 Foto\u011fraf Yar\u0131\u015fmas\u0131na kat\u0131lan foto\u011fraflar i\u00e7in de\u011ferlendirme yap\u0131ld\u0131. Girne Belediyesi\u2019nden verilen bilgiye g\u00f6re, 10 Ekim\u2019deki j\u00fcri toplant\u0131s\u0131nda, iki farkl\u0131 kategoride (macro ve geni\u015f a\u00e7\u0131) yap\u0131lan de\u011ferlendirme, Girne Belediyesi Sosyal Ya\u015fam Merkezi\u2019nde yap\u0131ld\u0131. Yar\u0131\u015fman\u0131n de\u011ferlendirme kurulunda Yrd. Do\u00e7. Dr. \u0130smail G\u00f6k\u00e7e, Hakan Onurlu, Erol [&hellip;]","og_url":"https:\/\/kuzeyinsesi.org\/index.php\/2024\/10\/15\/2-sualti-goruntu-avciligi-juri-degerlendirmesi-tamamlandi\/","og_site_name":"Kuzeyin Sesi","article_publisher":"https:\/\/www.facebook.com\/kuzeyinsesii","article_published_time":"2024-10-15T15:17:12+00:00","og_image":[{"url":"https:\/\/brtk.net\/wp-content\/uploads\/2024\/10\/15\/DQADAA-scaled.jpg?ver=339c4aded6be254258285bf60fb0b13a","type":"","width":"","height":""}],"author":"Kuzeyin Sesi","twitter_card":"summary_large_image","twitter_creator":"@kuzeyinsesii","twitter_site":"@kuzeyinsesii","twitter_misc":{"Yazan:":"Kuzeyin Sesi","Tahmini okuma s\u00fcresi":"1 dakika"},"schema":{"@context":"https:\/\/schema.org","@graph":[{"@type":"Article","@id":"https:\/\/kuzeyinsesi.org\/index.php\/2024\/10\/15\/2-sualti-goruntu-avciligi-juri-degerlendirmesi-tamamlandi\/#article","isPartOf":{"@id":"https:\/\/kuzeyinsesi.org\/index.php\/2024\/10\/15\/2-sualti-goruntu-avciligi-juri-degerlendirmesi-tamamlandi\/"},"author":{"name":"Kuzeyin Sesi","@id":"https:\/\/kuzeyinsesi.org\/#\/schema\/person\/9f859689cdf01485597712386e37f5aa"},"headline":"2. Sualt\u0131 G\u00f6r\u00fcnt\u00fc Avc\u0131l\u0131\u011f\u0131 J\u00fcri de\u011ferlendirmesi tamamland\u0131","datePublished":"2024-10-15T15:17:12+00:00","mainEntityOfPage":{"@id":"https:\/\/kuzeyinsesi.org\/index.php\/2024\/10\/15\/2-sualti-goruntu-avciligi-juri-degerlendirmesi-tamamlandi\/"},"wordCount":205,"commentCount":0,"image":{"@id":"https:\/\/kuzeyinsesi.org\/index.php\/2024\/10\/15\/2-sualti-goruntu-avciligi-juri-degerlendirmesi-tamamlandi\/#primaryimage"},"thumbnailUrl":"https:\/\/kuzeyinsesi.org\/wp-content\/uploads\/2024\/10\/DQADAA-scaled.jpg","articleSection":["Ya\u015fam"],"inLanguage":"tr","potentialAction":[{"@type":"CommentAction","name":"Comment","target":["https:\/\/kuzeyinsesi.org\/index.php\/2024\/10\/15\/2-sualti-goruntu-avciligi-juri-degerlendirmesi-tamamlandi\/#respond"]}]},{"@type":"WebPage","@id":"https:\/\/kuzeyinsesi.org\/index.php\/2024\/10\/15\/2-sualti-goruntu-avciligi-juri-degerlendirmesi-tamamlandi\/","url":"https:\/\/kuzeyinsesi.org\/index.php\/2024\/10\/15\/2-sualti-goruntu-avciligi-juri-degerlendirmesi-tamamlandi\/","name":"2. Sualt\u0131 G\u00f6r\u00fcnt\u00fc Avc\u0131l\u0131\u011f\u0131 J\u00fcri de\u011ferlendirmesi tamamland\u0131 - Kuzeyin Sesi","isPartOf":{"@id":"https:\/\/kuzeyinsesi.org\/#website"},"primaryImageOfPage":{"@id":"https:\/\/kuzeyinsesi.org\/index.php\/2024\/10\/15\/2-sualti-goruntu-avciligi-juri-degerlendirmesi-tamamlandi\/#primaryimage"},"image":{"@id":"https:\/\/kuzeyinsesi.org\/index.php\/2024\/10\/15\/2-sualti-goruntu-avciligi-juri-degerlendirmesi-tamamlandi\/#primaryimage"},"thumbnailUrl":"https:\/\/kuzeyinsesi.org\/wp-content\/uploads\/2024\/10\/DQADAA-scaled.jpg","datePublished":"2024-10-15T15:17:12+00:00","author":{"@id":"https:\/\/kuzeyinsesi.org\/#\/schema\/person\/9f859689cdf01485597712386e37f5aa"},"breadcrumb":{"@id":"https:\/\/kuzeyinsesi.org\/index.php\/2024\/10\/15\/2-sualti-goruntu-avciligi-juri-degerlendirmesi-tamamlandi\/#breadcrumb"},"inLanguage":"tr","potentialAction":[{"@type":"ReadAction","target":["https:\/\/kuzeyinsesi.org\/index.php\/2024\/10\/15\/2-sualti-goruntu-avciligi-juri-degerlendirmesi-tamamlandi\/"]}]},{"@type":"ImageObject","inLanguage":"tr","@id":"https:\/\/kuzeyinsesi.org\/index.php\/2024\/10\/15\/2-sualti-goruntu-avciligi-juri-degerlendirmesi-tamamlandi\/#primaryimage","url":"https:\/\/kuzeyinsesi.org\/wp-content\/uploads\/2024\/10\/DQADAA-scaled.jpg","contentUrl":"https:\/\/kuzeyinsesi.org\/wp-content\/uploads\/2024\/10\/DQADAA-scaled.jpg","width":2560,"height":1920},{"@type":"BreadcrumbList","@id":"https:\/\/kuzeyinsesi.org\/index.php\/2024\/10\/15\/2-sualti-goruntu-avciligi-juri-degerlendirmesi-tamamlandi\/#breadcrumb","itemListElement":[{"@type":"ListItem","position":1,"name":"Anasayfa","item":"https:\/\/kuzeyinsesi.org\/"},{"@type":"ListItem","position":2,"name":"2. Sualt\u0131 G\u00f6r\u00fcnt\u00fc Avc\u0131l\u0131\u011f\u0131 J\u00fcri de\u011ferlendirmesi tamamland\u0131"}]},{"@type":"WebSite","@id":"https:\/\/kuzeyinsesi.org\/#website","url":"https:\/\/kuzeyinsesi.org\/","name":"Kuzeyin Sesi","description":"Do\u011fru Haberin Adresi","potentialAction":[{"@type":"SearchAction","target":{"@type":"EntryPoint","urlTemplate":"https:\/\/kuzeyinsesi.org\/?s={search_term_string}"},"query-input":{"@type":"PropertyValueSpecification","valueRequired":true,"valueName":"search_term_string"}}],"inLanguage":"tr"},{"@type":"Person","@id":"https:\/\/kuzeyinsesi.org\/#\/schema\/person\/9f859689cdf01485597712386e37f5aa","name":"Kuzeyin Sesi","image":{"@type":"ImageObject","inLanguage":"tr","@id":"https:\/\/secure.gravatar.com\/avatar\/bab33852abfd8b282518d6ed81826833d77c3c882d9ab608add591ccace47a44?s=96&d=mm&r=g","url":"https:\/\/secure.gravatar.com\/avatar\/bab33852abfd8b282518d6ed81826833d77c3c882d9ab608add591ccace47a44?s=96&d=mm&r=g","contentUrl":"https:\/\/secure.gravatar.com\/avatar\/bab33852abfd8b282518d6ed81826833d77c3c882d9ab608add591ccace47a44?s=96&d=mm&r=g","caption":"Kuzeyin Sesi"},"sameAs":["https:\/\/kuzeyinsesi.org"],"url":"https:\/\/kuzeyinsesi.org\/index.php\/author\/guven\/"}]}},"_links":{"self":[{"href":"https:\/\/kuzeyinsesi.org\/index.php\/wp-json\/wp\/v2\/posts\/11608","targetHints":{"allow":["GET"]}}],"collection":[{"href":"https:\/\/kuzeyinsesi.org\/index.php\/wp-json\/wp\/v2\/posts"}],"about":[{"href":"https:\/\/kuzeyinsesi.org\/index.php\/wp-json\/wp\/v2\/types\/post"}],"author":[{"embeddable":true,"href":"https:\/\/kuzeyinsesi.org\/index.php\/wp-json\/wp\/v2\/users\/1"}],"replies":[{"embeddable":true,"href":"https:\/\/kuzeyinsesi.org\/index.php\/wp-json\/wp\/v2\/comments?post=11608"}],"version-history":[{"count":0,"href":"https:\/\/kuzeyinsesi.org\/index.php\/wp-json\/wp\/v2\/posts\/11608\/revisions"}],"wp:featuredmedia":[{"embeddable":true,"href":"https:\/\/kuzeyinsesi.org\/index.php\/wp-json\/wp\/v2\/media\/11609"}],"wp:attachment":[{"href":"https:\/\/kuzeyinsesi.org\/index.php\/wp-json\/wp\/v2\/media?parent=11608"}],"wp:term":[{"taxonomy":"category","embeddable":true,"href":"https:\/\/kuzeyinsesi.org\/index.php\/wp-json\/wp\/v2\/categories?post=11608"},{"taxonomy":"post_tag","embeddable":true,"href":"https:\/\/kuzeyinsesi.org\/index.php\/wp-json\/wp\/v2\/tags?post=11608"}],"curies":[{"name":"wp","href":"https:\/\/api.w.org\/{rel}","templated":true}]}}