{"id":11603,"date":"2024-10-15T17:15:12","date_gmt":"2024-10-15T14:15:12","guid":{"rendered":"https:\/\/kuzeyinsesi.org\/index.php\/2024\/10\/15\/kibatek-baskani-metin-turana-guney-koreden-odul\/"},"modified":"2024-10-15T17:15:12","modified_gmt":"2024-10-15T14:15:12","slug":"kibatek-baskani-metin-turana-guney-koreden-odul","status":"publish","type":"post","link":"https:\/\/kuzeyinsesi.org\/index.php\/2024\/10\/15\/kibatek-baskani-metin-turana-guney-koreden-odul\/","title":{"rendered":"KIBATEK Ba\u015fkan\u0131 Metin Turan\u2019a G\u00fcney Kore\u2019den \u00f6d\u00fcl"},"content":{"rendered":"<div>\n<div class=\"mariselle-image-container center\">\n                                            <\/div>\n<p>K\u0131br\u0131s Balkanlar Avrasya T\u00fcrk Edebiyatlar\u0131 Kurumu (KIBATEK) Ba\u015fkan\u0131 Metin Turan, G\u00fcney Kore Changwon KC Uluslararas\u0131 Edebiyat \u00d6d\u00fcl\u00fc\u2019ne lay\u0131k g\u00f6r\u00fcld\u00fc. A\u00e7\u0131klamaya g\u00f6re \u00f6d\u00fcl t\u00f6reni, G\u00fcney Kore\u2019nin Changwon kentindeki Kim Dal Jin Edebiyat M\u00fczesi\u2019nde ger\u00e7ekle\u015fti. Turan\u2019a \u00f6d\u00fcl\u00fc, Belediye Ba\u015fkan\u0131 Nam Pyo Hong taraf\u0131ndan takdim edildi.<\/p>\n<p>J\u00fcrinin, Metin Turan\u2019\u0131 \u201c\u0130nsan\u0131n e\u015fsiz ruhuna olan inanc\u0131 ve bu inanc\u0131 \u015fiir yarat\u0131m\u0131 ile ele\u015ftirisi yoluyla somutla\u015ft\u0131rma yetene\u011fi\u201d nedeniyle bu \u00f6d\u00fcle lay\u0131k g\u00f6rd\u00fc\u011f\u00fc ifade edildi. Turan, 12 Ekim\u2019de  d\u00fczenlenen t\u00f6rende yapt\u0131\u011f\u0131 konu\u015fmada, edebiyat\u0131n insan ruhunu zenginle\u015ftiren bir ara\u00e7 oldu\u011funu vurgulad\u0131.<\/p>\n<\/p><\/div>\n<p><script async\n                    defer\n                    crossorigin=\"anonymous\"\n                    src=\"https:\/\/connect.facebook.net\/tr_TR\/sdk.js#xfbml=1&#038;version=v3.3\"\n            ><\/script><\/p>\n","protected":false},"excerpt":{"rendered":"<p>K\u0131br\u0131s Balkanlar Avrasya T\u00fcrk Edebiyatlar\u0131 Kurumu (KIBATEK) Ba\u015fkan\u0131 Metin Turan, G\u00fcney Kore Changwon KC Uluslararas\u0131 Edebiyat \u00d6d\u00fcl\u00fc\u2019ne lay\u0131k g\u00f6r\u00fcld\u00fc. A\u00e7\u0131klamaya g\u00f6re \u00f6d\u00fcl t\u00f6reni, G\u00fcney Kore\u2019nin Changwon kentindeki Kim Dal Jin Edebiyat M\u00fczesi\u2019nde ger\u00e7ekle\u015fti. Turan\u2019a \u00f6d\u00fcl\u00fc, Belediye Ba\u015fkan\u0131 Nam Pyo Hong taraf\u0131ndan takdim edildi. J\u00fcrinin, Metin Turan\u2019\u0131 \u201c\u0130nsan\u0131n e\u015fsiz ruhuna olan inanc\u0131 ve bu inanc\u0131 \u015fiir [&hellip;]<\/p>\n","protected":false},"author":1,"featured_media":11604,"comment_status":"open","ping_status":"open","sticky":false,"template":"","format":"standard","meta":{"jnews-multi-image_gallery":[],"jnews_single_post":[],"jnews_primary_category":[],"jnews_social_meta":[],"jnews_override_counter":[],"footnotes":""},"categories":[6],"tags":[],"class_list":["post-11603","post","type-post","status-publish","format-standard","has-post-thumbnail","hentry","category-yasam"],"yoast_head":"<!-- This site is optimized with the Yoast SEO plugin v27.4 - https:\/\/yoast.com\/product\/yoast-seo-wordpress\/ -->\n<title>KIBATEK Ba\u015fkan\u0131 Metin Turan\u2019a G\u00fcney Kore\u2019den \u00f6d\u00fcl - Kuzeyin Sesi<\/title>\n<meta name=\"robots\" content=\"index, follow, max-snippet:-1, max-image-preview:large, max-video-preview:-1\" \/>\n<link rel=\"canonical\" href=\"https:\/\/kuzeyinsesi.org\/index.php\/2024\/10\/15\/kibatek-baskani-metin-turana-guney-koreden-odul\/\" \/>\n<meta property=\"og:locale\" content=\"tr_TR\" \/>\n<meta property=\"og:type\" content=\"article\" \/>\n<meta property=\"og:title\" content=\"KIBATEK Ba\u015fkan\u0131 Metin Turan\u2019a G\u00fcney Kore\u2019den \u00f6d\u00fcl - Kuzeyin Sesi\" \/>\n<meta property=\"og:description\" content=\"K\u0131br\u0131s Balkanlar Avrasya T\u00fcrk Edebiyatlar\u0131 Kurumu (KIBATEK) Ba\u015fkan\u0131 Metin Turan, G\u00fcney Kore Changwon KC Uluslararas\u0131 Edebiyat \u00d6d\u00fcl\u00fc\u2019ne lay\u0131k g\u00f6r\u00fcld\u00fc. A\u00e7\u0131klamaya g\u00f6re \u00f6d\u00fcl t\u00f6reni, G\u00fcney Kore\u2019nin Changwon kentindeki Kim Dal Jin Edebiyat M\u00fczesi\u2019nde ger\u00e7ekle\u015fti. Turan\u2019a \u00f6d\u00fcl\u00fc, Belediye Ba\u015fkan\u0131 Nam Pyo Hong taraf\u0131ndan takdim edildi. J\u00fcrinin, Metin Turan\u2019\u0131 \u201c\u0130nsan\u0131n e\u015fsiz ruhuna olan inanc\u0131 ve bu inanc\u0131 \u015fiir [&hellip;]\" \/>\n<meta property=\"og:url\" content=\"https:\/\/kuzeyinsesi.org\/index.php\/2024\/10\/15\/kibatek-baskani-metin-turana-guney-koreden-odul\/\" \/>\n<meta property=\"og:site_name\" content=\"Kuzeyin Sesi\" \/>\n<meta property=\"article:publisher\" content=\"https:\/\/www.facebook.com\/kuzeyinsesii\" \/>\n<meta property=\"article:published_time\" content=\"2024-10-15T14:15:12+00:00\" \/>\n<meta property=\"og:image\" content=\"https:\/\/brtk.net\/wp-content\/uploads\/2024\/10\/15\/q94e8.jpg?ver=a651f50a571b7d4d70173cb0214f437d\" \/>\n<meta name=\"author\" content=\"Kuzeyin Sesi\" \/>\n<meta name=\"twitter:card\" content=\"summary_large_image\" \/>\n<meta name=\"twitter:creator\" content=\"@kuzeyinsesii\" \/>\n<meta name=\"twitter:site\" content=\"@kuzeyinsesii\" \/>\n<meta name=\"twitter:label1\" content=\"Yazan:\" \/>\n\t<meta name=\"twitter:data1\" content=\"Kuzeyin Sesi\" \/>\n\t<meta name=\"twitter:label2\" content=\"Tahmini okuma s\u00fcresi\" \/>\n\t<meta name=\"twitter:data2\" content=\"1 dakika\" \/>\n<script type=\"application\/ld+json\" class=\"yoast-schema-graph\">{\"@context\":\"https:\\\/\\\/schema.org\",\"@graph\":[{\"@type\":\"Article\",\"@id\":\"https:\\\/\\\/kuzeyinsesi.org\\\/index.php\\\/2024\\\/10\\\/15\\\/kibatek-baskani-metin-turana-guney-koreden-odul\\\/#article\",\"isPartOf\":{\"@id\":\"https:\\\/\\\/kuzeyinsesi.org\\\/index.php\\\/2024\\\/10\\\/15\\\/kibatek-baskani-metin-turana-guney-koreden-odul\\\/\"},\"author\":{\"name\":\"Kuzeyin Sesi\",\"@id\":\"https:\\\/\\\/kuzeyinsesi.org\\\/#\\\/schema\\\/person\\\/9f859689cdf01485597712386e37f5aa\"},\"headline\":\"KIBATEK Ba\u015fkan\u0131 Metin Turan\u2019a G\u00fcney Kore\u2019den \u00f6d\u00fcl\",\"datePublished\":\"2024-10-15T14:15:12+00:00\",\"mainEntityOfPage\":{\"@id\":\"https:\\\/\\\/kuzeyinsesi.org\\\/index.php\\\/2024\\\/10\\\/15\\\/kibatek-baskani-metin-turana-guney-koreden-odul\\\/\"},\"wordCount\":136,\"commentCount\":0,\"image\":{\"@id\":\"https:\\\/\\\/kuzeyinsesi.org\\\/index.php\\\/2024\\\/10\\\/15\\\/kibatek-baskani-metin-turana-guney-koreden-odul\\\/#primaryimage\"},\"thumbnailUrl\":\"https:\\\/\\\/kuzeyinsesi.org\\\/wp-content\\\/uploads\\\/2024\\\/10\\\/q94e8.jpg\",\"articleSection\":[\"Ya\u015fam\"],\"inLanguage\":\"tr\",\"potentialAction\":[{\"@type\":\"CommentAction\",\"name\":\"Comment\",\"target\":[\"https:\\\/\\\/kuzeyinsesi.org\\\/index.php\\\/2024\\\/10\\\/15\\\/kibatek-baskani-metin-turana-guney-koreden-odul\\\/#respond\"]}]},{\"@type\":\"WebPage\",\"@id\":\"https:\\\/\\\/kuzeyinsesi.org\\\/index.php\\\/2024\\\/10\\\/15\\\/kibatek-baskani-metin-turana-guney-koreden-odul\\\/\",\"url\":\"https:\\\/\\\/kuzeyinsesi.org\\\/index.php\\\/2024\\\/10\\\/15\\\/kibatek-baskani-metin-turana-guney-koreden-odul\\\/\",\"name\":\"KIBATEK Ba\u015fkan\u0131 Metin Turan\u2019a G\u00fcney Kore\u2019den \u00f6d\u00fcl - Kuzeyin Sesi\",\"isPartOf\":{\"@id\":\"https:\\\/\\\/kuzeyinsesi.org\\\/#website\"},\"primaryImageOfPage\":{\"@id\":\"https:\\\/\\\/kuzeyinsesi.org\\\/index.php\\\/2024\\\/10\\\/15\\\/kibatek-baskani-metin-turana-guney-koreden-odul\\\/#primaryimage\"},\"image\":{\"@id\":\"https:\\\/\\\/kuzeyinsesi.org\\\/index.php\\\/2024\\\/10\\\/15\\\/kibatek-baskani-metin-turana-guney-koreden-odul\\\/#primaryimage\"},\"thumbnailUrl\":\"https:\\\/\\\/kuzeyinsesi.org\\\/wp-content\\\/uploads\\\/2024\\\/10\\\/q94e8.jpg\",\"datePublished\":\"2024-10-15T14:15:12+00:00\",\"author\":{\"@id\":\"https:\\\/\\\/kuzeyinsesi.org\\\/#\\\/schema\\\/person\\\/9f859689cdf01485597712386e37f5aa\"},\"breadcrumb\":{\"@id\":\"https:\\\/\\\/kuzeyinsesi.org\\\/index.php\\\/2024\\\/10\\\/15\\\/kibatek-baskani-metin-turana-guney-koreden-odul\\\/#breadcrumb\"},\"inLanguage\":\"tr\",\"potentialAction\":[{\"@type\":\"ReadAction\",\"target\":[\"https:\\\/\\\/kuzeyinsesi.org\\\/index.php\\\/2024\\\/10\\\/15\\\/kibatek-baskani-metin-turana-guney-koreden-odul\\\/\"]}]},{\"@type\":\"ImageObject\",\"inLanguage\":\"tr\",\"@id\":\"https:\\\/\\\/kuzeyinsesi.org\\\/index.php\\\/2024\\\/10\\\/15\\\/kibatek-baskani-metin-turana-guney-koreden-odul\\\/#primaryimage\",\"url\":\"https:\\\/\\\/kuzeyinsesi.org\\\/wp-content\\\/uploads\\\/2024\\\/10\\\/q94e8.jpg\",\"contentUrl\":\"https:\\\/\\\/kuzeyinsesi.org\\\/wp-content\\\/uploads\\\/2024\\\/10\\\/q94e8.jpg\",\"width\":1500,\"height\":844},{\"@type\":\"BreadcrumbList\",\"@id\":\"https:\\\/\\\/kuzeyinsesi.org\\\/index.php\\\/2024\\\/10\\\/15\\\/kibatek-baskani-metin-turana-guney-koreden-odul\\\/#breadcrumb\",\"itemListElement\":[{\"@type\":\"ListItem\",\"position\":1,\"name\":\"Anasayfa\",\"item\":\"https:\\\/\\\/kuzeyinsesi.org\\\/\"},{\"@type\":\"ListItem\",\"position\":2,\"name\":\"KIBATEK Ba\u015fkan\u0131 Metin Turan\u2019a G\u00fcney Kore\u2019den \u00f6d\u00fcl\"}]},{\"@type\":\"WebSite\",\"@id\":\"https:\\\/\\\/kuzeyinsesi.org\\\/#website\",\"url\":\"https:\\\/\\\/kuzeyinsesi.org\\\/\",\"name\":\"Kuzeyin Sesi\",\"description\":\"Do\u011fru Haberin Adresi\",\"potentialAction\":[{\"@type\":\"SearchAction\",\"target\":{\"@type\":\"EntryPoint\",\"urlTemplate\":\"https:\\\/\\\/kuzeyinsesi.org\\\/?s={search_term_string}\"},\"query-input\":{\"@type\":\"PropertyValueSpecification\",\"valueRequired\":true,\"valueName\":\"search_term_string\"}}],\"inLanguage\":\"tr\"},{\"@type\":\"Person\",\"@id\":\"https:\\\/\\\/kuzeyinsesi.org\\\/#\\\/schema\\\/person\\\/9f859689cdf01485597712386e37f5aa\",\"name\":\"Kuzeyin Sesi\",\"image\":{\"@type\":\"ImageObject\",\"inLanguage\":\"tr\",\"@id\":\"https:\\\/\\\/secure.gravatar.com\\\/avatar\\\/bab33852abfd8b282518d6ed81826833d77c3c882d9ab608add591ccace47a44?s=96&d=mm&r=g\",\"url\":\"https:\\\/\\\/secure.gravatar.com\\\/avatar\\\/bab33852abfd8b282518d6ed81826833d77c3c882d9ab608add591ccace47a44?s=96&d=mm&r=g\",\"contentUrl\":\"https:\\\/\\\/secure.gravatar.com\\\/avatar\\\/bab33852abfd8b282518d6ed81826833d77c3c882d9ab608add591ccace47a44?s=96&d=mm&r=g\",\"caption\":\"Kuzeyin Sesi\"},\"sameAs\":[\"https:\\\/\\\/kuzeyinsesi.org\"],\"url\":\"https:\\\/\\\/kuzeyinsesi.org\\\/index.php\\\/author\\\/guven\\\/\"}]}<\/script>\n<!-- \/ Yoast SEO plugin. -->","yoast_head_json":{"title":"KIBATEK Ba\u015fkan\u0131 Metin Turan\u2019a G\u00fcney Kore\u2019den \u00f6d\u00fcl - Kuzeyin Sesi","robots":{"index":"index","follow":"follow","max-snippet":"max-snippet:-1","max-image-preview":"max-image-preview:large","max-video-preview":"max-video-preview:-1"},"canonical":"https:\/\/kuzeyinsesi.org\/index.php\/2024\/10\/15\/kibatek-baskani-metin-turana-guney-koreden-odul\/","og_locale":"tr_TR","og_type":"article","og_title":"KIBATEK Ba\u015fkan\u0131 Metin Turan\u2019a G\u00fcney Kore\u2019den \u00f6d\u00fcl - Kuzeyin Sesi","og_description":"K\u0131br\u0131s Balkanlar Avrasya T\u00fcrk Edebiyatlar\u0131 Kurumu (KIBATEK) Ba\u015fkan\u0131 Metin Turan, G\u00fcney Kore Changwon KC Uluslararas\u0131 Edebiyat \u00d6d\u00fcl\u00fc\u2019ne lay\u0131k g\u00f6r\u00fcld\u00fc. A\u00e7\u0131klamaya g\u00f6re \u00f6d\u00fcl t\u00f6reni, G\u00fcney Kore\u2019nin Changwon kentindeki Kim Dal Jin Edebiyat M\u00fczesi\u2019nde ger\u00e7ekle\u015fti. Turan\u2019a \u00f6d\u00fcl\u00fc, Belediye Ba\u015fkan\u0131 Nam Pyo Hong taraf\u0131ndan takdim edildi. J\u00fcrinin, Metin Turan\u2019\u0131 \u201c\u0130nsan\u0131n e\u015fsiz ruhuna olan inanc\u0131 ve bu inanc\u0131 \u015fiir [&hellip;]","og_url":"https:\/\/kuzeyinsesi.org\/index.php\/2024\/10\/15\/kibatek-baskani-metin-turana-guney-koreden-odul\/","og_site_name":"Kuzeyin Sesi","article_publisher":"https:\/\/www.facebook.com\/kuzeyinsesii","article_published_time":"2024-10-15T14:15:12+00:00","og_image":[{"url":"https:\/\/brtk.net\/wp-content\/uploads\/2024\/10\/15\/q94e8.jpg?ver=a651f50a571b7d4d70173cb0214f437d","type":"","width":"","height":""}],"author":"Kuzeyin Sesi","twitter_card":"summary_large_image","twitter_creator":"@kuzeyinsesii","twitter_site":"@kuzeyinsesii","twitter_misc":{"Yazan:":"Kuzeyin Sesi","Tahmini okuma s\u00fcresi":"1 dakika"},"schema":{"@context":"https:\/\/schema.org","@graph":[{"@type":"Article","@id":"https:\/\/kuzeyinsesi.org\/index.php\/2024\/10\/15\/kibatek-baskani-metin-turana-guney-koreden-odul\/#article","isPartOf":{"@id":"https:\/\/kuzeyinsesi.org\/index.php\/2024\/10\/15\/kibatek-baskani-metin-turana-guney-koreden-odul\/"},"author":{"name":"Kuzeyin Sesi","@id":"https:\/\/kuzeyinsesi.org\/#\/schema\/person\/9f859689cdf01485597712386e37f5aa"},"headline":"KIBATEK Ba\u015fkan\u0131 Metin Turan\u2019a G\u00fcney Kore\u2019den \u00f6d\u00fcl","datePublished":"2024-10-15T14:15:12+00:00","mainEntityOfPage":{"@id":"https:\/\/kuzeyinsesi.org\/index.php\/2024\/10\/15\/kibatek-baskani-metin-turana-guney-koreden-odul\/"},"wordCount":136,"commentCount":0,"image":{"@id":"https:\/\/kuzeyinsesi.org\/index.php\/2024\/10\/15\/kibatek-baskani-metin-turana-guney-koreden-odul\/#primaryimage"},"thumbnailUrl":"https:\/\/kuzeyinsesi.org\/wp-content\/uploads\/2024\/10\/q94e8.jpg","articleSection":["Ya\u015fam"],"inLanguage":"tr","potentialAction":[{"@type":"CommentAction","name":"Comment","target":["https:\/\/kuzeyinsesi.org\/index.php\/2024\/10\/15\/kibatek-baskani-metin-turana-guney-koreden-odul\/#respond"]}]},{"@type":"WebPage","@id":"https:\/\/kuzeyinsesi.org\/index.php\/2024\/10\/15\/kibatek-baskani-metin-turana-guney-koreden-odul\/","url":"https:\/\/kuzeyinsesi.org\/index.php\/2024\/10\/15\/kibatek-baskani-metin-turana-guney-koreden-odul\/","name":"KIBATEK Ba\u015fkan\u0131 Metin Turan\u2019a G\u00fcney Kore\u2019den \u00f6d\u00fcl - Kuzeyin Sesi","isPartOf":{"@id":"https:\/\/kuzeyinsesi.org\/#website"},"primaryImageOfPage":{"@id":"https:\/\/kuzeyinsesi.org\/index.php\/2024\/10\/15\/kibatek-baskani-metin-turana-guney-koreden-odul\/#primaryimage"},"image":{"@id":"https:\/\/kuzeyinsesi.org\/index.php\/2024\/10\/15\/kibatek-baskani-metin-turana-guney-koreden-odul\/#primaryimage"},"thumbnailUrl":"https:\/\/kuzeyinsesi.org\/wp-content\/uploads\/2024\/10\/q94e8.jpg","datePublished":"2024-10-15T14:15:12+00:00","author":{"@id":"https:\/\/kuzeyinsesi.org\/#\/schema\/person\/9f859689cdf01485597712386e37f5aa"},"breadcrumb":{"@id":"https:\/\/kuzeyinsesi.org\/index.php\/2024\/10\/15\/kibatek-baskani-metin-turana-guney-koreden-odul\/#breadcrumb"},"inLanguage":"tr","potentialAction":[{"@type":"ReadAction","target":["https:\/\/kuzeyinsesi.org\/index.php\/2024\/10\/15\/kibatek-baskani-metin-turana-guney-koreden-odul\/"]}]},{"@type":"ImageObject","inLanguage":"tr","@id":"https:\/\/kuzeyinsesi.org\/index.php\/2024\/10\/15\/kibatek-baskani-metin-turana-guney-koreden-odul\/#primaryimage","url":"https:\/\/kuzeyinsesi.org\/wp-content\/uploads\/2024\/10\/q94e8.jpg","contentUrl":"https:\/\/kuzeyinsesi.org\/wp-content\/uploads\/2024\/10\/q94e8.jpg","width":1500,"height":844},{"@type":"BreadcrumbList","@id":"https:\/\/kuzeyinsesi.org\/index.php\/2024\/10\/15\/kibatek-baskani-metin-turana-guney-koreden-odul\/#breadcrumb","itemListElement":[{"@type":"ListItem","position":1,"name":"Anasayfa","item":"https:\/\/kuzeyinsesi.org\/"},{"@type":"ListItem","position":2,"name":"KIBATEK Ba\u015fkan\u0131 Metin Turan\u2019a G\u00fcney Kore\u2019den \u00f6d\u00fcl"}]},{"@type":"WebSite","@id":"https:\/\/kuzeyinsesi.org\/#website","url":"https:\/\/kuzeyinsesi.org\/","name":"Kuzeyin Sesi","description":"Do\u011fru Haberin Adresi","potentialAction":[{"@type":"SearchAction","target":{"@type":"EntryPoint","urlTemplate":"https:\/\/kuzeyinsesi.org\/?s={search_term_string}"},"query-input":{"@type":"PropertyValueSpecification","valueRequired":true,"valueName":"search_term_string"}}],"inLanguage":"tr"},{"@type":"Person","@id":"https:\/\/kuzeyinsesi.org\/#\/schema\/person\/9f859689cdf01485597712386e37f5aa","name":"Kuzeyin Sesi","image":{"@type":"ImageObject","inLanguage":"tr","@id":"https:\/\/secure.gravatar.com\/avatar\/bab33852abfd8b282518d6ed81826833d77c3c882d9ab608add591ccace47a44?s=96&d=mm&r=g","url":"https:\/\/secure.gravatar.com\/avatar\/bab33852abfd8b282518d6ed81826833d77c3c882d9ab608add591ccace47a44?s=96&d=mm&r=g","contentUrl":"https:\/\/secure.gravatar.com\/avatar\/bab33852abfd8b282518d6ed81826833d77c3c882d9ab608add591ccace47a44?s=96&d=mm&r=g","caption":"Kuzeyin Sesi"},"sameAs":["https:\/\/kuzeyinsesi.org"],"url":"https:\/\/kuzeyinsesi.org\/index.php\/author\/guven\/"}]}},"_links":{"self":[{"href":"https:\/\/kuzeyinsesi.org\/index.php\/wp-json\/wp\/v2\/posts\/11603","targetHints":{"allow":["GET"]}}],"collection":[{"href":"https:\/\/kuzeyinsesi.org\/index.php\/wp-json\/wp\/v2\/posts"}],"about":[{"href":"https:\/\/kuzeyinsesi.org\/index.php\/wp-json\/wp\/v2\/types\/post"}],"author":[{"embeddable":true,"href":"https:\/\/kuzeyinsesi.org\/index.php\/wp-json\/wp\/v2\/users\/1"}],"replies":[{"embeddable":true,"href":"https:\/\/kuzeyinsesi.org\/index.php\/wp-json\/wp\/v2\/comments?post=11603"}],"version-history":[{"count":0,"href":"https:\/\/kuzeyinsesi.org\/index.php\/wp-json\/wp\/v2\/posts\/11603\/revisions"}],"wp:featuredmedia":[{"embeddable":true,"href":"https:\/\/kuzeyinsesi.org\/index.php\/wp-json\/wp\/v2\/media\/11604"}],"wp:attachment":[{"href":"https:\/\/kuzeyinsesi.org\/index.php\/wp-json\/wp\/v2\/media?parent=11603"}],"wp:term":[{"taxonomy":"category","embeddable":true,"href":"https:\/\/kuzeyinsesi.org\/index.php\/wp-json\/wp\/v2\/categories?post=11603"},{"taxonomy":"post_tag","embeddable":true,"href":"https:\/\/kuzeyinsesi.org\/index.php\/wp-json\/wp\/v2\/tags?post=11603"}],"curies":[{"name":"wp","href":"https:\/\/api.w.org\/{rel}","templated":true}]}}