{"id":11577,"date":"2024-10-15T10:45:41","date_gmt":"2024-10-15T07:45:41","guid":{"rendered":"https:\/\/kuzeyinsesi.org\/index.php\/2024\/10\/15\/beyarmudunda-pazar-gunu-adana-kebabi-ve-salgam-festivali-var\/"},"modified":"2024-10-15T10:45:41","modified_gmt":"2024-10-15T07:45:41","slug":"beyarmudunda-pazar-gunu-adana-kebabi-ve-salgam-festivali-var","status":"publish","type":"post","link":"https:\/\/kuzeyinsesi.org\/index.php\/2024\/10\/15\/beyarmudunda-pazar-gunu-adana-kebabi-ve-salgam-festivali-var\/","title":{"rendered":"Beyarmudu\u2019nda pazar g\u00fcn\u00fc Adana Kebab\u0131 ve \u015ealgam Festivali var"},"content":{"rendered":"<div>\n<div class=\"mariselle-image-container center\">\n                                            <\/div>\n<p>Beyarmudu\u2019nda pazar g\u00fcn\u00fc Adana Kebab\u0131 ve \u015ealgam Festivali yap\u0131lacak.<\/p>\n<p>KKTC Adanal\u0131lar Derne\u011fi\u2019nin (ADAKDER), Beyarmudu Belediyesi katk\u0131s\u0131yla d\u00fczenleyece\u011fi 1\u2019inci Adana Kebab\u0131 ve \u015ealgam Festivali 20 Ekim Pazar g\u00fcn\u00fc Beyarmudu Belediyesi G\u00fcney Mesarya Sosyal Tesisleri\u2019nde saat 12.00\u2019de ba\u015flayacak.<\/p>\n<p>Belediyeden yap\u0131lan a\u00e7\u0131klamaya g\u00f6re, G\u00fcl Ahmet Yi\u011fit ve Bahad\u0131r Yi\u011fit ile Kadir Carlos\u2019un sahne alaca\u011f\u0131 etkinlikte Adana kebab\u0131 ve \u015falgam halka \u00fccretsiz ikram edilecek.<\/p>\n<\/p><\/div>\n<p><script async\n                    defer\n                    crossorigin=\"anonymous\"\n                    src=\"https:\/\/connect.facebook.net\/tr_TR\/sdk.js#xfbml=1&#038;version=v3.3\"\n            ><\/script><\/p>\n","protected":false},"excerpt":{"rendered":"<p>Beyarmudu\u2019nda pazar g\u00fcn\u00fc Adana Kebab\u0131 ve \u015ealgam Festivali yap\u0131lacak. KKTC Adanal\u0131lar Derne\u011fi\u2019nin (ADAKDER), Beyarmudu Belediyesi katk\u0131s\u0131yla d\u00fczenleyece\u011fi 1\u2019inci Adana Kebab\u0131 ve \u015ealgam Festivali 20 Ekim Pazar g\u00fcn\u00fc Beyarmudu Belediyesi G\u00fcney Mesarya Sosyal Tesisleri\u2019nde saat 12.00\u2019de ba\u015flayacak. Belediyeden yap\u0131lan a\u00e7\u0131klamaya g\u00f6re, G\u00fcl Ahmet Yi\u011fit ve Bahad\u0131r Yi\u011fit ile Kadir Carlos\u2019un sahne alaca\u011f\u0131 etkinlikte Adana kebab\u0131 ve [&hellip;]<\/p>\n","protected":false},"author":1,"featured_media":11578,"comment_status":"open","ping_status":"open","sticky":false,"template":"","format":"standard","meta":{"jnews-multi-image_gallery":[],"jnews_single_post":[],"jnews_primary_category":[],"jnews_social_meta":[],"jnews_override_counter":[],"footnotes":""},"categories":[6],"tags":[],"class_list":["post-11577","post","type-post","status-publish","format-standard","has-post-thumbnail","hentry","category-yasam"],"yoast_head":"<!-- This site is optimized with the Yoast SEO plugin v27.4 - https:\/\/yoast.com\/product\/yoast-seo-wordpress\/ -->\n<title>Beyarmudu\u2019nda pazar g\u00fcn\u00fc Adana Kebab\u0131 ve \u015ealgam Festivali var - Kuzeyin Sesi<\/title>\n<meta name=\"robots\" content=\"index, follow, max-snippet:-1, max-image-preview:large, max-video-preview:-1\" \/>\n<link rel=\"canonical\" href=\"https:\/\/kuzeyinsesi.org\/index.php\/2024\/10\/15\/beyarmudunda-pazar-gunu-adana-kebabi-ve-salgam-festivali-var\/\" \/>\n<meta property=\"og:locale\" content=\"tr_TR\" \/>\n<meta property=\"og:type\" content=\"article\" \/>\n<meta property=\"og:title\" content=\"Beyarmudu\u2019nda pazar g\u00fcn\u00fc Adana Kebab\u0131 ve \u015ealgam Festivali var - Kuzeyin Sesi\" \/>\n<meta property=\"og:description\" content=\"Beyarmudu\u2019nda pazar g\u00fcn\u00fc Adana Kebab\u0131 ve \u015ealgam Festivali yap\u0131lacak. KKTC Adanal\u0131lar Derne\u011fi\u2019nin (ADAKDER), Beyarmudu Belediyesi katk\u0131s\u0131yla d\u00fczenleyece\u011fi 1\u2019inci Adana Kebab\u0131 ve \u015ealgam Festivali 20 Ekim Pazar g\u00fcn\u00fc Beyarmudu Belediyesi G\u00fcney Mesarya Sosyal Tesisleri\u2019nde saat 12.00\u2019de ba\u015flayacak. Belediyeden yap\u0131lan a\u00e7\u0131klamaya g\u00f6re, G\u00fcl Ahmet Yi\u011fit ve Bahad\u0131r Yi\u011fit ile Kadir Carlos\u2019un sahne alaca\u011f\u0131 etkinlikte Adana kebab\u0131 ve [&hellip;]\" \/>\n<meta property=\"og:url\" content=\"https:\/\/kuzeyinsesi.org\/index.php\/2024\/10\/15\/beyarmudunda-pazar-gunu-adana-kebabi-ve-salgam-festivali-var\/\" \/>\n<meta property=\"og:site_name\" content=\"Kuzeyin Sesi\" \/>\n<meta property=\"article:publisher\" content=\"https:\/\/www.facebook.com\/kuzeyinsesii\" \/>\n<meta property=\"article:published_time\" content=\"2024-10-15T07:45:41+00:00\" \/>\n<meta property=\"og:image\" content=\"https:\/\/brtk.net\/wp-content\/uploads\/2024\/10\/15\/adana.jpg?ver=5f3977929320195afcba775bd5fc33d5\" \/>\n<meta name=\"author\" content=\"Kuzeyin Sesi\" \/>\n<meta name=\"twitter:card\" content=\"summary_large_image\" \/>\n<meta name=\"twitter:creator\" content=\"@kuzeyinsesii\" \/>\n<meta name=\"twitter:site\" content=\"@kuzeyinsesii\" \/>\n<meta name=\"twitter:label1\" content=\"Yazan:\" \/>\n\t<meta name=\"twitter:data1\" content=\"Kuzeyin Sesi\" \/>\n<script type=\"application\/ld+json\" class=\"yoast-schema-graph\">{\"@context\":\"https:\\\/\\\/schema.org\",\"@graph\":[{\"@type\":\"Article\",\"@id\":\"https:\\\/\\\/kuzeyinsesi.org\\\/index.php\\\/2024\\\/10\\\/15\\\/beyarmudunda-pazar-gunu-adana-kebabi-ve-salgam-festivali-var\\\/#article\",\"isPartOf\":{\"@id\":\"https:\\\/\\\/kuzeyinsesi.org\\\/index.php\\\/2024\\\/10\\\/15\\\/beyarmudunda-pazar-gunu-adana-kebabi-ve-salgam-festivali-var\\\/\"},\"author\":{\"name\":\"Kuzeyin Sesi\",\"@id\":\"https:\\\/\\\/kuzeyinsesi.org\\\/#\\\/schema\\\/person\\\/9f859689cdf01485597712386e37f5aa\"},\"headline\":\"Beyarmudu\u2019nda pazar g\u00fcn\u00fc Adana Kebab\u0131 ve \u015ealgam Festivali var\",\"datePublished\":\"2024-10-15T07:45:41+00:00\",\"mainEntityOfPage\":{\"@id\":\"https:\\\/\\\/kuzeyinsesi.org\\\/index.php\\\/2024\\\/10\\\/15\\\/beyarmudunda-pazar-gunu-adana-kebabi-ve-salgam-festivali-var\\\/\"},\"wordCount\":92,\"commentCount\":0,\"image\":{\"@id\":\"https:\\\/\\\/kuzeyinsesi.org\\\/index.php\\\/2024\\\/10\\\/15\\\/beyarmudunda-pazar-gunu-adana-kebabi-ve-salgam-festivali-var\\\/#primaryimage\"},\"thumbnailUrl\":\"https:\\\/\\\/kuzeyinsesi.org\\\/wp-content\\\/uploads\\\/2024\\\/10\\\/adana.jpg\",\"articleSection\":[\"Ya\u015fam\"],\"inLanguage\":\"tr\",\"potentialAction\":[{\"@type\":\"CommentAction\",\"name\":\"Comment\",\"target\":[\"https:\\\/\\\/kuzeyinsesi.org\\\/index.php\\\/2024\\\/10\\\/15\\\/beyarmudunda-pazar-gunu-adana-kebabi-ve-salgam-festivali-var\\\/#respond\"]}]},{\"@type\":\"WebPage\",\"@id\":\"https:\\\/\\\/kuzeyinsesi.org\\\/index.php\\\/2024\\\/10\\\/15\\\/beyarmudunda-pazar-gunu-adana-kebabi-ve-salgam-festivali-var\\\/\",\"url\":\"https:\\\/\\\/kuzeyinsesi.org\\\/index.php\\\/2024\\\/10\\\/15\\\/beyarmudunda-pazar-gunu-adana-kebabi-ve-salgam-festivali-var\\\/\",\"name\":\"Beyarmudu\u2019nda pazar g\u00fcn\u00fc Adana Kebab\u0131 ve \u015ealgam Festivali var - Kuzeyin Sesi\",\"isPartOf\":{\"@id\":\"https:\\\/\\\/kuzeyinsesi.org\\\/#website\"},\"primaryImageOfPage\":{\"@id\":\"https:\\\/\\\/kuzeyinsesi.org\\\/index.php\\\/2024\\\/10\\\/15\\\/beyarmudunda-pazar-gunu-adana-kebabi-ve-salgam-festivali-var\\\/#primaryimage\"},\"image\":{\"@id\":\"https:\\\/\\\/kuzeyinsesi.org\\\/index.php\\\/2024\\\/10\\\/15\\\/beyarmudunda-pazar-gunu-adana-kebabi-ve-salgam-festivali-var\\\/#primaryimage\"},\"thumbnailUrl\":\"https:\\\/\\\/kuzeyinsesi.org\\\/wp-content\\\/uploads\\\/2024\\\/10\\\/adana.jpg\",\"datePublished\":\"2024-10-15T07:45:41+00:00\",\"author\":{\"@id\":\"https:\\\/\\\/kuzeyinsesi.org\\\/#\\\/schema\\\/person\\\/9f859689cdf01485597712386e37f5aa\"},\"breadcrumb\":{\"@id\":\"https:\\\/\\\/kuzeyinsesi.org\\\/index.php\\\/2024\\\/10\\\/15\\\/beyarmudunda-pazar-gunu-adana-kebabi-ve-salgam-festivali-var\\\/#breadcrumb\"},\"inLanguage\":\"tr\",\"potentialAction\":[{\"@type\":\"ReadAction\",\"target\":[\"https:\\\/\\\/kuzeyinsesi.org\\\/index.php\\\/2024\\\/10\\\/15\\\/beyarmudunda-pazar-gunu-adana-kebabi-ve-salgam-festivali-var\\\/\"]}]},{\"@type\":\"ImageObject\",\"inLanguage\":\"tr\",\"@id\":\"https:\\\/\\\/kuzeyinsesi.org\\\/index.php\\\/2024\\\/10\\\/15\\\/beyarmudunda-pazar-gunu-adana-kebabi-ve-salgam-festivali-var\\\/#primaryimage\",\"url\":\"https:\\\/\\\/kuzeyinsesi.org\\\/wp-content\\\/uploads\\\/2024\\\/10\\\/adana.jpg\",\"contentUrl\":\"https:\\\/\\\/kuzeyinsesi.org\\\/wp-content\\\/uploads\\\/2024\\\/10\\\/adana.jpg\",\"width\":1024,\"height\":576},{\"@type\":\"BreadcrumbList\",\"@id\":\"https:\\\/\\\/kuzeyinsesi.org\\\/index.php\\\/2024\\\/10\\\/15\\\/beyarmudunda-pazar-gunu-adana-kebabi-ve-salgam-festivali-var\\\/#breadcrumb\",\"itemListElement\":[{\"@type\":\"ListItem\",\"position\":1,\"name\":\"Anasayfa\",\"item\":\"https:\\\/\\\/kuzeyinsesi.org\\\/\"},{\"@type\":\"ListItem\",\"position\":2,\"name\":\"Beyarmudu\u2019nda pazar g\u00fcn\u00fc Adana Kebab\u0131 ve \u015ealgam Festivali var\"}]},{\"@type\":\"WebSite\",\"@id\":\"https:\\\/\\\/kuzeyinsesi.org\\\/#website\",\"url\":\"https:\\\/\\\/kuzeyinsesi.org\\\/\",\"name\":\"Kuzeyin Sesi\",\"description\":\"Do\u011fru Haberin Adresi\",\"potentialAction\":[{\"@type\":\"SearchAction\",\"target\":{\"@type\":\"EntryPoint\",\"urlTemplate\":\"https:\\\/\\\/kuzeyinsesi.org\\\/?s={search_term_string}\"},\"query-input\":{\"@type\":\"PropertyValueSpecification\",\"valueRequired\":true,\"valueName\":\"search_term_string\"}}],\"inLanguage\":\"tr\"},{\"@type\":\"Person\",\"@id\":\"https:\\\/\\\/kuzeyinsesi.org\\\/#\\\/schema\\\/person\\\/9f859689cdf01485597712386e37f5aa\",\"name\":\"Kuzeyin Sesi\",\"image\":{\"@type\":\"ImageObject\",\"inLanguage\":\"tr\",\"@id\":\"https:\\\/\\\/secure.gravatar.com\\\/avatar\\\/bab33852abfd8b282518d6ed81826833d77c3c882d9ab608add591ccace47a44?s=96&d=mm&r=g\",\"url\":\"https:\\\/\\\/secure.gravatar.com\\\/avatar\\\/bab33852abfd8b282518d6ed81826833d77c3c882d9ab608add591ccace47a44?s=96&d=mm&r=g\",\"contentUrl\":\"https:\\\/\\\/secure.gravatar.com\\\/avatar\\\/bab33852abfd8b282518d6ed81826833d77c3c882d9ab608add591ccace47a44?s=96&d=mm&r=g\",\"caption\":\"Kuzeyin Sesi\"},\"sameAs\":[\"https:\\\/\\\/kuzeyinsesi.org\"],\"url\":\"https:\\\/\\\/kuzeyinsesi.org\\\/index.php\\\/author\\\/guven\\\/\"}]}<\/script>\n<!-- \/ Yoast SEO plugin. -->","yoast_head_json":{"title":"Beyarmudu\u2019nda pazar g\u00fcn\u00fc Adana Kebab\u0131 ve \u015ealgam Festivali var - Kuzeyin Sesi","robots":{"index":"index","follow":"follow","max-snippet":"max-snippet:-1","max-image-preview":"max-image-preview:large","max-video-preview":"max-video-preview:-1"},"canonical":"https:\/\/kuzeyinsesi.org\/index.php\/2024\/10\/15\/beyarmudunda-pazar-gunu-adana-kebabi-ve-salgam-festivali-var\/","og_locale":"tr_TR","og_type":"article","og_title":"Beyarmudu\u2019nda pazar g\u00fcn\u00fc Adana Kebab\u0131 ve \u015ealgam Festivali var - Kuzeyin Sesi","og_description":"Beyarmudu\u2019nda pazar g\u00fcn\u00fc Adana Kebab\u0131 ve \u015ealgam Festivali yap\u0131lacak. KKTC Adanal\u0131lar Derne\u011fi\u2019nin (ADAKDER), Beyarmudu Belediyesi katk\u0131s\u0131yla d\u00fczenleyece\u011fi 1\u2019inci Adana Kebab\u0131 ve \u015ealgam Festivali 20 Ekim Pazar g\u00fcn\u00fc Beyarmudu Belediyesi G\u00fcney Mesarya Sosyal Tesisleri\u2019nde saat 12.00\u2019de ba\u015flayacak. Belediyeden yap\u0131lan a\u00e7\u0131klamaya g\u00f6re, G\u00fcl Ahmet Yi\u011fit ve Bahad\u0131r Yi\u011fit ile Kadir Carlos\u2019un sahne alaca\u011f\u0131 etkinlikte Adana kebab\u0131 ve [&hellip;]","og_url":"https:\/\/kuzeyinsesi.org\/index.php\/2024\/10\/15\/beyarmudunda-pazar-gunu-adana-kebabi-ve-salgam-festivali-var\/","og_site_name":"Kuzeyin Sesi","article_publisher":"https:\/\/www.facebook.com\/kuzeyinsesii","article_published_time":"2024-10-15T07:45:41+00:00","og_image":[{"url":"https:\/\/brtk.net\/wp-content\/uploads\/2024\/10\/15\/adana.jpg?ver=5f3977929320195afcba775bd5fc33d5","type":"","width":"","height":""}],"author":"Kuzeyin Sesi","twitter_card":"summary_large_image","twitter_creator":"@kuzeyinsesii","twitter_site":"@kuzeyinsesii","twitter_misc":{"Yazan:":"Kuzeyin Sesi"},"schema":{"@context":"https:\/\/schema.org","@graph":[{"@type":"Article","@id":"https:\/\/kuzeyinsesi.org\/index.php\/2024\/10\/15\/beyarmudunda-pazar-gunu-adana-kebabi-ve-salgam-festivali-var\/#article","isPartOf":{"@id":"https:\/\/kuzeyinsesi.org\/index.php\/2024\/10\/15\/beyarmudunda-pazar-gunu-adana-kebabi-ve-salgam-festivali-var\/"},"author":{"name":"Kuzeyin Sesi","@id":"https:\/\/kuzeyinsesi.org\/#\/schema\/person\/9f859689cdf01485597712386e37f5aa"},"headline":"Beyarmudu\u2019nda pazar g\u00fcn\u00fc Adana Kebab\u0131 ve \u015ealgam Festivali var","datePublished":"2024-10-15T07:45:41+00:00","mainEntityOfPage":{"@id":"https:\/\/kuzeyinsesi.org\/index.php\/2024\/10\/15\/beyarmudunda-pazar-gunu-adana-kebabi-ve-salgam-festivali-var\/"},"wordCount":92,"commentCount":0,"image":{"@id":"https:\/\/kuzeyinsesi.org\/index.php\/2024\/10\/15\/beyarmudunda-pazar-gunu-adana-kebabi-ve-salgam-festivali-var\/#primaryimage"},"thumbnailUrl":"https:\/\/kuzeyinsesi.org\/wp-content\/uploads\/2024\/10\/adana.jpg","articleSection":["Ya\u015fam"],"inLanguage":"tr","potentialAction":[{"@type":"CommentAction","name":"Comment","target":["https:\/\/kuzeyinsesi.org\/index.php\/2024\/10\/15\/beyarmudunda-pazar-gunu-adana-kebabi-ve-salgam-festivali-var\/#respond"]}]},{"@type":"WebPage","@id":"https:\/\/kuzeyinsesi.org\/index.php\/2024\/10\/15\/beyarmudunda-pazar-gunu-adana-kebabi-ve-salgam-festivali-var\/","url":"https:\/\/kuzeyinsesi.org\/index.php\/2024\/10\/15\/beyarmudunda-pazar-gunu-adana-kebabi-ve-salgam-festivali-var\/","name":"Beyarmudu\u2019nda pazar g\u00fcn\u00fc Adana Kebab\u0131 ve \u015ealgam Festivali var - Kuzeyin Sesi","isPartOf":{"@id":"https:\/\/kuzeyinsesi.org\/#website"},"primaryImageOfPage":{"@id":"https:\/\/kuzeyinsesi.org\/index.php\/2024\/10\/15\/beyarmudunda-pazar-gunu-adana-kebabi-ve-salgam-festivali-var\/#primaryimage"},"image":{"@id":"https:\/\/kuzeyinsesi.org\/index.php\/2024\/10\/15\/beyarmudunda-pazar-gunu-adana-kebabi-ve-salgam-festivali-var\/#primaryimage"},"thumbnailUrl":"https:\/\/kuzeyinsesi.org\/wp-content\/uploads\/2024\/10\/adana.jpg","datePublished":"2024-10-15T07:45:41+00:00","author":{"@id":"https:\/\/kuzeyinsesi.org\/#\/schema\/person\/9f859689cdf01485597712386e37f5aa"},"breadcrumb":{"@id":"https:\/\/kuzeyinsesi.org\/index.php\/2024\/10\/15\/beyarmudunda-pazar-gunu-adana-kebabi-ve-salgam-festivali-var\/#breadcrumb"},"inLanguage":"tr","potentialAction":[{"@type":"ReadAction","target":["https:\/\/kuzeyinsesi.org\/index.php\/2024\/10\/15\/beyarmudunda-pazar-gunu-adana-kebabi-ve-salgam-festivali-var\/"]}]},{"@type":"ImageObject","inLanguage":"tr","@id":"https:\/\/kuzeyinsesi.org\/index.php\/2024\/10\/15\/beyarmudunda-pazar-gunu-adana-kebabi-ve-salgam-festivali-var\/#primaryimage","url":"https:\/\/kuzeyinsesi.org\/wp-content\/uploads\/2024\/10\/adana.jpg","contentUrl":"https:\/\/kuzeyinsesi.org\/wp-content\/uploads\/2024\/10\/adana.jpg","width":1024,"height":576},{"@type":"BreadcrumbList","@id":"https:\/\/kuzeyinsesi.org\/index.php\/2024\/10\/15\/beyarmudunda-pazar-gunu-adana-kebabi-ve-salgam-festivali-var\/#breadcrumb","itemListElement":[{"@type":"ListItem","position":1,"name":"Anasayfa","item":"https:\/\/kuzeyinsesi.org\/"},{"@type":"ListItem","position":2,"name":"Beyarmudu\u2019nda pazar g\u00fcn\u00fc Adana Kebab\u0131 ve \u015ealgam Festivali var"}]},{"@type":"WebSite","@id":"https:\/\/kuzeyinsesi.org\/#website","url":"https:\/\/kuzeyinsesi.org\/","name":"Kuzeyin Sesi","description":"Do\u011fru Haberin Adresi","potentialAction":[{"@type":"SearchAction","target":{"@type":"EntryPoint","urlTemplate":"https:\/\/kuzeyinsesi.org\/?s={search_term_string}"},"query-input":{"@type":"PropertyValueSpecification","valueRequired":true,"valueName":"search_term_string"}}],"inLanguage":"tr"},{"@type":"Person","@id":"https:\/\/kuzeyinsesi.org\/#\/schema\/person\/9f859689cdf01485597712386e37f5aa","name":"Kuzeyin Sesi","image":{"@type":"ImageObject","inLanguage":"tr","@id":"https:\/\/secure.gravatar.com\/avatar\/bab33852abfd8b282518d6ed81826833d77c3c882d9ab608add591ccace47a44?s=96&d=mm&r=g","url":"https:\/\/secure.gravatar.com\/avatar\/bab33852abfd8b282518d6ed81826833d77c3c882d9ab608add591ccace47a44?s=96&d=mm&r=g","contentUrl":"https:\/\/secure.gravatar.com\/avatar\/bab33852abfd8b282518d6ed81826833d77c3c882d9ab608add591ccace47a44?s=96&d=mm&r=g","caption":"Kuzeyin Sesi"},"sameAs":["https:\/\/kuzeyinsesi.org"],"url":"https:\/\/kuzeyinsesi.org\/index.php\/author\/guven\/"}]}},"_links":{"self":[{"href":"https:\/\/kuzeyinsesi.org\/index.php\/wp-json\/wp\/v2\/posts\/11577","targetHints":{"allow":["GET"]}}],"collection":[{"href":"https:\/\/kuzeyinsesi.org\/index.php\/wp-json\/wp\/v2\/posts"}],"about":[{"href":"https:\/\/kuzeyinsesi.org\/index.php\/wp-json\/wp\/v2\/types\/post"}],"author":[{"embeddable":true,"href":"https:\/\/kuzeyinsesi.org\/index.php\/wp-json\/wp\/v2\/users\/1"}],"replies":[{"embeddable":true,"href":"https:\/\/kuzeyinsesi.org\/index.php\/wp-json\/wp\/v2\/comments?post=11577"}],"version-history":[{"count":0,"href":"https:\/\/kuzeyinsesi.org\/index.php\/wp-json\/wp\/v2\/posts\/11577\/revisions"}],"wp:featuredmedia":[{"embeddable":true,"href":"https:\/\/kuzeyinsesi.org\/index.php\/wp-json\/wp\/v2\/media\/11578"}],"wp:attachment":[{"href":"https:\/\/kuzeyinsesi.org\/index.php\/wp-json\/wp\/v2\/media?parent=11577"}],"wp:term":[{"taxonomy":"category","embeddable":true,"href":"https:\/\/kuzeyinsesi.org\/index.php\/wp-json\/wp\/v2\/categories?post=11577"},{"taxonomy":"post_tag","embeddable":true,"href":"https:\/\/kuzeyinsesi.org\/index.php\/wp-json\/wp\/v2\/tags?post=11577"}],"curies":[{"name":"wp","href":"https:\/\/api.w.org\/{rel}","templated":true}]}}