{"id":1154,"date":"2024-05-01T21:27:25","date_gmt":"2024-05-01T18:27:25","guid":{"rendered":"https:\/\/kuzeyinsesi.com\/index.php\/2024\/05\/01\/gazzedeki-hukumet-abd-ve-israilin-yardim-tiri-iddiasini-yalanladi\/"},"modified":"2024-05-01T21:27:25","modified_gmt":"2024-05-01T18:27:25","slug":"gazzedeki-hukumet-abd-ve-israilin-yardim-tiri-iddiasini-yalanladi","status":"publish","type":"post","link":"https:\/\/kuzeyinsesi.org\/index.php\/2024\/05\/01\/gazzedeki-hukumet-abd-ve-israilin-yardim-tiri-iddiasini-yalanladi\/","title":{"rendered":"Gazze&#039;deki h\u00fck\u00fcmet ABD ve \u0130srail&#039;in &#039;yard\u0131m t\u0131r\u0131&#039; iddias\u0131n\u0131 yalanlad\u0131"},"content":{"rendered":"<p><\/p>\n<div>\n<p>&#13;<br \/>\n\tGazze&#8217;deki h\u00fck\u00fcmetin <a href=\"https:\/\/www.trthaber.com\/etiket\/medya\/\" target=\"_blank\" rel=\"noopener\">Medya<\/a> Ofisi Ba\u015fkan\u0131 Selame Maruf, yapt\u0131\u011f\u0131 yaz\u0131l\u0131 a\u00e7\u0131klamada, <a href=\"https:\/\/www.trthaber.com\/etiket\/abd\/\" target=\"_blank\" rel=\"noopener\">ABD<\/a> ve \u0130srail&#8217;in Gazze&#8217;ye g\u00fcnde 300 ila 400 yard\u0131m t\u0131r\u0131 girdi\u011fi y\u00f6n\u00fcndeki a\u00e7\u0131klamalar\u0131n\u0131 yalanlad\u0131.<\/p>\n<p>&#13;<br \/>\n\tMaruf, &#8220;Ge\u00e7ti\u011fimiz nisan ay\u0131nda Gazze&#8217;ye 4 bin 887 yard\u0131m t\u0131r\u0131 giri\u015f yapt\u0131. Bu t\u0131rlar\u0131n 1166&#8217;s\u0131 Refah S\u0131n\u0131r Kap\u0131s\u0131&#8217;ndan ve 3 bin 721 t\u0131r Kerem Ebu Salim (\u015ealom) S\u0131n\u0131r Kap\u0131s\u0131&#8217;ndan giri\u015f yaparken, bu t\u0131rlar\u0131n sadece 419&#8217;u <a href=\"https:\/\/www.trthaber.com\/etiket\/gazze\/\" target=\"_blank\" rel=\"noopener\">Gazze<\/a> \u015eeridi&#8217;nin kuzeyine ula\u015ft\u0131.&#8221; ifadelerini kulland\u0131.<\/p>\n<p>&#13;<br \/>\n\t&#8220;Bu say\u0131 g\u00fcnde ortalama 163 t\u0131r\u0131n b\u00f6lgeye giri\u015f yapt\u0131\u011f\u0131 anlam\u0131na geliyor.&#8221; bilgisini veren Maruf, b\u00f6lgeye giri\u015f yapan yard\u0131m t\u0131rlar\u0131n\u0131n Gazze&#8217;nin \u00f6zellikle &#8220;kuzey b\u00f6lgesinin ihtiyac\u0131n\u0131n \u00e7ok alt\u0131nda oldu\u011funu&#8221; vurgulad\u0131.<\/p>\n<p>&#13;<br \/>\n\tMaruf, nisan ay\u0131n\u0131n ikinci yar\u0131s\u0131nda Gazze&#8217;ye giri\u015f yapan t\u0131r say\u0131s\u0131nda s\u0131n\u0131rl\u0131 bir art\u0131\u015f oldu\u011funu kaydederek, buna ra\u011fmen yard\u0131m t\u0131rlar\u0131n\u0131n giri\u015flerinde \u00e7e\u015fitli sebeplerden aksama oldu\u011funu ve toplam say\u0131n\u0131n \u00e7ok etkilenmedi\u011fini aktard\u0131.<\/p>\n<p>&#13;<br \/>\n\t<strong>2,3 milyon Filistinli, a\u011f\u0131r bir insanl\u0131k felaketi ya\u015f\u0131yor<\/strong><\/p>\n<p>&#13;<br \/>\n\tGazze&#8217;nin kuzeyinde halen yakla\u015f\u0131k 700 bin Filistinlinin ya\u015fad\u0131\u011f\u0131na dikkati \u00e7eken Maruf, Gazze&#8217;ye girebilen yard\u0131m t\u0131rlar\u0131n\u0131n sadece y\u00fczde 8&#8217;inin kuzeye ge\u00e7ebildi\u011fini duyurdu.<\/p>\n<p>&#13;<br \/>\n\tKara i\u015fgali, abluka ve a\u011f\u0131r bombard\u0131man\u0131n devam etti\u011fi 360 kilometrekarede s\u0131k\u0131\u015fm\u0131\u015f 2,3 milyon Filistinli, a\u011f\u0131r bir insanl\u0131k felaketi ya\u015f\u0131yor.<\/p>\n<p>&#13;<br \/>\n\t<a href=\"https:\/\/www.trthaber.com\/etiket\/israil\/\" target=\"_blank\" rel=\"noopener\">\u0130srail<\/a> ordusunun, Gazze \u015eeridi&#8217;ndeki eylemleri Uluslararas\u0131 Adalet Divan\u0131&#8217;nda <a href=\"https:\/\/www.trthaber.com\/etiket\/soykirim\/\" target=\"_blank\" rel=\"noopener\">soyk\u0131r\u0131m<\/a> su\u00e7lamas\u0131yla yarg\u0131lanmas\u0131na yol a\u00e7t\u0131.<\/p>\n<p>&#13;<br \/>\n\t\u0130srail&#8217;in 7 Ekim&#8217;den bu yana Gazze \u015eeridi&#8217;ne d\u00fczenledi\u011fi sald\u0131r\u0131larda en az 24 binden fazlas\u0131 kad\u0131n ve \u00e7ocuk 34 binden fazla Filistinli hayat\u0131n\u0131 kaybetti.<\/p>\n<p>&#13;<br \/>\n\tSa\u011fl\u0131k sisteminin \u00e7\u00f6kmek \u00fczere oldu\u011fu b\u00f6lgede 77 binden fazla yaral\u0131 var, 7 bin kadar ki\u015finin de kay\u0131p oldu\u011fu aktar\u0131l\u0131yor. Gazze \u015eeridi i\u00e7inde 1,9 milyondan fazla Filistinli ise zorla <a href=\"https:\/\/www.trthaber.com\/etiket\/goc\/\" target=\"_blank\" rel=\"noopener\">g\u00f6\u00e7<\/a> ettirildi.<\/p>\n<\/p><\/div>\n","protected":false},"excerpt":{"rendered":"<p>&#13; Gazze&#8217;deki h\u00fck\u00fcmetin Medya Ofisi Ba\u015fkan\u0131 Selame Maruf, yapt\u0131\u011f\u0131 yaz\u0131l\u0131 a\u00e7\u0131klamada, ABD ve \u0130srail&#8217;in Gazze&#8217;ye g\u00fcnde 300 ila 400 yard\u0131m t\u0131r\u0131 girdi\u011fi y\u00f6n\u00fcndeki a\u00e7\u0131klamalar\u0131n\u0131 yalanlad\u0131. &#13; Maruf, &#8220;Ge\u00e7ti\u011fimiz nisan ay\u0131nda Gazze&#8217;ye 4 bin 887 yard\u0131m t\u0131r\u0131 giri\u015f yapt\u0131. Bu t\u0131rlar\u0131n 1166&#8217;s\u0131 Refah S\u0131n\u0131r Kap\u0131s\u0131&#8217;ndan ve 3 bin 721 t\u0131r Kerem Ebu Salim (\u015ealom) S\u0131n\u0131r Kap\u0131s\u0131&#8217;ndan [&hellip;]<\/p>\n","protected":false},"author":1,"featured_media":1155,"comment_status":"open","ping_status":"open","sticky":false,"template":"","format":"standard","meta":{"jnews-multi-image_gallery":[],"jnews_single_post":[],"jnews_primary_category":[],"jnews_social_meta":[],"jnews_override_counter":[],"footnotes":""},"categories":[2],"tags":[],"class_list":["post-1154","post","type-post","status-publish","format-standard","has-post-thumbnail","hentry","category-dunya"],"yoast_head":"<!-- This site is optimized with the Yoast SEO plugin v27.5 - https:\/\/yoast.com\/product\/yoast-seo-wordpress\/ -->\n<title>Gazze&#039;deki h\u00fck\u00fcmet ABD ve \u0130srail&#039;in &#039;yard\u0131m t\u0131r\u0131&#039; iddias\u0131n\u0131 yalanlad\u0131 - Kuzeyin Sesi<\/title>\n<meta name=\"robots\" content=\"index, follow, max-snippet:-1, max-image-preview:large, max-video-preview:-1\" \/>\n<link rel=\"canonical\" href=\"https:\/\/kuzeyinsesi.org\/index.php\/2024\/05\/01\/gazzedeki-hukumet-abd-ve-israilin-yardim-tiri-iddiasini-yalanladi\/\" \/>\n<meta property=\"og:locale\" content=\"tr_TR\" \/>\n<meta property=\"og:type\" content=\"article\" \/>\n<meta property=\"og:title\" content=\"Gazze&#039;deki h\u00fck\u00fcmet ABD ve \u0130srail&#039;in &#039;yard\u0131m t\u0131r\u0131&#039; iddias\u0131n\u0131 yalanlad\u0131 - Kuzeyin Sesi\" \/>\n<meta property=\"og:description\" content=\"&#013; Gazze&#8217;deki h\u00fck\u00fcmetin Medya Ofisi Ba\u015fkan\u0131 Selame Maruf, yapt\u0131\u011f\u0131 yaz\u0131l\u0131 a\u00e7\u0131klamada, ABD ve \u0130srail&#8217;in Gazze&#8217;ye g\u00fcnde 300 ila 400 yard\u0131m t\u0131r\u0131 girdi\u011fi y\u00f6n\u00fcndeki a\u00e7\u0131klamalar\u0131n\u0131 yalanlad\u0131. &#013; Maruf, &#8220;Ge\u00e7ti\u011fimiz nisan ay\u0131nda Gazze&#8217;ye 4 bin 887 yard\u0131m t\u0131r\u0131 giri\u015f yapt\u0131. Bu t\u0131rlar\u0131n 1166&#8217;s\u0131 Refah S\u0131n\u0131r Kap\u0131s\u0131&#8217;ndan ve 3 bin 721 t\u0131r Kerem Ebu Salim (\u015ealom) S\u0131n\u0131r Kap\u0131s\u0131&#8217;ndan [&hellip;]\" \/>\n<meta property=\"og:url\" content=\"https:\/\/kuzeyinsesi.org\/index.php\/2024\/05\/01\/gazzedeki-hukumet-abd-ve-israilin-yardim-tiri-iddiasini-yalanladi\/\" \/>\n<meta property=\"og:site_name\" content=\"Kuzeyin Sesi\" \/>\n<meta property=\"article:publisher\" content=\"https:\/\/www.facebook.com\/kuzeyinsesii\" \/>\n<meta property=\"article:published_time\" content=\"2024-05-01T18:27:25+00:00\" \/>\n<meta property=\"og:image\" content=\"https:\/\/kuzeyinsesi.org\/wp-content\/uploads\/2024\/05\/gazze-yardim-tiri-afp-2150859.jpg\" \/>\n\t<meta property=\"og:image:width\" content=\"1280\" \/>\n\t<meta property=\"og:image:height\" content=\"720\" \/>\n\t<meta property=\"og:image:type\" content=\"image\/jpeg\" \/>\n<meta name=\"author\" content=\"Kuzeyin Sesi\" \/>\n<meta name=\"twitter:card\" content=\"summary_large_image\" \/>\n<meta name=\"twitter:creator\" content=\"@kuzeyinsesii\" \/>\n<meta name=\"twitter:site\" content=\"@kuzeyinsesii\" \/>\n<meta name=\"twitter:label1\" content=\"Yazan:\" \/>\n\t<meta name=\"twitter:data1\" content=\"Kuzeyin Sesi\" \/>\n\t<meta name=\"twitter:label2\" content=\"Tahmini okuma s\u00fcresi\" \/>\n\t<meta name=\"twitter:data2\" content=\"2 dakika\" \/>\n<script type=\"application\/ld+json\" class=\"yoast-schema-graph\">{\"@context\":\"https:\\\/\\\/schema.org\",\"@graph\":[{\"@type\":\"Article\",\"@id\":\"https:\\\/\\\/kuzeyinsesi.org\\\/index.php\\\/2024\\\/05\\\/01\\\/gazzedeki-hukumet-abd-ve-israilin-yardim-tiri-iddiasini-yalanladi\\\/#article\",\"isPartOf\":{\"@id\":\"https:\\\/\\\/kuzeyinsesi.org\\\/index.php\\\/2024\\\/05\\\/01\\\/gazzedeki-hukumet-abd-ve-israilin-yardim-tiri-iddiasini-yalanladi\\\/\"},\"author\":{\"name\":\"Kuzeyin Sesi\",\"@id\":\"https:\\\/\\\/kuzeyinsesi.org\\\/#\\\/schema\\\/person\\\/9f859689cdf01485597712386e37f5aa\"},\"headline\":\"Gazze&#039;deki h\u00fck\u00fcmet ABD ve \u0130srail&#039;in &#039;yard\u0131m t\u0131r\u0131&#039; iddias\u0131n\u0131 yalanlad\u0131\",\"datePublished\":\"2024-05-01T18:27:25+00:00\",\"mainEntityOfPage\":{\"@id\":\"https:\\\/\\\/kuzeyinsesi.org\\\/index.php\\\/2024\\\/05\\\/01\\\/gazzedeki-hukumet-abd-ve-israilin-yardim-tiri-iddiasini-yalanladi\\\/\"},\"wordCount\":364,\"commentCount\":0,\"image\":{\"@id\":\"https:\\\/\\\/kuzeyinsesi.org\\\/index.php\\\/2024\\\/05\\\/01\\\/gazzedeki-hukumet-abd-ve-israilin-yardim-tiri-iddiasini-yalanladi\\\/#primaryimage\"},\"thumbnailUrl\":\"https:\\\/\\\/kuzeyinsesi.org\\\/wp-content\\\/uploads\\\/2024\\\/05\\\/gazze-yardim-tiri-afp-2150859.jpg\",\"articleSection\":[\"D\u00fcnya\"],\"inLanguage\":\"tr\",\"potentialAction\":[{\"@type\":\"CommentAction\",\"name\":\"Comment\",\"target\":[\"https:\\\/\\\/kuzeyinsesi.org\\\/index.php\\\/2024\\\/05\\\/01\\\/gazzedeki-hukumet-abd-ve-israilin-yardim-tiri-iddiasini-yalanladi\\\/#respond\"]}]},{\"@type\":\"WebPage\",\"@id\":\"https:\\\/\\\/kuzeyinsesi.org\\\/index.php\\\/2024\\\/05\\\/01\\\/gazzedeki-hukumet-abd-ve-israilin-yardim-tiri-iddiasini-yalanladi\\\/\",\"url\":\"https:\\\/\\\/kuzeyinsesi.org\\\/index.php\\\/2024\\\/05\\\/01\\\/gazzedeki-hukumet-abd-ve-israilin-yardim-tiri-iddiasini-yalanladi\\\/\",\"name\":\"Gazze&#039;deki h\u00fck\u00fcmet ABD ve \u0130srail&#039;in &#039;yard\u0131m t\u0131r\u0131&#039; iddias\u0131n\u0131 yalanlad\u0131 - Kuzeyin Sesi\",\"isPartOf\":{\"@id\":\"https:\\\/\\\/kuzeyinsesi.org\\\/#website\"},\"primaryImageOfPage\":{\"@id\":\"https:\\\/\\\/kuzeyinsesi.org\\\/index.php\\\/2024\\\/05\\\/01\\\/gazzedeki-hukumet-abd-ve-israilin-yardim-tiri-iddiasini-yalanladi\\\/#primaryimage\"},\"image\":{\"@id\":\"https:\\\/\\\/kuzeyinsesi.org\\\/index.php\\\/2024\\\/05\\\/01\\\/gazzedeki-hukumet-abd-ve-israilin-yardim-tiri-iddiasini-yalanladi\\\/#primaryimage\"},\"thumbnailUrl\":\"https:\\\/\\\/kuzeyinsesi.org\\\/wp-content\\\/uploads\\\/2024\\\/05\\\/gazze-yardim-tiri-afp-2150859.jpg\",\"datePublished\":\"2024-05-01T18:27:25+00:00\",\"author\":{\"@id\":\"https:\\\/\\\/kuzeyinsesi.org\\\/#\\\/schema\\\/person\\\/9f859689cdf01485597712386e37f5aa\"},\"breadcrumb\":{\"@id\":\"https:\\\/\\\/kuzeyinsesi.org\\\/index.php\\\/2024\\\/05\\\/01\\\/gazzedeki-hukumet-abd-ve-israilin-yardim-tiri-iddiasini-yalanladi\\\/#breadcrumb\"},\"inLanguage\":\"tr\",\"potentialAction\":[{\"@type\":\"ReadAction\",\"target\":[\"https:\\\/\\\/kuzeyinsesi.org\\\/index.php\\\/2024\\\/05\\\/01\\\/gazzedeki-hukumet-abd-ve-israilin-yardim-tiri-iddiasini-yalanladi\\\/\"]}]},{\"@type\":\"ImageObject\",\"inLanguage\":\"tr\",\"@id\":\"https:\\\/\\\/kuzeyinsesi.org\\\/index.php\\\/2024\\\/05\\\/01\\\/gazzedeki-hukumet-abd-ve-israilin-yardim-tiri-iddiasini-yalanladi\\\/#primaryimage\",\"url\":\"https:\\\/\\\/kuzeyinsesi.org\\\/wp-content\\\/uploads\\\/2024\\\/05\\\/gazze-yardim-tiri-afp-2150859.jpg\",\"contentUrl\":\"https:\\\/\\\/kuzeyinsesi.org\\\/wp-content\\\/uploads\\\/2024\\\/05\\\/gazze-yardim-tiri-afp-2150859.jpg\",\"width\":1280,\"height\":720},{\"@type\":\"BreadcrumbList\",\"@id\":\"https:\\\/\\\/kuzeyinsesi.org\\\/index.php\\\/2024\\\/05\\\/01\\\/gazzedeki-hukumet-abd-ve-israilin-yardim-tiri-iddiasini-yalanladi\\\/#breadcrumb\",\"itemListElement\":[{\"@type\":\"ListItem\",\"position\":1,\"name\":\"Anasayfa\",\"item\":\"https:\\\/\\\/kuzeyinsesi.org\\\/\"},{\"@type\":\"ListItem\",\"position\":2,\"name\":\"Gazze&#039;deki h\u00fck\u00fcmet ABD ve \u0130srail&#039;in &#039;yard\u0131m t\u0131r\u0131&#039; iddias\u0131n\u0131 yalanlad\u0131\"}]},{\"@type\":\"WebSite\",\"@id\":\"https:\\\/\\\/kuzeyinsesi.org\\\/#website\",\"url\":\"https:\\\/\\\/kuzeyinsesi.org\\\/\",\"name\":\"Kuzeyin Sesi\",\"description\":\"Do\u011fru Haberin Adresi\",\"potentialAction\":[{\"@type\":\"SearchAction\",\"target\":{\"@type\":\"EntryPoint\",\"urlTemplate\":\"https:\\\/\\\/kuzeyinsesi.org\\\/?s={search_term_string}\"},\"query-input\":{\"@type\":\"PropertyValueSpecification\",\"valueRequired\":true,\"valueName\":\"search_term_string\"}}],\"inLanguage\":\"tr\"},{\"@type\":\"Person\",\"@id\":\"https:\\\/\\\/kuzeyinsesi.org\\\/#\\\/schema\\\/person\\\/9f859689cdf01485597712386e37f5aa\",\"name\":\"Kuzeyin Sesi\",\"image\":{\"@type\":\"ImageObject\",\"inLanguage\":\"tr\",\"@id\":\"https:\\\/\\\/secure.gravatar.com\\\/avatar\\\/bab33852abfd8b282518d6ed81826833d77c3c882d9ab608add591ccace47a44?s=96&d=mm&r=g\",\"url\":\"https:\\\/\\\/secure.gravatar.com\\\/avatar\\\/bab33852abfd8b282518d6ed81826833d77c3c882d9ab608add591ccace47a44?s=96&d=mm&r=g\",\"contentUrl\":\"https:\\\/\\\/secure.gravatar.com\\\/avatar\\\/bab33852abfd8b282518d6ed81826833d77c3c882d9ab608add591ccace47a44?s=96&d=mm&r=g\",\"caption\":\"Kuzeyin Sesi\"},\"sameAs\":[\"https:\\\/\\\/kuzeyinsesi.org\"],\"url\":\"https:\\\/\\\/kuzeyinsesi.org\\\/index.php\\\/author\\\/guven\\\/\"}]}<\/script>\n<!-- \/ Yoast SEO plugin. -->","yoast_head_json":{"title":"Gazze&#039;deki h\u00fck\u00fcmet ABD ve \u0130srail&#039;in &#039;yard\u0131m t\u0131r\u0131&#039; iddias\u0131n\u0131 yalanlad\u0131 - Kuzeyin Sesi","robots":{"index":"index","follow":"follow","max-snippet":"max-snippet:-1","max-image-preview":"max-image-preview:large","max-video-preview":"max-video-preview:-1"},"canonical":"https:\/\/kuzeyinsesi.org\/index.php\/2024\/05\/01\/gazzedeki-hukumet-abd-ve-israilin-yardim-tiri-iddiasini-yalanladi\/","og_locale":"tr_TR","og_type":"article","og_title":"Gazze&#039;deki h\u00fck\u00fcmet ABD ve \u0130srail&#039;in &#039;yard\u0131m t\u0131r\u0131&#039; iddias\u0131n\u0131 yalanlad\u0131 - Kuzeyin Sesi","og_description":"&#13; Gazze&#8217;deki h\u00fck\u00fcmetin Medya Ofisi Ba\u015fkan\u0131 Selame Maruf, yapt\u0131\u011f\u0131 yaz\u0131l\u0131 a\u00e7\u0131klamada, ABD ve \u0130srail&#8217;in Gazze&#8217;ye g\u00fcnde 300 ila 400 yard\u0131m t\u0131r\u0131 girdi\u011fi y\u00f6n\u00fcndeki a\u00e7\u0131klamalar\u0131n\u0131 yalanlad\u0131. &#13; Maruf, &#8220;Ge\u00e7ti\u011fimiz nisan ay\u0131nda Gazze&#8217;ye 4 bin 887 yard\u0131m t\u0131r\u0131 giri\u015f yapt\u0131. Bu t\u0131rlar\u0131n 1166&#8217;s\u0131 Refah S\u0131n\u0131r Kap\u0131s\u0131&#8217;ndan ve 3 bin 721 t\u0131r Kerem Ebu Salim (\u015ealom) S\u0131n\u0131r Kap\u0131s\u0131&#8217;ndan [&hellip;]","og_url":"https:\/\/kuzeyinsesi.org\/index.php\/2024\/05\/01\/gazzedeki-hukumet-abd-ve-israilin-yardim-tiri-iddiasini-yalanladi\/","og_site_name":"Kuzeyin Sesi","article_publisher":"https:\/\/www.facebook.com\/kuzeyinsesii","article_published_time":"2024-05-01T18:27:25+00:00","og_image":[{"width":1280,"height":720,"url":"https:\/\/kuzeyinsesi.org\/wp-content\/uploads\/2024\/05\/gazze-yardim-tiri-afp-2150859.jpg","type":"image\/jpeg"}],"author":"Kuzeyin Sesi","twitter_card":"summary_large_image","twitter_creator":"@kuzeyinsesii","twitter_site":"@kuzeyinsesii","twitter_misc":{"Yazan:":"Kuzeyin Sesi","Tahmini okuma s\u00fcresi":"2 dakika"},"schema":{"@context":"https:\/\/schema.org","@graph":[{"@type":"Article","@id":"https:\/\/kuzeyinsesi.org\/index.php\/2024\/05\/01\/gazzedeki-hukumet-abd-ve-israilin-yardim-tiri-iddiasini-yalanladi\/#article","isPartOf":{"@id":"https:\/\/kuzeyinsesi.org\/index.php\/2024\/05\/01\/gazzedeki-hukumet-abd-ve-israilin-yardim-tiri-iddiasini-yalanladi\/"},"author":{"name":"Kuzeyin Sesi","@id":"https:\/\/kuzeyinsesi.org\/#\/schema\/person\/9f859689cdf01485597712386e37f5aa"},"headline":"Gazze&#039;deki h\u00fck\u00fcmet ABD ve \u0130srail&#039;in &#039;yard\u0131m t\u0131r\u0131&#039; iddias\u0131n\u0131 yalanlad\u0131","datePublished":"2024-05-01T18:27:25+00:00","mainEntityOfPage":{"@id":"https:\/\/kuzeyinsesi.org\/index.php\/2024\/05\/01\/gazzedeki-hukumet-abd-ve-israilin-yardim-tiri-iddiasini-yalanladi\/"},"wordCount":364,"commentCount":0,"image":{"@id":"https:\/\/kuzeyinsesi.org\/index.php\/2024\/05\/01\/gazzedeki-hukumet-abd-ve-israilin-yardim-tiri-iddiasini-yalanladi\/#primaryimage"},"thumbnailUrl":"https:\/\/kuzeyinsesi.org\/wp-content\/uploads\/2024\/05\/gazze-yardim-tiri-afp-2150859.jpg","articleSection":["D\u00fcnya"],"inLanguage":"tr","potentialAction":[{"@type":"CommentAction","name":"Comment","target":["https:\/\/kuzeyinsesi.org\/index.php\/2024\/05\/01\/gazzedeki-hukumet-abd-ve-israilin-yardim-tiri-iddiasini-yalanladi\/#respond"]}]},{"@type":"WebPage","@id":"https:\/\/kuzeyinsesi.org\/index.php\/2024\/05\/01\/gazzedeki-hukumet-abd-ve-israilin-yardim-tiri-iddiasini-yalanladi\/","url":"https:\/\/kuzeyinsesi.org\/index.php\/2024\/05\/01\/gazzedeki-hukumet-abd-ve-israilin-yardim-tiri-iddiasini-yalanladi\/","name":"Gazze&#039;deki h\u00fck\u00fcmet ABD ve \u0130srail&#039;in &#039;yard\u0131m t\u0131r\u0131&#039; iddias\u0131n\u0131 yalanlad\u0131 - Kuzeyin Sesi","isPartOf":{"@id":"https:\/\/kuzeyinsesi.org\/#website"},"primaryImageOfPage":{"@id":"https:\/\/kuzeyinsesi.org\/index.php\/2024\/05\/01\/gazzedeki-hukumet-abd-ve-israilin-yardim-tiri-iddiasini-yalanladi\/#primaryimage"},"image":{"@id":"https:\/\/kuzeyinsesi.org\/index.php\/2024\/05\/01\/gazzedeki-hukumet-abd-ve-israilin-yardim-tiri-iddiasini-yalanladi\/#primaryimage"},"thumbnailUrl":"https:\/\/kuzeyinsesi.org\/wp-content\/uploads\/2024\/05\/gazze-yardim-tiri-afp-2150859.jpg","datePublished":"2024-05-01T18:27:25+00:00","author":{"@id":"https:\/\/kuzeyinsesi.org\/#\/schema\/person\/9f859689cdf01485597712386e37f5aa"},"breadcrumb":{"@id":"https:\/\/kuzeyinsesi.org\/index.php\/2024\/05\/01\/gazzedeki-hukumet-abd-ve-israilin-yardim-tiri-iddiasini-yalanladi\/#breadcrumb"},"inLanguage":"tr","potentialAction":[{"@type":"ReadAction","target":["https:\/\/kuzeyinsesi.org\/index.php\/2024\/05\/01\/gazzedeki-hukumet-abd-ve-israilin-yardim-tiri-iddiasini-yalanladi\/"]}]},{"@type":"ImageObject","inLanguage":"tr","@id":"https:\/\/kuzeyinsesi.org\/index.php\/2024\/05\/01\/gazzedeki-hukumet-abd-ve-israilin-yardim-tiri-iddiasini-yalanladi\/#primaryimage","url":"https:\/\/kuzeyinsesi.org\/wp-content\/uploads\/2024\/05\/gazze-yardim-tiri-afp-2150859.jpg","contentUrl":"https:\/\/kuzeyinsesi.org\/wp-content\/uploads\/2024\/05\/gazze-yardim-tiri-afp-2150859.jpg","width":1280,"height":720},{"@type":"BreadcrumbList","@id":"https:\/\/kuzeyinsesi.org\/index.php\/2024\/05\/01\/gazzedeki-hukumet-abd-ve-israilin-yardim-tiri-iddiasini-yalanladi\/#breadcrumb","itemListElement":[{"@type":"ListItem","position":1,"name":"Anasayfa","item":"https:\/\/kuzeyinsesi.org\/"},{"@type":"ListItem","position":2,"name":"Gazze&#039;deki h\u00fck\u00fcmet ABD ve \u0130srail&#039;in &#039;yard\u0131m t\u0131r\u0131&#039; iddias\u0131n\u0131 yalanlad\u0131"}]},{"@type":"WebSite","@id":"https:\/\/kuzeyinsesi.org\/#website","url":"https:\/\/kuzeyinsesi.org\/","name":"Kuzeyin Sesi","description":"Do\u011fru Haberin Adresi","potentialAction":[{"@type":"SearchAction","target":{"@type":"EntryPoint","urlTemplate":"https:\/\/kuzeyinsesi.org\/?s={search_term_string}"},"query-input":{"@type":"PropertyValueSpecification","valueRequired":true,"valueName":"search_term_string"}}],"inLanguage":"tr"},{"@type":"Person","@id":"https:\/\/kuzeyinsesi.org\/#\/schema\/person\/9f859689cdf01485597712386e37f5aa","name":"Kuzeyin Sesi","image":{"@type":"ImageObject","inLanguage":"tr","@id":"https:\/\/secure.gravatar.com\/avatar\/bab33852abfd8b282518d6ed81826833d77c3c882d9ab608add591ccace47a44?s=96&d=mm&r=g","url":"https:\/\/secure.gravatar.com\/avatar\/bab33852abfd8b282518d6ed81826833d77c3c882d9ab608add591ccace47a44?s=96&d=mm&r=g","contentUrl":"https:\/\/secure.gravatar.com\/avatar\/bab33852abfd8b282518d6ed81826833d77c3c882d9ab608add591ccace47a44?s=96&d=mm&r=g","caption":"Kuzeyin Sesi"},"sameAs":["https:\/\/kuzeyinsesi.org"],"url":"https:\/\/kuzeyinsesi.org\/index.php\/author\/guven\/"}]}},"_links":{"self":[{"href":"https:\/\/kuzeyinsesi.org\/index.php\/wp-json\/wp\/v2\/posts\/1154","targetHints":{"allow":["GET"]}}],"collection":[{"href":"https:\/\/kuzeyinsesi.org\/index.php\/wp-json\/wp\/v2\/posts"}],"about":[{"href":"https:\/\/kuzeyinsesi.org\/index.php\/wp-json\/wp\/v2\/types\/post"}],"author":[{"embeddable":true,"href":"https:\/\/kuzeyinsesi.org\/index.php\/wp-json\/wp\/v2\/users\/1"}],"replies":[{"embeddable":true,"href":"https:\/\/kuzeyinsesi.org\/index.php\/wp-json\/wp\/v2\/comments?post=1154"}],"version-history":[{"count":0,"href":"https:\/\/kuzeyinsesi.org\/index.php\/wp-json\/wp\/v2\/posts\/1154\/revisions"}],"wp:featuredmedia":[{"embeddable":true,"href":"https:\/\/kuzeyinsesi.org\/index.php\/wp-json\/wp\/v2\/media\/1155"}],"wp:attachment":[{"href":"https:\/\/kuzeyinsesi.org\/index.php\/wp-json\/wp\/v2\/media?parent=1154"}],"wp:term":[{"taxonomy":"category","embeddable":true,"href":"https:\/\/kuzeyinsesi.org\/index.php\/wp-json\/wp\/v2\/categories?post=1154"},{"taxonomy":"post_tag","embeddable":true,"href":"https:\/\/kuzeyinsesi.org\/index.php\/wp-json\/wp\/v2\/tags?post=1154"}],"curies":[{"name":"wp","href":"https:\/\/api.w.org\/{rel}","templated":true}]}}