{"id":11507,"date":"2024-10-14T11:21:29","date_gmt":"2024-10-14T08:21:29","guid":{"rendered":"https:\/\/kuzeyinsesi.org\/index.php\/2024\/10\/14\/turkan-soray-yarin-kktcye-gelecek\/"},"modified":"2024-10-14T11:21:29","modified_gmt":"2024-10-14T08:21:29","slug":"turkan-soray-yarin-kktcye-gelecek","status":"publish","type":"post","link":"https:\/\/kuzeyinsesi.org\/index.php\/2024\/10\/14\/turkan-soray-yarin-kktcye-gelecek\/","title":{"rendered":"T\u00fcrkan \u015eoray, yar\u0131n KKTC\u2019ye gelecek"},"content":{"rendered":"<div>\n<div class=\"mariselle-image-container center\">\n                                            <\/div>\n<p> T\u00fcrk sinemas\u0131 oyuncusu T\u00fcrkan \u015eoray, Girne Amerikan \u00dcniversitesi\u2019nin (GA\u00dc) 40\u2019\u0131nc\u0131 kurulu\u015f y\u0131ld\u00f6n\u00fcm\u00fc kutlamalar\u0131na kat\u0131lmak i\u00e7in yar\u0131n KKTC\u2019ye geliyor.<\/p>\n<p>GA\u00dc\u2019den yap\u0131lan a\u00e7\u0131klamada, Girne Amerikan \u00dcniversitesi\u2019nin davetlisi olarak, GA\u00dc \u0130leti\u015fim Fak\u00fcltesi koordinasyonunda; GA\u00dc\u2019n\u00fcn 40\u2019\u0131nc\u0131 kurulu\u015f y\u0131ld\u00f6n\u00fcm\u00fcn\u00fcn kutlanaca\u011f\u0131 2024-2025 akademik y\u0131l\u0131n\u0131n a\u00e7\u0131l\u0131\u015f t\u00f6renine kat\u0131lacak T\u00fcrkan \u015eoray\u2019a \u201cfahri doktora\u201d unvan\u0131 verilecek. <\/p>\n<p>GA\u00dc \u0130leti\u015fim Fak\u00fcltesi Dekan\u0131 Prof. Dr. Neriman Sayg\u0131l\u0131, T\u00fcrkan \u015eoray\u2019\u0131n yar\u0131n saat 15.00\u2019de tarifeli bir seferle gelece\u011fi Ercan Uluslararas\u0131 Havaliman\u0131\u2019nda \u00fcniversite yetkilileri taraf\u0131ndan kar\u015f\u0131lanaca\u011f\u0131n\u0131 belirtti. <\/p>\n<p>Kar\u015f\u0131lama sonras\u0131 Lefko\u015fa\u2019da k\u0131sa bir \u015fehir turu ard\u0131ndan \u201cT\u00fcrk sinemas\u0131n\u0131n sultan\u0131\u201d T\u00fcrkan \u015eoray, saat 17.00\u2019de Merhum Kurucu Cumhurba\u015fkan\u0131 Rauf Raif Denkta\u015f\u2019\u0131n An\u0131t Mezar\u0131\u2019n\u0131 ziyaret edecek. Bu esnada \u015eoray\u2019a, Serdar Denkta\u015f ile di\u011fer aile fertleri e\u015flik edecek.<\/p>\n<\/p><\/div>\n<p><script async\n                    defer\n                    crossorigin=\"anonymous\"\n                    src=\"https:\/\/connect.facebook.net\/tr_TR\/sdk.js#xfbml=1&#038;version=v3.3\"\n            ><\/script><\/p>\n","protected":false},"excerpt":{"rendered":"<p>T\u00fcrk sinemas\u0131 oyuncusu T\u00fcrkan \u015eoray, Girne Amerikan \u00dcniversitesi\u2019nin (GA\u00dc) 40\u2019\u0131nc\u0131 kurulu\u015f y\u0131ld\u00f6n\u00fcm\u00fc kutlamalar\u0131na kat\u0131lmak i\u00e7in yar\u0131n KKTC\u2019ye geliyor. GA\u00dc\u2019den yap\u0131lan a\u00e7\u0131klamada, Girne Amerikan \u00dcniversitesi\u2019nin davetlisi olarak, GA\u00dc \u0130leti\u015fim Fak\u00fcltesi koordinasyonunda; GA\u00dc\u2019n\u00fcn 40\u2019\u0131nc\u0131 kurulu\u015f y\u0131ld\u00f6n\u00fcm\u00fcn\u00fcn kutlanaca\u011f\u0131 2024-2025 akademik y\u0131l\u0131n\u0131n a\u00e7\u0131l\u0131\u015f t\u00f6renine kat\u0131lacak T\u00fcrkan \u015eoray\u2019a \u201cfahri doktora\u201d unvan\u0131 verilecek. GA\u00dc \u0130leti\u015fim Fak\u00fcltesi Dekan\u0131 Prof. Dr. Neriman Sayg\u0131l\u0131, [&hellip;]<\/p>\n","protected":false},"author":1,"featured_media":11508,"comment_status":"open","ping_status":"open","sticky":false,"template":"","format":"standard","meta":{"jnews-multi-image_gallery":[],"jnews_single_post":[],"jnews_primary_category":[],"jnews_social_meta":[],"jnews_override_counter":[],"footnotes":""},"categories":[6],"tags":[],"class_list":["post-11507","post","type-post","status-publish","format-standard","has-post-thumbnail","hentry","category-yasam"],"yoast_head":"<!-- This site is optimized with the Yoast SEO plugin v27.4 - https:\/\/yoast.com\/product\/yoast-seo-wordpress\/ -->\n<title>T\u00fcrkan \u015eoray, yar\u0131n KKTC\u2019ye gelecek - Kuzeyin Sesi<\/title>\n<meta name=\"robots\" content=\"index, follow, max-snippet:-1, max-image-preview:large, max-video-preview:-1\" \/>\n<link rel=\"canonical\" href=\"https:\/\/kuzeyinsesi.org\/index.php\/2024\/10\/14\/turkan-soray-yarin-kktcye-gelecek\/\" \/>\n<meta property=\"og:locale\" content=\"tr_TR\" \/>\n<meta property=\"og:type\" content=\"article\" \/>\n<meta property=\"og:title\" content=\"T\u00fcrkan \u015eoray, yar\u0131n KKTC\u2019ye gelecek - Kuzeyin Sesi\" \/>\n<meta property=\"og:description\" content=\"T\u00fcrk sinemas\u0131 oyuncusu T\u00fcrkan \u015eoray, Girne Amerikan \u00dcniversitesi\u2019nin (GA\u00dc) 40\u2019\u0131nc\u0131 kurulu\u015f y\u0131ld\u00f6n\u00fcm\u00fc kutlamalar\u0131na kat\u0131lmak i\u00e7in yar\u0131n KKTC\u2019ye geliyor. GA\u00dc\u2019den yap\u0131lan a\u00e7\u0131klamada, Girne Amerikan \u00dcniversitesi\u2019nin davetlisi olarak, GA\u00dc \u0130leti\u015fim Fak\u00fcltesi koordinasyonunda; GA\u00dc\u2019n\u00fcn 40\u2019\u0131nc\u0131 kurulu\u015f y\u0131ld\u00f6n\u00fcm\u00fcn\u00fcn kutlanaca\u011f\u0131 2024-2025 akademik y\u0131l\u0131n\u0131n a\u00e7\u0131l\u0131\u015f t\u00f6renine kat\u0131lacak T\u00fcrkan \u015eoray\u2019a \u201cfahri doktora\u201d unvan\u0131 verilecek. GA\u00dc \u0130leti\u015fim Fak\u00fcltesi Dekan\u0131 Prof. Dr. Neriman Sayg\u0131l\u0131, [&hellip;]\" \/>\n<meta property=\"og:url\" content=\"https:\/\/kuzeyinsesi.org\/index.php\/2024\/10\/14\/turkan-soray-yarin-kktcye-gelecek\/\" \/>\n<meta property=\"og:site_name\" content=\"Kuzeyin Sesi\" \/>\n<meta property=\"article:publisher\" content=\"https:\/\/www.facebook.com\/kuzeyinsesii\" \/>\n<meta property=\"article:published_time\" content=\"2024-10-14T08:21:29+00:00\" \/>\n<meta property=\"og:image\" content=\"https:\/\/brtk.net\/wp-content\/uploads\/2024\/10\/14\/turkan.jpg?ver=ec5d94b66959f1ca65749a3afb37d382\" \/>\n<meta name=\"author\" content=\"Kuzeyin Sesi\" \/>\n<meta name=\"twitter:card\" content=\"summary_large_image\" \/>\n<meta name=\"twitter:creator\" content=\"@kuzeyinsesii\" \/>\n<meta name=\"twitter:site\" content=\"@kuzeyinsesii\" \/>\n<meta name=\"twitter:label1\" content=\"Yazan:\" \/>\n\t<meta name=\"twitter:data1\" content=\"Kuzeyin Sesi\" \/>\n\t<meta name=\"twitter:label2\" content=\"Tahmini okuma s\u00fcresi\" \/>\n\t<meta name=\"twitter:data2\" content=\"1 dakika\" \/>\n<script type=\"application\/ld+json\" class=\"yoast-schema-graph\">{\"@context\":\"https:\\\/\\\/schema.org\",\"@graph\":[{\"@type\":\"Article\",\"@id\":\"https:\\\/\\\/kuzeyinsesi.org\\\/index.php\\\/2024\\\/10\\\/14\\\/turkan-soray-yarin-kktcye-gelecek\\\/#article\",\"isPartOf\":{\"@id\":\"https:\\\/\\\/kuzeyinsesi.org\\\/index.php\\\/2024\\\/10\\\/14\\\/turkan-soray-yarin-kktcye-gelecek\\\/\"},\"author\":{\"name\":\"Kuzeyin Sesi\",\"@id\":\"https:\\\/\\\/kuzeyinsesi.org\\\/#\\\/schema\\\/person\\\/9f859689cdf01485597712386e37f5aa\"},\"headline\":\"T\u00fcrkan \u015eoray, yar\u0131n KKTC\u2019ye gelecek\",\"datePublished\":\"2024-10-14T08:21:29+00:00\",\"mainEntityOfPage\":{\"@id\":\"https:\\\/\\\/kuzeyinsesi.org\\\/index.php\\\/2024\\\/10\\\/14\\\/turkan-soray-yarin-kktcye-gelecek\\\/\"},\"wordCount\":175,\"commentCount\":0,\"image\":{\"@id\":\"https:\\\/\\\/kuzeyinsesi.org\\\/index.php\\\/2024\\\/10\\\/14\\\/turkan-soray-yarin-kktcye-gelecek\\\/#primaryimage\"},\"thumbnailUrl\":\"https:\\\/\\\/kuzeyinsesi.org\\\/wp-content\\\/uploads\\\/2024\\\/10\\\/turkan.jpg\",\"articleSection\":[\"Ya\u015fam\"],\"inLanguage\":\"tr\",\"potentialAction\":[{\"@type\":\"CommentAction\",\"name\":\"Comment\",\"target\":[\"https:\\\/\\\/kuzeyinsesi.org\\\/index.php\\\/2024\\\/10\\\/14\\\/turkan-soray-yarin-kktcye-gelecek\\\/#respond\"]}]},{\"@type\":\"WebPage\",\"@id\":\"https:\\\/\\\/kuzeyinsesi.org\\\/index.php\\\/2024\\\/10\\\/14\\\/turkan-soray-yarin-kktcye-gelecek\\\/\",\"url\":\"https:\\\/\\\/kuzeyinsesi.org\\\/index.php\\\/2024\\\/10\\\/14\\\/turkan-soray-yarin-kktcye-gelecek\\\/\",\"name\":\"T\u00fcrkan \u015eoray, yar\u0131n KKTC\u2019ye gelecek - Kuzeyin Sesi\",\"isPartOf\":{\"@id\":\"https:\\\/\\\/kuzeyinsesi.org\\\/#website\"},\"primaryImageOfPage\":{\"@id\":\"https:\\\/\\\/kuzeyinsesi.org\\\/index.php\\\/2024\\\/10\\\/14\\\/turkan-soray-yarin-kktcye-gelecek\\\/#primaryimage\"},\"image\":{\"@id\":\"https:\\\/\\\/kuzeyinsesi.org\\\/index.php\\\/2024\\\/10\\\/14\\\/turkan-soray-yarin-kktcye-gelecek\\\/#primaryimage\"},\"thumbnailUrl\":\"https:\\\/\\\/kuzeyinsesi.org\\\/wp-content\\\/uploads\\\/2024\\\/10\\\/turkan.jpg\",\"datePublished\":\"2024-10-14T08:21:29+00:00\",\"author\":{\"@id\":\"https:\\\/\\\/kuzeyinsesi.org\\\/#\\\/schema\\\/person\\\/9f859689cdf01485597712386e37f5aa\"},\"breadcrumb\":{\"@id\":\"https:\\\/\\\/kuzeyinsesi.org\\\/index.php\\\/2024\\\/10\\\/14\\\/turkan-soray-yarin-kktcye-gelecek\\\/#breadcrumb\"},\"inLanguage\":\"tr\",\"potentialAction\":[{\"@type\":\"ReadAction\",\"target\":[\"https:\\\/\\\/kuzeyinsesi.org\\\/index.php\\\/2024\\\/10\\\/14\\\/turkan-soray-yarin-kktcye-gelecek\\\/\"]}]},{\"@type\":\"ImageObject\",\"inLanguage\":\"tr\",\"@id\":\"https:\\\/\\\/kuzeyinsesi.org\\\/index.php\\\/2024\\\/10\\\/14\\\/turkan-soray-yarin-kktcye-gelecek\\\/#primaryimage\",\"url\":\"https:\\\/\\\/kuzeyinsesi.org\\\/wp-content\\\/uploads\\\/2024\\\/10\\\/turkan.jpg\",\"contentUrl\":\"https:\\\/\\\/kuzeyinsesi.org\\\/wp-content\\\/uploads\\\/2024\\\/10\\\/turkan.jpg\",\"width\":1280,\"height\":720},{\"@type\":\"BreadcrumbList\",\"@id\":\"https:\\\/\\\/kuzeyinsesi.org\\\/index.php\\\/2024\\\/10\\\/14\\\/turkan-soray-yarin-kktcye-gelecek\\\/#breadcrumb\",\"itemListElement\":[{\"@type\":\"ListItem\",\"position\":1,\"name\":\"Anasayfa\",\"item\":\"https:\\\/\\\/kuzeyinsesi.org\\\/\"},{\"@type\":\"ListItem\",\"position\":2,\"name\":\"T\u00fcrkan \u015eoray, yar\u0131n KKTC\u2019ye gelecek\"}]},{\"@type\":\"WebSite\",\"@id\":\"https:\\\/\\\/kuzeyinsesi.org\\\/#website\",\"url\":\"https:\\\/\\\/kuzeyinsesi.org\\\/\",\"name\":\"Kuzeyin Sesi\",\"description\":\"Do\u011fru Haberin Adresi\",\"potentialAction\":[{\"@type\":\"SearchAction\",\"target\":{\"@type\":\"EntryPoint\",\"urlTemplate\":\"https:\\\/\\\/kuzeyinsesi.org\\\/?s={search_term_string}\"},\"query-input\":{\"@type\":\"PropertyValueSpecification\",\"valueRequired\":true,\"valueName\":\"search_term_string\"}}],\"inLanguage\":\"tr\"},{\"@type\":\"Person\",\"@id\":\"https:\\\/\\\/kuzeyinsesi.org\\\/#\\\/schema\\\/person\\\/9f859689cdf01485597712386e37f5aa\",\"name\":\"Kuzeyin Sesi\",\"image\":{\"@type\":\"ImageObject\",\"inLanguage\":\"tr\",\"@id\":\"https:\\\/\\\/secure.gravatar.com\\\/avatar\\\/bab33852abfd8b282518d6ed81826833d77c3c882d9ab608add591ccace47a44?s=96&d=mm&r=g\",\"url\":\"https:\\\/\\\/secure.gravatar.com\\\/avatar\\\/bab33852abfd8b282518d6ed81826833d77c3c882d9ab608add591ccace47a44?s=96&d=mm&r=g\",\"contentUrl\":\"https:\\\/\\\/secure.gravatar.com\\\/avatar\\\/bab33852abfd8b282518d6ed81826833d77c3c882d9ab608add591ccace47a44?s=96&d=mm&r=g\",\"caption\":\"Kuzeyin Sesi\"},\"sameAs\":[\"https:\\\/\\\/kuzeyinsesi.org\"],\"url\":\"https:\\\/\\\/kuzeyinsesi.org\\\/index.php\\\/author\\\/guven\\\/\"}]}<\/script>\n<!-- \/ Yoast SEO plugin. -->","yoast_head_json":{"title":"T\u00fcrkan \u015eoray, yar\u0131n KKTC\u2019ye gelecek - Kuzeyin Sesi","robots":{"index":"index","follow":"follow","max-snippet":"max-snippet:-1","max-image-preview":"max-image-preview:large","max-video-preview":"max-video-preview:-1"},"canonical":"https:\/\/kuzeyinsesi.org\/index.php\/2024\/10\/14\/turkan-soray-yarin-kktcye-gelecek\/","og_locale":"tr_TR","og_type":"article","og_title":"T\u00fcrkan \u015eoray, yar\u0131n KKTC\u2019ye gelecek - Kuzeyin Sesi","og_description":"T\u00fcrk sinemas\u0131 oyuncusu T\u00fcrkan \u015eoray, Girne Amerikan \u00dcniversitesi\u2019nin (GA\u00dc) 40\u2019\u0131nc\u0131 kurulu\u015f y\u0131ld\u00f6n\u00fcm\u00fc kutlamalar\u0131na kat\u0131lmak i\u00e7in yar\u0131n KKTC\u2019ye geliyor. GA\u00dc\u2019den yap\u0131lan a\u00e7\u0131klamada, Girne Amerikan \u00dcniversitesi\u2019nin davetlisi olarak, GA\u00dc \u0130leti\u015fim Fak\u00fcltesi koordinasyonunda; GA\u00dc\u2019n\u00fcn 40\u2019\u0131nc\u0131 kurulu\u015f y\u0131ld\u00f6n\u00fcm\u00fcn\u00fcn kutlanaca\u011f\u0131 2024-2025 akademik y\u0131l\u0131n\u0131n a\u00e7\u0131l\u0131\u015f t\u00f6renine kat\u0131lacak T\u00fcrkan \u015eoray\u2019a \u201cfahri doktora\u201d unvan\u0131 verilecek. GA\u00dc \u0130leti\u015fim Fak\u00fcltesi Dekan\u0131 Prof. Dr. Neriman Sayg\u0131l\u0131, [&hellip;]","og_url":"https:\/\/kuzeyinsesi.org\/index.php\/2024\/10\/14\/turkan-soray-yarin-kktcye-gelecek\/","og_site_name":"Kuzeyin Sesi","article_publisher":"https:\/\/www.facebook.com\/kuzeyinsesii","article_published_time":"2024-10-14T08:21:29+00:00","og_image":[{"url":"https:\/\/brtk.net\/wp-content\/uploads\/2024\/10\/14\/turkan.jpg?ver=ec5d94b66959f1ca65749a3afb37d382","type":"","width":"","height":""}],"author":"Kuzeyin Sesi","twitter_card":"summary_large_image","twitter_creator":"@kuzeyinsesii","twitter_site":"@kuzeyinsesii","twitter_misc":{"Yazan:":"Kuzeyin Sesi","Tahmini okuma s\u00fcresi":"1 dakika"},"schema":{"@context":"https:\/\/schema.org","@graph":[{"@type":"Article","@id":"https:\/\/kuzeyinsesi.org\/index.php\/2024\/10\/14\/turkan-soray-yarin-kktcye-gelecek\/#article","isPartOf":{"@id":"https:\/\/kuzeyinsesi.org\/index.php\/2024\/10\/14\/turkan-soray-yarin-kktcye-gelecek\/"},"author":{"name":"Kuzeyin Sesi","@id":"https:\/\/kuzeyinsesi.org\/#\/schema\/person\/9f859689cdf01485597712386e37f5aa"},"headline":"T\u00fcrkan \u015eoray, yar\u0131n KKTC\u2019ye gelecek","datePublished":"2024-10-14T08:21:29+00:00","mainEntityOfPage":{"@id":"https:\/\/kuzeyinsesi.org\/index.php\/2024\/10\/14\/turkan-soray-yarin-kktcye-gelecek\/"},"wordCount":175,"commentCount":0,"image":{"@id":"https:\/\/kuzeyinsesi.org\/index.php\/2024\/10\/14\/turkan-soray-yarin-kktcye-gelecek\/#primaryimage"},"thumbnailUrl":"https:\/\/kuzeyinsesi.org\/wp-content\/uploads\/2024\/10\/turkan.jpg","articleSection":["Ya\u015fam"],"inLanguage":"tr","potentialAction":[{"@type":"CommentAction","name":"Comment","target":["https:\/\/kuzeyinsesi.org\/index.php\/2024\/10\/14\/turkan-soray-yarin-kktcye-gelecek\/#respond"]}]},{"@type":"WebPage","@id":"https:\/\/kuzeyinsesi.org\/index.php\/2024\/10\/14\/turkan-soray-yarin-kktcye-gelecek\/","url":"https:\/\/kuzeyinsesi.org\/index.php\/2024\/10\/14\/turkan-soray-yarin-kktcye-gelecek\/","name":"T\u00fcrkan \u015eoray, yar\u0131n KKTC\u2019ye gelecek - Kuzeyin Sesi","isPartOf":{"@id":"https:\/\/kuzeyinsesi.org\/#website"},"primaryImageOfPage":{"@id":"https:\/\/kuzeyinsesi.org\/index.php\/2024\/10\/14\/turkan-soray-yarin-kktcye-gelecek\/#primaryimage"},"image":{"@id":"https:\/\/kuzeyinsesi.org\/index.php\/2024\/10\/14\/turkan-soray-yarin-kktcye-gelecek\/#primaryimage"},"thumbnailUrl":"https:\/\/kuzeyinsesi.org\/wp-content\/uploads\/2024\/10\/turkan.jpg","datePublished":"2024-10-14T08:21:29+00:00","author":{"@id":"https:\/\/kuzeyinsesi.org\/#\/schema\/person\/9f859689cdf01485597712386e37f5aa"},"breadcrumb":{"@id":"https:\/\/kuzeyinsesi.org\/index.php\/2024\/10\/14\/turkan-soray-yarin-kktcye-gelecek\/#breadcrumb"},"inLanguage":"tr","potentialAction":[{"@type":"ReadAction","target":["https:\/\/kuzeyinsesi.org\/index.php\/2024\/10\/14\/turkan-soray-yarin-kktcye-gelecek\/"]}]},{"@type":"ImageObject","inLanguage":"tr","@id":"https:\/\/kuzeyinsesi.org\/index.php\/2024\/10\/14\/turkan-soray-yarin-kktcye-gelecek\/#primaryimage","url":"https:\/\/kuzeyinsesi.org\/wp-content\/uploads\/2024\/10\/turkan.jpg","contentUrl":"https:\/\/kuzeyinsesi.org\/wp-content\/uploads\/2024\/10\/turkan.jpg","width":1280,"height":720},{"@type":"BreadcrumbList","@id":"https:\/\/kuzeyinsesi.org\/index.php\/2024\/10\/14\/turkan-soray-yarin-kktcye-gelecek\/#breadcrumb","itemListElement":[{"@type":"ListItem","position":1,"name":"Anasayfa","item":"https:\/\/kuzeyinsesi.org\/"},{"@type":"ListItem","position":2,"name":"T\u00fcrkan \u015eoray, yar\u0131n KKTC\u2019ye gelecek"}]},{"@type":"WebSite","@id":"https:\/\/kuzeyinsesi.org\/#website","url":"https:\/\/kuzeyinsesi.org\/","name":"Kuzeyin Sesi","description":"Do\u011fru Haberin Adresi","potentialAction":[{"@type":"SearchAction","target":{"@type":"EntryPoint","urlTemplate":"https:\/\/kuzeyinsesi.org\/?s={search_term_string}"},"query-input":{"@type":"PropertyValueSpecification","valueRequired":true,"valueName":"search_term_string"}}],"inLanguage":"tr"},{"@type":"Person","@id":"https:\/\/kuzeyinsesi.org\/#\/schema\/person\/9f859689cdf01485597712386e37f5aa","name":"Kuzeyin Sesi","image":{"@type":"ImageObject","inLanguage":"tr","@id":"https:\/\/secure.gravatar.com\/avatar\/bab33852abfd8b282518d6ed81826833d77c3c882d9ab608add591ccace47a44?s=96&d=mm&r=g","url":"https:\/\/secure.gravatar.com\/avatar\/bab33852abfd8b282518d6ed81826833d77c3c882d9ab608add591ccace47a44?s=96&d=mm&r=g","contentUrl":"https:\/\/secure.gravatar.com\/avatar\/bab33852abfd8b282518d6ed81826833d77c3c882d9ab608add591ccace47a44?s=96&d=mm&r=g","caption":"Kuzeyin Sesi"},"sameAs":["https:\/\/kuzeyinsesi.org"],"url":"https:\/\/kuzeyinsesi.org\/index.php\/author\/guven\/"}]}},"_links":{"self":[{"href":"https:\/\/kuzeyinsesi.org\/index.php\/wp-json\/wp\/v2\/posts\/11507","targetHints":{"allow":["GET"]}}],"collection":[{"href":"https:\/\/kuzeyinsesi.org\/index.php\/wp-json\/wp\/v2\/posts"}],"about":[{"href":"https:\/\/kuzeyinsesi.org\/index.php\/wp-json\/wp\/v2\/types\/post"}],"author":[{"embeddable":true,"href":"https:\/\/kuzeyinsesi.org\/index.php\/wp-json\/wp\/v2\/users\/1"}],"replies":[{"embeddable":true,"href":"https:\/\/kuzeyinsesi.org\/index.php\/wp-json\/wp\/v2\/comments?post=11507"}],"version-history":[{"count":0,"href":"https:\/\/kuzeyinsesi.org\/index.php\/wp-json\/wp\/v2\/posts\/11507\/revisions"}],"wp:featuredmedia":[{"embeddable":true,"href":"https:\/\/kuzeyinsesi.org\/index.php\/wp-json\/wp\/v2\/media\/11508"}],"wp:attachment":[{"href":"https:\/\/kuzeyinsesi.org\/index.php\/wp-json\/wp\/v2\/media?parent=11507"}],"wp:term":[{"taxonomy":"category","embeddable":true,"href":"https:\/\/kuzeyinsesi.org\/index.php\/wp-json\/wp\/v2\/categories?post=11507"},{"taxonomy":"post_tag","embeddable":true,"href":"https:\/\/kuzeyinsesi.org\/index.php\/wp-json\/wp\/v2\/tags?post=11507"}],"curies":[{"name":"wp","href":"https:\/\/api.w.org\/{rel}","templated":true}]}}