{"id":11489,"date":"2024-10-14T10:17:06","date_gmt":"2024-10-14T07:17:06","guid":{"rendered":"https:\/\/kuzeyinsesi.org\/index.php\/2024\/10\/14\/rauf-kasimov-bellapaiste-konser-verdi\/"},"modified":"2024-10-14T10:17:06","modified_gmt":"2024-10-14T07:17:06","slug":"rauf-kasimov-bellapaiste-konser-verdi","status":"publish","type":"post","link":"https:\/\/kuzeyinsesi.org\/index.php\/2024\/10\/14\/rauf-kasimov-bellapaiste-konser-verdi\/","title":{"rendered":"Rauf Kasimov, Bellapais\u2019te konser verdi"},"content":{"rendered":"<div>\n<div class=\"mariselle-image-container center\">\n                                            <\/div>\n<p>Yakla\u015f\u0131k yirmi y\u0131ld\u0131r Kuzey K\u0131br\u0131s\u2019ta ya\u015fayan Konser Piyanisti Rauf Kasimov cumartesi gecesi Bellapais\u2019te konser verdi. 22.Uluslararas\u0131 Kuzey K\u0131br\u0131s M\u00fczik Festivalindeki 70. ya\u015f konseriyle m\u00fczikte yakla\u015f\u0131k 65 y\u0131l\u0131n\u0131 dolduran sanat\u00e7\u0131, bu konserde hayat\u0131n\u0131n belirli d\u00f6nemlerini yans\u0131tan eserleri yorumlad\u0131.<\/p>\n<p>Kuzey K\u0131br\u0131s M\u00fczik Derne\u011fi\u2019nden yap\u0131lan a\u00e7\u0131klamaya g\u00f6re, Kasimov\u2019un 90 dakika s\u00fcren performans\u0131n\u0131 \u00e7ok say\u0131da sanatsever izledi.<\/p>\n<p>Kasimov gecede, s\u0131ras\u0131yla Albino-Giazotto Adagio, Handel-Passacaglia,  Mozart- Sonata in f major, Mozart- Fantasia in D minor, Clementi \u2013  Sonata in C major, Chopin \u2013  Mazurka in C minor, Scriapin- 7 pieces,  Piazolla- libertango, Mustafazade \u2013 Mart, Hac\u0131yev \u2013 Ballada, Prokofiev- Suggestion diaboligue isimli par\u00e7alar\u0131n\u0131 seslendirdi.<\/p>\n<p>Festival Komite Ba\u015fkan\u0131 Halil Kalgay, konser sonras\u0131 k\u0131sa bir konu\u015fma yaparak Kasimov\u2019u festivale katk\u0131lar\u0131ndan ve performans\u0131ndan dolay\u0131 tebrik etti ve sanat\u00e7\u0131n\u0131n 70. ya\u015f an\u0131s\u0131na Kuzey K\u0131br\u0131s M\u00fczik Derne\u011fi\u2019nin plaketini verdi. <\/p>\n<p>Sanat\u00e7\u0131 olarak asistanl\u0131\u011f\u0131n\u0131 yapan \u00f6\u011frencisi Burcu Akbatu ile do\u011fa\u00e7lama par\u00e7alar da seslendiren Kasimov\u2019un klasik m\u00fczik gecesi, ayakta alk\u0131\u015flar ve kendisine sunulan \u00e7i\u00e7eklerle son buldu.<\/p>\n<\/p><\/div>\n<p><script async\n                    defer\n                    crossorigin=\"anonymous\"\n                    src=\"https:\/\/connect.facebook.net\/tr_TR\/sdk.js#xfbml=1&#038;version=v3.3\"\n            ><\/script><\/p>\n","protected":false},"excerpt":{"rendered":"<p>Yakla\u015f\u0131k yirmi y\u0131ld\u0131r Kuzey K\u0131br\u0131s\u2019ta ya\u015fayan Konser Piyanisti Rauf Kasimov cumartesi gecesi Bellapais\u2019te konser verdi. 22.Uluslararas\u0131 Kuzey K\u0131br\u0131s M\u00fczik Festivalindeki 70. ya\u015f konseriyle m\u00fczikte yakla\u015f\u0131k 65 y\u0131l\u0131n\u0131 dolduran sanat\u00e7\u0131, bu konserde hayat\u0131n\u0131n belirli d\u00f6nemlerini yans\u0131tan eserleri yorumlad\u0131. Kuzey K\u0131br\u0131s M\u00fczik Derne\u011fi\u2019nden yap\u0131lan a\u00e7\u0131klamaya g\u00f6re, Kasimov\u2019un 90 dakika s\u00fcren performans\u0131n\u0131 \u00e7ok say\u0131da sanatsever izledi. Kasimov gecede, [&hellip;]<\/p>\n","protected":false},"author":1,"featured_media":11490,"comment_status":"open","ping_status":"open","sticky":false,"template":"","format":"standard","meta":{"jnews-multi-image_gallery":[],"jnews_single_post":[],"jnews_primary_category":[],"jnews_social_meta":[],"jnews_override_counter":[],"footnotes":""},"categories":[6],"tags":[],"class_list":["post-11489","post","type-post","status-publish","format-standard","has-post-thumbnail","hentry","category-yasam"],"yoast_head":"<!-- This site is optimized with the Yoast SEO plugin v27.4 - https:\/\/yoast.com\/product\/yoast-seo-wordpress\/ -->\n<title>Rauf Kasimov, Bellapais\u2019te konser verdi - Kuzeyin Sesi<\/title>\n<meta name=\"robots\" content=\"index, follow, max-snippet:-1, max-image-preview:large, max-video-preview:-1\" \/>\n<link rel=\"canonical\" href=\"https:\/\/kuzeyinsesi.org\/index.php\/2024\/10\/14\/rauf-kasimov-bellapaiste-konser-verdi\/\" \/>\n<meta property=\"og:locale\" content=\"tr_TR\" \/>\n<meta property=\"og:type\" content=\"article\" \/>\n<meta property=\"og:title\" content=\"Rauf Kasimov, Bellapais\u2019te konser verdi - Kuzeyin Sesi\" \/>\n<meta property=\"og:description\" content=\"Yakla\u015f\u0131k yirmi y\u0131ld\u0131r Kuzey K\u0131br\u0131s\u2019ta ya\u015fayan Konser Piyanisti Rauf Kasimov cumartesi gecesi Bellapais\u2019te konser verdi. 22.Uluslararas\u0131 Kuzey K\u0131br\u0131s M\u00fczik Festivalindeki 70. ya\u015f konseriyle m\u00fczikte yakla\u015f\u0131k 65 y\u0131l\u0131n\u0131 dolduran sanat\u00e7\u0131, bu konserde hayat\u0131n\u0131n belirli d\u00f6nemlerini yans\u0131tan eserleri yorumlad\u0131. Kuzey K\u0131br\u0131s M\u00fczik Derne\u011fi\u2019nden yap\u0131lan a\u00e7\u0131klamaya g\u00f6re, Kasimov\u2019un 90 dakika s\u00fcren performans\u0131n\u0131 \u00e7ok say\u0131da sanatsever izledi. Kasimov gecede, [&hellip;]\" \/>\n<meta property=\"og:url\" content=\"https:\/\/kuzeyinsesi.org\/index.php\/2024\/10\/14\/rauf-kasimov-bellapaiste-konser-verdi\/\" \/>\n<meta property=\"og:site_name\" content=\"Kuzeyin Sesi\" \/>\n<meta property=\"article:publisher\" content=\"https:\/\/www.facebook.com\/kuzeyinsesii\" \/>\n<meta property=\"article:published_time\" content=\"2024-10-14T07:17:06+00:00\" \/>\n<meta property=\"og:image\" content=\"https:\/\/brtk.net\/wp-content\/uploads\/2024\/10\/14\/kasimov-konser.jpg?ver=f6ca6dfe1be1e23f0e5232d8515fdde9\" \/>\n<meta name=\"author\" content=\"Kuzeyin Sesi\" \/>\n<meta name=\"twitter:card\" content=\"summary_large_image\" \/>\n<meta name=\"twitter:creator\" content=\"@kuzeyinsesii\" \/>\n<meta name=\"twitter:site\" content=\"@kuzeyinsesii\" \/>\n<meta name=\"twitter:label1\" content=\"Yazan:\" \/>\n\t<meta name=\"twitter:data1\" content=\"Kuzeyin Sesi\" \/>\n\t<meta name=\"twitter:label2\" content=\"Tahmini okuma s\u00fcresi\" \/>\n\t<meta name=\"twitter:data2\" content=\"1 dakika\" \/>\n<script type=\"application\/ld+json\" class=\"yoast-schema-graph\">{\"@context\":\"https:\\\/\\\/schema.org\",\"@graph\":[{\"@type\":\"Article\",\"@id\":\"https:\\\/\\\/kuzeyinsesi.org\\\/index.php\\\/2024\\\/10\\\/14\\\/rauf-kasimov-bellapaiste-konser-verdi\\\/#article\",\"isPartOf\":{\"@id\":\"https:\\\/\\\/kuzeyinsesi.org\\\/index.php\\\/2024\\\/10\\\/14\\\/rauf-kasimov-bellapaiste-konser-verdi\\\/\"},\"author\":{\"name\":\"Kuzeyin Sesi\",\"@id\":\"https:\\\/\\\/kuzeyinsesi.org\\\/#\\\/schema\\\/person\\\/9f859689cdf01485597712386e37f5aa\"},\"headline\":\"Rauf Kasimov, Bellapais\u2019te konser verdi\",\"datePublished\":\"2024-10-14T07:17:06+00:00\",\"mainEntityOfPage\":{\"@id\":\"https:\\\/\\\/kuzeyinsesi.org\\\/index.php\\\/2024\\\/10\\\/14\\\/rauf-kasimov-bellapaiste-konser-verdi\\\/\"},\"wordCount\":209,\"commentCount\":0,\"image\":{\"@id\":\"https:\\\/\\\/kuzeyinsesi.org\\\/index.php\\\/2024\\\/10\\\/14\\\/rauf-kasimov-bellapaiste-konser-verdi\\\/#primaryimage\"},\"thumbnailUrl\":\"https:\\\/\\\/kuzeyinsesi.org\\\/wp-content\\\/uploads\\\/2024\\\/10\\\/kasimov-konser.jpg\",\"articleSection\":[\"Ya\u015fam\"],\"inLanguage\":\"tr\",\"potentialAction\":[{\"@type\":\"CommentAction\",\"name\":\"Comment\",\"target\":[\"https:\\\/\\\/kuzeyinsesi.org\\\/index.php\\\/2024\\\/10\\\/14\\\/rauf-kasimov-bellapaiste-konser-verdi\\\/#respond\"]}]},{\"@type\":\"WebPage\",\"@id\":\"https:\\\/\\\/kuzeyinsesi.org\\\/index.php\\\/2024\\\/10\\\/14\\\/rauf-kasimov-bellapaiste-konser-verdi\\\/\",\"url\":\"https:\\\/\\\/kuzeyinsesi.org\\\/index.php\\\/2024\\\/10\\\/14\\\/rauf-kasimov-bellapaiste-konser-verdi\\\/\",\"name\":\"Rauf Kasimov, Bellapais\u2019te konser verdi - Kuzeyin Sesi\",\"isPartOf\":{\"@id\":\"https:\\\/\\\/kuzeyinsesi.org\\\/#website\"},\"primaryImageOfPage\":{\"@id\":\"https:\\\/\\\/kuzeyinsesi.org\\\/index.php\\\/2024\\\/10\\\/14\\\/rauf-kasimov-bellapaiste-konser-verdi\\\/#primaryimage\"},\"image\":{\"@id\":\"https:\\\/\\\/kuzeyinsesi.org\\\/index.php\\\/2024\\\/10\\\/14\\\/rauf-kasimov-bellapaiste-konser-verdi\\\/#primaryimage\"},\"thumbnailUrl\":\"https:\\\/\\\/kuzeyinsesi.org\\\/wp-content\\\/uploads\\\/2024\\\/10\\\/kasimov-konser.jpg\",\"datePublished\":\"2024-10-14T07:17:06+00:00\",\"author\":{\"@id\":\"https:\\\/\\\/kuzeyinsesi.org\\\/#\\\/schema\\\/person\\\/9f859689cdf01485597712386e37f5aa\"},\"breadcrumb\":{\"@id\":\"https:\\\/\\\/kuzeyinsesi.org\\\/index.php\\\/2024\\\/10\\\/14\\\/rauf-kasimov-bellapaiste-konser-verdi\\\/#breadcrumb\"},\"inLanguage\":\"tr\",\"potentialAction\":[{\"@type\":\"ReadAction\",\"target\":[\"https:\\\/\\\/kuzeyinsesi.org\\\/index.php\\\/2024\\\/10\\\/14\\\/rauf-kasimov-bellapaiste-konser-verdi\\\/\"]}]},{\"@type\":\"ImageObject\",\"inLanguage\":\"tr\",\"@id\":\"https:\\\/\\\/kuzeyinsesi.org\\\/index.php\\\/2024\\\/10\\\/14\\\/rauf-kasimov-bellapaiste-konser-verdi\\\/#primaryimage\",\"url\":\"https:\\\/\\\/kuzeyinsesi.org\\\/wp-content\\\/uploads\\\/2024\\\/10\\\/kasimov-konser.jpg\",\"contentUrl\":\"https:\\\/\\\/kuzeyinsesi.org\\\/wp-content\\\/uploads\\\/2024\\\/10\\\/kasimov-konser.jpg\",\"width\":1600,\"height\":761},{\"@type\":\"BreadcrumbList\",\"@id\":\"https:\\\/\\\/kuzeyinsesi.org\\\/index.php\\\/2024\\\/10\\\/14\\\/rauf-kasimov-bellapaiste-konser-verdi\\\/#breadcrumb\",\"itemListElement\":[{\"@type\":\"ListItem\",\"position\":1,\"name\":\"Anasayfa\",\"item\":\"https:\\\/\\\/kuzeyinsesi.org\\\/\"},{\"@type\":\"ListItem\",\"position\":2,\"name\":\"Rauf Kasimov, Bellapais\u2019te konser verdi\"}]},{\"@type\":\"WebSite\",\"@id\":\"https:\\\/\\\/kuzeyinsesi.org\\\/#website\",\"url\":\"https:\\\/\\\/kuzeyinsesi.org\\\/\",\"name\":\"Kuzeyin Sesi\",\"description\":\"Do\u011fru Haberin Adresi\",\"potentialAction\":[{\"@type\":\"SearchAction\",\"target\":{\"@type\":\"EntryPoint\",\"urlTemplate\":\"https:\\\/\\\/kuzeyinsesi.org\\\/?s={search_term_string}\"},\"query-input\":{\"@type\":\"PropertyValueSpecification\",\"valueRequired\":true,\"valueName\":\"search_term_string\"}}],\"inLanguage\":\"tr\"},{\"@type\":\"Person\",\"@id\":\"https:\\\/\\\/kuzeyinsesi.org\\\/#\\\/schema\\\/person\\\/9f859689cdf01485597712386e37f5aa\",\"name\":\"Kuzeyin Sesi\",\"image\":{\"@type\":\"ImageObject\",\"inLanguage\":\"tr\",\"@id\":\"https:\\\/\\\/secure.gravatar.com\\\/avatar\\\/bab33852abfd8b282518d6ed81826833d77c3c882d9ab608add591ccace47a44?s=96&d=mm&r=g\",\"url\":\"https:\\\/\\\/secure.gravatar.com\\\/avatar\\\/bab33852abfd8b282518d6ed81826833d77c3c882d9ab608add591ccace47a44?s=96&d=mm&r=g\",\"contentUrl\":\"https:\\\/\\\/secure.gravatar.com\\\/avatar\\\/bab33852abfd8b282518d6ed81826833d77c3c882d9ab608add591ccace47a44?s=96&d=mm&r=g\",\"caption\":\"Kuzeyin Sesi\"},\"sameAs\":[\"https:\\\/\\\/kuzeyinsesi.org\"],\"url\":\"https:\\\/\\\/kuzeyinsesi.org\\\/index.php\\\/author\\\/guven\\\/\"}]}<\/script>\n<!-- \/ Yoast SEO plugin. -->","yoast_head_json":{"title":"Rauf Kasimov, Bellapais\u2019te konser verdi - Kuzeyin Sesi","robots":{"index":"index","follow":"follow","max-snippet":"max-snippet:-1","max-image-preview":"max-image-preview:large","max-video-preview":"max-video-preview:-1"},"canonical":"https:\/\/kuzeyinsesi.org\/index.php\/2024\/10\/14\/rauf-kasimov-bellapaiste-konser-verdi\/","og_locale":"tr_TR","og_type":"article","og_title":"Rauf Kasimov, Bellapais\u2019te konser verdi - Kuzeyin Sesi","og_description":"Yakla\u015f\u0131k yirmi y\u0131ld\u0131r Kuzey K\u0131br\u0131s\u2019ta ya\u015fayan Konser Piyanisti Rauf Kasimov cumartesi gecesi Bellapais\u2019te konser verdi. 22.Uluslararas\u0131 Kuzey K\u0131br\u0131s M\u00fczik Festivalindeki 70. ya\u015f konseriyle m\u00fczikte yakla\u015f\u0131k 65 y\u0131l\u0131n\u0131 dolduran sanat\u00e7\u0131, bu konserde hayat\u0131n\u0131n belirli d\u00f6nemlerini yans\u0131tan eserleri yorumlad\u0131. Kuzey K\u0131br\u0131s M\u00fczik Derne\u011fi\u2019nden yap\u0131lan a\u00e7\u0131klamaya g\u00f6re, Kasimov\u2019un 90 dakika s\u00fcren performans\u0131n\u0131 \u00e7ok say\u0131da sanatsever izledi. Kasimov gecede, [&hellip;]","og_url":"https:\/\/kuzeyinsesi.org\/index.php\/2024\/10\/14\/rauf-kasimov-bellapaiste-konser-verdi\/","og_site_name":"Kuzeyin Sesi","article_publisher":"https:\/\/www.facebook.com\/kuzeyinsesii","article_published_time":"2024-10-14T07:17:06+00:00","og_image":[{"url":"https:\/\/brtk.net\/wp-content\/uploads\/2024\/10\/14\/kasimov-konser.jpg?ver=f6ca6dfe1be1e23f0e5232d8515fdde9","type":"","width":"","height":""}],"author":"Kuzeyin Sesi","twitter_card":"summary_large_image","twitter_creator":"@kuzeyinsesii","twitter_site":"@kuzeyinsesii","twitter_misc":{"Yazan:":"Kuzeyin Sesi","Tahmini okuma s\u00fcresi":"1 dakika"},"schema":{"@context":"https:\/\/schema.org","@graph":[{"@type":"Article","@id":"https:\/\/kuzeyinsesi.org\/index.php\/2024\/10\/14\/rauf-kasimov-bellapaiste-konser-verdi\/#article","isPartOf":{"@id":"https:\/\/kuzeyinsesi.org\/index.php\/2024\/10\/14\/rauf-kasimov-bellapaiste-konser-verdi\/"},"author":{"name":"Kuzeyin Sesi","@id":"https:\/\/kuzeyinsesi.org\/#\/schema\/person\/9f859689cdf01485597712386e37f5aa"},"headline":"Rauf Kasimov, Bellapais\u2019te konser verdi","datePublished":"2024-10-14T07:17:06+00:00","mainEntityOfPage":{"@id":"https:\/\/kuzeyinsesi.org\/index.php\/2024\/10\/14\/rauf-kasimov-bellapaiste-konser-verdi\/"},"wordCount":209,"commentCount":0,"image":{"@id":"https:\/\/kuzeyinsesi.org\/index.php\/2024\/10\/14\/rauf-kasimov-bellapaiste-konser-verdi\/#primaryimage"},"thumbnailUrl":"https:\/\/kuzeyinsesi.org\/wp-content\/uploads\/2024\/10\/kasimov-konser.jpg","articleSection":["Ya\u015fam"],"inLanguage":"tr","potentialAction":[{"@type":"CommentAction","name":"Comment","target":["https:\/\/kuzeyinsesi.org\/index.php\/2024\/10\/14\/rauf-kasimov-bellapaiste-konser-verdi\/#respond"]}]},{"@type":"WebPage","@id":"https:\/\/kuzeyinsesi.org\/index.php\/2024\/10\/14\/rauf-kasimov-bellapaiste-konser-verdi\/","url":"https:\/\/kuzeyinsesi.org\/index.php\/2024\/10\/14\/rauf-kasimov-bellapaiste-konser-verdi\/","name":"Rauf Kasimov, Bellapais\u2019te konser verdi - Kuzeyin Sesi","isPartOf":{"@id":"https:\/\/kuzeyinsesi.org\/#website"},"primaryImageOfPage":{"@id":"https:\/\/kuzeyinsesi.org\/index.php\/2024\/10\/14\/rauf-kasimov-bellapaiste-konser-verdi\/#primaryimage"},"image":{"@id":"https:\/\/kuzeyinsesi.org\/index.php\/2024\/10\/14\/rauf-kasimov-bellapaiste-konser-verdi\/#primaryimage"},"thumbnailUrl":"https:\/\/kuzeyinsesi.org\/wp-content\/uploads\/2024\/10\/kasimov-konser.jpg","datePublished":"2024-10-14T07:17:06+00:00","author":{"@id":"https:\/\/kuzeyinsesi.org\/#\/schema\/person\/9f859689cdf01485597712386e37f5aa"},"breadcrumb":{"@id":"https:\/\/kuzeyinsesi.org\/index.php\/2024\/10\/14\/rauf-kasimov-bellapaiste-konser-verdi\/#breadcrumb"},"inLanguage":"tr","potentialAction":[{"@type":"ReadAction","target":["https:\/\/kuzeyinsesi.org\/index.php\/2024\/10\/14\/rauf-kasimov-bellapaiste-konser-verdi\/"]}]},{"@type":"ImageObject","inLanguage":"tr","@id":"https:\/\/kuzeyinsesi.org\/index.php\/2024\/10\/14\/rauf-kasimov-bellapaiste-konser-verdi\/#primaryimage","url":"https:\/\/kuzeyinsesi.org\/wp-content\/uploads\/2024\/10\/kasimov-konser.jpg","contentUrl":"https:\/\/kuzeyinsesi.org\/wp-content\/uploads\/2024\/10\/kasimov-konser.jpg","width":1600,"height":761},{"@type":"BreadcrumbList","@id":"https:\/\/kuzeyinsesi.org\/index.php\/2024\/10\/14\/rauf-kasimov-bellapaiste-konser-verdi\/#breadcrumb","itemListElement":[{"@type":"ListItem","position":1,"name":"Anasayfa","item":"https:\/\/kuzeyinsesi.org\/"},{"@type":"ListItem","position":2,"name":"Rauf Kasimov, Bellapais\u2019te konser verdi"}]},{"@type":"WebSite","@id":"https:\/\/kuzeyinsesi.org\/#website","url":"https:\/\/kuzeyinsesi.org\/","name":"Kuzeyin Sesi","description":"Do\u011fru Haberin Adresi","potentialAction":[{"@type":"SearchAction","target":{"@type":"EntryPoint","urlTemplate":"https:\/\/kuzeyinsesi.org\/?s={search_term_string}"},"query-input":{"@type":"PropertyValueSpecification","valueRequired":true,"valueName":"search_term_string"}}],"inLanguage":"tr"},{"@type":"Person","@id":"https:\/\/kuzeyinsesi.org\/#\/schema\/person\/9f859689cdf01485597712386e37f5aa","name":"Kuzeyin Sesi","image":{"@type":"ImageObject","inLanguage":"tr","@id":"https:\/\/secure.gravatar.com\/avatar\/bab33852abfd8b282518d6ed81826833d77c3c882d9ab608add591ccace47a44?s=96&d=mm&r=g","url":"https:\/\/secure.gravatar.com\/avatar\/bab33852abfd8b282518d6ed81826833d77c3c882d9ab608add591ccace47a44?s=96&d=mm&r=g","contentUrl":"https:\/\/secure.gravatar.com\/avatar\/bab33852abfd8b282518d6ed81826833d77c3c882d9ab608add591ccace47a44?s=96&d=mm&r=g","caption":"Kuzeyin Sesi"},"sameAs":["https:\/\/kuzeyinsesi.org"],"url":"https:\/\/kuzeyinsesi.org\/index.php\/author\/guven\/"}]}},"_links":{"self":[{"href":"https:\/\/kuzeyinsesi.org\/index.php\/wp-json\/wp\/v2\/posts\/11489","targetHints":{"allow":["GET"]}}],"collection":[{"href":"https:\/\/kuzeyinsesi.org\/index.php\/wp-json\/wp\/v2\/posts"}],"about":[{"href":"https:\/\/kuzeyinsesi.org\/index.php\/wp-json\/wp\/v2\/types\/post"}],"author":[{"embeddable":true,"href":"https:\/\/kuzeyinsesi.org\/index.php\/wp-json\/wp\/v2\/users\/1"}],"replies":[{"embeddable":true,"href":"https:\/\/kuzeyinsesi.org\/index.php\/wp-json\/wp\/v2\/comments?post=11489"}],"version-history":[{"count":0,"href":"https:\/\/kuzeyinsesi.org\/index.php\/wp-json\/wp\/v2\/posts\/11489\/revisions"}],"wp:featuredmedia":[{"embeddable":true,"href":"https:\/\/kuzeyinsesi.org\/index.php\/wp-json\/wp\/v2\/media\/11490"}],"wp:attachment":[{"href":"https:\/\/kuzeyinsesi.org\/index.php\/wp-json\/wp\/v2\/media?parent=11489"}],"wp:term":[{"taxonomy":"category","embeddable":true,"href":"https:\/\/kuzeyinsesi.org\/index.php\/wp-json\/wp\/v2\/categories?post=11489"},{"taxonomy":"post_tag","embeddable":true,"href":"https:\/\/kuzeyinsesi.org\/index.php\/wp-json\/wp\/v2\/tags?post=11489"}],"curies":[{"name":"wp","href":"https:\/\/api.w.org\/{rel}","templated":true}]}}