{"id":1148,"date":"2024-05-01T19:25:43","date_gmt":"2024-05-01T16:25:43","guid":{"rendered":"https:\/\/kuzeyinsesi.com\/index.php\/2024\/05\/01\/bay-senin-geleneksel-1-mayis-piknigi-pinarbasinda-yapildi\/"},"modified":"2024-05-01T19:25:43","modified_gmt":"2024-05-01T16:25:43","slug":"bay-senin-geleneksel-1-mayis-piknigi-pinarbasinda-yapildi","status":"publish","type":"post","link":"https:\/\/kuzeyinsesi.org\/index.php\/2024\/05\/01\/bay-senin-geleneksel-1-mayis-piknigi-pinarbasinda-yapildi\/","title":{"rendered":"Bay-Sen\u2019in geleneksel 1 May\u0131s Pikni\u011fi P\u0131narba\u015f\u0131\u2019nda yap\u0131ld\u0131"},"content":{"rendered":"<div>\n<div class=\"mariselle-image-container center\">\n                                            <\/div>\n<p>Bayrak Radyo Televizyon Kurumu \u00c7al\u0131\u015fanlar\u0131 Sendikas\u0131 (BAY-SEN) 1 May\u0131s \u0130\u015f\u00e7i Bayram\u0131 dolay\u0131s\u0131yla piknik d\u00fczenledi.<\/p>\n<div class=\"mariselle-image-container center\">\n                <img decoding=\"async\" width=\"2560\" height=\"1440\" class=\"lazy-image\" alt=\"\" sizes=\"(max-width: 2560px) 100vw, 2560px\" src=\"https:\/\/brtk.net\/wp-content\/uploads\/2024\/05\/01\/IMG-20240501-WA0048.jpg?ver=c99b333ddffd42b6db0f70a02f8b204d\" srcset=\"https:\/\/brtk.net\/wp-content\/uploads\/2024\/05\/01\/IMG-20240501-WA0048.jpg?ver=c99b333ddffd42b6db0f70a02f8b204d 2560w, https:\/\/brtk.net\/wp-content\/uploads\/2024\/05\/01\/IMG-20240501-WA0048-300x169.jpg?ver=f3e1cb4b8017a5b6d956717f3d8ba30f 300w, https:\/\/brtk.net\/wp-content\/uploads\/2024\/05\/01\/IMG-20240501-WA0048-1024x576.jpg?ver=f3e1cb4b8017a5b6d956717f3d8ba30f 1024w, https:\/\/brtk.net\/wp-content\/uploads\/2024\/05\/01\/IMG-20240501-WA0048-768x432.jpg?ver=070f9f6d8b8f5d8bfc4fcada8c9cc0c1 768w, https:\/\/brtk.net\/wp-content\/uploads\/2024\/05\/01\/IMG-20240501-WA0048-1536x864.jpg?ver=070f9f6d8b8f5d8bfc4fcada8c9cc0c1 1536w, https:\/\/brtk.net\/wp-content\/uploads\/2024\/05\/01\/IMG-20240501-WA0048-2048x1152.jpg?ver=ad8052e17f5406334e4297b8f3bf6b12 2048w\"\/>                            <\/div>\n<p>\u00a0<\/p>\n<div class=\"mariselle-image-container center\">\n                <img decoding=\"async\" width=\"1600\" height=\"900\" class=\"lazy-image\" alt=\"\" sizes=\"(max-width: 1600px) 100vw, 1600px\" src=\"https:\/\/brtk.net\/wp-content\/uploads\/2024\/05\/01\/IMG-20240501-WA0055.jpg?ver=a0decdb311fd218dfd22ef1bee8905d2\" srcset=\"https:\/\/brtk.net\/wp-content\/uploads\/2024\/05\/01\/IMG-20240501-WA0055.jpg?ver=a0decdb311fd218dfd22ef1bee8905d2 1600w, https:\/\/brtk.net\/wp-content\/uploads\/2024\/05\/01\/IMG-20240501-WA0055-300x169.jpg?ver=a502ebdf7a396b8551ed2a7789b3e59c 300w, https:\/\/brtk.net\/wp-content\/uploads\/2024\/05\/01\/IMG-20240501-WA0055-1024x576.jpg?ver=a502ebdf7a396b8551ed2a7789b3e59c 1024w, https:\/\/brtk.net\/wp-content\/uploads\/2024\/05\/01\/IMG-20240501-WA0055-768x432.jpg?ver=a502ebdf7a396b8551ed2a7789b3e59c 768w, https:\/\/brtk.net\/wp-content\/uploads\/2024\/05\/01\/IMG-20240501-WA0055-1536x864.jpg?ver=f910d2b7da90290f28fcc31a4cfae6ff 1536w\"\/>                            <\/div>\n<p>\u00a0<\/p>\n<div class=\"mariselle-image-container center\">\n                <img decoding=\"async\" width=\"1600\" height=\"900\" class=\"lazy-image\" alt=\"\" sizes=\"(max-width: 1600px) 100vw, 1600px\" src=\"https:\/\/brtk.net\/wp-content\/uploads\/2024\/05\/01\/IMG-20240501-WA0049.jpg?ver=0b7b426b9b62a464042548bedfefe2cb\" srcset=\"https:\/\/brtk.net\/wp-content\/uploads\/2024\/05\/01\/IMG-20240501-WA0049.jpg?ver=0b7b426b9b62a464042548bedfefe2cb 1600w, https:\/\/brtk.net\/wp-content\/uploads\/2024\/05\/01\/IMG-20240501-WA0049-300x169.jpg?ver=0b7b426b9b62a464042548bedfefe2cb 300w, https:\/\/brtk.net\/wp-content\/uploads\/2024\/05\/01\/IMG-20240501-WA0049-1024x576.jpg?ver=0b7b426b9b62a464042548bedfefe2cb 1024w, https:\/\/brtk.net\/wp-content\/uploads\/2024\/05\/01\/IMG-20240501-WA0049-768x432.jpg?ver=0b7b426b9b62a464042548bedfefe2cb 768w, https:\/\/brtk.net\/wp-content\/uploads\/2024\/05\/01\/IMG-20240501-WA0049-1536x864.jpg?ver=f9882770f70be6a77c6cae2c6ab3ce22 1536w\"\/>                            <\/div>\n<p>P\u0131narba\u015f\u0131\u2019nda ger\u00e7ekle\u015ftirilen pikni\u011fe, Bayrak Radyo Televizyon Kurumu M\u00fcd\u00fcr\u00fc Meryem \u00d6zkurt, sendika y\u00f6netimi ve \u00fcyeler kat\u0131ld\u0131.<\/p>\n<div class=\"mariselle-image-container center\">\n                <img decoding=\"async\" width=\"1080\" height=\"604\" class=\"lazy-image\" alt=\"\" sizes=\"(max-width: 1080px) 100vw, 1080px\" src=\"https:\/\/brtk.net\/wp-content\/uploads\/2024\/05\/01\/Screenshot_20240501_191614_WhatsApp.jpg?ver=a1c5a05544d5d9299e732ea45211f952\" srcset=\"https:\/\/brtk.net\/wp-content\/uploads\/2024\/05\/01\/Screenshot_20240501_191614_WhatsApp.jpg?ver=a1c5a05544d5d9299e732ea45211f952 1080w, https:\/\/brtk.net\/wp-content\/uploads\/2024\/05\/01\/Screenshot_20240501_191614_WhatsApp-300x168.jpg?ver=746f69863cd9abe988b69846ccc366ac 300w, https:\/\/brtk.net\/wp-content\/uploads\/2024\/05\/01\/Screenshot_20240501_191614_WhatsApp-1024x573.jpg?ver=746f69863cd9abe988b69846ccc366ac 1024w, https:\/\/brtk.net\/wp-content\/uploads\/2024\/05\/01\/Screenshot_20240501_191614_WhatsApp-768x430.jpg?ver=746f69863cd9abe988b69846ccc366ac 768w\"\/>                            <\/div>\n<p>\u00a0<\/p>\n<div class=\"mariselle-image-container center\">\n                <img decoding=\"async\" width=\"1079\" height=\"638\" class=\"lazy-image\" alt=\"\" sizes=\"(max-width: 1079px) 100vw, 1079px\" src=\"https:\/\/brtk.net\/wp-content\/uploads\/2024\/05\/01\/Screenshot_20240501_191808_WhatsApp-1.jpg?ver=7dac72066d7ee67c362d46104a04b51b\" srcset=\"https:\/\/brtk.net\/wp-content\/uploads\/2024\/05\/01\/Screenshot_20240501_191808_WhatsApp-1.jpg?ver=7dac72066d7ee67c362d46104a04b51b 1079w, https:\/\/brtk.net\/wp-content\/uploads\/2024\/05\/01\/Screenshot_20240501_191808_WhatsApp-1-300x177.jpg?ver=eddc00a78f89afc53a8b128153269194 300w, https:\/\/brtk.net\/wp-content\/uploads\/2024\/05\/01\/Screenshot_20240501_191808_WhatsApp-1-1024x605.jpg?ver=d54e7a5e1851b86e7ddf682f56fb31f5 1024w, https:\/\/brtk.net\/wp-content\/uploads\/2024\/05\/01\/Screenshot_20240501_191808_WhatsApp-1-768x454.jpg?ver=d54e7a5e1851b86e7ddf682f56fb31f5 768w\"\/>                            <\/div>\n<p>\u00a0<\/p>\n<div class=\"mariselle-image-container center\">\n                <img decoding=\"async\" width=\"1600\" height=\"900\" class=\"lazy-image\" alt=\"\" sizes=\"(max-width: 1600px) 100vw, 1600px\" src=\"https:\/\/brtk.net\/wp-content\/uploads\/2024\/05\/01\/IMG-20240501-WA0050.jpg?ver=8403f7ca9d06aa0fb4cb5932d47c2bd6\" srcset=\"https:\/\/brtk.net\/wp-content\/uploads\/2024\/05\/01\/IMG-20240501-WA0050.jpg?ver=8403f7ca9d06aa0fb4cb5932d47c2bd6 1600w, https:\/\/brtk.net\/wp-content\/uploads\/2024\/05\/01\/IMG-20240501-WA0050-300x169.jpg?ver=8403f7ca9d06aa0fb4cb5932d47c2bd6 300w, https:\/\/brtk.net\/wp-content\/uploads\/2024\/05\/01\/IMG-20240501-WA0050-1024x576.jpg?ver=8403f7ca9d06aa0fb4cb5932d47c2bd6 1024w, https:\/\/brtk.net\/wp-content\/uploads\/2024\/05\/01\/IMG-20240501-WA0050-768x432.jpg?ver=8403f7ca9d06aa0fb4cb5932d47c2bd6 768w, https:\/\/brtk.net\/wp-content\/uploads\/2024\/05\/01\/IMG-20240501-WA0050-1536x864.jpg?ver=e045e2d773e871d8eaf2b79c3dbf34ce 1536w\"\/>                            <\/div>\n<p>\u00a0<\/p>\n<p>\u00a0<\/p>\n<p>Geni\u015f bir kat\u0131l\u0131mla ger\u00e7ekle\u015ftirilen piknikte, BRT \u00e7al\u0131\u015fanlar\u0131 mangal keyfi yap\u0131p sohbet etme ve e\u011flenme f\u0131rsat\u0131 buldu.<\/p>\n<div class=\"mariselle-image-container center\">\n                <img decoding=\"async\" width=\"1600\" height=\"900\" class=\"lazy-image\" alt=\"\" sizes=\"(max-width: 1600px) 100vw, 1600px\" src=\"https:\/\/brtk.net\/wp-content\/uploads\/2024\/05\/01\/IMG-20240501-WA0051.jpg?ver=ec19369cbb1d0b5eeb1c2eda4ddc953a\" srcset=\"https:\/\/brtk.net\/wp-content\/uploads\/2024\/05\/01\/IMG-20240501-WA0051.jpg?ver=ec19369cbb1d0b5eeb1c2eda4ddc953a 1600w, https:\/\/brtk.net\/wp-content\/uploads\/2024\/05\/01\/IMG-20240501-WA0051-300x169.jpg?ver=ec19369cbb1d0b5eeb1c2eda4ddc953a 300w, https:\/\/brtk.net\/wp-content\/uploads\/2024\/05\/01\/IMG-20240501-WA0051-1024x576.jpg?ver=96d82376c22434b43c47b728a9d2549d 1024w, https:\/\/brtk.net\/wp-content\/uploads\/2024\/05\/01\/IMG-20240501-WA0051-768x432.jpg?ver=96d82376c22434b43c47b728a9d2549d 768w, https:\/\/brtk.net\/wp-content\/uploads\/2024\/05\/01\/IMG-20240501-WA0051-1536x864.jpg?ver=96d82376c22434b43c47b728a9d2549d 1536w\"\/>                            <\/div>\n<div class=\"mariselle-image-container center\">\n                <img decoding=\"async\" width=\"1600\" height=\"900\" class=\"lazy-image\" alt=\"\" sizes=\"(max-width: 1600px) 100vw, 1600px\" src=\"https:\/\/brtk.net\/wp-content\/uploads\/2024\/05\/01\/IMG-20240501-WA0054.jpg?ver=a928104b529d4a3f231b829850fdb1a8\" srcset=\"https:\/\/brtk.net\/wp-content\/uploads\/2024\/05\/01\/IMG-20240501-WA0054.jpg?ver=a928104b529d4a3f231b829850fdb1a8 1600w, https:\/\/brtk.net\/wp-content\/uploads\/2024\/05\/01\/IMG-20240501-WA0054-300x169.jpg?ver=292b334af08dab486eb2642618c7299c 300w, https:\/\/brtk.net\/wp-content\/uploads\/2024\/05\/01\/IMG-20240501-WA0054-1024x576.jpg?ver=292b334af08dab486eb2642618c7299c 1024w, https:\/\/brtk.net\/wp-content\/uploads\/2024\/05\/01\/IMG-20240501-WA0054-768x432.jpg?ver=292b334af08dab486eb2642618c7299c 768w, https:\/\/brtk.net\/wp-content\/uploads\/2024\/05\/01\/IMG-20240501-WA0054-1536x864.jpg?ver=699d53f76561d85179131463948d9d1a 1536w\"\/>                            <\/div><\/div>\n<p><script async\n                    defer\n                    crossorigin=\"anonymous\"\n                    src=\"https:\/\/connect.facebook.net\/tr_TR\/sdk.js#xfbml=1&#038;version=v3.3\"\n            ><\/script><\/p>\n","protected":false},"excerpt":{"rendered":"<p>Bayrak Radyo Televizyon Kurumu \u00c7al\u0131\u015fanlar\u0131 Sendikas\u0131 (BAY-SEN) 1 May\u0131s \u0130\u015f\u00e7i Bayram\u0131 dolay\u0131s\u0131yla piknik d\u00fczenledi. \u00a0 \u00a0 P\u0131narba\u015f\u0131\u2019nda ger\u00e7ekle\u015ftirilen pikni\u011fe, Bayrak Radyo Televizyon Kurumu M\u00fcd\u00fcr\u00fc Meryem \u00d6zkurt, sendika y\u00f6netimi ve \u00fcyeler kat\u0131ld\u0131. \u00a0 \u00a0 \u00a0 \u00a0 Geni\u015f bir kat\u0131l\u0131mla ger\u00e7ekle\u015ftirilen piknikte, BRT \u00e7al\u0131\u015fanlar\u0131 mangal keyfi yap\u0131p sohbet etme ve e\u011flenme f\u0131rsat\u0131 buldu.<\/p>\n","protected":false},"author":1,"featured_media":1149,"comment_status":"open","ping_status":"open","sticky":false,"template":"","format":"standard","meta":{"jnews-multi-image_gallery":[],"jnews_single_post":[],"jnews_primary_category":[],"jnews_social_meta":[],"jnews_override_counter":[],"footnotes":""},"categories":[1],"tags":[],"class_list":["post-1148","post","type-post","status-publish","format-standard","has-post-thumbnail","hentry","category-kibris"],"yoast_head":"<!-- This site is optimized with the Yoast SEO plugin v27.5 - https:\/\/yoast.com\/product\/yoast-seo-wordpress\/ -->\n<title>Bay-Sen\u2019in geleneksel 1 May\u0131s Pikni\u011fi P\u0131narba\u015f\u0131\u2019nda yap\u0131ld\u0131 - Kuzeyin Sesi<\/title>\n<meta name=\"robots\" content=\"index, follow, max-snippet:-1, max-image-preview:large, max-video-preview:-1\" \/>\n<link rel=\"canonical\" href=\"https:\/\/kuzeyinsesi.org\/index.php\/2024\/05\/01\/bay-senin-geleneksel-1-mayis-piknigi-pinarbasinda-yapildi\/\" \/>\n<meta property=\"og:locale\" content=\"tr_TR\" \/>\n<meta property=\"og:type\" content=\"article\" \/>\n<meta property=\"og:title\" content=\"Bay-Sen\u2019in geleneksel 1 May\u0131s Pikni\u011fi P\u0131narba\u015f\u0131\u2019nda yap\u0131ld\u0131 - Kuzeyin Sesi\" \/>\n<meta property=\"og:description\" content=\"Bayrak Radyo Televizyon Kurumu \u00c7al\u0131\u015fanlar\u0131 Sendikas\u0131 (BAY-SEN) 1 May\u0131s \u0130\u015f\u00e7i Bayram\u0131 dolay\u0131s\u0131yla piknik d\u00fczenledi. \u00a0 \u00a0 P\u0131narba\u015f\u0131\u2019nda ger\u00e7ekle\u015ftirilen pikni\u011fe, Bayrak Radyo Televizyon Kurumu M\u00fcd\u00fcr\u00fc Meryem \u00d6zkurt, sendika y\u00f6netimi ve \u00fcyeler kat\u0131ld\u0131. \u00a0 \u00a0 \u00a0 \u00a0 Geni\u015f bir kat\u0131l\u0131mla ger\u00e7ekle\u015ftirilen piknikte, BRT \u00e7al\u0131\u015fanlar\u0131 mangal keyfi yap\u0131p sohbet etme ve e\u011flenme f\u0131rsat\u0131 buldu.\" \/>\n<meta property=\"og:url\" content=\"https:\/\/kuzeyinsesi.org\/index.php\/2024\/05\/01\/bay-senin-geleneksel-1-mayis-piknigi-pinarbasinda-yapildi\/\" \/>\n<meta property=\"og:site_name\" content=\"Kuzeyin Sesi\" \/>\n<meta property=\"article:publisher\" content=\"https:\/\/www.facebook.com\/kuzeyinsesii\" \/>\n<meta property=\"article:published_time\" content=\"2024-05-01T16:25:43+00:00\" \/>\n<meta property=\"og:image\" content=\"https:\/\/kuzeyinsesi.org\/wp-content\/uploads\/2024\/05\/InShot_20240501_191942833-scaled.jpg\" \/>\n\t<meta property=\"og:image:width\" content=\"2560\" \/>\n\t<meta property=\"og:image:height\" content=\"1439\" \/>\n\t<meta property=\"og:image:type\" content=\"image\/jpeg\" \/>\n<meta name=\"author\" content=\"Kuzeyin Sesi\" \/>\n<meta name=\"twitter:card\" content=\"summary_large_image\" \/>\n<meta name=\"twitter:creator\" content=\"@kuzeyinsesii\" \/>\n<meta name=\"twitter:site\" content=\"@kuzeyinsesii\" \/>\n<meta name=\"twitter:label1\" content=\"Yazan:\" \/>\n\t<meta name=\"twitter:data1\" content=\"Kuzeyin Sesi\" \/>\n<script type=\"application\/ld+json\" class=\"yoast-schema-graph\">{\"@context\":\"https:\\\/\\\/schema.org\",\"@graph\":[{\"@type\":\"Article\",\"@id\":\"https:\\\/\\\/kuzeyinsesi.org\\\/index.php\\\/2024\\\/05\\\/01\\\/bay-senin-geleneksel-1-mayis-piknigi-pinarbasinda-yapildi\\\/#article\",\"isPartOf\":{\"@id\":\"https:\\\/\\\/kuzeyinsesi.org\\\/index.php\\\/2024\\\/05\\\/01\\\/bay-senin-geleneksel-1-mayis-piknigi-pinarbasinda-yapildi\\\/\"},\"author\":{\"name\":\"Kuzeyin Sesi\",\"@id\":\"https:\\\/\\\/kuzeyinsesi.org\\\/#\\\/schema\\\/person\\\/9f859689cdf01485597712386e37f5aa\"},\"headline\":\"Bay-Sen\u2019in geleneksel 1 May\u0131s Pikni\u011fi P\u0131narba\u015f\u0131\u2019nda yap\u0131ld\u0131\",\"datePublished\":\"2024-05-01T16:25:43+00:00\",\"mainEntityOfPage\":{\"@id\":\"https:\\\/\\\/kuzeyinsesi.org\\\/index.php\\\/2024\\\/05\\\/01\\\/bay-senin-geleneksel-1-mayis-piknigi-pinarbasinda-yapildi\\\/\"},\"wordCount\":78,\"commentCount\":0,\"image\":{\"@id\":\"https:\\\/\\\/kuzeyinsesi.org\\\/index.php\\\/2024\\\/05\\\/01\\\/bay-senin-geleneksel-1-mayis-piknigi-pinarbasinda-yapildi\\\/#primaryimage\"},\"thumbnailUrl\":\"https:\\\/\\\/kuzeyinsesi.org\\\/wp-content\\\/uploads\\\/2024\\\/05\\\/InShot_20240501_191942833-scaled.jpg\",\"articleSection\":[\"K\u0131br\u0131s\"],\"inLanguage\":\"tr\",\"potentialAction\":[{\"@type\":\"CommentAction\",\"name\":\"Comment\",\"target\":[\"https:\\\/\\\/kuzeyinsesi.org\\\/index.php\\\/2024\\\/05\\\/01\\\/bay-senin-geleneksel-1-mayis-piknigi-pinarbasinda-yapildi\\\/#respond\"]}]},{\"@type\":\"WebPage\",\"@id\":\"https:\\\/\\\/kuzeyinsesi.org\\\/index.php\\\/2024\\\/05\\\/01\\\/bay-senin-geleneksel-1-mayis-piknigi-pinarbasinda-yapildi\\\/\",\"url\":\"https:\\\/\\\/kuzeyinsesi.org\\\/index.php\\\/2024\\\/05\\\/01\\\/bay-senin-geleneksel-1-mayis-piknigi-pinarbasinda-yapildi\\\/\",\"name\":\"Bay-Sen\u2019in geleneksel 1 May\u0131s Pikni\u011fi P\u0131narba\u015f\u0131\u2019nda yap\u0131ld\u0131 - Kuzeyin Sesi\",\"isPartOf\":{\"@id\":\"https:\\\/\\\/kuzeyinsesi.org\\\/#website\"},\"primaryImageOfPage\":{\"@id\":\"https:\\\/\\\/kuzeyinsesi.org\\\/index.php\\\/2024\\\/05\\\/01\\\/bay-senin-geleneksel-1-mayis-piknigi-pinarbasinda-yapildi\\\/#primaryimage\"},\"image\":{\"@id\":\"https:\\\/\\\/kuzeyinsesi.org\\\/index.php\\\/2024\\\/05\\\/01\\\/bay-senin-geleneksel-1-mayis-piknigi-pinarbasinda-yapildi\\\/#primaryimage\"},\"thumbnailUrl\":\"https:\\\/\\\/kuzeyinsesi.org\\\/wp-content\\\/uploads\\\/2024\\\/05\\\/InShot_20240501_191942833-scaled.jpg\",\"datePublished\":\"2024-05-01T16:25:43+00:00\",\"author\":{\"@id\":\"https:\\\/\\\/kuzeyinsesi.org\\\/#\\\/schema\\\/person\\\/9f859689cdf01485597712386e37f5aa\"},\"breadcrumb\":{\"@id\":\"https:\\\/\\\/kuzeyinsesi.org\\\/index.php\\\/2024\\\/05\\\/01\\\/bay-senin-geleneksel-1-mayis-piknigi-pinarbasinda-yapildi\\\/#breadcrumb\"},\"inLanguage\":\"tr\",\"potentialAction\":[{\"@type\":\"ReadAction\",\"target\":[\"https:\\\/\\\/kuzeyinsesi.org\\\/index.php\\\/2024\\\/05\\\/01\\\/bay-senin-geleneksel-1-mayis-piknigi-pinarbasinda-yapildi\\\/\"]}]},{\"@type\":\"ImageObject\",\"inLanguage\":\"tr\",\"@id\":\"https:\\\/\\\/kuzeyinsesi.org\\\/index.php\\\/2024\\\/05\\\/01\\\/bay-senin-geleneksel-1-mayis-piknigi-pinarbasinda-yapildi\\\/#primaryimage\",\"url\":\"https:\\\/\\\/kuzeyinsesi.org\\\/wp-content\\\/uploads\\\/2024\\\/05\\\/InShot_20240501_191942833-scaled.jpg\",\"contentUrl\":\"https:\\\/\\\/kuzeyinsesi.org\\\/wp-content\\\/uploads\\\/2024\\\/05\\\/InShot_20240501_191942833-scaled.jpg\",\"width\":2560,\"height\":1439},{\"@type\":\"BreadcrumbList\",\"@id\":\"https:\\\/\\\/kuzeyinsesi.org\\\/index.php\\\/2024\\\/05\\\/01\\\/bay-senin-geleneksel-1-mayis-piknigi-pinarbasinda-yapildi\\\/#breadcrumb\",\"itemListElement\":[{\"@type\":\"ListItem\",\"position\":1,\"name\":\"Anasayfa\",\"item\":\"https:\\\/\\\/kuzeyinsesi.org\\\/\"},{\"@type\":\"ListItem\",\"position\":2,\"name\":\"Bay-Sen\u2019in geleneksel 1 May\u0131s Pikni\u011fi P\u0131narba\u015f\u0131\u2019nda yap\u0131ld\u0131\"}]},{\"@type\":\"WebSite\",\"@id\":\"https:\\\/\\\/kuzeyinsesi.org\\\/#website\",\"url\":\"https:\\\/\\\/kuzeyinsesi.org\\\/\",\"name\":\"Kuzeyin Sesi\",\"description\":\"Do\u011fru Haberin Adresi\",\"potentialAction\":[{\"@type\":\"SearchAction\",\"target\":{\"@type\":\"EntryPoint\",\"urlTemplate\":\"https:\\\/\\\/kuzeyinsesi.org\\\/?s={search_term_string}\"},\"query-input\":{\"@type\":\"PropertyValueSpecification\",\"valueRequired\":true,\"valueName\":\"search_term_string\"}}],\"inLanguage\":\"tr\"},{\"@type\":\"Person\",\"@id\":\"https:\\\/\\\/kuzeyinsesi.org\\\/#\\\/schema\\\/person\\\/9f859689cdf01485597712386e37f5aa\",\"name\":\"Kuzeyin Sesi\",\"image\":{\"@type\":\"ImageObject\",\"inLanguage\":\"tr\",\"@id\":\"https:\\\/\\\/secure.gravatar.com\\\/avatar\\\/bab33852abfd8b282518d6ed81826833d77c3c882d9ab608add591ccace47a44?s=96&d=mm&r=g\",\"url\":\"https:\\\/\\\/secure.gravatar.com\\\/avatar\\\/bab33852abfd8b282518d6ed81826833d77c3c882d9ab608add591ccace47a44?s=96&d=mm&r=g\",\"contentUrl\":\"https:\\\/\\\/secure.gravatar.com\\\/avatar\\\/bab33852abfd8b282518d6ed81826833d77c3c882d9ab608add591ccace47a44?s=96&d=mm&r=g\",\"caption\":\"Kuzeyin Sesi\"},\"sameAs\":[\"https:\\\/\\\/kuzeyinsesi.org\"],\"url\":\"https:\\\/\\\/kuzeyinsesi.org\\\/index.php\\\/author\\\/guven\\\/\"}]}<\/script>\n<!-- \/ Yoast SEO plugin. -->","yoast_head_json":{"title":"Bay-Sen\u2019in geleneksel 1 May\u0131s Pikni\u011fi P\u0131narba\u015f\u0131\u2019nda yap\u0131ld\u0131 - Kuzeyin Sesi","robots":{"index":"index","follow":"follow","max-snippet":"max-snippet:-1","max-image-preview":"max-image-preview:large","max-video-preview":"max-video-preview:-1"},"canonical":"https:\/\/kuzeyinsesi.org\/index.php\/2024\/05\/01\/bay-senin-geleneksel-1-mayis-piknigi-pinarbasinda-yapildi\/","og_locale":"tr_TR","og_type":"article","og_title":"Bay-Sen\u2019in geleneksel 1 May\u0131s Pikni\u011fi P\u0131narba\u015f\u0131\u2019nda yap\u0131ld\u0131 - Kuzeyin Sesi","og_description":"Bayrak Radyo Televizyon Kurumu \u00c7al\u0131\u015fanlar\u0131 Sendikas\u0131 (BAY-SEN) 1 May\u0131s \u0130\u015f\u00e7i Bayram\u0131 dolay\u0131s\u0131yla piknik d\u00fczenledi. \u00a0 \u00a0 P\u0131narba\u015f\u0131\u2019nda ger\u00e7ekle\u015ftirilen pikni\u011fe, Bayrak Radyo Televizyon Kurumu M\u00fcd\u00fcr\u00fc Meryem \u00d6zkurt, sendika y\u00f6netimi ve \u00fcyeler kat\u0131ld\u0131. \u00a0 \u00a0 \u00a0 \u00a0 Geni\u015f bir kat\u0131l\u0131mla ger\u00e7ekle\u015ftirilen piknikte, BRT \u00e7al\u0131\u015fanlar\u0131 mangal keyfi yap\u0131p sohbet etme ve e\u011flenme f\u0131rsat\u0131 buldu.","og_url":"https:\/\/kuzeyinsesi.org\/index.php\/2024\/05\/01\/bay-senin-geleneksel-1-mayis-piknigi-pinarbasinda-yapildi\/","og_site_name":"Kuzeyin Sesi","article_publisher":"https:\/\/www.facebook.com\/kuzeyinsesii","article_published_time":"2024-05-01T16:25:43+00:00","og_image":[{"width":2560,"height":1439,"url":"https:\/\/kuzeyinsesi.org\/wp-content\/uploads\/2024\/05\/InShot_20240501_191942833-scaled.jpg","type":"image\/jpeg"}],"author":"Kuzeyin Sesi","twitter_card":"summary_large_image","twitter_creator":"@kuzeyinsesii","twitter_site":"@kuzeyinsesii","twitter_misc":{"Yazan:":"Kuzeyin Sesi"},"schema":{"@context":"https:\/\/schema.org","@graph":[{"@type":"Article","@id":"https:\/\/kuzeyinsesi.org\/index.php\/2024\/05\/01\/bay-senin-geleneksel-1-mayis-piknigi-pinarbasinda-yapildi\/#article","isPartOf":{"@id":"https:\/\/kuzeyinsesi.org\/index.php\/2024\/05\/01\/bay-senin-geleneksel-1-mayis-piknigi-pinarbasinda-yapildi\/"},"author":{"name":"Kuzeyin Sesi","@id":"https:\/\/kuzeyinsesi.org\/#\/schema\/person\/9f859689cdf01485597712386e37f5aa"},"headline":"Bay-Sen\u2019in geleneksel 1 May\u0131s Pikni\u011fi P\u0131narba\u015f\u0131\u2019nda yap\u0131ld\u0131","datePublished":"2024-05-01T16:25:43+00:00","mainEntityOfPage":{"@id":"https:\/\/kuzeyinsesi.org\/index.php\/2024\/05\/01\/bay-senin-geleneksel-1-mayis-piknigi-pinarbasinda-yapildi\/"},"wordCount":78,"commentCount":0,"image":{"@id":"https:\/\/kuzeyinsesi.org\/index.php\/2024\/05\/01\/bay-senin-geleneksel-1-mayis-piknigi-pinarbasinda-yapildi\/#primaryimage"},"thumbnailUrl":"https:\/\/kuzeyinsesi.org\/wp-content\/uploads\/2024\/05\/InShot_20240501_191942833-scaled.jpg","articleSection":["K\u0131br\u0131s"],"inLanguage":"tr","potentialAction":[{"@type":"CommentAction","name":"Comment","target":["https:\/\/kuzeyinsesi.org\/index.php\/2024\/05\/01\/bay-senin-geleneksel-1-mayis-piknigi-pinarbasinda-yapildi\/#respond"]}]},{"@type":"WebPage","@id":"https:\/\/kuzeyinsesi.org\/index.php\/2024\/05\/01\/bay-senin-geleneksel-1-mayis-piknigi-pinarbasinda-yapildi\/","url":"https:\/\/kuzeyinsesi.org\/index.php\/2024\/05\/01\/bay-senin-geleneksel-1-mayis-piknigi-pinarbasinda-yapildi\/","name":"Bay-Sen\u2019in geleneksel 1 May\u0131s Pikni\u011fi P\u0131narba\u015f\u0131\u2019nda yap\u0131ld\u0131 - Kuzeyin Sesi","isPartOf":{"@id":"https:\/\/kuzeyinsesi.org\/#website"},"primaryImageOfPage":{"@id":"https:\/\/kuzeyinsesi.org\/index.php\/2024\/05\/01\/bay-senin-geleneksel-1-mayis-piknigi-pinarbasinda-yapildi\/#primaryimage"},"image":{"@id":"https:\/\/kuzeyinsesi.org\/index.php\/2024\/05\/01\/bay-senin-geleneksel-1-mayis-piknigi-pinarbasinda-yapildi\/#primaryimage"},"thumbnailUrl":"https:\/\/kuzeyinsesi.org\/wp-content\/uploads\/2024\/05\/InShot_20240501_191942833-scaled.jpg","datePublished":"2024-05-01T16:25:43+00:00","author":{"@id":"https:\/\/kuzeyinsesi.org\/#\/schema\/person\/9f859689cdf01485597712386e37f5aa"},"breadcrumb":{"@id":"https:\/\/kuzeyinsesi.org\/index.php\/2024\/05\/01\/bay-senin-geleneksel-1-mayis-piknigi-pinarbasinda-yapildi\/#breadcrumb"},"inLanguage":"tr","potentialAction":[{"@type":"ReadAction","target":["https:\/\/kuzeyinsesi.org\/index.php\/2024\/05\/01\/bay-senin-geleneksel-1-mayis-piknigi-pinarbasinda-yapildi\/"]}]},{"@type":"ImageObject","inLanguage":"tr","@id":"https:\/\/kuzeyinsesi.org\/index.php\/2024\/05\/01\/bay-senin-geleneksel-1-mayis-piknigi-pinarbasinda-yapildi\/#primaryimage","url":"https:\/\/kuzeyinsesi.org\/wp-content\/uploads\/2024\/05\/InShot_20240501_191942833-scaled.jpg","contentUrl":"https:\/\/kuzeyinsesi.org\/wp-content\/uploads\/2024\/05\/InShot_20240501_191942833-scaled.jpg","width":2560,"height":1439},{"@type":"BreadcrumbList","@id":"https:\/\/kuzeyinsesi.org\/index.php\/2024\/05\/01\/bay-senin-geleneksel-1-mayis-piknigi-pinarbasinda-yapildi\/#breadcrumb","itemListElement":[{"@type":"ListItem","position":1,"name":"Anasayfa","item":"https:\/\/kuzeyinsesi.org\/"},{"@type":"ListItem","position":2,"name":"Bay-Sen\u2019in geleneksel 1 May\u0131s Pikni\u011fi P\u0131narba\u015f\u0131\u2019nda yap\u0131ld\u0131"}]},{"@type":"WebSite","@id":"https:\/\/kuzeyinsesi.org\/#website","url":"https:\/\/kuzeyinsesi.org\/","name":"Kuzeyin Sesi","description":"Do\u011fru Haberin Adresi","potentialAction":[{"@type":"SearchAction","target":{"@type":"EntryPoint","urlTemplate":"https:\/\/kuzeyinsesi.org\/?s={search_term_string}"},"query-input":{"@type":"PropertyValueSpecification","valueRequired":true,"valueName":"search_term_string"}}],"inLanguage":"tr"},{"@type":"Person","@id":"https:\/\/kuzeyinsesi.org\/#\/schema\/person\/9f859689cdf01485597712386e37f5aa","name":"Kuzeyin Sesi","image":{"@type":"ImageObject","inLanguage":"tr","@id":"https:\/\/secure.gravatar.com\/avatar\/bab33852abfd8b282518d6ed81826833d77c3c882d9ab608add591ccace47a44?s=96&d=mm&r=g","url":"https:\/\/secure.gravatar.com\/avatar\/bab33852abfd8b282518d6ed81826833d77c3c882d9ab608add591ccace47a44?s=96&d=mm&r=g","contentUrl":"https:\/\/secure.gravatar.com\/avatar\/bab33852abfd8b282518d6ed81826833d77c3c882d9ab608add591ccace47a44?s=96&d=mm&r=g","caption":"Kuzeyin Sesi"},"sameAs":["https:\/\/kuzeyinsesi.org"],"url":"https:\/\/kuzeyinsesi.org\/index.php\/author\/guven\/"}]}},"_links":{"self":[{"href":"https:\/\/kuzeyinsesi.org\/index.php\/wp-json\/wp\/v2\/posts\/1148","targetHints":{"allow":["GET"]}}],"collection":[{"href":"https:\/\/kuzeyinsesi.org\/index.php\/wp-json\/wp\/v2\/posts"}],"about":[{"href":"https:\/\/kuzeyinsesi.org\/index.php\/wp-json\/wp\/v2\/types\/post"}],"author":[{"embeddable":true,"href":"https:\/\/kuzeyinsesi.org\/index.php\/wp-json\/wp\/v2\/users\/1"}],"replies":[{"embeddable":true,"href":"https:\/\/kuzeyinsesi.org\/index.php\/wp-json\/wp\/v2\/comments?post=1148"}],"version-history":[{"count":0,"href":"https:\/\/kuzeyinsesi.org\/index.php\/wp-json\/wp\/v2\/posts\/1148\/revisions"}],"wp:featuredmedia":[{"embeddable":true,"href":"https:\/\/kuzeyinsesi.org\/index.php\/wp-json\/wp\/v2\/media\/1149"}],"wp:attachment":[{"href":"https:\/\/kuzeyinsesi.org\/index.php\/wp-json\/wp\/v2\/media?parent=1148"}],"wp:term":[{"taxonomy":"category","embeddable":true,"href":"https:\/\/kuzeyinsesi.org\/index.php\/wp-json\/wp\/v2\/categories?post=1148"},{"taxonomy":"post_tag","embeddable":true,"href":"https:\/\/kuzeyinsesi.org\/index.php\/wp-json\/wp\/v2\/tags?post=1148"}],"curies":[{"name":"wp","href":"https:\/\/api.w.org\/{rel}","templated":true}]}}