{"id":11479,"date":"2024-10-13T18:44:08","date_gmt":"2024-10-13T15:44:08","guid":{"rendered":"https:\/\/kuzeyinsesi.org\/index.php\/2024\/10\/13\/egitimci-mufide-akalin-belgeseli-ktoste-gosterildi\/"},"modified":"2024-10-13T18:44:08","modified_gmt":"2024-10-13T15:44:08","slug":"egitimci-mufide-akalin-belgeseli-ktoste-gosterildi","status":"publish","type":"post","link":"https:\/\/kuzeyinsesi.org\/index.php\/2024\/10\/13\/egitimci-mufide-akalin-belgeseli-ktoste-gosterildi\/","title":{"rendered":"E\u011fitimci M\u00fcfide Akal\u0131n belgeseli KT\u00d6S\u2019te g\u00f6sterildi"},"content":{"rendered":"<div>\n<div class=\"mariselle-image-container none\">\n                                            <\/div>\n<p>\u00a0E\u011fitimci M\u00fcfide Akal\u0131n\u2019\u0131n hayat\u0131n\u0131 konu alan belgesel, Cuma ak\u015fam\u0131 K\u0131br\u0131s T\u00fcrk \u00d6\u011fretmenler Sendikas\u0131 (KT\u00d6S) lokalinde g\u00f6sterildi.<\/p>\n<p>K\u0131br\u0131s Kad\u0131n \u00d6yk\u00fcleri Derne\u011fi (K\u00d6DER) taraf\u0131ndan \u201chayat\u0131m\u0131za deg\u0306er katan kad\u0131nlar\u0131m\u0131z\u201d serisinin 23. belgeseli olan \u00fclkemizin e\u011fitim-\u00f6\u011fretim camias\u0131na ve sendikal ya\u015fama \u00e7ok uzun y\u0131llar hizmet vermi\u015f M\u00fcfide Akal\u0131n\u2019\u0131n belgeselini kendisi, ailesi ve sevenleri izledi.<\/p>\n<p>K\u00d6DER\u2019den verilen bilgiye g\u00f6re, K\u00d6DER\u2019in K\u0131br\u0131s T\u00fcrk \u00d6\u011fretmenler Sendikas\u0131 (KT\u00d6S) ve K\u0131br\u0131s T\u00fcrk \u00d6\u011fretmenler Kooperatifi LTD.(KT\u00d6K) ile yapt\u0131\u011f\u0131 i\u015f birli\u011fi sonucunda \u00e7ekilen belgeselin g\u00f6sterim etkinli\u011finde konu\u015fmalar yap\u0131ld\u0131.<\/p>\n<p>Dernek \u00fcyesi de olan seramik sanat\u00e7\u0131s\u0131 Fatma \u00d6zok taraf\u0131ndan M\u00fcfide Akal\u0131n\u2019a \u00f6zel olarak haz\u0131rlanan seramik plaket takdim edildi ve ard\u0131ndan belgesel g\u00f6sterimi yap\u0131ld\u0131.<\/p>\n<p>Fatma Co\u015far\u2019\u0131n sundu\u011fu gecede Hasan Kahvecio\u011flu moderat\u00f6rl\u00fc\u011f\u00fcnde Hasan Hast\u00fcrer ve Ahmet Derya da M\u00fcfide Akal\u0131n\u2019\u0131 ve d\u00f6nemin atmosferini anlatan bir sohbet sundu.<\/p>\n<p>Belgeselde, KT\u00d6S\u2019\u00fcn kurulu\u015f a\u015famalar\u0131nda g\u00f6rev alan birka\u00e7 kad\u0131ndan birisi olan ve \u00f6nc\u00fc ki\u015fili\u011fi ile m\u00fccadelenin \u00f6n saflar\u0131nda yer ald\u0131\u011f\u0131, toplumsal olaylara duyarl\u0131 oldu\u011fu belirtilen ev idaresi \u00f6\u011fretmeni M\u00fcfide Akal\u0131n\u2019\u0131n sayg\u0131n ve \u00f6rnek ya\u015fam hikayesi belgeselle ilk kez toplumla payla\u015f\u0131ld\u0131.<\/p>\n<p>K\u00d6DER Ba\u015fkan\u0131 \u015eenay Ekingen yapt\u0131\u011f\u0131 konu\u015fmada, belgeselin hayata ge\u00e7mesinde katk\u0131lar\u0131 olan KT\u00d6S\u00a0 ve KT\u00d6K\u2019e, \u00e7ekim s\u0131ras\u0131nda g\u00f6n\u00fcll\u00fc katk\u0131 koyan konu\u015fmac\u0131lar ve K\u00d6DER yap\u0131m ekibine te\u015fekk\u00fcr etti.<\/p>\n<p>Ekingen, g\u00f6sterime kat\u0131lan t\u00fcm duyarl\u0131 izleyicilere de sayg\u0131 ve sevgilerini iletti.<\/p>\n<p>Ekingen, \u201cB\u00fcy\u00fck bir motivasyon ve g\u00f6n\u00fcl birli\u011fi i\u00e7inde \u00e7al\u0131\u015fmalar\u0131m\u0131 s\u00fcrd\u00fcr\u00fcyoruz ve hayat\u0131m\u0131za de\u011fer katan kad\u0131nlar\u0131n gelecek ku\u015faklara aktar\u0131lmas\u0131 ve bir nevi g\u00f6rsel toplumsal bellek niteli\u011fi de ta\u015f\u0131yan belgesel \u00fcretimlerine aral\u0131ks\u0131z olarak devam ediyoruz. Y\u0131l i\u00e7inde \u00e7ok de\u011ferli kad\u0131nlar\u0131m\u0131z\u0131n belgeselleri ve 3. kitab\u0131 topluma sunduk, 4. kitab\u0131n sergisinin haz\u0131rl\u0131klar\u0131n\u0131 da s\u00fcrd\u00fcr\u00fcyoruz.\u201d dedi.<\/p>\n<p>ya\u015f\u0131n\u0131 kutlayan K\u00d6DER\u2019in toplumdan ve projelerini de\u011ferli bulan banka, yerel y\u00f6netimler, sendikalar, birlikler gibi \u00e7e\u015fitli \u00e7evrelerden her ge\u00e7en g\u00fcn daha da fazla destek almaya ba\u015flad\u0131\u011f\u0131n\u0131 kaydeden Ekingen, b\u00f6ylece daha fazla hayata de\u011fer katan kad\u0131n\u0131n belgesel ve kitaplarla gelecek ku\u015faklara aktar\u0131labilece\u011fini vurgulad\u0131.<\/p>\n<p>M\u00fcfide Akal\u0131n\u2019\u0131n toplumda ve \u00f6zellikle e\u011fitim camias\u0131nda ve sendikal harekette \u00f6nc\u00fc bir e\u011fitimci ki\u015filik oldu\u011funa i\u015faret eden K\u00d6DER Ba\u015fkan\u0131 \u015eenay Ekingen, \u201cToplumsal haf\u0131zam\u0131z\u0131n g\u00fc\u00e7l\u00fc olmas\u0131 ve bunun gen\u00e7 ku\u015faklara aktar\u0131lmas\u0131 \u00e7ok \u00f6nemli. Duru\u015fu, tavr\u0131, \u00fcrettikleri, kavgas\u0131, sevgisi ve m\u00fccadelesiyle, de\u011fer yarg\u0131lar\u0131 ve ta\u015f\u0131d\u0131\u011f\u0131 erdemler ile toplumumuzda \u00f6rnek bir kad\u0131n nefer. Toplumsal haf\u0131zam\u0131z i\u00e7in \u00f6nemli bir \u00e7al\u0131\u015fmay\u0131 hayata ge\u00e7irdik.\u201d diye konu\u015ftu.<\/p>\n<p>KT\u00d6S Genel Sekreteri Burak Mavi\u015f ise M\u00fcfide Akal\u0131n\u2019\u0131n bir e\u011fitim neferi olarak, sesini duyurman\u0131n zor oldu\u011fu zamanlarda dahi cesaretle m\u00fccadele etti\u011fini ve sendikan\u0131n kurulmas\u0131 i\u00e7in \u00f6n saflarda yer ald\u0131\u011f\u0131n\u0131 vurgulad\u0131.<\/p>\n<p>Mavi\u015f, M\u00fcfide Han\u0131m\u2019\u0131n ve o d\u00f6nemin kad\u0131n \u00f6\u011fretmenlerinin hikayesinin sadece ge\u00e7mi\u015fin bir par\u00e7as\u0131 olmad\u0131\u011f\u0131n\u0131, bug\u00fcn h\u00e2l\u00e2 devam eden bir m\u00fccadelenin simgesi oldu\u011funu belirtti. Mavi\u015f ayr\u0131ca, sendikan\u0131n kurulu\u015funda eme\u011fi ge\u00e7en herkese m\u00fcte\u015fekkir olduklar\u0131n\u0131 ifade etti.<\/p>\n<p>Mavi\u015f, kad\u0131n \u00f6\u011fretmenlerin sendikal hareketlerin k\u00f6k salmas\u0131nda kritik bir rol oynad\u0131\u011f\u0131n\u0131 belirterek, bu m\u00fccadelenin gen\u00e7 ku\u015faklara aktar\u0131lmas\u0131nda K\u00d6DER ile i\u015f birli\u011fi i\u00e7inde sorumluluk ta\u015f\u0131maya devam edeceklerini dile getirdi.<\/p>\n<p>Belgeselinin g\u00f6sterildi\u011fi gecede bir konu\u015fma yapan e\u011fitimci M\u00fcfide Akal\u0131n ise \u201cBu belgesel benim i\u00e7in, evlatlar\u0131m, torunlar\u0131n hatta toplum i\u00e7in \u00e7ok k\u0131ymetlidir. T\u00fcm katk\u0131 koyanlara te\u015fekk\u00fcr ederim. K\u00d6DER\u2019e de ba\u015far\u0131lar ve daha nice belgeseller dilerim.\u201d dedi.<\/p>\n<\/p><\/div>\n<p><script async\n                    defer\n                    crossorigin=\"anonymous\"\n                    src=\"https:\/\/connect.facebook.net\/tr_TR\/sdk.js#xfbml=1&#038;version=v3.3\"\n            ><\/script><\/p>\n","protected":false},"excerpt":{"rendered":"<p>\u00a0E\u011fitimci M\u00fcfide Akal\u0131n\u2019\u0131n hayat\u0131n\u0131 konu alan belgesel, Cuma ak\u015fam\u0131 K\u0131br\u0131s T\u00fcrk \u00d6\u011fretmenler Sendikas\u0131 (KT\u00d6S) lokalinde g\u00f6sterildi. K\u0131br\u0131s Kad\u0131n \u00d6yk\u00fcleri Derne\u011fi (K\u00d6DER) taraf\u0131ndan \u201chayat\u0131m\u0131za deg\u0306er katan kad\u0131nlar\u0131m\u0131z\u201d serisinin 23. belgeseli olan \u00fclkemizin e\u011fitim-\u00f6\u011fretim camias\u0131na ve sendikal ya\u015fama \u00e7ok uzun y\u0131llar hizmet vermi\u015f M\u00fcfide Akal\u0131n\u2019\u0131n belgeselini kendisi, ailesi ve sevenleri izledi. K\u00d6DER\u2019den verilen bilgiye g\u00f6re, K\u00d6DER\u2019in K\u0131br\u0131s [&hellip;]<\/p>\n","protected":false},"author":1,"featured_media":11480,"comment_status":"open","ping_status":"open","sticky":false,"template":"","format":"standard","meta":{"jnews-multi-image_gallery":[],"jnews_single_post":[],"jnews_primary_category":[],"jnews_social_meta":[],"jnews_override_counter":[],"footnotes":""},"categories":[6],"tags":[],"class_list":["post-11479","post","type-post","status-publish","format-standard","has-post-thumbnail","hentry","category-yasam"],"yoast_head":"<!-- This site is optimized with the Yoast SEO plugin v27.4 - https:\/\/yoast.com\/product\/yoast-seo-wordpress\/ -->\n<title>E\u011fitimci M\u00fcfide Akal\u0131n belgeseli KT\u00d6S\u2019te g\u00f6sterildi - Kuzeyin Sesi<\/title>\n<meta name=\"robots\" content=\"index, follow, max-snippet:-1, max-image-preview:large, max-video-preview:-1\" \/>\n<link rel=\"canonical\" href=\"https:\/\/kuzeyinsesi.org\/index.php\/2024\/10\/13\/egitimci-mufide-akalin-belgeseli-ktoste-gosterildi\/\" \/>\n<meta property=\"og:locale\" content=\"tr_TR\" \/>\n<meta property=\"og:type\" content=\"article\" \/>\n<meta property=\"og:title\" content=\"E\u011fitimci M\u00fcfide Akal\u0131n belgeseli KT\u00d6S\u2019te g\u00f6sterildi - Kuzeyin Sesi\" \/>\n<meta property=\"og:description\" content=\"\u00a0E\u011fitimci M\u00fcfide Akal\u0131n\u2019\u0131n hayat\u0131n\u0131 konu alan belgesel, Cuma ak\u015fam\u0131 K\u0131br\u0131s T\u00fcrk \u00d6\u011fretmenler Sendikas\u0131 (KT\u00d6S) lokalinde g\u00f6sterildi. K\u0131br\u0131s Kad\u0131n \u00d6yk\u00fcleri Derne\u011fi (K\u00d6DER) taraf\u0131ndan \u201chayat\u0131m\u0131za deg\u0306er katan kad\u0131nlar\u0131m\u0131z\u201d serisinin 23. belgeseli olan \u00fclkemizin e\u011fitim-\u00f6\u011fretim camias\u0131na ve sendikal ya\u015fama \u00e7ok uzun y\u0131llar hizmet vermi\u015f M\u00fcfide Akal\u0131n\u2019\u0131n belgeselini kendisi, ailesi ve sevenleri izledi. K\u00d6DER\u2019den verilen bilgiye g\u00f6re, K\u00d6DER\u2019in K\u0131br\u0131s [&hellip;]\" \/>\n<meta property=\"og:url\" content=\"https:\/\/kuzeyinsesi.org\/index.php\/2024\/10\/13\/egitimci-mufide-akalin-belgeseli-ktoste-gosterildi\/\" \/>\n<meta property=\"og:site_name\" content=\"Kuzeyin Sesi\" \/>\n<meta property=\"article:publisher\" content=\"https:\/\/www.facebook.com\/kuzeyinsesii\" \/>\n<meta property=\"article:published_time\" content=\"2024-10-13T15:44:08+00:00\" \/>\n<meta property=\"og:image\" content=\"https:\/\/brtk.net\/wp-content\/uploads\/2024\/10\/13\/foto-11.jpeg?ver=dce92f15c7c827caa6041a5805db28d8\" \/>\n<meta name=\"author\" content=\"Kuzeyin Sesi\" \/>\n<meta name=\"twitter:card\" content=\"summary_large_image\" \/>\n<meta name=\"twitter:creator\" content=\"@kuzeyinsesii\" \/>\n<meta name=\"twitter:site\" content=\"@kuzeyinsesii\" \/>\n<meta name=\"twitter:label1\" content=\"Yazan:\" \/>\n\t<meta name=\"twitter:data1\" content=\"Kuzeyin Sesi\" \/>\n\t<meta name=\"twitter:label2\" content=\"Tahmini okuma s\u00fcresi\" \/>\n\t<meta name=\"twitter:data2\" content=\"4 dakika\" \/>\n<script type=\"application\/ld+json\" class=\"yoast-schema-graph\">{\"@context\":\"https:\\\/\\\/schema.org\",\"@graph\":[{\"@type\":\"Article\",\"@id\":\"https:\\\/\\\/kuzeyinsesi.org\\\/index.php\\\/2024\\\/10\\\/13\\\/egitimci-mufide-akalin-belgeseli-ktoste-gosterildi\\\/#article\",\"isPartOf\":{\"@id\":\"https:\\\/\\\/kuzeyinsesi.org\\\/index.php\\\/2024\\\/10\\\/13\\\/egitimci-mufide-akalin-belgeseli-ktoste-gosterildi\\\/\"},\"author\":{\"name\":\"Kuzeyin Sesi\",\"@id\":\"https:\\\/\\\/kuzeyinsesi.org\\\/#\\\/schema\\\/person\\\/9f859689cdf01485597712386e37f5aa\"},\"headline\":\"E\u011fitimci M\u00fcfide Akal\u0131n belgeseli KT\u00d6S\u2019te g\u00f6sterildi\",\"datePublished\":\"2024-10-13T15:44:08+00:00\",\"mainEntityOfPage\":{\"@id\":\"https:\\\/\\\/kuzeyinsesi.org\\\/index.php\\\/2024\\\/10\\\/13\\\/egitimci-mufide-akalin-belgeseli-ktoste-gosterildi\\\/\"},\"wordCount\":739,\"commentCount\":0,\"image\":{\"@id\":\"https:\\\/\\\/kuzeyinsesi.org\\\/index.php\\\/2024\\\/10\\\/13\\\/egitimci-mufide-akalin-belgeseli-ktoste-gosterildi\\\/#primaryimage\"},\"thumbnailUrl\":\"https:\\\/\\\/kuzeyinsesi.org\\\/wp-content\\\/uploads\\\/2024\\\/10\\\/foto-11.jpeg\",\"articleSection\":[\"Ya\u015fam\"],\"inLanguage\":\"tr\",\"potentialAction\":[{\"@type\":\"CommentAction\",\"name\":\"Comment\",\"target\":[\"https:\\\/\\\/kuzeyinsesi.org\\\/index.php\\\/2024\\\/10\\\/13\\\/egitimci-mufide-akalin-belgeseli-ktoste-gosterildi\\\/#respond\"]}]},{\"@type\":\"WebPage\",\"@id\":\"https:\\\/\\\/kuzeyinsesi.org\\\/index.php\\\/2024\\\/10\\\/13\\\/egitimci-mufide-akalin-belgeseli-ktoste-gosterildi\\\/\",\"url\":\"https:\\\/\\\/kuzeyinsesi.org\\\/index.php\\\/2024\\\/10\\\/13\\\/egitimci-mufide-akalin-belgeseli-ktoste-gosterildi\\\/\",\"name\":\"E\u011fitimci M\u00fcfide Akal\u0131n belgeseli KT\u00d6S\u2019te g\u00f6sterildi - Kuzeyin Sesi\",\"isPartOf\":{\"@id\":\"https:\\\/\\\/kuzeyinsesi.org\\\/#website\"},\"primaryImageOfPage\":{\"@id\":\"https:\\\/\\\/kuzeyinsesi.org\\\/index.php\\\/2024\\\/10\\\/13\\\/egitimci-mufide-akalin-belgeseli-ktoste-gosterildi\\\/#primaryimage\"},\"image\":{\"@id\":\"https:\\\/\\\/kuzeyinsesi.org\\\/index.php\\\/2024\\\/10\\\/13\\\/egitimci-mufide-akalin-belgeseli-ktoste-gosterildi\\\/#primaryimage\"},\"thumbnailUrl\":\"https:\\\/\\\/kuzeyinsesi.org\\\/wp-content\\\/uploads\\\/2024\\\/10\\\/foto-11.jpeg\",\"datePublished\":\"2024-10-13T15:44:08+00:00\",\"author\":{\"@id\":\"https:\\\/\\\/kuzeyinsesi.org\\\/#\\\/schema\\\/person\\\/9f859689cdf01485597712386e37f5aa\"},\"breadcrumb\":{\"@id\":\"https:\\\/\\\/kuzeyinsesi.org\\\/index.php\\\/2024\\\/10\\\/13\\\/egitimci-mufide-akalin-belgeseli-ktoste-gosterildi\\\/#breadcrumb\"},\"inLanguage\":\"tr\",\"potentialAction\":[{\"@type\":\"ReadAction\",\"target\":[\"https:\\\/\\\/kuzeyinsesi.org\\\/index.php\\\/2024\\\/10\\\/13\\\/egitimci-mufide-akalin-belgeseli-ktoste-gosterildi\\\/\"]}]},{\"@type\":\"ImageObject\",\"inLanguage\":\"tr\",\"@id\":\"https:\\\/\\\/kuzeyinsesi.org\\\/index.php\\\/2024\\\/10\\\/13\\\/egitimci-mufide-akalin-belgeseli-ktoste-gosterildi\\\/#primaryimage\",\"url\":\"https:\\\/\\\/kuzeyinsesi.org\\\/wp-content\\\/uploads\\\/2024\\\/10\\\/foto-11.jpeg\",\"contentUrl\":\"https:\\\/\\\/kuzeyinsesi.org\\\/wp-content\\\/uploads\\\/2024\\\/10\\\/foto-11.jpeg\",\"width\":1600,\"height\":1200},{\"@type\":\"BreadcrumbList\",\"@id\":\"https:\\\/\\\/kuzeyinsesi.org\\\/index.php\\\/2024\\\/10\\\/13\\\/egitimci-mufide-akalin-belgeseli-ktoste-gosterildi\\\/#breadcrumb\",\"itemListElement\":[{\"@type\":\"ListItem\",\"position\":1,\"name\":\"Anasayfa\",\"item\":\"https:\\\/\\\/kuzeyinsesi.org\\\/\"},{\"@type\":\"ListItem\",\"position\":2,\"name\":\"E\u011fitimci M\u00fcfide Akal\u0131n belgeseli KT\u00d6S\u2019te g\u00f6sterildi\"}]},{\"@type\":\"WebSite\",\"@id\":\"https:\\\/\\\/kuzeyinsesi.org\\\/#website\",\"url\":\"https:\\\/\\\/kuzeyinsesi.org\\\/\",\"name\":\"Kuzeyin Sesi\",\"description\":\"Do\u011fru Haberin Adresi\",\"potentialAction\":[{\"@type\":\"SearchAction\",\"target\":{\"@type\":\"EntryPoint\",\"urlTemplate\":\"https:\\\/\\\/kuzeyinsesi.org\\\/?s={search_term_string}\"},\"query-input\":{\"@type\":\"PropertyValueSpecification\",\"valueRequired\":true,\"valueName\":\"search_term_string\"}}],\"inLanguage\":\"tr\"},{\"@type\":\"Person\",\"@id\":\"https:\\\/\\\/kuzeyinsesi.org\\\/#\\\/schema\\\/person\\\/9f859689cdf01485597712386e37f5aa\",\"name\":\"Kuzeyin Sesi\",\"image\":{\"@type\":\"ImageObject\",\"inLanguage\":\"tr\",\"@id\":\"https:\\\/\\\/secure.gravatar.com\\\/avatar\\\/bab33852abfd8b282518d6ed81826833d77c3c882d9ab608add591ccace47a44?s=96&d=mm&r=g\",\"url\":\"https:\\\/\\\/secure.gravatar.com\\\/avatar\\\/bab33852abfd8b282518d6ed81826833d77c3c882d9ab608add591ccace47a44?s=96&d=mm&r=g\",\"contentUrl\":\"https:\\\/\\\/secure.gravatar.com\\\/avatar\\\/bab33852abfd8b282518d6ed81826833d77c3c882d9ab608add591ccace47a44?s=96&d=mm&r=g\",\"caption\":\"Kuzeyin Sesi\"},\"sameAs\":[\"https:\\\/\\\/kuzeyinsesi.org\"],\"url\":\"https:\\\/\\\/kuzeyinsesi.org\\\/index.php\\\/author\\\/guven\\\/\"}]}<\/script>\n<!-- \/ Yoast SEO plugin. -->","yoast_head_json":{"title":"E\u011fitimci M\u00fcfide Akal\u0131n belgeseli KT\u00d6S\u2019te g\u00f6sterildi - Kuzeyin Sesi","robots":{"index":"index","follow":"follow","max-snippet":"max-snippet:-1","max-image-preview":"max-image-preview:large","max-video-preview":"max-video-preview:-1"},"canonical":"https:\/\/kuzeyinsesi.org\/index.php\/2024\/10\/13\/egitimci-mufide-akalin-belgeseli-ktoste-gosterildi\/","og_locale":"tr_TR","og_type":"article","og_title":"E\u011fitimci M\u00fcfide Akal\u0131n belgeseli KT\u00d6S\u2019te g\u00f6sterildi - Kuzeyin Sesi","og_description":"\u00a0E\u011fitimci M\u00fcfide Akal\u0131n\u2019\u0131n hayat\u0131n\u0131 konu alan belgesel, Cuma ak\u015fam\u0131 K\u0131br\u0131s T\u00fcrk \u00d6\u011fretmenler Sendikas\u0131 (KT\u00d6S) lokalinde g\u00f6sterildi. K\u0131br\u0131s Kad\u0131n \u00d6yk\u00fcleri Derne\u011fi (K\u00d6DER) taraf\u0131ndan \u201chayat\u0131m\u0131za deg\u0306er katan kad\u0131nlar\u0131m\u0131z\u201d serisinin 23. belgeseli olan \u00fclkemizin e\u011fitim-\u00f6\u011fretim camias\u0131na ve sendikal ya\u015fama \u00e7ok uzun y\u0131llar hizmet vermi\u015f M\u00fcfide Akal\u0131n\u2019\u0131n belgeselini kendisi, ailesi ve sevenleri izledi. K\u00d6DER\u2019den verilen bilgiye g\u00f6re, K\u00d6DER\u2019in K\u0131br\u0131s [&hellip;]","og_url":"https:\/\/kuzeyinsesi.org\/index.php\/2024\/10\/13\/egitimci-mufide-akalin-belgeseli-ktoste-gosterildi\/","og_site_name":"Kuzeyin Sesi","article_publisher":"https:\/\/www.facebook.com\/kuzeyinsesii","article_published_time":"2024-10-13T15:44:08+00:00","og_image":[{"url":"https:\/\/brtk.net\/wp-content\/uploads\/2024\/10\/13\/foto-11.jpeg?ver=dce92f15c7c827caa6041a5805db28d8","type":"","width":"","height":""}],"author":"Kuzeyin Sesi","twitter_card":"summary_large_image","twitter_creator":"@kuzeyinsesii","twitter_site":"@kuzeyinsesii","twitter_misc":{"Yazan:":"Kuzeyin Sesi","Tahmini okuma s\u00fcresi":"4 dakika"},"schema":{"@context":"https:\/\/schema.org","@graph":[{"@type":"Article","@id":"https:\/\/kuzeyinsesi.org\/index.php\/2024\/10\/13\/egitimci-mufide-akalin-belgeseli-ktoste-gosterildi\/#article","isPartOf":{"@id":"https:\/\/kuzeyinsesi.org\/index.php\/2024\/10\/13\/egitimci-mufide-akalin-belgeseli-ktoste-gosterildi\/"},"author":{"name":"Kuzeyin Sesi","@id":"https:\/\/kuzeyinsesi.org\/#\/schema\/person\/9f859689cdf01485597712386e37f5aa"},"headline":"E\u011fitimci M\u00fcfide Akal\u0131n belgeseli KT\u00d6S\u2019te g\u00f6sterildi","datePublished":"2024-10-13T15:44:08+00:00","mainEntityOfPage":{"@id":"https:\/\/kuzeyinsesi.org\/index.php\/2024\/10\/13\/egitimci-mufide-akalin-belgeseli-ktoste-gosterildi\/"},"wordCount":739,"commentCount":0,"image":{"@id":"https:\/\/kuzeyinsesi.org\/index.php\/2024\/10\/13\/egitimci-mufide-akalin-belgeseli-ktoste-gosterildi\/#primaryimage"},"thumbnailUrl":"https:\/\/kuzeyinsesi.org\/wp-content\/uploads\/2024\/10\/foto-11.jpeg","articleSection":["Ya\u015fam"],"inLanguage":"tr","potentialAction":[{"@type":"CommentAction","name":"Comment","target":["https:\/\/kuzeyinsesi.org\/index.php\/2024\/10\/13\/egitimci-mufide-akalin-belgeseli-ktoste-gosterildi\/#respond"]}]},{"@type":"WebPage","@id":"https:\/\/kuzeyinsesi.org\/index.php\/2024\/10\/13\/egitimci-mufide-akalin-belgeseli-ktoste-gosterildi\/","url":"https:\/\/kuzeyinsesi.org\/index.php\/2024\/10\/13\/egitimci-mufide-akalin-belgeseli-ktoste-gosterildi\/","name":"E\u011fitimci M\u00fcfide Akal\u0131n belgeseli KT\u00d6S\u2019te g\u00f6sterildi - Kuzeyin Sesi","isPartOf":{"@id":"https:\/\/kuzeyinsesi.org\/#website"},"primaryImageOfPage":{"@id":"https:\/\/kuzeyinsesi.org\/index.php\/2024\/10\/13\/egitimci-mufide-akalin-belgeseli-ktoste-gosterildi\/#primaryimage"},"image":{"@id":"https:\/\/kuzeyinsesi.org\/index.php\/2024\/10\/13\/egitimci-mufide-akalin-belgeseli-ktoste-gosterildi\/#primaryimage"},"thumbnailUrl":"https:\/\/kuzeyinsesi.org\/wp-content\/uploads\/2024\/10\/foto-11.jpeg","datePublished":"2024-10-13T15:44:08+00:00","author":{"@id":"https:\/\/kuzeyinsesi.org\/#\/schema\/person\/9f859689cdf01485597712386e37f5aa"},"breadcrumb":{"@id":"https:\/\/kuzeyinsesi.org\/index.php\/2024\/10\/13\/egitimci-mufide-akalin-belgeseli-ktoste-gosterildi\/#breadcrumb"},"inLanguage":"tr","potentialAction":[{"@type":"ReadAction","target":["https:\/\/kuzeyinsesi.org\/index.php\/2024\/10\/13\/egitimci-mufide-akalin-belgeseli-ktoste-gosterildi\/"]}]},{"@type":"ImageObject","inLanguage":"tr","@id":"https:\/\/kuzeyinsesi.org\/index.php\/2024\/10\/13\/egitimci-mufide-akalin-belgeseli-ktoste-gosterildi\/#primaryimage","url":"https:\/\/kuzeyinsesi.org\/wp-content\/uploads\/2024\/10\/foto-11.jpeg","contentUrl":"https:\/\/kuzeyinsesi.org\/wp-content\/uploads\/2024\/10\/foto-11.jpeg","width":1600,"height":1200},{"@type":"BreadcrumbList","@id":"https:\/\/kuzeyinsesi.org\/index.php\/2024\/10\/13\/egitimci-mufide-akalin-belgeseli-ktoste-gosterildi\/#breadcrumb","itemListElement":[{"@type":"ListItem","position":1,"name":"Anasayfa","item":"https:\/\/kuzeyinsesi.org\/"},{"@type":"ListItem","position":2,"name":"E\u011fitimci M\u00fcfide Akal\u0131n belgeseli KT\u00d6S\u2019te g\u00f6sterildi"}]},{"@type":"WebSite","@id":"https:\/\/kuzeyinsesi.org\/#website","url":"https:\/\/kuzeyinsesi.org\/","name":"Kuzeyin Sesi","description":"Do\u011fru Haberin Adresi","potentialAction":[{"@type":"SearchAction","target":{"@type":"EntryPoint","urlTemplate":"https:\/\/kuzeyinsesi.org\/?s={search_term_string}"},"query-input":{"@type":"PropertyValueSpecification","valueRequired":true,"valueName":"search_term_string"}}],"inLanguage":"tr"},{"@type":"Person","@id":"https:\/\/kuzeyinsesi.org\/#\/schema\/person\/9f859689cdf01485597712386e37f5aa","name":"Kuzeyin Sesi","image":{"@type":"ImageObject","inLanguage":"tr","@id":"https:\/\/secure.gravatar.com\/avatar\/bab33852abfd8b282518d6ed81826833d77c3c882d9ab608add591ccace47a44?s=96&d=mm&r=g","url":"https:\/\/secure.gravatar.com\/avatar\/bab33852abfd8b282518d6ed81826833d77c3c882d9ab608add591ccace47a44?s=96&d=mm&r=g","contentUrl":"https:\/\/secure.gravatar.com\/avatar\/bab33852abfd8b282518d6ed81826833d77c3c882d9ab608add591ccace47a44?s=96&d=mm&r=g","caption":"Kuzeyin Sesi"},"sameAs":["https:\/\/kuzeyinsesi.org"],"url":"https:\/\/kuzeyinsesi.org\/index.php\/author\/guven\/"}]}},"_links":{"self":[{"href":"https:\/\/kuzeyinsesi.org\/index.php\/wp-json\/wp\/v2\/posts\/11479","targetHints":{"allow":["GET"]}}],"collection":[{"href":"https:\/\/kuzeyinsesi.org\/index.php\/wp-json\/wp\/v2\/posts"}],"about":[{"href":"https:\/\/kuzeyinsesi.org\/index.php\/wp-json\/wp\/v2\/types\/post"}],"author":[{"embeddable":true,"href":"https:\/\/kuzeyinsesi.org\/index.php\/wp-json\/wp\/v2\/users\/1"}],"replies":[{"embeddable":true,"href":"https:\/\/kuzeyinsesi.org\/index.php\/wp-json\/wp\/v2\/comments?post=11479"}],"version-history":[{"count":0,"href":"https:\/\/kuzeyinsesi.org\/index.php\/wp-json\/wp\/v2\/posts\/11479\/revisions"}],"wp:featuredmedia":[{"embeddable":true,"href":"https:\/\/kuzeyinsesi.org\/index.php\/wp-json\/wp\/v2\/media\/11480"}],"wp:attachment":[{"href":"https:\/\/kuzeyinsesi.org\/index.php\/wp-json\/wp\/v2\/media?parent=11479"}],"wp:term":[{"taxonomy":"category","embeddable":true,"href":"https:\/\/kuzeyinsesi.org\/index.php\/wp-json\/wp\/v2\/categories?post=11479"},{"taxonomy":"post_tag","embeddable":true,"href":"https:\/\/kuzeyinsesi.org\/index.php\/wp-json\/wp\/v2\/tags?post=11479"}],"curies":[{"name":"wp","href":"https:\/\/api.w.org\/{rel}","templated":true}]}}