{"id":11448,"date":"2024-10-13T11:32:32","date_gmt":"2024-10-13T08:32:32","guid":{"rendered":"https:\/\/kuzeyinsesi.org\/index.php\/2024\/10\/13\/22-uluslararasi-kuzey-kibris-muzik-festivalinde-yarin-aksam-flut-piyano-resitali-var\/"},"modified":"2024-10-13T11:32:32","modified_gmt":"2024-10-13T08:32:32","slug":"22-uluslararasi-kuzey-kibris-muzik-festivalinde-yarin-aksam-flut-piyano-resitali-var","status":"publish","type":"post","link":"https:\/\/kuzeyinsesi.org\/index.php\/2024\/10\/13\/22-uluslararasi-kuzey-kibris-muzik-festivalinde-yarin-aksam-flut-piyano-resitali-var\/","title":{"rendered":"22. Uluslararas\u0131 Kuzey K\u0131br\u0131s M\u00fczik Festivali\u2019nde yar\u0131n ak\u015fam fl\u00fct-piyano resitali var"},"content":{"rendered":"<div>\n<div class=\"mariselle-image-container none\">\n                                            <\/div>\n<p style=\"font-weight: 300;\"><span style=\"font-weight: 300 !important;\">Kuzey K\u0131br\u0131s M\u00fczik Derne\u011fi\u2019nin d\u00fczenledi\u011fi 22. Uluslararas\u0131 Kuzey K\u0131br\u0131s M\u00fczik Festivali\u2019nde yar\u0131n ak\u015fam fl\u00fct sanat\u00e7\u0131s\u0131 Lelya Bayramo\u011fullar\u0131 ve piyanist Tutu Ayd\u0131no\u011flu\u2019nun fl\u00fct- piyano resitali sunulacak.<\/span><\/p>\n<p style=\"font-weight: 300;\"><span style=\"font-weight: 300 !important;\">Dernekten verilen bilgiye g\u00f6re, konser, saat 20.30\u2019da Bellapais Manast\u0131r\u0131\u2019nda yer alacak.<\/span><\/p>\n<p style=\"font-weight: 300;\"><span style=\"font-weight: 300 !important;\">Bu y\u0131l Turizm ve K\u00fclt\u00fcr Bakanl\u0131\u011f\u0131, Deniz Plaza, Rocks Hotel, Bellapais Gardens, Kybele ve Huzur A\u011fa\u00e7 katk\u0131lar\u0131yla 22\u2019ncisi d\u00fczenlenen festivalin yar\u0131n ak\u015famki resitalinde fl\u00fct ve piyano i\u00e7in yaz\u0131lm\u0131\u015f se\u00e7kin eserlerin yan\u0131 s\u0131ra fl\u00fct ve piyano i\u00e7in G\u00fclbay Usta taraf\u0131ndan d\u00fczenlenmi\u015f \u201cMa\u011fusa Liman\u0131\u201d t\u00fcrk\u00fcs\u00fc de ilk kez seslendirilecek.<\/span><\/p>\n<p style=\"font-weight: 300;\"><span style=\"font-weight: 300 !important;\">Festival 16 Ekim \u00c7ar\u015famba ak\u015fam\u0131 3 Basses Konseri ile devam edecek.<\/span><\/p>\n<p style=\"font-weight: 300;\"><span style=\"font-weight: 300 !important;\">T\u00fcm konserlerin biletlerine Deniz Plazalardan, Bellapais Manast\u0131r\u0131 Bilet Ofisinden ve online olarak Biletfest.com ile Gisekibris.com dan ula\u015f\u0131labiliyor.<\/span><\/p>\n<p>\u00a0<\/p>\n<\/p><\/div>\n<p><script async\n                    defer\n                    crossorigin=\"anonymous\"\n                    src=\"https:\/\/connect.facebook.net\/tr_TR\/sdk.js#xfbml=1&#038;version=v3.3\"\n            ><\/script><\/p>\n","protected":false},"excerpt":{"rendered":"<p>Kuzey K\u0131br\u0131s M\u00fczik Derne\u011fi\u2019nin d\u00fczenledi\u011fi 22. Uluslararas\u0131 Kuzey K\u0131br\u0131s M\u00fczik Festivali\u2019nde yar\u0131n ak\u015fam fl\u00fct sanat\u00e7\u0131s\u0131 Lelya Bayramo\u011fullar\u0131 ve piyanist Tutu Ayd\u0131no\u011flu\u2019nun fl\u00fct- piyano resitali sunulacak. Dernekten verilen bilgiye g\u00f6re, konser, saat 20.30\u2019da Bellapais Manast\u0131r\u0131\u2019nda yer alacak. Bu y\u0131l Turizm ve K\u00fclt\u00fcr Bakanl\u0131\u011f\u0131, Deniz Plaza, Rocks Hotel, Bellapais Gardens, Kybele ve Huzur A\u011fa\u00e7 katk\u0131lar\u0131yla 22\u2019ncisi d\u00fczenlenen [&hellip;]<\/p>\n","protected":false},"author":1,"featured_media":11449,"comment_status":"open","ping_status":"open","sticky":false,"template":"","format":"standard","meta":{"jnews-multi-image_gallery":[],"jnews_single_post":[],"jnews_primary_category":[],"jnews_social_meta":[],"jnews_override_counter":[],"footnotes":""},"categories":[6],"tags":[],"class_list":["post-11448","post","type-post","status-publish","format-standard","has-post-thumbnail","hentry","category-yasam"],"yoast_head":"<!-- This site is optimized with the Yoast SEO plugin v27.4 - https:\/\/yoast.com\/product\/yoast-seo-wordpress\/ -->\n<title>22. Uluslararas\u0131 Kuzey K\u0131br\u0131s M\u00fczik Festivali\u2019nde yar\u0131n ak\u015fam fl\u00fct-piyano resitali var - Kuzeyin Sesi<\/title>\n<meta name=\"robots\" content=\"index, follow, max-snippet:-1, max-image-preview:large, max-video-preview:-1\" \/>\n<link rel=\"canonical\" href=\"https:\/\/kuzeyinsesi.org\/index.php\/2024\/10\/13\/22-uluslararasi-kuzey-kibris-muzik-festivalinde-yarin-aksam-flut-piyano-resitali-var\/\" \/>\n<meta property=\"og:locale\" content=\"tr_TR\" \/>\n<meta property=\"og:type\" content=\"article\" \/>\n<meta property=\"og:title\" content=\"22. Uluslararas\u0131 Kuzey K\u0131br\u0131s M\u00fczik Festivali\u2019nde yar\u0131n ak\u015fam fl\u00fct-piyano resitali var - Kuzeyin Sesi\" \/>\n<meta property=\"og:description\" content=\"Kuzey K\u0131br\u0131s M\u00fczik Derne\u011fi\u2019nin d\u00fczenledi\u011fi 22. Uluslararas\u0131 Kuzey K\u0131br\u0131s M\u00fczik Festivali\u2019nde yar\u0131n ak\u015fam fl\u00fct sanat\u00e7\u0131s\u0131 Lelya Bayramo\u011fullar\u0131 ve piyanist Tutu Ayd\u0131no\u011flu\u2019nun fl\u00fct- piyano resitali sunulacak. Dernekten verilen bilgiye g\u00f6re, konser, saat 20.30\u2019da Bellapais Manast\u0131r\u0131\u2019nda yer alacak. Bu y\u0131l Turizm ve K\u00fclt\u00fcr Bakanl\u0131\u011f\u0131, Deniz Plaza, Rocks Hotel, Bellapais Gardens, Kybele ve Huzur A\u011fa\u00e7 katk\u0131lar\u0131yla 22\u2019ncisi d\u00fczenlenen [&hellip;]\" \/>\n<meta property=\"og:url\" content=\"https:\/\/kuzeyinsesi.org\/index.php\/2024\/10\/13\/22-uluslararasi-kuzey-kibris-muzik-festivalinde-yarin-aksam-flut-piyano-resitali-var\/\" \/>\n<meta property=\"og:site_name\" content=\"Kuzeyin Sesi\" \/>\n<meta property=\"article:publisher\" content=\"https:\/\/www.facebook.com\/kuzeyinsesii\" \/>\n<meta property=\"article:published_time\" content=\"2024-10-13T08:32:32+00:00\" \/>\n<meta property=\"og:image\" content=\"https:\/\/brtk.net\/wp-content\/uploads\/2024\/10\/13\/muzik-festivali-14-ekim-programi.jpg?ver=7a6a1970170cba739e1138826e05f18f\" \/>\n<meta name=\"author\" content=\"Kuzeyin Sesi\" \/>\n<meta name=\"twitter:card\" content=\"summary_large_image\" \/>\n<meta name=\"twitter:creator\" content=\"@kuzeyinsesii\" \/>\n<meta name=\"twitter:site\" content=\"@kuzeyinsesii\" \/>\n<meta name=\"twitter:label1\" content=\"Yazan:\" \/>\n\t<meta name=\"twitter:data1\" content=\"Kuzeyin Sesi\" \/>\n\t<meta name=\"twitter:label2\" content=\"Tahmini okuma s\u00fcresi\" \/>\n\t<meta name=\"twitter:data2\" content=\"1 dakika\" \/>\n<script type=\"application\/ld+json\" class=\"yoast-schema-graph\">{\"@context\":\"https:\\\/\\\/schema.org\",\"@graph\":[{\"@type\":\"Article\",\"@id\":\"https:\\\/\\\/kuzeyinsesi.org\\\/index.php\\\/2024\\\/10\\\/13\\\/22-uluslararasi-kuzey-kibris-muzik-festivalinde-yarin-aksam-flut-piyano-resitali-var\\\/#article\",\"isPartOf\":{\"@id\":\"https:\\\/\\\/kuzeyinsesi.org\\\/index.php\\\/2024\\\/10\\\/13\\\/22-uluslararasi-kuzey-kibris-muzik-festivalinde-yarin-aksam-flut-piyano-resitali-var\\\/\"},\"author\":{\"name\":\"Kuzeyin Sesi\",\"@id\":\"https:\\\/\\\/kuzeyinsesi.org\\\/#\\\/schema\\\/person\\\/9f859689cdf01485597712386e37f5aa\"},\"headline\":\"22. Uluslararas\u0131 Kuzey K\u0131br\u0131s M\u00fczik Festivali\u2019nde yar\u0131n ak\u015fam fl\u00fct-piyano resitali var\",\"datePublished\":\"2024-10-13T08:32:32+00:00\",\"mainEntityOfPage\":{\"@id\":\"https:\\\/\\\/kuzeyinsesi.org\\\/index.php\\\/2024\\\/10\\\/13\\\/22-uluslararasi-kuzey-kibris-muzik-festivalinde-yarin-aksam-flut-piyano-resitali-var\\\/\"},\"wordCount\":177,\"commentCount\":0,\"image\":{\"@id\":\"https:\\\/\\\/kuzeyinsesi.org\\\/index.php\\\/2024\\\/10\\\/13\\\/22-uluslararasi-kuzey-kibris-muzik-festivalinde-yarin-aksam-flut-piyano-resitali-var\\\/#primaryimage\"},\"thumbnailUrl\":\"https:\\\/\\\/kuzeyinsesi.org\\\/wp-content\\\/uploads\\\/2024\\\/10\\\/muzik-festivali-14-ekim-programi.jpg\",\"articleSection\":[\"Ya\u015fam\"],\"inLanguage\":\"tr\",\"potentialAction\":[{\"@type\":\"CommentAction\",\"name\":\"Comment\",\"target\":[\"https:\\\/\\\/kuzeyinsesi.org\\\/index.php\\\/2024\\\/10\\\/13\\\/22-uluslararasi-kuzey-kibris-muzik-festivalinde-yarin-aksam-flut-piyano-resitali-var\\\/#respond\"]}]},{\"@type\":\"WebPage\",\"@id\":\"https:\\\/\\\/kuzeyinsesi.org\\\/index.php\\\/2024\\\/10\\\/13\\\/22-uluslararasi-kuzey-kibris-muzik-festivalinde-yarin-aksam-flut-piyano-resitali-var\\\/\",\"url\":\"https:\\\/\\\/kuzeyinsesi.org\\\/index.php\\\/2024\\\/10\\\/13\\\/22-uluslararasi-kuzey-kibris-muzik-festivalinde-yarin-aksam-flut-piyano-resitali-var\\\/\",\"name\":\"22. Uluslararas\u0131 Kuzey K\u0131br\u0131s M\u00fczik Festivali\u2019nde yar\u0131n ak\u015fam fl\u00fct-piyano resitali var - Kuzeyin Sesi\",\"isPartOf\":{\"@id\":\"https:\\\/\\\/kuzeyinsesi.org\\\/#website\"},\"primaryImageOfPage\":{\"@id\":\"https:\\\/\\\/kuzeyinsesi.org\\\/index.php\\\/2024\\\/10\\\/13\\\/22-uluslararasi-kuzey-kibris-muzik-festivalinde-yarin-aksam-flut-piyano-resitali-var\\\/#primaryimage\"},\"image\":{\"@id\":\"https:\\\/\\\/kuzeyinsesi.org\\\/index.php\\\/2024\\\/10\\\/13\\\/22-uluslararasi-kuzey-kibris-muzik-festivalinde-yarin-aksam-flut-piyano-resitali-var\\\/#primaryimage\"},\"thumbnailUrl\":\"https:\\\/\\\/kuzeyinsesi.org\\\/wp-content\\\/uploads\\\/2024\\\/10\\\/muzik-festivali-14-ekim-programi.jpg\",\"datePublished\":\"2024-10-13T08:32:32+00:00\",\"author\":{\"@id\":\"https:\\\/\\\/kuzeyinsesi.org\\\/#\\\/schema\\\/person\\\/9f859689cdf01485597712386e37f5aa\"},\"breadcrumb\":{\"@id\":\"https:\\\/\\\/kuzeyinsesi.org\\\/index.php\\\/2024\\\/10\\\/13\\\/22-uluslararasi-kuzey-kibris-muzik-festivalinde-yarin-aksam-flut-piyano-resitali-var\\\/#breadcrumb\"},\"inLanguage\":\"tr\",\"potentialAction\":[{\"@type\":\"ReadAction\",\"target\":[\"https:\\\/\\\/kuzeyinsesi.org\\\/index.php\\\/2024\\\/10\\\/13\\\/22-uluslararasi-kuzey-kibris-muzik-festivalinde-yarin-aksam-flut-piyano-resitali-var\\\/\"]}]},{\"@type\":\"ImageObject\",\"inLanguage\":\"tr\",\"@id\":\"https:\\\/\\\/kuzeyinsesi.org\\\/index.php\\\/2024\\\/10\\\/13\\\/22-uluslararasi-kuzey-kibris-muzik-festivalinde-yarin-aksam-flut-piyano-resitali-var\\\/#primaryimage\",\"url\":\"https:\\\/\\\/kuzeyinsesi.org\\\/wp-content\\\/uploads\\\/2024\\\/10\\\/muzik-festivali-14-ekim-programi.jpg\",\"contentUrl\":\"https:\\\/\\\/kuzeyinsesi.org\\\/wp-content\\\/uploads\\\/2024\\\/10\\\/muzik-festivali-14-ekim-programi.jpg\",\"width\":1080,\"height\":608},{\"@type\":\"BreadcrumbList\",\"@id\":\"https:\\\/\\\/kuzeyinsesi.org\\\/index.php\\\/2024\\\/10\\\/13\\\/22-uluslararasi-kuzey-kibris-muzik-festivalinde-yarin-aksam-flut-piyano-resitali-var\\\/#breadcrumb\",\"itemListElement\":[{\"@type\":\"ListItem\",\"position\":1,\"name\":\"Anasayfa\",\"item\":\"https:\\\/\\\/kuzeyinsesi.org\\\/\"},{\"@type\":\"ListItem\",\"position\":2,\"name\":\"22. Uluslararas\u0131 Kuzey K\u0131br\u0131s M\u00fczik Festivali\u2019nde yar\u0131n ak\u015fam fl\u00fct-piyano resitali var\"}]},{\"@type\":\"WebSite\",\"@id\":\"https:\\\/\\\/kuzeyinsesi.org\\\/#website\",\"url\":\"https:\\\/\\\/kuzeyinsesi.org\\\/\",\"name\":\"Kuzeyin Sesi\",\"description\":\"Do\u011fru Haberin Adresi\",\"potentialAction\":[{\"@type\":\"SearchAction\",\"target\":{\"@type\":\"EntryPoint\",\"urlTemplate\":\"https:\\\/\\\/kuzeyinsesi.org\\\/?s={search_term_string}\"},\"query-input\":{\"@type\":\"PropertyValueSpecification\",\"valueRequired\":true,\"valueName\":\"search_term_string\"}}],\"inLanguage\":\"tr\"},{\"@type\":\"Person\",\"@id\":\"https:\\\/\\\/kuzeyinsesi.org\\\/#\\\/schema\\\/person\\\/9f859689cdf01485597712386e37f5aa\",\"name\":\"Kuzeyin Sesi\",\"image\":{\"@type\":\"ImageObject\",\"inLanguage\":\"tr\",\"@id\":\"https:\\\/\\\/secure.gravatar.com\\\/avatar\\\/bab33852abfd8b282518d6ed81826833d77c3c882d9ab608add591ccace47a44?s=96&d=mm&r=g\",\"url\":\"https:\\\/\\\/secure.gravatar.com\\\/avatar\\\/bab33852abfd8b282518d6ed81826833d77c3c882d9ab608add591ccace47a44?s=96&d=mm&r=g\",\"contentUrl\":\"https:\\\/\\\/secure.gravatar.com\\\/avatar\\\/bab33852abfd8b282518d6ed81826833d77c3c882d9ab608add591ccace47a44?s=96&d=mm&r=g\",\"caption\":\"Kuzeyin Sesi\"},\"sameAs\":[\"https:\\\/\\\/kuzeyinsesi.org\"],\"url\":\"https:\\\/\\\/kuzeyinsesi.org\\\/index.php\\\/author\\\/guven\\\/\"}]}<\/script>\n<!-- \/ Yoast SEO plugin. -->","yoast_head_json":{"title":"22. Uluslararas\u0131 Kuzey K\u0131br\u0131s M\u00fczik Festivali\u2019nde yar\u0131n ak\u015fam fl\u00fct-piyano resitali var - Kuzeyin Sesi","robots":{"index":"index","follow":"follow","max-snippet":"max-snippet:-1","max-image-preview":"max-image-preview:large","max-video-preview":"max-video-preview:-1"},"canonical":"https:\/\/kuzeyinsesi.org\/index.php\/2024\/10\/13\/22-uluslararasi-kuzey-kibris-muzik-festivalinde-yarin-aksam-flut-piyano-resitali-var\/","og_locale":"tr_TR","og_type":"article","og_title":"22. Uluslararas\u0131 Kuzey K\u0131br\u0131s M\u00fczik Festivali\u2019nde yar\u0131n ak\u015fam fl\u00fct-piyano resitali var - Kuzeyin Sesi","og_description":"Kuzey K\u0131br\u0131s M\u00fczik Derne\u011fi\u2019nin d\u00fczenledi\u011fi 22. Uluslararas\u0131 Kuzey K\u0131br\u0131s M\u00fczik Festivali\u2019nde yar\u0131n ak\u015fam fl\u00fct sanat\u00e7\u0131s\u0131 Lelya Bayramo\u011fullar\u0131 ve piyanist Tutu Ayd\u0131no\u011flu\u2019nun fl\u00fct- piyano resitali sunulacak. Dernekten verilen bilgiye g\u00f6re, konser, saat 20.30\u2019da Bellapais Manast\u0131r\u0131\u2019nda yer alacak. Bu y\u0131l Turizm ve K\u00fclt\u00fcr Bakanl\u0131\u011f\u0131, Deniz Plaza, Rocks Hotel, Bellapais Gardens, Kybele ve Huzur A\u011fa\u00e7 katk\u0131lar\u0131yla 22\u2019ncisi d\u00fczenlenen [&hellip;]","og_url":"https:\/\/kuzeyinsesi.org\/index.php\/2024\/10\/13\/22-uluslararasi-kuzey-kibris-muzik-festivalinde-yarin-aksam-flut-piyano-resitali-var\/","og_site_name":"Kuzeyin Sesi","article_publisher":"https:\/\/www.facebook.com\/kuzeyinsesii","article_published_time":"2024-10-13T08:32:32+00:00","og_image":[{"url":"https:\/\/brtk.net\/wp-content\/uploads\/2024\/10\/13\/muzik-festivali-14-ekim-programi.jpg?ver=7a6a1970170cba739e1138826e05f18f","type":"","width":"","height":""}],"author":"Kuzeyin Sesi","twitter_card":"summary_large_image","twitter_creator":"@kuzeyinsesii","twitter_site":"@kuzeyinsesii","twitter_misc":{"Yazan:":"Kuzeyin Sesi","Tahmini okuma s\u00fcresi":"1 dakika"},"schema":{"@context":"https:\/\/schema.org","@graph":[{"@type":"Article","@id":"https:\/\/kuzeyinsesi.org\/index.php\/2024\/10\/13\/22-uluslararasi-kuzey-kibris-muzik-festivalinde-yarin-aksam-flut-piyano-resitali-var\/#article","isPartOf":{"@id":"https:\/\/kuzeyinsesi.org\/index.php\/2024\/10\/13\/22-uluslararasi-kuzey-kibris-muzik-festivalinde-yarin-aksam-flut-piyano-resitali-var\/"},"author":{"name":"Kuzeyin Sesi","@id":"https:\/\/kuzeyinsesi.org\/#\/schema\/person\/9f859689cdf01485597712386e37f5aa"},"headline":"22. Uluslararas\u0131 Kuzey K\u0131br\u0131s M\u00fczik Festivali\u2019nde yar\u0131n ak\u015fam fl\u00fct-piyano resitali var","datePublished":"2024-10-13T08:32:32+00:00","mainEntityOfPage":{"@id":"https:\/\/kuzeyinsesi.org\/index.php\/2024\/10\/13\/22-uluslararasi-kuzey-kibris-muzik-festivalinde-yarin-aksam-flut-piyano-resitali-var\/"},"wordCount":177,"commentCount":0,"image":{"@id":"https:\/\/kuzeyinsesi.org\/index.php\/2024\/10\/13\/22-uluslararasi-kuzey-kibris-muzik-festivalinde-yarin-aksam-flut-piyano-resitali-var\/#primaryimage"},"thumbnailUrl":"https:\/\/kuzeyinsesi.org\/wp-content\/uploads\/2024\/10\/muzik-festivali-14-ekim-programi.jpg","articleSection":["Ya\u015fam"],"inLanguage":"tr","potentialAction":[{"@type":"CommentAction","name":"Comment","target":["https:\/\/kuzeyinsesi.org\/index.php\/2024\/10\/13\/22-uluslararasi-kuzey-kibris-muzik-festivalinde-yarin-aksam-flut-piyano-resitali-var\/#respond"]}]},{"@type":"WebPage","@id":"https:\/\/kuzeyinsesi.org\/index.php\/2024\/10\/13\/22-uluslararasi-kuzey-kibris-muzik-festivalinde-yarin-aksam-flut-piyano-resitali-var\/","url":"https:\/\/kuzeyinsesi.org\/index.php\/2024\/10\/13\/22-uluslararasi-kuzey-kibris-muzik-festivalinde-yarin-aksam-flut-piyano-resitali-var\/","name":"22. Uluslararas\u0131 Kuzey K\u0131br\u0131s M\u00fczik Festivali\u2019nde yar\u0131n ak\u015fam fl\u00fct-piyano resitali var - Kuzeyin Sesi","isPartOf":{"@id":"https:\/\/kuzeyinsesi.org\/#website"},"primaryImageOfPage":{"@id":"https:\/\/kuzeyinsesi.org\/index.php\/2024\/10\/13\/22-uluslararasi-kuzey-kibris-muzik-festivalinde-yarin-aksam-flut-piyano-resitali-var\/#primaryimage"},"image":{"@id":"https:\/\/kuzeyinsesi.org\/index.php\/2024\/10\/13\/22-uluslararasi-kuzey-kibris-muzik-festivalinde-yarin-aksam-flut-piyano-resitali-var\/#primaryimage"},"thumbnailUrl":"https:\/\/kuzeyinsesi.org\/wp-content\/uploads\/2024\/10\/muzik-festivali-14-ekim-programi.jpg","datePublished":"2024-10-13T08:32:32+00:00","author":{"@id":"https:\/\/kuzeyinsesi.org\/#\/schema\/person\/9f859689cdf01485597712386e37f5aa"},"breadcrumb":{"@id":"https:\/\/kuzeyinsesi.org\/index.php\/2024\/10\/13\/22-uluslararasi-kuzey-kibris-muzik-festivalinde-yarin-aksam-flut-piyano-resitali-var\/#breadcrumb"},"inLanguage":"tr","potentialAction":[{"@type":"ReadAction","target":["https:\/\/kuzeyinsesi.org\/index.php\/2024\/10\/13\/22-uluslararasi-kuzey-kibris-muzik-festivalinde-yarin-aksam-flut-piyano-resitali-var\/"]}]},{"@type":"ImageObject","inLanguage":"tr","@id":"https:\/\/kuzeyinsesi.org\/index.php\/2024\/10\/13\/22-uluslararasi-kuzey-kibris-muzik-festivalinde-yarin-aksam-flut-piyano-resitali-var\/#primaryimage","url":"https:\/\/kuzeyinsesi.org\/wp-content\/uploads\/2024\/10\/muzik-festivali-14-ekim-programi.jpg","contentUrl":"https:\/\/kuzeyinsesi.org\/wp-content\/uploads\/2024\/10\/muzik-festivali-14-ekim-programi.jpg","width":1080,"height":608},{"@type":"BreadcrumbList","@id":"https:\/\/kuzeyinsesi.org\/index.php\/2024\/10\/13\/22-uluslararasi-kuzey-kibris-muzik-festivalinde-yarin-aksam-flut-piyano-resitali-var\/#breadcrumb","itemListElement":[{"@type":"ListItem","position":1,"name":"Anasayfa","item":"https:\/\/kuzeyinsesi.org\/"},{"@type":"ListItem","position":2,"name":"22. Uluslararas\u0131 Kuzey K\u0131br\u0131s M\u00fczik Festivali\u2019nde yar\u0131n ak\u015fam fl\u00fct-piyano resitali var"}]},{"@type":"WebSite","@id":"https:\/\/kuzeyinsesi.org\/#website","url":"https:\/\/kuzeyinsesi.org\/","name":"Kuzeyin Sesi","description":"Do\u011fru Haberin Adresi","potentialAction":[{"@type":"SearchAction","target":{"@type":"EntryPoint","urlTemplate":"https:\/\/kuzeyinsesi.org\/?s={search_term_string}"},"query-input":{"@type":"PropertyValueSpecification","valueRequired":true,"valueName":"search_term_string"}}],"inLanguage":"tr"},{"@type":"Person","@id":"https:\/\/kuzeyinsesi.org\/#\/schema\/person\/9f859689cdf01485597712386e37f5aa","name":"Kuzeyin Sesi","image":{"@type":"ImageObject","inLanguage":"tr","@id":"https:\/\/secure.gravatar.com\/avatar\/bab33852abfd8b282518d6ed81826833d77c3c882d9ab608add591ccace47a44?s=96&d=mm&r=g","url":"https:\/\/secure.gravatar.com\/avatar\/bab33852abfd8b282518d6ed81826833d77c3c882d9ab608add591ccace47a44?s=96&d=mm&r=g","contentUrl":"https:\/\/secure.gravatar.com\/avatar\/bab33852abfd8b282518d6ed81826833d77c3c882d9ab608add591ccace47a44?s=96&d=mm&r=g","caption":"Kuzeyin Sesi"},"sameAs":["https:\/\/kuzeyinsesi.org"],"url":"https:\/\/kuzeyinsesi.org\/index.php\/author\/guven\/"}]}},"_links":{"self":[{"href":"https:\/\/kuzeyinsesi.org\/index.php\/wp-json\/wp\/v2\/posts\/11448","targetHints":{"allow":["GET"]}}],"collection":[{"href":"https:\/\/kuzeyinsesi.org\/index.php\/wp-json\/wp\/v2\/posts"}],"about":[{"href":"https:\/\/kuzeyinsesi.org\/index.php\/wp-json\/wp\/v2\/types\/post"}],"author":[{"embeddable":true,"href":"https:\/\/kuzeyinsesi.org\/index.php\/wp-json\/wp\/v2\/users\/1"}],"replies":[{"embeddable":true,"href":"https:\/\/kuzeyinsesi.org\/index.php\/wp-json\/wp\/v2\/comments?post=11448"}],"version-history":[{"count":0,"href":"https:\/\/kuzeyinsesi.org\/index.php\/wp-json\/wp\/v2\/posts\/11448\/revisions"}],"wp:featuredmedia":[{"embeddable":true,"href":"https:\/\/kuzeyinsesi.org\/index.php\/wp-json\/wp\/v2\/media\/11449"}],"wp:attachment":[{"href":"https:\/\/kuzeyinsesi.org\/index.php\/wp-json\/wp\/v2\/media?parent=11448"}],"wp:term":[{"taxonomy":"category","embeddable":true,"href":"https:\/\/kuzeyinsesi.org\/index.php\/wp-json\/wp\/v2\/categories?post=11448"},{"taxonomy":"post_tag","embeddable":true,"href":"https:\/\/kuzeyinsesi.org\/index.php\/wp-json\/wp\/v2\/tags?post=11448"}],"curies":[{"name":"wp","href":"https:\/\/api.w.org\/{rel}","templated":true}]}}