{"id":11446,"date":"2024-10-13T10:30:24","date_gmt":"2024-10-13T07:30:24","guid":{"rendered":"https:\/\/kuzeyinsesi.org\/index.php\/2024\/10\/13\/oytun-ersan-aldigi-davet-uzerine-leverkusen-jazz-festivaline-katilacak\/"},"modified":"2024-10-13T10:30:24","modified_gmt":"2024-10-13T07:30:24","slug":"oytun-ersan-aldigi-davet-uzerine-leverkusen-jazz-festivaline-katilacak","status":"publish","type":"post","link":"https:\/\/kuzeyinsesi.org\/index.php\/2024\/10\/13\/oytun-ersan-aldigi-davet-uzerine-leverkusen-jazz-festivaline-katilacak\/","title":{"rendered":"Oytun Ersan ald\u0131\u011f\u0131 davet \u00fczerine, Leverkusen Jazz Festivali\u2019ne kat\u0131lacak"},"content":{"rendered":"<div>\n<div class=\"mariselle-image-container none\">\n                                            <\/div>\n<p style=\"font-weight: 300;\"><span style=\"font-weight: 300 !important;\">Bas gitarist Oytun Ersan, Almanya\u2019n\u0131n Leverkusen kentinde bu y\u0131l 45\u2019incisi d\u00fczenlenecek Jazz Festivali\u2019nde sahne alacak.<\/span><\/p>\n<p style=\"font-weight: 300;\"><span style=\"font-weight: 300 !important;\">K\u0131br\u0131sl\u0131 T\u00fcrk m\u00fczisyen Oytun Ersan, ald\u0131\u011f\u0131 davet \u00fczerine kat\u0131laca\u011f\u0131 Leverkusen Jazz Festivali kapsam\u0131nda \u00fc\u00e7 farkl\u0131 konserde sahne alacak.<\/span><\/p>\n<p style=\"font-weight: 300;\"><span style=\"font-weight: 300 !important;\">Oytun Ersan ve d\u00f6rt Alman m\u00fczisyenden olu\u015fan \u201cOytun Ersan &amp; Band \u2013 Cyprus Deja Vu\u201d 6 Kas\u0131m\u2019da Topos Jazz Club\u2019ta, 7 Kas\u0131m\u2019da Aalen\u2019de, 8 Kas\u0131m\u2019da ise Laverkusen Jazz Stage\u2019te m\u00fczikseverlerle bulu\u015facak.<\/span><\/p>\n<p style=\"font-weight: 300;\"><span style=\"font-weight: 300 !important;\">Bu y\u0131l 2-24 Kas\u0131m tarihleri aras\u0131nda d\u00fczenlenecek ve Avrupa\u2019nun en b\u00fcy\u00fck jazz festivali olarak bilinen Leverkusen Jazz Festivali\u2019ne, on binin \u00fczerinde ki\u015finin kat\u0131lmas\u0131 bekleniyor.<\/span><\/p>\n<p style=\"font-weight: 300;\"><strong>-Oytun Ersan kimdir?<\/strong><\/p>\n<p style=\"font-weight: 300;\"><span style=\"font-weight: 300 !important;\">Grammy Recording Akademisi \u00fcyesi ve Grammy oy verme hakk\u0131na sahip \u00fcye olan Oytun Ersan, 25 y\u0131l\u0131 a\u015fk\u0131n bir m\u00fczisyenlik ge\u00e7mi\u015fine sahip. Sanat\u00e7\u0131, hen\u00fcz 15 ya\u015f\u0131ndayken halen g\u00f6rev yapt\u0131\u011f\u0131 Lefko\u015fa T\u00fcrk Belediyesi Orkestras\u0131\u2019na kat\u0131ld\u0131.<\/span><\/p>\n<p style=\"font-weight: 300;\"><span style=\"font-weight: 300 !important;\">Do\u011fu Akdeniz \u00dcniversitesi M\u00fczik Akademisi\u2019nden mezun olan Ersan, genel e\u011fitmenlik \u00fczerine y\u00fcksek lisans e\u011fitimini ba\u015far\u0131yla tamamlad\u0131.<\/span><\/p>\n<p style=\"font-weight: 300;\"><span style=\"font-weight: 300 !important;\">Ersan, ayn\u0131 zamanda Royal College of Music\u2019in \u015eeflik Profes\u00f6r\u00fc ve European Union Youth Orchestra \u015eefi Prof. Dr. Peter Stark taraf\u0131ndan Birle\u015fik Krall\u0131k\u2019ta d\u00fczenlenen \u015eeflik Master Class Kursunu ba\u015far\u0131yla tamamlad\u0131.<\/span><\/p>\n<p style=\"font-weight: 300;\"><span style=\"font-weight: 300 !important;\">Sanat\u00e7\u0131, ba\u015fta d\u00fcnyaca \u00fcnl\u00fc Jazz Fusion gitaristi olan abisi Okan Ersan olmak \u00fczere, Dave Weckl, Eric Marienthal, Gerry Etkins, Gary Husband, Karen Briggs, Dean Brown, Mike Miller, Wycliffe Gordon, Brett Garsed, \u00c7a\u011fr\u0131 Sertel, Tony Jones, Ola Onabule gibi bir\u00e7ok de\u011ferli isimle \u00e7al\u0131\u015ft\u0131.<\/span><\/p>\n<p style=\"font-weight: 300;\"><span style=\"font-weight: 300 !important;\">Oytun Ersan, 2013 y\u0131l\u0131nda d\u00fcnyan\u0131n en prestijli bass gitar \u00fcreticilerinden olan ve Brooklyn ABD\u2019de bulunan Fodera firmas\u0131 taraf\u0131ndan Fodera Artisti ve Tan\u0131t\u0131m Sanat\u00e7\u0131s\u0131 ve hemen ard\u0131ndan yine ABD\u2019de bulunan d\u00fcnyaca \u00fcnl\u00fc GruvGear firmas\u0131n\u0131n artist ve tan\u0131t\u0131m sanat\u00e7\u0131s\u0131 ilan edildi.<\/span><\/p>\n<p style=\"font-weight: 300;\"><span style=\"font-weight: 300 !important;\">Yine ayn\u0131 y\u0131l i\u00e7erisinde MarkBass firmas\u0131 da Oytun Ersan\u2019\u0131 K\u0131br\u0131s tan\u0131t\u0131m sanat\u00e7\u0131s\u0131 ilan etti. Sanat\u00e7\u0131, Bass Musician Magazine, Bass Guitar Magazine, All About Jazz ve Jazz Dergisi gibi platformlara haber konusu olmay\u0131 ba\u015fard\u0131.<\/span><\/p>\n<p style=\"font-weight: 300;\"><span style=\"font-weight: 300 !important;\">Melis \u00dcnal\u2019\u0131n menajerli\u011finde \u00e7al\u0131\u015fmalar\u0131n\u0131 y\u00fcr\u00fcten Ersan, 23-25 Ocak 2015 tarihleri aras<\/span><span style=\"font-weight: 300 !important;\">\u0131<\/span><span style=\"font-weight: 300 !important;\">nda Los Angeles, California ABD\u2019de ger<\/span><span style=\"font-weight: 300 !important;\">\u00e7<\/span><span style=\"font-weight: 300 !important;\">ekle<\/span><span style=\"font-weight: 300 !important;\">\u015f<\/span><span style=\"font-weight: 300 !important;\">tirilen ve d<\/span><span style=\"font-weight: 300 !important;\">\u00fc<\/span><span style=\"font-weight: 300 !important;\">nyan<\/span><span style=\"font-weight: 300 !important;\">\u0131<\/span><span style=\"font-weight: 300 !important;\">n en b<\/span><span style=\"font-weight: 300 !important;\">\u00fc<\/span><span style=\"font-weight: 300 !important;\">y<\/span><span style=\"font-weight: 300 !important;\">\u00fc<\/span><span style=\"font-weight: 300 !important;\">k m<\/span><span style=\"font-weight: 300 !important;\">\u00fc<\/span><span style=\"font-weight: 300 !important;\">zik fuar<\/span><span style=\"font-weight: 300 !important;\">\u0131<\/span><span style=\"font-weight: 300 !important;\">\u00a0olarak bilinen The Namm Show\u2019da da sahne alm<\/span><span style=\"font-weight: 300 !important;\">\u0131\u015f<\/span><span style=\"font-weight: 300 !important;\">t<\/span><span style=\"font-weight: 300 !important;\">\u0131<\/span><span style=\"font-weight: 300 !important;\">.<\/span><\/p>\n<p style=\"font-weight: 300;\"><span style=\"font-weight: 300 !important;\">Uzun y\u0131llard\u0131r Fusion Jazz t\u00fcr\u00fcnde m\u00fczik yapan Oytun Ersan, d\u00fcnyan\u0131n en prestijli m\u00fczik \u00f6d\u00fcl\u00fc olan Grammy\u2019e tam alt\u0131 dalda aday aday\u0131 olmay\u0131 ba\u015farm\u0131\u015ft\u0131.<\/span><\/p>\n<p>\u00a0<\/p>\n<\/p><\/div>\n<p><script async\n                    defer\n                    crossorigin=\"anonymous\"\n                    src=\"https:\/\/connect.facebook.net\/tr_TR\/sdk.js#xfbml=1&#038;version=v3.3\"\n            ><\/script><\/p>\n","protected":false},"excerpt":{"rendered":"<p>Bas gitarist Oytun Ersan, Almanya\u2019n\u0131n Leverkusen kentinde bu y\u0131l 45\u2019incisi d\u00fczenlenecek Jazz Festivali\u2019nde sahne alacak. K\u0131br\u0131sl\u0131 T\u00fcrk m\u00fczisyen Oytun Ersan, ald\u0131\u011f\u0131 davet \u00fczerine kat\u0131laca\u011f\u0131 Leverkusen Jazz Festivali kapsam\u0131nda \u00fc\u00e7 farkl\u0131 konserde sahne alacak. Oytun Ersan ve d\u00f6rt Alman m\u00fczisyenden olu\u015fan \u201cOytun Ersan &amp; Band \u2013 Cyprus Deja Vu\u201d 6 Kas\u0131m\u2019da Topos Jazz Club\u2019ta, 7 Kas\u0131m\u2019da [&hellip;]<\/p>\n","protected":false},"author":1,"featured_media":11447,"comment_status":"open","ping_status":"open","sticky":false,"template":"","format":"standard","meta":{"jnews-multi-image_gallery":[],"jnews_single_post":[],"jnews_primary_category":[],"jnews_social_meta":[],"jnews_override_counter":[],"footnotes":""},"categories":[6],"tags":[],"class_list":["post-11446","post","type-post","status-publish","format-standard","has-post-thumbnail","hentry","category-yasam"],"yoast_head":"<!-- This site is optimized with the Yoast SEO plugin v27.4 - https:\/\/yoast.com\/product\/yoast-seo-wordpress\/ -->\n<title>Oytun Ersan ald\u0131\u011f\u0131 davet \u00fczerine, Leverkusen Jazz Festivali\u2019ne kat\u0131lacak - Kuzeyin Sesi<\/title>\n<meta name=\"robots\" content=\"index, follow, max-snippet:-1, max-image-preview:large, max-video-preview:-1\" \/>\n<link rel=\"canonical\" href=\"https:\/\/kuzeyinsesi.org\/index.php\/2024\/10\/13\/oytun-ersan-aldigi-davet-uzerine-leverkusen-jazz-festivaline-katilacak\/\" \/>\n<meta property=\"og:locale\" content=\"tr_TR\" \/>\n<meta property=\"og:type\" content=\"article\" \/>\n<meta property=\"og:title\" content=\"Oytun Ersan ald\u0131\u011f\u0131 davet \u00fczerine, Leverkusen Jazz Festivali\u2019ne kat\u0131lacak - Kuzeyin Sesi\" \/>\n<meta property=\"og:description\" content=\"Bas gitarist Oytun Ersan, Almanya\u2019n\u0131n Leverkusen kentinde bu y\u0131l 45\u2019incisi d\u00fczenlenecek Jazz Festivali\u2019nde sahne alacak. K\u0131br\u0131sl\u0131 T\u00fcrk m\u00fczisyen Oytun Ersan, ald\u0131\u011f\u0131 davet \u00fczerine kat\u0131laca\u011f\u0131 Leverkusen Jazz Festivali kapsam\u0131nda \u00fc\u00e7 farkl\u0131 konserde sahne alacak. Oytun Ersan ve d\u00f6rt Alman m\u00fczisyenden olu\u015fan \u201cOytun Ersan &amp; Band \u2013 Cyprus Deja Vu\u201d 6 Kas\u0131m\u2019da Topos Jazz Club\u2019ta, 7 Kas\u0131m\u2019da [&hellip;]\" \/>\n<meta property=\"og:url\" content=\"https:\/\/kuzeyinsesi.org\/index.php\/2024\/10\/13\/oytun-ersan-aldigi-davet-uzerine-leverkusen-jazz-festivaline-katilacak\/\" \/>\n<meta property=\"og:site_name\" content=\"Kuzeyin Sesi\" \/>\n<meta property=\"article:publisher\" content=\"https:\/\/www.facebook.com\/kuzeyinsesii\" \/>\n<meta property=\"article:published_time\" content=\"2024-10-13T07:30:24+00:00\" \/>\n<meta property=\"og:image\" content=\"https:\/\/brtk.net\/wp-content\/uploads\/2024\/10\/13\/oytun-5.png?ver=cd0cd917232c3b26eb68ffca8a2b0294\" \/>\n<meta name=\"author\" content=\"Kuzeyin Sesi\" \/>\n<meta name=\"twitter:card\" content=\"summary_large_image\" \/>\n<meta name=\"twitter:creator\" content=\"@kuzeyinsesii\" \/>\n<meta name=\"twitter:site\" content=\"@kuzeyinsesii\" \/>\n<meta name=\"twitter:label1\" content=\"Yazan:\" \/>\n\t<meta name=\"twitter:data1\" content=\"Kuzeyin Sesi\" \/>\n\t<meta name=\"twitter:label2\" content=\"Tahmini okuma s\u00fcresi\" \/>\n\t<meta name=\"twitter:data2\" content=\"2 dakika\" \/>\n<script type=\"application\/ld+json\" class=\"yoast-schema-graph\">{\"@context\":\"https:\\\/\\\/schema.org\",\"@graph\":[{\"@type\":\"Article\",\"@id\":\"https:\\\/\\\/kuzeyinsesi.org\\\/index.php\\\/2024\\\/10\\\/13\\\/oytun-ersan-aldigi-davet-uzerine-leverkusen-jazz-festivaline-katilacak\\\/#article\",\"isPartOf\":{\"@id\":\"https:\\\/\\\/kuzeyinsesi.org\\\/index.php\\\/2024\\\/10\\\/13\\\/oytun-ersan-aldigi-davet-uzerine-leverkusen-jazz-festivaline-katilacak\\\/\"},\"author\":{\"name\":\"Kuzeyin Sesi\",\"@id\":\"https:\\\/\\\/kuzeyinsesi.org\\\/#\\\/schema\\\/person\\\/9f859689cdf01485597712386e37f5aa\"},\"headline\":\"Oytun Ersan ald\u0131\u011f\u0131 davet \u00fczerine, Leverkusen Jazz Festivali\u2019ne kat\u0131lacak\",\"datePublished\":\"2024-10-13T07:30:24+00:00\",\"mainEntityOfPage\":{\"@id\":\"https:\\\/\\\/kuzeyinsesi.org\\\/index.php\\\/2024\\\/10\\\/13\\\/oytun-ersan-aldigi-davet-uzerine-leverkusen-jazz-festivaline-katilacak\\\/\"},\"wordCount\":464,\"commentCount\":0,\"image\":{\"@id\":\"https:\\\/\\\/kuzeyinsesi.org\\\/index.php\\\/2024\\\/10\\\/13\\\/oytun-ersan-aldigi-davet-uzerine-leverkusen-jazz-festivaline-katilacak\\\/#primaryimage\"},\"thumbnailUrl\":\"https:\\\/\\\/kuzeyinsesi.org\\\/wp-content\\\/uploads\\\/2024\\\/10\\\/oytun-5.png\",\"articleSection\":[\"Ya\u015fam\"],\"inLanguage\":\"tr\",\"potentialAction\":[{\"@type\":\"CommentAction\",\"name\":\"Comment\",\"target\":[\"https:\\\/\\\/kuzeyinsesi.org\\\/index.php\\\/2024\\\/10\\\/13\\\/oytun-ersan-aldigi-davet-uzerine-leverkusen-jazz-festivaline-katilacak\\\/#respond\"]}]},{\"@type\":\"WebPage\",\"@id\":\"https:\\\/\\\/kuzeyinsesi.org\\\/index.php\\\/2024\\\/10\\\/13\\\/oytun-ersan-aldigi-davet-uzerine-leverkusen-jazz-festivaline-katilacak\\\/\",\"url\":\"https:\\\/\\\/kuzeyinsesi.org\\\/index.php\\\/2024\\\/10\\\/13\\\/oytun-ersan-aldigi-davet-uzerine-leverkusen-jazz-festivaline-katilacak\\\/\",\"name\":\"Oytun Ersan ald\u0131\u011f\u0131 davet \u00fczerine, Leverkusen Jazz Festivali\u2019ne kat\u0131lacak - Kuzeyin Sesi\",\"isPartOf\":{\"@id\":\"https:\\\/\\\/kuzeyinsesi.org\\\/#website\"},\"primaryImageOfPage\":{\"@id\":\"https:\\\/\\\/kuzeyinsesi.org\\\/index.php\\\/2024\\\/10\\\/13\\\/oytun-ersan-aldigi-davet-uzerine-leverkusen-jazz-festivaline-katilacak\\\/#primaryimage\"},\"image\":{\"@id\":\"https:\\\/\\\/kuzeyinsesi.org\\\/index.php\\\/2024\\\/10\\\/13\\\/oytun-ersan-aldigi-davet-uzerine-leverkusen-jazz-festivaline-katilacak\\\/#primaryimage\"},\"thumbnailUrl\":\"https:\\\/\\\/kuzeyinsesi.org\\\/wp-content\\\/uploads\\\/2024\\\/10\\\/oytun-5.png\",\"datePublished\":\"2024-10-13T07:30:24+00:00\",\"author\":{\"@id\":\"https:\\\/\\\/kuzeyinsesi.org\\\/#\\\/schema\\\/person\\\/9f859689cdf01485597712386e37f5aa\"},\"breadcrumb\":{\"@id\":\"https:\\\/\\\/kuzeyinsesi.org\\\/index.php\\\/2024\\\/10\\\/13\\\/oytun-ersan-aldigi-davet-uzerine-leverkusen-jazz-festivaline-katilacak\\\/#breadcrumb\"},\"inLanguage\":\"tr\",\"potentialAction\":[{\"@type\":\"ReadAction\",\"target\":[\"https:\\\/\\\/kuzeyinsesi.org\\\/index.php\\\/2024\\\/10\\\/13\\\/oytun-ersan-aldigi-davet-uzerine-leverkusen-jazz-festivaline-katilacak\\\/\"]}]},{\"@type\":\"ImageObject\",\"inLanguage\":\"tr\",\"@id\":\"https:\\\/\\\/kuzeyinsesi.org\\\/index.php\\\/2024\\\/10\\\/13\\\/oytun-ersan-aldigi-davet-uzerine-leverkusen-jazz-festivaline-katilacak\\\/#primaryimage\",\"url\":\"https:\\\/\\\/kuzeyinsesi.org\\\/wp-content\\\/uploads\\\/2024\\\/10\\\/oytun-5.png\",\"contentUrl\":\"https:\\\/\\\/kuzeyinsesi.org\\\/wp-content\\\/uploads\\\/2024\\\/10\\\/oytun-5.png\",\"width\":543,\"height\":341},{\"@type\":\"BreadcrumbList\",\"@id\":\"https:\\\/\\\/kuzeyinsesi.org\\\/index.php\\\/2024\\\/10\\\/13\\\/oytun-ersan-aldigi-davet-uzerine-leverkusen-jazz-festivaline-katilacak\\\/#breadcrumb\",\"itemListElement\":[{\"@type\":\"ListItem\",\"position\":1,\"name\":\"Anasayfa\",\"item\":\"https:\\\/\\\/kuzeyinsesi.org\\\/\"},{\"@type\":\"ListItem\",\"position\":2,\"name\":\"Oytun Ersan ald\u0131\u011f\u0131 davet \u00fczerine, Leverkusen Jazz Festivali\u2019ne kat\u0131lacak\"}]},{\"@type\":\"WebSite\",\"@id\":\"https:\\\/\\\/kuzeyinsesi.org\\\/#website\",\"url\":\"https:\\\/\\\/kuzeyinsesi.org\\\/\",\"name\":\"Kuzeyin Sesi\",\"description\":\"Do\u011fru Haberin Adresi\",\"potentialAction\":[{\"@type\":\"SearchAction\",\"target\":{\"@type\":\"EntryPoint\",\"urlTemplate\":\"https:\\\/\\\/kuzeyinsesi.org\\\/?s={search_term_string}\"},\"query-input\":{\"@type\":\"PropertyValueSpecification\",\"valueRequired\":true,\"valueName\":\"search_term_string\"}}],\"inLanguage\":\"tr\"},{\"@type\":\"Person\",\"@id\":\"https:\\\/\\\/kuzeyinsesi.org\\\/#\\\/schema\\\/person\\\/9f859689cdf01485597712386e37f5aa\",\"name\":\"Kuzeyin Sesi\",\"image\":{\"@type\":\"ImageObject\",\"inLanguage\":\"tr\",\"@id\":\"https:\\\/\\\/secure.gravatar.com\\\/avatar\\\/bab33852abfd8b282518d6ed81826833d77c3c882d9ab608add591ccace47a44?s=96&d=mm&r=g\",\"url\":\"https:\\\/\\\/secure.gravatar.com\\\/avatar\\\/bab33852abfd8b282518d6ed81826833d77c3c882d9ab608add591ccace47a44?s=96&d=mm&r=g\",\"contentUrl\":\"https:\\\/\\\/secure.gravatar.com\\\/avatar\\\/bab33852abfd8b282518d6ed81826833d77c3c882d9ab608add591ccace47a44?s=96&d=mm&r=g\",\"caption\":\"Kuzeyin Sesi\"},\"sameAs\":[\"https:\\\/\\\/kuzeyinsesi.org\"],\"url\":\"https:\\\/\\\/kuzeyinsesi.org\\\/index.php\\\/author\\\/guven\\\/\"}]}<\/script>\n<!-- \/ Yoast SEO plugin. -->","yoast_head_json":{"title":"Oytun Ersan ald\u0131\u011f\u0131 davet \u00fczerine, Leverkusen Jazz Festivali\u2019ne kat\u0131lacak - Kuzeyin Sesi","robots":{"index":"index","follow":"follow","max-snippet":"max-snippet:-1","max-image-preview":"max-image-preview:large","max-video-preview":"max-video-preview:-1"},"canonical":"https:\/\/kuzeyinsesi.org\/index.php\/2024\/10\/13\/oytun-ersan-aldigi-davet-uzerine-leverkusen-jazz-festivaline-katilacak\/","og_locale":"tr_TR","og_type":"article","og_title":"Oytun Ersan ald\u0131\u011f\u0131 davet \u00fczerine, Leverkusen Jazz Festivali\u2019ne kat\u0131lacak - Kuzeyin Sesi","og_description":"Bas gitarist Oytun Ersan, Almanya\u2019n\u0131n Leverkusen kentinde bu y\u0131l 45\u2019incisi d\u00fczenlenecek Jazz Festivali\u2019nde sahne alacak. K\u0131br\u0131sl\u0131 T\u00fcrk m\u00fczisyen Oytun Ersan, ald\u0131\u011f\u0131 davet \u00fczerine kat\u0131laca\u011f\u0131 Leverkusen Jazz Festivali kapsam\u0131nda \u00fc\u00e7 farkl\u0131 konserde sahne alacak. Oytun Ersan ve d\u00f6rt Alman m\u00fczisyenden olu\u015fan \u201cOytun Ersan &amp; Band \u2013 Cyprus Deja Vu\u201d 6 Kas\u0131m\u2019da Topos Jazz Club\u2019ta, 7 Kas\u0131m\u2019da [&hellip;]","og_url":"https:\/\/kuzeyinsesi.org\/index.php\/2024\/10\/13\/oytun-ersan-aldigi-davet-uzerine-leverkusen-jazz-festivaline-katilacak\/","og_site_name":"Kuzeyin Sesi","article_publisher":"https:\/\/www.facebook.com\/kuzeyinsesii","article_published_time":"2024-10-13T07:30:24+00:00","og_image":[{"url":"https:\/\/brtk.net\/wp-content\/uploads\/2024\/10\/13\/oytun-5.png?ver=cd0cd917232c3b26eb68ffca8a2b0294","type":"","width":"","height":""}],"author":"Kuzeyin Sesi","twitter_card":"summary_large_image","twitter_creator":"@kuzeyinsesii","twitter_site":"@kuzeyinsesii","twitter_misc":{"Yazan:":"Kuzeyin Sesi","Tahmini okuma s\u00fcresi":"2 dakika"},"schema":{"@context":"https:\/\/schema.org","@graph":[{"@type":"Article","@id":"https:\/\/kuzeyinsesi.org\/index.php\/2024\/10\/13\/oytun-ersan-aldigi-davet-uzerine-leverkusen-jazz-festivaline-katilacak\/#article","isPartOf":{"@id":"https:\/\/kuzeyinsesi.org\/index.php\/2024\/10\/13\/oytun-ersan-aldigi-davet-uzerine-leverkusen-jazz-festivaline-katilacak\/"},"author":{"name":"Kuzeyin Sesi","@id":"https:\/\/kuzeyinsesi.org\/#\/schema\/person\/9f859689cdf01485597712386e37f5aa"},"headline":"Oytun Ersan ald\u0131\u011f\u0131 davet \u00fczerine, Leverkusen Jazz Festivali\u2019ne kat\u0131lacak","datePublished":"2024-10-13T07:30:24+00:00","mainEntityOfPage":{"@id":"https:\/\/kuzeyinsesi.org\/index.php\/2024\/10\/13\/oytun-ersan-aldigi-davet-uzerine-leverkusen-jazz-festivaline-katilacak\/"},"wordCount":464,"commentCount":0,"image":{"@id":"https:\/\/kuzeyinsesi.org\/index.php\/2024\/10\/13\/oytun-ersan-aldigi-davet-uzerine-leverkusen-jazz-festivaline-katilacak\/#primaryimage"},"thumbnailUrl":"https:\/\/kuzeyinsesi.org\/wp-content\/uploads\/2024\/10\/oytun-5.png","articleSection":["Ya\u015fam"],"inLanguage":"tr","potentialAction":[{"@type":"CommentAction","name":"Comment","target":["https:\/\/kuzeyinsesi.org\/index.php\/2024\/10\/13\/oytun-ersan-aldigi-davet-uzerine-leverkusen-jazz-festivaline-katilacak\/#respond"]}]},{"@type":"WebPage","@id":"https:\/\/kuzeyinsesi.org\/index.php\/2024\/10\/13\/oytun-ersan-aldigi-davet-uzerine-leverkusen-jazz-festivaline-katilacak\/","url":"https:\/\/kuzeyinsesi.org\/index.php\/2024\/10\/13\/oytun-ersan-aldigi-davet-uzerine-leverkusen-jazz-festivaline-katilacak\/","name":"Oytun Ersan ald\u0131\u011f\u0131 davet \u00fczerine, Leverkusen Jazz Festivali\u2019ne kat\u0131lacak - Kuzeyin Sesi","isPartOf":{"@id":"https:\/\/kuzeyinsesi.org\/#website"},"primaryImageOfPage":{"@id":"https:\/\/kuzeyinsesi.org\/index.php\/2024\/10\/13\/oytun-ersan-aldigi-davet-uzerine-leverkusen-jazz-festivaline-katilacak\/#primaryimage"},"image":{"@id":"https:\/\/kuzeyinsesi.org\/index.php\/2024\/10\/13\/oytun-ersan-aldigi-davet-uzerine-leverkusen-jazz-festivaline-katilacak\/#primaryimage"},"thumbnailUrl":"https:\/\/kuzeyinsesi.org\/wp-content\/uploads\/2024\/10\/oytun-5.png","datePublished":"2024-10-13T07:30:24+00:00","author":{"@id":"https:\/\/kuzeyinsesi.org\/#\/schema\/person\/9f859689cdf01485597712386e37f5aa"},"breadcrumb":{"@id":"https:\/\/kuzeyinsesi.org\/index.php\/2024\/10\/13\/oytun-ersan-aldigi-davet-uzerine-leverkusen-jazz-festivaline-katilacak\/#breadcrumb"},"inLanguage":"tr","potentialAction":[{"@type":"ReadAction","target":["https:\/\/kuzeyinsesi.org\/index.php\/2024\/10\/13\/oytun-ersan-aldigi-davet-uzerine-leverkusen-jazz-festivaline-katilacak\/"]}]},{"@type":"ImageObject","inLanguage":"tr","@id":"https:\/\/kuzeyinsesi.org\/index.php\/2024\/10\/13\/oytun-ersan-aldigi-davet-uzerine-leverkusen-jazz-festivaline-katilacak\/#primaryimage","url":"https:\/\/kuzeyinsesi.org\/wp-content\/uploads\/2024\/10\/oytun-5.png","contentUrl":"https:\/\/kuzeyinsesi.org\/wp-content\/uploads\/2024\/10\/oytun-5.png","width":543,"height":341},{"@type":"BreadcrumbList","@id":"https:\/\/kuzeyinsesi.org\/index.php\/2024\/10\/13\/oytun-ersan-aldigi-davet-uzerine-leverkusen-jazz-festivaline-katilacak\/#breadcrumb","itemListElement":[{"@type":"ListItem","position":1,"name":"Anasayfa","item":"https:\/\/kuzeyinsesi.org\/"},{"@type":"ListItem","position":2,"name":"Oytun Ersan ald\u0131\u011f\u0131 davet \u00fczerine, Leverkusen Jazz Festivali\u2019ne kat\u0131lacak"}]},{"@type":"WebSite","@id":"https:\/\/kuzeyinsesi.org\/#website","url":"https:\/\/kuzeyinsesi.org\/","name":"Kuzeyin Sesi","description":"Do\u011fru Haberin Adresi","potentialAction":[{"@type":"SearchAction","target":{"@type":"EntryPoint","urlTemplate":"https:\/\/kuzeyinsesi.org\/?s={search_term_string}"},"query-input":{"@type":"PropertyValueSpecification","valueRequired":true,"valueName":"search_term_string"}}],"inLanguage":"tr"},{"@type":"Person","@id":"https:\/\/kuzeyinsesi.org\/#\/schema\/person\/9f859689cdf01485597712386e37f5aa","name":"Kuzeyin Sesi","image":{"@type":"ImageObject","inLanguage":"tr","@id":"https:\/\/secure.gravatar.com\/avatar\/bab33852abfd8b282518d6ed81826833d77c3c882d9ab608add591ccace47a44?s=96&d=mm&r=g","url":"https:\/\/secure.gravatar.com\/avatar\/bab33852abfd8b282518d6ed81826833d77c3c882d9ab608add591ccace47a44?s=96&d=mm&r=g","contentUrl":"https:\/\/secure.gravatar.com\/avatar\/bab33852abfd8b282518d6ed81826833d77c3c882d9ab608add591ccace47a44?s=96&d=mm&r=g","caption":"Kuzeyin Sesi"},"sameAs":["https:\/\/kuzeyinsesi.org"],"url":"https:\/\/kuzeyinsesi.org\/index.php\/author\/guven\/"}]}},"_links":{"self":[{"href":"https:\/\/kuzeyinsesi.org\/index.php\/wp-json\/wp\/v2\/posts\/11446","targetHints":{"allow":["GET"]}}],"collection":[{"href":"https:\/\/kuzeyinsesi.org\/index.php\/wp-json\/wp\/v2\/posts"}],"about":[{"href":"https:\/\/kuzeyinsesi.org\/index.php\/wp-json\/wp\/v2\/types\/post"}],"author":[{"embeddable":true,"href":"https:\/\/kuzeyinsesi.org\/index.php\/wp-json\/wp\/v2\/users\/1"}],"replies":[{"embeddable":true,"href":"https:\/\/kuzeyinsesi.org\/index.php\/wp-json\/wp\/v2\/comments?post=11446"}],"version-history":[{"count":0,"href":"https:\/\/kuzeyinsesi.org\/index.php\/wp-json\/wp\/v2\/posts\/11446\/revisions"}],"wp:featuredmedia":[{"embeddable":true,"href":"https:\/\/kuzeyinsesi.org\/index.php\/wp-json\/wp\/v2\/media\/11447"}],"wp:attachment":[{"href":"https:\/\/kuzeyinsesi.org\/index.php\/wp-json\/wp\/v2\/media?parent=11446"}],"wp:term":[{"taxonomy":"category","embeddable":true,"href":"https:\/\/kuzeyinsesi.org\/index.php\/wp-json\/wp\/v2\/categories?post=11446"},{"taxonomy":"post_tag","embeddable":true,"href":"https:\/\/kuzeyinsesi.org\/index.php\/wp-json\/wp\/v2\/tags?post=11446"}],"curies":[{"name":"wp","href":"https:\/\/api.w.org\/{rel}","templated":true}]}}